{"id":106444,"date":"2026-09-02T09:00:00","date_gmt":"2026-09-02T12:00:00","guid":{"rendered":"https:\/\/www.tuasaude.com\/news\/?p=106444"},"modified":"2026-09-01T02:59:35","modified_gmt":"2026-09-01T05:59:35","slug":"precisar-das-maos-para-levantar-da-cadeira-quando-a-forca-das-pernas-merece-atencao","status":"publish","type":"post","link":"https:\/\/www.tuasaude.com\/news\/2026\/09\/02\/precisar-das-maos-para-levantar-da-cadeira-quando-a-forca-das-pernas-merece-atencao\/","title":{"rendered":"Precisar das m\u00e3os para levantar da cadeira: quando a for\u00e7a das pernas merece aten\u00e7\u00e3o"},"content":{"rendered":"\n<p class=\"wp-block-paragraph\">Precisar apoiar as m\u00e3os para levantar da cadeira pode ser um sinal de <strong>fraqueza nas pernas<\/strong>, especialmente quando essa dificuldade \u00e9 nova ou est\u00e1 aumentando. O movimento exige for\u00e7a e resist\u00eancia dos m\u00fasculos das coxas, quadris e tronco, al\u00e9m de equil\u00edbrio, por isso mudan\u00e7as nessa capacidade podem ajudar a perceber altera\u00e7\u00f5es na mobilidade.<\/p>\n\n\n\n<h2 class=\"wp-block-heading\">Por que levantar da cadeira avalia a for\u00e7a das pernas<\/h2>\n\n\n\n<p class=\"wp-block-paragraph\">Levantar sem usar os bra\u00e7os exige que os m\u00fasculos dos membros inferiores produzam for\u00e7a suficiente para elevar o corpo e manter a estabilidade. Por esse motivo, testes com esse movimento s\u00e3o utilizados em avalia\u00e7\u00f5es cl\u00ednicas de fun\u00e7\u00e3o f\u00edsica.<\/p>\n\n\n\n<p class=\"wp-block-paragraph\">O <a href=\"https:\/\/www.cdc.gov\/steadi\/hcp\/clinical-resources\/index.html\" target=\"_blank\" rel=\"noopener noreferrer\">CDC STEADI<\/a> inclui o teste de levantar da cadeira durante 30 segundos entre seus recursos cl\u00ednicos para avaliar <strong>for\u00e7a e resist\u00eancia das pernas<\/strong> dentro da preven\u00e7\u00e3o de quedas em pessoas mais velhas.<\/p>\n\n\n\n<h2 class=\"wp-block-heading\">Quais mudan\u00e7as merecem ser observadas<\/h2>\n\n\n<div class=\"wp-block-image wp-block-image size-large\">\n<figure class=\"aligncenter\"><img decoding=\"async\" width=\"1280\" height=\"714\" src=\"https:\/\/www.tuasaude.com\/news\/wp-content\/uploads\/2026\/09\/106444_precisar-das-maos-para-levantar-da-cadeira-quando-a-forca-da_corpo.jpg\" alt=\"O movimento de levantar da cadeira ajuda a avaliar for\u00e7a, resist\u00eancia, equil\u00edbrio e controle dos membros inferiores.\" class=\"wp-image-106446\" srcset=\"https:\/\/www.tuasaude.com\/news\/wp-content\/uploads\/2026\/09\/106444_precisar-das-maos-para-levantar-da-cadeira-quando-a-forca-da_corpo.jpg 1280w, https:\/\/www.tuasaude.com\/news\/wp-content\/uploads\/2026\/09\/106444_precisar-das-maos-para-levantar-da-cadeira-quando-a-forca-da_corpo-300x167.jpg 300w, https:\/\/www.tuasaude.com\/news\/wp-content\/uploads\/2026\/09\/106444_precisar-das-maos-para-levantar-da-cadeira-quando-a-forca-da_corpo-1024x571.jpg 1024w, https:\/\/www.tuasaude.com\/news\/wp-content\/uploads\/2026\/09\/106444_precisar-das-maos-para-levantar-da-cadeira-quando-a-forca-da_corpo-768x428.jpg 768w, https:\/\/www.tuasaude.com\/news\/wp-content\/uploads\/2026\/09\/106444_precisar-das-maos-para-levantar-da-cadeira-quando-a-forca-da_corpo-750x418.jpg 750w, https:\/\/www.tuasaude.com\/news\/wp-content\/uploads\/2026\/09\/106444_precisar-das-maos-para-levantar-da-cadeira-quando-a-forca-da_corpo-1140x636.jpg 1140w\" sizes=\"(max-width: 1280px) 100vw, 1280px\" \/><figcaption class=\"wp-element-caption\">O movimento de levantar da cadeira ajuda a avaliar for\u00e7a, resist\u00eancia, equil\u00edbrio e controle dos membros inferiores.<\/figcaption><\/figure>\n<\/div>\n\n\n<p class=\"wp-block-paragraph\">Usar os bra\u00e7os ocasionalmente, especialmente em uma cadeira muito baixa, n\u00e3o significa necessariamente que exista um problema. O mais importante \u00e9 perceber mudan\u00e7as em rela\u00e7\u00e3o \u00e0 capacidade habitual.<\/p>\n\n\n\n<ul class=\"wp-block-list\">\n<li>Precisar cada vez mais das m\u00e3os para se levantar;<\/li>\n<li>sentir <strong>pernas fracas<\/strong> ao subir escadas ou caminhar;<\/li>\n<li>demorar mais para levantar ou precisar de v\u00e1rias tentativas;<\/li>\n<li>ter desequil\u00edbrio, trope\u00e7os ou quedas recentes;<\/li>\n<li>reduzir atividades por medo de cair.<\/li>\n<\/ul>\n\n\n\n<h2 class=\"wp-block-heading\">O que um estudo mostra sobre o teste de levantar<\/h2>\n\n\n\n<p class=\"wp-block-paragraph\">Segundo a revis\u00e3o sistem\u00e1tica <a href=\"https:\/\/pubmed.ncbi.nlm.nih.gov\/37390277\/\" target=\"_blank\" rel=\"noopener noreferrer\"><em>Optimal procedure and characteristics in using five times sit to stand test among older adults<\/em><\/a>, publicada na revista <em>Medicine<\/em> em 2023, o teste de levantar e sentar cinco vezes \u00e9 utilizado para avaliar for\u00e7a dos membros inferiores, equil\u00edbrio e controle postural em adultos mais velhos.<\/p>\n\n\n\n<p class=\"wp-block-paragraph\">A revis\u00e3o reuniu estudos com mais de 15 mil participantes e mostrou que o desempenho nesse teste pode fornecer informa\u00e7\u00f5es importantes sobre a fun\u00e7\u00e3o f\u00edsica. O resultado, entretanto, deve ser interpretado junto com idade, condi\u00e7\u00f5es de sa\u00fade e outras avalia\u00e7\u00f5es, e n\u00e3o como um diagn\u00f3stico isolado.<\/p>\n\n\n\n<h2 class=\"wp-block-heading\">Como fortalecer as pernas com seguran\u00e7a<\/h2>\n\n\n\n<p class=\"wp-block-paragraph\">Exerc\u00edcios de for\u00e7a podem melhorar a capacidade muscular e facilitar atividades do cotidiano quando s\u00e3o adequados \u00e0s condi\u00e7\u00f5es da pessoa. Quem j\u00e1 apresenta <a href=\"https:\/\/www.tuasaude.com\/fraqueza-nas-pernas\/\" target=\"_blank\" rel=\"noopener noreferrer\">fraqueza nas pernas<\/a>, dor ou desequil\u00edbrio pode precisar de orienta\u00e7\u00e3o antes de iniciar ou aumentar a carga.<\/p>\n\n\n\n<ul class=\"wp-block-list\">\n<li>Pratique movimentos de sentar e levantar com apoio pr\u00f3ximo, quando seguro;<\/li>\n<li>aumente repeti\u00e7\u00f5es e resist\u00eancia de forma gradual;<\/li>\n<li>inclua exerc\u00edcios para coxas, quadris e panturrilhas;<\/li>\n<li>evite exerc\u00edcios que provoquem dor intensa ou tontura;<\/li>\n<li>procure orienta\u00e7\u00e3o profissional quando houver risco de queda.<\/li>\n<\/ul>\n\n\n<div class=\"wp-block-image wp-block-image size-large\">\n<figure class=\"aligncenter\"><img decoding=\"async\" width=\"1280\" height=\"575\" src=\"https:\/\/www.tuasaude.com\/news\/wp-content\/uploads\/2026\/09\/106444_precisar-das-maos-para-levantar-da-cadeira-quando-a-forca-da_tabela.jpg\" alt=\"Precisar das m\u00e3os para levantar da cadeira: sinais de perda de for\u00e7a nas pernas\" class=\"wp-image-106447\" srcset=\"https:\/\/www.tuasaude.com\/news\/wp-content\/uploads\/2026\/09\/106444_precisar-das-maos-para-levantar-da-cadeira-quando-a-forca-da_tabela.jpg 1280w, https:\/\/www.tuasaude.com\/news\/wp-content\/uploads\/2026\/09\/106444_precisar-das-maos-para-levantar-da-cadeira-quando-a-forca-da_tabela-300x135.jpg 300w, https:\/\/www.tuasaude.com\/news\/wp-content\/uploads\/2026\/09\/106444_precisar-das-maos-para-levantar-da-cadeira-quando-a-forca-da_tabela-1024x460.jpg 1024w, https:\/\/www.tuasaude.com\/news\/wp-content\/uploads\/2026\/09\/106444_precisar-das-maos-para-levantar-da-cadeira-quando-a-forca-da_tabela-768x345.jpg 768w, https:\/\/www.tuasaude.com\/news\/wp-content\/uploads\/2026\/09\/106444_precisar-das-maos-para-levantar-da-cadeira-quando-a-forca-da_tabela-750x337.jpg 750w, https:\/\/www.tuasaude.com\/news\/wp-content\/uploads\/2026\/09\/106444_precisar-das-maos-para-levantar-da-cadeira-quando-a-forca-da_tabela-1140x512.jpg 1140w\" sizes=\"(max-width: 1280px) 100vw, 1280px\" \/><figcaption class=\"wp-element-caption\">Precisar das m\u00e3os para levantar da cadeira: sinais de perda de for\u00e7a nas pernas<\/figcaption><\/figure>\n<\/div>\n\n\n<h2 class=\"wp-block-heading\">Quando procurar avalia\u00e7\u00e3o<\/h2>\n\n\n\n<p class=\"wp-block-paragraph\">A dificuldade deve ser investigada quando surge de maneira repentina, piora progressivamente ou faz a pessoa depender cada vez mais de m\u00f3veis ou dos bra\u00e7os para se levantar. <strong>Quedas recentes, fraqueza importante e perda de mobilidade<\/strong> tamb\u00e9m justificam avalia\u00e7\u00e3o m\u00e9dica.<\/p>\n\n\n\n<p class=\"wp-block-paragraph\">Existem diferentes causas para a perda de for\u00e7a, incluindo altera\u00e7\u00f5es musculares, articulares, neurol\u00f3gicas e efeitos de algumas doen\u00e7as ou medicamentos. Identificar a origem permite planejar exerc\u00edcios e outras medidas com mais seguran\u00e7a.<\/p>\n\n\n\n<p class=\"wp-block-paragraph\"><strong>Este conte\u00fado \u00e9 apenas informativo e n\u00e3o substitui a avalia\u00e7\u00e3o, o diagn\u00f3stico ou o tratamento indicado por um m\u00e9dico.<\/strong><\/p>\n","protected":false},"excerpt":{"rendered":"<p>Precisar apoiar as m\u00e3os para levantar da cadeira pode ser um sinal de fraqueza nas pernas, especialmente quando essa dificuldade \u00e9 nova ou est\u00e1 aumentando. O movimento exige for\u00e7a e resist\u00eancia dos m\u00fasculos das coxas, quadris e tronco, al\u00e9m de equil\u00edbrio, por isso mudan\u00e7as nessa capacidade podem ajudar a perceber altera\u00e7\u00f5es na mobilidade. Por que [&hellip;]<\/p>\n","protected":false},"author":12,"featured_media":106445,"comment_status":"open","ping_status":"open","sticky":false,"template":"","format":"standard","meta":{"_yoast_wpseo_focuskw":"fraqueza nas pernas","_yoast_wpseo_title":"","_yoast_wpseo_metadesc":"Fraqueza nas pernas pode dificultar levantar da cadeira. Veja sinais de aten\u00e7\u00e3o, exerc\u00edcios seguros e quando procurar avalia\u00e7\u00e3o m\u00e9dica especializada.","jnews-multi-image_gallery":[],"jnews_single_post":[],"jnews_primary_category":[],"jnews_social_meta":[],"jnews_override_counter":[],"footnotes":""},"categories":[111],"tags":[12928,12929,12930],"class_list":["post-106444","post","type-post","status-publish","format-standard","has-post-thumbnail","hentry","category-saude","tag-forca-das-pernas","tag-mobilidade-reduzida","tag-teste-de-levantar-da-cadeira"],"yoast_head":"<!-- This site is optimized with the Yoast SEO plugin v26.7 - https:\/\/yoast.com\/wordpress\/plugins\/seo\/ -->\n<title>Precisar das m\u00e3os para levantar da cadeira: quando a for\u00e7a das pernas merece aten\u00e7\u00e3o - Tua Sa\u00fade<\/title>\n<meta name=\"description\" content=\"Fraqueza nas pernas pode dificultar levantar da cadeira. Veja sinais de aten\u00e7\u00e3o, exerc\u00edcios seguros e quando procurar avalia\u00e7\u00e3o m\u00e9dica especializada.\" \/>\n<meta name=\"robots\" content=\"index, follow, max-snippet:-1, max-image-preview:large, max-video-preview:-1\" \/>\n<link rel=\"canonical\" href=\"https:\/\/www.tuasaude.com\/news\/2026\/09\/02\/precisar-das-maos-para-levantar-da-cadeira-quando-a-forca-das-pernas-merece-atencao\/\" \/>\n<meta property=\"og:locale\" content=\"pt_BR\" \/>\n<meta property=\"og:type\" content=\"article\" \/>\n<meta property=\"og:title\" content=\"Precisar das m\u00e3os para levantar da cadeira: quando a for\u00e7a das pernas merece aten\u00e7\u00e3o - Tua Sa\u00fade\" \/>\n<meta property=\"og:description\" content=\"Fraqueza nas pernas pode dificultar levantar da cadeira. Veja sinais de aten\u00e7\u00e3o, exerc\u00edcios seguros e quando procurar avalia\u00e7\u00e3o m\u00e9dica especializada.\" \/>\n<meta property=\"og:url\" content=\"https:\/\/www.tuasaude.com\/news\/2026\/09\/02\/precisar-das-maos-para-levantar-da-cadeira-quando-a-forca-das-pernas-merece-atencao\/\" \/>\n<meta property=\"og:site_name\" content=\"Tua Sa\u00fade\" \/>\n<meta property=\"article:published_time\" content=\"2026-09-02T12:00:00+00:00\" \/>\n<meta property=\"og:image\" content=\"https:\/\/www.tuasaude.com\/news\/wp-content\/uploads\/2026\/09\/106444_precisar-das-maos-para-levantar-da-cadeira-quando-a-forca-da_destaque.jpg\" \/>\n\t<meta property=\"og:image:width\" content=\"1280\" \/>\n\t<meta property=\"og:image:height\" content=\"714\" \/>\n\t<meta property=\"og:image:type\" content=\"image\/jpeg\" \/>\n<meta name=\"author\" content=\"Jeferson Henrique\" \/>\n<meta name=\"twitter:card\" content=\"summary_large_image\" \/>\n<meta name=\"twitter:label1\" content=\"Escrito por\" \/>\n\t<meta name=\"twitter:data1\" content=\"Jeferson Henrique\" \/>\n\t<meta name=\"twitter:label2\" content=\"Est. tempo de leitura\" \/>\n\t<meta name=\"twitter:data2\" content=\"3 minutos\" \/>\n<!-- \/ Yoast SEO plugin. -->","yoast_head_json":{"title":"Precisar das m\u00e3os para levantar da cadeira: quando a for\u00e7a das pernas merece aten\u00e7\u00e3o - Tua Sa\u00fade","description":"Fraqueza nas pernas pode dificultar levantar da cadeira. Veja sinais de aten\u00e7\u00e3o, exerc\u00edcios seguros e quando procurar avalia\u00e7\u00e3o m\u00e9dica especializada.","robots":{"index":"index","follow":"follow","max-snippet":"max-snippet:-1","max-image-preview":"max-image-preview:large","max-video-preview":"max-video-preview:-1"},"canonical":"https:\/\/www.tuasaude.com\/news\/2026\/09\/02\/precisar-das-maos-para-levantar-da-cadeira-quando-a-forca-das-pernas-merece-atencao\/","og_locale":"pt_BR","og_type":"article","og_title":"Precisar das m\u00e3os para levantar da cadeira: quando a for\u00e7a das pernas merece aten\u00e7\u00e3o - Tua Sa\u00fade","og_description":"Fraqueza nas pernas pode dificultar levantar da cadeira. Veja sinais de aten\u00e7\u00e3o, exerc\u00edcios seguros e quando procurar avalia\u00e7\u00e3o m\u00e9dica especializada.","og_url":"https:\/\/www.tuasaude.com\/news\/2026\/09\/02\/precisar-das-maos-para-levantar-da-cadeira-quando-a-forca-das-pernas-merece-atencao\/","og_site_name":"Tua Sa\u00fade","article_published_time":"2026-09-02T12:00:00+00:00","og_image":[{"width":1280,"height":714,"url":"https:\/\/www.tuasaude.com\/news\/wp-content\/uploads\/2026\/09\/106444_precisar-das-maos-para-levantar-da-cadeira-quando-a-forca-da_destaque.jpg","type":"image\/jpeg"}],"author":"Jeferson Henrique","twitter_card":"summary_large_image","twitter_misc":{"Escrito por":"Jeferson Henrique","Est. tempo de leitura":"3 minutos"},"schema":{"@context":"https:\/\/schema.org","@graph":[{"@type":"Article","@id":"https:\/\/www.tuasaude.com\/news\/2026\/09\/02\/precisar-das-maos-para-levantar-da-cadeira-quando-a-forca-das-pernas-merece-atencao\/#article","isPartOf":{"@id":"https:\/\/www.tuasaude.com\/news\/2026\/09\/02\/precisar-das-maos-para-levantar-da-cadeira-quando-a-forca-das-pernas-merece-atencao\/"},"author":{"name":"Jeferson Henrique","@id":"https:\/\/www.tuasaude.com\/news\/#\/schema\/person\/963d63d4e1f0c81f5f3a70ba4bcb0ef7"},"headline":"Precisar das m\u00e3os para levantar da cadeira: quando a for\u00e7a das pernas merece aten\u00e7\u00e3o","datePublished":"2026-09-02T12:00:00+00:00","mainEntityOfPage":{"@id":"https:\/\/www.tuasaude.com\/news\/2026\/09\/02\/precisar-das-maos-para-levantar-da-cadeira-quando-a-forca-das-pernas-merece-atencao\/"},"wordCount":609,"commentCount":0,"image":{"@id":"https:\/\/www.tuasaude.com\/news\/2026\/09\/02\/precisar-das-maos-para-levantar-da-cadeira-quando-a-forca-das-pernas-merece-atencao\/#primaryimage"},"thumbnailUrl":"https:\/\/www.tuasaude.com\/news\/wp-content\/uploads\/2026\/09\/106444_precisar-das-maos-para-levantar-da-cadeira-quando-a-forca-da_destaque.jpg","keywords":["for\u00e7a das pernas","mobilidade reduzida","teste de levantar da cadeira"],"articleSection":["Sa\u00fade"],"inLanguage":"pt-BR","potentialAction":[{"@type":"CommentAction","name":"Comment","target":["https:\/\/www.tuasaude.com\/news\/2026\/09\/02\/precisar-das-maos-para-levantar-da-cadeira-quando-a-forca-das-pernas-merece-atencao\/#respond"]}]},{"@type":"WebPage","@id":"https:\/\/www.tuasaude.com\/news\/2026\/09\/02\/precisar-das-maos-para-levantar-da-cadeira-quando-a-forca-das-pernas-merece-atencao\/","url":"https:\/\/www.tuasaude.com\/news\/2026\/09\/02\/precisar-das-maos-para-levantar-da-cadeira-quando-a-forca-das-pernas-merece-atencao\/","name":"Precisar das m\u00e3os para levantar da cadeira: quando a for\u00e7a das pernas merece aten\u00e7\u00e3o - Tua Sa\u00fade","isPartOf":{"@id":"https:\/\/www.tuasaude.com\/news\/#website"},"primaryImageOfPage":{"@id":"https:\/\/www.tuasaude.com\/news\/2026\/09\/02\/precisar-das-maos-para-levantar-da-cadeira-quando-a-forca-das-pernas-merece-atencao\/#primaryimage"},"image":{"@id":"https:\/\/www.tuasaude.com\/news\/2026\/09\/02\/precisar-das-maos-para-levantar-da-cadeira-quando-a-forca-das-pernas-merece-atencao\/#primaryimage"},"thumbnailUrl":"https:\/\/www.tuasaude.com\/news\/wp-content\/uploads\/2026\/09\/106444_precisar-das-maos-para-levantar-da-cadeira-quando-a-forca-da_destaque.jpg","datePublished":"2026-09-02T12:00:00+00:00","author":{"@id":"https:\/\/www.tuasaude.com\/news\/#\/schema\/person\/963d63d4e1f0c81f5f3a70ba4bcb0ef7"},"description":"Fraqueza nas pernas pode dificultar levantar da cadeira. Veja sinais de aten\u00e7\u00e3o, exerc\u00edcios seguros e quando procurar avalia\u00e7\u00e3o m\u00e9dica especializada.","breadcrumb":{"@id":"https:\/\/www.tuasaude.com\/news\/2026\/09\/02\/precisar-das-maos-para-levantar-da-cadeira-quando-a-forca-das-pernas-merece-atencao\/#breadcrumb"},"inLanguage":"pt-BR","potentialAction":[{"@type":"ReadAction","target":["https:\/\/www.tuasaude.com\/news\/2026\/09\/02\/precisar-das-maos-para-levantar-da-cadeira-quando-a-forca-das-pernas-merece-atencao\/"]}]},{"@type":"ImageObject","inLanguage":"pt-BR","@id":"https:\/\/www.tuasaude.com\/news\/2026\/09\/02\/precisar-das-maos-para-levantar-da-cadeira-quando-a-forca-das-pernas-merece-atencao\/#primaryimage","url":"https:\/\/www.tuasaude.com\/news\/wp-content\/uploads\/2026\/09\/106444_precisar-das-maos-para-levantar-da-cadeira-quando-a-forca-da_destaque.jpg","contentUrl":"https:\/\/www.tuasaude.com\/news\/wp-content\/uploads\/2026\/09\/106444_precisar-das-maos-para-levantar-da-cadeira-quando-a-forca-da_destaque.jpg","width":1280,"height":714,"caption":"Precisar das m\u00e3os para levantar da cadeira pode indicar redu\u00e7\u00e3o da for\u00e7a e da mobilidade das pernas."},{"@type":"BreadcrumbList","@id":"https:\/\/www.tuasaude.com\/news\/2026\/09\/02\/precisar-das-maos-para-levantar-da-cadeira-quando-a-forca-das-pernas-merece-atencao\/#breadcrumb","itemListElement":[{"@type":"ListItem","position":1,"name":"In\u00edcio","item":"https:\/\/www.tuasaude.com\/news\/"},{"@type":"ListItem","position":2,"name":"Precisar das m\u00e3os para levantar da cadeira: quando a for\u00e7a das pernas merece aten\u00e7\u00e3o"}]},{"@type":"WebSite","@id":"https:\/\/www.tuasaude.com\/news\/#website","url":"https:\/\/www.tuasaude.com\/news\/","name":"Tua Sa\u00fade","description":"Seu site de sa\u00fade","potentialAction":[{"@type":"SearchAction","target":{"@type":"EntryPoint","urlTemplate":"https:\/\/www.tuasaude.com\/news\/?s={search_term_string}"},"query-input":{"@type":"PropertyValueSpecification","valueRequired":true,"valueName":"search_term_string"}}],"inLanguage":"pt-BR"},{"@type":"Person","@id":"https:\/\/www.tuasaude.com\/news\/#\/schema\/person\/963d63d4e1f0c81f5f3a70ba4bcb0ef7","name":"Jeferson Henrique","image":{"@type":"ImageObject","inLanguage":"pt-BR","@id":"https:\/\/www.tuasaude.com\/news\/#\/schema\/person\/image\/","url":"https:\/\/secure.gravatar.com\/avatar\/1a476a54a48eb3cdea5dd2f016708263892c6b9f5e54b641df7c65e980fd6f69?s=96&d=mm&r=g","contentUrl":"https:\/\/secure.gravatar.com\/avatar\/1a476a54a48eb3cdea5dd2f016708263892c6b9f5e54b641df7c65e980fd6f69?s=96&d=mm&r=g","caption":"Jeferson Henrique"},"sameAs":["https:\/\/www.tuasaude.com\/news\/"],"url":"https:\/\/www.tuasaude.com\/news\/author\/jeferson-henrique\/"}]}},"_links":{"self":[{"href":"https:\/\/www.tuasaude.com\/news\/wp-json\/wp\/v2\/posts\/106444","targetHints":{"allow":["GET"]}}],"collection":[{"href":"https:\/\/www.tuasaude.com\/news\/wp-json\/wp\/v2\/posts"}],"about":[{"href":"https:\/\/www.tuasaude.com\/news\/wp-json\/wp\/v2\/types\/post"}],"author":[{"embeddable":true,"href":"https:\/\/www.tuasaude.com\/news\/wp-json\/wp\/v2\/users\/12"}],"replies":[{"embeddable":true,"href":"https:\/\/www.tuasaude.com\/news\/wp-json\/wp\/v2\/comments?post=106444"}],"version-history":[{"count":1,"href":"https:\/\/www.tuasaude.com\/news\/wp-json\/wp\/v2\/posts\/106444\/revisions"}],"predecessor-version":[{"id":106448,"href":"https:\/\/www.tuasaude.com\/news\/wp-json\/wp\/v2\/posts\/106444\/revisions\/106448"}],"wp:featuredmedia":[{"embeddable":true,"href":"https:\/\/www.tuasaude.com\/news\/wp-json\/wp\/v2\/media\/106445"}],"wp:attachment":[{"href":"https:\/\/www.tuasaude.com\/news\/wp-json\/wp\/v2\/media?parent=106444"}],"wp:term":[{"taxonomy":"category","embeddable":true,"href":"https:\/\/www.tuasaude.com\/news\/wp-json\/wp\/v2\/categories?post=106444"},{"taxonomy":"post_tag","embeddable":true,"href":"https:\/\/www.tuasaude.com\/news\/wp-json\/wp\/v2\/tags?post=106444"}],"curies":[{"name":"wp","href":"https:\/\/api.w.org\/{rel}","templated":true}]}}