{"id":106409,"date":"2026-09-02T06:20:00","date_gmt":"2026-09-02T09:20:00","guid":{"rendered":"https:\/\/www.tuasaude.com\/news\/?p=106409"},"modified":"2026-09-01T02:26:12","modified_gmt":"2026-09-01T05:26:12","slug":"pernas-incomodam-ao-deitar-e-so-melhoram-ao-andar-quando-isso-merece-investigacao","status":"publish","type":"post","link":"https:\/\/www.tuasaude.com\/news\/2026\/09\/02\/pernas-incomodam-ao-deitar-e-so-melhoram-ao-andar-quando-isso-merece-investigacao\/","title":{"rendered":"Pernas incomodam ao deitar e s\u00f3 melhoram ao andar: quando isso merece investiga\u00e7\u00e3o"},"content":{"rendered":"\n<p class=\"wp-block-paragraph\">Uma vontade dif\u00edcil de controlar de mexer as pernas, acompanhada de desconforto que surge no repouso, piora \u00e0 noite e melhora temporariamente ao caminhar, \u00e9 um padr\u00e3o t\u00edpico da <strong>s\u00edndrome das pernas inquietas<\/strong>. Quando as crises se tornam frequentes ou prejudicam o sono, vale investigar o que pode estar contribuindo para o problema.<\/p>\n\n\n\n<h2 class=\"wp-block-heading\">Como reconhecer as pernas inquietas<\/h2>\n\n\n\n<p class=\"wp-block-paragraph\">O inc\u00f4modo pode ser descrito como <strong>formigamento, repuxamento, coceira interna, tens\u00e3o ou sensa\u00e7\u00e3o desagrad\u00e1vel<\/strong> nas pernas. A caracter\u00edstica mais importante \u00e9 a necessidade de moviment\u00e1-las, principalmente ao sentar ou deitar, com al\u00edvio enquanto a pessoa anda ou mexe os membros.<\/p>\n\n\n\n<p class=\"wp-block-paragraph\">Segundo o <a href=\"https:\/\/www.ninds.nih.gov\/health-information\/disorders\/restless-legs-syndrome\" target=\"_blank\" rel=\"noopener noreferrer\">National Institute of Neurological Disorders and Stroke<\/a>, os sintomas costumam ser mais intensos no fim da tarde e \u00e0 noite e podem dificultar tanto adormecer quanto voltar a dormir ap\u00f3s um despertar.<\/p>\n\n\n\n<h2 class=\"wp-block-heading\">O que pode estar por tr\u00e1s do problema<\/h2>\n\n\n<div class=\"wp-block-image wp-block-image size-large\">\n<figure class=\"aligncenter\"><img decoding=\"async\" width=\"1280\" height=\"714\" src=\"https:\/\/www.tuasaude.com\/news\/wp-content\/uploads\/2026\/09\/106409_pernas-incomodam-ao-deitar-e-so-melhoram-ao-andar-quando-iss_corpo.jpg\" alt=\"Estoques baixos de ferro podem estar associados aos sintomas de pernas inquietas.\" class=\"wp-image-106411\" srcset=\"https:\/\/www.tuasaude.com\/news\/wp-content\/uploads\/2026\/09\/106409_pernas-incomodam-ao-deitar-e-so-melhoram-ao-andar-quando-iss_corpo.jpg 1280w, https:\/\/www.tuasaude.com\/news\/wp-content\/uploads\/2026\/09\/106409_pernas-incomodam-ao-deitar-e-so-melhoram-ao-andar-quando-iss_corpo-300x167.jpg 300w, https:\/\/www.tuasaude.com\/news\/wp-content\/uploads\/2026\/09\/106409_pernas-incomodam-ao-deitar-e-so-melhoram-ao-andar-quando-iss_corpo-1024x571.jpg 1024w, https:\/\/www.tuasaude.com\/news\/wp-content\/uploads\/2026\/09\/106409_pernas-incomodam-ao-deitar-e-so-melhoram-ao-andar-quando-iss_corpo-768x428.jpg 768w, https:\/\/www.tuasaude.com\/news\/wp-content\/uploads\/2026\/09\/106409_pernas-incomodam-ao-deitar-e-so-melhoram-ao-andar-quando-iss_corpo-750x418.jpg 750w, https:\/\/www.tuasaude.com\/news\/wp-content\/uploads\/2026\/09\/106409_pernas-incomodam-ao-deitar-e-so-melhoram-ao-andar-quando-iss_corpo-1140x636.jpg 1140w\" sizes=\"(max-width: 1280px) 100vw, 1280px\" \/><figcaption class=\"wp-element-caption\">Estoques baixos de ferro podem estar associados aos sintomas de pernas inquietas.<\/figcaption><\/figure>\n<\/div>\n\n\n<p class=\"wp-block-paragraph\">Nem sempre existe uma causa \u00fanica. Por isso, sintomas persistentes podem levar o m\u00e9dico a avaliar condi\u00e7\u00f5es associadas e fatores capazes de piorar as <strong>pernas inquietas<\/strong>, como:<\/p>\n\n\n\n<ul class=\"wp-block-list\">\n<li><strong>estoques baixos de ferro<\/strong> no organismo;<\/li>\n<li>doen\u00e7a renal e algumas neuropatias;<\/li>\n<li>gravidez, especialmente nos \u00faltimos meses;<\/li>\n<li>priva\u00e7\u00e3o de sono ou apneia do sono;<\/li>\n<li>uso de cafe\u00edna, \u00e1lcool ou nicotina;<\/li>\n<li>alguns antidepressivos, antipsic\u00f3ticos, anti-histam\u00ednicos e medicamentos contra n\u00e1useas.<\/li>\n<\/ul>\n\n\n\n<h2 class=\"wp-block-heading\">O que pode ajudar antes de dormir<\/h2>\n\n\n\n<p class=\"wp-block-paragraph\">Algumas mudan\u00e7as de rotina podem reduzir o desconforto em casos leves ou ocasionais. \u00c9 \u00fatil observar quais h\u00e1bitos parecem coincidir com a piora dos sintomas e testar medidas simples, como:<\/p>\n\n\n\n<ul class=\"wp-block-list\">\n<li>manter hor\u00e1rios regulares para dormir e acordar;<\/li>\n<li>reduzir cafe\u00edna, principalmente no fim do dia;<\/li>\n<li>fazer atividade f\u00edsica moderada regularmente;<\/li>\n<li>alongar ou massagear suavemente as pernas;<\/li>\n<li>usar banho morno, calor ou frio local se trouxer al\u00edvio.<\/li>\n<\/ul>\n\n\n\n<p class=\"wp-block-paragraph\">Essas estrat\u00e9gias n\u00e3o substituem a investiga\u00e7\u00e3o quando o problema \u00e9 recorrente. Tamb\u00e9m n\u00e3o \u00e9 indicado iniciar ferro ou suspender medicamentos por conta pr\u00f3pria.<\/p>\n\n\n\n<h2 class=\"wp-block-heading\">O que um estudo cient\u00edfico mostra<\/h2>\n\n\n\n<p class=\"wp-block-paragraph\">Segundo a revis\u00e3o sistem\u00e1tica <a href=\"https:\/\/pubmed.ncbi.nlm.nih.gov\/39324664\/\" target=\"_blank\" rel=\"noopener noreferrer\"><em>Treatment of restless legs syndrome and periodic limb movement disorder<\/em><\/a>, publicada no <em>Journal of Clinical Sleep Medicine<\/em> em 2025, pesquisadores avaliaram milhares de estudos sobre interven\u00e7\u00f5es para a s\u00edndrome. A an\u00e1lise refor\u00e7a a import\u00e2ncia de um manejo individualizado e baseado em evid\u00eancias, especialmente quando os sintomas s\u00e3o clinicamente relevantes.<\/p>\n\n\n\n<p class=\"wp-block-paragraph\">Na pr\u00e1tica, isso significa que identificar poss\u00edveis agravantes e condi\u00e7\u00f5es associadas faz parte do cuidado, em vez de tratar apenas a sensa\u00e7\u00e3o inc\u00f4moda durante a noite.<\/p>\n\n\n<div class=\"wp-block-image wp-block-image size-large\">\n<figure class=\"aligncenter\"><img decoding=\"async\" width=\"1280\" height=\"575\" src=\"https:\/\/www.tuasaude.com\/news\/wp-content\/uploads\/2026\/09\/106409_pernas-incomodam-ao-deitar-e-so-melhoram-ao-andar-quando-iss_tabela.jpg\" alt=\"Pernas inquietas \u00e0 noite: sinais, causas e quando investigar\" class=\"wp-image-106412\" srcset=\"https:\/\/www.tuasaude.com\/news\/wp-content\/uploads\/2026\/09\/106409_pernas-incomodam-ao-deitar-e-so-melhoram-ao-andar-quando-iss_tabela.jpg 1280w, https:\/\/www.tuasaude.com\/news\/wp-content\/uploads\/2026\/09\/106409_pernas-incomodam-ao-deitar-e-so-melhoram-ao-andar-quando-iss_tabela-300x135.jpg 300w, https:\/\/www.tuasaude.com\/news\/wp-content\/uploads\/2026\/09\/106409_pernas-incomodam-ao-deitar-e-so-melhoram-ao-andar-quando-iss_tabela-1024x460.jpg 1024w, https:\/\/www.tuasaude.com\/news\/wp-content\/uploads\/2026\/09\/106409_pernas-incomodam-ao-deitar-e-so-melhoram-ao-andar-quando-iss_tabela-768x345.jpg 768w, https:\/\/www.tuasaude.com\/news\/wp-content\/uploads\/2026\/09\/106409_pernas-incomodam-ao-deitar-e-so-melhoram-ao-andar-quando-iss_tabela-750x337.jpg 750w, https:\/\/www.tuasaude.com\/news\/wp-content\/uploads\/2026\/09\/106409_pernas-incomodam-ao-deitar-e-so-melhoram-ao-andar-quando-iss_tabela-1140x512.jpg 1140w\" sizes=\"(max-width: 1280px) 100vw, 1280px\" \/><figcaption class=\"wp-element-caption\">Pernas inquietas \u00e0 noite: sinais, causas e quando investigar<\/figcaption><\/figure>\n<\/div>\n\n\n<h2 class=\"wp-block-heading\">Quando vale procurar avalia\u00e7\u00e3o m\u00e9dica<\/h2>\n\n\n\n<p class=\"wp-block-paragraph\">A investiga\u00e7\u00e3o \u00e9 especialmente indicada quando os epis\u00f3dios aparecem v\u00e1rias vezes por semana, <strong>atrapalham o sono, provocam cansa\u00e7o durante o dia<\/strong> ou est\u00e3o ficando progressivamente mais intensos. A avalia\u00e7\u00e3o costuma incluir hist\u00f3rico dos sintomas, medicamentos utilizados e, quando necess\u00e1rio, exames de sangue para verificar ferro e outras poss\u00edveis causas.<\/p>\n\n\n\n<p class=\"wp-block-paragraph\">Conhecer melhor a <a href=\"https:\/\/www.tuasaude.com\/sindrome-das-pernas-inquietas\/\" target=\"_blank\" rel=\"noopener noreferrer\">s\u00edndrome das pernas inquietas<\/a> tamb\u00e9m ajuda a perceber o padr\u00e3o dos sintomas e a relatar ao m\u00e9dico quando eles aparecem, quanto duram e o que proporciona al\u00edvio.<\/p>\n\n\n\n<p class=\"wp-block-paragraph\"><strong>Este conte\u00fado \u00e9 apenas informativo e n\u00e3o substitui a avalia\u00e7\u00e3o, o diagn\u00f3stico ou o tratamento orientado por um m\u00e9dico.<\/strong><\/p>\n","protected":false},"excerpt":{"rendered":"<p>Uma vontade dif\u00edcil de controlar de mexer as pernas, acompanhada de desconforto que surge no repouso, piora \u00e0 noite e melhora temporariamente ao caminhar, \u00e9 um padr\u00e3o t\u00edpico da s\u00edndrome das pernas inquietas. Quando as crises se tornam frequentes ou prejudicam o sono, vale investigar o que pode estar contribuindo para o problema. Como reconhecer [&hellip;]<\/p>\n","protected":false},"author":12,"featured_media":106410,"comment_status":"open","ping_status":"open","sticky":false,"template":"","format":"standard","meta":{"_yoast_wpseo_focuskw":"s\u00edndrome das pernas inquietas","_yoast_wpseo_title":"","_yoast_wpseo_metadesc":"S\u00edndrome das pernas inquietas causa desconforto ao deitar e al\u00edvio ao andar. Veja sinais, poss\u00edveis causas, cuidados e quando buscar avalia\u00e7\u00e3o m\u00e9dica.","jnews-multi-image_gallery":[],"jnews_single_post":[],"jnews_primary_category":[],"jnews_social_meta":[],"jnews_override_counter":[],"footnotes":""},"categories":[111],"tags":[5921,11757,11043],"class_list":["post-106409","post","type-post","status-publish","format-standard","has-post-thumbnail","hentry","category-saude","tag-desconforto-nas-pernas","tag-pernas-inquietas-a-noite","tag-vontade-de-mexer-as-pernas"],"yoast_head":"<!-- This site is optimized with the Yoast SEO plugin v26.7 - https:\/\/yoast.com\/wordpress\/plugins\/seo\/ -->\n<title>Pernas incomodam ao deitar e s\u00f3 melhoram ao andar: quando isso merece investiga\u00e7\u00e3o - Tua Sa\u00fade<\/title>\n<meta name=\"description\" content=\"S\u00edndrome das pernas inquietas causa desconforto ao deitar e al\u00edvio ao andar. Veja sinais, poss\u00edveis causas, cuidados e quando buscar avalia\u00e7\u00e3o m\u00e9dica.\" \/>\n<meta name=\"robots\" content=\"index, follow, max-snippet:-1, max-image-preview:large, max-video-preview:-1\" \/>\n<link rel=\"canonical\" href=\"https:\/\/www.tuasaude.com\/news\/2026\/09\/02\/pernas-incomodam-ao-deitar-e-so-melhoram-ao-andar-quando-isso-merece-investigacao\/\" \/>\n<meta property=\"og:locale\" content=\"pt_BR\" \/>\n<meta property=\"og:type\" content=\"article\" \/>\n<meta property=\"og:title\" content=\"Pernas incomodam ao deitar e s\u00f3 melhoram ao andar: quando isso merece investiga\u00e7\u00e3o - Tua Sa\u00fade\" \/>\n<meta property=\"og:description\" content=\"S\u00edndrome das pernas inquietas causa desconforto ao deitar e al\u00edvio ao andar. Veja sinais, poss\u00edveis causas, cuidados e quando buscar avalia\u00e7\u00e3o m\u00e9dica.\" \/>\n<meta property=\"og:url\" content=\"https:\/\/www.tuasaude.com\/news\/2026\/09\/02\/pernas-incomodam-ao-deitar-e-so-melhoram-ao-andar-quando-isso-merece-investigacao\/\" \/>\n<meta property=\"og:site_name\" content=\"Tua Sa\u00fade\" \/>\n<meta property=\"article:published_time\" content=\"2026-09-02T09:20:00+00:00\" \/>\n<meta property=\"og:image\" content=\"https:\/\/www.tuasaude.com\/news\/wp-content\/uploads\/2026\/09\/106409_pernas-incomodam-ao-deitar-e-so-melhoram-ao-andar-quando-iss_destaque.jpg\" \/>\n\t<meta property=\"og:image:width\" content=\"1280\" \/>\n\t<meta property=\"og:image:height\" content=\"714\" \/>\n\t<meta property=\"og:image:type\" content=\"image\/jpeg\" \/>\n<meta name=\"author\" content=\"Jeferson Henrique\" \/>\n<meta name=\"twitter:card\" content=\"summary_large_image\" \/>\n<meta name=\"twitter:label1\" content=\"Escrito por\" \/>\n\t<meta name=\"twitter:data1\" content=\"Jeferson Henrique\" \/>\n\t<meta name=\"twitter:label2\" content=\"Est. tempo de leitura\" \/>\n\t<meta name=\"twitter:data2\" content=\"3 minutos\" \/>\n<!-- \/ Yoast SEO plugin. -->","yoast_head_json":{"title":"Pernas incomodam ao deitar e s\u00f3 melhoram ao andar: quando isso merece investiga\u00e7\u00e3o - Tua Sa\u00fade","description":"S\u00edndrome das pernas inquietas causa desconforto ao deitar e al\u00edvio ao andar. Veja sinais, poss\u00edveis causas, cuidados e quando buscar avalia\u00e7\u00e3o m\u00e9dica.","robots":{"index":"index","follow":"follow","max-snippet":"max-snippet:-1","max-image-preview":"max-image-preview:large","max-video-preview":"max-video-preview:-1"},"canonical":"https:\/\/www.tuasaude.com\/news\/2026\/09\/02\/pernas-incomodam-ao-deitar-e-so-melhoram-ao-andar-quando-isso-merece-investigacao\/","og_locale":"pt_BR","og_type":"article","og_title":"Pernas incomodam ao deitar e s\u00f3 melhoram ao andar: quando isso merece investiga\u00e7\u00e3o - Tua Sa\u00fade","og_description":"S\u00edndrome das pernas inquietas causa desconforto ao deitar e al\u00edvio ao andar. Veja sinais, poss\u00edveis causas, cuidados e quando buscar avalia\u00e7\u00e3o m\u00e9dica.","og_url":"https:\/\/www.tuasaude.com\/news\/2026\/09\/02\/pernas-incomodam-ao-deitar-e-so-melhoram-ao-andar-quando-isso-merece-investigacao\/","og_site_name":"Tua Sa\u00fade","article_published_time":"2026-09-02T09:20:00+00:00","og_image":[{"width":1280,"height":714,"url":"https:\/\/www.tuasaude.com\/news\/wp-content\/uploads\/2026\/09\/106409_pernas-incomodam-ao-deitar-e-so-melhoram-ao-andar-quando-iss_destaque.jpg","type":"image\/jpeg"}],"author":"Jeferson Henrique","twitter_card":"summary_large_image","twitter_misc":{"Escrito por":"Jeferson Henrique","Est. tempo de leitura":"3 minutos"},"schema":{"@context":"https:\/\/schema.org","@graph":[{"@type":"Article","@id":"https:\/\/www.tuasaude.com\/news\/2026\/09\/02\/pernas-incomodam-ao-deitar-e-so-melhoram-ao-andar-quando-isso-merece-investigacao\/#article","isPartOf":{"@id":"https:\/\/www.tuasaude.com\/news\/2026\/09\/02\/pernas-incomodam-ao-deitar-e-so-melhoram-ao-andar-quando-isso-merece-investigacao\/"},"author":{"name":"Jeferson Henrique","@id":"https:\/\/www.tuasaude.com\/news\/#\/schema\/person\/963d63d4e1f0c81f5f3a70ba4bcb0ef7"},"headline":"Pernas incomodam ao deitar e s\u00f3 melhoram ao andar: quando isso merece investiga\u00e7\u00e3o","datePublished":"2026-09-02T09:20:00+00:00","mainEntityOfPage":{"@id":"https:\/\/www.tuasaude.com\/news\/2026\/09\/02\/pernas-incomodam-ao-deitar-e-so-melhoram-ao-andar-quando-isso-merece-investigacao\/"},"wordCount":580,"commentCount":0,"image":{"@id":"https:\/\/www.tuasaude.com\/news\/2026\/09\/02\/pernas-incomodam-ao-deitar-e-so-melhoram-ao-andar-quando-isso-merece-investigacao\/#primaryimage"},"thumbnailUrl":"https:\/\/www.tuasaude.com\/news\/wp-content\/uploads\/2026\/09\/106409_pernas-incomodam-ao-deitar-e-so-melhoram-ao-andar-quando-iss_destaque.jpg","keywords":["desconforto nas pernas","pernas inquietas \u00e0 noite","vontade de mexer as pernas"],"articleSection":["Sa\u00fade"],"inLanguage":"pt-BR","potentialAction":[{"@type":"CommentAction","name":"Comment","target":["https:\/\/www.tuasaude.com\/news\/2026\/09\/02\/pernas-incomodam-ao-deitar-e-so-melhoram-ao-andar-quando-isso-merece-investigacao\/#respond"]}]},{"@type":"WebPage","@id":"https:\/\/www.tuasaude.com\/news\/2026\/09\/02\/pernas-incomodam-ao-deitar-e-so-melhoram-ao-andar-quando-isso-merece-investigacao\/","url":"https:\/\/www.tuasaude.com\/news\/2026\/09\/02\/pernas-incomodam-ao-deitar-e-so-melhoram-ao-andar-quando-isso-merece-investigacao\/","name":"Pernas incomodam ao deitar e s\u00f3 melhoram ao andar: quando isso merece investiga\u00e7\u00e3o - Tua Sa\u00fade","isPartOf":{"@id":"https:\/\/www.tuasaude.com\/news\/#website"},"primaryImageOfPage":{"@id":"https:\/\/www.tuasaude.com\/news\/2026\/09\/02\/pernas-incomodam-ao-deitar-e-so-melhoram-ao-andar-quando-isso-merece-investigacao\/#primaryimage"},"image":{"@id":"https:\/\/www.tuasaude.com\/news\/2026\/09\/02\/pernas-incomodam-ao-deitar-e-so-melhoram-ao-andar-quando-isso-merece-investigacao\/#primaryimage"},"thumbnailUrl":"https:\/\/www.tuasaude.com\/news\/wp-content\/uploads\/2026\/09\/106409_pernas-incomodam-ao-deitar-e-so-melhoram-ao-andar-quando-iss_destaque.jpg","datePublished":"2026-09-02T09:20:00+00:00","author":{"@id":"https:\/\/www.tuasaude.com\/news\/#\/schema\/person\/963d63d4e1f0c81f5f3a70ba4bcb0ef7"},"description":"S\u00edndrome das pernas inquietas causa desconforto ao deitar e al\u00edvio ao andar. Veja sinais, poss\u00edveis causas, cuidados e quando buscar avalia\u00e7\u00e3o m\u00e9dica.","breadcrumb":{"@id":"https:\/\/www.tuasaude.com\/news\/2026\/09\/02\/pernas-incomodam-ao-deitar-e-so-melhoram-ao-andar-quando-isso-merece-investigacao\/#breadcrumb"},"inLanguage":"pt-BR","potentialAction":[{"@type":"ReadAction","target":["https:\/\/www.tuasaude.com\/news\/2026\/09\/02\/pernas-incomodam-ao-deitar-e-so-melhoram-ao-andar-quando-isso-merece-investigacao\/"]}]},{"@type":"ImageObject","inLanguage":"pt-BR","@id":"https:\/\/www.tuasaude.com\/news\/2026\/09\/02\/pernas-incomodam-ao-deitar-e-so-melhoram-ao-andar-quando-isso-merece-investigacao\/#primaryimage","url":"https:\/\/www.tuasaude.com\/news\/wp-content\/uploads\/2026\/09\/106409_pernas-incomodam-ao-deitar-e-so-melhoram-ao-andar-quando-iss_destaque.jpg","contentUrl":"https:\/\/www.tuasaude.com\/news\/wp-content\/uploads\/2026\/09\/106409_pernas-incomodam-ao-deitar-e-so-melhoram-ao-andar-quando-iss_destaque.jpg","width":1280,"height":714,"caption":"Desconforto nas pernas ao deitar pode ser um sinal t\u00edpico da s\u00edndrome das pernas inquietas."},{"@type":"BreadcrumbList","@id":"https:\/\/www.tuasaude.com\/news\/2026\/09\/02\/pernas-incomodam-ao-deitar-e-so-melhoram-ao-andar-quando-isso-merece-investigacao\/#breadcrumb","itemListElement":[{"@type":"ListItem","position":1,"name":"In\u00edcio","item":"https:\/\/www.tuasaude.com\/news\/"},{"@type":"ListItem","position":2,"name":"Pernas incomodam ao deitar e s\u00f3 melhoram ao andar: quando isso merece investiga\u00e7\u00e3o"}]},{"@type":"WebSite","@id":"https:\/\/www.tuasaude.com\/news\/#website","url":"https:\/\/www.tuasaude.com\/news\/","name":"Tua Sa\u00fade","description":"Seu site de sa\u00fade","potentialAction":[{"@type":"SearchAction","target":{"@type":"EntryPoint","urlTemplate":"https:\/\/www.tuasaude.com\/news\/?s={search_term_string}"},"query-input":{"@type":"PropertyValueSpecification","valueRequired":true,"valueName":"search_term_string"}}],"inLanguage":"pt-BR"},{"@type":"Person","@id":"https:\/\/www.tuasaude.com\/news\/#\/schema\/person\/963d63d4e1f0c81f5f3a70ba4bcb0ef7","name":"Jeferson Henrique","image":{"@type":"ImageObject","inLanguage":"pt-BR","@id":"https:\/\/www.tuasaude.com\/news\/#\/schema\/person\/image\/","url":"https:\/\/secure.gravatar.com\/avatar\/1a476a54a48eb3cdea5dd2f016708263892c6b9f5e54b641df7c65e980fd6f69?s=96&d=mm&r=g","contentUrl":"https:\/\/secure.gravatar.com\/avatar\/1a476a54a48eb3cdea5dd2f016708263892c6b9f5e54b641df7c65e980fd6f69?s=96&d=mm&r=g","caption":"Jeferson Henrique"},"sameAs":["https:\/\/www.tuasaude.com\/news\/"],"url":"https:\/\/www.tuasaude.com\/news\/author\/jeferson-henrique\/"}]}},"_links":{"self":[{"href":"https:\/\/www.tuasaude.com\/news\/wp-json\/wp\/v2\/posts\/106409","targetHints":{"allow":["GET"]}}],"collection":[{"href":"https:\/\/www.tuasaude.com\/news\/wp-json\/wp\/v2\/posts"}],"about":[{"href":"https:\/\/www.tuasaude.com\/news\/wp-json\/wp\/v2\/types\/post"}],"author":[{"embeddable":true,"href":"https:\/\/www.tuasaude.com\/news\/wp-json\/wp\/v2\/users\/12"}],"replies":[{"embeddable":true,"href":"https:\/\/www.tuasaude.com\/news\/wp-json\/wp\/v2\/comments?post=106409"}],"version-history":[{"count":1,"href":"https:\/\/www.tuasaude.com\/news\/wp-json\/wp\/v2\/posts\/106409\/revisions"}],"predecessor-version":[{"id":106413,"href":"https:\/\/www.tuasaude.com\/news\/wp-json\/wp\/v2\/posts\/106409\/revisions\/106413"}],"wp:featuredmedia":[{"embeddable":true,"href":"https:\/\/www.tuasaude.com\/news\/wp-json\/wp\/v2\/media\/106410"}],"wp:attachment":[{"href":"https:\/\/www.tuasaude.com\/news\/wp-json\/wp\/v2\/media?parent=106409"}],"wp:term":[{"taxonomy":"category","embeddable":true,"href":"https:\/\/www.tuasaude.com\/news\/wp-json\/wp\/v2\/categories?post=106409"},{"taxonomy":"post_tag","embeddable":true,"href":"https:\/\/www.tuasaude.com\/news\/wp-json\/wp\/v2\/tags?post=106409"}],"curies":[{"name":"wp","href":"https:\/\/api.w.org\/{rel}","templated":true}]}}