{"id":106403,"date":"2026-09-02T22:20:00","date_gmt":"2026-09-03T01:20:00","guid":{"rendered":"https:\/\/www.tuasaude.com\/news\/?p=106403"},"modified":"2026-09-01T02:16:40","modified_gmt":"2026-09-01T05:16:40","slug":"por-que-o-protetor-solar-volta-a-ser-essencial-em-setembro","status":"publish","type":"post","link":"https:\/\/www.tuasaude.com\/news\/2026\/09\/02\/por-que-o-protetor-solar-volta-a-ser-essencial-em-setembro\/","title":{"rendered":"Por que o protetor solar volta a ser essencial em setembro"},"content":{"rendered":"\n<p class=\"wp-block-paragraph\">Com a aproxima\u00e7\u00e3o do ver\u00e3o, os \u00edndices de radia\u00e7\u00e3o ultravioleta come\u00e7am a subir de forma consistente j\u00e1 em setembro, mesmo em dias nublados ou com temperaturas amenas. O protetor solar volta ao centro da rotina de cuidados porque a exposi\u00e7\u00e3o di\u00e1ria, muitas vezes despercebida, se acumula ao longo da vida e aumenta o risco de manchas, envelhecimento precoce e c\u00e2ncer de pele. Entender a quantidade correta, a reaplica\u00e7\u00e3o e por que a prote\u00e7\u00e3o vale para todos os tons de pele faz toda a diferen\u00e7a nos resultados.<\/p>\n\n\n\n<h2 class=\"wp-block-heading\">Por que a radia\u00e7\u00e3o UV sobe nesta \u00e9poca do ano?<\/h2>\n\n\n\n<p class=\"wp-block-paragraph\">A partir de setembro, o Sol atinge \u00e2ngulos mais pr\u00f3ximos do ver\u00e3o no hemisf\u00e9rio sul, o que aumenta a intensidade dos raios ultravioleta que chegam \u00e0 superf\u00edcie. Mesmo em dias frescos ou com o c\u00e9u encoberto, a radia\u00e7\u00e3o UV continua penetrando as nuvens e atingindo a pele.<\/p>\n\n\n\n<p class=\"wp-block-paragraph\">Isso significa que a sensa\u00e7\u00e3o t\u00e9rmica n\u00e3o \u00e9 um bom indicador de risco solar. Reduzir o uso do protetor porque o dia parece nublado \u00e9 um dos erros mais comuns e compromete a prote\u00e7\u00e3o acumulada ao longo do dia.<\/p>\n\n\n\n<h2 class=\"wp-block-heading\">O protetor solar \u00e9 necess\u00e1rio para todos os tons de pele?<\/h2>\n\n\n\n<p class=\"wp-block-paragraph\">Sim, todos os tons de pele precisam de prote\u00e7\u00e3o di\u00e1ria, independentemente da capacidade natural de se bronzear. Peles mais escuras produzem mais melanina, o que oferece alguma prote\u00e7\u00e3o contra queimaduras, mas n\u00e3o elimina o risco de c\u00e2ncer de pele, manchas e envelhecimento precoce.<\/p>\n\n\n\n<p class=\"wp-block-paragraph\">Pessoas negras, por exemplo, tendem a ter diagn\u00f3stico tardio de melanoma, o que agrava o quadro. Por isso, a preven\u00e7\u00e3o do <a href=\"https:\/\/www.tuasaude.com\/cancer-de-pele\/\" target=\"_blank\" rel=\"noreferrer noopener\">c\u00e2ncer de pele<\/a> com uso di\u00e1rio de filtro solar \u00e9 fundamental em qualquer fototipo.<\/p>\n\n\n<div class=\"wp-block-image\">\n<figure class=\"aligncenter size-large\"><img decoding=\"async\" width=\"1024\" height=\"571\" src=\"https:\/\/www.tuasaude.com\/news\/wp-content\/uploads\/2026\/09\/Infographic_explaining_solar_pro\u2026_202609010215-1024x571.jpg\" alt=\"Quantidade correta, reaplica\u00e7\u00e3o e barreiras f\u00edsicas refor\u00e7am a prote\u00e7\u00e3o solar na primavera.\" class=\"wp-image-106405\" srcset=\"https:\/\/www.tuasaude.com\/news\/wp-content\/uploads\/2026\/09\/Infographic_explaining_solar_pro\u2026_202609010215-1024x571.jpg 1024w, https:\/\/www.tuasaude.com\/news\/wp-content\/uploads\/2026\/09\/Infographic_explaining_solar_pro\u2026_202609010215-300x167.jpg 300w, https:\/\/www.tuasaude.com\/news\/wp-content\/uploads\/2026\/09\/Infographic_explaining_solar_pro\u2026_202609010215-768x428.jpg 768w, https:\/\/www.tuasaude.com\/news\/wp-content\/uploads\/2026\/09\/Infographic_explaining_solar_pro\u2026_202609010215-750x418.jpg 750w, https:\/\/www.tuasaude.com\/news\/wp-content\/uploads\/2026\/09\/Infographic_explaining_solar_pro\u2026_202609010215-1140x636.jpg 1140w, https:\/\/www.tuasaude.com\/news\/wp-content\/uploads\/2026\/09\/Infographic_explaining_solar_pro\u2026_202609010215.jpg 1280w\" sizes=\"(max-width: 1024px) 100vw, 1024px\" \/><figcaption class=\"wp-element-caption\">Quantidade correta, reaplica\u00e7\u00e3o e barreiras f\u00edsicas refor\u00e7am a prote\u00e7\u00e3o solar na primavera.<\/figcaption><\/figure>\n<\/div>\n\n\n<h2 class=\"wp-block-heading\">Como um estudo cient\u00edfico mostra a import\u00e2ncia da quantidade correta?<\/h2>\n\n\n\n<p class=\"wp-block-paragraph\">Pesquisas ajudam a entender por que muita gente usa protetor e ainda assim sofre queimaduras ou danos cumulativos. Segundo a revis\u00e3o <a href=\"https:\/\/pubmed.ncbi.nlm.nih.gov\/24313722\/\" target=\"_blank\" rel=\"noreferrer noopener\">Application of sunscreen theory and reality<\/a>, publicada na revista Photodermatology Photoimmunology and Photomedicine e indexada no PubMed, o FPS indicado no r\u00f3tulo \u00e9 calculado com uma camada de 2 miligramas por cent\u00edmetro quadrado de pele, mas na pr\u00e1tica as pessoas aplicam entre 0,39 e 1,0 miligrama, o que reduz drasticamente o fator de prote\u00e7\u00e3o real.<\/p>\n\n\n\n<p class=\"wp-block-paragraph\">Os autores destacam que a reaplica\u00e7\u00e3o precoce e o uso de FPS mais alto ajudam a compensar essa lacuna entre teste e uso real. Isso refor\u00e7a que a quantidade e a frequ\u00eancia importam tanto quanto o pr\u00f3prio produto escolhido.<\/p>\n\n\n\n<h2 class=\"wp-block-heading\">Qual \u00e9 a quantidade certa e como reaplicar durante o dia?<\/h2>\n\n\n\n<p class=\"wp-block-paragraph\">Aplicar pouco produto anula boa parte da prote\u00e7\u00e3o prometida no r\u00f3tulo. Algumas orienta\u00e7\u00f5es pr\u00e1ticas ajudam a usar o protetor da forma correta:<\/p>\n\n\n\n<ul class=\"wp-block-list\">\n<li><strong>Rosto e pesco\u00e7o<\/strong>, aproximadamente 1 colher de ch\u00e1 ou o equivalente ao volume de 2 dedos indicadores cheios<\/li>\n\n\n\n<li><strong>Bra\u00e7os<\/strong>, cerca de 1 colher de ch\u00e1 para cada bra\u00e7o, cobrindo toda a \u00e1rea exposta<\/li>\n\n\n\n<li><strong>Pernas<\/strong>, aproximadamente 2 colheres de ch\u00e1 para cada perna<\/li>\n\n\n\n<li><strong>Tronco<\/strong>, 2 colheres de ch\u00e1 para a frente e mais 2 para as costas<\/li>\n\n\n\n<li><strong>Aplicar 15 a 30 minutos antes da exposi\u00e7\u00e3o<\/strong>, permitindo a fixa\u00e7\u00e3o do filtro na pele<\/li>\n\n\n\n<li><strong>Reaplicar a cada 2 horas<\/strong>, ou logo ap\u00f3s suar muito, entrar na \u00e1gua ou secar a pele com toalha<\/li>\n<\/ul>\n\n\n\n<p class=\"wp-block-paragraph\">Essa \u00e9 a base recomendada para garantir que o FPS indicado na embalagem realmente proteja a pele durante todo o dia. Vale refor\u00e7ar essa rotina em uma boa <a href=\"https:\/\/www.tuasaude.com\/skincare\/\" target=\"_blank\" rel=\"noreferrer noopener\">rotina de skincare<\/a> di\u00e1ria, mesmo quando n\u00e3o h\u00e1 exposi\u00e7\u00e3o direta ao sol.<\/p>\n\n\n<div class=\"wp-block-image\">\n<figure class=\"aligncenter size-large\"><img decoding=\"async\" width=\"1024\" height=\"571\" src=\"https:\/\/www.tuasaude.com\/news\/wp-content\/uploads\/2026\/09\/Friends_preparing_for_walk_outdoors_202609010215-1024x571.jpg\" alt=\"Todos os tons de pele precisam de prote\u00e7\u00e3o contra os efeitos cumulativos da radia\u00e7\u00e3o ultravioleta.\" class=\"wp-image-106406\" srcset=\"https:\/\/www.tuasaude.com\/news\/wp-content\/uploads\/2026\/09\/Friends_preparing_for_walk_outdoors_202609010215-1024x571.jpg 1024w, https:\/\/www.tuasaude.com\/news\/wp-content\/uploads\/2026\/09\/Friends_preparing_for_walk_outdoors_202609010215-300x167.jpg 300w, https:\/\/www.tuasaude.com\/news\/wp-content\/uploads\/2026\/09\/Friends_preparing_for_walk_outdoors_202609010215-768x428.jpg 768w, https:\/\/www.tuasaude.com\/news\/wp-content\/uploads\/2026\/09\/Friends_preparing_for_walk_outdoors_202609010215-750x418.jpg 750w, https:\/\/www.tuasaude.com\/news\/wp-content\/uploads\/2026\/09\/Friends_preparing_for_walk_outdoors_202609010215-1140x636.jpg 1140w, https:\/\/www.tuasaude.com\/news\/wp-content\/uploads\/2026\/09\/Friends_preparing_for_walk_outdoors_202609010215.jpg 1280w\" sizes=\"(max-width: 1024px) 100vw, 1024px\" \/><figcaption class=\"wp-element-caption\">Todos os tons de pele precisam de prote\u00e7\u00e3o contra os efeitos cumulativos da radia\u00e7\u00e3o ultravioleta.<\/figcaption><\/figure>\n<\/div>\n\n\n<h2 class=\"wp-block-heading\">Quais cuidados complementam a prote\u00e7\u00e3o solar no dia a dia?<\/h2>\n\n\n\n<p class=\"wp-block-paragraph\">O protetor solar \u00e9 essencial, mas outras medidas ampliam a defesa da pele contra os efeitos da radia\u00e7\u00e3o. Vale incluir:<\/p>\n\n\n\n<ol class=\"wp-block-list\">\n<li><strong>Evitar exposi\u00e7\u00e3o direta entre 10h e 16h<\/strong>, per\u00edodo em que a radia\u00e7\u00e3o UV \u00e9 mais intensa<\/li>\n\n\n\n<li><strong>Usar chap\u00e9u de aba larga<\/strong> para proteger rosto, orelhas e pesco\u00e7o<\/li>\n\n\n\n<li><strong>Optar por \u00f3culos com prote\u00e7\u00e3o UV<\/strong>, prevenindo catarata e outras altera\u00e7\u00f5es oculares<\/li>\n\n\n\n<li><strong>Vestir roupas de manga longa e trama fechada<\/strong> em atividades ao ar livre prolongadas<\/li>\n\n\n\n<li><strong>Buscar sombra sempre que poss\u00edvel<\/strong>, especialmente em locais abertos e praias<\/li>\n\n\n\n<li><strong>Manter boa hidrata\u00e7\u00e3o e alimenta\u00e7\u00e3o com antioxidantes<\/strong>, que ajudam a proteger as c\u00e9lulas da pele<\/li>\n<\/ol>\n\n\n\n<p class=\"wp-block-paragraph\">Al\u00e9m disso, \u00e9 importante ficar atento a mudan\u00e7as em pintas, manchas ou feridas que n\u00e3o cicatrizam, procurando avalia\u00e7\u00e3o dermatol\u00f3gica anual. O acompanhamento profissional ajuda a identificar precocemente altera\u00e7\u00f5es e a escolher o protetor mais adequado ao seu tipo de pele. Cuidar dos <a href=\"https:\/\/www.tuasaude.com\/sol-faz-mal\/\" target=\"_blank\" rel=\"noreferrer noopener\">danos provocados pelo sol<\/a> deve ser um h\u00e1bito cont\u00ednuo, n\u00e3o apenas sazonal.<\/p>\n\n\n\n<p class=\"wp-block-paragraph\"><em>Este conte\u00fado tem car\u00e1ter apenas informativo e n\u00e3o substitui a avalia\u00e7\u00e3o, o diagn\u00f3stico ou o tratamento realizado por um profissional de sa\u00fade qualificado. Consulte sempre um dermatologista em caso de d\u00favidas ou altera\u00e7\u00f5es na pele.<\/em><\/p>\n","protected":false},"excerpt":{"rendered":"<p>Com a aproxima\u00e7\u00e3o do ver\u00e3o, os \u00edndices de radia\u00e7\u00e3o ultravioleta come\u00e7am a subir de forma consistente j\u00e1 em setembro, mesmo em dias nublados ou com temperaturas amenas. O protetor solar volta ao centro da rotina de cuidados porque a exposi\u00e7\u00e3o di\u00e1ria, muitas vezes despercebida, se acumula ao longo da vida e aumenta o risco de [&hellip;]<\/p>\n","protected":false},"author":16,"featured_media":106404,"comment_status":"open","ping_status":"open","sticky":false,"template":"","format":"standard","meta":{"_yoast_wpseo_focuskw":"protetor solar","_yoast_wpseo_title":"","_yoast_wpseo_metadesc":"Em setembro, a radia\u00e7\u00e3o UV come\u00e7a a subir. Entenda por que o protetor solar importa, quanto usar e quando reaplicar para proteger melhor a pele.","jnews-multi-image_gallery":[],"jnews_single_post":{"format":"standard"},"jnews_primary_category":[],"jnews_social_meta":[],"jnews_override_counter":[],"footnotes":""},"categories":[111],"tags":[12924,6986,2528,136,12925],"class_list":["post-106403","post","type-post","status-publish","format-standard","has-post-thumbnail","hentry","category-saude","tag-essencial","tag-por-que","tag-protetor-solar","tag-saude","tag-setembro"],"yoast_head":"<!-- This site is optimized with the Yoast SEO plugin v26.7 - https:\/\/yoast.com\/wordpress\/plugins\/seo\/ -->\n<title>Por que o protetor solar volta a ser essencial em setembro - Tua Sa\u00fade<\/title>\n<meta name=\"description\" content=\"Em setembro, a radia\u00e7\u00e3o UV come\u00e7a a subir. Entenda por que o protetor solar importa, quanto usar e quando reaplicar para proteger melhor a pele.\" \/>\n<meta name=\"robots\" content=\"index, follow, max-snippet:-1, max-image-preview:large, max-video-preview:-1\" \/>\n<link rel=\"canonical\" href=\"https:\/\/www.tuasaude.com\/news\/2026\/09\/02\/por-que-o-protetor-solar-volta-a-ser-essencial-em-setembro\/\" \/>\n<meta property=\"og:locale\" content=\"pt_BR\" \/>\n<meta property=\"og:type\" content=\"article\" \/>\n<meta property=\"og:title\" content=\"Por que o protetor solar volta a ser essencial em setembro - Tua Sa\u00fade\" \/>\n<meta property=\"og:description\" content=\"Em setembro, a radia\u00e7\u00e3o UV come\u00e7a a subir. Entenda por que o protetor solar importa, quanto usar e quando reaplicar para proteger melhor a pele.\" \/>\n<meta property=\"og:url\" content=\"https:\/\/www.tuasaude.com\/news\/2026\/09\/02\/por-que-o-protetor-solar-volta-a-ser-essencial-em-setembro\/\" \/>\n<meta property=\"og:site_name\" content=\"Tua Sa\u00fade\" \/>\n<meta property=\"article:published_time\" content=\"2026-09-03T01:20:00+00:00\" \/>\n<meta property=\"og:image\" content=\"https:\/\/www.tuasaude.com\/news\/wp-content\/uploads\/2026\/09\/Woman_applying_sunscreen_indoors_202609010215.jpg\" \/>\n\t<meta property=\"og:image:width\" content=\"1280\" \/>\n\t<meta property=\"og:image:height\" content=\"714\" \/>\n\t<meta property=\"og:image:type\" content=\"image\/jpeg\" \/>\n<meta name=\"author\" content=\"Maycon Geovane\" \/>\n<meta name=\"twitter:card\" content=\"summary_large_image\" \/>\n<meta name=\"twitter:label1\" content=\"Escrito por\" \/>\n\t<meta name=\"twitter:data1\" content=\"Maycon Geovane\" \/>\n\t<meta name=\"twitter:label2\" content=\"Est. tempo de leitura\" \/>\n\t<meta name=\"twitter:data2\" content=\"5 minutos\" \/>\n<!-- \/ Yoast SEO plugin. -->","yoast_head_json":{"title":"Por que o protetor solar volta a ser essencial em setembro - Tua Sa\u00fade","description":"Em setembro, a radia\u00e7\u00e3o UV come\u00e7a a subir. Entenda por que o protetor solar importa, quanto usar e quando reaplicar para proteger melhor a pele.","robots":{"index":"index","follow":"follow","max-snippet":"max-snippet:-1","max-image-preview":"max-image-preview:large","max-video-preview":"max-video-preview:-1"},"canonical":"https:\/\/www.tuasaude.com\/news\/2026\/09\/02\/por-que-o-protetor-solar-volta-a-ser-essencial-em-setembro\/","og_locale":"pt_BR","og_type":"article","og_title":"Por que o protetor solar volta a ser essencial em setembro - Tua Sa\u00fade","og_description":"Em setembro, a radia\u00e7\u00e3o UV come\u00e7a a subir. Entenda por que o protetor solar importa, quanto usar e quando reaplicar para proteger melhor a pele.","og_url":"https:\/\/www.tuasaude.com\/news\/2026\/09\/02\/por-que-o-protetor-solar-volta-a-ser-essencial-em-setembro\/","og_site_name":"Tua Sa\u00fade","article_published_time":"2026-09-03T01:20:00+00:00","og_image":[{"width":1280,"height":714,"url":"https:\/\/www.tuasaude.com\/news\/wp-content\/uploads\/2026\/09\/Woman_applying_sunscreen_indoors_202609010215.jpg","type":"image\/jpeg"}],"author":"Maycon Geovane","twitter_card":"summary_large_image","twitter_misc":{"Escrito por":"Maycon Geovane","Est. tempo de leitura":"5 minutos"},"schema":{"@context":"https:\/\/schema.org","@graph":[{"@type":"Article","@id":"https:\/\/www.tuasaude.com\/news\/2026\/09\/02\/por-que-o-protetor-solar-volta-a-ser-essencial-em-setembro\/#article","isPartOf":{"@id":"https:\/\/www.tuasaude.com\/news\/2026\/09\/02\/por-que-o-protetor-solar-volta-a-ser-essencial-em-setembro\/"},"author":{"name":"Maycon Geovane","@id":"https:\/\/www.tuasaude.com\/news\/#\/schema\/person\/da63bccfbda5c95cfbf2d37c4276fca0"},"headline":"Por que o protetor solar volta a ser essencial em setembro","datePublished":"2026-09-03T01:20:00+00:00","mainEntityOfPage":{"@id":"https:\/\/www.tuasaude.com\/news\/2026\/09\/02\/por-que-o-protetor-solar-volta-a-ser-essencial-em-setembro\/"},"wordCount":864,"commentCount":0,"image":{"@id":"https:\/\/www.tuasaude.com\/news\/2026\/09\/02\/por-que-o-protetor-solar-volta-a-ser-essencial-em-setembro\/#primaryimage"},"thumbnailUrl":"https:\/\/www.tuasaude.com\/news\/wp-content\/uploads\/2026\/09\/Woman_applying_sunscreen_indoors_202609010215.jpg","keywords":["essencial","Por que","protetor solar","sa\u00fade","setembro"],"articleSection":["Sa\u00fade"],"inLanguage":"pt-BR","potentialAction":[{"@type":"CommentAction","name":"Comment","target":["https:\/\/www.tuasaude.com\/news\/2026\/09\/02\/por-que-o-protetor-solar-volta-a-ser-essencial-em-setembro\/#respond"]}]},{"@type":"WebPage","@id":"https:\/\/www.tuasaude.com\/news\/2026\/09\/02\/por-que-o-protetor-solar-volta-a-ser-essencial-em-setembro\/","url":"https:\/\/www.tuasaude.com\/news\/2026\/09\/02\/por-que-o-protetor-solar-volta-a-ser-essencial-em-setembro\/","name":"Por que o protetor solar volta a ser essencial em setembro - Tua Sa\u00fade","isPartOf":{"@id":"https:\/\/www.tuasaude.com\/news\/#website"},"primaryImageOfPage":{"@id":"https:\/\/www.tuasaude.com\/news\/2026\/09\/02\/por-que-o-protetor-solar-volta-a-ser-essencial-em-setembro\/#primaryimage"},"image":{"@id":"https:\/\/www.tuasaude.com\/news\/2026\/09\/02\/por-que-o-protetor-solar-volta-a-ser-essencial-em-setembro\/#primaryimage"},"thumbnailUrl":"https:\/\/www.tuasaude.com\/news\/wp-content\/uploads\/2026\/09\/Woman_applying_sunscreen_indoors_202609010215.jpg","datePublished":"2026-09-03T01:20:00+00:00","author":{"@id":"https:\/\/www.tuasaude.com\/news\/#\/schema\/person\/da63bccfbda5c95cfbf2d37c4276fca0"},"description":"Em setembro, a radia\u00e7\u00e3o UV come\u00e7a a subir. Entenda por que o protetor solar importa, quanto usar e quando reaplicar para proteger melhor a pele.","breadcrumb":{"@id":"https:\/\/www.tuasaude.com\/news\/2026\/09\/02\/por-que-o-protetor-solar-volta-a-ser-essencial-em-setembro\/#breadcrumb"},"inLanguage":"pt-BR","potentialAction":[{"@type":"ReadAction","target":["https:\/\/www.tuasaude.com\/news\/2026\/09\/02\/por-que-o-protetor-solar-volta-a-ser-essencial-em-setembro\/"]}]},{"@type":"ImageObject","inLanguage":"pt-BR","@id":"https:\/\/www.tuasaude.com\/news\/2026\/09\/02\/por-que-o-protetor-solar-volta-a-ser-essencial-em-setembro\/#primaryimage","url":"https:\/\/www.tuasaude.com\/news\/wp-content\/uploads\/2026\/09\/Woman_applying_sunscreen_indoors_202609010215.jpg","contentUrl":"https:\/\/www.tuasaude.com\/news\/wp-content\/uploads\/2026\/09\/Woman_applying_sunscreen_indoors_202609010215.jpg","width":1280,"height":714,"caption":"Por que o protetor solar volta a ser essencial em setembro"},{"@type":"BreadcrumbList","@id":"https:\/\/www.tuasaude.com\/news\/2026\/09\/02\/por-que-o-protetor-solar-volta-a-ser-essencial-em-setembro\/#breadcrumb","itemListElement":[{"@type":"ListItem","position":1,"name":"In\u00edcio","item":"https:\/\/www.tuasaude.com\/news\/"},{"@type":"ListItem","position":2,"name":"Por que o protetor solar volta a ser essencial em setembro"}]},{"@type":"WebSite","@id":"https:\/\/www.tuasaude.com\/news\/#website","url":"https:\/\/www.tuasaude.com\/news\/","name":"Tua Sa\u00fade","description":"Seu site de sa\u00fade","potentialAction":[{"@type":"SearchAction","target":{"@type":"EntryPoint","urlTemplate":"https:\/\/www.tuasaude.com\/news\/?s={search_term_string}"},"query-input":{"@type":"PropertyValueSpecification","valueRequired":true,"valueName":"search_term_string"}}],"inLanguage":"pt-BR"},{"@type":"Person","@id":"https:\/\/www.tuasaude.com\/news\/#\/schema\/person\/da63bccfbda5c95cfbf2d37c4276fca0","name":"Maycon Geovane","image":{"@type":"ImageObject","inLanguage":"pt-BR","@id":"https:\/\/www.tuasaude.com\/news\/#\/schema\/person\/image\/","url":"https:\/\/secure.gravatar.com\/avatar\/4f4908cf0a2f249a9f1137f9d5769cacc373d9aee67910cc212a09a346873b7d?s=96&d=mm&r=g","contentUrl":"https:\/\/secure.gravatar.com\/avatar\/4f4908cf0a2f249a9f1137f9d5769cacc373d9aee67910cc212a09a346873b7d?s=96&d=mm&r=g","caption":"Maycon Geovane"},"sameAs":["https:\/\/www.tuasaude.com\/news\/"],"url":"https:\/\/www.tuasaude.com\/news\/author\/maycongeovane\/"}]}},"_links":{"self":[{"href":"https:\/\/www.tuasaude.com\/news\/wp-json\/wp\/v2\/posts\/106403","targetHints":{"allow":["GET"]}}],"collection":[{"href":"https:\/\/www.tuasaude.com\/news\/wp-json\/wp\/v2\/posts"}],"about":[{"href":"https:\/\/www.tuasaude.com\/news\/wp-json\/wp\/v2\/types\/post"}],"author":[{"embeddable":true,"href":"https:\/\/www.tuasaude.com\/news\/wp-json\/wp\/v2\/users\/16"}],"replies":[{"embeddable":true,"href":"https:\/\/www.tuasaude.com\/news\/wp-json\/wp\/v2\/comments?post=106403"}],"version-history":[{"count":1,"href":"https:\/\/www.tuasaude.com\/news\/wp-json\/wp\/v2\/posts\/106403\/revisions"}],"predecessor-version":[{"id":106407,"href":"https:\/\/www.tuasaude.com\/news\/wp-json\/wp\/v2\/posts\/106403\/revisions\/106407"}],"wp:featuredmedia":[{"embeddable":true,"href":"https:\/\/www.tuasaude.com\/news\/wp-json\/wp\/v2\/media\/106404"}],"wp:attachment":[{"href":"https:\/\/www.tuasaude.com\/news\/wp-json\/wp\/v2\/media?parent=106403"}],"wp:term":[{"taxonomy":"category","embeddable":true,"href":"https:\/\/www.tuasaude.com\/news\/wp-json\/wp\/v2\/categories?post=106403"},{"taxonomy":"post_tag","embeddable":true,"href":"https:\/\/www.tuasaude.com\/news\/wp-json\/wp\/v2\/tags?post=106403"}],"curies":[{"name":"wp","href":"https:\/\/api.w.org\/{rel}","templated":true}]}}