{"id":106388,"date":"2026-09-02T19:30:00","date_gmt":"2026-09-02T22:30:00","guid":{"rendered":"https:\/\/www.tuasaude.com\/news\/?p=106388"},"modified":"2026-09-01T02:06:13","modified_gmt":"2026-09-01T05:06:13","slug":"a-primavera-aumenta-o-polen-e-pode-intensificar-as-crises-de-alergia","status":"publish","type":"post","link":"https:\/\/www.tuasaude.com\/news\/2026\/09\/02\/a-primavera-aumenta-o-polen-e-pode-intensificar-as-crises-de-alergia\/","title":{"rendered":"A primavera aumenta o p\u00f3len e pode intensificar as crises de alergia"},"content":{"rendered":"\n<p class=\"wp-block-paragraph\">A alergia piora na virada para a primavera porque o aumento de p\u00f3len, poeira e mofo no ambiente estimula uma resposta inflamat\u00f3ria mais intensa das vias respirat\u00f3rias em pessoas sens\u00edveis. Espirros em sequ\u00eancia, coriza, coceira no nariz e olhos lacrimejantes se tornam mais frequentes, muitas vezes confundidos com sintomas de resfriado. Compreender essas diferen\u00e7as e reconhecer os gatilhos da esta\u00e7\u00e3o ajuda a controlar as crises com mais tranquilidade.<\/p>\n\n\n\n<h2 class=\"wp-block-heading\">O que muda no ambiente nesta \u00e9poca do ano?<\/h2>\n\n\n\n<p class=\"wp-block-paragraph\">Com a chegada da primavera, v\u00e1rias plantas entram em flora\u00e7\u00e3o e liberam grandes quantidades de p\u00f3len no ar, um dos principais gatilhos das rea\u00e7\u00f5es al\u00e9rgicas respirat\u00f3rias. Ao mesmo tempo, a varia\u00e7\u00e3o de temperatura e umidade favorece a prolifera\u00e7\u00e3o de \u00e1caros e fungos em ambientes fechados.<\/p>\n\n\n\n<p class=\"wp-block-paragraph\">Esse cen\u00e1rio cria uma combina\u00e7\u00e3o de al\u00e9rgenos que ativa o sistema imunol\u00f3gico de forma exagerada. Em pessoas predispostas, o resultado \u00e9 o agravamento de quadros como <a href=\"https:\/\/www.tuasaude.com\/rinite-alergica\/\" target=\"_blank\" rel=\"noreferrer noopener\">rinite al\u00e9rgica<\/a>, sinusite e asma.<\/p>\n\n\n\n<h2 class=\"wp-block-heading\">Por que o sistema imunol\u00f3gico reage de forma exagerada?<\/h2>\n\n\n\n<p class=\"wp-block-paragraph\">Nas pessoas al\u00e9rgicas, o sistema imunol\u00f3gico identifica subst\u00e2ncias inofensivas, como p\u00f3len e \u00e1caros, como se fossem amea\u00e7as. Essa rea\u00e7\u00e3o libera histamina e outros mediadores inflamat\u00f3rios, que causam os sintomas t\u00edpicos das vias respirat\u00f3rias.<\/p>\n\n\n\n<p class=\"wp-block-paragraph\">A exposi\u00e7\u00e3o repetida durante a esta\u00e7\u00e3o amplifica esse ciclo, tornando as crises mais frequentes e prolongadas. Por isso, quem j\u00e1 tem hist\u00f3rico de alergia costuma sentir os primeiros sinais logo nas primeiras semanas de mudan\u00e7a clim\u00e1tica.<\/p>\n\n\n<div class=\"wp-block-image\">\n<figure class=\"aligncenter size-large\"><img decoding=\"async\" width=\"1024\" height=\"571\" src=\"https:\/\/www.tuasaude.com\/news\/wp-content\/uploads\/2026\/09\/Spring_allergy_guide_and_control_202609010205-1024x571.jpg\" alt=\"P\u00f3len, poeira, \u00e1caros e tratamento adequado ajudam a explicar o controle da alergia.\" class=\"wp-image-106390\" srcset=\"https:\/\/www.tuasaude.com\/news\/wp-content\/uploads\/2026\/09\/Spring_allergy_guide_and_control_202609010205-1024x571.jpg 1024w, https:\/\/www.tuasaude.com\/news\/wp-content\/uploads\/2026\/09\/Spring_allergy_guide_and_control_202609010205-300x167.jpg 300w, https:\/\/www.tuasaude.com\/news\/wp-content\/uploads\/2026\/09\/Spring_allergy_guide_and_control_202609010205-768x428.jpg 768w, https:\/\/www.tuasaude.com\/news\/wp-content\/uploads\/2026\/09\/Spring_allergy_guide_and_control_202609010205-750x418.jpg 750w, https:\/\/www.tuasaude.com\/news\/wp-content\/uploads\/2026\/09\/Spring_allergy_guide_and_control_202609010205-1140x636.jpg 1140w, https:\/\/www.tuasaude.com\/news\/wp-content\/uploads\/2026\/09\/Spring_allergy_guide_and_control_202609010205.jpg 1280w\" sizes=\"(max-width: 1024px) 100vw, 1024px\" \/><figcaption class=\"wp-element-caption\">P\u00f3len, poeira, \u00e1caros e tratamento adequado ajudam a explicar o controle da alergia.<\/figcaption><\/figure>\n<\/div>\n\n\n<h2 class=\"wp-block-heading\">Como um estudo cient\u00edfico relaciona o p\u00f3len ao aumento das crises al\u00e9rgicas?<\/h2>\n\n\n\n<p class=\"wp-block-paragraph\">Pesquisas cient\u00edficas ajudam a compreender como as mudan\u00e7as ambientais impactam a intensidade das alergias sazonais. Segundo a revis\u00e3o <a href=\"https:\/\/pubmed.ncbi.nlm.nih.gov\/40200859\/\" target=\"_blank\" rel=\"noreferrer noopener\">How Climate Change Is Impacting Allergic Rhinitis A Scoping Review<\/a>, publicada no peri\u00f3dico The Laryngoscope e indexada no PubMed, o aumento das temperaturas e das concentra\u00e7\u00f5es de p\u00f3len tem prolongado a esta\u00e7\u00e3o pol\u00ednica e elevado a preval\u00eancia e a severidade dos sintomas de rinite al\u00e9rgica.<\/p>\n\n\n\n<p class=\"wp-block-paragraph\">Os autores apontam ainda que essa mudan\u00e7a tem aumentado a procura por servi\u00e7os de sa\u00fade relacionados \u00e0 alergia, especialmente em popula\u00e7\u00f5es mais vulner\u00e1veis. Esse dado refor\u00e7a a import\u00e2ncia de preven\u00e7\u00e3o e acompanhamento profissional em per\u00edodos cr\u00edticos.<\/p>\n\n\n\n<h2 class=\"wp-block-heading\">Como diferenciar a rinite al\u00e9rgica do resfriado?<\/h2>\n\n\n\n<p class=\"wp-block-paragraph\">Muitas pessoas confundem as duas condi\u00e7\u00f5es porque compartilham sintomas parecidos. Alguns pontos ajudam a distinguir cada quadro:<\/p>\n\n\n\n<ul class=\"wp-block-list\">\n<li><strong>Dura\u00e7\u00e3o dos sintomas<\/strong>: o resfriado dura de 3 a 7 dias, enquanto a rinite al\u00e9rgica pode persistir semanas ou reaparecer sempre que h\u00e1 contato com o al\u00e9rgeno<\/li>\n\n\n\n<li><strong>Presen\u00e7a de febre<\/strong>: comum em resfriados, ausente na rinite al\u00e9rgica<\/li>\n\n\n\n<li><strong>Coceira no nariz, olhos e garganta<\/strong>: t\u00edpica da alergia, rara no resfriado<\/li>\n\n\n\n<li><strong>Aspecto da secre\u00e7\u00e3o nasal<\/strong>: transparente e l\u00edquida na alergia, mais espessa e amarelada no resfriado<\/li>\n\n\n\n<li><strong>Dores no corpo e cansa\u00e7o intenso<\/strong>: presentes no resfriado, ausentes na rinite<\/li>\n\n\n\n<li><strong>In\u00edcio dos sintomas<\/strong>: repentino ap\u00f3s exposi\u00e7\u00e3o a al\u00e9rgenos na rinite, gradual e progressivo no resfriado<\/li>\n<\/ul>\n\n\n\n<p class=\"wp-block-paragraph\">Confirmar o quadro com um m\u00e9dico \u00e9 fundamental para diferenciar a rinite de um <a href=\"https:\/\/www.tuasaude.com\/resfriado\/\" target=\"_blank\" rel=\"noreferrer noopener\">resfriado<\/a> e evitar o uso de medicamentos inadequados.<\/p>\n\n\n<div class=\"wp-block-image\">\n<figure class=\"aligncenter size-large\"><img decoding=\"async\" width=\"1024\" height=\"571\" src=\"https:\/\/www.tuasaude.com\/news\/wp-content\/uploads\/2026\/09\/Woman_experiencing_seasonal_alle\u2026_202609010205-1024x571.jpg\" alt=\"Poeira, p\u00f3len e mofo se somam aos gatilhos que intensificam a alergia sazonal.\" class=\"wp-image-106391\" srcset=\"https:\/\/www.tuasaude.com\/news\/wp-content\/uploads\/2026\/09\/Woman_experiencing_seasonal_alle\u2026_202609010205-1024x571.jpg 1024w, https:\/\/www.tuasaude.com\/news\/wp-content\/uploads\/2026\/09\/Woman_experiencing_seasonal_alle\u2026_202609010205-300x167.jpg 300w, https:\/\/www.tuasaude.com\/news\/wp-content\/uploads\/2026\/09\/Woman_experiencing_seasonal_alle\u2026_202609010205-768x428.jpg 768w, https:\/\/www.tuasaude.com\/news\/wp-content\/uploads\/2026\/09\/Woman_experiencing_seasonal_alle\u2026_202609010205-750x418.jpg 750w, https:\/\/www.tuasaude.com\/news\/wp-content\/uploads\/2026\/09\/Woman_experiencing_seasonal_alle\u2026_202609010205-1140x636.jpg 1140w, https:\/\/www.tuasaude.com\/news\/wp-content\/uploads\/2026\/09\/Woman_experiencing_seasonal_alle\u2026_202609010205.jpg 1280w\" sizes=\"(max-width: 1024px) 100vw, 1024px\" \/><figcaption class=\"wp-element-caption\">Poeira, p\u00f3len e mofo se somam aos gatilhos que intensificam a alergia sazonal.<\/figcaption><\/figure>\n<\/div>\n\n\n<h2 class=\"wp-block-heading\">Quais cuidados ajudam a reduzir as crises nesta esta\u00e7\u00e3o?<\/h2>\n\n\n\n<p class=\"wp-block-paragraph\">Algumas medidas simples reduzem a exposi\u00e7\u00e3o aos al\u00e9rgenos e ajudam a controlar os sintomas no dia a dia. Vale incorpor\u00e1-las \u00e0 rotina, principalmente para quem j\u00e1 tem predisposi\u00e7\u00e3o:<\/p>\n\n\n\n<ol class=\"wp-block-list\">\n<li><strong>Mantenha o ambiente limpo e sem poeira<\/strong>, preferindo pano \u00famido em vez de vassoura<\/li>\n\n\n\n<li><strong>Lave roupas de cama semanalmente<\/strong> com \u00e1gua quente para eliminar \u00e1caros<\/li>\n\n\n\n<li><strong>Evite tapetes, cortinas pesadas e bichos de pel\u00facia<\/strong> no quarto<\/li>\n\n\n\n<li><strong>Ventile os c\u00f4modos pela manh\u00e3<\/strong>, mas evite janelas abertas em dias de muito vento e p\u00f3len<\/li>\n\n\n\n<li><strong>Fa\u00e7a lavagem nasal com soro fisiol\u00f3gico<\/strong> pelo menos 1 vez ao dia<\/li>\n\n\n\n<li><strong>Use m\u00e1scara ao limpar a casa<\/strong> ou em ambientes muito empoeirados<\/li>\n\n\n\n<li><strong>Mantenha o acompanhamento com o alergologista<\/strong> se j\u00e1 usa medica\u00e7\u00e3o cont\u00ednua<\/li>\n<\/ol>\n\n\n\n<p class=\"wp-block-paragraph\">Quem faz uso regular de antial\u00e9rgicos, corticoides nasais ou imunoterapia deve refor\u00e7ar as consultas nesta \u00e9poca para ajustar doses ou revisar o tratamento. Ignorar a orienta\u00e7\u00e3o m\u00e9dica pode agravar quadros como sinusite ou desencadear crises de asma. Cuidar da <a href=\"https:\/\/www.tuasaude.com\/sinusite-alergica\/\" target=\"_blank\" rel=\"noreferrer noopener\">sinusite al\u00e9rgica<\/a> e das demais condi\u00e7\u00f5es respirat\u00f3rias garante mais qualidade de vida durante a primavera.<\/p>\n\n\n\n<p class=\"wp-block-paragraph\"><em>Este conte\u00fado tem car\u00e1ter apenas informativo e n\u00e3o substitui a avalia\u00e7\u00e3o, o diagn\u00f3stico ou o tratamento realizado por um profissional de sa\u00fade qualificado. Em caso de sintomas persistentes ou intensos, procure sempre um m\u00e9dico.<\/em><\/p>\n","protected":false},"excerpt":{"rendered":"<p>A alergia piora na virada para a primavera porque o aumento de p\u00f3len, poeira e mofo no ambiente estimula uma resposta inflamat\u00f3ria mais intensa das vias respirat\u00f3rias em pessoas sens\u00edveis. Espirros em sequ\u00eancia, coriza, coceira no nariz e olhos lacrimejantes se tornam mais frequentes, muitas vezes confundidos com sintomas de resfriado. Compreender essas diferen\u00e7as e [&hellip;]<\/p>\n","protected":false},"author":16,"featured_media":106389,"comment_status":"open","ping_status":"open","sticky":false,"template":"","format":"standard","meta":{"_yoast_wpseo_focuskw":"alergia na primavera","_yoast_wpseo_title":"","_yoast_wpseo_metadesc":"A alergia na primavera pode piorar com o aumento do p\u00f3len, poeira e mofo. Entenda os gatilhos da esta\u00e7\u00e3o e como reduzir a exposi\u00e7\u00e3o aos al\u00e9rgenos.","jnews-multi-image_gallery":[],"jnews_single_post":{"format":"standard"},"jnews_primary_category":[],"jnews_social_meta":[],"jnews_override_counter":[],"footnotes":""},"categories":[111],"tags":[12918,12917,10385,12916,136],"class_list":["post-106388","post","type-post","status-publish","format-standard","has-post-thumbnail","hentry","category-saude","tag-crises-de-alergia","tag-pode-intensificar","tag-polen","tag-primavera","tag-saude"],"yoast_head":"<!-- This site is optimized with the Yoast SEO plugin v26.7 - https:\/\/yoast.com\/wordpress\/plugins\/seo\/ -->\n<title>A primavera aumenta o p\u00f3len e pode intensificar as crises de alergia - Tua Sa\u00fade<\/title>\n<meta name=\"description\" content=\"A alergia na primavera pode piorar com o aumento do p\u00f3len, poeira e mofo. Entenda os gatilhos da esta\u00e7\u00e3o e como reduzir a exposi\u00e7\u00e3o aos al\u00e9rgenos.\" \/>\n<meta name=\"robots\" content=\"index, follow, max-snippet:-1, max-image-preview:large, max-video-preview:-1\" \/>\n<link rel=\"canonical\" href=\"https:\/\/www.tuasaude.com\/news\/2026\/09\/02\/a-primavera-aumenta-o-polen-e-pode-intensificar-as-crises-de-alergia\/\" \/>\n<meta property=\"og:locale\" content=\"pt_BR\" \/>\n<meta property=\"og:type\" content=\"article\" \/>\n<meta property=\"og:title\" content=\"A primavera aumenta o p\u00f3len e pode intensificar as crises de alergia - Tua Sa\u00fade\" \/>\n<meta property=\"og:description\" content=\"A alergia na primavera pode piorar com o aumento do p\u00f3len, poeira e mofo. Entenda os gatilhos da esta\u00e7\u00e3o e como reduzir a exposi\u00e7\u00e3o aos al\u00e9rgenos.\" \/>\n<meta property=\"og:url\" content=\"https:\/\/www.tuasaude.com\/news\/2026\/09\/02\/a-primavera-aumenta-o-polen-e-pode-intensificar-as-crises-de-alergia\/\" \/>\n<meta property=\"og:site_name\" content=\"Tua Sa\u00fade\" \/>\n<meta property=\"article:published_time\" content=\"2026-09-02T22:30:00+00:00\" \/>\n<meta property=\"og:image\" content=\"https:\/\/www.tuasaude.com\/news\/wp-content\/uploads\/2026\/09\/Man_sneezing_with_tissue_202609010205.jpg\" \/>\n\t<meta property=\"og:image:width\" content=\"1280\" \/>\n\t<meta property=\"og:image:height\" content=\"714\" \/>\n\t<meta property=\"og:image:type\" content=\"image\/jpeg\" \/>\n<meta name=\"author\" content=\"Maycon Geovane\" \/>\n<meta name=\"twitter:card\" content=\"summary_large_image\" \/>\n<meta name=\"twitter:label1\" content=\"Escrito por\" \/>\n\t<meta name=\"twitter:data1\" content=\"Maycon Geovane\" \/>\n\t<meta name=\"twitter:label2\" content=\"Est. tempo de leitura\" \/>\n\t<meta name=\"twitter:data2\" content=\"5 minutos\" \/>\n<!-- \/ Yoast SEO plugin. -->","yoast_head_json":{"title":"A primavera aumenta o p\u00f3len e pode intensificar as crises de alergia - Tua Sa\u00fade","description":"A alergia na primavera pode piorar com o aumento do p\u00f3len, poeira e mofo. Entenda os gatilhos da esta\u00e7\u00e3o e como reduzir a exposi\u00e7\u00e3o aos al\u00e9rgenos.","robots":{"index":"index","follow":"follow","max-snippet":"max-snippet:-1","max-image-preview":"max-image-preview:large","max-video-preview":"max-video-preview:-1"},"canonical":"https:\/\/www.tuasaude.com\/news\/2026\/09\/02\/a-primavera-aumenta-o-polen-e-pode-intensificar-as-crises-de-alergia\/","og_locale":"pt_BR","og_type":"article","og_title":"A primavera aumenta o p\u00f3len e pode intensificar as crises de alergia - Tua Sa\u00fade","og_description":"A alergia na primavera pode piorar com o aumento do p\u00f3len, poeira e mofo. Entenda os gatilhos da esta\u00e7\u00e3o e como reduzir a exposi\u00e7\u00e3o aos al\u00e9rgenos.","og_url":"https:\/\/www.tuasaude.com\/news\/2026\/09\/02\/a-primavera-aumenta-o-polen-e-pode-intensificar-as-crises-de-alergia\/","og_site_name":"Tua Sa\u00fade","article_published_time":"2026-09-02T22:30:00+00:00","og_image":[{"width":1280,"height":714,"url":"https:\/\/www.tuasaude.com\/news\/wp-content\/uploads\/2026\/09\/Man_sneezing_with_tissue_202609010205.jpg","type":"image\/jpeg"}],"author":"Maycon Geovane","twitter_card":"summary_large_image","twitter_misc":{"Escrito por":"Maycon Geovane","Est. tempo de leitura":"5 minutos"},"schema":{"@context":"https:\/\/schema.org","@graph":[{"@type":"Article","@id":"https:\/\/www.tuasaude.com\/news\/2026\/09\/02\/a-primavera-aumenta-o-polen-e-pode-intensificar-as-crises-de-alergia\/#article","isPartOf":{"@id":"https:\/\/www.tuasaude.com\/news\/2026\/09\/02\/a-primavera-aumenta-o-polen-e-pode-intensificar-as-crises-de-alergia\/"},"author":{"name":"Maycon Geovane","@id":"https:\/\/www.tuasaude.com\/news\/#\/schema\/person\/da63bccfbda5c95cfbf2d37c4276fca0"},"headline":"A primavera aumenta o p\u00f3len e pode intensificar as crises de alergia","datePublished":"2026-09-02T22:30:00+00:00","mainEntityOfPage":{"@id":"https:\/\/www.tuasaude.com\/news\/2026\/09\/02\/a-primavera-aumenta-o-polen-e-pode-intensificar-as-crises-de-alergia\/"},"wordCount":824,"commentCount":0,"image":{"@id":"https:\/\/www.tuasaude.com\/news\/2026\/09\/02\/a-primavera-aumenta-o-polen-e-pode-intensificar-as-crises-de-alergia\/#primaryimage"},"thumbnailUrl":"https:\/\/www.tuasaude.com\/news\/wp-content\/uploads\/2026\/09\/Man_sneezing_with_tissue_202609010205.jpg","keywords":["crises de alergia","pode intensificar","p\u00f3len","primavera","sa\u00fade"],"articleSection":["Sa\u00fade"],"inLanguage":"pt-BR","potentialAction":[{"@type":"CommentAction","name":"Comment","target":["https:\/\/www.tuasaude.com\/news\/2026\/09\/02\/a-primavera-aumenta-o-polen-e-pode-intensificar-as-crises-de-alergia\/#respond"]}]},{"@type":"WebPage","@id":"https:\/\/www.tuasaude.com\/news\/2026\/09\/02\/a-primavera-aumenta-o-polen-e-pode-intensificar-as-crises-de-alergia\/","url":"https:\/\/www.tuasaude.com\/news\/2026\/09\/02\/a-primavera-aumenta-o-polen-e-pode-intensificar-as-crises-de-alergia\/","name":"A primavera aumenta o p\u00f3len e pode intensificar as crises de alergia - Tua Sa\u00fade","isPartOf":{"@id":"https:\/\/www.tuasaude.com\/news\/#website"},"primaryImageOfPage":{"@id":"https:\/\/www.tuasaude.com\/news\/2026\/09\/02\/a-primavera-aumenta-o-polen-e-pode-intensificar-as-crises-de-alergia\/#primaryimage"},"image":{"@id":"https:\/\/www.tuasaude.com\/news\/2026\/09\/02\/a-primavera-aumenta-o-polen-e-pode-intensificar-as-crises-de-alergia\/#primaryimage"},"thumbnailUrl":"https:\/\/www.tuasaude.com\/news\/wp-content\/uploads\/2026\/09\/Man_sneezing_with_tissue_202609010205.jpg","datePublished":"2026-09-02T22:30:00+00:00","author":{"@id":"https:\/\/www.tuasaude.com\/news\/#\/schema\/person\/da63bccfbda5c95cfbf2d37c4276fca0"},"description":"A alergia na primavera pode piorar com o aumento do p\u00f3len, poeira e mofo. Entenda os gatilhos da esta\u00e7\u00e3o e como reduzir a exposi\u00e7\u00e3o aos al\u00e9rgenos.","breadcrumb":{"@id":"https:\/\/www.tuasaude.com\/news\/2026\/09\/02\/a-primavera-aumenta-o-polen-e-pode-intensificar-as-crises-de-alergia\/#breadcrumb"},"inLanguage":"pt-BR","potentialAction":[{"@type":"ReadAction","target":["https:\/\/www.tuasaude.com\/news\/2026\/09\/02\/a-primavera-aumenta-o-polen-e-pode-intensificar-as-crises-de-alergia\/"]}]},{"@type":"ImageObject","inLanguage":"pt-BR","@id":"https:\/\/www.tuasaude.com\/news\/2026\/09\/02\/a-primavera-aumenta-o-polen-e-pode-intensificar-as-crises-de-alergia\/#primaryimage","url":"https:\/\/www.tuasaude.com\/news\/wp-content\/uploads\/2026\/09\/Man_sneezing_with_tissue_202609010205.jpg","contentUrl":"https:\/\/www.tuasaude.com\/news\/wp-content\/uploads\/2026\/09\/Man_sneezing_with_tissue_202609010205.jpg","width":1280,"height":714,"caption":"A primavera aumenta o p\u00f3len e pode intensificar as crises de alergia"},{"@type":"BreadcrumbList","@id":"https:\/\/www.tuasaude.com\/news\/2026\/09\/02\/a-primavera-aumenta-o-polen-e-pode-intensificar-as-crises-de-alergia\/#breadcrumb","itemListElement":[{"@type":"ListItem","position":1,"name":"In\u00edcio","item":"https:\/\/www.tuasaude.com\/news\/"},{"@type":"ListItem","position":2,"name":"A primavera aumenta o p\u00f3len e pode intensificar as crises de alergia"}]},{"@type":"WebSite","@id":"https:\/\/www.tuasaude.com\/news\/#website","url":"https:\/\/www.tuasaude.com\/news\/","name":"Tua Sa\u00fade","description":"Seu site de sa\u00fade","potentialAction":[{"@type":"SearchAction","target":{"@type":"EntryPoint","urlTemplate":"https:\/\/www.tuasaude.com\/news\/?s={search_term_string}"},"query-input":{"@type":"PropertyValueSpecification","valueRequired":true,"valueName":"search_term_string"}}],"inLanguage":"pt-BR"},{"@type":"Person","@id":"https:\/\/www.tuasaude.com\/news\/#\/schema\/person\/da63bccfbda5c95cfbf2d37c4276fca0","name":"Maycon Geovane","image":{"@type":"ImageObject","inLanguage":"pt-BR","@id":"https:\/\/www.tuasaude.com\/news\/#\/schema\/person\/image\/","url":"https:\/\/secure.gravatar.com\/avatar\/4f4908cf0a2f249a9f1137f9d5769cacc373d9aee67910cc212a09a346873b7d?s=96&d=mm&r=g","contentUrl":"https:\/\/secure.gravatar.com\/avatar\/4f4908cf0a2f249a9f1137f9d5769cacc373d9aee67910cc212a09a346873b7d?s=96&d=mm&r=g","caption":"Maycon Geovane"},"sameAs":["https:\/\/www.tuasaude.com\/news\/"],"url":"https:\/\/www.tuasaude.com\/news\/author\/maycongeovane\/"}]}},"_links":{"self":[{"href":"https:\/\/www.tuasaude.com\/news\/wp-json\/wp\/v2\/posts\/106388","targetHints":{"allow":["GET"]}}],"collection":[{"href":"https:\/\/www.tuasaude.com\/news\/wp-json\/wp\/v2\/posts"}],"about":[{"href":"https:\/\/www.tuasaude.com\/news\/wp-json\/wp\/v2\/types\/post"}],"author":[{"embeddable":true,"href":"https:\/\/www.tuasaude.com\/news\/wp-json\/wp\/v2\/users\/16"}],"replies":[{"embeddable":true,"href":"https:\/\/www.tuasaude.com\/news\/wp-json\/wp\/v2\/comments?post=106388"}],"version-history":[{"count":1,"href":"https:\/\/www.tuasaude.com\/news\/wp-json\/wp\/v2\/posts\/106388\/revisions"}],"predecessor-version":[{"id":106392,"href":"https:\/\/www.tuasaude.com\/news\/wp-json\/wp\/v2\/posts\/106388\/revisions\/106392"}],"wp:featuredmedia":[{"embeddable":true,"href":"https:\/\/www.tuasaude.com\/news\/wp-json\/wp\/v2\/media\/106389"}],"wp:attachment":[{"href":"https:\/\/www.tuasaude.com\/news\/wp-json\/wp\/v2\/media?parent=106388"}],"wp:term":[{"taxonomy":"category","embeddable":true,"href":"https:\/\/www.tuasaude.com\/news\/wp-json\/wp\/v2\/categories?post=106388"},{"taxonomy":"post_tag","embeddable":true,"href":"https:\/\/www.tuasaude.com\/news\/wp-json\/wp\/v2\/tags?post=106388"}],"curies":[{"name":"wp","href":"https:\/\/api.w.org\/{rel}","templated":true}]}}