{"id":106372,"date":"2026-09-02T14:10:00","date_gmt":"2026-09-02T17:10:00","guid":{"rendered":"https:\/\/www.tuasaude.com\/news\/?p=106372"},"modified":"2026-09-01T01:53:00","modified_gmt":"2026-09-01T04:53:00","slug":"o-ar-seco-mantem-a-tosse-irritada-por-mais-tempo-apos-uma-infeccao","status":"publish","type":"post","link":"https:\/\/www.tuasaude.com\/news\/2026\/09\/02\/o-ar-seco-mantem-a-tosse-irritada-por-mais-tempo-apos-uma-infeccao\/","title":{"rendered":"O ar seco mant\u00e9m a tosse irritada por mais tempo ap\u00f3s uma infec\u00e7\u00e3o"},"content":{"rendered":"\n<p class=\"wp-block-paragraph\">A tosse seca costuma persistir por semanas em per\u00edodos de baixa umidade porque a mucosa das vias respirat\u00f3rias permanece irritada mesmo ap\u00f3s o fim da infec\u00e7\u00e3o, mantendo o reflexo da tosse ativo por dias ou semanas. Esse fen\u00f4meno tem nome, causa conhecida e formas eficazes de al\u00edvio, mas tamb\u00e9m exige aten\u00e7\u00e3o quando ultrapassa determinado prazo. Entender o que acontece no organismo ajuda a agir com mais seguran\u00e7a e evitar tratamentos desnecess\u00e1rios.<\/p>\n\n\n\n<h2 class=\"wp-block-heading\">O que \u00e9 a tosse p\u00f3s-infecciosa?<\/h2>\n\n\n\n<p class=\"wp-block-paragraph\">A tosse p\u00f3s-infecciosa \u00e9 aquela que persiste ap\u00f3s uma virose respirat\u00f3ria, como resfriado, gripe ou Covid-19, e pode durar de 3 a 8 semanas. Ela ocorre porque o v\u00edrus causa inflama\u00e7\u00e3o na mucosa da garganta e dos br\u00f4nquios, tornando as termina\u00e7\u00f5es nervosas hipersens\u00edveis a qualquer est\u00edmulo.<\/p>\n\n\n\n<p class=\"wp-block-paragraph\">Nesses casos, mesmo pequenos gatilhos como ar frio, fala prolongada ou risadas desencadeiam crises. Esse padr\u00e3o \u00e9 comum e diferente de uma <a href=\"https:\/\/www.tuasaude.com\/tosse\/\" target=\"_blank\" rel=\"noreferrer noopener\">tosse<\/a> aguda causada diretamente pela infec\u00e7\u00e3o ativa.<\/p>\n\n\n\n<h2 class=\"wp-block-heading\">Por que o ar seco piora o quadro?<\/h2>\n\n\n\n<p class=\"wp-block-paragraph\">Quando a umidade do ar cai, a mucosa respirat\u00f3ria perde \u00e1gua e fica mais fina, o que exp\u00f5e as termina\u00e7\u00f5es nervosas respons\u00e1veis pelo reflexo da tosse. Esse ressecamento tamb\u00e9m reduz a efici\u00eancia do muco em proteger e limpar as vias a\u00e9reas.<\/p>\n\n\n\n<p class=\"wp-block-paragraph\">O resultado \u00e9 um ciclo em que a tosse irrita ainda mais a mucosa j\u00e1 fragilizada, prolongando os sintomas. Ambientes com ar-condicionado, poeira e fuma\u00e7a agravam essa rea\u00e7\u00e3o nas semanas seguintes \u00e0 infec\u00e7\u00e3o.<\/p>\n\n\n<div class=\"wp-block-image\">\n<figure class=\"aligncenter size-large\"><img decoding=\"async\" width=\"1024\" height=\"571\" src=\"https:\/\/www.tuasaude.com\/news\/wp-content\/uploads\/2026\/09\/Infographic_explaining_persisten\u2026_202609010152-1024x571.jpg\" alt=\"Ap\u00f3s infec\u00e7\u00f5es, mucosa irritada e nervos sens\u00edveis podem manter o reflexo da tosse.\" class=\"wp-image-106375\" srcset=\"https:\/\/www.tuasaude.com\/news\/wp-content\/uploads\/2026\/09\/Infographic_explaining_persisten\u2026_202609010152-1024x571.jpg 1024w, https:\/\/www.tuasaude.com\/news\/wp-content\/uploads\/2026\/09\/Infographic_explaining_persisten\u2026_202609010152-300x167.jpg 300w, https:\/\/www.tuasaude.com\/news\/wp-content\/uploads\/2026\/09\/Infographic_explaining_persisten\u2026_202609010152-768x428.jpg 768w, https:\/\/www.tuasaude.com\/news\/wp-content\/uploads\/2026\/09\/Infographic_explaining_persisten\u2026_202609010152-750x418.jpg 750w, https:\/\/www.tuasaude.com\/news\/wp-content\/uploads\/2026\/09\/Infographic_explaining_persisten\u2026_202609010152-1140x636.jpg 1140w, https:\/\/www.tuasaude.com\/news\/wp-content\/uploads\/2026\/09\/Infographic_explaining_persisten\u2026_202609010152.jpg 1280w\" sizes=\"(max-width: 1024px) 100vw, 1024px\" \/><figcaption class=\"wp-element-caption\">Ap\u00f3s infec\u00e7\u00f5es, mucosa irritada e nervos sens\u00edveis podem manter o reflexo da tosse.<\/figcaption><\/figure>\n<\/div>\n\n\n<h2 class=\"wp-block-heading\">Como um estudo cient\u00edfico comprova a hipersensibilidade ap\u00f3s a infec\u00e7\u00e3o?<\/h2>\n\n\n\n<p class=\"wp-block-paragraph\">Pesquisas cient\u00edficas ajudam a explicar por que a tosse insiste em permanecer mesmo ap\u00f3s a cura da infec\u00e7\u00e3o. Segundo o estudo <a href=\"https:\/\/pubmed.ncbi.nlm.nih.gov\/16428703\/\" target=\"_blank\" rel=\"noreferrer noopener\">Postinfectious cough ACCP evidence-based clinical practice guidelines<\/a>, publicado no peri\u00f3dico CHEST Journal, a tosse que dura de 3 a 8 semanas ap\u00f3s uma infec\u00e7\u00e3o respirat\u00f3ria est\u00e1 associada \u00e0 hipersecre\u00e7\u00e3o de muco e \u00e0 hipersensibilidade transit\u00f3ria dos receptores da tosse nas vias a\u00e9reas.<\/p>\n\n\n\n<p class=\"wp-block-paragraph\">Os autores refor\u00e7am que, na maioria dos casos, nenhum agente infeccioso espec\u00edfico \u00e9 identificado nesse per\u00edodo e o quadro tende a se resolver de forma espont\u00e2nea. Isso confirma que a persist\u00eancia da tosse n\u00e3o significa infec\u00e7\u00e3o ativa, mas sim uma mucosa ainda em processo de recupera\u00e7\u00e3o.<\/p>\n\n\n\n<h2 class=\"wp-block-heading\">Quais medidas ajudam a aliviar a tosse seca persistente?<\/h2>\n\n\n\n<p class=\"wp-block-paragraph\">Algumas atitudes simples reduzem a irrita\u00e7\u00e3o da mucosa e encurtam o tempo de recupera\u00e7\u00e3o. Vale incorpor\u00e1-las \u00e0 rotina enquanto a tosse n\u00e3o cede completamente:<\/p>\n\n\n\n<ul class=\"wp-block-list\">\n<li><strong>Beba \u00e1gua ao longo do dia<\/strong>, mantendo pelo menos 2 litros para hidratar as vias respirat\u00f3rias por dentro<\/li>\n\n\n\n<li><strong>Use umidificador ou bacias com \u00e1gua<\/strong> no quarto, buscando manter a umidade entre 50% e 60%<\/li>\n\n\n\n<li><strong>Fa\u00e7a inala\u00e7\u00e3o com soro fisiol\u00f3gico<\/strong> 2 a 3 vezes ao dia para umedecer a mucosa<\/li>\n\n\n\n<li><strong>Evite ambientes com fuma\u00e7a, poeira e produtos de limpeza fortes<\/strong>, que agravam a irrita\u00e7\u00e3o<\/li>\n\n\n\n<li><strong>Consuma bebidas mornas<\/strong>, como ch\u00e1s suaves e \u00e1gua com mel, para acalmar a garganta<\/li>\n\n\n\n<li><strong>Durma com a cabeceira elevada<\/strong> para reduzir crises noturnas causadas por gotejamento nasal<\/li>\n<\/ul>\n\n\n\n<p class=\"wp-block-paragraph\">Essas <a href=\"https:\/\/www.tuasaude.com\/dicas-naturais-para-aliviar-a-tosse-seca\/\" target=\"_blank\" rel=\"noreferrer noopener\">dicas naturais para aliviar a tosse seca<\/a> podem complementar o tratamento indicado pelo m\u00e9dico e trazer conforto durante a recupera\u00e7\u00e3o.<\/p>\n\n\n<div class=\"wp-block-image\">\n<figure class=\"aligncenter size-large\"><img decoding=\"async\" width=\"1024\" height=\"571\" src=\"https:\/\/www.tuasaude.com\/news\/wp-content\/uploads\/2026\/09\/Woman_drinking_water_after_coughing_202609010151-1024x571.jpg\" alt=\"Hidrata\u00e7\u00e3o e umidade adequada ajudam a aliviar a tosse seca durante a recupera\u00e7\u00e3o.\" class=\"wp-image-106376\" srcset=\"https:\/\/www.tuasaude.com\/news\/wp-content\/uploads\/2026\/09\/Woman_drinking_water_after_coughing_202609010151-1024x571.jpg 1024w, https:\/\/www.tuasaude.com\/news\/wp-content\/uploads\/2026\/09\/Woman_drinking_water_after_coughing_202609010151-300x167.jpg 300w, https:\/\/www.tuasaude.com\/news\/wp-content\/uploads\/2026\/09\/Woman_drinking_water_after_coughing_202609010151-768x428.jpg 768w, https:\/\/www.tuasaude.com\/news\/wp-content\/uploads\/2026\/09\/Woman_drinking_water_after_coughing_202609010151-750x418.jpg 750w, https:\/\/www.tuasaude.com\/news\/wp-content\/uploads\/2026\/09\/Woman_drinking_water_after_coughing_202609010151-1140x636.jpg 1140w, https:\/\/www.tuasaude.com\/news\/wp-content\/uploads\/2026\/09\/Woman_drinking_water_after_coughing_202609010151.jpg 1280w\" sizes=\"(max-width: 1024px) 100vw, 1024px\" \/><figcaption class=\"wp-element-caption\">Hidrata\u00e7\u00e3o e umidade adequada ajudam a aliviar a tosse seca durante a recupera\u00e7\u00e3o.<\/figcaption><\/figure>\n<\/div>\n\n\n<h2 class=\"wp-block-heading\">Quando \u00e9 hora de investigar a tosse com um m\u00e9dico?<\/h2>\n\n\n\n<p class=\"wp-block-paragraph\">A tosse p\u00f3s-infecciosa costuma melhorar espontaneamente, mas alguns sinais indicam necessidade de avalia\u00e7\u00e3o cl\u00ednica. Procure orienta\u00e7\u00e3o profissional se identificar qualquer uma das situa\u00e7\u00f5es abaixo:<\/p>\n\n\n\n<ol class=\"wp-block-list\">\n<li><strong>Tosse com mais de 8 semanas<\/strong> de dura\u00e7\u00e3o, mesmo sem outros sintomas<\/li>\n\n\n\n<li><strong>Presen\u00e7a de sangue no escarro<\/strong> ou secre\u00e7\u00e3o com cor amarelada persistente<\/li>\n\n\n\n<li><strong>Falta de ar, chiado no peito ou dor tor\u00e1cica<\/strong> associados \u00e0 tosse<\/li>\n\n\n\n<li><strong>Febre recorrente<\/strong> ou que retorna ap\u00f3s per\u00edodo de melhora<\/li>\n\n\n\n<li><strong>Perda de peso sem motivo aparente<\/strong> acompanhando o quadro respirat\u00f3rio<\/li>\n\n\n\n<li><strong>Cansa\u00e7o extremo e sudorese noturna<\/strong> que se prolongam por semanas<\/li>\n<\/ol>\n\n\n\n<p class=\"wp-block-paragraph\">Nesses casos, o m\u00e9dico pode investigar causas como asma, refluxo gastroesof\u00e1gico, sinusite cr\u00f4nica ou bronquite, condi\u00e7\u00f5es que exigem tratamento espec\u00edfico. Exames de imagem e avalia\u00e7\u00e3o com pneumologista costumam ser indicados para diagnosticar corretamente o tipo de <a href=\"https:\/\/www.tuasaude.com\/tosse-seca\/\" target=\"_blank\" rel=\"noreferrer noopener\">tosse seca<\/a> e definir a melhor conduta.<\/p>\n\n\n\n<p class=\"wp-block-paragraph\"><em>Este conte\u00fado tem car\u00e1ter apenas informativo e n\u00e3o substitui a avalia\u00e7\u00e3o, o diagn\u00f3stico ou o tratamento realizado por um profissional de sa\u00fade qualificado. Em caso de sintomas persistentes, consulte sempre um m\u00e9dico.<\/em><\/p>\n","protected":false},"excerpt":{"rendered":"<p>A tosse seca costuma persistir por semanas em per\u00edodos de baixa umidade porque a mucosa das vias respirat\u00f3rias permanece irritada mesmo ap\u00f3s o fim da infec\u00e7\u00e3o, mantendo o reflexo da tosse ativo por dias ou semanas. Esse fen\u00f4meno tem nome, causa conhecida e formas eficazes de al\u00edvio, mas tamb\u00e9m exige aten\u00e7\u00e3o quando ultrapassa determinado prazo. [&hellip;]<\/p>\n","protected":false},"author":16,"featured_media":106374,"comment_status":"open","ping_status":"open","sticky":false,"template":"","format":"standard","meta":{"_yoast_wpseo_focuskw":"tosse seca","_yoast_wpseo_title":"","_yoast_wpseo_metadesc":"A tosse seca pode continuar por semanas ap\u00f3s uma infec\u00e7\u00e3o. Entenda por que o ar seco prolonga a irrita\u00e7\u00e3o e quais medidas ajudam no al\u00edvio.","jnews-multi-image_gallery":[],"jnews_single_post":{"format":"standard"},"jnews_primary_category":[],"jnews_social_meta":[],"jnews_override_counter":[],"footnotes":""},"categories":[111],"tags":[12910,9928,12909,12908,136,1495],"class_list":["post-106372","post","type-post","status-publish","format-standard","has-post-thumbnail","hentry","category-saude","tag-apos-uma-infeccao","tag-ar-seco","tag-mais-tempo","tag-mantem","tag-saude","tag-tosse"],"yoast_head":"<!-- This site is optimized with the Yoast SEO plugin v26.7 - https:\/\/yoast.com\/wordpress\/plugins\/seo\/ -->\n<title>O ar seco mant\u00e9m a tosse irritada por mais tempo ap\u00f3s uma infec\u00e7\u00e3o - Tua Sa\u00fade<\/title>\n<meta name=\"description\" content=\"A tosse seca pode continuar por semanas ap\u00f3s uma infec\u00e7\u00e3o. Entenda por que o ar seco prolonga a irrita\u00e7\u00e3o e quais medidas ajudam no al\u00edvio.\" \/>\n<meta name=\"robots\" content=\"index, follow, max-snippet:-1, max-image-preview:large, max-video-preview:-1\" \/>\n<link rel=\"canonical\" href=\"https:\/\/www.tuasaude.com\/news\/2026\/09\/02\/o-ar-seco-mantem-a-tosse-irritada-por-mais-tempo-apos-uma-infeccao\/\" \/>\n<meta property=\"og:locale\" content=\"pt_BR\" \/>\n<meta property=\"og:type\" content=\"article\" \/>\n<meta property=\"og:title\" content=\"O ar seco mant\u00e9m a tosse irritada por mais tempo ap\u00f3s uma infec\u00e7\u00e3o - Tua Sa\u00fade\" \/>\n<meta property=\"og:description\" content=\"A tosse seca pode continuar por semanas ap\u00f3s uma infec\u00e7\u00e3o. Entenda por que o ar seco prolonga a irrita\u00e7\u00e3o e quais medidas ajudam no al\u00edvio.\" \/>\n<meta property=\"og:url\" content=\"https:\/\/www.tuasaude.com\/news\/2026\/09\/02\/o-ar-seco-mantem-a-tosse-irritada-por-mais-tempo-apos-uma-infeccao\/\" \/>\n<meta property=\"og:site_name\" content=\"Tua Sa\u00fade\" \/>\n<meta property=\"article:published_time\" content=\"2026-09-02T17:10:00+00:00\" \/>\n<meta property=\"og:image\" content=\"https:\/\/www.tuasaude.com\/news\/wp-content\/uploads\/2026\/09\/Man_coughing_in_living_room_202609010151.jpg\" \/>\n\t<meta property=\"og:image:width\" content=\"1280\" \/>\n\t<meta property=\"og:image:height\" content=\"714\" \/>\n\t<meta property=\"og:image:type\" content=\"image\/jpeg\" \/>\n<meta name=\"author\" content=\"Maycon Geovane\" \/>\n<meta name=\"twitter:card\" content=\"summary_large_image\" \/>\n<meta name=\"twitter:label1\" content=\"Escrito por\" \/>\n\t<meta name=\"twitter:data1\" content=\"Maycon Geovane\" \/>\n\t<meta name=\"twitter:label2\" content=\"Est. tempo de leitura\" \/>\n\t<meta name=\"twitter:data2\" content=\"5 minutos\" \/>\n<!-- \/ Yoast SEO plugin. -->","yoast_head_json":{"title":"O ar seco mant\u00e9m a tosse irritada por mais tempo ap\u00f3s uma infec\u00e7\u00e3o - Tua Sa\u00fade","description":"A tosse seca pode continuar por semanas ap\u00f3s uma infec\u00e7\u00e3o. Entenda por que o ar seco prolonga a irrita\u00e7\u00e3o e quais medidas ajudam no al\u00edvio.","robots":{"index":"index","follow":"follow","max-snippet":"max-snippet:-1","max-image-preview":"max-image-preview:large","max-video-preview":"max-video-preview:-1"},"canonical":"https:\/\/www.tuasaude.com\/news\/2026\/09\/02\/o-ar-seco-mantem-a-tosse-irritada-por-mais-tempo-apos-uma-infeccao\/","og_locale":"pt_BR","og_type":"article","og_title":"O ar seco mant\u00e9m a tosse irritada por mais tempo ap\u00f3s uma infec\u00e7\u00e3o - Tua Sa\u00fade","og_description":"A tosse seca pode continuar por semanas ap\u00f3s uma infec\u00e7\u00e3o. Entenda por que o ar seco prolonga a irrita\u00e7\u00e3o e quais medidas ajudam no al\u00edvio.","og_url":"https:\/\/www.tuasaude.com\/news\/2026\/09\/02\/o-ar-seco-mantem-a-tosse-irritada-por-mais-tempo-apos-uma-infeccao\/","og_site_name":"Tua Sa\u00fade","article_published_time":"2026-09-02T17:10:00+00:00","og_image":[{"width":1280,"height":714,"url":"https:\/\/www.tuasaude.com\/news\/wp-content\/uploads\/2026\/09\/Man_coughing_in_living_room_202609010151.jpg","type":"image\/jpeg"}],"author":"Maycon Geovane","twitter_card":"summary_large_image","twitter_misc":{"Escrito por":"Maycon Geovane","Est. tempo de leitura":"5 minutos"},"schema":{"@context":"https:\/\/schema.org","@graph":[{"@type":"Article","@id":"https:\/\/www.tuasaude.com\/news\/2026\/09\/02\/o-ar-seco-mantem-a-tosse-irritada-por-mais-tempo-apos-uma-infeccao\/#article","isPartOf":{"@id":"https:\/\/www.tuasaude.com\/news\/2026\/09\/02\/o-ar-seco-mantem-a-tosse-irritada-por-mais-tempo-apos-uma-infeccao\/"},"author":{"name":"Maycon Geovane","@id":"https:\/\/www.tuasaude.com\/news\/#\/schema\/person\/da63bccfbda5c95cfbf2d37c4276fca0"},"headline":"O ar seco mant\u00e9m a tosse irritada por mais tempo ap\u00f3s uma infec\u00e7\u00e3o","datePublished":"2026-09-02T17:10:00+00:00","mainEntityOfPage":{"@id":"https:\/\/www.tuasaude.com\/news\/2026\/09\/02\/o-ar-seco-mantem-a-tosse-irritada-por-mais-tempo-apos-uma-infeccao\/"},"wordCount":789,"commentCount":0,"image":{"@id":"https:\/\/www.tuasaude.com\/news\/2026\/09\/02\/o-ar-seco-mantem-a-tosse-irritada-por-mais-tempo-apos-uma-infeccao\/#primaryimage"},"thumbnailUrl":"https:\/\/www.tuasaude.com\/news\/wp-content\/uploads\/2026\/09\/Man_coughing_in_living_room_202609010151.jpg","keywords":["ap\u00f3s uma infec\u00e7\u00e3o","ar seco","mais tempo","mant\u00e9m","sa\u00fade","tosse"],"articleSection":["Sa\u00fade"],"inLanguage":"pt-BR","potentialAction":[{"@type":"CommentAction","name":"Comment","target":["https:\/\/www.tuasaude.com\/news\/2026\/09\/02\/o-ar-seco-mantem-a-tosse-irritada-por-mais-tempo-apos-uma-infeccao\/#respond"]}]},{"@type":"WebPage","@id":"https:\/\/www.tuasaude.com\/news\/2026\/09\/02\/o-ar-seco-mantem-a-tosse-irritada-por-mais-tempo-apos-uma-infeccao\/","url":"https:\/\/www.tuasaude.com\/news\/2026\/09\/02\/o-ar-seco-mantem-a-tosse-irritada-por-mais-tempo-apos-uma-infeccao\/","name":"O ar seco mant\u00e9m a tosse irritada por mais tempo ap\u00f3s uma infec\u00e7\u00e3o - Tua Sa\u00fade","isPartOf":{"@id":"https:\/\/www.tuasaude.com\/news\/#website"},"primaryImageOfPage":{"@id":"https:\/\/www.tuasaude.com\/news\/2026\/09\/02\/o-ar-seco-mantem-a-tosse-irritada-por-mais-tempo-apos-uma-infeccao\/#primaryimage"},"image":{"@id":"https:\/\/www.tuasaude.com\/news\/2026\/09\/02\/o-ar-seco-mantem-a-tosse-irritada-por-mais-tempo-apos-uma-infeccao\/#primaryimage"},"thumbnailUrl":"https:\/\/www.tuasaude.com\/news\/wp-content\/uploads\/2026\/09\/Man_coughing_in_living_room_202609010151.jpg","datePublished":"2026-09-02T17:10:00+00:00","author":{"@id":"https:\/\/www.tuasaude.com\/news\/#\/schema\/person\/da63bccfbda5c95cfbf2d37c4276fca0"},"description":"A tosse seca pode continuar por semanas ap\u00f3s uma infec\u00e7\u00e3o. Entenda por que o ar seco prolonga a irrita\u00e7\u00e3o e quais medidas ajudam no al\u00edvio.","breadcrumb":{"@id":"https:\/\/www.tuasaude.com\/news\/2026\/09\/02\/o-ar-seco-mantem-a-tosse-irritada-por-mais-tempo-apos-uma-infeccao\/#breadcrumb"},"inLanguage":"pt-BR","potentialAction":[{"@type":"ReadAction","target":["https:\/\/www.tuasaude.com\/news\/2026\/09\/02\/o-ar-seco-mantem-a-tosse-irritada-por-mais-tempo-apos-uma-infeccao\/"]}]},{"@type":"ImageObject","inLanguage":"pt-BR","@id":"https:\/\/www.tuasaude.com\/news\/2026\/09\/02\/o-ar-seco-mantem-a-tosse-irritada-por-mais-tempo-apos-uma-infeccao\/#primaryimage","url":"https:\/\/www.tuasaude.com\/news\/wp-content\/uploads\/2026\/09\/Man_coughing_in_living_room_202609010151.jpg","contentUrl":"https:\/\/www.tuasaude.com\/news\/wp-content\/uploads\/2026\/09\/Man_coughing_in_living_room_202609010151.jpg","width":1280,"height":714,"caption":"O ar seco mant\u00e9m a tosse irritada por mais tempo ap\u00f3s uma infec\u00e7\u00e3o"},{"@type":"BreadcrumbList","@id":"https:\/\/www.tuasaude.com\/news\/2026\/09\/02\/o-ar-seco-mantem-a-tosse-irritada-por-mais-tempo-apos-uma-infeccao\/#breadcrumb","itemListElement":[{"@type":"ListItem","position":1,"name":"In\u00edcio","item":"https:\/\/www.tuasaude.com\/news\/"},{"@type":"ListItem","position":2,"name":"O ar seco mant\u00e9m a tosse irritada por mais tempo ap\u00f3s uma infec\u00e7\u00e3o"}]},{"@type":"WebSite","@id":"https:\/\/www.tuasaude.com\/news\/#website","url":"https:\/\/www.tuasaude.com\/news\/","name":"Tua Sa\u00fade","description":"Seu site de sa\u00fade","potentialAction":[{"@type":"SearchAction","target":{"@type":"EntryPoint","urlTemplate":"https:\/\/www.tuasaude.com\/news\/?s={search_term_string}"},"query-input":{"@type":"PropertyValueSpecification","valueRequired":true,"valueName":"search_term_string"}}],"inLanguage":"pt-BR"},{"@type":"Person","@id":"https:\/\/www.tuasaude.com\/news\/#\/schema\/person\/da63bccfbda5c95cfbf2d37c4276fca0","name":"Maycon Geovane","image":{"@type":"ImageObject","inLanguage":"pt-BR","@id":"https:\/\/www.tuasaude.com\/news\/#\/schema\/person\/image\/","url":"https:\/\/secure.gravatar.com\/avatar\/4f4908cf0a2f249a9f1137f9d5769cacc373d9aee67910cc212a09a346873b7d?s=96&d=mm&r=g","contentUrl":"https:\/\/secure.gravatar.com\/avatar\/4f4908cf0a2f249a9f1137f9d5769cacc373d9aee67910cc212a09a346873b7d?s=96&d=mm&r=g","caption":"Maycon Geovane"},"sameAs":["https:\/\/www.tuasaude.com\/news\/"],"url":"https:\/\/www.tuasaude.com\/news\/author\/maycongeovane\/"}]}},"_links":{"self":[{"href":"https:\/\/www.tuasaude.com\/news\/wp-json\/wp\/v2\/posts\/106372","targetHints":{"allow":["GET"]}}],"collection":[{"href":"https:\/\/www.tuasaude.com\/news\/wp-json\/wp\/v2\/posts"}],"about":[{"href":"https:\/\/www.tuasaude.com\/news\/wp-json\/wp\/v2\/types\/post"}],"author":[{"embeddable":true,"href":"https:\/\/www.tuasaude.com\/news\/wp-json\/wp\/v2\/users\/16"}],"replies":[{"embeddable":true,"href":"https:\/\/www.tuasaude.com\/news\/wp-json\/wp\/v2\/comments?post=106372"}],"version-history":[{"count":1,"href":"https:\/\/www.tuasaude.com\/news\/wp-json\/wp\/v2\/posts\/106372\/revisions"}],"predecessor-version":[{"id":106377,"href":"https:\/\/www.tuasaude.com\/news\/wp-json\/wp\/v2\/posts\/106372\/revisions\/106377"}],"wp:featuredmedia":[{"embeddable":true,"href":"https:\/\/www.tuasaude.com\/news\/wp-json\/wp\/v2\/media\/106374"}],"wp:attachment":[{"href":"https:\/\/www.tuasaude.com\/news\/wp-json\/wp\/v2\/media?parent=106372"}],"wp:term":[{"taxonomy":"category","embeddable":true,"href":"https:\/\/www.tuasaude.com\/news\/wp-json\/wp\/v2\/categories?post=106372"},{"taxonomy":"post_tag","embeddable":true,"href":"https:\/\/www.tuasaude.com\/news\/wp-json\/wp\/v2\/tags?post=106372"}],"curies":[{"name":"wp","href":"https:\/\/api.w.org\/{rel}","templated":true}]}}