{"id":106352,"date":"2026-09-02T13:58:00","date_gmt":"2026-09-02T16:58:00","guid":{"rendered":"https:\/\/www.tuasaude.com\/news\/?p=106352"},"modified":"2026-09-01T01:47:06","modified_gmt":"2026-09-01T04:47:06","slug":"o-tempo-seco-pode-piorar-a-asma-e-aumentar-as-crises-respiratorias","status":"publish","type":"post","link":"https:\/\/www.tuasaude.com\/news\/2026\/09\/02\/o-tempo-seco-pode-piorar-a-asma-e-aumentar-as-crises-respiratorias\/","title":{"rendered":"O tempo seco pode piorar a asma e aumentar as crises respirat\u00f3rias"},"content":{"rendered":"\n<p class=\"wp-block-paragraph\">A chegada dos meses mais secos do ano transforma a rotina de milh\u00f5es de brasileiros que convivem com a asma, com aumento significativo de crises, tosse persistente e falta de ar. O ar com baixa umidade irrita as vias a\u00e9reas, provoca contra\u00e7\u00e3o dos br\u00f4nquios e favorece a suspens\u00e3o de poeira, p\u00f3len e outros irritantes no ambiente. Entender por que essa combina\u00e7\u00e3o piora os sintomas ajuda a organizar melhor os cuidados di\u00e1rios e a valorizar o uso correto dos medicamentos, principalmente aqueles que devem ser mantidos mesmo quando a pessoa se sente bem.<\/p>\n\n\n\n<h2 class=\"wp-block-heading\">Como o ar seco afeta as vias a\u00e9reas de quem tem asma?<\/h2>\n\n\n\n<p class=\"wp-block-paragraph\">Ao respirar ar com baixa umidade, o organismo perde \u00e1gua pelas mucosas respirat\u00f3rias em maior velocidade. Isso resseca as paredes dos br\u00f4nquios, aumenta a inflama\u00e7\u00e3o e provoca contra\u00e7\u00e3o da musculatura ao redor das vias a\u00e9reas, um processo chamado broncoconstri\u00e7\u00e3o.<\/p>\n\n\n\n<p class=\"wp-block-paragraph\">Em pessoas com <a href=\"https:\/\/www.tuasaude.com\/asma\/\" target=\"_blank\" rel=\"noreferrer noopener\">asma<\/a>, esse mecanismo \u00e9 ainda mais intenso porque os br\u00f4nquios j\u00e1 s\u00e3o hipersens\u00edveis. O resultado \u00e9 o surgimento r\u00e1pido de sintomas como chiado, tosse seca, aperto no peito e falta de ar, especialmente \u00e0 noite ou pela manh\u00e3.<\/p>\n\n\n\n<h2 class=\"wp-block-heading\">Por que a poeira em suspens\u00e3o agrava as crises?<\/h2>\n\n\n\n<p class=\"wp-block-paragraph\">Quando o ar est\u00e1 seco, part\u00edculas de poeira, p\u00f3len, fuligem e \u00e1caros permanecem suspensas por mais tempo no ambiente, aumentando a chance de serem inaladas. Essas part\u00edculas irritam ainda mais os br\u00f4nquios j\u00e1 sens\u00edveis e podem desencadear rea\u00e7\u00f5es al\u00e9rgicas.<\/p>\n\n\n\n<p class=\"wp-block-paragraph\">A combina\u00e7\u00e3o de ar seco com polui\u00e7\u00e3o urbana ou fuma\u00e7a de queimadas potencializa o efeito, sendo comum observar aumento de atendimentos por crises respirat\u00f3rias em pronto-socorros durante per\u00edodos de estiagem prolongada em v\u00e1rias regi\u00f5es do Brasil.<\/p>\n\n\n<div class=\"wp-block-image\">\n<figure class=\"aligncenter size-large\"><img decoding=\"async\" width=\"1024\" height=\"571\" src=\"https:\/\/www.tuasaude.com\/news\/wp-content\/uploads\/2026\/09\/Infographic_protecting_bronchi_f\u2026_202609010146-1024x571.jpg\" alt=\"Umidade, limpeza, tratamento e controle de gatilhos ajudam a reduzir crises de asma.\" class=\"wp-image-106360\" srcset=\"https:\/\/www.tuasaude.com\/news\/wp-content\/uploads\/2026\/09\/Infographic_protecting_bronchi_f\u2026_202609010146-1024x571.jpg 1024w, https:\/\/www.tuasaude.com\/news\/wp-content\/uploads\/2026\/09\/Infographic_protecting_bronchi_f\u2026_202609010146-300x167.jpg 300w, https:\/\/www.tuasaude.com\/news\/wp-content\/uploads\/2026\/09\/Infographic_protecting_bronchi_f\u2026_202609010146-768x428.jpg 768w, https:\/\/www.tuasaude.com\/news\/wp-content\/uploads\/2026\/09\/Infographic_protecting_bronchi_f\u2026_202609010146-750x418.jpg 750w, https:\/\/www.tuasaude.com\/news\/wp-content\/uploads\/2026\/09\/Infographic_protecting_bronchi_f\u2026_202609010146-1140x636.jpg 1140w, https:\/\/www.tuasaude.com\/news\/wp-content\/uploads\/2026\/09\/Infographic_protecting_bronchi_f\u2026_202609010146.jpg 1280w\" sizes=\"(max-width: 1024px) 100vw, 1024px\" \/><figcaption class=\"wp-element-caption\">Umidade, limpeza, tratamento e controle de gatilhos ajudam a reduzir crises de asma.<\/figcaption><\/figure>\n<\/div>\n\n\n<h2 class=\"wp-block-heading\">O que diz o estudo cient\u00edfico sobre ar seco e broncoconstri\u00e7\u00e3o?<\/h2>\n\n\n\n<p class=\"wp-block-paragraph\">A rela\u00e7\u00e3o entre baixa umidade do ar e piora da asma foi bem documentada em pesquisas de fisiologia respirat\u00f3ria. Segundo o estudo <a href=\"https:\/\/pubmed.ncbi.nlm.nih.gov\/10390404\/\" target=\"_blank\" rel=\"noreferrer noopener\">Thermally induced asthma and airway drying<\/a>, publicado no American Journal of Respiratory and Critical Care Medicine, a inala\u00e7\u00e3o de ar seco causa perda progressiva de \u00e1gua das vias a\u00e9reas e desencadeia queda significativa da fun\u00e7\u00e3o pulmonar, medida pelo volume expirat\u00f3rio for\u00e7ado no primeiro segundo.<\/p>\n\n\n\n<p class=\"wp-block-paragraph\">Os pesquisadores demonstraram que o efeito \u00e9 ainda mais pronunciado quando o ar seco \u00e9 combinado a temperaturas mais baixas, o que ajuda a explicar por que muitas pessoas com asma sentem piora dos sintomas nas madrugadas frias e nos per\u00edodos de estiagem.<\/p>\n\n\n\n<h2 class=\"wp-block-heading\">Qual a diferen\u00e7a entre bombinha de al\u00edvio e de manuten\u00e7\u00e3o?<\/h2>\n\n\n\n<p class=\"wp-block-paragraph\">Compreender a fun\u00e7\u00e3o de cada tipo de medicamento \u00e9 fundamental para o controle correto da asma, especialmente em \u00e9pocas cr\u00edticas do ano. As bombinhas se dividem em duas categorias com objetivos diferentes.<\/p>\n\n\n\n<ul class=\"wp-block-list\">\n<li><strong>Bombinha de al\u00edvio<\/strong>: cont\u00e9m broncodilatadores como salbutamol e fenoterol, com a\u00e7\u00e3o r\u00e1pida para abrir os br\u00f4nquios durante as crises<\/li>\n\n\n\n<li><strong>Bombinha de manuten\u00e7\u00e3o<\/strong>: cont\u00e9m corticoides como beclometasona, budesonida ou salmeterol, usados diariamente para controlar a inflama\u00e7\u00e3o cr\u00f4nica<\/li>\n\n\n\n<li><strong>Uso combinado<\/strong>: algumas bombinhas re\u00fanem os dois tipos de medicamento na mesma dose, prescritas conforme a gravidade<\/li>\n\n\n\n<li><strong>A\u00e7\u00e3o da bombinha de al\u00edvio<\/strong>: sente-se melhora em poucos minutos, mas n\u00e3o trata a causa da inflama\u00e7\u00e3o<\/li>\n\n\n\n<li><strong>A\u00e7\u00e3o da bombinha de manuten\u00e7\u00e3o<\/strong>: efeito preventivo cumulativo, exige uso cont\u00ednuo mesmo sem sintomas<\/li>\n\n\n\n<li><strong>Espa\u00e7ador<\/strong>: acess\u00f3rio que melhora a chegada do rem\u00e9dio aos pulm\u00f5es, especialmente em crian\u00e7as e idosos<\/li>\n\n\n\n<li><strong>Lavagem da boca<\/strong>: essencial ap\u00f3s o uso de corticoides para evitar candid\u00edase oral<\/li>\n<\/ul>\n\n\n\n<p class=\"wp-block-paragraph\">A medica\u00e7\u00e3o de controle jamais deve ser interrompida por conta pr\u00f3pria, mesmo quando a pessoa se sente bem. Suspender o corticoide inalat\u00f3rio aumenta o risco de crises graves e piora o controle da <a href=\"https:\/\/www.tuasaude.com\/bronquite\/\" target=\"_blank\" rel=\"noreferrer noopener\">bronquite asm\u00e1tica<\/a> ao longo do tempo.<\/p>\n\n\n<div class=\"wp-block-image\">\n<figure class=\"aligncenter size-large\"><img decoding=\"async\" width=\"1024\" height=\"571\" src=\"https:\/\/www.tuasaude.com\/news\/wp-content\/uploads\/2026\/09\/Man_checking_asthma_inhaler_202609010146-1024x571.jpg\" alt=\"Durante a estiagem, controlar poeira, umidade e tratamento ajuda a proteger os pulm\u00f5es.\" class=\"wp-image-106361\" srcset=\"https:\/\/www.tuasaude.com\/news\/wp-content\/uploads\/2026\/09\/Man_checking_asthma_inhaler_202609010146-1024x571.jpg 1024w, https:\/\/www.tuasaude.com\/news\/wp-content\/uploads\/2026\/09\/Man_checking_asthma_inhaler_202609010146-300x167.jpg 300w, https:\/\/www.tuasaude.com\/news\/wp-content\/uploads\/2026\/09\/Man_checking_asthma_inhaler_202609010146-768x428.jpg 768w, https:\/\/www.tuasaude.com\/news\/wp-content\/uploads\/2026\/09\/Man_checking_asthma_inhaler_202609010146-750x418.jpg 750w, https:\/\/www.tuasaude.com\/news\/wp-content\/uploads\/2026\/09\/Man_checking_asthma_inhaler_202609010146-1140x636.jpg 1140w, https:\/\/www.tuasaude.com\/news\/wp-content\/uploads\/2026\/09\/Man_checking_asthma_inhaler_202609010146.jpg 1280w\" sizes=\"(max-width: 1024px) 100vw, 1024px\" \/><figcaption class=\"wp-element-caption\">Durante a estiagem, controlar poeira, umidade e tratamento ajuda a proteger os pulm\u00f5es.<\/figcaption><\/figure>\n<\/div>\n\n\n<h2 class=\"wp-block-heading\">Que cuidados adotar em casa durante per\u00edodos de estiagem?<\/h2>\n\n\n\n<p class=\"wp-block-paragraph\">Adaptar o ambiente dom\u00e9stico ajuda a reduzir a exposi\u00e7\u00e3o aos gatilhos que pioram a asma quando o ar est\u00e1 seco. Algumas medidas simples fazem grande diferen\u00e7a no controle di\u00e1rio.<\/p>\n\n\n\n<ol class=\"wp-block-list\">\n<li>Usar umidificador de ar ou colocar bacias com \u00e1gua nos c\u00f4modos, mantendo a umidade acima de 40%<\/li>\n\n\n\n<li>Manter janelas fechadas nos hor\u00e1rios de maior concentra\u00e7\u00e3o de poeira e polui\u00e7\u00e3o<\/li>\n\n\n\n<li>Limpar a casa com pano \u00famido, evitando vassouras e espanadores que suspendem part\u00edculas<\/li>\n\n\n\n<li>Aumentar a ingest\u00e3o de \u00e1gua ao longo do dia para hidratar as mucosas respirat\u00f3rias<\/li>\n\n\n\n<li>Evitar exerc\u00edcios ao ar livre nos hor\u00e1rios mais secos, geralmente \u00e0 tarde<\/li>\n\n\n\n<li>Retirar tapetes, cortinas pesadas e bichos de pel\u00facia do quarto<\/li>\n\n\n\n<li>Lavar roupas de cama semanalmente em \u00e1gua quente para eliminar \u00e1caros<\/li>\n\n\n\n<li>N\u00e3o usar produtos com cheiro forte, como perfumes, velas arom\u00e1ticas e desinfetantes<\/li>\n<\/ol>\n\n\n\n<p class=\"wp-block-paragraph\">Quando os sintomas aumentam de frequ\u00eancia ou intensidade mesmo com o uso correto da medica\u00e7\u00e3o, \u00e9 fundamental buscar avalia\u00e7\u00e3o com o pneumologista para ajustar o tratamento. Reconhecer os <a href=\"https:\/\/www.tuasaude.com\/sintomas-de-asma\/\" target=\"_blank\" rel=\"noreferrer noopener\">sintomas de asma<\/a> mais graves, como fala entrecortada, l\u00e1bios azulados e uso da musculatura do pesco\u00e7o para respirar, exige atendimento de urg\u00eancia imediato em pronto-socorro.<\/p>\n\n\n\n<p class=\"wp-block-paragraph\"><em>Este conte\u00fado tem car\u00e1ter apenas informativo e n\u00e3o substitui a avalia\u00e7\u00e3o, o diagn\u00f3stico ou o tratamento realizado por um m\u00e9dico ou pneumologista qualificado. Consulte sempre um profissional de sa\u00fade antes de fazer qualquer altera\u00e7\u00e3o no uso de medicamentos para asma.<\/em><\/p>\n","protected":false},"excerpt":{"rendered":"<p>A chegada dos meses mais secos do ano transforma a rotina de milh\u00f5es de brasileiros que convivem com a asma, com aumento significativo de crises, tosse persistente e falta de ar. O ar com baixa umidade irrita as vias a\u00e9reas, provoca contra\u00e7\u00e3o dos br\u00f4nquios e favorece a suspens\u00e3o de poeira, p\u00f3len e outros irritantes no [&hellip;]<\/p>\n","protected":false},"author":16,"featured_media":106358,"comment_status":"open","ping_status":"open","sticky":false,"template":"","format":"standard","meta":{"_yoast_wpseo_focuskw":"asma no tempo seco","_yoast_wpseo_title":"","_yoast_wpseo_metadesc":"O tempo seco pode irritar os br\u00f4nquios e aumentar as crises de asma. Entenda o mecanismo e veja cuidados para reduzir os gatilhos durante a estiagem.","jnews-multi-image_gallery":[],"jnews_single_post":{"format":"standard"},"jnews_primary_category":[],"jnews_social_meta":[],"jnews_override_counter":[],"footnotes":""},"categories":[111],"tags":[445,11905,12906,12905,136,11601],"class_list":["post-106352","post","type-post","status-publish","format-standard","has-post-thumbnail","hentry","category-saude","tag-asma","tag-aumentar","tag-crises-respiratorias","tag-pode-piorar","tag-saude","tag-tempo-seco"],"yoast_head":"<!-- This site is optimized with the Yoast SEO plugin v26.7 - https:\/\/yoast.com\/wordpress\/plugins\/seo\/ -->\n<title>O tempo seco pode piorar a asma e aumentar as crises respirat\u00f3rias - Tua Sa\u00fade<\/title>\n<meta name=\"description\" content=\"O tempo seco pode irritar os br\u00f4nquios e aumentar as crises de asma. Entenda o mecanismo e veja cuidados para reduzir os gatilhos durante a estiagem.\" \/>\n<meta name=\"robots\" content=\"index, follow, max-snippet:-1, max-image-preview:large, max-video-preview:-1\" \/>\n<link rel=\"canonical\" href=\"https:\/\/www.tuasaude.com\/news\/2026\/09\/02\/o-tempo-seco-pode-piorar-a-asma-e-aumentar-as-crises-respiratorias\/\" \/>\n<meta property=\"og:locale\" content=\"pt_BR\" \/>\n<meta property=\"og:type\" content=\"article\" \/>\n<meta property=\"og:title\" content=\"O tempo seco pode piorar a asma e aumentar as crises respirat\u00f3rias - Tua Sa\u00fade\" \/>\n<meta property=\"og:description\" content=\"O tempo seco pode irritar os br\u00f4nquios e aumentar as crises de asma. Entenda o mecanismo e veja cuidados para reduzir os gatilhos durante a estiagem.\" \/>\n<meta property=\"og:url\" content=\"https:\/\/www.tuasaude.com\/news\/2026\/09\/02\/o-tempo-seco-pode-piorar-a-asma-e-aumentar-as-crises-respiratorias\/\" \/>\n<meta property=\"og:site_name\" content=\"Tua Sa\u00fade\" \/>\n<meta property=\"article:published_time\" content=\"2026-09-02T16:58:00+00:00\" \/>\n<meta property=\"og:image\" content=\"https:\/\/www.tuasaude.com\/news\/wp-content\/uploads\/2026\/09\/Woman_using_inhaler_near_window_202609010146.jpg\" \/>\n\t<meta property=\"og:image:width\" content=\"1280\" \/>\n\t<meta property=\"og:image:height\" content=\"714\" \/>\n\t<meta property=\"og:image:type\" content=\"image\/jpeg\" \/>\n<meta name=\"author\" content=\"Maycon Geovane\" \/>\n<meta name=\"twitter:card\" content=\"summary_large_image\" \/>\n<meta name=\"twitter:label1\" content=\"Escrito por\" \/>\n\t<meta name=\"twitter:data1\" content=\"Maycon Geovane\" \/>\n\t<meta name=\"twitter:label2\" content=\"Est. tempo de leitura\" \/>\n\t<meta name=\"twitter:data2\" content=\"6 minutos\" \/>\n<!-- \/ Yoast SEO plugin. -->","yoast_head_json":{"title":"O tempo seco pode piorar a asma e aumentar as crises respirat\u00f3rias - Tua Sa\u00fade","description":"O tempo seco pode irritar os br\u00f4nquios e aumentar as crises de asma. Entenda o mecanismo e veja cuidados para reduzir os gatilhos durante a estiagem.","robots":{"index":"index","follow":"follow","max-snippet":"max-snippet:-1","max-image-preview":"max-image-preview:large","max-video-preview":"max-video-preview:-1"},"canonical":"https:\/\/www.tuasaude.com\/news\/2026\/09\/02\/o-tempo-seco-pode-piorar-a-asma-e-aumentar-as-crises-respiratorias\/","og_locale":"pt_BR","og_type":"article","og_title":"O tempo seco pode piorar a asma e aumentar as crises respirat\u00f3rias - Tua Sa\u00fade","og_description":"O tempo seco pode irritar os br\u00f4nquios e aumentar as crises de asma. Entenda o mecanismo e veja cuidados para reduzir os gatilhos durante a estiagem.","og_url":"https:\/\/www.tuasaude.com\/news\/2026\/09\/02\/o-tempo-seco-pode-piorar-a-asma-e-aumentar-as-crises-respiratorias\/","og_site_name":"Tua Sa\u00fade","article_published_time":"2026-09-02T16:58:00+00:00","og_image":[{"width":1280,"height":714,"url":"https:\/\/www.tuasaude.com\/news\/wp-content\/uploads\/2026\/09\/Woman_using_inhaler_near_window_202609010146.jpg","type":"image\/jpeg"}],"author":"Maycon Geovane","twitter_card":"summary_large_image","twitter_misc":{"Escrito por":"Maycon Geovane","Est. tempo de leitura":"6 minutos"},"schema":{"@context":"https:\/\/schema.org","@graph":[{"@type":"Article","@id":"https:\/\/www.tuasaude.com\/news\/2026\/09\/02\/o-tempo-seco-pode-piorar-a-asma-e-aumentar-as-crises-respiratorias\/#article","isPartOf":{"@id":"https:\/\/www.tuasaude.com\/news\/2026\/09\/02\/o-tempo-seco-pode-piorar-a-asma-e-aumentar-as-crises-respiratorias\/"},"author":{"name":"Maycon Geovane","@id":"https:\/\/www.tuasaude.com\/news\/#\/schema\/person\/da63bccfbda5c95cfbf2d37c4276fca0"},"headline":"O tempo seco pode piorar a asma e aumentar as crises respirat\u00f3rias","datePublished":"2026-09-02T16:58:00+00:00","mainEntityOfPage":{"@id":"https:\/\/www.tuasaude.com\/news\/2026\/09\/02\/o-tempo-seco-pode-piorar-a-asma-e-aumentar-as-crises-respiratorias\/"},"wordCount":952,"commentCount":0,"image":{"@id":"https:\/\/www.tuasaude.com\/news\/2026\/09\/02\/o-tempo-seco-pode-piorar-a-asma-e-aumentar-as-crises-respiratorias\/#primaryimage"},"thumbnailUrl":"https:\/\/www.tuasaude.com\/news\/wp-content\/uploads\/2026\/09\/Woman_using_inhaler_near_window_202609010146.jpg","keywords":["asma","aumentar","crises respirat\u00f3rias","pode piorar","sa\u00fade","tempo seco"],"articleSection":["Sa\u00fade"],"inLanguage":"pt-BR","potentialAction":[{"@type":"CommentAction","name":"Comment","target":["https:\/\/www.tuasaude.com\/news\/2026\/09\/02\/o-tempo-seco-pode-piorar-a-asma-e-aumentar-as-crises-respiratorias\/#respond"]}]},{"@type":"WebPage","@id":"https:\/\/www.tuasaude.com\/news\/2026\/09\/02\/o-tempo-seco-pode-piorar-a-asma-e-aumentar-as-crises-respiratorias\/","url":"https:\/\/www.tuasaude.com\/news\/2026\/09\/02\/o-tempo-seco-pode-piorar-a-asma-e-aumentar-as-crises-respiratorias\/","name":"O tempo seco pode piorar a asma e aumentar as crises respirat\u00f3rias - Tua Sa\u00fade","isPartOf":{"@id":"https:\/\/www.tuasaude.com\/news\/#website"},"primaryImageOfPage":{"@id":"https:\/\/www.tuasaude.com\/news\/2026\/09\/02\/o-tempo-seco-pode-piorar-a-asma-e-aumentar-as-crises-respiratorias\/#primaryimage"},"image":{"@id":"https:\/\/www.tuasaude.com\/news\/2026\/09\/02\/o-tempo-seco-pode-piorar-a-asma-e-aumentar-as-crises-respiratorias\/#primaryimage"},"thumbnailUrl":"https:\/\/www.tuasaude.com\/news\/wp-content\/uploads\/2026\/09\/Woman_using_inhaler_near_window_202609010146.jpg","datePublished":"2026-09-02T16:58:00+00:00","author":{"@id":"https:\/\/www.tuasaude.com\/news\/#\/schema\/person\/da63bccfbda5c95cfbf2d37c4276fca0"},"description":"O tempo seco pode irritar os br\u00f4nquios e aumentar as crises de asma. Entenda o mecanismo e veja cuidados para reduzir os gatilhos durante a estiagem.","breadcrumb":{"@id":"https:\/\/www.tuasaude.com\/news\/2026\/09\/02\/o-tempo-seco-pode-piorar-a-asma-e-aumentar-as-crises-respiratorias\/#breadcrumb"},"inLanguage":"pt-BR","potentialAction":[{"@type":"ReadAction","target":["https:\/\/www.tuasaude.com\/news\/2026\/09\/02\/o-tempo-seco-pode-piorar-a-asma-e-aumentar-as-crises-respiratorias\/"]}]},{"@type":"ImageObject","inLanguage":"pt-BR","@id":"https:\/\/www.tuasaude.com\/news\/2026\/09\/02\/o-tempo-seco-pode-piorar-a-asma-e-aumentar-as-crises-respiratorias\/#primaryimage","url":"https:\/\/www.tuasaude.com\/news\/wp-content\/uploads\/2026\/09\/Woman_using_inhaler_near_window_202609010146.jpg","contentUrl":"https:\/\/www.tuasaude.com\/news\/wp-content\/uploads\/2026\/09\/Woman_using_inhaler_near_window_202609010146.jpg","width":1280,"height":714,"caption":"O tempo seco pode piorar a asma e aumentar as crises respirat\u00f3rias"},{"@type":"BreadcrumbList","@id":"https:\/\/www.tuasaude.com\/news\/2026\/09\/02\/o-tempo-seco-pode-piorar-a-asma-e-aumentar-as-crises-respiratorias\/#breadcrumb","itemListElement":[{"@type":"ListItem","position":1,"name":"In\u00edcio","item":"https:\/\/www.tuasaude.com\/news\/"},{"@type":"ListItem","position":2,"name":"O tempo seco pode piorar a asma e aumentar as crises respirat\u00f3rias"}]},{"@type":"WebSite","@id":"https:\/\/www.tuasaude.com\/news\/#website","url":"https:\/\/www.tuasaude.com\/news\/","name":"Tua Sa\u00fade","description":"Seu site de sa\u00fade","potentialAction":[{"@type":"SearchAction","target":{"@type":"EntryPoint","urlTemplate":"https:\/\/www.tuasaude.com\/news\/?s={search_term_string}"},"query-input":{"@type":"PropertyValueSpecification","valueRequired":true,"valueName":"search_term_string"}}],"inLanguage":"pt-BR"},{"@type":"Person","@id":"https:\/\/www.tuasaude.com\/news\/#\/schema\/person\/da63bccfbda5c95cfbf2d37c4276fca0","name":"Maycon Geovane","image":{"@type":"ImageObject","inLanguage":"pt-BR","@id":"https:\/\/www.tuasaude.com\/news\/#\/schema\/person\/image\/","url":"https:\/\/secure.gravatar.com\/avatar\/4f4908cf0a2f249a9f1137f9d5769cacc373d9aee67910cc212a09a346873b7d?s=96&d=mm&r=g","contentUrl":"https:\/\/secure.gravatar.com\/avatar\/4f4908cf0a2f249a9f1137f9d5769cacc373d9aee67910cc212a09a346873b7d?s=96&d=mm&r=g","caption":"Maycon Geovane"},"sameAs":["https:\/\/www.tuasaude.com\/news\/"],"url":"https:\/\/www.tuasaude.com\/news\/author\/maycongeovane\/"}]}},"_links":{"self":[{"href":"https:\/\/www.tuasaude.com\/news\/wp-json\/wp\/v2\/posts\/106352","targetHints":{"allow":["GET"]}}],"collection":[{"href":"https:\/\/www.tuasaude.com\/news\/wp-json\/wp\/v2\/posts"}],"about":[{"href":"https:\/\/www.tuasaude.com\/news\/wp-json\/wp\/v2\/types\/post"}],"author":[{"embeddable":true,"href":"https:\/\/www.tuasaude.com\/news\/wp-json\/wp\/v2\/users\/16"}],"replies":[{"embeddable":true,"href":"https:\/\/www.tuasaude.com\/news\/wp-json\/wp\/v2\/comments?post=106352"}],"version-history":[{"count":1,"href":"https:\/\/www.tuasaude.com\/news\/wp-json\/wp\/v2\/posts\/106352\/revisions"}],"predecessor-version":[{"id":106362,"href":"https:\/\/www.tuasaude.com\/news\/wp-json\/wp\/v2\/posts\/106352\/revisions\/106362"}],"wp:featuredmedia":[{"embeddable":true,"href":"https:\/\/www.tuasaude.com\/news\/wp-json\/wp\/v2\/media\/106358"}],"wp:attachment":[{"href":"https:\/\/www.tuasaude.com\/news\/wp-json\/wp\/v2\/media?parent=106352"}],"wp:term":[{"taxonomy":"category","embeddable":true,"href":"https:\/\/www.tuasaude.com\/news\/wp-json\/wp\/v2\/categories?post=106352"},{"taxonomy":"post_tag","embeddable":true,"href":"https:\/\/www.tuasaude.com\/news\/wp-json\/wp\/v2\/tags?post=106352"}],"curies":[{"name":"wp","href":"https:\/\/api.w.org\/{rel}","templated":true}]}}