{"id":106319,"date":"2026-09-02T12:22:00","date_gmt":"2026-09-02T15:22:00","guid":{"rendered":"https:\/\/www.tuasaude.com\/news\/?p=106319"},"modified":"2026-09-01T01:39:07","modified_gmt":"2026-09-01T04:39:07","slug":"o-que-fazer-quando-a-fumaca-de-queimada-chega-na-sua-cidade","status":"publish","type":"post","link":"https:\/\/www.tuasaude.com\/news\/2026\/09\/02\/o-que-fazer-quando-a-fumaca-de-queimada-chega-na-sua-cidade\/","title":{"rendered":"O que fazer quando a fuma\u00e7a de queimada chega na sua cidade"},"content":{"rendered":"\n<p class=\"wp-block-paragraph\">A chegada da fuma\u00e7a de queimadas a \u00e1reas urbanas se tornou uma preocupa\u00e7\u00e3o frequente no Brasil, principalmente durante os meses mais secos do ano. As part\u00edculas finas presentes nesse ar polu\u00eddo penetram profundamente nos pulm\u00f5es e podem afetar at\u00e9 a circula\u00e7\u00e3o sangu\u00ednea, causando desde irrita\u00e7\u00e3o nos olhos e garganta at\u00e9 crises graves em quem tem asma, bronquite ou doen\u00e7as card\u00edacas. Adotar medidas simples e ficar atento aos alertas de qualidade do ar ajuda a reduzir significativamente a exposi\u00e7\u00e3o e proteger a sa\u00fade de toda a fam\u00edlia durante esses per\u00edodos cr\u00edticos.<\/p>\n\n\n\n<h2 class=\"wp-block-heading\">Como as part\u00edculas finas afetam os pulm\u00f5es e o organismo?<\/h2>\n\n\n\n<p class=\"wp-block-paragraph\">A fuma\u00e7a de queimadas cont\u00e9m part\u00edculas microsc\u00f3picas chamadas PM2,5, com di\u00e2metro menor que 2,5 micr\u00f4metros. Esse tamanho reduzido permite que elas ultrapassem as defesas naturais do sistema respirat\u00f3rio e atinjam regi\u00f5es profundas dos pulm\u00f5es, incluindo os alv\u00e9olos.<\/p>\n\n\n\n<p class=\"wp-block-paragraph\">Uma vez nesses locais, as part\u00edculas provocam inflama\u00e7\u00e3o, estresse oxidativo e at\u00e9 entram na corrente sangu\u00ednea, o que aumenta o risco de crises respirat\u00f3rias, altera\u00e7\u00f5es cardiovasculares e agravamento de <a href=\"https:\/\/www.tuasaude.com\/principais-doencas-respiratorias\/\" target=\"_blank\" rel=\"noreferrer noopener\">doen\u00e7as respirat\u00f3rias<\/a> preexistentes como asma e DPOC.<\/p>\n\n\n\n<h2 class=\"wp-block-heading\">Quais sintomas indicam exposi\u00e7\u00e3o prejudicial \u00e0 fuma\u00e7a?<\/h2>\n\n\n\n<p class=\"wp-block-paragraph\">A inala\u00e7\u00e3o de fuma\u00e7a de queimadas provoca rea\u00e7\u00f5es r\u00e1pidas no organismo, mesmo em pessoas saud\u00e1veis. Reconhecer esses sinais ajuda a decidir quando aumentar as medidas de prote\u00e7\u00e3o ou procurar avalia\u00e7\u00e3o m\u00e9dica.<\/p>\n\n\n\n<p class=\"wp-block-paragraph\">Entre as manifesta\u00e7\u00f5es mais frequentes est\u00e3o irrita\u00e7\u00e3o nos olhos, coriza, tosse seca, ard\u00eancia na garganta, dor de cabe\u00e7a e sensa\u00e7\u00e3o de cansa\u00e7o. Em pessoas com problemas respirat\u00f3rios pr\u00e9vios, os sintomas podem evoluir rapidamente para falta de ar, chiado no peito e crises que exigem atendimento em pronto-socorro.<\/p>\n\n\n<div class=\"wp-block-image\">\n<figure class=\"aligncenter size-large\"><img decoding=\"async\" width=\"1024\" height=\"571\" src=\"https:\/\/www.tuasaude.com\/news\/wp-content\/uploads\/2026\/09\/FUMACA_DE_QUEIMADA_SAUDE_202609010137-1024x571.jpg\" alt=\"Fechar janelas, filtrar o ar, evitar esfor\u00e7o externo e usar PFF2 reduzem a exposi\u00e7\u00e3o.\" class=\"wp-image-106332\" srcset=\"https:\/\/www.tuasaude.com\/news\/wp-content\/uploads\/2026\/09\/FUMACA_DE_QUEIMADA_SAUDE_202609010137-1024x571.jpg 1024w, https:\/\/www.tuasaude.com\/news\/wp-content\/uploads\/2026\/09\/FUMACA_DE_QUEIMADA_SAUDE_202609010137-300x167.jpg 300w, https:\/\/www.tuasaude.com\/news\/wp-content\/uploads\/2026\/09\/FUMACA_DE_QUEIMADA_SAUDE_202609010137-768x428.jpg 768w, https:\/\/www.tuasaude.com\/news\/wp-content\/uploads\/2026\/09\/FUMACA_DE_QUEIMADA_SAUDE_202609010137-750x418.jpg 750w, https:\/\/www.tuasaude.com\/news\/wp-content\/uploads\/2026\/09\/FUMACA_DE_QUEIMADA_SAUDE_202609010137-1140x636.jpg 1140w, https:\/\/www.tuasaude.com\/news\/wp-content\/uploads\/2026\/09\/FUMACA_DE_QUEIMADA_SAUDE_202609010137.jpg 1280w\" sizes=\"(max-width: 1024px) 100vw, 1024px\" \/><figcaption class=\"wp-element-caption\">Fechar janelas, filtrar o ar, evitar esfor\u00e7o externo e usar PFF2 reduzem a exposi\u00e7\u00e3o.<\/figcaption><\/figure>\n<\/div>\n\n\n<h2 class=\"wp-block-heading\">O que diz o estudo cient\u00edfico sobre PM2,5 de queimadas?<\/h2>\n\n\n\n<p class=\"wp-block-paragraph\">A ci\u00eancia tem mostrado que a fuma\u00e7a de queimadas \u00e9 ainda mais t\u00f3xica que outras fontes de polui\u00e7\u00e3o atmosf\u00e9rica com o mesmo volume de part\u00edculas. Segundo o estudo <a href=\"https:\/\/pubmed.ncbi.nlm.nih.gov\/33674571\/\" target=\"_blank\" rel=\"noreferrer noopener\">Wildfire smoke impacts respiratory health more than fine particles from other sources<\/a>, publicado na revista cient\u00edfica Nature Communications, o aumento de 10 microgramas por metro c\u00fabico de PM2,5 proveniente de queimadas eleva as interna\u00e7\u00f5es respirat\u00f3rias em at\u00e9 10%, valor bem superior ao observado com part\u00edculas de outras fontes urbanas.<\/p>\n\n\n\n<p class=\"wp-block-paragraph\">Os pesquisadores destacam que essa diferen\u00e7a refor\u00e7a a necessidade de pol\u00edticas espec\u00edficas de qualidade do ar e de medidas individuais de prote\u00e7\u00e3o durante epis\u00f3dios de fuma\u00e7a intensa, principalmente em regi\u00f5es pr\u00f3ximas aos focos de inc\u00eandio.<\/p>\n\n\n\n<h2 class=\"wp-block-heading\">Quais medidas pr\u00e1ticas ajudam a reduzir a exposi\u00e7\u00e3o em casa?<\/h2>\n\n\n\n<p class=\"wp-block-paragraph\">Adotar h\u00e1bitos simples no dia a dia faz grande diferen\u00e7a para diminuir a quantidade de part\u00edculas inaladas, especialmente nos hor\u00e1rios de maior concentra\u00e7\u00e3o de fuma\u00e7a no ambiente externo.<\/p>\n\n\n\n<ul class=\"wp-block-list\">\n<li><strong>Fechar portas e janelas<\/strong> nos hor\u00e1rios de maior concentra\u00e7\u00e3o de fuma\u00e7a, principalmente \u00e0 tarde e \u00e0 noite<\/li>\n\n\n\n<li><strong>Usar purificador de ar com filtro HEPA<\/strong>, capaz de reter part\u00edculas finas do ambiente interno<\/li>\n\n\n\n<li><strong>Aumentar a ingest\u00e3o de \u00e1gua<\/strong> para manter as mucosas respirat\u00f3rias hidratadas<\/li>\n\n\n\n<li><strong>Reduzir atividades f\u00edsicas ao ar livre<\/strong>, especialmente exerc\u00edcios de alta intensidade<\/li>\n\n\n\n<li><strong>Usar m\u00e1scaras PFF2 ou N95<\/strong> quando precisar sair em \u00e1reas com fuma\u00e7a intensa<\/li>\n\n\n\n<li><strong>Acompanhar \u00edndices de qualidade do ar<\/strong> em aplicativos e sites oficiais como o IQAr<\/li>\n\n\n\n<li><strong>Manter ambientes limpos<\/strong>, evitando o ac\u00famulo de poeira que se soma \u00e0s part\u00edculas<\/li>\n\n\n\n<li><strong>Evitar queimar velas, incenso ou fumar<\/strong> dentro de casa, pois piora a qualidade do ar interno<\/li>\n<\/ul>\n\n\n\n<p class=\"wp-block-paragraph\">M\u00e1scaras de pano ou cir\u00fargicas oferecem prote\u00e7\u00e3o limitada contra part\u00edculas finas, sendo indicadas apenas quando n\u00e3o h\u00e1 alternativa dispon\u00edvel. O ideal continua sendo permanecer em ambientes fechados sempre que poss\u00edvel.<\/p>\n\n\n<div class=\"wp-block-image\">\n<figure class=\"aligncenter size-large\"><img decoding=\"async\" width=\"1024\" height=\"571\" src=\"https:\/\/www.tuasaude.com\/news\/wp-content\/uploads\/2026\/09\/Family_indoors_during_wildfire_s\u2026_202609010137-1024x571.jpg\" alt=\"Crian\u00e7as, idosos e pessoas vulner\u00e1veis precisam de prote\u00e7\u00e3o redobrada contra a fuma\u00e7a.\" class=\"wp-image-106333\" srcset=\"https:\/\/www.tuasaude.com\/news\/wp-content\/uploads\/2026\/09\/Family_indoors_during_wildfire_s\u2026_202609010137-1024x571.jpg 1024w, https:\/\/www.tuasaude.com\/news\/wp-content\/uploads\/2026\/09\/Family_indoors_during_wildfire_s\u2026_202609010137-300x167.jpg 300w, https:\/\/www.tuasaude.com\/news\/wp-content\/uploads\/2026\/09\/Family_indoors_during_wildfire_s\u2026_202609010137-768x428.jpg 768w, https:\/\/www.tuasaude.com\/news\/wp-content\/uploads\/2026\/09\/Family_indoors_during_wildfire_s\u2026_202609010137-750x418.jpg 750w, https:\/\/www.tuasaude.com\/news\/wp-content\/uploads\/2026\/09\/Family_indoors_during_wildfire_s\u2026_202609010137-1140x636.jpg 1140w, https:\/\/www.tuasaude.com\/news\/wp-content\/uploads\/2026\/09\/Family_indoors_during_wildfire_s\u2026_202609010137.jpg 1280w\" sizes=\"(max-width: 1024px) 100vw, 1024px\" \/><figcaption class=\"wp-element-caption\">Crian\u00e7as, idosos e pessoas vulner\u00e1veis precisam de prote\u00e7\u00e3o redobrada contra a fuma\u00e7a.<\/figcaption><\/figure>\n<\/div>\n\n\n<h2 class=\"wp-block-heading\">Quem precisa de aten\u00e7\u00e3o redobrada durante epis\u00f3dios de fuma\u00e7a?<\/h2>\n\n\n\n<p class=\"wp-block-paragraph\">Alguns grupos populacionais s\u00e3o mais vulner\u00e1veis aos efeitos da fuma\u00e7a e devem receber cuidados especiais quando a qualidade do ar piora na cidade. Reconhecer esses perfis ajuda a organizar a prote\u00e7\u00e3o familiar.<\/p>\n\n\n\n<ol class=\"wp-block-list\">\n<li>Crian\u00e7as pequenas, cujos pulm\u00f5es ainda est\u00e3o em desenvolvimento<\/li>\n\n\n\n<li>Idosos, especialmente aqueles com doen\u00e7as cr\u00f4nicas<\/li>\n\n\n\n<li>Gestantes, pois a exposi\u00e7\u00e3o pode afetar o desenvolvimento fetal<\/li>\n\n\n\n<li>Portadores de asma, bronquite ou DPOC, que podem ter crises graves<\/li>\n\n\n\n<li>Pessoas com doen\u00e7as card\u00edacas, hipertens\u00e3o ou hist\u00f3rico de AVC<\/li>\n\n\n\n<li>Pacientes com sistema imunol\u00f3gico comprometido<\/li>\n<\/ol>\n\n\n\n<p class=\"wp-block-paragraph\">Nesses casos, \u00e9 fundamental n\u00e3o interromper medicamentos de uso cont\u00ednuo sem orienta\u00e7\u00e3o e manter \u00e0 m\u00e3o as medica\u00e7\u00f5es de emerg\u00eancia, como broncodilatadores. Quem apresenta sintomas persistentes ou piora s\u00fabita da respira\u00e7\u00e3o deve procurar avalia\u00e7\u00e3o m\u00e9dica, especialmente se j\u00e1 teve <a href=\"https:\/\/www.tuasaude.com\/bronquite\/\" target=\"_blank\" rel=\"noreferrer noopener\">bronquite<\/a> ou outras condi\u00e7\u00f5es pulmonares. Em casos de exposi\u00e7\u00e3o mais intensa, os riscos de <a href=\"https:\/\/www.tuasaude.com\/perigos-de-inalar-fumaca-de-incendio\/\" target=\"_blank\" rel=\"noreferrer noopener\">inalar fuma\u00e7a de inc\u00eandio<\/a> exigem atendimento imediato no pronto-socorro.<\/p>\n\n\n\n<p class=\"wp-block-paragraph\"><em>Este conte\u00fado tem car\u00e1ter apenas informativo e n\u00e3o substitui a avalia\u00e7\u00e3o, o diagn\u00f3stico ou o tratamento realizado por um m\u00e9dico ou pneumologista qualificado. Consulte sempre um profissional de sa\u00fade ao apresentar sintomas respirat\u00f3rios persistentes ou agravamento de condi\u00e7\u00f5es preexistentes.<\/em><\/p>\n","protected":false},"excerpt":{"rendered":"<p>A chegada da fuma\u00e7a de queimadas a \u00e1reas urbanas se tornou uma preocupa\u00e7\u00e3o frequente no Brasil, principalmente durante os meses mais secos do ano. As part\u00edculas finas presentes nesse ar polu\u00eddo penetram profundamente nos pulm\u00f5es e podem afetar at\u00e9 a circula\u00e7\u00e3o sangu\u00ednea, causando desde irrita\u00e7\u00e3o nos olhos e garganta at\u00e9 crises graves em quem tem [&hellip;]<\/p>\n","protected":false},"author":16,"featured_media":106331,"comment_status":"open","ping_status":"open","sticky":false,"template":"","format":"standard","meta":{"_yoast_wpseo_focuskw":"fuma\u00e7a de queimadas","_yoast_wpseo_title":"","_yoast_wpseo_metadesc":"A fuma\u00e7a de queimadas cont\u00e9m part\u00edculas PM2,5 que chegam aos pulm\u00f5es. Saiba como reduzir a exposi\u00e7\u00e3o em casa e quais sinais exigem aten\u00e7\u00e3o.","jnews-multi-image_gallery":[],"jnews_single_post":{"format":"standard"},"jnews_primary_category":[],"jnews_social_meta":[],"jnews_override_counter":[],"footnotes":""},"categories":[111],"tags":[12901,12899,12900,136],"class_list":["post-106319","post","type-post","status-publish","format-standard","has-post-thumbnail","hentry","category-saude","tag-chega-na-sua-cidade","tag-o-que-fazer","tag-quando-a-fumaca-de-queimada","tag-saude"],"yoast_head":"<!-- This site is optimized with the Yoast SEO plugin v26.7 - https:\/\/yoast.com\/wordpress\/plugins\/seo\/ -->\n<title>O que fazer quando a fuma\u00e7a de queimada chega na sua cidade - Tua Sa\u00fade<\/title>\n<meta name=\"description\" content=\"A fuma\u00e7a de queimadas cont\u00e9m part\u00edculas PM2,5 que chegam aos pulm\u00f5es. Saiba como reduzir a exposi\u00e7\u00e3o em casa e quais sinais exigem aten\u00e7\u00e3o.\" \/>\n<meta name=\"robots\" content=\"index, follow, max-snippet:-1, max-image-preview:large, max-video-preview:-1\" \/>\n<link rel=\"canonical\" href=\"https:\/\/www.tuasaude.com\/news\/2026\/09\/02\/o-que-fazer-quando-a-fumaca-de-queimada-chega-na-sua-cidade\/\" \/>\n<meta property=\"og:locale\" content=\"pt_BR\" \/>\n<meta property=\"og:type\" content=\"article\" \/>\n<meta property=\"og:title\" content=\"O que fazer quando a fuma\u00e7a de queimada chega na sua cidade - Tua Sa\u00fade\" \/>\n<meta property=\"og:description\" content=\"A fuma\u00e7a de queimadas cont\u00e9m part\u00edculas PM2,5 que chegam aos pulm\u00f5es. Saiba como reduzir a exposi\u00e7\u00e3o em casa e quais sinais exigem aten\u00e7\u00e3o.\" \/>\n<meta property=\"og:url\" content=\"https:\/\/www.tuasaude.com\/news\/2026\/09\/02\/o-que-fazer-quando-a-fumaca-de-queimada-chega-na-sua-cidade\/\" \/>\n<meta property=\"og:site_name\" content=\"Tua Sa\u00fade\" \/>\n<meta property=\"article:published_time\" content=\"2026-09-02T15:22:00+00:00\" \/>\n<meta property=\"og:image\" content=\"https:\/\/www.tuasaude.com\/news\/wp-content\/uploads\/2026\/09\/Woman_checking_air_quality_alert_202609010137.jpg\" \/>\n\t<meta property=\"og:image:width\" content=\"1280\" \/>\n\t<meta property=\"og:image:height\" content=\"714\" \/>\n\t<meta property=\"og:image:type\" content=\"image\/jpeg\" \/>\n<meta name=\"author\" content=\"Maycon Geovane\" \/>\n<meta name=\"twitter:card\" content=\"summary_large_image\" \/>\n<meta name=\"twitter:label1\" content=\"Escrito por\" \/>\n\t<meta name=\"twitter:data1\" content=\"Maycon Geovane\" \/>\n\t<meta name=\"twitter:label2\" content=\"Est. tempo de leitura\" \/>\n\t<meta name=\"twitter:data2\" content=\"5 minutos\" \/>\n<!-- \/ Yoast SEO plugin. -->","yoast_head_json":{"title":"O que fazer quando a fuma\u00e7a de queimada chega na sua cidade - Tua Sa\u00fade","description":"A fuma\u00e7a de queimadas cont\u00e9m part\u00edculas PM2,5 que chegam aos pulm\u00f5es. Saiba como reduzir a exposi\u00e7\u00e3o em casa e quais sinais exigem aten\u00e7\u00e3o.","robots":{"index":"index","follow":"follow","max-snippet":"max-snippet:-1","max-image-preview":"max-image-preview:large","max-video-preview":"max-video-preview:-1"},"canonical":"https:\/\/www.tuasaude.com\/news\/2026\/09\/02\/o-que-fazer-quando-a-fumaca-de-queimada-chega-na-sua-cidade\/","og_locale":"pt_BR","og_type":"article","og_title":"O que fazer quando a fuma\u00e7a de queimada chega na sua cidade - Tua Sa\u00fade","og_description":"A fuma\u00e7a de queimadas cont\u00e9m part\u00edculas PM2,5 que chegam aos pulm\u00f5es. Saiba como reduzir a exposi\u00e7\u00e3o em casa e quais sinais exigem aten\u00e7\u00e3o.","og_url":"https:\/\/www.tuasaude.com\/news\/2026\/09\/02\/o-que-fazer-quando-a-fumaca-de-queimada-chega-na-sua-cidade\/","og_site_name":"Tua Sa\u00fade","article_published_time":"2026-09-02T15:22:00+00:00","og_image":[{"width":1280,"height":714,"url":"https:\/\/www.tuasaude.com\/news\/wp-content\/uploads\/2026\/09\/Woman_checking_air_quality_alert_202609010137.jpg","type":"image\/jpeg"}],"author":"Maycon Geovane","twitter_card":"summary_large_image","twitter_misc":{"Escrito por":"Maycon Geovane","Est. tempo de leitura":"5 minutos"},"schema":{"@context":"https:\/\/schema.org","@graph":[{"@type":"Article","@id":"https:\/\/www.tuasaude.com\/news\/2026\/09\/02\/o-que-fazer-quando-a-fumaca-de-queimada-chega-na-sua-cidade\/#article","isPartOf":{"@id":"https:\/\/www.tuasaude.com\/news\/2026\/09\/02\/o-que-fazer-quando-a-fumaca-de-queimada-chega-na-sua-cidade\/"},"author":{"name":"Maycon Geovane","@id":"https:\/\/www.tuasaude.com\/news\/#\/schema\/person\/da63bccfbda5c95cfbf2d37c4276fca0"},"headline":"O que fazer quando a fuma\u00e7a de queimada chega na sua cidade","datePublished":"2026-09-02T15:22:00+00:00","mainEntityOfPage":{"@id":"https:\/\/www.tuasaude.com\/news\/2026\/09\/02\/o-que-fazer-quando-a-fumaca-de-queimada-chega-na-sua-cidade\/"},"wordCount":927,"commentCount":0,"image":{"@id":"https:\/\/www.tuasaude.com\/news\/2026\/09\/02\/o-que-fazer-quando-a-fumaca-de-queimada-chega-na-sua-cidade\/#primaryimage"},"thumbnailUrl":"https:\/\/www.tuasaude.com\/news\/wp-content\/uploads\/2026\/09\/Woman_checking_air_quality_alert_202609010137.jpg","keywords":["chega na sua cidade","o que fazer","quando a fuma\u00e7a de queimada","sa\u00fade"],"articleSection":["Sa\u00fade"],"inLanguage":"pt-BR","potentialAction":[{"@type":"CommentAction","name":"Comment","target":["https:\/\/www.tuasaude.com\/news\/2026\/09\/02\/o-que-fazer-quando-a-fumaca-de-queimada-chega-na-sua-cidade\/#respond"]}]},{"@type":"WebPage","@id":"https:\/\/www.tuasaude.com\/news\/2026\/09\/02\/o-que-fazer-quando-a-fumaca-de-queimada-chega-na-sua-cidade\/","url":"https:\/\/www.tuasaude.com\/news\/2026\/09\/02\/o-que-fazer-quando-a-fumaca-de-queimada-chega-na-sua-cidade\/","name":"O que fazer quando a fuma\u00e7a de queimada chega na sua cidade - Tua Sa\u00fade","isPartOf":{"@id":"https:\/\/www.tuasaude.com\/news\/#website"},"primaryImageOfPage":{"@id":"https:\/\/www.tuasaude.com\/news\/2026\/09\/02\/o-que-fazer-quando-a-fumaca-de-queimada-chega-na-sua-cidade\/#primaryimage"},"image":{"@id":"https:\/\/www.tuasaude.com\/news\/2026\/09\/02\/o-que-fazer-quando-a-fumaca-de-queimada-chega-na-sua-cidade\/#primaryimage"},"thumbnailUrl":"https:\/\/www.tuasaude.com\/news\/wp-content\/uploads\/2026\/09\/Woman_checking_air_quality_alert_202609010137.jpg","datePublished":"2026-09-02T15:22:00+00:00","author":{"@id":"https:\/\/www.tuasaude.com\/news\/#\/schema\/person\/da63bccfbda5c95cfbf2d37c4276fca0"},"description":"A fuma\u00e7a de queimadas cont\u00e9m part\u00edculas PM2,5 que chegam aos pulm\u00f5es. Saiba como reduzir a exposi\u00e7\u00e3o em casa e quais sinais exigem aten\u00e7\u00e3o.","breadcrumb":{"@id":"https:\/\/www.tuasaude.com\/news\/2026\/09\/02\/o-que-fazer-quando-a-fumaca-de-queimada-chega-na-sua-cidade\/#breadcrumb"},"inLanguage":"pt-BR","potentialAction":[{"@type":"ReadAction","target":["https:\/\/www.tuasaude.com\/news\/2026\/09\/02\/o-que-fazer-quando-a-fumaca-de-queimada-chega-na-sua-cidade\/"]}]},{"@type":"ImageObject","inLanguage":"pt-BR","@id":"https:\/\/www.tuasaude.com\/news\/2026\/09\/02\/o-que-fazer-quando-a-fumaca-de-queimada-chega-na-sua-cidade\/#primaryimage","url":"https:\/\/www.tuasaude.com\/news\/wp-content\/uploads\/2026\/09\/Woman_checking_air_quality_alert_202609010137.jpg","contentUrl":"https:\/\/www.tuasaude.com\/news\/wp-content\/uploads\/2026\/09\/Woman_checking_air_quality_alert_202609010137.jpg","width":1280,"height":714,"caption":"O que fazer quando a fuma\u00e7a de queimada chega na sua cidadeO que fazer quando a fuma\u00e7a de queimada chega na sua cidade"},{"@type":"BreadcrumbList","@id":"https:\/\/www.tuasaude.com\/news\/2026\/09\/02\/o-que-fazer-quando-a-fumaca-de-queimada-chega-na-sua-cidade\/#breadcrumb","itemListElement":[{"@type":"ListItem","position":1,"name":"In\u00edcio","item":"https:\/\/www.tuasaude.com\/news\/"},{"@type":"ListItem","position":2,"name":"O que fazer quando a fuma\u00e7a de queimada chega na sua cidade"}]},{"@type":"WebSite","@id":"https:\/\/www.tuasaude.com\/news\/#website","url":"https:\/\/www.tuasaude.com\/news\/","name":"Tua Sa\u00fade","description":"Seu site de sa\u00fade","potentialAction":[{"@type":"SearchAction","target":{"@type":"EntryPoint","urlTemplate":"https:\/\/www.tuasaude.com\/news\/?s={search_term_string}"},"query-input":{"@type":"PropertyValueSpecification","valueRequired":true,"valueName":"search_term_string"}}],"inLanguage":"pt-BR"},{"@type":"Person","@id":"https:\/\/www.tuasaude.com\/news\/#\/schema\/person\/da63bccfbda5c95cfbf2d37c4276fca0","name":"Maycon Geovane","image":{"@type":"ImageObject","inLanguage":"pt-BR","@id":"https:\/\/www.tuasaude.com\/news\/#\/schema\/person\/image\/","url":"https:\/\/secure.gravatar.com\/avatar\/4f4908cf0a2f249a9f1137f9d5769cacc373d9aee67910cc212a09a346873b7d?s=96&d=mm&r=g","contentUrl":"https:\/\/secure.gravatar.com\/avatar\/4f4908cf0a2f249a9f1137f9d5769cacc373d9aee67910cc212a09a346873b7d?s=96&d=mm&r=g","caption":"Maycon Geovane"},"sameAs":["https:\/\/www.tuasaude.com\/news\/"],"url":"https:\/\/www.tuasaude.com\/news\/author\/maycongeovane\/"}]}},"_links":{"self":[{"href":"https:\/\/www.tuasaude.com\/news\/wp-json\/wp\/v2\/posts\/106319","targetHints":{"allow":["GET"]}}],"collection":[{"href":"https:\/\/www.tuasaude.com\/news\/wp-json\/wp\/v2\/posts"}],"about":[{"href":"https:\/\/www.tuasaude.com\/news\/wp-json\/wp\/v2\/types\/post"}],"author":[{"embeddable":true,"href":"https:\/\/www.tuasaude.com\/news\/wp-json\/wp\/v2\/users\/16"}],"replies":[{"embeddable":true,"href":"https:\/\/www.tuasaude.com\/news\/wp-json\/wp\/v2\/comments?post=106319"}],"version-history":[{"count":1,"href":"https:\/\/www.tuasaude.com\/news\/wp-json\/wp\/v2\/posts\/106319\/revisions"}],"predecessor-version":[{"id":106335,"href":"https:\/\/www.tuasaude.com\/news\/wp-json\/wp\/v2\/posts\/106319\/revisions\/106335"}],"wp:featuredmedia":[{"embeddable":true,"href":"https:\/\/www.tuasaude.com\/news\/wp-json\/wp\/v2\/media\/106331"}],"wp:attachment":[{"href":"https:\/\/www.tuasaude.com\/news\/wp-json\/wp\/v2\/media?parent=106319"}],"wp:term":[{"taxonomy":"category","embeddable":true,"href":"https:\/\/www.tuasaude.com\/news\/wp-json\/wp\/v2\/categories?post=106319"},{"taxonomy":"post_tag","embeddable":true,"href":"https:\/\/www.tuasaude.com\/news\/wp-json\/wp\/v2\/tags?post=106319"}],"curies":[{"name":"wp","href":"https:\/\/api.w.org\/{rel}","templated":true}]}}