{"id":106284,"date":"2026-09-02T08:50:00","date_gmt":"2026-09-02T11:50:00","guid":{"rendered":"https:\/\/www.tuasaude.com\/news\/?p=106284"},"modified":"2026-09-01T01:22:22","modified_gmt":"2026-09-01T04:22:22","slug":"quanta-agua-voce-realmente-precisa-beber-quando-o-tempo-esta-seco","status":"publish","type":"post","link":"https:\/\/www.tuasaude.com\/news\/2026\/09\/02\/quanta-agua-voce-realmente-precisa-beber-quando-o-tempo-esta-seco\/","title":{"rendered":"Quanta \u00e1gua voc\u00ea realmente precisa beber quando o tempo est\u00e1 seco"},"content":{"rendered":"\n<p class=\"wp-block-paragraph\">A regra dos dois litros de \u00e1gua por dia \u00e9 uma das recomenda\u00e7\u00f5es mais repetidas em conversas sobre sa\u00fade, mas a ci\u00eancia mostra que essa medida fixa n\u00e3o serve para todo mundo, principalmente quando o ar est\u00e1 seco e o calor aumenta a perda de l\u00edquidos pelo corpo. A necessidade real varia conforme peso, temperatura ambiente, n\u00edvel de atividade f\u00edsica e at\u00e9 a alimenta\u00e7\u00e3o, e ignorar esses fatores pode levar tanto \u00e0 desidrata\u00e7\u00e3o quanto ao consumo excessivo. Observar sinais simples do pr\u00f3prio organismo \u00e9 o caminho mais confi\u00e1vel para acertar a hidrata\u00e7\u00e3o no dia a dia.<\/p>\n\n\n\n<h2 class=\"wp-block-heading\">De onde vem a regra dos 2 litros de \u00e1gua por dia?<\/h2>\n\n\n\n<p class=\"wp-block-paragraph\">A ideia dos dois litros di\u00e1rios se popularizou a partir de recomenda\u00e7\u00f5es gen\u00e9ricas de institui\u00e7\u00f5es de nutri\u00e7\u00e3o feitas d\u00e9cadas atr\u00e1s. O n\u00famero foi \u00fatil como refer\u00eancia inicial, mas nunca representou uma necessidade universal, j\u00e1 que ignora caracter\u00edsticas individuais que interferem diretamente no balan\u00e7o h\u00eddrico.<\/p>\n\n\n\n<p class=\"wp-block-paragraph\">Fatores como peso corporal, composi\u00e7\u00e3o muscular, idade, condi\u00e7\u00f5es clim\u00e1ticas e pr\u00e1tica de exerc\u00edcios alteram significativamente a quantidade de \u00e1gua que cada pessoa precisa. Por isso, seguir uma meta r\u00edgida pode tanto deixar algu\u00e9m desidratado quanto for\u00e7ar o consumo al\u00e9m do necess\u00e1rio.<\/p>\n\n\n\n<h2 class=\"wp-block-heading\">Como calcular a quantidade de \u00e1gua ideal para o seu corpo?<\/h2>\n\n\n\n<p class=\"wp-block-paragraph\">Uma f\u00f3rmula pr\u00e1tica usada por nutricionistas \u00e9 multiplicar o peso corporal em quilos por 35 mililitros. Assim, uma pessoa de 60 kg precisa de aproximadamente 2,1 litros por dia, enquanto algu\u00e9m de 80 kg deve consumir cerca de 2,8 litros em condi\u00e7\u00f5es normais.<\/p>\n\n\n\n<p class=\"wp-block-paragraph\">Esse c\u00e1lculo funciona como ponto de partida e deve ser ajustado conforme o dia. Ferramentas gratuitas online, como a <a href=\"https:\/\/www.tuasaude.com\/calculadora\/consumo-de-agua-diario\/\" target=\"_blank\" rel=\"noreferrer noopener\">calculadora de consumo de \u00e1gua<\/a>, ajudam a estimar a necessidade individual com base em peso e idade, servindo como refer\u00eancia inicial para adultos saud\u00e1veis.<\/p>\n\n\n<div class=\"wp-block-image\">\n<figure class=\"aligncenter size-large\"><img decoding=\"async\" width=\"1024\" height=\"571\" src=\"https:\/\/www.tuasaude.com\/news\/wp-content\/uploads\/2026\/09\/Infographic_about_dry_climate_hy\u2026_202609010121-1024x571.jpg\" alt=\"Peso, clima, atividade f\u00edsica e sinais corporais orientam uma hidrata\u00e7\u00e3o mais adequada.\" class=\"wp-image-106286\" srcset=\"https:\/\/www.tuasaude.com\/news\/wp-content\/uploads\/2026\/09\/Infographic_about_dry_climate_hy\u2026_202609010121-1024x571.jpg 1024w, https:\/\/www.tuasaude.com\/news\/wp-content\/uploads\/2026\/09\/Infographic_about_dry_climate_hy\u2026_202609010121-300x167.jpg 300w, https:\/\/www.tuasaude.com\/news\/wp-content\/uploads\/2026\/09\/Infographic_about_dry_climate_hy\u2026_202609010121-768x428.jpg 768w, https:\/\/www.tuasaude.com\/news\/wp-content\/uploads\/2026\/09\/Infographic_about_dry_climate_hy\u2026_202609010121-750x418.jpg 750w, https:\/\/www.tuasaude.com\/news\/wp-content\/uploads\/2026\/09\/Infographic_about_dry_climate_hy\u2026_202609010121-1140x636.jpg 1140w, https:\/\/www.tuasaude.com\/news\/wp-content\/uploads\/2026\/09\/Infographic_about_dry_climate_hy\u2026_202609010121.jpg 1280w\" sizes=\"(max-width: 1024px) 100vw, 1024px\" \/><figcaption class=\"wp-element-caption\">Peso, clima, atividade f\u00edsica e sinais corporais orientam uma hidrata\u00e7\u00e3o mais adequada.<\/figcaption><\/figure>\n<\/div>\n\n\n<h2 class=\"wp-block-heading\">O que diz o estudo cient\u00edfico sobre a cor da urina e hidrata\u00e7\u00e3o?<\/h2>\n\n\n\n<p class=\"wp-block-paragraph\">A observa\u00e7\u00e3o da cor da urina \u00e9 um dos m\u00e9todos mais pr\u00e1ticos e acess\u00edveis para avaliar o estado de hidrata\u00e7\u00e3o ao longo do dia. Segundo a revis\u00e3o sistem\u00e1tica <a href=\"https:\/\/pubmed.ncbi.nlm.nih.gov\/32330109\/\" target=\"_blank\" rel=\"noreferrer noopener\">The Validity of Urine Color as a Hydration Biomarker within the General Adult Population and Athletes<\/a>, publicada no Journal of the American College of Nutrition, a cor da urina apresenta correla\u00e7\u00e3o significativa com marcadores laboratoriais de hidrata\u00e7\u00e3o, variando entre 0,40 e 0,93.<\/p>\n\n\n\n<p class=\"wp-block-paragraph\">Os pesquisadores analisaram dez estudos e conclu\u00edram que a avalia\u00e7\u00e3o visual da urina \u00e9 confi\u00e1vel para detectar desidrata\u00e7\u00e3o em adultos e atletas, funcionando como ferramenta pr\u00e1tica de monitoramento no dia a dia sem necessidade de exames.<\/p>\n\n\n\n<h2 class=\"wp-block-heading\">Quais fatores aumentam a necessidade de \u00e1gua no clima seco?<\/h2>\n\n\n\n<p class=\"wp-block-paragraph\">O ar seco, comum em muitas regi\u00f5es do Brasil durante os meses mais quentes ou de estiagem, acelera a perda de l\u00edquidos pelo corpo mesmo sem sudorese aparente. Isso torna necess\u00e1rio aumentar a ingest\u00e3o de \u00e1gua al\u00e9m do valor calculado pelo peso.<\/p>\n\n\n\n<ul class=\"wp-block-list\">\n<li><strong>Temperatura ambiente elevada<\/strong>: acima de 28 \u00b0C, o corpo perde mais \u00e1gua pela transpira\u00e7\u00e3o<\/li>\n\n\n\n<li><strong>Baixa umidade do ar<\/strong>: acelera a evapora\u00e7\u00e3o da pele e das vias respirat\u00f3rias<\/li>\n\n\n\n<li><strong>Atividade f\u00edsica<\/strong>: cada hora de exerc\u00edcio pode aumentar a necessidade em 500 a 800 ml<\/li>\n\n\n\n<li><strong>Exposi\u00e7\u00e3o direta ao sol<\/strong>: eleva a temperatura corporal e a perda de l\u00edquidos<\/li>\n\n\n\n<li><strong>Ambientes com ar-condicionado<\/strong>: ressecam as mucosas e aumentam a demanda h\u00eddrica<\/li>\n\n\n\n<li><strong>Gesta\u00e7\u00e3o e amamenta\u00e7\u00e3o<\/strong>: exigem volume adicional de \u00e1gua diariamente<\/li>\n\n\n\n<li><strong>Febre, v\u00f4mito ou diarreia<\/strong>: causam perda r\u00e1pida de l\u00edquidos e eletr\u00f3litos<\/li>\n\n\n\n<li><strong>Consumo elevado de s\u00f3dio ou cafe\u00edna<\/strong>: favorece a elimina\u00e7\u00e3o de \u00e1gua pela urina<\/li>\n<\/ul>\n\n\n\n<p class=\"wp-block-paragraph\">Nesses cen\u00e1rios, incluir frutas ricas em \u00e1gua, como melancia, abacaxi e laranja, al\u00e9m de sopas e ch\u00e1s sem cafe\u00edna, ajuda a complementar o balan\u00e7o h\u00eddrico ao longo do dia.<\/p>\n\n\n<div class=\"wp-block-image\">\n<figure class=\"aligncenter size-large\"><img decoding=\"async\" width=\"1024\" height=\"571\" src=\"https:\/\/www.tuasaude.com\/news\/wp-content\/uploads\/2026\/09\/Man_drinking_water_on_balcony_202609010121-1024x571.jpg\" alt=\"Peso, clima e sinais do organismo ajudam a ajustar a hidrata\u00e7\u00e3o di\u00e1ria.\" class=\"wp-image-106287\" srcset=\"https:\/\/www.tuasaude.com\/news\/wp-content\/uploads\/2026\/09\/Man_drinking_water_on_balcony_202609010121-1024x571.jpg 1024w, https:\/\/www.tuasaude.com\/news\/wp-content\/uploads\/2026\/09\/Man_drinking_water_on_balcony_202609010121-300x167.jpg 300w, https:\/\/www.tuasaude.com\/news\/wp-content\/uploads\/2026\/09\/Man_drinking_water_on_balcony_202609010121-768x428.jpg 768w, https:\/\/www.tuasaude.com\/news\/wp-content\/uploads\/2026\/09\/Man_drinking_water_on_balcony_202609010121-750x418.jpg 750w, https:\/\/www.tuasaude.com\/news\/wp-content\/uploads\/2026\/09\/Man_drinking_water_on_balcony_202609010121-1140x636.jpg 1140w, https:\/\/www.tuasaude.com\/news\/wp-content\/uploads\/2026\/09\/Man_drinking_water_on_balcony_202609010121.jpg 1280w\" sizes=\"(max-width: 1024px) 100vw, 1024px\" \/><figcaption class=\"wp-element-caption\">Peso, clima e sinais do organismo ajudam a ajustar a hidrata\u00e7\u00e3o di\u00e1ria.<\/figcaption><\/figure>\n<\/div>\n\n\n<h2 class=\"wp-block-heading\">Quando procurar ajuda m\u00e9dica para avaliar a hidrata\u00e7\u00e3o?<\/h2>\n\n\n\n<p class=\"wp-block-paragraph\">Alguns sinais indicam que o corpo pode estar em desequil\u00edbrio h\u00eddrico mais s\u00e9rio, exigindo avalia\u00e7\u00e3o profissional em vez de simples ajuste na ingest\u00e3o de \u00e1gua. Ficar atento a essas manifesta\u00e7\u00f5es \u00e9 essencial.<\/p>\n\n\n\n<ol class=\"wp-block-list\">\n<li>Urina muito escura ou com odor forte por v\u00e1rios dias seguidos<\/li>\n\n\n\n<li>Sede intensa que n\u00e3o passa mesmo ap\u00f3s beber \u00e1gua<\/li>\n\n\n\n<li>Boca e pele muito ressecadas, com perda de elasticidade<\/li>\n\n\n\n<li>Tontura, confus\u00e3o mental ou dor de cabe\u00e7a persistente<\/li>\n\n\n\n<li>Redu\u00e7\u00e3o importante da frequ\u00eancia urin\u00e1ria ao longo do dia<\/li>\n\n\n\n<li>Palpita\u00e7\u00f5es, fraqueza muscular ou queda de press\u00e3o<\/li>\n<\/ol>\n\n\n\n<p class=\"wp-block-paragraph\">Pessoas com doen\u00e7as renais, card\u00edacas ou em uso de medicamentos diur\u00e9ticos precisam de acompanhamento espec\u00edfico, j\u00e1 que tanto a falta quanto o excesso de l\u00edquidos podem ser perigosos. Observar os sintomas de desidrata\u00e7\u00e3o precocemente e conhecer os <a href=\"https:\/\/www.tuasaude.com\/beneficios-de-beber-agua\/\" target=\"_blank\" rel=\"noreferrer noopener\">benef\u00edcios da \u00e1gua<\/a> ajuda a manter uma rotina de hidrata\u00e7\u00e3o equilibrada e adaptada \u00e0s condi\u00e7\u00f5es do clima.<\/p>\n\n\n\n<p class=\"wp-block-paragraph\"><em>Este conte\u00fado tem car\u00e1ter apenas informativo e n\u00e3o substitui a avalia\u00e7\u00e3o, o diagn\u00f3stico ou o tratamento realizado por um m\u00e9dico ou nutricionista qualificado. Consulte sempre um profissional de sa\u00fade antes de fazer mudan\u00e7as significativas em sua rotina de hidrata\u00e7\u00e3o.<\/em><\/p>\n","protected":false},"excerpt":{"rendered":"<p>A regra dos dois litros de \u00e1gua por dia \u00e9 uma das recomenda\u00e7\u00f5es mais repetidas em conversas sobre sa\u00fade, mas a ci\u00eancia mostra que essa medida fixa n\u00e3o serve para todo mundo, principalmente quando o ar est\u00e1 seco e o calor aumenta a perda de l\u00edquidos pelo corpo. A necessidade real varia conforme peso, temperatura [&hellip;]<\/p>\n","protected":false},"author":16,"featured_media":106285,"comment_status":"open","ping_status":"open","sticky":false,"template":"","format":"standard","meta":{"_yoast_wpseo_focuskw":"quantidade de \u00e1gua","_yoast_wpseo_title":"","_yoast_wpseo_metadesc":"A regra dos 2 litros n\u00e3o serve para todo mundo. Entenda como o peso, o clima seco e a atividade f\u00edsica mudam a quantidade de \u00e1gua necess\u00e1ria por dia.","jnews-multi-image_gallery":[],"jnews_single_post":{"format":"standard"},"jnews_primary_category":[],"jnews_social_meta":[],"jnews_override_counter":[],"footnotes":""},"categories":[111],"tags":[991,12886,12884,12885,12883,136],"class_list":["post-106284","post","type-post","status-publish","format-standard","has-post-thumbnail","hentry","category-saude","tag-agua","tag-esta-seco","tag-precisa-beber","tag-quando-o-tempo","tag-quanta","tag-saude"],"yoast_head":"<!-- This site is optimized with the Yoast SEO plugin v26.7 - https:\/\/yoast.com\/wordpress\/plugins\/seo\/ -->\n<title>Quanta \u00e1gua voc\u00ea realmente precisa beber quando o tempo est\u00e1 seco - Tua Sa\u00fade<\/title>\n<meta name=\"description\" content=\"A regra dos 2 litros n\u00e3o serve para todo mundo. Entenda como o peso, o clima seco e a atividade f\u00edsica mudam a quantidade de \u00e1gua necess\u00e1ria por dia.\" \/>\n<meta name=\"robots\" content=\"index, follow, max-snippet:-1, max-image-preview:large, max-video-preview:-1\" \/>\n<link rel=\"canonical\" href=\"https:\/\/www.tuasaude.com\/news\/2026\/09\/02\/quanta-agua-voce-realmente-precisa-beber-quando-o-tempo-esta-seco\/\" \/>\n<meta property=\"og:locale\" content=\"pt_BR\" \/>\n<meta property=\"og:type\" content=\"article\" \/>\n<meta property=\"og:title\" content=\"Quanta \u00e1gua voc\u00ea realmente precisa beber quando o tempo est\u00e1 seco - Tua Sa\u00fade\" \/>\n<meta property=\"og:description\" content=\"A regra dos 2 litros n\u00e3o serve para todo mundo. Entenda como o peso, o clima seco e a atividade f\u00edsica mudam a quantidade de \u00e1gua necess\u00e1ria por dia.\" \/>\n<meta property=\"og:url\" content=\"https:\/\/www.tuasaude.com\/news\/2026\/09\/02\/quanta-agua-voce-realmente-precisa-beber-quando-o-tempo-esta-seco\/\" \/>\n<meta property=\"og:site_name\" content=\"Tua Sa\u00fade\" \/>\n<meta property=\"article:published_time\" content=\"2026-09-02T11:50:00+00:00\" \/>\n<meta property=\"og:image\" content=\"https:\/\/www.tuasaude.com\/news\/wp-content\/uploads\/2026\/09\/Woman_drinking_water_outdoors_202609010120.jpg\" \/>\n\t<meta property=\"og:image:width\" content=\"1280\" \/>\n\t<meta property=\"og:image:height\" content=\"714\" \/>\n\t<meta property=\"og:image:type\" content=\"image\/jpeg\" \/>\n<meta name=\"author\" content=\"Maycon Geovane\" \/>\n<meta name=\"twitter:card\" content=\"summary_large_image\" \/>\n<meta name=\"twitter:label1\" content=\"Escrito por\" \/>\n\t<meta name=\"twitter:data1\" content=\"Maycon Geovane\" \/>\n\t<meta name=\"twitter:label2\" content=\"Est. tempo de leitura\" \/>\n\t<meta name=\"twitter:data2\" content=\"6 minutos\" \/>\n<!-- \/ Yoast SEO plugin. -->","yoast_head_json":{"title":"Quanta \u00e1gua voc\u00ea realmente precisa beber quando o tempo est\u00e1 seco - Tua Sa\u00fade","description":"A regra dos 2 litros n\u00e3o serve para todo mundo. Entenda como o peso, o clima seco e a atividade f\u00edsica mudam a quantidade de \u00e1gua necess\u00e1ria por dia.","robots":{"index":"index","follow":"follow","max-snippet":"max-snippet:-1","max-image-preview":"max-image-preview:large","max-video-preview":"max-video-preview:-1"},"canonical":"https:\/\/www.tuasaude.com\/news\/2026\/09\/02\/quanta-agua-voce-realmente-precisa-beber-quando-o-tempo-esta-seco\/","og_locale":"pt_BR","og_type":"article","og_title":"Quanta \u00e1gua voc\u00ea realmente precisa beber quando o tempo est\u00e1 seco - Tua Sa\u00fade","og_description":"A regra dos 2 litros n\u00e3o serve para todo mundo. Entenda como o peso, o clima seco e a atividade f\u00edsica mudam a quantidade de \u00e1gua necess\u00e1ria por dia.","og_url":"https:\/\/www.tuasaude.com\/news\/2026\/09\/02\/quanta-agua-voce-realmente-precisa-beber-quando-o-tempo-esta-seco\/","og_site_name":"Tua Sa\u00fade","article_published_time":"2026-09-02T11:50:00+00:00","og_image":[{"width":1280,"height":714,"url":"https:\/\/www.tuasaude.com\/news\/wp-content\/uploads\/2026\/09\/Woman_drinking_water_outdoors_202609010120.jpg","type":"image\/jpeg"}],"author":"Maycon Geovane","twitter_card":"summary_large_image","twitter_misc":{"Escrito por":"Maycon Geovane","Est. tempo de leitura":"6 minutos"},"schema":{"@context":"https:\/\/schema.org","@graph":[{"@type":"Article","@id":"https:\/\/www.tuasaude.com\/news\/2026\/09\/02\/quanta-agua-voce-realmente-precisa-beber-quando-o-tempo-esta-seco\/#article","isPartOf":{"@id":"https:\/\/www.tuasaude.com\/news\/2026\/09\/02\/quanta-agua-voce-realmente-precisa-beber-quando-o-tempo-esta-seco\/"},"author":{"name":"Maycon Geovane","@id":"https:\/\/www.tuasaude.com\/news\/#\/schema\/person\/da63bccfbda5c95cfbf2d37c4276fca0"},"headline":"Quanta \u00e1gua voc\u00ea realmente precisa beber quando o tempo est\u00e1 seco","datePublished":"2026-09-02T11:50:00+00:00","mainEntityOfPage":{"@id":"https:\/\/www.tuasaude.com\/news\/2026\/09\/02\/quanta-agua-voce-realmente-precisa-beber-quando-o-tempo-esta-seco\/"},"wordCount":917,"commentCount":0,"image":{"@id":"https:\/\/www.tuasaude.com\/news\/2026\/09\/02\/quanta-agua-voce-realmente-precisa-beber-quando-o-tempo-esta-seco\/#primaryimage"},"thumbnailUrl":"https:\/\/www.tuasaude.com\/news\/wp-content\/uploads\/2026\/09\/Woman_drinking_water_outdoors_202609010120.jpg","keywords":["\u00e1gua","est\u00e1 seco","precisa beber","quando o tempo","quanta","sa\u00fade"],"articleSection":["Sa\u00fade"],"inLanguage":"pt-BR","potentialAction":[{"@type":"CommentAction","name":"Comment","target":["https:\/\/www.tuasaude.com\/news\/2026\/09\/02\/quanta-agua-voce-realmente-precisa-beber-quando-o-tempo-esta-seco\/#respond"]}]},{"@type":"WebPage","@id":"https:\/\/www.tuasaude.com\/news\/2026\/09\/02\/quanta-agua-voce-realmente-precisa-beber-quando-o-tempo-esta-seco\/","url":"https:\/\/www.tuasaude.com\/news\/2026\/09\/02\/quanta-agua-voce-realmente-precisa-beber-quando-o-tempo-esta-seco\/","name":"Quanta \u00e1gua voc\u00ea realmente precisa beber quando o tempo est\u00e1 seco - Tua Sa\u00fade","isPartOf":{"@id":"https:\/\/www.tuasaude.com\/news\/#website"},"primaryImageOfPage":{"@id":"https:\/\/www.tuasaude.com\/news\/2026\/09\/02\/quanta-agua-voce-realmente-precisa-beber-quando-o-tempo-esta-seco\/#primaryimage"},"image":{"@id":"https:\/\/www.tuasaude.com\/news\/2026\/09\/02\/quanta-agua-voce-realmente-precisa-beber-quando-o-tempo-esta-seco\/#primaryimage"},"thumbnailUrl":"https:\/\/www.tuasaude.com\/news\/wp-content\/uploads\/2026\/09\/Woman_drinking_water_outdoors_202609010120.jpg","datePublished":"2026-09-02T11:50:00+00:00","author":{"@id":"https:\/\/www.tuasaude.com\/news\/#\/schema\/person\/da63bccfbda5c95cfbf2d37c4276fca0"},"description":"A regra dos 2 litros n\u00e3o serve para todo mundo. Entenda como o peso, o clima seco e a atividade f\u00edsica mudam a quantidade de \u00e1gua necess\u00e1ria por dia.","breadcrumb":{"@id":"https:\/\/www.tuasaude.com\/news\/2026\/09\/02\/quanta-agua-voce-realmente-precisa-beber-quando-o-tempo-esta-seco\/#breadcrumb"},"inLanguage":"pt-BR","potentialAction":[{"@type":"ReadAction","target":["https:\/\/www.tuasaude.com\/news\/2026\/09\/02\/quanta-agua-voce-realmente-precisa-beber-quando-o-tempo-esta-seco\/"]}]},{"@type":"ImageObject","inLanguage":"pt-BR","@id":"https:\/\/www.tuasaude.com\/news\/2026\/09\/02\/quanta-agua-voce-realmente-precisa-beber-quando-o-tempo-esta-seco\/#primaryimage","url":"https:\/\/www.tuasaude.com\/news\/wp-content\/uploads\/2026\/09\/Woman_drinking_water_outdoors_202609010120.jpg","contentUrl":"https:\/\/www.tuasaude.com\/news\/wp-content\/uploads\/2026\/09\/Woman_drinking_water_outdoors_202609010120.jpg","width":1280,"height":714,"caption":"Quanta \u00e1gua voc\u00ea realmente precisa beber quando o tempo est\u00e1 seco"},{"@type":"BreadcrumbList","@id":"https:\/\/www.tuasaude.com\/news\/2026\/09\/02\/quanta-agua-voce-realmente-precisa-beber-quando-o-tempo-esta-seco\/#breadcrumb","itemListElement":[{"@type":"ListItem","position":1,"name":"In\u00edcio","item":"https:\/\/www.tuasaude.com\/news\/"},{"@type":"ListItem","position":2,"name":"Quanta \u00e1gua voc\u00ea realmente precisa beber quando o tempo est\u00e1 seco"}]},{"@type":"WebSite","@id":"https:\/\/www.tuasaude.com\/news\/#website","url":"https:\/\/www.tuasaude.com\/news\/","name":"Tua Sa\u00fade","description":"Seu site de sa\u00fade","potentialAction":[{"@type":"SearchAction","target":{"@type":"EntryPoint","urlTemplate":"https:\/\/www.tuasaude.com\/news\/?s={search_term_string}"},"query-input":{"@type":"PropertyValueSpecification","valueRequired":true,"valueName":"search_term_string"}}],"inLanguage":"pt-BR"},{"@type":"Person","@id":"https:\/\/www.tuasaude.com\/news\/#\/schema\/person\/da63bccfbda5c95cfbf2d37c4276fca0","name":"Maycon Geovane","image":{"@type":"ImageObject","inLanguage":"pt-BR","@id":"https:\/\/www.tuasaude.com\/news\/#\/schema\/person\/image\/","url":"https:\/\/secure.gravatar.com\/avatar\/4f4908cf0a2f249a9f1137f9d5769cacc373d9aee67910cc212a09a346873b7d?s=96&d=mm&r=g","contentUrl":"https:\/\/secure.gravatar.com\/avatar\/4f4908cf0a2f249a9f1137f9d5769cacc373d9aee67910cc212a09a346873b7d?s=96&d=mm&r=g","caption":"Maycon Geovane"},"sameAs":["https:\/\/www.tuasaude.com\/news\/"],"url":"https:\/\/www.tuasaude.com\/news\/author\/maycongeovane\/"}]}},"_links":{"self":[{"href":"https:\/\/www.tuasaude.com\/news\/wp-json\/wp\/v2\/posts\/106284","targetHints":{"allow":["GET"]}}],"collection":[{"href":"https:\/\/www.tuasaude.com\/news\/wp-json\/wp\/v2\/posts"}],"about":[{"href":"https:\/\/www.tuasaude.com\/news\/wp-json\/wp\/v2\/types\/post"}],"author":[{"embeddable":true,"href":"https:\/\/www.tuasaude.com\/news\/wp-json\/wp\/v2\/users\/16"}],"replies":[{"embeddable":true,"href":"https:\/\/www.tuasaude.com\/news\/wp-json\/wp\/v2\/comments?post=106284"}],"version-history":[{"count":1,"href":"https:\/\/www.tuasaude.com\/news\/wp-json\/wp\/v2\/posts\/106284\/revisions"}],"predecessor-version":[{"id":106288,"href":"https:\/\/www.tuasaude.com\/news\/wp-json\/wp\/v2\/posts\/106284\/revisions\/106288"}],"wp:featuredmedia":[{"embeddable":true,"href":"https:\/\/www.tuasaude.com\/news\/wp-json\/wp\/v2\/media\/106285"}],"wp:attachment":[{"href":"https:\/\/www.tuasaude.com\/news\/wp-json\/wp\/v2\/media?parent=106284"}],"wp:term":[{"taxonomy":"category","embeddable":true,"href":"https:\/\/www.tuasaude.com\/news\/wp-json\/wp\/v2\/categories?post=106284"},{"taxonomy":"post_tag","embeddable":true,"href":"https:\/\/www.tuasaude.com\/news\/wp-json\/wp\/v2\/tags?post=106284"}],"curies":[{"name":"wp","href":"https:\/\/api.w.org\/{rel}","templated":true}]}}