{"id":106203,"date":"2026-09-01T11:05:00","date_gmt":"2026-09-01T14:05:00","guid":{"rendered":"https:\/\/www.tuasaude.com\/news\/?p=106203"},"modified":"2026-08-31T15:18:27","modified_gmt":"2026-08-31T18:18:27","slug":"caracteristicas-da-dor-de-cabeca-que-podem-esconder-quadros-graves-e-quando-correr-para-o-pronto-socorro","status":"publish","type":"post","link":"https:\/\/www.tuasaude.com\/news\/2026\/09\/01\/caracteristicas-da-dor-de-cabeca-que-podem-esconder-quadros-graves-e-quando-correr-para-o-pronto-socorro\/","title":{"rendered":"Caracter\u00edsticas da dor de cabe\u00e7a que podem esconder quadros graves e quando correr para o pronto-socorro"},"content":{"rendered":"\n<p class=\"wp-block-paragraph\">A maioria das dores de cabe\u00e7a est\u00e1 relacionada a condi\u00e7\u00f5es prim\u00e1rias, como enxaqueca e cefaleia tensional, e n\u00e3o representa uma emerg\u00eancia. Algumas caracter\u00edsticas, por\u00e9m, mudam completamente essa avalia\u00e7\u00e3o. Uma dor que surge de forma explosiva, acompanhada de febre e rigidez de nuca, perda de for\u00e7a, confus\u00e3o ou altera\u00e7\u00f5es neurol\u00f3gicas novas pode indicar problemas como AVC, meningite ou hemorragia subaracn\u00f3idea e exige atendimento r\u00e1pido.<\/p>\n\n\n\n<h2 class=\"wp-block-heading\">Como diferenciar uma dor de cabe\u00e7a comum de um sinal de alerta?<\/h2>\n\n\n\n<p class=\"wp-block-paragraph\">A <a href=\"https:\/\/www.tuasaude.com\/enxaqueca\/\" target=\"_blank\" rel=\"noreferrer noopener\">enxaqueca<\/a> costuma provocar crises recorrentes de dor moderada a intensa, frequentemente puls\u00e1til, que podem vir acompanhadas de n\u00e1usea, sensibilidade \u00e0 luz e ao som e, em algumas pessoas, aura visual. Quem tem diagn\u00f3stico conhecido geralmente reconhece um padr\u00e3o relativamente semelhante entre as crises.<\/p>\n\n\n\n<p class=\"wp-block-paragraph\">J\u00e1 a cefaleia tensional tende a provocar press\u00e3o ou aperto em ambos os lados da cabe\u00e7a, geralmente sem v\u00f4mitos e sem piora importante durante atividades rotineiras. O sinal mais preocupante n\u00e3o \u00e9 apenas a intensidade, mas uma mudan\u00e7a brusca no padr\u00e3o, sintomas in\u00e9ditos ou altera\u00e7\u00f5es neurol\u00f3gicas associadas \u00e0 dor.<\/p>\n\n\n\n<h2 class=\"wp-block-heading\">Por que uma dor s\u00fabita e muito intensa preocupa?<\/h2>\n\n\n\n<p class=\"wp-block-paragraph\">Uma cefaleia que come\u00e7a abruptamente e atinge intensidade m\u00e1xima em segundos ou poucos minutos \u00e9 chamada de cefaleia em trovoada. A descri\u00e7\u00e3o de \u201cpior dor de cabe\u00e7a da vida\u201d, principalmente quando a sensa\u00e7\u00e3o nunca ocorreu antes, deve ser avaliada imediatamente para descartar causas vasculares graves.<\/p>\n\n\n\n<p class=\"wp-block-paragraph\">Entre elas est\u00e1 a hemorragia subaracn\u00f3idea, um sangramento que pode ocorrer ap\u00f3s a ruptura de um aneurisma cerebral. A dor tamb\u00e9m pode estar associada a v\u00f4mitos, rigidez da nuca, perda de consci\u00eancia ou altera\u00e7\u00f5es neurol\u00f3gicas, mas algumas pessoas apresentam inicialmente apenas uma cefaleia muito intensa e repentina.<\/p>\n\n\n<div class=\"wp-block-image\">\n<figure class=\"aligncenter size-large\"><img decoding=\"async\" width=\"1024\" height=\"571\" src=\"https:\/\/www.tuasaude.com\/news\/wp-content\/uploads\/2026\/09\/Headache_emergency_signs_infogra\u2026_202608311517-1024x571.jpg\" alt=\"Dor explosiva, febre, fraqueza e confus\u00e3o s\u00e3o sinais de alerta neurol\u00f3gico.\" class=\"wp-image-106207\" srcset=\"https:\/\/www.tuasaude.com\/news\/wp-content\/uploads\/2026\/09\/Headache_emergency_signs_infogra\u2026_202608311517-1024x571.jpg 1024w, https:\/\/www.tuasaude.com\/news\/wp-content\/uploads\/2026\/09\/Headache_emergency_signs_infogra\u2026_202608311517-300x167.jpg 300w, https:\/\/www.tuasaude.com\/news\/wp-content\/uploads\/2026\/09\/Headache_emergency_signs_infogra\u2026_202608311517-768x428.jpg 768w, https:\/\/www.tuasaude.com\/news\/wp-content\/uploads\/2026\/09\/Headache_emergency_signs_infogra\u2026_202608311517-750x418.jpg 750w, https:\/\/www.tuasaude.com\/news\/wp-content\/uploads\/2026\/09\/Headache_emergency_signs_infogra\u2026_202608311517-1140x636.jpg 1140w, https:\/\/www.tuasaude.com\/news\/wp-content\/uploads\/2026\/09\/Headache_emergency_signs_infogra\u2026_202608311517.jpg 1280w\" sizes=\"(max-width: 1024px) 100vw, 1024px\" \/><figcaption class=\"wp-element-caption\">vDor explosiva, febre, fraqueza e confus\u00e3o s\u00e3o sinais de alerta neurol\u00f3gico.<\/figcaption><\/figure>\n<\/div>\n\n\n<h2 class=\"wp-block-heading\">Quais sintomas junto com a dor exigem aten\u00e7\u00e3o imediata?<\/h2>\n\n\n\n<p class=\"wp-block-paragraph\">Algumas combina\u00e7\u00f5es aumentam a possibilidade de uma cefaleia secund\u00e1ria grave e justificam avalia\u00e7\u00e3o de urg\u00eancia:<\/p>\n\n\n\n<ul class=\"wp-block-list\">\n<li><strong>Dor s\u00fabita e explosiva:<\/strong> especialmente quando atinge intensidade m\u00e1xima rapidamente e \u00e9 diferente das dores anteriores.<\/li>\n\n\n\n<li><strong>Febre com rigidez de nuca:<\/strong> pode ocorrer na <a href=\"https:\/\/www.tuasaude.com\/meningite\/\" target=\"_blank\" rel=\"noreferrer noopener\">meningite<\/a>, principalmente quando existem prostra\u00e7\u00e3o, v\u00f4mitos, sonol\u00eancia ou confus\u00e3o.<\/li>\n\n\n\n<li><strong>Fraqueza ou dorm\u00eancia em um lado:<\/strong> altera\u00e7\u00f5es s\u00fabitas no rosto, bra\u00e7o ou perna podem ser sinais de AVC.<\/li>\n\n\n\n<li><strong>Confus\u00e3o ou dificuldade para falar:<\/strong> perda de orienta\u00e7\u00e3o, fala enrolada ou dificuldade para compreender palavras exige avalia\u00e7\u00e3o imediata.<\/li>\n\n\n\n<li><strong>Altera\u00e7\u00e3o visual nova:<\/strong> perda s\u00fabita da vis\u00e3o, vis\u00e3o dupla ou uma manifesta\u00e7\u00e3o visual muito diferente da aura habitual merece investiga\u00e7\u00e3o r\u00e1pida.<\/li>\n<\/ul>\n\n\n\n<h2 class=\"wp-block-heading\">O que estudos mostram sobre os sinais de alarme?<\/h2>\n\n\n\n<p class=\"wp-block-paragraph\">As evid\u00eancias cient\u00edficas refor\u00e7am que certas caracter\u00edsticas da cefaleia devem levar \u00e0 investiga\u00e7\u00e3o de causas secund\u00e1rias. Segundo a revis\u00e3o <a href=\"https:\/\/pubmed.ncbi.nlm.nih.gov\/30587518\/\" target=\"_blank\" rel=\"noreferrer noopener\">Red and orange flags for secondary headaches in clinical practice<\/a>, publicada na revista <em>Neurology<\/em>, in\u00edcio s\u00fabito da dor, febre, d\u00e9ficits neurol\u00f3gicos, redu\u00e7\u00e3o do n\u00edvel de consci\u00eancia e mudan\u00e7as recentes no padr\u00e3o da cefaleia est\u00e3o entre os principais sinais de alerta avaliados na pr\u00e1tica cl\u00ednica.<\/p>\n\n\n\n<p class=\"wp-block-paragraph\">Esses sinais n\u00e3o significam automaticamente que existe uma doen\u00e7a grave, mas aumentam a necessidade de investiga\u00e7\u00e3o. Dependendo do quadro, o m\u00e9dico pode indicar exame neurol\u00f3gico, tomografia, resson\u00e2ncia magn\u00e9tica, exames laboratoriais ou an\u00e1lise do l\u00edquido cefalorraquidiano para identificar rapidamente a origem dos sintomas.<\/p>\n\n\n<div class=\"wp-block-image\">\n<figure class=\"aligncenter size-large\"><img decoding=\"async\" width=\"1024\" height=\"571\" src=\"https:\/\/www.tuasaude.com\/news\/wp-content\/uploads\/2026\/09\/Man_experiencing_sudden_headache\u2026_202608311517-1024x571.jpg\" alt=\"Fraqueza, confus\u00e3o ou altera\u00e7\u00e3o da fala junto \u00e0 cefaleia exigem atendimento r\u00e1pido.\" class=\"wp-image-106208\" srcset=\"https:\/\/www.tuasaude.com\/news\/wp-content\/uploads\/2026\/09\/Man_experiencing_sudden_headache\u2026_202608311517-1024x571.jpg 1024w, https:\/\/www.tuasaude.com\/news\/wp-content\/uploads\/2026\/09\/Man_experiencing_sudden_headache\u2026_202608311517-300x167.jpg 300w, https:\/\/www.tuasaude.com\/news\/wp-content\/uploads\/2026\/09\/Man_experiencing_sudden_headache\u2026_202608311517-768x428.jpg 768w, https:\/\/www.tuasaude.com\/news\/wp-content\/uploads\/2026\/09\/Man_experiencing_sudden_headache\u2026_202608311517-750x418.jpg 750w, https:\/\/www.tuasaude.com\/news\/wp-content\/uploads\/2026\/09\/Man_experiencing_sudden_headache\u2026_202608311517-1140x636.jpg 1140w, https:\/\/www.tuasaude.com\/news\/wp-content\/uploads\/2026\/09\/Man_experiencing_sudden_headache\u2026_202608311517.jpg 1280w\" sizes=\"(max-width: 1024px) 100vw, 1024px\" \/><figcaption class=\"wp-element-caption\">Fraqueza, confus\u00e3o ou altera\u00e7\u00e3o da fala junto \u00e0 cefaleia exigem atendimento r\u00e1pido.<\/figcaption><\/figure>\n<\/div>\n\n\n<h2 class=\"wp-block-heading\">Quando ir ao pronto-socorro por causa da dor de cabe\u00e7a?<\/h2>\n\n\n\n<p class=\"wp-block-paragraph\">A procura por atendimento imediato \u00e9 indicada especialmente nas seguintes situa\u00e7\u00f5es:<\/p>\n\n\n\n<ul class=\"wp-block-list\">\n<li>Dor de cabe\u00e7a s\u00fabita, extremamente intensa e diferente das crises anteriores.<\/li>\n\n\n\n<li>Dor acompanhada de fraqueza, dorm\u00eancia ou paralisia de um lado do corpo.<\/li>\n\n\n\n<li>Dificuldade s\u00fabita para falar, compreender palavras ou manter o equil\u00edbrio, sinais que podem ocorrer no <a href=\"https:\/\/www.tuasaude.com\/avc-acidente-vascular-cerebral\/\" target=\"_blank\" rel=\"noreferrer noopener\">AVC<\/a>.<\/li>\n\n\n\n<li>Febre alta associada a rigidez de nuca, sonol\u00eancia intensa ou confus\u00e3o.<\/li>\n\n\n\n<li>Desmaio, convuls\u00e3o ou redu\u00e7\u00e3o do n\u00edvel de consci\u00eancia junto com a cefaleia.<\/li>\n\n\n\n<li>Perda s\u00fabita da vis\u00e3o, vis\u00e3o dupla nova ou outro d\u00e9ficit neurol\u00f3gico inesperado.<\/li>\n<\/ul>\n\n\n\n<p class=\"wp-block-paragraph\">Uma altera\u00e7\u00e3o visual semelhante \u00e0 aura j\u00e1 conhecida da enxaqueca pode n\u00e3o representar uma emerg\u00eancia, mas sintomas que aparecem pela primeira vez, s\u00e3o muito diferentes do habitual ou v\u00eam acompanhados de perda de for\u00e7a, fala alterada ou confus\u00e3o devem ser avaliados rapidamente. Dores recorrentes sem sinais de urg\u00eancia tamb\u00e9m merecem orienta\u00e7\u00e3o m\u00e9dica quando mudam de padr\u00e3o, aumentam de frequ\u00eancia ou passam a interferir nas atividades di\u00e1rias.<\/p>\n\n\n\n<p class=\"wp-block-paragraph\"><em>Este conte\u00fado tem car\u00e1ter apenas informativo e n\u00e3o substitui avalia\u00e7\u00e3o, diagn\u00f3stico ou orienta\u00e7\u00e3o m\u00e9dica profissional. Na presen\u00e7a de sinais de alarme ou de uma dor de cabe\u00e7a diferente do padr\u00e3o habitual, procure atendimento m\u00e9dico.<\/em><\/p>\n","protected":false},"excerpt":{"rendered":"<p>A maioria das dores de cabe\u00e7a est\u00e1 relacionada a condi\u00e7\u00f5es prim\u00e1rias, como enxaqueca e cefaleia tensional, e n\u00e3o representa uma emerg\u00eancia. Algumas caracter\u00edsticas, por\u00e9m, mudam completamente essa avalia\u00e7\u00e3o. Uma dor que surge de forma explosiva, acompanhada de febre e rigidez de nuca, perda de for\u00e7a, confus\u00e3o ou altera\u00e7\u00f5es neurol\u00f3gicas novas pode indicar problemas como AVC, [&hellip;]<\/p>\n","protected":false},"author":11,"featured_media":106206,"comment_status":"open","ping_status":"open","sticky":false,"template":"","format":"standard","meta":{"_yoast_wpseo_focuskw":"dor de cabe\u00e7a","_yoast_wpseo_title":"","_yoast_wpseo_metadesc":"Dor de cabe\u00e7a nem sempre \u00e9 emerg\u00eancia, mas alguns sinais exigem aten\u00e7\u00e3o r\u00e1pida. Entenda quando dor s\u00fabita, febre, fraqueza e confus\u00e3o indicam maior preocupa\u00e7\u00e3o.","jnews-multi-image_gallery":[],"jnews_single_post":{"format":"standard"},"jnews_primary_category":[],"jnews_social_meta":[],"jnews_override_counter":[],"footnotes":""},"categories":[111],"tags":[145,282,4190,136],"class_list":["post-106203","post","type-post","status-publish","format-standard","has-post-thumbnail","hentry","category-saude","tag-bem-estar","tag-dor-de-cabeca","tag-pronto-socorro","tag-saude"],"yoast_head":"<!-- This site is optimized with the Yoast SEO plugin v26.7 - https:\/\/yoast.com\/wordpress\/plugins\/seo\/ -->\n<title>Caracter\u00edsticas da dor de cabe\u00e7a que podem esconder quadros graves e quando correr para o pronto-socorro - Tua Sa\u00fade<\/title>\n<meta name=\"description\" content=\"Dor de cabe\u00e7a nem sempre \u00e9 emerg\u00eancia, mas alguns sinais exigem aten\u00e7\u00e3o r\u00e1pida. Entenda quando dor s\u00fabita, febre, fraqueza e confus\u00e3o indicam maior preocupa\u00e7\u00e3o.\" \/>\n<meta name=\"robots\" content=\"index, follow, max-snippet:-1, max-image-preview:large, max-video-preview:-1\" \/>\n<link rel=\"canonical\" href=\"https:\/\/www.tuasaude.com\/news\/2026\/09\/01\/caracteristicas-da-dor-de-cabeca-que-podem-esconder-quadros-graves-e-quando-correr-para-o-pronto-socorro\/\" \/>\n<meta property=\"og:locale\" content=\"pt_BR\" \/>\n<meta property=\"og:type\" content=\"article\" \/>\n<meta property=\"og:title\" content=\"Caracter\u00edsticas da dor de cabe\u00e7a que podem esconder quadros graves e quando correr para o pronto-socorro - Tua Sa\u00fade\" \/>\n<meta property=\"og:description\" content=\"Dor de cabe\u00e7a nem sempre \u00e9 emerg\u00eancia, mas alguns sinais exigem aten\u00e7\u00e3o r\u00e1pida. Entenda quando dor s\u00fabita, febre, fraqueza e confus\u00e3o indicam maior preocupa\u00e7\u00e3o.\" \/>\n<meta property=\"og:url\" content=\"https:\/\/www.tuasaude.com\/news\/2026\/09\/01\/caracteristicas-da-dor-de-cabeca-que-podem-esconder-quadros-graves-e-quando-correr-para-o-pronto-socorro\/\" \/>\n<meta property=\"og:site_name\" content=\"Tua Sa\u00fade\" \/>\n<meta property=\"article:published_time\" content=\"2026-09-01T14:05:00+00:00\" \/>\n<meta property=\"og:image\" content=\"https:\/\/www.tuasaude.com\/news\/wp-content\/uploads\/2026\/09\/Woman_experiencing_sudden_severe\u2026_202608311516.jpg\" \/>\n\t<meta property=\"og:image:width\" content=\"1280\" \/>\n\t<meta property=\"og:image:height\" content=\"714\" \/>\n\t<meta property=\"og:image:type\" content=\"image\/jpeg\" \/>\n<meta name=\"author\" content=\"Gessika Julia Carvalho\" \/>\n<meta name=\"twitter:card\" content=\"summary_large_image\" \/>\n<meta name=\"twitter:label1\" content=\"Escrito por\" \/>\n\t<meta name=\"twitter:data1\" content=\"Gessika Julia Carvalho\" \/>\n\t<meta name=\"twitter:label2\" content=\"Est. tempo de leitura\" \/>\n\t<meta name=\"twitter:data2\" content=\"5 minutos\" \/>\n<!-- \/ Yoast SEO plugin. -->","yoast_head_json":{"title":"Caracter\u00edsticas da dor de cabe\u00e7a que podem esconder quadros graves e quando correr para o pronto-socorro - Tua Sa\u00fade","description":"Dor de cabe\u00e7a nem sempre \u00e9 emerg\u00eancia, mas alguns sinais exigem aten\u00e7\u00e3o r\u00e1pida. Entenda quando dor s\u00fabita, febre, fraqueza e confus\u00e3o indicam maior preocupa\u00e7\u00e3o.","robots":{"index":"index","follow":"follow","max-snippet":"max-snippet:-1","max-image-preview":"max-image-preview:large","max-video-preview":"max-video-preview:-1"},"canonical":"https:\/\/www.tuasaude.com\/news\/2026\/09\/01\/caracteristicas-da-dor-de-cabeca-que-podem-esconder-quadros-graves-e-quando-correr-para-o-pronto-socorro\/","og_locale":"pt_BR","og_type":"article","og_title":"Caracter\u00edsticas da dor de cabe\u00e7a que podem esconder quadros graves e quando correr para o pronto-socorro - Tua Sa\u00fade","og_description":"Dor de cabe\u00e7a nem sempre \u00e9 emerg\u00eancia, mas alguns sinais exigem aten\u00e7\u00e3o r\u00e1pida. Entenda quando dor s\u00fabita, febre, fraqueza e confus\u00e3o indicam maior preocupa\u00e7\u00e3o.","og_url":"https:\/\/www.tuasaude.com\/news\/2026\/09\/01\/caracteristicas-da-dor-de-cabeca-que-podem-esconder-quadros-graves-e-quando-correr-para-o-pronto-socorro\/","og_site_name":"Tua Sa\u00fade","article_published_time":"2026-09-01T14:05:00+00:00","og_image":[{"width":1280,"height":714,"url":"https:\/\/www.tuasaude.com\/news\/wp-content\/uploads\/2026\/09\/Woman_experiencing_sudden_severe\u2026_202608311516.jpg","type":"image\/jpeg"}],"author":"Gessika Julia Carvalho","twitter_card":"summary_large_image","twitter_misc":{"Escrito por":"Gessika Julia Carvalho","Est. tempo de leitura":"5 minutos"},"schema":{"@context":"https:\/\/schema.org","@graph":[{"@type":"Article","@id":"https:\/\/www.tuasaude.com\/news\/2026\/09\/01\/caracteristicas-da-dor-de-cabeca-que-podem-esconder-quadros-graves-e-quando-correr-para-o-pronto-socorro\/#article","isPartOf":{"@id":"https:\/\/www.tuasaude.com\/news\/2026\/09\/01\/caracteristicas-da-dor-de-cabeca-que-podem-esconder-quadros-graves-e-quando-correr-para-o-pronto-socorro\/"},"author":{"name":"Gessika Julia Carvalho","@id":"https:\/\/www.tuasaude.com\/news\/#\/schema\/person\/2e9df841be69ec84f5d20ddb8d273ac2"},"headline":"Caracter\u00edsticas da dor de cabe\u00e7a que podem esconder quadros graves e quando correr para o pronto-socorro","datePublished":"2026-09-01T14:05:00+00:00","mainEntityOfPage":{"@id":"https:\/\/www.tuasaude.com\/news\/2026\/09\/01\/caracteristicas-da-dor-de-cabeca-que-podem-esconder-quadros-graves-e-quando-correr-para-o-pronto-socorro\/"},"wordCount":867,"commentCount":0,"image":{"@id":"https:\/\/www.tuasaude.com\/news\/2026\/09\/01\/caracteristicas-da-dor-de-cabeca-que-podem-esconder-quadros-graves-e-quando-correr-para-o-pronto-socorro\/#primaryimage"},"thumbnailUrl":"https:\/\/www.tuasaude.com\/news\/wp-content\/uploads\/2026\/09\/Woman_experiencing_sudden_severe\u2026_202608311516.jpg","keywords":["bem-estar","dor de cabe\u00e7a","pronto-socorro","sa\u00fade"],"articleSection":["Sa\u00fade"],"inLanguage":"pt-BR","potentialAction":[{"@type":"CommentAction","name":"Comment","target":["https:\/\/www.tuasaude.com\/news\/2026\/09\/01\/caracteristicas-da-dor-de-cabeca-que-podem-esconder-quadros-graves-e-quando-correr-para-o-pronto-socorro\/#respond"]}]},{"@type":"WebPage","@id":"https:\/\/www.tuasaude.com\/news\/2026\/09\/01\/caracteristicas-da-dor-de-cabeca-que-podem-esconder-quadros-graves-e-quando-correr-para-o-pronto-socorro\/","url":"https:\/\/www.tuasaude.com\/news\/2026\/09\/01\/caracteristicas-da-dor-de-cabeca-que-podem-esconder-quadros-graves-e-quando-correr-para-o-pronto-socorro\/","name":"Caracter\u00edsticas da dor de cabe\u00e7a que podem esconder quadros graves e quando correr para o pronto-socorro - Tua Sa\u00fade","isPartOf":{"@id":"https:\/\/www.tuasaude.com\/news\/#website"},"primaryImageOfPage":{"@id":"https:\/\/www.tuasaude.com\/news\/2026\/09\/01\/caracteristicas-da-dor-de-cabeca-que-podem-esconder-quadros-graves-e-quando-correr-para-o-pronto-socorro\/#primaryimage"},"image":{"@id":"https:\/\/www.tuasaude.com\/news\/2026\/09\/01\/caracteristicas-da-dor-de-cabeca-que-podem-esconder-quadros-graves-e-quando-correr-para-o-pronto-socorro\/#primaryimage"},"thumbnailUrl":"https:\/\/www.tuasaude.com\/news\/wp-content\/uploads\/2026\/09\/Woman_experiencing_sudden_severe\u2026_202608311516.jpg","datePublished":"2026-09-01T14:05:00+00:00","author":{"@id":"https:\/\/www.tuasaude.com\/news\/#\/schema\/person\/2e9df841be69ec84f5d20ddb8d273ac2"},"description":"Dor de cabe\u00e7a nem sempre \u00e9 emerg\u00eancia, mas alguns sinais exigem aten\u00e7\u00e3o r\u00e1pida. Entenda quando dor s\u00fabita, febre, fraqueza e confus\u00e3o indicam maior preocupa\u00e7\u00e3o.","breadcrumb":{"@id":"https:\/\/www.tuasaude.com\/news\/2026\/09\/01\/caracteristicas-da-dor-de-cabeca-que-podem-esconder-quadros-graves-e-quando-correr-para-o-pronto-socorro\/#breadcrumb"},"inLanguage":"pt-BR","potentialAction":[{"@type":"ReadAction","target":["https:\/\/www.tuasaude.com\/news\/2026\/09\/01\/caracteristicas-da-dor-de-cabeca-que-podem-esconder-quadros-graves-e-quando-correr-para-o-pronto-socorro\/"]}]},{"@type":"ImageObject","inLanguage":"pt-BR","@id":"https:\/\/www.tuasaude.com\/news\/2026\/09\/01\/caracteristicas-da-dor-de-cabeca-que-podem-esconder-quadros-graves-e-quando-correr-para-o-pronto-socorro\/#primaryimage","url":"https:\/\/www.tuasaude.com\/news\/wp-content\/uploads\/2026\/09\/Woman_experiencing_sudden_severe\u2026_202608311516.jpg","contentUrl":"https:\/\/www.tuasaude.com\/news\/wp-content\/uploads\/2026\/09\/Woman_experiencing_sudden_severe\u2026_202608311516.jpg","width":1280,"height":714,"caption":"Caracter\u00edsticas da dor de cabe\u00e7a que podem esconder quadros graves e quando correr para o pronto-socorro"},{"@type":"BreadcrumbList","@id":"https:\/\/www.tuasaude.com\/news\/2026\/09\/01\/caracteristicas-da-dor-de-cabeca-que-podem-esconder-quadros-graves-e-quando-correr-para-o-pronto-socorro\/#breadcrumb","itemListElement":[{"@type":"ListItem","position":1,"name":"In\u00edcio","item":"https:\/\/www.tuasaude.com\/news\/"},{"@type":"ListItem","position":2,"name":"Caracter\u00edsticas da dor de cabe\u00e7a que podem esconder quadros graves e quando correr para o pronto-socorro"}]},{"@type":"WebSite","@id":"https:\/\/www.tuasaude.com\/news\/#website","url":"https:\/\/www.tuasaude.com\/news\/","name":"Tua Sa\u00fade","description":"Seu site de sa\u00fade","potentialAction":[{"@type":"SearchAction","target":{"@type":"EntryPoint","urlTemplate":"https:\/\/www.tuasaude.com\/news\/?s={search_term_string}"},"query-input":{"@type":"PropertyValueSpecification","valueRequired":true,"valueName":"search_term_string"}}],"inLanguage":"pt-BR"},{"@type":"Person","@id":"https:\/\/www.tuasaude.com\/news\/#\/schema\/person\/2e9df841be69ec84f5d20ddb8d273ac2","name":"Gessika Julia Carvalho","image":{"@type":"ImageObject","inLanguage":"pt-BR","@id":"https:\/\/www.tuasaude.com\/news\/#\/schema\/person\/image\/","url":"https:\/\/secure.gravatar.com\/avatar\/0fcc8769024577fd0bc6a8b766055690f76a8e8f29dfb2a2f89cf04db8d0f2d2?s=96&d=mm&r=g","contentUrl":"https:\/\/secure.gravatar.com\/avatar\/0fcc8769024577fd0bc6a8b766055690f76a8e8f29dfb2a2f89cf04db8d0f2d2?s=96&d=mm&r=g","caption":"Gessika Julia Carvalho"},"sameAs":["https:\/\/www.tuasaude.com\/news\/"],"url":"https:\/\/www.tuasaude.com\/news\/author\/gessika-julia\/"}]}},"_links":{"self":[{"href":"https:\/\/www.tuasaude.com\/news\/wp-json\/wp\/v2\/posts\/106203","targetHints":{"allow":["GET"]}}],"collection":[{"href":"https:\/\/www.tuasaude.com\/news\/wp-json\/wp\/v2\/posts"}],"about":[{"href":"https:\/\/www.tuasaude.com\/news\/wp-json\/wp\/v2\/types\/post"}],"author":[{"embeddable":true,"href":"https:\/\/www.tuasaude.com\/news\/wp-json\/wp\/v2\/users\/11"}],"replies":[{"embeddable":true,"href":"https:\/\/www.tuasaude.com\/news\/wp-json\/wp\/v2\/comments?post=106203"}],"version-history":[{"count":2,"href":"https:\/\/www.tuasaude.com\/news\/wp-json\/wp\/v2\/posts\/106203\/revisions"}],"predecessor-version":[{"id":106209,"href":"https:\/\/www.tuasaude.com\/news\/wp-json\/wp\/v2\/posts\/106203\/revisions\/106209"}],"wp:featuredmedia":[{"embeddable":true,"href":"https:\/\/www.tuasaude.com\/news\/wp-json\/wp\/v2\/media\/106206"}],"wp:attachment":[{"href":"https:\/\/www.tuasaude.com\/news\/wp-json\/wp\/v2\/media?parent=106203"}],"wp:term":[{"taxonomy":"category","embeddable":true,"href":"https:\/\/www.tuasaude.com\/news\/wp-json\/wp\/v2\/categories?post=106203"},{"taxonomy":"post_tag","embeddable":true,"href":"https:\/\/www.tuasaude.com\/news\/wp-json\/wp\/v2\/tags?post=106203"}],"curies":[{"name":"wp","href":"https:\/\/api.w.org\/{rel}","templated":true}]}}