{"id":106181,"date":"2026-09-01T08:20:00","date_gmt":"2026-09-01T11:20:00","guid":{"rendered":"https:\/\/www.tuasaude.com\/news\/?p=106181"},"modified":"2026-08-31T14:51:33","modified_gmt":"2026-08-31T17:51:33","slug":"quando-a-dor-de-cabeca-frequente-e-atribuida-a-fatores-nao-esperados-e-como-ajustar-a-rotina-para-reduzir-riscos","status":"publish","type":"post","link":"https:\/\/www.tuasaude.com\/news\/2026\/09\/01\/quando-a-dor-de-cabeca-frequente-e-atribuida-a-fatores-nao-esperados-e-como-ajustar-a-rotina-para-reduzir-riscos\/","title":{"rendered":"Quando a dor de cabe\u00e7a frequente \u00e9 atribu\u00edda a fatores n\u00e3o esperados e como ajustar a rotina para reduzir riscos"},"content":{"rendered":"\n<p class=\"wp-block-paragraph\">Nem toda dor de cabe\u00e7a que se repete est\u00e1 ligada apenas a estresse, enxaqueca ou noites mal dormidas. Bruxismo, altera\u00e7\u00f5es visuais n\u00e3o corrigidas, apneia do sono, baixa ingest\u00e3o de l\u00edquidos e at\u00e9 o uso frequente de analg\u00e9sicos podem contribuir para crises recorrentes. Observar o hor\u00e1rio em que a dor aparece, os sintomas associados e os h\u00e1bitos da rotina ajuda a identificar pistas importantes e evita que um problema trat\u00e1vel permane\u00e7a despercebido.<\/p>\n\n\n\n<h2 class=\"wp-block-heading\">Por que a dor de cabe\u00e7a pode aparecer sem um gatilho evidente?<\/h2>\n\n\n\n<p class=\"wp-block-paragraph\">A <a href=\"https:\/\/www.tuasaude.com\/dor-de-cabeca\/\" target=\"_blank\" rel=\"noreferrer noopener\">dor de cabe\u00e7a<\/a> pode ser prim\u00e1ria, como na enxaqueca, ou surgir como consequ\u00eancia de outra condi\u00e7\u00e3o. Segundo a Academia Brasileira de Neurologia, a investiga\u00e7\u00e3o deve considerar frequ\u00eancia, caracter\u00edsticas da dor, sintomas associados, medicamentos usados e altera\u00e7\u00f5es capazes de funcionar como causas secund\u00e1rias.<\/p>\n\n\n\n<p class=\"wp-block-paragraph\">Quando a cefaleia come\u00e7a a se repetir, vale observar padr\u00f5es menos \u00f3bvios. Dor ao acordar com mand\u00edbula cansada sugere avaliar os m\u00fasculos mastigat\u00f3rios, enquanto desconforto no fim do dia ap\u00f3s esfor\u00e7o visual pode justificar exame oftalmol\u00f3gico. J\u00e1 dores matinais associadas a ronco e sono n\u00e3o reparador levantam a possibilidade de dist\u00farbios do sono.<\/p>\n\n\n\n<h2 class=\"wp-block-heading\">Bruxismo, vis\u00e3o e apneia podem estar por tr\u00e1s da dor?<\/h2>\n\n\n\n<p class=\"wp-block-paragraph\">No <a href=\"https:\/\/www.tuasaude.com\/bruxismo\/\" target=\"_blank\" rel=\"noreferrer noopener\">bruxismo<\/a>, apertar ou ranger os dentes sobrecarrega a musculatura da mand\u00edbula e pode causar desconforto facial e cefaleia, especialmente ao despertar. Entretanto, a rela\u00e7\u00e3o entre bruxismo do sono e cefaleias n\u00e3o \u00e9 direta em todos os pacientes, por isso a avalia\u00e7\u00e3o odontol\u00f3gica \u00e9 importante antes de atribuir a dor exclusivamente aos dentes.<\/p>\n\n\n\n<p class=\"wp-block-paragraph\">Altera\u00e7\u00f5es de refra\u00e7\u00e3o, acomoda\u00e7\u00e3o ou converg\u00eancia tamb\u00e9m podem causar dor frontal relacionada ao esfor\u00e7o visual, sobretudo ap\u00f3s longos per\u00edodos diante de telas. A apneia obstrutiva do sono \u00e9 outra possibilidade quando a cefaleia matinal aparece junto com ronco, pausas respirat\u00f3rias percebidas por outra pessoa, engasgos noturnos e sonol\u00eancia durante o dia.<\/p>\n\n\n<div class=\"wp-block-image\">\n<figure class=\"aligncenter size-large\"><img decoding=\"async\" width=\"1024\" height=\"571\" src=\"https:\/\/www.tuasaude.com\/news\/wp-content\/uploads\/2026\/08\/Causas_de_dor_de_cabeca_202608311449-1024x571.jpg\" alt=\"Bruxismo, vis\u00e3o, sono e rotina ajudam a explicar cefaleias que se repetem.\" class=\"wp-image-106184\" srcset=\"https:\/\/www.tuasaude.com\/news\/wp-content\/uploads\/2026\/08\/Causas_de_dor_de_cabeca_202608311449-1024x571.jpg 1024w, https:\/\/www.tuasaude.com\/news\/wp-content\/uploads\/2026\/08\/Causas_de_dor_de_cabeca_202608311449-300x167.jpg 300w, https:\/\/www.tuasaude.com\/news\/wp-content\/uploads\/2026\/08\/Causas_de_dor_de_cabeca_202608311449-768x428.jpg 768w, https:\/\/www.tuasaude.com\/news\/wp-content\/uploads\/2026\/08\/Causas_de_dor_de_cabeca_202608311449-750x418.jpg 750w, https:\/\/www.tuasaude.com\/news\/wp-content\/uploads\/2026\/08\/Causas_de_dor_de_cabeca_202608311449-1140x636.jpg 1140w, https:\/\/www.tuasaude.com\/news\/wp-content\/uploads\/2026\/08\/Causas_de_dor_de_cabeca_202608311449.jpg 1280w\" sizes=\"(max-width: 1024px) 100vw, 1024px\" \/><figcaption class=\"wp-element-caption\">Bruxismo, vis\u00e3o, sono e rotina ajudam a explicar cefaleias que se repetem.<\/figcaption><\/figure>\n<\/div>\n\n\n<h2 class=\"wp-block-heading\">Quais h\u00e1bitos podem manter a dor de cabe\u00e7a frequente?<\/h2>\n\n\n\n<p class=\"wp-block-paragraph\">Alguns comportamentos aparentemente simples podem favorecer crises ou dificultar a identifica\u00e7\u00e3o da verdadeira causa:<\/p>\n\n\n\n<ul class=\"wp-block-list\">\n<li><strong>Beber pouca \u00e1gua:<\/strong> manter uma ingest\u00e3o insuficiente de l\u00edquidos ao longo do dia pode contribuir para cefaleia em pessoas suscet\u00edveis, especialmente com calor ou exerc\u00edcios.<\/li>\n\n\n\n<li><strong>Usar analg\u00e9sicos repetidamente:<\/strong> tomar medicamentos para interromper cada crise pode, quando isso se torna frequente, favorecer cefaleia por uso excessivo de medica\u00e7\u00e3o.<\/li>\n\n\n\n<li><strong>Dormir em hor\u00e1rios irregulares:<\/strong> priva\u00e7\u00e3o ou excesso de sono podem funcionar como gatilhos de cefaleias prim\u00e1rias.<\/li>\n\n\n\n<li><strong>Ignorar tens\u00e3o na mand\u00edbula:<\/strong> acordar com dentes sens\u00edveis, mand\u00edbula dolorida ou m\u00fasculos faciais cansados merece avalia\u00e7\u00e3o odontol\u00f3gica.<\/li>\n\n\n\n<li><strong>For\u00e7ar a vis\u00e3o:<\/strong> dificuldade para enxergar, ard\u00eancia ocular ou dor ap\u00f3s leitura e telas justificam avalia\u00e7\u00e3o oftalmol\u00f3gica.<\/li>\n<\/ul>\n\n\n\n<h2 class=\"wp-block-heading\">O que estudos mostram sobre apneia e dor de cabe\u00e7a?<\/h2>\n\n\n\n<p class=\"wp-block-paragraph\">Uma revis\u00e3o sistem\u00e1tica com meta-an\u00e1lise refor\u00e7a que sintomas do sono devem entrar na investiga\u00e7\u00e3o de determinadas cefaleias. Segundo o estudo <a href=\"https:\/\/pubmed.ncbi.nlm.nih.gov\/38056382\/\" target=\"_blank\" rel=\"noreferrer noopener\">Prevalence of headaches and their relationship with obstructive sleep apnea<\/a>, publicado na revista <em>Sleep Medicine Reviews<\/em>, cerca de um ter\u00e7o dos pacientes com apneia obstrutiva inclu\u00eddos nos estudos apresentava algum tipo de cefaleia, incluindo dor matinal. Os autores, por\u00e9m, n\u00e3o encontraram evid\u00eancia suficiente para afirmar que a apneia aumenta diretamente o risco geral de cefaleia, mostrando que a associa\u00e7\u00e3o precisa ser interpretada junto com outros sintomas.<\/p>\n\n\n\n<p class=\"wp-block-paragraph\">Isso refor\u00e7a a import\u00e2ncia de investigar o conjunto do quadro, em vez de considerar a dor matinal isoladamente como diagn\u00f3stico de <a href=\"https:\/\/www.tuasaude.com\/apneia-do-sono\/\" target=\"_blank\" rel=\"noreferrer noopener\">apneia do sono<\/a>. Ronco intenso, pausas respirat\u00f3rias, obesidade, sonol\u00eancia diurna e despertares frequentes aumentam a relev\u00e2ncia dessa hip\u00f3tese e podem levar \u00e0 indica\u00e7\u00e3o de polissonografia.<\/p>\n\n\n<div class=\"wp-block-image\">\n<figure class=\"aligncenter size-large\"><img decoding=\"async\" width=\"1024\" height=\"571\" src=\"https:\/\/www.tuasaude.com\/news\/wp-content\/uploads\/2026\/08\/Woman_seated_at_desk_touching_202608311449-1024x571.jpg\" alt=\"Dor ao acordar pode envolver mand\u00edbula, sono ruim ou outros gatilhos pouco percebidos.\" class=\"wp-image-106185\" srcset=\"https:\/\/www.tuasaude.com\/news\/wp-content\/uploads\/2026\/08\/Woman_seated_at_desk_touching_202608311449-1024x571.jpg 1024w, https:\/\/www.tuasaude.com\/news\/wp-content\/uploads\/2026\/08\/Woman_seated_at_desk_touching_202608311449-300x167.jpg 300w, https:\/\/www.tuasaude.com\/news\/wp-content\/uploads\/2026\/08\/Woman_seated_at_desk_touching_202608311449-768x428.jpg 768w, https:\/\/www.tuasaude.com\/news\/wp-content\/uploads\/2026\/08\/Woman_seated_at_desk_touching_202608311449-750x418.jpg 750w, https:\/\/www.tuasaude.com\/news\/wp-content\/uploads\/2026\/08\/Woman_seated_at_desk_touching_202608311449-1140x636.jpg 1140w, https:\/\/www.tuasaude.com\/news\/wp-content\/uploads\/2026\/08\/Woman_seated_at_desk_touching_202608311449.jpg 1280w\" sizes=\"(max-width: 1024px) 100vw, 1024px\" \/><figcaption class=\"wp-element-caption\">Dor ao acordar pode envolver mand\u00edbula, sono ruim ou outros gatilhos pouco percebidos.<\/figcaption><\/figure>\n<\/div>\n\n\n<h2 class=\"wp-block-heading\">Como ajustar a rotina e saber quando investigar?<\/h2>\n\n\n\n<p class=\"wp-block-paragraph\">Algumas mudan\u00e7as ajudam tanto a reduzir gatilhos quanto a reconhecer padr\u00f5es que precisam de acompanhamento:<\/p>\n\n\n\n<ul class=\"wp-block-list\">\n<li>Manter hor\u00e1rios regulares para dormir, acordar e fazer refei\u00e7\u00f5es.<\/li>\n\n\n\n<li>Distribuir a ingest\u00e3o de l\u00edquidos ao longo do dia, especialmente em per\u00edodos quentes ou durante exerc\u00edcios.<\/li>\n\n\n\n<li>Anotar frequ\u00eancia, dura\u00e7\u00e3o, intensidade e hor\u00e1rio das crises em um di\u00e1rio de cefaleia.<\/li>\n\n\n\n<li>Evitar aumentar por conta pr\u00f3pria a frequ\u00eancia de analg\u00e9sicos e informar ao m\u00e9dico quantos dias por m\u00eas eles s\u00e3o utilizados.<\/li>\n\n\n\n<li>Procurar dentista diante de ranger dos dentes, desgaste dental ou dor mandibular e oftalmologista quando houver esfor\u00e7o visual ou dificuldade para enxergar.<\/li>\n<\/ul>\n\n\n\n<p class=\"wp-block-paragraph\">Dores que aparecem v\u00e1rias vezes por m\u00eas, est\u00e3o ficando mais frequentes ou exigem analg\u00e9sicos repetidamente devem ser avaliadas por um m\u00e9dico, preferencialmente antes de se tornarem di\u00e1rias. Dor s\u00fabita e muito intensa, altera\u00e7\u00e3o da fala, perda de for\u00e7a, confus\u00e3o, desmaio, febre com rigidez no pesco\u00e7o ou mudan\u00e7a importante no padr\u00e3o habitual exige atendimento imediato.<\/p>\n\n\n\n<p class=\"wp-block-paragraph\"><em>Este conte\u00fado \u00e9 apenas informativo e n\u00e3o substitui avalia\u00e7\u00e3o, diagn\u00f3stico ou orienta\u00e7\u00e3o m\u00e9dica profissional. Diante de dor de cabe\u00e7a frequente, mudan\u00e7a no padr\u00e3o das crises ou outros sintomas associados, procure orienta\u00e7\u00e3o m\u00e9dica.<\/em><\/p>\n","protected":false},"excerpt":{"rendered":"<p>Nem toda dor de cabe\u00e7a que se repete est\u00e1 ligada apenas a estresse, enxaqueca ou noites mal dormidas. Bruxismo, altera\u00e7\u00f5es visuais n\u00e3o corrigidas, apneia do sono, baixa ingest\u00e3o de l\u00edquidos e at\u00e9 o uso frequente de analg\u00e9sicos podem contribuir para crises recorrentes. Observar o hor\u00e1rio em que a dor aparece, os sintomas associados e os [&hellip;]<\/p>\n","protected":false},"author":11,"featured_media":106183,"comment_status":"open","ping_status":"open","sticky":false,"template":"","format":"standard","meta":{"_yoast_wpseo_focuskw":"dor de cabe\u00e7a","_yoast_wpseo_title":"","_yoast_wpseo_metadesc":"A dor de cabe\u00e7a frequente nem sempre est\u00e1 ligada \u00e0 enxaqueca. Entenda como bruxismo, vis\u00e3o, apneia e h\u00e1bitos da rotina podem dar pistas sobre as crises.","jnews-multi-image_gallery":[],"jnews_single_post":{"format":"standard"},"jnews_primary_category":[],"jnews_social_meta":[],"jnews_override_counter":[],"footnotes":""},"categories":[111],"tags":[145,12874,282,136],"class_list":["post-106181","post","type-post","status-publish","format-standard","has-post-thumbnail","hentry","category-saude","tag-bem-estar","tag-cafaleia","tag-dor-de-cabeca","tag-saude"],"yoast_head":"<!-- This site is optimized with the Yoast SEO plugin v26.7 - https:\/\/yoast.com\/wordpress\/plugins\/seo\/ -->\n<title>Quando a dor de cabe\u00e7a frequente \u00e9 atribu\u00edda a fatores n\u00e3o esperados e como ajustar a rotina para reduzir riscos - Tua Sa\u00fade<\/title>\n<meta name=\"description\" content=\"A dor de cabe\u00e7a frequente nem sempre est\u00e1 ligada \u00e0 enxaqueca. Entenda como bruxismo, vis\u00e3o, apneia e h\u00e1bitos da rotina podem dar pistas sobre as crises.\" \/>\n<meta name=\"robots\" content=\"index, follow, max-snippet:-1, max-image-preview:large, max-video-preview:-1\" \/>\n<link rel=\"canonical\" href=\"https:\/\/www.tuasaude.com\/news\/2026\/09\/01\/quando-a-dor-de-cabeca-frequente-e-atribuida-a-fatores-nao-esperados-e-como-ajustar-a-rotina-para-reduzir-riscos\/\" \/>\n<meta property=\"og:locale\" content=\"pt_BR\" \/>\n<meta property=\"og:type\" content=\"article\" \/>\n<meta property=\"og:title\" content=\"Quando a dor de cabe\u00e7a frequente \u00e9 atribu\u00edda a fatores n\u00e3o esperados e como ajustar a rotina para reduzir riscos - Tua Sa\u00fade\" \/>\n<meta property=\"og:description\" content=\"A dor de cabe\u00e7a frequente nem sempre est\u00e1 ligada \u00e0 enxaqueca. Entenda como bruxismo, vis\u00e3o, apneia e h\u00e1bitos da rotina podem dar pistas sobre as crises.\" \/>\n<meta property=\"og:url\" content=\"https:\/\/www.tuasaude.com\/news\/2026\/09\/01\/quando-a-dor-de-cabeca-frequente-e-atribuida-a-fatores-nao-esperados-e-como-ajustar-a-rotina-para-reduzir-riscos\/\" \/>\n<meta property=\"og:site_name\" content=\"Tua Sa\u00fade\" \/>\n<meta property=\"article:published_time\" content=\"2026-09-01T11:20:00+00:00\" \/>\n<meta property=\"og:image\" content=\"https:\/\/www.tuasaude.com\/news\/wp-content\/uploads\/2026\/08\/Man_sitting_on_bed_holding_202608311449.jpg\" \/>\n\t<meta property=\"og:image:width\" content=\"1280\" \/>\n\t<meta property=\"og:image:height\" content=\"714\" \/>\n\t<meta property=\"og:image:type\" content=\"image\/jpeg\" \/>\n<meta name=\"author\" content=\"Gessika Julia Carvalho\" \/>\n<meta name=\"twitter:card\" content=\"summary_large_image\" \/>\n<meta name=\"twitter:label1\" content=\"Escrito por\" \/>\n\t<meta name=\"twitter:data1\" content=\"Gessika Julia Carvalho\" \/>\n\t<meta name=\"twitter:label2\" content=\"Est. tempo de leitura\" \/>\n\t<meta name=\"twitter:data2\" content=\"5 minutos\" \/>\n<!-- \/ Yoast SEO plugin. -->","yoast_head_json":{"title":"Quando a dor de cabe\u00e7a frequente \u00e9 atribu\u00edda a fatores n\u00e3o esperados e como ajustar a rotina para reduzir riscos - Tua Sa\u00fade","description":"A dor de cabe\u00e7a frequente nem sempre est\u00e1 ligada \u00e0 enxaqueca. Entenda como bruxismo, vis\u00e3o, apneia e h\u00e1bitos da rotina podem dar pistas sobre as crises.","robots":{"index":"index","follow":"follow","max-snippet":"max-snippet:-1","max-image-preview":"max-image-preview:large","max-video-preview":"max-video-preview:-1"},"canonical":"https:\/\/www.tuasaude.com\/news\/2026\/09\/01\/quando-a-dor-de-cabeca-frequente-e-atribuida-a-fatores-nao-esperados-e-como-ajustar-a-rotina-para-reduzir-riscos\/","og_locale":"pt_BR","og_type":"article","og_title":"Quando a dor de cabe\u00e7a frequente \u00e9 atribu\u00edda a fatores n\u00e3o esperados e como ajustar a rotina para reduzir riscos - Tua Sa\u00fade","og_description":"A dor de cabe\u00e7a frequente nem sempre est\u00e1 ligada \u00e0 enxaqueca. Entenda como bruxismo, vis\u00e3o, apneia e h\u00e1bitos da rotina podem dar pistas sobre as crises.","og_url":"https:\/\/www.tuasaude.com\/news\/2026\/09\/01\/quando-a-dor-de-cabeca-frequente-e-atribuida-a-fatores-nao-esperados-e-como-ajustar-a-rotina-para-reduzir-riscos\/","og_site_name":"Tua Sa\u00fade","article_published_time":"2026-09-01T11:20:00+00:00","og_image":[{"width":1280,"height":714,"url":"https:\/\/www.tuasaude.com\/news\/wp-content\/uploads\/2026\/08\/Man_sitting_on_bed_holding_202608311449.jpg","type":"image\/jpeg"}],"author":"Gessika Julia Carvalho","twitter_card":"summary_large_image","twitter_misc":{"Escrito por":"Gessika Julia Carvalho","Est. tempo de leitura":"5 minutos"},"schema":{"@context":"https:\/\/schema.org","@graph":[{"@type":"Article","@id":"https:\/\/www.tuasaude.com\/news\/2026\/09\/01\/quando-a-dor-de-cabeca-frequente-e-atribuida-a-fatores-nao-esperados-e-como-ajustar-a-rotina-para-reduzir-riscos\/#article","isPartOf":{"@id":"https:\/\/www.tuasaude.com\/news\/2026\/09\/01\/quando-a-dor-de-cabeca-frequente-e-atribuida-a-fatores-nao-esperados-e-como-ajustar-a-rotina-para-reduzir-riscos\/"},"author":{"name":"Gessika Julia Carvalho","@id":"https:\/\/www.tuasaude.com\/news\/#\/schema\/person\/2e9df841be69ec84f5d20ddb8d273ac2"},"headline":"Quando a dor de cabe\u00e7a frequente \u00e9 atribu\u00edda a fatores n\u00e3o esperados e como ajustar a rotina para reduzir riscos","datePublished":"2026-09-01T11:20:00+00:00","mainEntityOfPage":{"@id":"https:\/\/www.tuasaude.com\/news\/2026\/09\/01\/quando-a-dor-de-cabeca-frequente-e-atribuida-a-fatores-nao-esperados-e-como-ajustar-a-rotina-para-reduzir-riscos\/"},"wordCount":923,"commentCount":0,"image":{"@id":"https:\/\/www.tuasaude.com\/news\/2026\/09\/01\/quando-a-dor-de-cabeca-frequente-e-atribuida-a-fatores-nao-esperados-e-como-ajustar-a-rotina-para-reduzir-riscos\/#primaryimage"},"thumbnailUrl":"https:\/\/www.tuasaude.com\/news\/wp-content\/uploads\/2026\/08\/Man_sitting_on_bed_holding_202608311449.jpg","keywords":["bem-estar","cafaleia","dor de cabe\u00e7a","sa\u00fade"],"articleSection":["Sa\u00fade"],"inLanguage":"pt-BR","potentialAction":[{"@type":"CommentAction","name":"Comment","target":["https:\/\/www.tuasaude.com\/news\/2026\/09\/01\/quando-a-dor-de-cabeca-frequente-e-atribuida-a-fatores-nao-esperados-e-como-ajustar-a-rotina-para-reduzir-riscos\/#respond"]}]},{"@type":"WebPage","@id":"https:\/\/www.tuasaude.com\/news\/2026\/09\/01\/quando-a-dor-de-cabeca-frequente-e-atribuida-a-fatores-nao-esperados-e-como-ajustar-a-rotina-para-reduzir-riscos\/","url":"https:\/\/www.tuasaude.com\/news\/2026\/09\/01\/quando-a-dor-de-cabeca-frequente-e-atribuida-a-fatores-nao-esperados-e-como-ajustar-a-rotina-para-reduzir-riscos\/","name":"Quando a dor de cabe\u00e7a frequente \u00e9 atribu\u00edda a fatores n\u00e3o esperados e como ajustar a rotina para reduzir riscos - Tua Sa\u00fade","isPartOf":{"@id":"https:\/\/www.tuasaude.com\/news\/#website"},"primaryImageOfPage":{"@id":"https:\/\/www.tuasaude.com\/news\/2026\/09\/01\/quando-a-dor-de-cabeca-frequente-e-atribuida-a-fatores-nao-esperados-e-como-ajustar-a-rotina-para-reduzir-riscos\/#primaryimage"},"image":{"@id":"https:\/\/www.tuasaude.com\/news\/2026\/09\/01\/quando-a-dor-de-cabeca-frequente-e-atribuida-a-fatores-nao-esperados-e-como-ajustar-a-rotina-para-reduzir-riscos\/#primaryimage"},"thumbnailUrl":"https:\/\/www.tuasaude.com\/news\/wp-content\/uploads\/2026\/08\/Man_sitting_on_bed_holding_202608311449.jpg","datePublished":"2026-09-01T11:20:00+00:00","author":{"@id":"https:\/\/www.tuasaude.com\/news\/#\/schema\/person\/2e9df841be69ec84f5d20ddb8d273ac2"},"description":"A dor de cabe\u00e7a frequente nem sempre est\u00e1 ligada \u00e0 enxaqueca. Entenda como bruxismo, vis\u00e3o, apneia e h\u00e1bitos da rotina podem dar pistas sobre as crises.","breadcrumb":{"@id":"https:\/\/www.tuasaude.com\/news\/2026\/09\/01\/quando-a-dor-de-cabeca-frequente-e-atribuida-a-fatores-nao-esperados-e-como-ajustar-a-rotina-para-reduzir-riscos\/#breadcrumb"},"inLanguage":"pt-BR","potentialAction":[{"@type":"ReadAction","target":["https:\/\/www.tuasaude.com\/news\/2026\/09\/01\/quando-a-dor-de-cabeca-frequente-e-atribuida-a-fatores-nao-esperados-e-como-ajustar-a-rotina-para-reduzir-riscos\/"]}]},{"@type":"ImageObject","inLanguage":"pt-BR","@id":"https:\/\/www.tuasaude.com\/news\/2026\/09\/01\/quando-a-dor-de-cabeca-frequente-e-atribuida-a-fatores-nao-esperados-e-como-ajustar-a-rotina-para-reduzir-riscos\/#primaryimage","url":"https:\/\/www.tuasaude.com\/news\/wp-content\/uploads\/2026\/08\/Man_sitting_on_bed_holding_202608311449.jpg","contentUrl":"https:\/\/www.tuasaude.com\/news\/wp-content\/uploads\/2026\/08\/Man_sitting_on_bed_holding_202608311449.jpg","width":1280,"height":714,"caption":"Quando a dor de cabe\u00e7a frequente \u00e9 atribu\u00edda a fatores n\u00e3o esperados e como ajustar a rotina para reduzir riscos"},{"@type":"BreadcrumbList","@id":"https:\/\/www.tuasaude.com\/news\/2026\/09\/01\/quando-a-dor-de-cabeca-frequente-e-atribuida-a-fatores-nao-esperados-e-como-ajustar-a-rotina-para-reduzir-riscos\/#breadcrumb","itemListElement":[{"@type":"ListItem","position":1,"name":"In\u00edcio","item":"https:\/\/www.tuasaude.com\/news\/"},{"@type":"ListItem","position":2,"name":"Quando a dor de cabe\u00e7a frequente \u00e9 atribu\u00edda a fatores n\u00e3o esperados e como ajustar a rotina para reduzir riscos"}]},{"@type":"WebSite","@id":"https:\/\/www.tuasaude.com\/news\/#website","url":"https:\/\/www.tuasaude.com\/news\/","name":"Tua Sa\u00fade","description":"Seu site de sa\u00fade","potentialAction":[{"@type":"SearchAction","target":{"@type":"EntryPoint","urlTemplate":"https:\/\/www.tuasaude.com\/news\/?s={search_term_string}"},"query-input":{"@type":"PropertyValueSpecification","valueRequired":true,"valueName":"search_term_string"}}],"inLanguage":"pt-BR"},{"@type":"Person","@id":"https:\/\/www.tuasaude.com\/news\/#\/schema\/person\/2e9df841be69ec84f5d20ddb8d273ac2","name":"Gessika Julia Carvalho","image":{"@type":"ImageObject","inLanguage":"pt-BR","@id":"https:\/\/www.tuasaude.com\/news\/#\/schema\/person\/image\/","url":"https:\/\/secure.gravatar.com\/avatar\/0fcc8769024577fd0bc6a8b766055690f76a8e8f29dfb2a2f89cf04db8d0f2d2?s=96&d=mm&r=g","contentUrl":"https:\/\/secure.gravatar.com\/avatar\/0fcc8769024577fd0bc6a8b766055690f76a8e8f29dfb2a2f89cf04db8d0f2d2?s=96&d=mm&r=g","caption":"Gessika Julia Carvalho"},"sameAs":["https:\/\/www.tuasaude.com\/news\/"],"url":"https:\/\/www.tuasaude.com\/news\/author\/gessika-julia\/"}]}},"_links":{"self":[{"href":"https:\/\/www.tuasaude.com\/news\/wp-json\/wp\/v2\/posts\/106181","targetHints":{"allow":["GET"]}}],"collection":[{"href":"https:\/\/www.tuasaude.com\/news\/wp-json\/wp\/v2\/posts"}],"about":[{"href":"https:\/\/www.tuasaude.com\/news\/wp-json\/wp\/v2\/types\/post"}],"author":[{"embeddable":true,"href":"https:\/\/www.tuasaude.com\/news\/wp-json\/wp\/v2\/users\/11"}],"replies":[{"embeddable":true,"href":"https:\/\/www.tuasaude.com\/news\/wp-json\/wp\/v2\/comments?post=106181"}],"version-history":[{"count":1,"href":"https:\/\/www.tuasaude.com\/news\/wp-json\/wp\/v2\/posts\/106181\/revisions"}],"predecessor-version":[{"id":106186,"href":"https:\/\/www.tuasaude.com\/news\/wp-json\/wp\/v2\/posts\/106181\/revisions\/106186"}],"wp:featuredmedia":[{"embeddable":true,"href":"https:\/\/www.tuasaude.com\/news\/wp-json\/wp\/v2\/media\/106183"}],"wp:attachment":[{"href":"https:\/\/www.tuasaude.com\/news\/wp-json\/wp\/v2\/media?parent=106181"}],"wp:term":[{"taxonomy":"category","embeddable":true,"href":"https:\/\/www.tuasaude.com\/news\/wp-json\/wp\/v2\/categories?post=106181"},{"taxonomy":"post_tag","embeddable":true,"href":"https:\/\/www.tuasaude.com\/news\/wp-json\/wp\/v2\/tags?post=106181"}],"curies":[{"name":"wp","href":"https:\/\/api.w.org\/{rel}","templated":true}]}}