{"id":106161,"date":"2026-09-01T22:00:00","date_gmt":"2026-09-02T01:00:00","guid":{"rendered":"https:\/\/www.tuasaude.com\/news\/?p=106161"},"modified":"2026-08-31T13:23:40","modified_gmt":"2026-08-31T16:23:40","slug":"o-cansaco-constante-em-adultos-nao-se-deve-apenas-ao-excesso-de-trabalho-mas-tambem-a-deficiencia-de-vitamina-d-que-participa-da-producao-de-energia-nas-celulas","status":"publish","type":"post","link":"https:\/\/www.tuasaude.com\/news\/2026\/09\/01\/o-cansaco-constante-em-adultos-nao-se-deve-apenas-ao-excesso-de-trabalho-mas-tambem-a-deficiencia-de-vitamina-d-que-participa-da-producao-de-energia-nas-celulas\/","title":{"rendered":"O cansa\u00e7o constante em adultos n\u00e3o se deve apenas ao excesso de trabalho, mas tamb\u00e9m \u00e0 defici\u00eancia de vitamina D, que participa da produ\u00e7\u00e3o de energia nas c\u00e9lulas"},"content":{"rendered":"\n<p class=\"wp-block-paragraph\">O cansa\u00e7o constante em adultos costuma ser associado apenas ao excesso de trabalho e \u00e0 rotina agitada, mas a defici\u00eancia de vitamina D \u00e9 uma causa frequente e pouco investigada da fadiga persistente. Essa vitamina participa diretamente da produ\u00e7\u00e3o de energia nas c\u00e9lulas e da fun\u00e7\u00e3o muscular, e sua car\u00eancia afeta boa parte da popula\u00e7\u00e3o mundial, mesmo em pa\u00edses ensolarados como o Brasil. Identificar esse fator pode ser a chave para recuperar a disposi\u00e7\u00e3o e melhorar a qualidade de vida.<\/p>\n\n\n\n<h2 class=\"wp-block-heading\">Como a vitamina D participa da produ\u00e7\u00e3o de energia nas c\u00e9lulas?<\/h2>\n\n\n\n<p class=\"wp-block-paragraph\">A vitamina D atua nas mitoc\u00f4ndrias, estruturas celulares respons\u00e1veis por transformar nutrientes em energia utiliz\u00e1vel pelo corpo. Quando os n\u00edveis est\u00e3o adequados, esse processo ocorre de forma eficiente e o organismo mant\u00e9m boa disposi\u00e7\u00e3o ao longo do dia.<\/p>\n\n\n\n<p class=\"wp-block-paragraph\">Al\u00e9m disso, a vitamina D regula a fun\u00e7\u00e3o muscular e o metabolismo do c\u00e1lcio, minerais fundamentais para a contra\u00e7\u00e3o dos m\u00fasculos. Sua car\u00eancia reduz a capacidade energ\u00e9tica das c\u00e9lulas, causando sensa\u00e7\u00e3o de esgotamento mesmo ap\u00f3s o descanso.<\/p>\n\n\n\n<h2 class=\"wp-block-heading\">Por que a defici\u00eancia \u00e9 comum mesmo em pa\u00edses ensolarados?<\/h2>\n\n\n\n<p class=\"wp-block-paragraph\">Apesar da abund\u00e2ncia de luz solar, estima-se que cerca de metade da popula\u00e7\u00e3o brasileira apresente n\u00edveis insuficientes de vitamina D. O estilo de vida moderno \u00e9 o principal respons\u00e1vel, com longas jornadas em ambientes fechados e uso frequente de protetor solar.<\/p>\n\n\n\n<p class=\"wp-block-paragraph\">Outros fatores contribuem para essa defici\u00eancia, como envelhecimento da pele, obesidade, pele mais escura e uso de certos medicamentos, situa\u00e7\u00f5es em que a produ\u00e7\u00e3o de <a href=\"https:\/\/www.tuasaude.com\/vitamina-d\/\" target=\"_blank\" rel=\"noreferrer noopener\">vitamina D<\/a> fica comprometida e a suplementa\u00e7\u00e3o pode ser necess\u00e1ria.<\/p>\n\n\n<div class=\"wp-block-image\">\n<figure class=\"aligncenter size-large\"><img decoding=\"async\" width=\"1024\" height=\"571\" src=\"https:\/\/www.tuasaude.com\/news\/wp-content\/uploads\/2026\/08\/Infographic_about_vitamin_D_202608311322-1024x571.jpg\" alt=\"Vitamina D participa da fun\u00e7\u00e3o muscular, mas a reposi\u00e7\u00e3o deve ser guiada por exames e orienta\u00e7\u00e3o profissional.\" class=\"wp-image-106163\" srcset=\"https:\/\/www.tuasaude.com\/news\/wp-content\/uploads\/2026\/08\/Infographic_about_vitamin_D_202608311322-1024x571.jpg 1024w, https:\/\/www.tuasaude.com\/news\/wp-content\/uploads\/2026\/08\/Infographic_about_vitamin_D_202608311322-300x167.jpg 300w, https:\/\/www.tuasaude.com\/news\/wp-content\/uploads\/2026\/08\/Infographic_about_vitamin_D_202608311322-768x428.jpg 768w, https:\/\/www.tuasaude.com\/news\/wp-content\/uploads\/2026\/08\/Infographic_about_vitamin_D_202608311322-750x418.jpg 750w, https:\/\/www.tuasaude.com\/news\/wp-content\/uploads\/2026\/08\/Infographic_about_vitamin_D_202608311322-1140x636.jpg 1140w, https:\/\/www.tuasaude.com\/news\/wp-content\/uploads\/2026\/08\/Infographic_about_vitamin_D_202608311322.jpg 1280w\" sizes=\"(max-width: 1024px) 100vw, 1024px\" \/><figcaption class=\"wp-element-caption\">Vitamina D participa da fun\u00e7\u00e3o muscular, mas a reposi\u00e7\u00e3o deve ser guiada por exames e orienta\u00e7\u00e3o profissional.<\/figcaption><\/figure>\n<\/div>\n\n\n<h2 class=\"wp-block-heading\">Quais sintomas podem indicar falta de vitamina D?<\/h2>\n\n\n\n<p class=\"wp-block-paragraph\">Os sinais da defici\u00eancia costumam ser sutis e progressivos, sendo frequentemente confundidos com estresse ou envelhecimento natural. Reconhecer esses sintomas ajuda a buscar avalia\u00e7\u00e3o m\u00e9dica antes que a car\u00eancia traga consequ\u00eancias mais s\u00e9rias.<\/p>\n\n\n\n<p class=\"wp-block-paragraph\">Os principais sinais de alerta incluem:<\/p>\n\n\n\n<ul class=\"wp-block-list\">\n<li><strong>Cansa\u00e7o persistente<\/strong>, mesmo ap\u00f3s noites de sono adequadas<\/li>\n\n\n\n<li><strong>Fraqueza muscular<\/strong> e sensa\u00e7\u00e3o de peso nas pernas<\/li>\n\n\n\n<li><strong>Dores \u00f3sseas<\/strong> difusas, especialmente na regi\u00e3o lombar<\/li>\n\n\n\n<li><strong>Queda na imunidade<\/strong>, com infec\u00e7\u00f5es respirat\u00f3rias frequentes<\/li>\n\n\n\n<li><strong>Altera\u00e7\u00f5es de humor<\/strong>, tristeza ou apatia<\/li>\n\n\n\n<li><strong>Queda de cabelo<\/strong> acentuada<\/li>\n\n\n\n<li><strong>Cicatriza\u00e7\u00e3o lenta<\/strong> de feridas<\/li>\n\n\n\n<li><strong>Dificuldade de concentra\u00e7\u00e3o<\/strong> e mem\u00f3ria<\/li>\n<\/ul>\n\n\n\n<h2 class=\"wp-block-heading\">Como um estudo cient\u00edfico comprova o efeito da vitamina D sobre o cansa\u00e7o?<\/h2>\n\n\n\n<p class=\"wp-block-paragraph\">A rela\u00e7\u00e3o direta entre reposi\u00e7\u00e3o de vitamina D e melhora da fadiga foi confirmada em pesquisa cl\u00ednica com adultos saud\u00e1veis. Segundo o estudo <a href=\"https:\/\/pubmed.ncbi.nlm.nih.gov\/28033244\/\" target=\"_blank\" rel=\"noreferrer noopener\">Effect of vitamin D3 on self-perceived fatigue: A double-blind randomized placebo-controlled trial<\/a> publicado na revista Medicine, a suplementa\u00e7\u00e3o com dose \u00fanica de vitamina D3 promoveu melhora significativa da fadiga em pessoas saud\u00e1veis com defici\u00eancia do nutriente.<\/p>\n\n\n\n<p class=\"wp-block-paragraph\">O ensaio cl\u00ednico randomizado, duplo-cego e controlado por placebo avaliou 120 participantes ao longo de quatro semanas e concluiu que a corre\u00e7\u00e3o dos n\u00edveis de vitamina D \u00e9 uma estrat\u00e9gia eficaz para reduzir o cansa\u00e7o percebido, refor\u00e7ando a import\u00e2ncia de investigar essa defici\u00eancia em quadros de fadiga sem causa aparente.<\/p>\n\n\n<div class=\"wp-block-image\">\n<figure class=\"aligncenter size-large\"><img decoding=\"async\" width=\"1024\" height=\"571\" src=\"https:\/\/www.tuasaude.com\/news\/wp-content\/uploads\/2026\/08\/Man_walking_in_neighborhood_202608311322-1024x571.jpg\" alt=\"Sol, alimenta\u00e7\u00e3o e avalia\u00e7\u00e3o m\u00e9dica ajudam a investigar a defici\u00eancia de vitamina D.\" class=\"wp-image-106164\" srcset=\"https:\/\/www.tuasaude.com\/news\/wp-content\/uploads\/2026\/08\/Man_walking_in_neighborhood_202608311322-1024x571.jpg 1024w, https:\/\/www.tuasaude.com\/news\/wp-content\/uploads\/2026\/08\/Man_walking_in_neighborhood_202608311322-300x167.jpg 300w, https:\/\/www.tuasaude.com\/news\/wp-content\/uploads\/2026\/08\/Man_walking_in_neighborhood_202608311322-768x428.jpg 768w, https:\/\/www.tuasaude.com\/news\/wp-content\/uploads\/2026\/08\/Man_walking_in_neighborhood_202608311322-750x418.jpg 750w, https:\/\/www.tuasaude.com\/news\/wp-content\/uploads\/2026\/08\/Man_walking_in_neighborhood_202608311322-1140x636.jpg 1140w, https:\/\/www.tuasaude.com\/news\/wp-content\/uploads\/2026\/08\/Man_walking_in_neighborhood_202608311322.jpg 1280w\" sizes=\"(max-width: 1024px) 100vw, 1024px\" \/><figcaption class=\"wp-element-caption\">Sol, alimenta\u00e7\u00e3o e avalia\u00e7\u00e3o m\u00e9dica ajudam a investigar a defici\u00eancia de vitamina D.<\/figcaption><\/figure>\n<\/div>\n\n\n<h2 class=\"wp-block-heading\">Quando fazer o exame e como corrigir a defici\u00eancia?<\/h2>\n\n\n\n<p class=\"wp-block-paragraph\">A Sociedade Brasileira de Endocrinologia e Metabologia (SBEM) recomenda a dosagem de 25-hidroxivitamina D no sangue para avaliar os n\u00edveis do nutriente. Valores abaixo de 20 ng\/ml indicam defici\u00eancia e abaixo de 30 ng\/ml sugerem insufici\u00eancia em grupos de risco, como idosos, gestantes e pessoas com doen\u00e7as \u00f3sseas.<\/p>\n\n\n\n<p class=\"wp-block-paragraph\">Para corrigir e prevenir a car\u00eancia, algumas medidas s\u00e3o recomendadas:<\/p>\n\n\n\n<ul class=\"wp-block-list\">\n<li><strong>Exposi\u00e7\u00e3o solar<\/strong> de 15 a 20 minutos por dia, entre 10h e 15h, sem protetor em bra\u00e7os e pernas<\/li>\n\n\n\n<li><strong>Consumo regular<\/strong> de peixes gordurosos como salm\u00e3o, sardinha e atum<\/li>\n\n\n\n<li><strong>Inclus\u00e3o de gema de ovo<\/strong> na alimenta\u00e7\u00e3o di\u00e1ria<\/li>\n\n\n\n<li><strong>Uso de latic\u00ednios fortificados<\/strong> com vitamina D<\/li>\n\n\n\n<li><strong>Consumo de cogumelos<\/strong> expostos \u00e0 luz solar<\/li>\n\n\n\n<li><strong>Suplementa\u00e7\u00e3o oral<\/strong> quando indicada pelo m\u00e9dico, com doses individualizadas<\/li>\n\n\n\n<li><strong>Acompanhamento peri\u00f3dico<\/strong> dos n\u00edveis por exame de sangue<\/li>\n\n\n\n<li><strong>Manuten\u00e7\u00e3o do peso adequado<\/strong>, j\u00e1 que a obesidade reduz a biodisponibilidade da vitamina<\/li>\n<\/ul>\n\n\n\n<p class=\"wp-block-paragraph\">Vale destacar que a <a href=\"https:\/\/www.tuasaude.com\/reposicao-de-vitamina-d\/\" target=\"_blank\" rel=\"noreferrer noopener\">reposi\u00e7\u00e3o de vitamina D<\/a> deve ser sempre orientada por um profissional, j\u00e1 que doses excessivas podem provocar efeitos adversos como aumento do c\u00e1lcio no sangue e comprometimento renal.<\/p>\n\n\n\n<p class=\"wp-block-paragraph\"><em>Este conte\u00fado tem car\u00e1ter apenas informativo e n\u00e3o substitui a avalia\u00e7\u00e3o de um profissional de sa\u00fade. Consulte sempre um m\u00e9dico endocrinologista para diagn\u00f3stico e orienta\u00e7\u00e3o adequada sobre suplementa\u00e7\u00e3o de vitamina D.<\/em><\/p>\n","protected":false},"excerpt":{"rendered":"<p>O cansa\u00e7o constante em adultos costuma ser associado apenas ao excesso de trabalho e \u00e0 rotina agitada, mas a defici\u00eancia de vitamina D \u00e9 uma causa frequente e pouco investigada da fadiga persistente. Essa vitamina participa diretamente da produ\u00e7\u00e3o de energia nas c\u00e9lulas e da fun\u00e7\u00e3o muscular, e sua car\u00eancia afeta boa parte da popula\u00e7\u00e3o [&hellip;]<\/p>\n","protected":false},"author":16,"featured_media":106162,"comment_status":"open","ping_status":"open","sticky":false,"template":"","format":"standard","meta":{"_yoast_wpseo_focuskw":"defici\u00eancia de vitamina D","_yoast_wpseo_title":"","_yoast_wpseo_metadesc":"Defici\u00eancia de vitamina D pode estar ligada ao cansa\u00e7o persistente em adultos. Entenda os sinais, o exame indicado e como corrigir essa car\u00eancia.","jnews-multi-image_gallery":[],"jnews_single_post":{"format":"standard"},"jnews_primary_category":[],"jnews_social_meta":[],"jnews_override_counter":[],"footnotes":""},"categories":[111],"tags":[905,1271,11789,12290,12868,12869,136],"class_list":["post-106161","post","type-post","status-publish","format-standard","has-post-thumbnail","hentry","category-saude","tag-cansaco-constante","tag-deficiencia-de-vitamina-d","tag-em-adultos","tag-excesso-de-trabalho","tag-nao-se-deve-apenas","tag-producao-de-energia-nas-celulas","tag-saude"],"yoast_head":"<!-- This site is optimized with the Yoast SEO plugin v26.7 - https:\/\/yoast.com\/wordpress\/plugins\/seo\/ -->\n<title>O cansa\u00e7o constante em adultos n\u00e3o se deve apenas ao excesso de trabalho, mas tamb\u00e9m \u00e0 defici\u00eancia de vitamina D, que participa da produ\u00e7\u00e3o de energia nas c\u00e9lulas - Tua Sa\u00fade<\/title>\n<meta name=\"description\" content=\"Defici\u00eancia de vitamina D pode estar ligada ao cansa\u00e7o persistente em adultos. Entenda os sinais, o exame indicado e como corrigir essa car\u00eancia.\" \/>\n<meta name=\"robots\" content=\"index, follow, max-snippet:-1, max-image-preview:large, max-video-preview:-1\" \/>\n<link rel=\"canonical\" href=\"https:\/\/www.tuasaude.com\/news\/2026\/09\/01\/o-cansaco-constante-em-adultos-nao-se-deve-apenas-ao-excesso-de-trabalho-mas-tambem-a-deficiencia-de-vitamina-d-que-participa-da-producao-de-energia-nas-celulas\/\" \/>\n<meta property=\"og:locale\" content=\"pt_BR\" \/>\n<meta property=\"og:type\" content=\"article\" \/>\n<meta property=\"og:title\" content=\"O cansa\u00e7o constante em adultos n\u00e3o se deve apenas ao excesso de trabalho, mas tamb\u00e9m \u00e0 defici\u00eancia de vitamina D, que participa da produ\u00e7\u00e3o de energia nas c\u00e9lulas - Tua Sa\u00fade\" \/>\n<meta property=\"og:description\" content=\"Defici\u00eancia de vitamina D pode estar ligada ao cansa\u00e7o persistente em adultos. Entenda os sinais, o exame indicado e como corrigir essa car\u00eancia.\" \/>\n<meta property=\"og:url\" content=\"https:\/\/www.tuasaude.com\/news\/2026\/09\/01\/o-cansaco-constante-em-adultos-nao-se-deve-apenas-ao-excesso-de-trabalho-mas-tambem-a-deficiencia-de-vitamina-d-que-participa-da-producao-de-energia-nas-celulas\/\" \/>\n<meta property=\"og:site_name\" content=\"Tua Sa\u00fade\" \/>\n<meta property=\"article:published_time\" content=\"2026-09-02T01:00:00+00:00\" \/>\n<meta property=\"og:image\" content=\"https:\/\/www.tuasaude.com\/news\/wp-content\/uploads\/2026\/08\/Woman_resting_at_home_office_202608311322.jpg\" \/>\n\t<meta property=\"og:image:width\" content=\"1280\" \/>\n\t<meta property=\"og:image:height\" content=\"714\" \/>\n\t<meta property=\"og:image:type\" content=\"image\/jpeg\" \/>\n<meta name=\"author\" content=\"Maycon Geovane\" \/>\n<meta name=\"twitter:card\" content=\"summary_large_image\" \/>\n<meta name=\"twitter:label1\" content=\"Escrito por\" \/>\n\t<meta name=\"twitter:data1\" content=\"Maycon Geovane\" \/>\n\t<meta name=\"twitter:label2\" content=\"Est. tempo de leitura\" \/>\n\t<meta name=\"twitter:data2\" content=\"5 minutos\" \/>\n<!-- \/ Yoast SEO plugin. -->","yoast_head_json":{"title":"O cansa\u00e7o constante em adultos n\u00e3o se deve apenas ao excesso de trabalho, mas tamb\u00e9m \u00e0 defici\u00eancia de vitamina D, que participa da produ\u00e7\u00e3o de energia nas c\u00e9lulas - Tua Sa\u00fade","description":"Defici\u00eancia de vitamina D pode estar ligada ao cansa\u00e7o persistente em adultos. Entenda os sinais, o exame indicado e como corrigir essa car\u00eancia.","robots":{"index":"index","follow":"follow","max-snippet":"max-snippet:-1","max-image-preview":"max-image-preview:large","max-video-preview":"max-video-preview:-1"},"canonical":"https:\/\/www.tuasaude.com\/news\/2026\/09\/01\/o-cansaco-constante-em-adultos-nao-se-deve-apenas-ao-excesso-de-trabalho-mas-tambem-a-deficiencia-de-vitamina-d-que-participa-da-producao-de-energia-nas-celulas\/","og_locale":"pt_BR","og_type":"article","og_title":"O cansa\u00e7o constante em adultos n\u00e3o se deve apenas ao excesso de trabalho, mas tamb\u00e9m \u00e0 defici\u00eancia de vitamina D, que participa da produ\u00e7\u00e3o de energia nas c\u00e9lulas - Tua Sa\u00fade","og_description":"Defici\u00eancia de vitamina D pode estar ligada ao cansa\u00e7o persistente em adultos. Entenda os sinais, o exame indicado e como corrigir essa car\u00eancia.","og_url":"https:\/\/www.tuasaude.com\/news\/2026\/09\/01\/o-cansaco-constante-em-adultos-nao-se-deve-apenas-ao-excesso-de-trabalho-mas-tambem-a-deficiencia-de-vitamina-d-que-participa-da-producao-de-energia-nas-celulas\/","og_site_name":"Tua Sa\u00fade","article_published_time":"2026-09-02T01:00:00+00:00","og_image":[{"width":1280,"height":714,"url":"https:\/\/www.tuasaude.com\/news\/wp-content\/uploads\/2026\/08\/Woman_resting_at_home_office_202608311322.jpg","type":"image\/jpeg"}],"author":"Maycon Geovane","twitter_card":"summary_large_image","twitter_misc":{"Escrito por":"Maycon Geovane","Est. tempo de leitura":"5 minutos"},"schema":{"@context":"https:\/\/schema.org","@graph":[{"@type":"Article","@id":"https:\/\/www.tuasaude.com\/news\/2026\/09\/01\/o-cansaco-constante-em-adultos-nao-se-deve-apenas-ao-excesso-de-trabalho-mas-tambem-a-deficiencia-de-vitamina-d-que-participa-da-producao-de-energia-nas-celulas\/#article","isPartOf":{"@id":"https:\/\/www.tuasaude.com\/news\/2026\/09\/01\/o-cansaco-constante-em-adultos-nao-se-deve-apenas-ao-excesso-de-trabalho-mas-tambem-a-deficiencia-de-vitamina-d-que-participa-da-producao-de-energia-nas-celulas\/"},"author":{"name":"Maycon Geovane","@id":"https:\/\/www.tuasaude.com\/news\/#\/schema\/person\/da63bccfbda5c95cfbf2d37c4276fca0"},"headline":"O cansa\u00e7o constante em adultos n\u00e3o se deve apenas ao excesso de trabalho, mas tamb\u00e9m \u00e0 defici\u00eancia de vitamina D, que participa da produ\u00e7\u00e3o de energia nas c\u00e9lulas","datePublished":"2026-09-02T01:00:00+00:00","mainEntityOfPage":{"@id":"https:\/\/www.tuasaude.com\/news\/2026\/09\/01\/o-cansaco-constante-em-adultos-nao-se-deve-apenas-ao-excesso-de-trabalho-mas-tambem-a-deficiencia-de-vitamina-d-que-participa-da-producao-de-energia-nas-celulas\/"},"wordCount":844,"commentCount":0,"image":{"@id":"https:\/\/www.tuasaude.com\/news\/2026\/09\/01\/o-cansaco-constante-em-adultos-nao-se-deve-apenas-ao-excesso-de-trabalho-mas-tambem-a-deficiencia-de-vitamina-d-que-participa-da-producao-de-energia-nas-celulas\/#primaryimage"},"thumbnailUrl":"https:\/\/www.tuasaude.com\/news\/wp-content\/uploads\/2026\/08\/Woman_resting_at_home_office_202608311322.jpg","keywords":["cansa\u00e7o constante","defici\u00eancia de vitamina D","em adultos","excesso de trabalho","n\u00e3o se deve apenas","produ\u00e7\u00e3o de energia nas c\u00e9lulas","sa\u00fade"],"articleSection":["Sa\u00fade"],"inLanguage":"pt-BR","potentialAction":[{"@type":"CommentAction","name":"Comment","target":["https:\/\/www.tuasaude.com\/news\/2026\/09\/01\/o-cansaco-constante-em-adultos-nao-se-deve-apenas-ao-excesso-de-trabalho-mas-tambem-a-deficiencia-de-vitamina-d-que-participa-da-producao-de-energia-nas-celulas\/#respond"]}]},{"@type":"WebPage","@id":"https:\/\/www.tuasaude.com\/news\/2026\/09\/01\/o-cansaco-constante-em-adultos-nao-se-deve-apenas-ao-excesso-de-trabalho-mas-tambem-a-deficiencia-de-vitamina-d-que-participa-da-producao-de-energia-nas-celulas\/","url":"https:\/\/www.tuasaude.com\/news\/2026\/09\/01\/o-cansaco-constante-em-adultos-nao-se-deve-apenas-ao-excesso-de-trabalho-mas-tambem-a-deficiencia-de-vitamina-d-que-participa-da-producao-de-energia-nas-celulas\/","name":"O cansa\u00e7o constante em adultos n\u00e3o se deve apenas ao excesso de trabalho, mas tamb\u00e9m \u00e0 defici\u00eancia de vitamina D, que participa da produ\u00e7\u00e3o de energia nas c\u00e9lulas - Tua Sa\u00fade","isPartOf":{"@id":"https:\/\/www.tuasaude.com\/news\/#website"},"primaryImageOfPage":{"@id":"https:\/\/www.tuasaude.com\/news\/2026\/09\/01\/o-cansaco-constante-em-adultos-nao-se-deve-apenas-ao-excesso-de-trabalho-mas-tambem-a-deficiencia-de-vitamina-d-que-participa-da-producao-de-energia-nas-celulas\/#primaryimage"},"image":{"@id":"https:\/\/www.tuasaude.com\/news\/2026\/09\/01\/o-cansaco-constante-em-adultos-nao-se-deve-apenas-ao-excesso-de-trabalho-mas-tambem-a-deficiencia-de-vitamina-d-que-participa-da-producao-de-energia-nas-celulas\/#primaryimage"},"thumbnailUrl":"https:\/\/www.tuasaude.com\/news\/wp-content\/uploads\/2026\/08\/Woman_resting_at_home_office_202608311322.jpg","datePublished":"2026-09-02T01:00:00+00:00","author":{"@id":"https:\/\/www.tuasaude.com\/news\/#\/schema\/person\/da63bccfbda5c95cfbf2d37c4276fca0"},"description":"Defici\u00eancia de vitamina D pode estar ligada ao cansa\u00e7o persistente em adultos. Entenda os sinais, o exame indicado e como corrigir essa car\u00eancia.","breadcrumb":{"@id":"https:\/\/www.tuasaude.com\/news\/2026\/09\/01\/o-cansaco-constante-em-adultos-nao-se-deve-apenas-ao-excesso-de-trabalho-mas-tambem-a-deficiencia-de-vitamina-d-que-participa-da-producao-de-energia-nas-celulas\/#breadcrumb"},"inLanguage":"pt-BR","potentialAction":[{"@type":"ReadAction","target":["https:\/\/www.tuasaude.com\/news\/2026\/09\/01\/o-cansaco-constante-em-adultos-nao-se-deve-apenas-ao-excesso-de-trabalho-mas-tambem-a-deficiencia-de-vitamina-d-que-participa-da-producao-de-energia-nas-celulas\/"]}]},{"@type":"ImageObject","inLanguage":"pt-BR","@id":"https:\/\/www.tuasaude.com\/news\/2026\/09\/01\/o-cansaco-constante-em-adultos-nao-se-deve-apenas-ao-excesso-de-trabalho-mas-tambem-a-deficiencia-de-vitamina-d-que-participa-da-producao-de-energia-nas-celulas\/#primaryimage","url":"https:\/\/www.tuasaude.com\/news\/wp-content\/uploads\/2026\/08\/Woman_resting_at_home_office_202608311322.jpg","contentUrl":"https:\/\/www.tuasaude.com\/news\/wp-content\/uploads\/2026\/08\/Woman_resting_at_home_office_202608311322.jpg","width":1280,"height":714,"caption":"O cansa\u00e7o constante em adultos n\u00e3o se deve apenas ao excesso de trabalho, mas tamb\u00e9m \u00e0 defici\u00eancia de vitamina D, que participa da produ\u00e7\u00e3o de energia nas c\u00e9lulas"},{"@type":"BreadcrumbList","@id":"https:\/\/www.tuasaude.com\/news\/2026\/09\/01\/o-cansaco-constante-em-adultos-nao-se-deve-apenas-ao-excesso-de-trabalho-mas-tambem-a-deficiencia-de-vitamina-d-que-participa-da-producao-de-energia-nas-celulas\/#breadcrumb","itemListElement":[{"@type":"ListItem","position":1,"name":"In\u00edcio","item":"https:\/\/www.tuasaude.com\/news\/"},{"@type":"ListItem","position":2,"name":"O cansa\u00e7o constante em adultos n\u00e3o se deve apenas ao excesso de trabalho, mas tamb\u00e9m \u00e0 defici\u00eancia de vitamina D, que participa da produ\u00e7\u00e3o de energia nas c\u00e9lulas"}]},{"@type":"WebSite","@id":"https:\/\/www.tuasaude.com\/news\/#website","url":"https:\/\/www.tuasaude.com\/news\/","name":"Tua Sa\u00fade","description":"Seu site de sa\u00fade","potentialAction":[{"@type":"SearchAction","target":{"@type":"EntryPoint","urlTemplate":"https:\/\/www.tuasaude.com\/news\/?s={search_term_string}"},"query-input":{"@type":"PropertyValueSpecification","valueRequired":true,"valueName":"search_term_string"}}],"inLanguage":"pt-BR"},{"@type":"Person","@id":"https:\/\/www.tuasaude.com\/news\/#\/schema\/person\/da63bccfbda5c95cfbf2d37c4276fca0","name":"Maycon Geovane","image":{"@type":"ImageObject","inLanguage":"pt-BR","@id":"https:\/\/www.tuasaude.com\/news\/#\/schema\/person\/image\/","url":"https:\/\/secure.gravatar.com\/avatar\/4f4908cf0a2f249a9f1137f9d5769cacc373d9aee67910cc212a09a346873b7d?s=96&d=mm&r=g","contentUrl":"https:\/\/secure.gravatar.com\/avatar\/4f4908cf0a2f249a9f1137f9d5769cacc373d9aee67910cc212a09a346873b7d?s=96&d=mm&r=g","caption":"Maycon Geovane"},"sameAs":["https:\/\/www.tuasaude.com\/news\/"],"url":"https:\/\/www.tuasaude.com\/news\/author\/maycongeovane\/"}]}},"_links":{"self":[{"href":"https:\/\/www.tuasaude.com\/news\/wp-json\/wp\/v2\/posts\/106161","targetHints":{"allow":["GET"]}}],"collection":[{"href":"https:\/\/www.tuasaude.com\/news\/wp-json\/wp\/v2\/posts"}],"about":[{"href":"https:\/\/www.tuasaude.com\/news\/wp-json\/wp\/v2\/types\/post"}],"author":[{"embeddable":true,"href":"https:\/\/www.tuasaude.com\/news\/wp-json\/wp\/v2\/users\/16"}],"replies":[{"embeddable":true,"href":"https:\/\/www.tuasaude.com\/news\/wp-json\/wp\/v2\/comments?post=106161"}],"version-history":[{"count":1,"href":"https:\/\/www.tuasaude.com\/news\/wp-json\/wp\/v2\/posts\/106161\/revisions"}],"predecessor-version":[{"id":106165,"href":"https:\/\/www.tuasaude.com\/news\/wp-json\/wp\/v2\/posts\/106161\/revisions\/106165"}],"wp:featuredmedia":[{"embeddable":true,"href":"https:\/\/www.tuasaude.com\/news\/wp-json\/wp\/v2\/media\/106162"}],"wp:attachment":[{"href":"https:\/\/www.tuasaude.com\/news\/wp-json\/wp\/v2\/media?parent=106161"}],"wp:term":[{"taxonomy":"category","embeddable":true,"href":"https:\/\/www.tuasaude.com\/news\/wp-json\/wp\/v2\/categories?post=106161"},{"taxonomy":"post_tag","embeddable":true,"href":"https:\/\/www.tuasaude.com\/news\/wp-json\/wp\/v2\/tags?post=106161"}],"curies":[{"name":"wp","href":"https:\/\/api.w.org\/{rel}","templated":true}]}}