{"id":106141,"date":"2026-09-01T15:50:00","date_gmt":"2026-09-01T18:50:00","guid":{"rendered":"https:\/\/www.tuasaude.com\/news\/?p=106141"},"modified":"2026-08-31T13:05:24","modified_gmt":"2026-08-31T16:05:24","slug":"a-insonia-em-idosos-nao-se-deve-apenas-a-idade-mas-tambem-a-baixa-exposicao-a-luz-natural-pela-manha-que-regula-a-producao-de-melatonina-a-noite","status":"publish","type":"post","link":"https:\/\/www.tuasaude.com\/news\/2026\/09\/01\/a-insonia-em-idosos-nao-se-deve-apenas-a-idade-mas-tambem-a-baixa-exposicao-a-luz-natural-pela-manha-que-regula-a-producao-de-melatonina-a-noite\/","title":{"rendered":"A ins\u00f4nia em idosos n\u00e3o se deve apenas \u00e0 idade, mas tamb\u00e9m \u00e0 baixa exposi\u00e7\u00e3o \u00e0 luz natural pela manh\u00e3, que regula a produ\u00e7\u00e3o de melatonina \u00e0 noite"},"content":{"rendered":"\n<p class=\"wp-block-paragraph\">A ins\u00f4nia em idosos costuma ser atribu\u00edda apenas ao envelhecimento, mas a pouca exposi\u00e7\u00e3o \u00e0 luz solar pela manh\u00e3 \u00e9 um fator determinante para as dificuldades do sono nessa fase da vida. A luz natural matinal ajusta o rel\u00f3gio biol\u00f3gico, sincroniza o ritmo circadiano e regula a produ\u00e7\u00e3o de melatonina \u00e0 noite, o horm\u00f4nio respons\u00e1vel por induzir o sono profundo e restaurador. Entender essa rela\u00e7\u00e3o abre caminho para estrat\u00e9gias simples e naturais que podem transformar a qualidade das noites ap\u00f3s os 60 anos.<\/p>\n\n\n\n<h2 class=\"wp-block-heading\">Como a luz da manh\u00e3 regula o ciclo do sono?<\/h2>\n\n\n\n<p class=\"wp-block-paragraph\">A retina possui c\u00e9lulas fotorreceptoras que captam a luz natural e enviam sinais ao n\u00facleo supraquiasm\u00e1tico, regi\u00e3o do c\u00e9rebro que funciona como o rel\u00f3gio biol\u00f3gico do corpo. Quando essa \u00e1rea recebe est\u00edmulo luminoso pela manh\u00e3, sincroniza os horm\u00f4nios ligados ao ciclo vig\u00edlia-sono.<\/p>\n\n\n\n<p class=\"wp-block-paragraph\">Essa sincroniza\u00e7\u00e3o atrasa a produ\u00e7\u00e3o de melatonina durante o dia e a antecipa \u00e0 noite, permitindo que o sono chegue no hor\u00e1rio correto. Sem essa exposi\u00e7\u00e3o, o rel\u00f3gio biol\u00f3gico se desregula e o sono profundo fica prejudicado.<\/p>\n\n\n\n<h2 class=\"wp-block-heading\">Por que os idosos s\u00e3o mais afetados pela falta de luz solar?<\/h2>\n\n\n\n<p class=\"wp-block-paragraph\">Com o envelhecimento, ocorrem altera\u00e7\u00f5es naturais nos olhos, como o amarelamento do cristalino e a redu\u00e7\u00e3o do di\u00e2metro da pupila, que diminuem a quantidade de luz que chega \u00e0 retina. Al\u00e9m disso, muitos idosos passam grande parte do dia em ambientes fechados, com pouca ilumina\u00e7\u00e3o natural.<\/p>\n\n\n\n<p class=\"wp-block-paragraph\">Essa combina\u00e7\u00e3o reduz o est\u00edmulo necess\u00e1rio para a produ\u00e7\u00e3o adequada de <a href=\"https:\/\/www.tuasaude.com\/melatonina\/\" target=\"_blank\" rel=\"noreferrer noopener\">melatonina<\/a> \u00e0 noite, fragmentando o sono e provocando despertares frequentes durante a madrugada.<\/p>\n\n\n<div class=\"wp-block-image\">\n<figure class=\"aligncenter size-large\"><img decoding=\"async\" width=\"1024\" height=\"571\" src=\"https:\/\/www.tuasaude.com\/news\/wp-content\/uploads\/2026\/08\/Luz_da_manha_e_sono_202608311304-1024x571.jpg\" alt=\"Luz matinal, rotina regular e menos telas \u00e0 noite favorecem um ritmo circadiano mais organizado.\" class=\"wp-image-106143\" srcset=\"https:\/\/www.tuasaude.com\/news\/wp-content\/uploads\/2026\/08\/Luz_da_manha_e_sono_202608311304-1024x571.jpg 1024w, https:\/\/www.tuasaude.com\/news\/wp-content\/uploads\/2026\/08\/Luz_da_manha_e_sono_202608311304-300x167.jpg 300w, https:\/\/www.tuasaude.com\/news\/wp-content\/uploads\/2026\/08\/Luz_da_manha_e_sono_202608311304-768x428.jpg 768w, https:\/\/www.tuasaude.com\/news\/wp-content\/uploads\/2026\/08\/Luz_da_manha_e_sono_202608311304-750x418.jpg 750w, https:\/\/www.tuasaude.com\/news\/wp-content\/uploads\/2026\/08\/Luz_da_manha_e_sono_202608311304-1140x636.jpg 1140w, https:\/\/www.tuasaude.com\/news\/wp-content\/uploads\/2026\/08\/Luz_da_manha_e_sono_202608311304.jpg 1280w\" sizes=\"(max-width: 1024px) 100vw, 1024px\" \/><figcaption class=\"wp-element-caption\">Luz matinal, rotina regular e menos telas \u00e0 noite favorecem um ritmo circadiano mais organizado.<\/figcaption><\/figure>\n<\/div>\n\n\n<h2 class=\"wp-block-heading\">Quais s\u00e3o os sinais de desregula\u00e7\u00e3o do ritmo circadiano?<\/h2>\n\n\n\n<p class=\"wp-block-paragraph\">Nem sempre a ins\u00f4nia se manifesta como noites em claro. Nos idosos, a desregula\u00e7\u00e3o do rel\u00f3gio biol\u00f3gico pode se expressar de v\u00e1rias formas, muitas vezes confundidas com o envelhecimento normal.<\/p>\n\n\n\n<p class=\"wp-block-paragraph\">Os principais sinais que merecem aten\u00e7\u00e3o s\u00e3o:<\/p>\n\n\n\n<ul class=\"wp-block-list\">\n<li><strong>Sonol\u00eancia excessiva<\/strong> no fim da tarde e no in\u00edcio da noite<\/li>\n\n\n\n<li><strong>Dificuldade para adormecer<\/strong> mesmo sentindo cansa\u00e7o<\/li>\n\n\n\n<li><strong>Despertares frequentes<\/strong> durante a madrugada<\/li>\n\n\n\n<li><strong>Sono fragmentado<\/strong> e pouco reparador<\/li>\n\n\n\n<li><strong>Acordar muito cedo<\/strong> sem conseguir voltar a dormir<\/li>\n\n\n\n<li><strong>Cochilos longos<\/strong> durante o dia<\/li>\n\n\n\n<li><strong>Sensa\u00e7\u00e3o de cansa\u00e7o<\/strong> ao acordar<\/li>\n\n\n\n<li><strong>Altera\u00e7\u00f5es de humor<\/strong>, irritabilidade e dificuldade de concentra\u00e7\u00e3o<\/li>\n<\/ul>\n\n\n\n<h2 class=\"wp-block-heading\">Como um estudo cient\u00edfico comprova o efeito da luz natural sobre o sono?<\/h2>\n\n\n\n<p class=\"wp-block-paragraph\">A rela\u00e7\u00e3o entre exposi\u00e7\u00e3o \u00e0 luz do dia e regula\u00e7\u00e3o da melatonina foi confirmada por pesquisa realizada com idosos e indexada em bases cient\u00edficas internacionais. Segundo o estudo <a href=\"https:\/\/pubmed.ncbi.nlm.nih.gov\/27398336\/\" target=\"_blank\" rel=\"noreferrer noopener\">Effect of Daylight on Melatonin and Subjective General Health Factors in Elderly People<\/a> publicado no Iranian Journal of Public Health, a exposi\u00e7\u00e3o \u00e0 luz natural elevou significativamente os n\u00edveis de melatonina matinal e melhorou o estado geral de sa\u00fade dos participantes.<\/p>\n\n\n\n<p class=\"wp-block-paragraph\">Os autores conclu\u00edram que a exposi\u00e7\u00e3o programada \u00e0 luz do dia \u00e9 capaz de corrigir o ritmo circadiano em idosos, reduzir sintomas de ansiedade e melhorar quadros de ins\u00f4nia, refor\u00e7ando a import\u00e2ncia de garantir ambientes bem iluminados nas resid\u00eancias e casas de repouso.<\/p>\n\n\n<div class=\"wp-block-image\">\n<figure class=\"aligncenter size-large\"><img decoding=\"async\" width=\"1024\" height=\"571\" src=\"https:\/\/www.tuasaude.com\/news\/wp-content\/uploads\/2026\/08\/Elderly_man_walking_on_street_202608311304-1024x571.jpg\" alt=\"Uma caminhada matinal ao ar livre pode ajudar a organizar o ciclo sono-vig\u00edlia.\" class=\"wp-image-106144\" srcset=\"https:\/\/www.tuasaude.com\/news\/wp-content\/uploads\/2026\/08\/Elderly_man_walking_on_street_202608311304-1024x571.jpg 1024w, https:\/\/www.tuasaude.com\/news\/wp-content\/uploads\/2026\/08\/Elderly_man_walking_on_street_202608311304-300x167.jpg 300w, https:\/\/www.tuasaude.com\/news\/wp-content\/uploads\/2026\/08\/Elderly_man_walking_on_street_202608311304-768x428.jpg 768w, https:\/\/www.tuasaude.com\/news\/wp-content\/uploads\/2026\/08\/Elderly_man_walking_on_street_202608311304-750x418.jpg 750w, https:\/\/www.tuasaude.com\/news\/wp-content\/uploads\/2026\/08\/Elderly_man_walking_on_street_202608311304-1140x636.jpg 1140w, https:\/\/www.tuasaude.com\/news\/wp-content\/uploads\/2026\/08\/Elderly_man_walking_on_street_202608311304.jpg 1280w\" sizes=\"(max-width: 1024px) 100vw, 1024px\" \/><figcaption class=\"wp-element-caption\">Uma caminhada matinal ao ar livre pode ajudar a organizar o ciclo sono-vig\u00edlia.<\/figcaption><\/figure>\n<\/div>\n\n\n<h2 class=\"wp-block-heading\">Quanto tempo de sol pela manh\u00e3 \u00e9 recomendado e como incluir na rotina?<\/h2>\n\n\n\n<p class=\"wp-block-paragraph\">Estudos em cronobiologia indicam que de 15 a 30 minutos de exposi\u00e7\u00e3o ao sol pela manh\u00e3, preferencialmente at\u00e9 duas horas ap\u00f3s acordar, j\u00e1 s\u00e3o suficientes para estimular os fotorreceptores da retina e ajustar o ritmo circadiano. N\u00e3o \u00e9 necess\u00e1rio tomar sol direto na pele, basta que os olhos recebam a luz natural, mesmo sem \u00f3culos escuros e em dias nublados.<\/p>\n\n\n\n<p class=\"wp-block-paragraph\">Algumas estrat\u00e9gias pr\u00e1ticas para incorporar essa exposi\u00e7\u00e3o s\u00e3o:<\/p>\n\n\n\n<ul class=\"wp-block-list\">\n<li><strong>Tomar o caf\u00e9 da manh\u00e3<\/strong> em uma varanda, jardim ou pr\u00f3ximo a uma janela aberta<\/li>\n\n\n\n<li><strong>Caminhar ao ar livre<\/strong> por 20 a 30 minutos logo ap\u00f3s acordar<\/li>\n\n\n\n<li><strong>Abrir cortinas e janelas<\/strong> assim que amanhecer para iluminar o ambiente<\/li>\n\n\n\n<li><strong>Cuidar de plantas<\/strong>, regar o jardim ou realizar atividades leves ao ar livre pela manh\u00e3<\/li>\n\n\n\n<li><strong>Evitar \u00f3culos escuros<\/strong> nos primeiros minutos de exposi\u00e7\u00e3o matinal, quando o sol ainda \u00e9 ameno<\/li>\n\n\n\n<li><strong>Reduzir a luz artificial<\/strong> \u00e0 noite, especialmente a luz azul de telas, para favorecer a libera\u00e7\u00e3o de melatonina<\/li>\n<\/ul>\n\n\n\n<p class=\"wp-block-paragraph\">Al\u00e9m dessa medida, manter hor\u00e1rios regulares para dormir e acordar, praticar atividade f\u00edsica durante o dia e adotar h\u00e1bitos que ajudam a <a href=\"https:\/\/www.tuasaude.com\/insonia-no-idoso\/\" target=\"_blank\" rel=\"noreferrer noopener\">combater a ins\u00f4nia no idoso<\/a> contribuem para restaurar o sono de forma natural.<\/p>\n\n\n\n<p class=\"wp-block-paragraph\"><em>Este conte\u00fado tem car\u00e1ter apenas informativo e n\u00e3o substitui a avalia\u00e7\u00e3o de um profissional de sa\u00fade. Consulte sempre um m\u00e9dico ou especialista em dist\u00farbios do sono para orienta\u00e7\u00e3o adequada.<\/em><\/p>\n","protected":false},"excerpt":{"rendered":"<p>A ins\u00f4nia em idosos costuma ser atribu\u00edda apenas ao envelhecimento, mas a pouca exposi\u00e7\u00e3o \u00e0 luz solar pela manh\u00e3 \u00e9 um fator determinante para as dificuldades do sono nessa fase da vida. A luz natural matinal ajusta o rel\u00f3gio biol\u00f3gico, sincroniza o ritmo circadiano e regula a produ\u00e7\u00e3o de melatonina \u00e0 noite, o horm\u00f4nio respons\u00e1vel [&hellip;]<\/p>\n","protected":false},"author":16,"featured_media":106142,"comment_status":"open","ping_status":"open","sticky":false,"template":"","format":"standard","meta":{"_yoast_wpseo_focuskw":"ins\u00f4nia em idosos","_yoast_wpseo_title":"","_yoast_wpseo_metadesc":"Ins\u00f4nia em idosos pode estar ligada \u00e0 pouca luz natural pela manh\u00e3. Entenda como ela regula o ritmo circadiano e ajuda a melhorar o sono.","jnews-multi-image_gallery":[],"jnews_single_post":{"format":"standard"},"jnews_primary_category":[],"jnews_social_meta":[],"jnews_override_counter":[],"footnotes":""},"categories":[111],"tags":[12859,185,3061,3707,763,11849,12860,136,12853],"class_list":["post-106141","post","type-post","status-publish","format-standard","has-post-thumbnail","hentry","category-saude","tag-baixa-exposicao","tag-idade","tag-insonia-em-idosos","tag-luz-natural","tag-melatonina","tag-pela-manha","tag-regula-a-producao","tag-saude","tag-se-deve-apenas"],"yoast_head":"<!-- This site is optimized with the Yoast SEO plugin v26.7 - https:\/\/yoast.com\/wordpress\/plugins\/seo\/ -->\n<title>A ins\u00f4nia em idosos n\u00e3o se deve apenas \u00e0 idade, mas tamb\u00e9m \u00e0 baixa exposi\u00e7\u00e3o \u00e0 luz natural pela manh\u00e3, que regula a produ\u00e7\u00e3o de melatonina \u00e0 noite - Tua Sa\u00fade<\/title>\n<meta name=\"description\" content=\"Ins\u00f4nia em idosos pode estar ligada \u00e0 pouca luz natural pela manh\u00e3. Entenda como ela regula o ritmo circadiano e ajuda a melhorar o sono.\" \/>\n<meta name=\"robots\" content=\"index, follow, max-snippet:-1, max-image-preview:large, max-video-preview:-1\" \/>\n<link rel=\"canonical\" href=\"https:\/\/www.tuasaude.com\/news\/2026\/09\/01\/a-insonia-em-idosos-nao-se-deve-apenas-a-idade-mas-tambem-a-baixa-exposicao-a-luz-natural-pela-manha-que-regula-a-producao-de-melatonina-a-noite\/\" \/>\n<meta property=\"og:locale\" content=\"pt_BR\" \/>\n<meta property=\"og:type\" content=\"article\" \/>\n<meta property=\"og:title\" content=\"A ins\u00f4nia em idosos n\u00e3o se deve apenas \u00e0 idade, mas tamb\u00e9m \u00e0 baixa exposi\u00e7\u00e3o \u00e0 luz natural pela manh\u00e3, que regula a produ\u00e7\u00e3o de melatonina \u00e0 noite - Tua Sa\u00fade\" \/>\n<meta property=\"og:description\" content=\"Ins\u00f4nia em idosos pode estar ligada \u00e0 pouca luz natural pela manh\u00e3. Entenda como ela regula o ritmo circadiano e ajuda a melhorar o sono.\" \/>\n<meta property=\"og:url\" content=\"https:\/\/www.tuasaude.com\/news\/2026\/09\/01\/a-insonia-em-idosos-nao-se-deve-apenas-a-idade-mas-tambem-a-baixa-exposicao-a-luz-natural-pela-manha-que-regula-a-producao-de-melatonina-a-noite\/\" \/>\n<meta property=\"og:site_name\" content=\"Tua Sa\u00fade\" \/>\n<meta property=\"article:published_time\" content=\"2026-09-01T18:50:00+00:00\" \/>\n<meta property=\"og:image\" content=\"https:\/\/www.tuasaude.com\/news\/wp-content\/uploads\/2026\/08\/Elderly_woman_holding_coffee_cup_202608311304.jpg\" \/>\n\t<meta property=\"og:image:width\" content=\"1280\" \/>\n\t<meta property=\"og:image:height\" content=\"714\" \/>\n\t<meta property=\"og:image:type\" content=\"image\/jpeg\" \/>\n<meta name=\"author\" content=\"Maycon Geovane\" \/>\n<meta name=\"twitter:card\" content=\"summary_large_image\" \/>\n<meta name=\"twitter:label1\" content=\"Escrito por\" \/>\n\t<meta name=\"twitter:data1\" content=\"Maycon Geovane\" \/>\n\t<meta name=\"twitter:label2\" content=\"Est. tempo de leitura\" \/>\n\t<meta name=\"twitter:data2\" content=\"5 minutos\" \/>\n<!-- \/ Yoast SEO plugin. -->","yoast_head_json":{"title":"A ins\u00f4nia em idosos n\u00e3o se deve apenas \u00e0 idade, mas tamb\u00e9m \u00e0 baixa exposi\u00e7\u00e3o \u00e0 luz natural pela manh\u00e3, que regula a produ\u00e7\u00e3o de melatonina \u00e0 noite - Tua Sa\u00fade","description":"Ins\u00f4nia em idosos pode estar ligada \u00e0 pouca luz natural pela manh\u00e3. Entenda como ela regula o ritmo circadiano e ajuda a melhorar o sono.","robots":{"index":"index","follow":"follow","max-snippet":"max-snippet:-1","max-image-preview":"max-image-preview:large","max-video-preview":"max-video-preview:-1"},"canonical":"https:\/\/www.tuasaude.com\/news\/2026\/09\/01\/a-insonia-em-idosos-nao-se-deve-apenas-a-idade-mas-tambem-a-baixa-exposicao-a-luz-natural-pela-manha-que-regula-a-producao-de-melatonina-a-noite\/","og_locale":"pt_BR","og_type":"article","og_title":"A ins\u00f4nia em idosos n\u00e3o se deve apenas \u00e0 idade, mas tamb\u00e9m \u00e0 baixa exposi\u00e7\u00e3o \u00e0 luz natural pela manh\u00e3, que regula a produ\u00e7\u00e3o de melatonina \u00e0 noite - Tua Sa\u00fade","og_description":"Ins\u00f4nia em idosos pode estar ligada \u00e0 pouca luz natural pela manh\u00e3. Entenda como ela regula o ritmo circadiano e ajuda a melhorar o sono.","og_url":"https:\/\/www.tuasaude.com\/news\/2026\/09\/01\/a-insonia-em-idosos-nao-se-deve-apenas-a-idade-mas-tambem-a-baixa-exposicao-a-luz-natural-pela-manha-que-regula-a-producao-de-melatonina-a-noite\/","og_site_name":"Tua Sa\u00fade","article_published_time":"2026-09-01T18:50:00+00:00","og_image":[{"width":1280,"height":714,"url":"https:\/\/www.tuasaude.com\/news\/wp-content\/uploads\/2026\/08\/Elderly_woman_holding_coffee_cup_202608311304.jpg","type":"image\/jpeg"}],"author":"Maycon Geovane","twitter_card":"summary_large_image","twitter_misc":{"Escrito por":"Maycon Geovane","Est. tempo de leitura":"5 minutos"},"schema":{"@context":"https:\/\/schema.org","@graph":[{"@type":"Article","@id":"https:\/\/www.tuasaude.com\/news\/2026\/09\/01\/a-insonia-em-idosos-nao-se-deve-apenas-a-idade-mas-tambem-a-baixa-exposicao-a-luz-natural-pela-manha-que-regula-a-producao-de-melatonina-a-noite\/#article","isPartOf":{"@id":"https:\/\/www.tuasaude.com\/news\/2026\/09\/01\/a-insonia-em-idosos-nao-se-deve-apenas-a-idade-mas-tambem-a-baixa-exposicao-a-luz-natural-pela-manha-que-regula-a-producao-de-melatonina-a-noite\/"},"author":{"name":"Maycon Geovane","@id":"https:\/\/www.tuasaude.com\/news\/#\/schema\/person\/da63bccfbda5c95cfbf2d37c4276fca0"},"headline":"A ins\u00f4nia em idosos n\u00e3o se deve apenas \u00e0 idade, mas tamb\u00e9m \u00e0 baixa exposi\u00e7\u00e3o \u00e0 luz natural pela manh\u00e3, que regula a produ\u00e7\u00e3o de melatonina \u00e0 noite","datePublished":"2026-09-01T18:50:00+00:00","mainEntityOfPage":{"@id":"https:\/\/www.tuasaude.com\/news\/2026\/09\/01\/a-insonia-em-idosos-nao-se-deve-apenas-a-idade-mas-tambem-a-baixa-exposicao-a-luz-natural-pela-manha-que-regula-a-producao-de-melatonina-a-noite\/"},"wordCount":840,"commentCount":0,"image":{"@id":"https:\/\/www.tuasaude.com\/news\/2026\/09\/01\/a-insonia-em-idosos-nao-se-deve-apenas-a-idade-mas-tambem-a-baixa-exposicao-a-luz-natural-pela-manha-que-regula-a-producao-de-melatonina-a-noite\/#primaryimage"},"thumbnailUrl":"https:\/\/www.tuasaude.com\/news\/wp-content\/uploads\/2026\/08\/Elderly_woman_holding_coffee_cup_202608311304.jpg","keywords":["baixa exposi\u00e7\u00e3o","idade","ins\u00f4nia em idosos","luz natural","Melatonina","pela manh\u00e3","regula a produ\u00e7\u00e3o","sa\u00fade","se deve apenas"],"articleSection":["Sa\u00fade"],"inLanguage":"pt-BR","potentialAction":[{"@type":"CommentAction","name":"Comment","target":["https:\/\/www.tuasaude.com\/news\/2026\/09\/01\/a-insonia-em-idosos-nao-se-deve-apenas-a-idade-mas-tambem-a-baixa-exposicao-a-luz-natural-pela-manha-que-regula-a-producao-de-melatonina-a-noite\/#respond"]}]},{"@type":"WebPage","@id":"https:\/\/www.tuasaude.com\/news\/2026\/09\/01\/a-insonia-em-idosos-nao-se-deve-apenas-a-idade-mas-tambem-a-baixa-exposicao-a-luz-natural-pela-manha-que-regula-a-producao-de-melatonina-a-noite\/","url":"https:\/\/www.tuasaude.com\/news\/2026\/09\/01\/a-insonia-em-idosos-nao-se-deve-apenas-a-idade-mas-tambem-a-baixa-exposicao-a-luz-natural-pela-manha-que-regula-a-producao-de-melatonina-a-noite\/","name":"A ins\u00f4nia em idosos n\u00e3o se deve apenas \u00e0 idade, mas tamb\u00e9m \u00e0 baixa exposi\u00e7\u00e3o \u00e0 luz natural pela manh\u00e3, que regula a produ\u00e7\u00e3o de melatonina \u00e0 noite - Tua Sa\u00fade","isPartOf":{"@id":"https:\/\/www.tuasaude.com\/news\/#website"},"primaryImageOfPage":{"@id":"https:\/\/www.tuasaude.com\/news\/2026\/09\/01\/a-insonia-em-idosos-nao-se-deve-apenas-a-idade-mas-tambem-a-baixa-exposicao-a-luz-natural-pela-manha-que-regula-a-producao-de-melatonina-a-noite\/#primaryimage"},"image":{"@id":"https:\/\/www.tuasaude.com\/news\/2026\/09\/01\/a-insonia-em-idosos-nao-se-deve-apenas-a-idade-mas-tambem-a-baixa-exposicao-a-luz-natural-pela-manha-que-regula-a-producao-de-melatonina-a-noite\/#primaryimage"},"thumbnailUrl":"https:\/\/www.tuasaude.com\/news\/wp-content\/uploads\/2026\/08\/Elderly_woman_holding_coffee_cup_202608311304.jpg","datePublished":"2026-09-01T18:50:00+00:00","author":{"@id":"https:\/\/www.tuasaude.com\/news\/#\/schema\/person\/da63bccfbda5c95cfbf2d37c4276fca0"},"description":"Ins\u00f4nia em idosos pode estar ligada \u00e0 pouca luz natural pela manh\u00e3. Entenda como ela regula o ritmo circadiano e ajuda a melhorar o sono.","breadcrumb":{"@id":"https:\/\/www.tuasaude.com\/news\/2026\/09\/01\/a-insonia-em-idosos-nao-se-deve-apenas-a-idade-mas-tambem-a-baixa-exposicao-a-luz-natural-pela-manha-que-regula-a-producao-de-melatonina-a-noite\/#breadcrumb"},"inLanguage":"pt-BR","potentialAction":[{"@type":"ReadAction","target":["https:\/\/www.tuasaude.com\/news\/2026\/09\/01\/a-insonia-em-idosos-nao-se-deve-apenas-a-idade-mas-tambem-a-baixa-exposicao-a-luz-natural-pela-manha-que-regula-a-producao-de-melatonina-a-noite\/"]}]},{"@type":"ImageObject","inLanguage":"pt-BR","@id":"https:\/\/www.tuasaude.com\/news\/2026\/09\/01\/a-insonia-em-idosos-nao-se-deve-apenas-a-idade-mas-tambem-a-baixa-exposicao-a-luz-natural-pela-manha-que-regula-a-producao-de-melatonina-a-noite\/#primaryimage","url":"https:\/\/www.tuasaude.com\/news\/wp-content\/uploads\/2026\/08\/Elderly_woman_holding_coffee_cup_202608311304.jpg","contentUrl":"https:\/\/www.tuasaude.com\/news\/wp-content\/uploads\/2026\/08\/Elderly_woman_holding_coffee_cup_202608311304.jpg","width":1280,"height":714,"caption":"A ins\u00f4nia em idosos n\u00e3o se deve apenas \u00e0 idade, mas tamb\u00e9m \u00e0 baixa exposi\u00e7\u00e3o \u00e0 luz natural pela manh\u00e3, que regula a produ\u00e7\u00e3o de melatonina \u00e0 noite"},{"@type":"BreadcrumbList","@id":"https:\/\/www.tuasaude.com\/news\/2026\/09\/01\/a-insonia-em-idosos-nao-se-deve-apenas-a-idade-mas-tambem-a-baixa-exposicao-a-luz-natural-pela-manha-que-regula-a-producao-de-melatonina-a-noite\/#breadcrumb","itemListElement":[{"@type":"ListItem","position":1,"name":"In\u00edcio","item":"https:\/\/www.tuasaude.com\/news\/"},{"@type":"ListItem","position":2,"name":"A ins\u00f4nia em idosos n\u00e3o se deve apenas \u00e0 idade, mas tamb\u00e9m \u00e0 baixa exposi\u00e7\u00e3o \u00e0 luz natural pela manh\u00e3, que regula a produ\u00e7\u00e3o de melatonina \u00e0 noite"}]},{"@type":"WebSite","@id":"https:\/\/www.tuasaude.com\/news\/#website","url":"https:\/\/www.tuasaude.com\/news\/","name":"Tua Sa\u00fade","description":"Seu site de sa\u00fade","potentialAction":[{"@type":"SearchAction","target":{"@type":"EntryPoint","urlTemplate":"https:\/\/www.tuasaude.com\/news\/?s={search_term_string}"},"query-input":{"@type":"PropertyValueSpecification","valueRequired":true,"valueName":"search_term_string"}}],"inLanguage":"pt-BR"},{"@type":"Person","@id":"https:\/\/www.tuasaude.com\/news\/#\/schema\/person\/da63bccfbda5c95cfbf2d37c4276fca0","name":"Maycon Geovane","image":{"@type":"ImageObject","inLanguage":"pt-BR","@id":"https:\/\/www.tuasaude.com\/news\/#\/schema\/person\/image\/","url":"https:\/\/secure.gravatar.com\/avatar\/4f4908cf0a2f249a9f1137f9d5769cacc373d9aee67910cc212a09a346873b7d?s=96&d=mm&r=g","contentUrl":"https:\/\/secure.gravatar.com\/avatar\/4f4908cf0a2f249a9f1137f9d5769cacc373d9aee67910cc212a09a346873b7d?s=96&d=mm&r=g","caption":"Maycon Geovane"},"sameAs":["https:\/\/www.tuasaude.com\/news\/"],"url":"https:\/\/www.tuasaude.com\/news\/author\/maycongeovane\/"}]}},"_links":{"self":[{"href":"https:\/\/www.tuasaude.com\/news\/wp-json\/wp\/v2\/posts\/106141","targetHints":{"allow":["GET"]}}],"collection":[{"href":"https:\/\/www.tuasaude.com\/news\/wp-json\/wp\/v2\/posts"}],"about":[{"href":"https:\/\/www.tuasaude.com\/news\/wp-json\/wp\/v2\/types\/post"}],"author":[{"embeddable":true,"href":"https:\/\/www.tuasaude.com\/news\/wp-json\/wp\/v2\/users\/16"}],"replies":[{"embeddable":true,"href":"https:\/\/www.tuasaude.com\/news\/wp-json\/wp\/v2\/comments?post=106141"}],"version-history":[{"count":1,"href":"https:\/\/www.tuasaude.com\/news\/wp-json\/wp\/v2\/posts\/106141\/revisions"}],"predecessor-version":[{"id":106145,"href":"https:\/\/www.tuasaude.com\/news\/wp-json\/wp\/v2\/posts\/106141\/revisions\/106145"}],"wp:featuredmedia":[{"embeddable":true,"href":"https:\/\/www.tuasaude.com\/news\/wp-json\/wp\/v2\/media\/106142"}],"wp:attachment":[{"href":"https:\/\/www.tuasaude.com\/news\/wp-json\/wp\/v2\/media?parent=106141"}],"wp:term":[{"taxonomy":"category","embeddable":true,"href":"https:\/\/www.tuasaude.com\/news\/wp-json\/wp\/v2\/categories?post=106141"},{"taxonomy":"post_tag","embeddable":true,"href":"https:\/\/www.tuasaude.com\/news\/wp-json\/wp\/v2\/tags?post=106141"}],"curies":[{"name":"wp","href":"https:\/\/api.w.org\/{rel}","templated":true}]}}