{"id":106125,"date":"2026-09-01T12:35:00","date_gmt":"2026-09-01T15:35:00","guid":{"rendered":"https:\/\/www.tuasaude.com\/news\/?p=106125"},"modified":"2026-08-31T12:52:20","modified_gmt":"2026-08-31T15:52:20","slug":"a-queda-de-cabelo-em-mulheres-nao-se-deve-apenas-ao-estresse-mas-tambem-a-deficiencia-de-ferro-e-vitamina-d-que-participam-do-ciclo-de-crescimento-do-fio","status":"publish","type":"post","link":"https:\/\/www.tuasaude.com\/news\/2026\/09\/01\/a-queda-de-cabelo-em-mulheres-nao-se-deve-apenas-ao-estresse-mas-tambem-a-deficiencia-de-ferro-e-vitamina-d-que-participam-do-ciclo-de-crescimento-do-fio\/","title":{"rendered":"A queda de cabelo em mulheres n\u00e3o se deve apenas ao estresse, mas tamb\u00e9m \u00e0 defici\u00eancia de ferro e vitamina D, que participam do ciclo de crescimento do fio"},"content":{"rendered":"\n<p class=\"wp-block-paragraph\">A queda de cabelo em mulheres costuma ser atribu\u00edda apenas ao estresse ou \u00e0 gen\u00e9tica, mas outras causas silenciosas podem estar por tr\u00e1s do problema. A defici\u00eancia de ferro e de vitamina D interfere diretamente no ciclo de crescimento dos fios, deixando o cabelo mais fino, opaco e com queda difusa, mesmo em quem parece estar bem de sa\u00fade. Identificar esses fatores por meio de exames simples \u00e9 o primeiro passo para reverter o quadro e recuperar a densidade capilar.<\/p>\n\n\n\n<h2 class=\"wp-block-heading\">Como o ferro influencia o crescimento dos fios?<\/h2>\n\n\n\n<p class=\"wp-block-paragraph\">O ferro \u00e9 essencial para a oxigena\u00e7\u00e3o das c\u00e9lulas do fol\u00edculo piloso, estrutura respons\u00e1vel por produzir o cabelo. Quando os estoques desse mineral, medidos pela ferritina, est\u00e3o baixos, os fol\u00edculos priorizam fun\u00e7\u00f5es vitais e reduzem a produ\u00e7\u00e3o capilar.<\/p>\n\n\n\n<p class=\"wp-block-paragraph\">Isso favorece o efl\u00favio tel\u00f3geno, quadro em que muitos fios entram precocemente na fase de queda. \u00c9 comum a ferritina cair muito antes de a anemia aparecer no hemograma, por isso o exame de ferritina \u00e9 considerado o primeiro alerta em mulheres com queda difusa.<\/p>\n\n\n\n<h2 class=\"wp-block-heading\">Qual o papel da vitamina D nos cabelos?<\/h2>\n\n\n\n<p class=\"wp-block-paragraph\">A vitamina D participa da renova\u00e7\u00e3o das c\u00e9lulas que formam os fol\u00edculos capilares e ajuda a regular a transi\u00e7\u00e3o entre as fases de crescimento e queda dos fios. Sua defici\u00eancia \u00e9 bastante comum, especialmente em mulheres com pouca exposi\u00e7\u00e3o solar ou uso frequente de protetor.<\/p>\n\n\n\n<p class=\"wp-block-paragraph\">N\u00edveis baixos dessa vitamina est\u00e3o associados a maior perda capilar e a quadros como alopecia areata e efl\u00favio tel\u00f3geno, situa\u00e7\u00f5es em que a <a href=\"https:\/\/www.tuasaude.com\/queda-de-cabelo-o-que-fazer\/\" target=\"_blank\" rel=\"noreferrer noopener\">queda de cabelo<\/a> se torna persistente e afinamento dos fios se intensifica ao longo dos meses.<\/p>\n\n\n<div class=\"wp-block-image\">\n<figure class=\"aligncenter size-large\"><img decoding=\"async\" width=\"1024\" height=\"571\" src=\"https:\/\/www.tuasaude.com\/news\/wp-content\/uploads\/2026\/08\/Queda_de_cabelo_ferro_vitamina_202608311250-1024x571.jpg\" alt=\"\" class=\"wp-image-106128\" srcset=\"https:\/\/www.tuasaude.com\/news\/wp-content\/uploads\/2026\/08\/Queda_de_cabelo_ferro_vitamina_202608311250-1024x571.jpg 1024w, https:\/\/www.tuasaude.com\/news\/wp-content\/uploads\/2026\/08\/Queda_de_cabelo_ferro_vitamina_202608311250-300x167.jpg 300w, https:\/\/www.tuasaude.com\/news\/wp-content\/uploads\/2026\/08\/Queda_de_cabelo_ferro_vitamina_202608311250-768x428.jpg 768w, https:\/\/www.tuasaude.com\/news\/wp-content\/uploads\/2026\/08\/Queda_de_cabelo_ferro_vitamina_202608311250-750x418.jpg 750w, https:\/\/www.tuasaude.com\/news\/wp-content\/uploads\/2026\/08\/Queda_de_cabelo_ferro_vitamina_202608311250-1140x636.jpg 1140w, https:\/\/www.tuasaude.com\/news\/wp-content\/uploads\/2026\/08\/Queda_de_cabelo_ferro_vitamina_202608311250.jpg 1280w\" sizes=\"(max-width: 1024px) 100vw, 1024px\" \/><figcaption class=\"wp-element-caption\">Ferritina, vitamina D e avalia\u00e7\u00e3o dermatol\u00f3gica ajudam a investigar diferentes causas da queda capilar.<\/figcaption><\/figure>\n<\/div>\n\n\n<h2 class=\"wp-block-heading\">O que a ci\u00eancia mostra sobre vitamina D e queda capilar?<\/h2>\n\n\n\n<p class=\"wp-block-paragraph\">A rela\u00e7\u00e3o entre vitamina D e perda de cabelo foi analisada em ampla revis\u00e3o sistem\u00e1tica com metan\u00e1lise conduzida por pesquisadores da Universidade Mahidol, na Tail\u00e2ndia. Segundo o estudo <a href=\"https:\/\/www.frontiersin.org\/journals\/nutrition\/articles\/10.3389\/fnut.2024.1479337\/full\" target=\"_blank\" rel=\"noreferrer noopener\">Vitamin D deficiency in non-scarring and scarring alopecias<\/a>, publicado no peri\u00f3dico Frontiers in Nutrition, cerca de 50% das mulheres com alopecia de padr\u00e3o feminino e mais de 53% das pacientes com efl\u00favio tel\u00f3geno apresentavam defici\u00eancia de vitamina D no momento do diagn\u00f3stico.<\/p>\n\n\n\n<p class=\"wp-block-paragraph\">Os autores destacam que a dosagem laboratorial deve fazer parte da investiga\u00e7\u00e3o de rotina em casos de queda persistente, ajudando a orientar a reposi\u00e7\u00e3o adequada e o acompanhamento dermatol\u00f3gico especializado.<\/p>\n\n\n\n<h2 class=\"wp-block-heading\">Quais exames investigam a queda de cabelo?<\/h2>\n\n\n\n<p class=\"wp-block-paragraph\">Segundo orienta\u00e7\u00f5es alinhadas \u00e0s da Sociedade Brasileira de Dermatologia (SBD), a investiga\u00e7\u00e3o laboratorial \u00e9 essencial antes de iniciar qualquer suplementa\u00e7\u00e3o. Os principais exames costumam incluir:<\/p>\n\n\n\n<ul class=\"wp-block-list\">\n<li><strong>Dosagem de ferritina s\u00e9rica:<\/strong> avalia os estoques de ferro no organismo e detecta defici\u00eancia antes da anemia se instalar.<\/li>\n\n\n\n<li><strong>Hemograma completo:<\/strong> identifica sinais de anemia e outras altera\u00e7\u00f5es sangu\u00edneas relevantes.<\/li>\n\n\n\n<li><strong>25-hidroxivitamina D:<\/strong> mede os n\u00edveis de vitamina D circulante e indica a necessidade de reposi\u00e7\u00e3o.<\/li>\n\n\n\n<li><strong>TSH e T4 livre:<\/strong> avaliam a fun\u00e7\u00e3o da tireoide, j\u00e1 que hipo e hipertireoidismo est\u00e3o entre as principais causas de queda difusa.<\/li>\n\n\n\n<li><strong>Zinco e vitamina B12:<\/strong> ajudam a identificar outras car\u00eancias que impactam a sa\u00fade capilar.<\/li>\n\n\n\n<li><strong>Avalia\u00e7\u00e3o dermatosc\u00f3pica do couro cabeludo:<\/strong> permite diferenciar efl\u00favio tel\u00f3geno, alopecia areata e alopecia androgen\u00e9tica.<\/li>\n<\/ul>\n\n\n<div class=\"wp-block-image\">\n<figure class=\"aligncenter size-large\"><img decoding=\"async\" width=\"1024\" height=\"571\" src=\"https:\/\/www.tuasaude.com\/news\/wp-content\/uploads\/2026\/08\/Woman_examining_hair_in_mirror_202608311251-1024x571.jpg\" alt=\"Investigar ferro, vitamina D e outras causas ajuda a entender a queda persistente.\" class=\"wp-image-106129\" srcset=\"https:\/\/www.tuasaude.com\/news\/wp-content\/uploads\/2026\/08\/Woman_examining_hair_in_mirror_202608311251-1024x571.jpg 1024w, https:\/\/www.tuasaude.com\/news\/wp-content\/uploads\/2026\/08\/Woman_examining_hair_in_mirror_202608311251-300x167.jpg 300w, https:\/\/www.tuasaude.com\/news\/wp-content\/uploads\/2026\/08\/Woman_examining_hair_in_mirror_202608311251-768x428.jpg 768w, https:\/\/www.tuasaude.com\/news\/wp-content\/uploads\/2026\/08\/Woman_examining_hair_in_mirror_202608311251-750x418.jpg 750w, https:\/\/www.tuasaude.com\/news\/wp-content\/uploads\/2026\/08\/Woman_examining_hair_in_mirror_202608311251-1140x636.jpg 1140w, https:\/\/www.tuasaude.com\/news\/wp-content\/uploads\/2026\/08\/Woman_examining_hair_in_mirror_202608311251.jpg 1280w\" sizes=\"(max-width: 1024px) 100vw, 1024px\" \/><figcaption class=\"wp-element-caption\">Investigar ferro, vitamina D e outras causas ajuda a entender a queda persistente.<\/figcaption><\/figure>\n<\/div>\n\n\n<h2 class=\"wp-block-heading\">Por que \u00e9 importante evitar a automedica\u00e7\u00e3o?<\/h2>\n\n\n\n<p class=\"wp-block-paragraph\">Suplementar ferro ou vitamina D sem orienta\u00e7\u00e3o pode mascarar o diagn\u00f3stico correto e trazer efeitos adversos. O excesso de ferro sobrecarrega o f\u00edgado e o intestino, enquanto altas doses de vitamina D podem causar aumento do c\u00e1lcio no sangue e problemas renais.<\/p>\n\n\n\n<p class=\"wp-block-paragraph\">Al\u00e9m disso, a queda capilar tem m\u00faltiplas causas poss\u00edveis, e apenas a avalia\u00e7\u00e3o dermatol\u00f3gica \u00e9 capaz de identificar a origem real do problema. As <a href=\"https:\/\/www.tuasaude.com\/vitamina-para-queda-de-cabelo\/\" target=\"_blank\" rel=\"noreferrer noopener\">vitaminas para queda de cabelo<\/a> devem ser prescritas com base em exames laboratoriais e no tipo de alopecia diagnosticada, sempre com acompanhamento profissional.<\/p>\n\n\n\n<p class=\"wp-block-paragraph\"><em>Este conte\u00fado tem car\u00e1ter apenas informativo e n\u00e3o substitui a avalia\u00e7\u00e3o de um dermatologista ou m\u00e9dico. Em caso de queda de cabelo persistente ou d\u00favidas sobre suplementa\u00e7\u00e3o, procure sempre orienta\u00e7\u00e3o profissional qualificada para diagn\u00f3stico e tratamento adequados.<\/em><\/p>\n","protected":false},"excerpt":{"rendered":"<p>A queda de cabelo em mulheres costuma ser atribu\u00edda apenas ao estresse ou \u00e0 gen\u00e9tica, mas outras causas silenciosas podem estar por tr\u00e1s do problema. A defici\u00eancia de ferro e de vitamina D interfere diretamente no ciclo de crescimento dos fios, deixando o cabelo mais fino, opaco e com queda difusa, mesmo em quem parece [&hellip;]<\/p>\n","protected":false},"author":16,"featured_media":106126,"comment_status":"open","ping_status":"open","sticky":false,"template":"","format":"standard","meta":{"_yoast_wpseo_focuskw":"queda de cabelo em mulheres","_yoast_wpseo_title":"","_yoast_wpseo_metadesc":"Queda de cabelo em mulheres pode estar ligada \u00e0 falta de ferro e vitamina D. Entenda quais exames ajudam a investigar as causas e evitar a automedica\u00e7\u00e3o.","jnews-multi-image_gallery":[],"jnews_single_post":{"format":"standard"},"jnews_primary_category":[],"jnews_social_meta":[],"jnews_override_counter":[],"footnotes":""},"categories":[111],"tags":[1066,12852,177,630,136,114],"class_list":["post-106125","post","type-post","status-publish","format-standard","has-post-thumbnail","hentry","category-saude","tag-deficiencia-de-ferro","tag-em-mulheres","tag-estresse","tag-queda-de-cabelo","tag-saude","tag-vitamina-d"],"yoast_head":"<!-- This site is optimized with the Yoast SEO plugin v26.7 - https:\/\/yoast.com\/wordpress\/plugins\/seo\/ -->\n<title>A queda de cabelo em mulheres n\u00e3o se deve apenas ao estresse, mas tamb\u00e9m \u00e0 defici\u00eancia de ferro e vitamina D, que participam do ciclo de crescimento do fio - Tua Sa\u00fade<\/title>\n<meta name=\"description\" content=\"Queda de cabelo em mulheres pode estar ligada \u00e0 falta de ferro e vitamina D. Entenda quais exames ajudam a investigar as causas e evitar a automedica\u00e7\u00e3o.\" \/>\n<meta name=\"robots\" content=\"index, follow, max-snippet:-1, max-image-preview:large, max-video-preview:-1\" \/>\n<link rel=\"canonical\" href=\"https:\/\/www.tuasaude.com\/news\/2026\/09\/01\/a-queda-de-cabelo-em-mulheres-nao-se-deve-apenas-ao-estresse-mas-tambem-a-deficiencia-de-ferro-e-vitamina-d-que-participam-do-ciclo-de-crescimento-do-fio\/\" \/>\n<meta property=\"og:locale\" content=\"pt_BR\" \/>\n<meta property=\"og:type\" content=\"article\" \/>\n<meta property=\"og:title\" content=\"A queda de cabelo em mulheres n\u00e3o se deve apenas ao estresse, mas tamb\u00e9m \u00e0 defici\u00eancia de ferro e vitamina D, que participam do ciclo de crescimento do fio - Tua Sa\u00fade\" \/>\n<meta property=\"og:description\" content=\"Queda de cabelo em mulheres pode estar ligada \u00e0 falta de ferro e vitamina D. Entenda quais exames ajudam a investigar as causas e evitar a automedica\u00e7\u00e3o.\" \/>\n<meta property=\"og:url\" content=\"https:\/\/www.tuasaude.com\/news\/2026\/09\/01\/a-queda-de-cabelo-em-mulheres-nao-se-deve-apenas-ao-estresse-mas-tambem-a-deficiencia-de-ferro-e-vitamina-d-que-participam-do-ciclo-de-crescimento-do-fio\/\" \/>\n<meta property=\"og:site_name\" content=\"Tua Sa\u00fade\" \/>\n<meta property=\"article:published_time\" content=\"2026-09-01T15:35:00+00:00\" \/>\n<meta property=\"og:image\" content=\"https:\/\/www.tuasaude.com\/news\/wp-content\/uploads\/2026\/08\/Dermatologist_examining_patient_\u2026_202608311250.jpg\" \/>\n\t<meta property=\"og:image:width\" content=\"1280\" \/>\n\t<meta property=\"og:image:height\" content=\"714\" \/>\n\t<meta property=\"og:image:type\" content=\"image\/jpeg\" \/>\n<meta name=\"author\" content=\"Maycon Geovane\" \/>\n<meta name=\"twitter:card\" content=\"summary_large_image\" \/>\n<meta name=\"twitter:label1\" content=\"Escrito por\" \/>\n\t<meta name=\"twitter:data1\" content=\"Maycon Geovane\" \/>\n\t<meta name=\"twitter:label2\" content=\"Est. tempo de leitura\" \/>\n\t<meta name=\"twitter:data2\" content=\"5 minutos\" \/>\n<!-- \/ Yoast SEO plugin. -->","yoast_head_json":{"title":"A queda de cabelo em mulheres n\u00e3o se deve apenas ao estresse, mas tamb\u00e9m \u00e0 defici\u00eancia de ferro e vitamina D, que participam do ciclo de crescimento do fio - Tua Sa\u00fade","description":"Queda de cabelo em mulheres pode estar ligada \u00e0 falta de ferro e vitamina D. Entenda quais exames ajudam a investigar as causas e evitar a automedica\u00e7\u00e3o.","robots":{"index":"index","follow":"follow","max-snippet":"max-snippet:-1","max-image-preview":"max-image-preview:large","max-video-preview":"max-video-preview:-1"},"canonical":"https:\/\/www.tuasaude.com\/news\/2026\/09\/01\/a-queda-de-cabelo-em-mulheres-nao-se-deve-apenas-ao-estresse-mas-tambem-a-deficiencia-de-ferro-e-vitamina-d-que-participam-do-ciclo-de-crescimento-do-fio\/","og_locale":"pt_BR","og_type":"article","og_title":"A queda de cabelo em mulheres n\u00e3o se deve apenas ao estresse, mas tamb\u00e9m \u00e0 defici\u00eancia de ferro e vitamina D, que participam do ciclo de crescimento do fio - Tua Sa\u00fade","og_description":"Queda de cabelo em mulheres pode estar ligada \u00e0 falta de ferro e vitamina D. Entenda quais exames ajudam a investigar as causas e evitar a automedica\u00e7\u00e3o.","og_url":"https:\/\/www.tuasaude.com\/news\/2026\/09\/01\/a-queda-de-cabelo-em-mulheres-nao-se-deve-apenas-ao-estresse-mas-tambem-a-deficiencia-de-ferro-e-vitamina-d-que-participam-do-ciclo-de-crescimento-do-fio\/","og_site_name":"Tua Sa\u00fade","article_published_time":"2026-09-01T15:35:00+00:00","og_image":[{"width":1280,"height":714,"url":"https:\/\/www.tuasaude.com\/news\/wp-content\/uploads\/2026\/08\/Dermatologist_examining_patient_\u2026_202608311250.jpg","type":"image\/jpeg"}],"author":"Maycon Geovane","twitter_card":"summary_large_image","twitter_misc":{"Escrito por":"Maycon Geovane","Est. tempo de leitura":"5 minutos"},"schema":{"@context":"https:\/\/schema.org","@graph":[{"@type":"Article","@id":"https:\/\/www.tuasaude.com\/news\/2026\/09\/01\/a-queda-de-cabelo-em-mulheres-nao-se-deve-apenas-ao-estresse-mas-tambem-a-deficiencia-de-ferro-e-vitamina-d-que-participam-do-ciclo-de-crescimento-do-fio\/#article","isPartOf":{"@id":"https:\/\/www.tuasaude.com\/news\/2026\/09\/01\/a-queda-de-cabelo-em-mulheres-nao-se-deve-apenas-ao-estresse-mas-tambem-a-deficiencia-de-ferro-e-vitamina-d-que-participam-do-ciclo-de-crescimento-do-fio\/"},"author":{"name":"Maycon Geovane","@id":"https:\/\/www.tuasaude.com\/news\/#\/schema\/person\/da63bccfbda5c95cfbf2d37c4276fca0"},"headline":"A queda de cabelo em mulheres n\u00e3o se deve apenas ao estresse, mas tamb\u00e9m \u00e0 defici\u00eancia de ferro e vitamina D, que participam do ciclo de crescimento do fio","datePublished":"2026-09-01T15:35:00+00:00","mainEntityOfPage":{"@id":"https:\/\/www.tuasaude.com\/news\/2026\/09\/01\/a-queda-de-cabelo-em-mulheres-nao-se-deve-apenas-ao-estresse-mas-tambem-a-deficiencia-de-ferro-e-vitamina-d-que-participam-do-ciclo-de-crescimento-do-fio\/"},"wordCount":761,"commentCount":0,"image":{"@id":"https:\/\/www.tuasaude.com\/news\/2026\/09\/01\/a-queda-de-cabelo-em-mulheres-nao-se-deve-apenas-ao-estresse-mas-tambem-a-deficiencia-de-ferro-e-vitamina-d-que-participam-do-ciclo-de-crescimento-do-fio\/#primaryimage"},"thumbnailUrl":"https:\/\/www.tuasaude.com\/news\/wp-content\/uploads\/2026\/08\/Dermatologist_examining_patient_\u2026_202608311250.jpg","keywords":["defici\u00eancia de ferro","em mulheres","estresse","queda de cabelo","sa\u00fade","vitamina d"],"articleSection":["Sa\u00fade"],"inLanguage":"pt-BR","potentialAction":[{"@type":"CommentAction","name":"Comment","target":["https:\/\/www.tuasaude.com\/news\/2026\/09\/01\/a-queda-de-cabelo-em-mulheres-nao-se-deve-apenas-ao-estresse-mas-tambem-a-deficiencia-de-ferro-e-vitamina-d-que-participam-do-ciclo-de-crescimento-do-fio\/#respond"]}]},{"@type":"WebPage","@id":"https:\/\/www.tuasaude.com\/news\/2026\/09\/01\/a-queda-de-cabelo-em-mulheres-nao-se-deve-apenas-ao-estresse-mas-tambem-a-deficiencia-de-ferro-e-vitamina-d-que-participam-do-ciclo-de-crescimento-do-fio\/","url":"https:\/\/www.tuasaude.com\/news\/2026\/09\/01\/a-queda-de-cabelo-em-mulheres-nao-se-deve-apenas-ao-estresse-mas-tambem-a-deficiencia-de-ferro-e-vitamina-d-que-participam-do-ciclo-de-crescimento-do-fio\/","name":"A queda de cabelo em mulheres n\u00e3o se deve apenas ao estresse, mas tamb\u00e9m \u00e0 defici\u00eancia de ferro e vitamina D, que participam do ciclo de crescimento do fio - Tua Sa\u00fade","isPartOf":{"@id":"https:\/\/www.tuasaude.com\/news\/#website"},"primaryImageOfPage":{"@id":"https:\/\/www.tuasaude.com\/news\/2026\/09\/01\/a-queda-de-cabelo-em-mulheres-nao-se-deve-apenas-ao-estresse-mas-tambem-a-deficiencia-de-ferro-e-vitamina-d-que-participam-do-ciclo-de-crescimento-do-fio\/#primaryimage"},"image":{"@id":"https:\/\/www.tuasaude.com\/news\/2026\/09\/01\/a-queda-de-cabelo-em-mulheres-nao-se-deve-apenas-ao-estresse-mas-tambem-a-deficiencia-de-ferro-e-vitamina-d-que-participam-do-ciclo-de-crescimento-do-fio\/#primaryimage"},"thumbnailUrl":"https:\/\/www.tuasaude.com\/news\/wp-content\/uploads\/2026\/08\/Dermatologist_examining_patient_\u2026_202608311250.jpg","datePublished":"2026-09-01T15:35:00+00:00","author":{"@id":"https:\/\/www.tuasaude.com\/news\/#\/schema\/person\/da63bccfbda5c95cfbf2d37c4276fca0"},"description":"Queda de cabelo em mulheres pode estar ligada \u00e0 falta de ferro e vitamina D. Entenda quais exames ajudam a investigar as causas e evitar a automedica\u00e7\u00e3o.","breadcrumb":{"@id":"https:\/\/www.tuasaude.com\/news\/2026\/09\/01\/a-queda-de-cabelo-em-mulheres-nao-se-deve-apenas-ao-estresse-mas-tambem-a-deficiencia-de-ferro-e-vitamina-d-que-participam-do-ciclo-de-crescimento-do-fio\/#breadcrumb"},"inLanguage":"pt-BR","potentialAction":[{"@type":"ReadAction","target":["https:\/\/www.tuasaude.com\/news\/2026\/09\/01\/a-queda-de-cabelo-em-mulheres-nao-se-deve-apenas-ao-estresse-mas-tambem-a-deficiencia-de-ferro-e-vitamina-d-que-participam-do-ciclo-de-crescimento-do-fio\/"]}]},{"@type":"ImageObject","inLanguage":"pt-BR","@id":"https:\/\/www.tuasaude.com\/news\/2026\/09\/01\/a-queda-de-cabelo-em-mulheres-nao-se-deve-apenas-ao-estresse-mas-tambem-a-deficiencia-de-ferro-e-vitamina-d-que-participam-do-ciclo-de-crescimento-do-fio\/#primaryimage","url":"https:\/\/www.tuasaude.com\/news\/wp-content\/uploads\/2026\/08\/Dermatologist_examining_patient_\u2026_202608311250.jpg","contentUrl":"https:\/\/www.tuasaude.com\/news\/wp-content\/uploads\/2026\/08\/Dermatologist_examining_patient_\u2026_202608311250.jpg","width":1280,"height":714,"caption":"A queda de cabelo em mulheres n\u00e3o se deve apenas ao estresse, mas tamb\u00e9m \u00e0 defici\u00eancia de ferro e vitamina D, que participam do ciclo de crescimento do fio"},{"@type":"BreadcrumbList","@id":"https:\/\/www.tuasaude.com\/news\/2026\/09\/01\/a-queda-de-cabelo-em-mulheres-nao-se-deve-apenas-ao-estresse-mas-tambem-a-deficiencia-de-ferro-e-vitamina-d-que-participam-do-ciclo-de-crescimento-do-fio\/#breadcrumb","itemListElement":[{"@type":"ListItem","position":1,"name":"In\u00edcio","item":"https:\/\/www.tuasaude.com\/news\/"},{"@type":"ListItem","position":2,"name":"A queda de cabelo em mulheres n\u00e3o se deve apenas ao estresse, mas tamb\u00e9m \u00e0 defici\u00eancia de ferro e vitamina D, que participam do ciclo de crescimento do fio"}]},{"@type":"WebSite","@id":"https:\/\/www.tuasaude.com\/news\/#website","url":"https:\/\/www.tuasaude.com\/news\/","name":"Tua Sa\u00fade","description":"Seu site de sa\u00fade","potentialAction":[{"@type":"SearchAction","target":{"@type":"EntryPoint","urlTemplate":"https:\/\/www.tuasaude.com\/news\/?s={search_term_string}"},"query-input":{"@type":"PropertyValueSpecification","valueRequired":true,"valueName":"search_term_string"}}],"inLanguage":"pt-BR"},{"@type":"Person","@id":"https:\/\/www.tuasaude.com\/news\/#\/schema\/person\/da63bccfbda5c95cfbf2d37c4276fca0","name":"Maycon Geovane","image":{"@type":"ImageObject","inLanguage":"pt-BR","@id":"https:\/\/www.tuasaude.com\/news\/#\/schema\/person\/image\/","url":"https:\/\/secure.gravatar.com\/avatar\/4f4908cf0a2f249a9f1137f9d5769cacc373d9aee67910cc212a09a346873b7d?s=96&d=mm&r=g","contentUrl":"https:\/\/secure.gravatar.com\/avatar\/4f4908cf0a2f249a9f1137f9d5769cacc373d9aee67910cc212a09a346873b7d?s=96&d=mm&r=g","caption":"Maycon Geovane"},"sameAs":["https:\/\/www.tuasaude.com\/news\/"],"url":"https:\/\/www.tuasaude.com\/news\/author\/maycongeovane\/"}]}},"_links":{"self":[{"href":"https:\/\/www.tuasaude.com\/news\/wp-json\/wp\/v2\/posts\/106125","targetHints":{"allow":["GET"]}}],"collection":[{"href":"https:\/\/www.tuasaude.com\/news\/wp-json\/wp\/v2\/posts"}],"about":[{"href":"https:\/\/www.tuasaude.com\/news\/wp-json\/wp\/v2\/types\/post"}],"author":[{"embeddable":true,"href":"https:\/\/www.tuasaude.com\/news\/wp-json\/wp\/v2\/users\/16"}],"replies":[{"embeddable":true,"href":"https:\/\/www.tuasaude.com\/news\/wp-json\/wp\/v2\/comments?post=106125"}],"version-history":[{"count":1,"href":"https:\/\/www.tuasaude.com\/news\/wp-json\/wp\/v2\/posts\/106125\/revisions"}],"predecessor-version":[{"id":106130,"href":"https:\/\/www.tuasaude.com\/news\/wp-json\/wp\/v2\/posts\/106125\/revisions\/106130"}],"wp:featuredmedia":[{"embeddable":true,"href":"https:\/\/www.tuasaude.com\/news\/wp-json\/wp\/v2\/media\/106126"}],"wp:attachment":[{"href":"https:\/\/www.tuasaude.com\/news\/wp-json\/wp\/v2\/media?parent=106125"}],"wp:term":[{"taxonomy":"category","embeddable":true,"href":"https:\/\/www.tuasaude.com\/news\/wp-json\/wp\/v2\/categories?post=106125"},{"taxonomy":"post_tag","embeddable":true,"href":"https:\/\/www.tuasaude.com\/news\/wp-json\/wp\/v2\/tags?post=106125"}],"curies":[{"name":"wp","href":"https:\/\/api.w.org\/{rel}","templated":true}]}}