{"id":106120,"date":"2026-09-01T12:22:11","date_gmt":"2026-09-01T15:22:11","guid":{"rendered":"https:\/\/www.tuasaude.com\/news\/?p=106120"},"modified":"2026-08-31T12:25:17","modified_gmt":"2026-08-31T15:25:17","slug":"o-cansaco-em-idosos-nao-se-deve-apenas-a-idade-mas-tambem-a-perda-de-massa-muscular-que-reduz-a-forca-e-a-disposicao-para-atividades-do-dia-a-dia","status":"publish","type":"post","link":"https:\/\/www.tuasaude.com\/news\/2026\/09\/01\/o-cansaco-em-idosos-nao-se-deve-apenas-a-idade-mas-tambem-a-perda-de-massa-muscular-que-reduz-a-forca-e-a-disposicao-para-atividades-do-dia-a-dia\/","title":{"rendered":"O cansa\u00e7o em idosos n\u00e3o se deve apenas \u00e0 idade, mas tamb\u00e9m \u00e0 perda de massa muscular, que reduz a for\u00e7a e a disposi\u00e7\u00e3o para atividades do dia a dia"},"content":{"rendered":"\n<p class=\"wp-block-paragraph\">A ideia de que o cansa\u00e7o na terceira idade \u00e9 apenas consequ\u00eancia natural dos anos deixa de fora um fator importante e pouco discutido: a perda progressiva de massa muscular, conhecida como sarcopenia. Com menos m\u00fasculos, o corpo perde for\u00e7a, equil\u00edbrio e resist\u00eancia para tarefas simples do dia a dia, como levantar da cadeira, subir escadas ou carregar sacolas. O resultado \u00e9 uma sensa\u00e7\u00e3o constante de fadiga, muitas vezes confundida com envelhecimento normal, mas que pode ser prevenida e tratada.<\/p>\n\n\n\n<h2 class=\"wp-block-heading\">Por que a sarcopenia \u00e9 subdiagnosticada?<\/h2>\n\n\n\n<p class=\"wp-block-paragraph\">A perda de massa muscular acontece de forma lenta e silenciosa, sem dor ou sintoma marcante. Muitos idosos e familiares interpretam a fraqueza e o cansa\u00e7o como parte natural do envelhecimento, e a condi\u00e7\u00e3o raramente \u00e9 investigada em consultas de rotina.<\/p>\n\n\n\n<p class=\"wp-block-paragraph\">Al\u00e9m disso, n\u00e3o existe um exame de sangue \u00fanico que confirme o diagn\u00f3stico. \u00c9 preciso avaliar a for\u00e7a de preens\u00e3o manual, a velocidade de caminhada e a composi\u00e7\u00e3o corporal, sinais que muitas vezes s\u00f3 chamam aten\u00e7\u00e3o quando aparece a primeira queda, sinal frequente da <a href=\"https:\/\/www.tuasaude.com\/sarcopenia\/\" target=\"_blank\" rel=\"noreferrer noopener\">sarcopenia<\/a> em est\u00e1gio avan\u00e7ado.<\/p>\n\n\n\n<h2 class=\"wp-block-heading\">Como a perda muscular afeta a disposi\u00e7\u00e3o?<\/h2>\n\n\n\n<p class=\"wp-block-paragraph\">Os m\u00fasculos participam do transporte de nutrientes, do controle do a\u00e7\u00facar no sangue e da produ\u00e7\u00e3o de energia nas c\u00e9lulas. Quando a massa muscular diminui, o metabolismo desacelera e o corpo passa a se cansar com esfor\u00e7os cada vez menores.<\/p>\n\n\n\n<p class=\"wp-block-paragraph\">Essa fraqueza tamb\u00e9m afeta o equil\u00edbrio e a marcha, aumentando o risco de quedas, fraturas e perda de autonomia. Em muitos casos, a <a href=\"https:\/\/www.tuasaude.com\/perda-de-massa-muscular\/\" target=\"_blank\" rel=\"noreferrer noopener\">perda de massa muscular<\/a> se soma a doen\u00e7as cr\u00f4nicas, como diabetes e insufici\u00eancia card\u00edaca, agravando ainda mais o quadro de fadiga.<\/p>\n\n\n<div class=\"wp-block-image\">\n<figure class=\"aligncenter size-large\"><img decoding=\"async\" width=\"1024\" height=\"571\" src=\"https:\/\/www.tuasaude.com\/news\/wp-content\/uploads\/2026\/08\/FORCA_MUSCULAR_APOS_OS_60_202608311224-1024x571.jpg\" alt=\"For\u00e7a, prote\u00edna, equil\u00edbrio e movimento s\u00e3o pilares para preservar m\u00fasculos ap\u00f3s os 60 anos.\" class=\"wp-image-106122\" srcset=\"https:\/\/www.tuasaude.com\/news\/wp-content\/uploads\/2026\/08\/FORCA_MUSCULAR_APOS_OS_60_202608311224-1024x571.jpg 1024w, https:\/\/www.tuasaude.com\/news\/wp-content\/uploads\/2026\/08\/FORCA_MUSCULAR_APOS_OS_60_202608311224-300x167.jpg 300w, https:\/\/www.tuasaude.com\/news\/wp-content\/uploads\/2026\/08\/FORCA_MUSCULAR_APOS_OS_60_202608311224-768x428.jpg 768w, https:\/\/www.tuasaude.com\/news\/wp-content\/uploads\/2026\/08\/FORCA_MUSCULAR_APOS_OS_60_202608311224-750x418.jpg 750w, https:\/\/www.tuasaude.com\/news\/wp-content\/uploads\/2026\/08\/FORCA_MUSCULAR_APOS_OS_60_202608311224-1140x636.jpg 1140w, https:\/\/www.tuasaude.com\/news\/wp-content\/uploads\/2026\/08\/FORCA_MUSCULAR_APOS_OS_60_202608311224.jpg 1280w\" sizes=\"(max-width: 1024px) 100vw, 1024px\" \/><figcaption class=\"wp-element-caption\">For\u00e7a, prote\u00edna, equil\u00edbrio e movimento s\u00e3o pilares para preservar m\u00fasculos ap\u00f3s os 60 anos.<\/figcaption><\/figure>\n<\/div>\n\n\n<h2 class=\"wp-block-heading\">O que dizem os estudos sobre a sarcopenia?<\/h2>\n\n\n\n<p class=\"wp-block-paragraph\">A dimens\u00e3o do problema foi analisada em ampla revis\u00e3o sistem\u00e1tica com metan\u00e1lise conduzida por pesquisadores da Universidade de Glasgow, no Reino Unido. Segundo o estudo <a href=\"https:\/\/onlinelibrary.wiley.com\/doi\/10.1002\/jcsm.12783\" target=\"_blank\" rel=\"noreferrer noopener\">Global prevalence of sarcopenia and severe sarcopenia<\/a>, publicado no peri\u00f3dico Journal of Cachexia, Sarcopenia and Muscle, a preval\u00eancia global da condi\u00e7\u00e3o em pessoas acima dos 60 anos varia entre 10% e 27%, dependendo dos crit\u00e9rios diagn\u00f3sticos utilizados, o que refor\u00e7a o alto \u00edndice de subdiagn\u00f3stico em consultas de rotina.<\/p>\n\n\n\n<p class=\"wp-block-paragraph\">Os autores destacam que a identifica\u00e7\u00e3o precoce, aliada a interven\u00e7\u00f5es nutricionais e de atividade f\u00edsica, \u00e9 essencial para preservar a for\u00e7a muscular, a autonomia e a qualidade de vida na terceira idade.<\/p>\n\n\n\n<h2 class=\"wp-block-heading\">Como o exerc\u00edcio de for\u00e7a ajuda o idoso?<\/h2>\n\n\n\n<p class=\"wp-block-paragraph\">O treino de for\u00e7a, tamb\u00e9m conhecido como exerc\u00edcio resistido, \u00e9 a interven\u00e7\u00e3o mais eficaz para preservar e recuperar massa muscular ap\u00f3s os 60 anos. Ele estimula as fibras musculares a se adaptarem, melhora a comunica\u00e7\u00e3o entre nervos e m\u00fasculos e devolve firmeza aos movimentos.<\/p>\n\n\n\n<p class=\"wp-block-paragraph\">A Sociedade Brasileira de Geriatria e Gerontologia (SBGG) recomenda que idosos incluam pelo menos dois dias por semana de exerc\u00edcios de for\u00e7a, combinados com atividades aer\u00f3bicas leves. Os <a href=\"https:\/\/www.tuasaude.com\/os-melhores-exercicios-para-a-terceira-idade\/\" target=\"_blank\" rel=\"noreferrer noopener\">melhores exerc\u00edcios para a terceira idade<\/a> incluem muscula\u00e7\u00e3o leve, faixas el\u00e1sticas, hidrogin\u00e1stica e caminhadas regulares.<\/p>\n\n\n<div class=\"wp-block-image\">\n<figure class=\"aligncenter size-large\"><img decoding=\"async\" width=\"1024\" height=\"571\" src=\"https:\/\/www.tuasaude.com\/news\/wp-content\/uploads\/2026\/08\/Man_doing_resistance-band_exercise_202608311224-1024x571.jpg\" alt=\"Treino de for\u00e7a e prote\u00edna ajudam idosos a preservar m\u00fasculos, equil\u00edbrio e autonomia.\" class=\"wp-image-106123\" srcset=\"https:\/\/www.tuasaude.com\/news\/wp-content\/uploads\/2026\/08\/Man_doing_resistance-band_exercise_202608311224-1024x571.jpg 1024w, https:\/\/www.tuasaude.com\/news\/wp-content\/uploads\/2026\/08\/Man_doing_resistance-band_exercise_202608311224-300x167.jpg 300w, https:\/\/www.tuasaude.com\/news\/wp-content\/uploads\/2026\/08\/Man_doing_resistance-band_exercise_202608311224-768x428.jpg 768w, https:\/\/www.tuasaude.com\/news\/wp-content\/uploads\/2026\/08\/Man_doing_resistance-band_exercise_202608311224-750x418.jpg 750w, https:\/\/www.tuasaude.com\/news\/wp-content\/uploads\/2026\/08\/Man_doing_resistance-band_exercise_202608311224-1140x636.jpg 1140w, https:\/\/www.tuasaude.com\/news\/wp-content\/uploads\/2026\/08\/Man_doing_resistance-band_exercise_202608311224.jpg 1280w\" sizes=\"(max-width: 1024px) 100vw, 1024px\" \/><figcaption class=\"wp-element-caption\">Treino de for\u00e7a e prote\u00edna ajudam idosos a preservar m\u00fasculos, equil\u00edbrio e autonomia.<\/figcaption><\/figure>\n<\/div>\n\n\n<h2 class=\"wp-block-heading\">Qual a quantidade de prote\u00edna ideal para idosos?<\/h2>\n\n\n\n<p class=\"wp-block-paragraph\">Ap\u00f3s os 60 anos, o corpo se torna menos eficiente em aproveitar a prote\u00edna da alimenta\u00e7\u00e3o para construir massa muscular, um fen\u00f4meno chamado resist\u00eancia anab\u00f3lica. Por isso, a ingest\u00e3o precisa ser maior do que a recomendada para adultos jovens. Confira as principais orienta\u00e7\u00f5es da SBGG:<\/p>\n\n\n\n<ol class=\"wp-block-list\">\n<li>Consumir cerca de 1,0 a 1,2 grama de prote\u00edna por quilo de peso corporal por dia, podendo chegar a 1,5 grama em idosos ativos ou em recupera\u00e7\u00e3o de doen\u00e7as.<\/li>\n\n\n\n<li>Distribuir a prote\u00edna nas tr\u00eas refei\u00e7\u00f5es principais do dia, evitando concentr\u00e1-la apenas no jantar.<\/li>\n\n\n\n<li>Priorizar fontes de alta qualidade, como ovos, peixes, frango, carnes magras, leite, iogurte e queijos.<\/li>\n\n\n\n<li>Incluir leguminosas como feij\u00e3o, lentilha e gr\u00e3o-de-bico para complementar com prote\u00edna vegetal e fibras.<\/li>\n\n\n\n<li>Combinar a ingest\u00e3o adequada de prote\u00edna com o treino de for\u00e7a, para potencializar o aproveitamento dos amino\u00e1cidos pelo m\u00fasculo.<\/li>\n\n\n\n<li>Manter boa hidrata\u00e7\u00e3o, com cerca de 2 litros de \u00e1gua por dia, e avaliar a suplementa\u00e7\u00e3o de whey protein, creatina ou vitamina D apenas com orienta\u00e7\u00e3o m\u00e9dica ou de nutricionista.<\/li>\n<\/ol>\n\n\n\n<p class=\"wp-block-paragraph\"><em>Este conte\u00fado tem car\u00e1ter apenas informativo e n\u00e3o substitui a avalia\u00e7\u00e3o de um m\u00e9dico, geriatra ou nutricionista. Em caso de cansa\u00e7o persistente, perda de for\u00e7a ou d\u00favidas sobre alimenta\u00e7\u00e3o e exerc\u00edcios na terceira idade, procure sempre orienta\u00e7\u00e3o profissional qualificada.<\/em><\/p>\n","protected":false},"excerpt":{"rendered":"<p>A ideia de que o cansa\u00e7o na terceira idade \u00e9 apenas consequ\u00eancia natural dos anos deixa de fora um fator importante e pouco discutido: a perda progressiva de massa muscular, conhecida como sarcopenia. Com menos m\u00fasculos, o corpo perde for\u00e7a, equil\u00edbrio e resist\u00eancia para tarefas simples do dia a dia, como levantar da cadeira, subir [&hellip;]<\/p>\n","protected":false},"author":16,"featured_media":106121,"comment_status":"open","ping_status":"open","sticky":false,"template":"","format":"standard","meta":{"_yoast_wpseo_focuskw":"sarcopenia em idosos","_yoast_wpseo_title":"","_yoast_wpseo_metadesc":"Cansa\u00e7o e fraqueza em idosos podem estar ligados \u00e0 sarcopenia. Entenda como a perda muscular afeta a autonomia e quais medidas ajudam a combat\u00ea-la.","jnews-multi-image_gallery":[],"jnews_single_post":{"format":"standard"},"jnews_primary_category":[],"jnews_social_meta":[],"jnews_override_counter":[],"footnotes":""},"categories":[111],"tags":[12850,11759,1789,2633,12851,136,11773],"class_list":["post-106120","post","type-post","status-publish","format-standard","has-post-thumbnail","hentry","category-saude","tag-apenas-a-idade","tag-cansaco-em-idosos","tag-disposicao","tag-perda-de-massa-muscular","tag-reduz-a-forca","tag-saude","tag-se-deve"],"yoast_head":"<!-- This site is optimized with the Yoast SEO plugin v26.7 - https:\/\/yoast.com\/wordpress\/plugins\/seo\/ -->\n<title>O cansa\u00e7o em idosos n\u00e3o se deve apenas \u00e0 idade, mas tamb\u00e9m \u00e0 perda de massa muscular, que reduz a for\u00e7a e a disposi\u00e7\u00e3o para atividades do dia a dia - Tua Sa\u00fade<\/title>\n<meta name=\"description\" content=\"Cansa\u00e7o e fraqueza em idosos podem estar ligados \u00e0 sarcopenia. Entenda como a perda muscular afeta a autonomia e quais medidas ajudam a combat\u00ea-la.\" \/>\n<meta name=\"robots\" content=\"index, follow, max-snippet:-1, max-image-preview:large, max-video-preview:-1\" \/>\n<link rel=\"canonical\" href=\"https:\/\/www.tuasaude.com\/news\/2026\/09\/01\/o-cansaco-em-idosos-nao-se-deve-apenas-a-idade-mas-tambem-a-perda-de-massa-muscular-que-reduz-a-forca-e-a-disposicao-para-atividades-do-dia-a-dia\/\" \/>\n<meta property=\"og:locale\" content=\"pt_BR\" \/>\n<meta property=\"og:type\" content=\"article\" \/>\n<meta property=\"og:title\" content=\"O cansa\u00e7o em idosos n\u00e3o se deve apenas \u00e0 idade, mas tamb\u00e9m \u00e0 perda de massa muscular, que reduz a for\u00e7a e a disposi\u00e7\u00e3o para atividades do dia a dia - Tua Sa\u00fade\" \/>\n<meta property=\"og:description\" content=\"Cansa\u00e7o e fraqueza em idosos podem estar ligados \u00e0 sarcopenia. Entenda como a perda muscular afeta a autonomia e quais medidas ajudam a combat\u00ea-la.\" \/>\n<meta property=\"og:url\" content=\"https:\/\/www.tuasaude.com\/news\/2026\/09\/01\/o-cansaco-em-idosos-nao-se-deve-apenas-a-idade-mas-tambem-a-perda-de-massa-muscular-que-reduz-a-forca-e-a-disposicao-para-atividades-do-dia-a-dia\/\" \/>\n<meta property=\"og:site_name\" content=\"Tua Sa\u00fade\" \/>\n<meta property=\"article:published_time\" content=\"2026-09-01T15:22:11+00:00\" \/>\n<meta property=\"og:image\" content=\"https:\/\/www.tuasaude.com\/news\/wp-content\/uploads\/2026\/08\/Elderly_woman_standing_from_armc\u2026_202608311224.jpg\" \/>\n\t<meta property=\"og:image:width\" content=\"1280\" \/>\n\t<meta property=\"og:image:height\" content=\"714\" \/>\n\t<meta property=\"og:image:type\" content=\"image\/jpeg\" \/>\n<meta name=\"author\" content=\"Maycon Geovane\" \/>\n<meta name=\"twitter:card\" content=\"summary_large_image\" \/>\n<meta name=\"twitter:label1\" content=\"Escrito por\" \/>\n\t<meta name=\"twitter:data1\" content=\"Maycon Geovane\" \/>\n\t<meta name=\"twitter:label2\" content=\"Est. tempo de leitura\" \/>\n\t<meta name=\"twitter:data2\" content=\"5 minutos\" \/>\n<!-- \/ Yoast SEO plugin. -->","yoast_head_json":{"title":"O cansa\u00e7o em idosos n\u00e3o se deve apenas \u00e0 idade, mas tamb\u00e9m \u00e0 perda de massa muscular, que reduz a for\u00e7a e a disposi\u00e7\u00e3o para atividades do dia a dia - Tua Sa\u00fade","description":"Cansa\u00e7o e fraqueza em idosos podem estar ligados \u00e0 sarcopenia. Entenda como a perda muscular afeta a autonomia e quais medidas ajudam a combat\u00ea-la.","robots":{"index":"index","follow":"follow","max-snippet":"max-snippet:-1","max-image-preview":"max-image-preview:large","max-video-preview":"max-video-preview:-1"},"canonical":"https:\/\/www.tuasaude.com\/news\/2026\/09\/01\/o-cansaco-em-idosos-nao-se-deve-apenas-a-idade-mas-tambem-a-perda-de-massa-muscular-que-reduz-a-forca-e-a-disposicao-para-atividades-do-dia-a-dia\/","og_locale":"pt_BR","og_type":"article","og_title":"O cansa\u00e7o em idosos n\u00e3o se deve apenas \u00e0 idade, mas tamb\u00e9m \u00e0 perda de massa muscular, que reduz a for\u00e7a e a disposi\u00e7\u00e3o para atividades do dia a dia - Tua Sa\u00fade","og_description":"Cansa\u00e7o e fraqueza em idosos podem estar ligados \u00e0 sarcopenia. Entenda como a perda muscular afeta a autonomia e quais medidas ajudam a combat\u00ea-la.","og_url":"https:\/\/www.tuasaude.com\/news\/2026\/09\/01\/o-cansaco-em-idosos-nao-se-deve-apenas-a-idade-mas-tambem-a-perda-de-massa-muscular-que-reduz-a-forca-e-a-disposicao-para-atividades-do-dia-a-dia\/","og_site_name":"Tua Sa\u00fade","article_published_time":"2026-09-01T15:22:11+00:00","og_image":[{"width":1280,"height":714,"url":"https:\/\/www.tuasaude.com\/news\/wp-content\/uploads\/2026\/08\/Elderly_woman_standing_from_armc\u2026_202608311224.jpg","type":"image\/jpeg"}],"author":"Maycon Geovane","twitter_card":"summary_large_image","twitter_misc":{"Escrito por":"Maycon Geovane","Est. tempo de leitura":"5 minutos"},"schema":{"@context":"https:\/\/schema.org","@graph":[{"@type":"Article","@id":"https:\/\/www.tuasaude.com\/news\/2026\/09\/01\/o-cansaco-em-idosos-nao-se-deve-apenas-a-idade-mas-tambem-a-perda-de-massa-muscular-que-reduz-a-forca-e-a-disposicao-para-atividades-do-dia-a-dia\/#article","isPartOf":{"@id":"https:\/\/www.tuasaude.com\/news\/2026\/09\/01\/o-cansaco-em-idosos-nao-se-deve-apenas-a-idade-mas-tambem-a-perda-de-massa-muscular-que-reduz-a-forca-e-a-disposicao-para-atividades-do-dia-a-dia\/"},"author":{"name":"Maycon Geovane","@id":"https:\/\/www.tuasaude.com\/news\/#\/schema\/person\/da63bccfbda5c95cfbf2d37c4276fca0"},"headline":"O cansa\u00e7o em idosos n\u00e3o se deve apenas \u00e0 idade, mas tamb\u00e9m \u00e0 perda de massa muscular, que reduz a for\u00e7a e a disposi\u00e7\u00e3o para atividades do dia a dia","datePublished":"2026-09-01T15:22:11+00:00","mainEntityOfPage":{"@id":"https:\/\/www.tuasaude.com\/news\/2026\/09\/01\/o-cansaco-em-idosos-nao-se-deve-apenas-a-idade-mas-tambem-a-perda-de-massa-muscular-que-reduz-a-forca-e-a-disposicao-para-atividades-do-dia-a-dia\/"},"wordCount":841,"commentCount":0,"image":{"@id":"https:\/\/www.tuasaude.com\/news\/2026\/09\/01\/o-cansaco-em-idosos-nao-se-deve-apenas-a-idade-mas-tambem-a-perda-de-massa-muscular-que-reduz-a-forca-e-a-disposicao-para-atividades-do-dia-a-dia\/#primaryimage"},"thumbnailUrl":"https:\/\/www.tuasaude.com\/news\/wp-content\/uploads\/2026\/08\/Elderly_woman_standing_from_armc\u2026_202608311224.jpg","keywords":["apenas \u00e0 idade","cansa\u00e7o em idosos","disposi\u00e7\u00e3o","perda de massa muscular","reduz a for\u00e7a","sa\u00fade","se deve"],"articleSection":["Sa\u00fade"],"inLanguage":"pt-BR","potentialAction":[{"@type":"CommentAction","name":"Comment","target":["https:\/\/www.tuasaude.com\/news\/2026\/09\/01\/o-cansaco-em-idosos-nao-se-deve-apenas-a-idade-mas-tambem-a-perda-de-massa-muscular-que-reduz-a-forca-e-a-disposicao-para-atividades-do-dia-a-dia\/#respond"]}]},{"@type":"WebPage","@id":"https:\/\/www.tuasaude.com\/news\/2026\/09\/01\/o-cansaco-em-idosos-nao-se-deve-apenas-a-idade-mas-tambem-a-perda-de-massa-muscular-que-reduz-a-forca-e-a-disposicao-para-atividades-do-dia-a-dia\/","url":"https:\/\/www.tuasaude.com\/news\/2026\/09\/01\/o-cansaco-em-idosos-nao-se-deve-apenas-a-idade-mas-tambem-a-perda-de-massa-muscular-que-reduz-a-forca-e-a-disposicao-para-atividades-do-dia-a-dia\/","name":"O cansa\u00e7o em idosos n\u00e3o se deve apenas \u00e0 idade, mas tamb\u00e9m \u00e0 perda de massa muscular, que reduz a for\u00e7a e a disposi\u00e7\u00e3o para atividades do dia a dia - Tua Sa\u00fade","isPartOf":{"@id":"https:\/\/www.tuasaude.com\/news\/#website"},"primaryImageOfPage":{"@id":"https:\/\/www.tuasaude.com\/news\/2026\/09\/01\/o-cansaco-em-idosos-nao-se-deve-apenas-a-idade-mas-tambem-a-perda-de-massa-muscular-que-reduz-a-forca-e-a-disposicao-para-atividades-do-dia-a-dia\/#primaryimage"},"image":{"@id":"https:\/\/www.tuasaude.com\/news\/2026\/09\/01\/o-cansaco-em-idosos-nao-se-deve-apenas-a-idade-mas-tambem-a-perda-de-massa-muscular-que-reduz-a-forca-e-a-disposicao-para-atividades-do-dia-a-dia\/#primaryimage"},"thumbnailUrl":"https:\/\/www.tuasaude.com\/news\/wp-content\/uploads\/2026\/08\/Elderly_woman_standing_from_armc\u2026_202608311224.jpg","datePublished":"2026-09-01T15:22:11+00:00","author":{"@id":"https:\/\/www.tuasaude.com\/news\/#\/schema\/person\/da63bccfbda5c95cfbf2d37c4276fca0"},"description":"Cansa\u00e7o e fraqueza em idosos podem estar ligados \u00e0 sarcopenia. Entenda como a perda muscular afeta a autonomia e quais medidas ajudam a combat\u00ea-la.","breadcrumb":{"@id":"https:\/\/www.tuasaude.com\/news\/2026\/09\/01\/o-cansaco-em-idosos-nao-se-deve-apenas-a-idade-mas-tambem-a-perda-de-massa-muscular-que-reduz-a-forca-e-a-disposicao-para-atividades-do-dia-a-dia\/#breadcrumb"},"inLanguage":"pt-BR","potentialAction":[{"@type":"ReadAction","target":["https:\/\/www.tuasaude.com\/news\/2026\/09\/01\/o-cansaco-em-idosos-nao-se-deve-apenas-a-idade-mas-tambem-a-perda-de-massa-muscular-que-reduz-a-forca-e-a-disposicao-para-atividades-do-dia-a-dia\/"]}]},{"@type":"ImageObject","inLanguage":"pt-BR","@id":"https:\/\/www.tuasaude.com\/news\/2026\/09\/01\/o-cansaco-em-idosos-nao-se-deve-apenas-a-idade-mas-tambem-a-perda-de-massa-muscular-que-reduz-a-forca-e-a-disposicao-para-atividades-do-dia-a-dia\/#primaryimage","url":"https:\/\/www.tuasaude.com\/news\/wp-content\/uploads\/2026\/08\/Elderly_woman_standing_from_armc\u2026_202608311224.jpg","contentUrl":"https:\/\/www.tuasaude.com\/news\/wp-content\/uploads\/2026\/08\/Elderly_woman_standing_from_armc\u2026_202608311224.jpg","width":1280,"height":714,"caption":"O cansa\u00e7o em idosos n\u00e3o se deve apenas \u00e0 idade, mas tamb\u00e9m \u00e0 perda de massa muscular, que reduz a for\u00e7a e a disposi\u00e7\u00e3o para atividades do dia a dia"},{"@type":"BreadcrumbList","@id":"https:\/\/www.tuasaude.com\/news\/2026\/09\/01\/o-cansaco-em-idosos-nao-se-deve-apenas-a-idade-mas-tambem-a-perda-de-massa-muscular-que-reduz-a-forca-e-a-disposicao-para-atividades-do-dia-a-dia\/#breadcrumb","itemListElement":[{"@type":"ListItem","position":1,"name":"In\u00edcio","item":"https:\/\/www.tuasaude.com\/news\/"},{"@type":"ListItem","position":2,"name":"O cansa\u00e7o em idosos n\u00e3o se deve apenas \u00e0 idade, mas tamb\u00e9m \u00e0 perda de massa muscular, que reduz a for\u00e7a e a disposi\u00e7\u00e3o para atividades do dia a dia"}]},{"@type":"WebSite","@id":"https:\/\/www.tuasaude.com\/news\/#website","url":"https:\/\/www.tuasaude.com\/news\/","name":"Tua Sa\u00fade","description":"Seu site de sa\u00fade","potentialAction":[{"@type":"SearchAction","target":{"@type":"EntryPoint","urlTemplate":"https:\/\/www.tuasaude.com\/news\/?s={search_term_string}"},"query-input":{"@type":"PropertyValueSpecification","valueRequired":true,"valueName":"search_term_string"}}],"inLanguage":"pt-BR"},{"@type":"Person","@id":"https:\/\/www.tuasaude.com\/news\/#\/schema\/person\/da63bccfbda5c95cfbf2d37c4276fca0","name":"Maycon Geovane","image":{"@type":"ImageObject","inLanguage":"pt-BR","@id":"https:\/\/www.tuasaude.com\/news\/#\/schema\/person\/image\/","url":"https:\/\/secure.gravatar.com\/avatar\/4f4908cf0a2f249a9f1137f9d5769cacc373d9aee67910cc212a09a346873b7d?s=96&d=mm&r=g","contentUrl":"https:\/\/secure.gravatar.com\/avatar\/4f4908cf0a2f249a9f1137f9d5769cacc373d9aee67910cc212a09a346873b7d?s=96&d=mm&r=g","caption":"Maycon Geovane"},"sameAs":["https:\/\/www.tuasaude.com\/news\/"],"url":"https:\/\/www.tuasaude.com\/news\/author\/maycongeovane\/"}]}},"_links":{"self":[{"href":"https:\/\/www.tuasaude.com\/news\/wp-json\/wp\/v2\/posts\/106120","targetHints":{"allow":["GET"]}}],"collection":[{"href":"https:\/\/www.tuasaude.com\/news\/wp-json\/wp\/v2\/posts"}],"about":[{"href":"https:\/\/www.tuasaude.com\/news\/wp-json\/wp\/v2\/types\/post"}],"author":[{"embeddable":true,"href":"https:\/\/www.tuasaude.com\/news\/wp-json\/wp\/v2\/users\/16"}],"replies":[{"embeddable":true,"href":"https:\/\/www.tuasaude.com\/news\/wp-json\/wp\/v2\/comments?post=106120"}],"version-history":[{"count":1,"href":"https:\/\/www.tuasaude.com\/news\/wp-json\/wp\/v2\/posts\/106120\/revisions"}],"predecessor-version":[{"id":106124,"href":"https:\/\/www.tuasaude.com\/news\/wp-json\/wp\/v2\/posts\/106120\/revisions\/106124"}],"wp:featuredmedia":[{"embeddable":true,"href":"https:\/\/www.tuasaude.com\/news\/wp-json\/wp\/v2\/media\/106121"}],"wp:attachment":[{"href":"https:\/\/www.tuasaude.com\/news\/wp-json\/wp\/v2\/media?parent=106120"}],"wp:term":[{"taxonomy":"category","embeddable":true,"href":"https:\/\/www.tuasaude.com\/news\/wp-json\/wp\/v2\/categories?post=106120"},{"taxonomy":"post_tag","embeddable":true,"href":"https:\/\/www.tuasaude.com\/news\/wp-json\/wp\/v2\/tags?post=106120"}],"curies":[{"name":"wp","href":"https:\/\/api.w.org\/{rel}","templated":true}]}}