{"id":106059,"date":"2026-09-01T11:17:38","date_gmt":"2026-09-01T14:17:38","guid":{"rendered":"https:\/\/www.tuasaude.com\/news\/?p=106059"},"modified":"2026-08-31T11:38:34","modified_gmt":"2026-08-31T14:38:34","slug":"como-a-intensidade-e-a-duracao-da-dor-de-cabeca-ajudam-a-priorizar-exames-e-consultas-medicas","status":"publish","type":"post","link":"https:\/\/www.tuasaude.com\/news\/2026\/09\/01\/como-a-intensidade-e-a-duracao-da-dor-de-cabeca-ajudam-a-priorizar-exames-e-consultas-medicas\/","title":{"rendered":"Como a intensidade e a dura\u00e7\u00e3o da dor de cabe\u00e7a ajudam a priorizar exames e consultas m\u00e9dicas"},"content":{"rendered":"\n<p class=\"wp-block-paragraph\">A intensidade e a dura\u00e7\u00e3o da dor de cabe\u00e7a s\u00e3o os dois principais sinais que ajudam a decidir entre observar em casa, agendar uma consulta com neurologista ou procurar atendimento de emerg\u00eancia. Dores leves e passageiras costumam responder a repouso e hidrata\u00e7\u00e3o, enquanto quadros fortes, s\u00fabitos ou que ultrapassam 72 horas exigem avalia\u00e7\u00e3o m\u00e9dica imediata. Entender essa diferen\u00e7a evita exames desnecess\u00e1rios e, ao mesmo tempo, garante rapidez diante de sinais graves.<\/p>\n\n\n\n<h2 class=\"wp-block-heading\">Como identificar uma dor de cabe\u00e7a leve e passageira?<\/h2>\n\n\n\n<p class=\"wp-block-paragraph\">A dor de cabe\u00e7a leve costuma surgir de forma gradual, tem intensidade baixa a moderada e permite manter as atividades do dia. Fatores como estresse, jejum prolongado, m\u00e1 postura e noites mal dormidas est\u00e3o entre os gatilhos mais comuns e, em geral, o quadro melhora em poucas horas com repouso, hidrata\u00e7\u00e3o e alimenta\u00e7\u00e3o adequada.<\/p>\n\n\n\n<p class=\"wp-block-paragraph\">Nesses casos, a conduta inicial \u00e9 a observa\u00e7\u00e3o. Se o epis\u00f3dio for isolado, sem sintomas associados e ceder espontaneamente, n\u00e3o h\u00e1 necessidade de exames. Vale identificar padr\u00f5es recorrentes anotando hor\u00e1rios, gatilhos e al\u00edvios, o que ajuda a diferenciar de outros <a href=\"https:\/\/www.tuasaude.com\/cefaleia-tipos\/\" target=\"_blank\" rel=\"noreferrer noopener\">tipos de cefaleia<\/a> em uma consulta futura.<\/p>\n\n\n\n<h2 class=\"wp-block-heading\">Quando a dor forte ou prolongada exige consulta com neurologista?<\/h2>\n\n\n\n<p class=\"wp-block-paragraph\">Dores intensas que se repetem v\u00e1rias vezes no m\u00eas, que ultrapassam 72 horas ou que respondem mal a analg\u00e9sicos comuns indicam a necessidade de avalia\u00e7\u00e3o com neurologista. Quadros como enxaqueca cr\u00f4nica e <a href=\"https:\/\/www.tuasaude.com\/dor-de-cabeca-forte\/\" target=\"_blank\" rel=\"noreferrer noopener\">dor de cabe\u00e7a forte<\/a> recorrente pedem diagn\u00f3stico preciso para orientar tratamento preventivo e evitar o uso excessivo de medicamentos.<\/p>\n\n\n\n<p class=\"wp-block-paragraph\">A consulta especializada tamb\u00e9m \u00e9 recomendada quando a dor muda de padr\u00e3o, piora progressivamente ou interfere no sono, no trabalho e na rotina. O neurologista pode solicitar exames de imagem quando houver suspeita cl\u00ednica, al\u00e9m de investigar causas secund\u00e1rias como sinusite, altera\u00e7\u00f5es hormonais e problemas de press\u00e3o arterial.<\/p>\n\n\n<div class=\"wp-block-image\">\n<figure class=\"aligncenter size-large\"><img decoding=\"async\" width=\"1024\" height=\"571\" src=\"https:\/\/www.tuasaude.com\/news\/wp-content\/uploads\/2026\/08\/Medical_infographic_about_headac\u2026_202608311137-1024x571.jpg\" alt=\"Intensidade, dura\u00e7\u00e3o e sinais de alerta orientam observa\u00e7\u00e3o, consulta ou emerg\u00eancia.\" class=\"wp-image-106079\" srcset=\"https:\/\/www.tuasaude.com\/news\/wp-content\/uploads\/2026\/08\/Medical_infographic_about_headac\u2026_202608311137-1024x571.jpg 1024w, https:\/\/www.tuasaude.com\/news\/wp-content\/uploads\/2026\/08\/Medical_infographic_about_headac\u2026_202608311137-300x167.jpg 300w, https:\/\/www.tuasaude.com\/news\/wp-content\/uploads\/2026\/08\/Medical_infographic_about_headac\u2026_202608311137-768x428.jpg 768w, https:\/\/www.tuasaude.com\/news\/wp-content\/uploads\/2026\/08\/Medical_infographic_about_headac\u2026_202608311137-750x418.jpg 750w, https:\/\/www.tuasaude.com\/news\/wp-content\/uploads\/2026\/08\/Medical_infographic_about_headac\u2026_202608311137-1140x636.jpg 1140w, https:\/\/www.tuasaude.com\/news\/wp-content\/uploads\/2026\/08\/Medical_infographic_about_headac\u2026_202608311137.jpg 1280w\" sizes=\"(max-width: 1024px) 100vw, 1024px\" \/><figcaption class=\"wp-element-caption\">Intensidade, dura\u00e7\u00e3o e sinais de alerta orientam observa\u00e7\u00e3o, consulta ou emerg\u00eancia.<\/figcaption><\/figure>\n<\/div>\n\n\n<h2 class=\"wp-block-heading\">Quais sinais de alerta indicam ida imediata ao pronto-socorro?<\/h2>\n\n\n\n<p class=\"wp-block-paragraph\">Alguns sintomas configuram emerg\u00eancia neurol\u00f3gica e exigem atendimento hospitalar sem espera. A Sociedade Brasileira de Cefaleia e a Academia Brasileira de Neurologia destacam sinais de alarme conhecidos como &#8220;bandeiras vermelhas&#8221;, que apontam para causas potencialmente graves como aneurisma, AVC ou infec\u00e7\u00f5es do sistema nervoso central.<\/p>\n\n\n\n<p class=\"wp-block-paragraph\">Procure o pronto-socorro imediatamente diante dos seguintes sinais:<\/p>\n\n\n\n<ul class=\"wp-block-list\">\n<li>Dor s\u00fabita e explosiva, descrita como &#8220;a pior dor da vida&#8221;<\/li>\n\n\n\n<li>Dor acompanhada de febre alta, rigidez na nuca ou confus\u00e3o mental<\/li>\n\n\n\n<li>Fraqueza, formigamento ou dorm\u00eancia em um lado do corpo<\/li>\n\n\n\n<li>Dificuldade para falar, enxergar ou caminhar<\/li>\n\n\n\n<li>Dor ap\u00f3s traumatismo na cabe\u00e7a<\/li>\n\n\n\n<li>Crise convulsiva associada ao epis\u00f3dio<\/li>\n\n\n\n<li>Piora progressiva em pessoas com c\u00e2ncer, HIV ou imunossupress\u00e3o<\/li>\n<\/ul>\n\n\n\n<h2 class=\"wp-block-heading\">Como um estudo cient\u00edfico refor\u00e7a a import\u00e2ncia desses crit\u00e9rios?<\/h2>\n\n\n\n<p class=\"wp-block-paragraph\">A ado\u00e7\u00e3o de crit\u00e9rios baseados em intensidade, dura\u00e7\u00e3o e sinais de alarme tem respaldo em evid\u00eancias consolidadas. Segundo a revis\u00e3o <a href=\"https:\/\/pubmed.ncbi.nlm.nih.gov\/30587518\/\" target=\"_blank\" rel=\"noreferrer noopener\">Red and orange flags for secondary headaches in clinical practice: SNNOOP10 list<\/a>, publicada na revista Neurology, a triagem sistem\u00e1tica de sinais como in\u00edcio s\u00fabito, d\u00e9ficit neurol\u00f3gico, febre, mudan\u00e7a de padr\u00e3o e in\u00edcio ap\u00f3s os 65 anos aumenta a probabilidade de identificar causas secund\u00e1rias potencialmente graves.<\/p>\n\n\n\n<p class=\"wp-block-paragraph\">Os autores refor\u00e7am que a aplica\u00e7\u00e3o estruturada desses crit\u00e9rios melhora a triagem cl\u00ednica e ajuda a definir quando exames de neuroimagem s\u00e3o realmente necess\u00e1rios, evitando tanto o subdiagn\u00f3stico quanto investiga\u00e7\u00f5es desnecess\u00e1rias em quadros benignos. Essa abordagem \u00e9 adotada como refer\u00eancia por sociedades m\u00e9dicas em todo o mundo.<\/p>\n\n\n<div class=\"wp-block-image\">\n<figure class=\"aligncenter size-large\"><img decoding=\"async\" width=\"1024\" height=\"571\" src=\"https:\/\/www.tuasaude.com\/news\/wp-content\/uploads\/2026\/08\/Man_experiencing_headache_202608311137-1024x571.jpg\" alt=\"Dores s\u00fabitas, intensas ou prolongadas exigem aten\u00e7\u00e3o maior e avalia\u00e7\u00e3o m\u00e9dica.\" class=\"wp-image-106081\" srcset=\"https:\/\/www.tuasaude.com\/news\/wp-content\/uploads\/2026\/08\/Man_experiencing_headache_202608311137-1024x571.jpg 1024w, https:\/\/www.tuasaude.com\/news\/wp-content\/uploads\/2026\/08\/Man_experiencing_headache_202608311137-300x167.jpg 300w, https:\/\/www.tuasaude.com\/news\/wp-content\/uploads\/2026\/08\/Man_experiencing_headache_202608311137-768x428.jpg 768w, https:\/\/www.tuasaude.com\/news\/wp-content\/uploads\/2026\/08\/Man_experiencing_headache_202608311137-750x418.jpg 750w, https:\/\/www.tuasaude.com\/news\/wp-content\/uploads\/2026\/08\/Man_experiencing_headache_202608311137-1140x636.jpg 1140w, https:\/\/www.tuasaude.com\/news\/wp-content\/uploads\/2026\/08\/Man_experiencing_headache_202608311137.jpg 1280w\" sizes=\"(max-width: 1024px) 100vw, 1024px\" \/><figcaption class=\"wp-element-caption\">Dores s\u00fabitas, intensas ou prolongadas exigem aten\u00e7\u00e3o maior e avalia\u00e7\u00e3o m\u00e9dica.<\/figcaption><\/figure>\n<\/div>\n\n\n<h2 class=\"wp-block-heading\">Quais medidas ajudam a monitorar a dor de cabe\u00e7a no dia a dia?<\/h2>\n\n\n\n<p class=\"wp-block-paragraph\">Registrar informa\u00e7\u00f5es sobre as crises facilita o diagn\u00f3stico e torna a consulta m\u00e9dica mais objetiva. Um di\u00e1rio simples permite identificar padr\u00f5es, gatilhos e resposta a medicamentos, o que \u00e9 especialmente \u00fatil para quem convive com epis\u00f3dios frequentes ou est\u00e1 investigando poss\u00edveis <a href=\"https:\/\/www.tuasaude.com\/causas-da-enxaqueca\/\" target=\"_blank\" rel=\"noreferrer noopener\">causas de enxaqueca<\/a>.<\/p>\n\n\n\n<p class=\"wp-block-paragraph\">Vale acompanhar os seguintes pontos em cada epis\u00f3dio:<\/p>\n\n\n\n<ol class=\"wp-block-list\">\n<li>Data, hor\u00e1rio de in\u00edcio e dura\u00e7\u00e3o total da dor<\/li>\n\n\n\n<li>Intensidade em uma escala de 0 a 10<\/li>\n\n\n\n<li>Localiza\u00e7\u00e3o e tipo da dor, como puls\u00e1til, em peso ou em pontada<\/li>\n\n\n\n<li>Sintomas associados, como n\u00e1usea, sensibilidade \u00e0 luz ou aura visual<\/li>\n\n\n\n<li>Poss\u00edveis gatilhos, incluindo alimenta\u00e7\u00e3o, sono, estresse e ciclo menstrual<\/li>\n\n\n\n<li>Medicamentos utilizados e grau de al\u00edvio obtido<\/li>\n<\/ol>\n\n\n\n<p class=\"wp-block-paragraph\">Diante de qualquer d\u00favida sobre a intensidade, a dura\u00e7\u00e3o ou a frequ\u00eancia da dor de cabe\u00e7a, procure sempre um m\u00e9dico para avalia\u00e7\u00e3o individualizada e orienta\u00e7\u00e3o do tratamento adequado.<\/p>\n\n\n\n<p class=\"wp-block-paragraph\"><em>Este conte\u00fado tem car\u00e1ter apenas informativo e n\u00e3o substitui a avalia\u00e7\u00e3o, o diagn\u00f3stico ou o tratamento realizados por um profissional de sa\u00fade qualificado.<\/em><\/p>\n","protected":false},"excerpt":{"rendered":"<p>A intensidade e a dura\u00e7\u00e3o da dor de cabe\u00e7a s\u00e3o os dois principais sinais que ajudam a decidir entre observar em casa, agendar uma consulta com neurologista ou procurar atendimento de emerg\u00eancia. Dores leves e passageiras costumam responder a repouso e hidrata\u00e7\u00e3o, enquanto quadros fortes, s\u00fabitos ou que ultrapassam 72 horas exigem avalia\u00e7\u00e3o m\u00e9dica imediata. [&hellip;]<\/p>\n","protected":false},"author":11,"featured_media":106077,"comment_status":"open","ping_status":"open","sticky":false,"template":"","format":"standard","meta":{"_yoast_wpseo_focuskw":"dor de cabe\u00e7a","_yoast_wpseo_title":"","_yoast_wpseo_metadesc":"A dor de cabe\u00e7a muda de import\u00e2ncia conforme a intensidade e a dura\u00e7\u00e3o. Entenda quais sinais indicam observa\u00e7\u00e3o, consulta com neurologista ou pronto-socorro.","jnews-multi-image_gallery":[],"jnews_single_post":{"format":"standard"},"jnews_primary_category":[],"jnews_social_meta":[],"jnews_override_counter":[],"footnotes":""},"categories":[111],"tags":[6143,282,1593,136],"class_list":["post-106059","post","type-post","status-publish","format-standard","has-post-thumbnail","hentry","category-saude","tag-cefaleia","tag-dor-de-cabeca","tag-exames","tag-saude"],"yoast_head":"<!-- This site is optimized with the Yoast SEO plugin v26.7 - https:\/\/yoast.com\/wordpress\/plugins\/seo\/ -->\n<title>Como a intensidade e a dura\u00e7\u00e3o da dor de cabe\u00e7a ajudam a priorizar exames e consultas m\u00e9dicas - Tua Sa\u00fade<\/title>\n<meta name=\"description\" content=\"A dor de cabe\u00e7a muda de import\u00e2ncia conforme a intensidade e a dura\u00e7\u00e3o. Entenda quais sinais indicam observa\u00e7\u00e3o, consulta com neurologista ou pronto-socorro.\" \/>\n<meta name=\"robots\" content=\"index, follow, max-snippet:-1, max-image-preview:large, max-video-preview:-1\" \/>\n<link rel=\"canonical\" href=\"https:\/\/www.tuasaude.com\/news\/2026\/09\/01\/como-a-intensidade-e-a-duracao-da-dor-de-cabeca-ajudam-a-priorizar-exames-e-consultas-medicas\/\" \/>\n<meta property=\"og:locale\" content=\"pt_BR\" \/>\n<meta property=\"og:type\" content=\"article\" \/>\n<meta property=\"og:title\" content=\"Como a intensidade e a dura\u00e7\u00e3o da dor de cabe\u00e7a ajudam a priorizar exames e consultas m\u00e9dicas - Tua Sa\u00fade\" \/>\n<meta property=\"og:description\" content=\"A dor de cabe\u00e7a muda de import\u00e2ncia conforme a intensidade e a dura\u00e7\u00e3o. Entenda quais sinais indicam observa\u00e7\u00e3o, consulta com neurologista ou pronto-socorro.\" \/>\n<meta property=\"og:url\" content=\"https:\/\/www.tuasaude.com\/news\/2026\/09\/01\/como-a-intensidade-e-a-duracao-da-dor-de-cabeca-ajudam-a-priorizar-exames-e-consultas-medicas\/\" \/>\n<meta property=\"og:site_name\" content=\"Tua Sa\u00fade\" \/>\n<meta property=\"article:published_time\" content=\"2026-09-01T14:17:38+00:00\" \/>\n<meta property=\"og:image\" content=\"https:\/\/www.tuasaude.com\/news\/wp-content\/uploads\/2026\/08\/Woman_recording_headache_in_note\u2026_202608311137.jpg\" \/>\n\t<meta property=\"og:image:width\" content=\"1280\" \/>\n\t<meta property=\"og:image:height\" content=\"714\" \/>\n\t<meta property=\"og:image:type\" content=\"image\/jpeg\" \/>\n<meta name=\"author\" content=\"Gessika Julia Carvalho\" \/>\n<meta name=\"twitter:card\" content=\"summary_large_image\" \/>\n<meta name=\"twitter:label1\" content=\"Escrito por\" \/>\n\t<meta name=\"twitter:data1\" content=\"Gessika Julia Carvalho\" \/>\n\t<meta name=\"twitter:label2\" content=\"Est. tempo de leitura\" \/>\n\t<meta name=\"twitter:data2\" content=\"5 minutos\" \/>\n<!-- \/ Yoast SEO plugin. -->","yoast_head_json":{"title":"Como a intensidade e a dura\u00e7\u00e3o da dor de cabe\u00e7a ajudam a priorizar exames e consultas m\u00e9dicas - Tua Sa\u00fade","description":"A dor de cabe\u00e7a muda de import\u00e2ncia conforme a intensidade e a dura\u00e7\u00e3o. Entenda quais sinais indicam observa\u00e7\u00e3o, consulta com neurologista ou pronto-socorro.","robots":{"index":"index","follow":"follow","max-snippet":"max-snippet:-1","max-image-preview":"max-image-preview:large","max-video-preview":"max-video-preview:-1"},"canonical":"https:\/\/www.tuasaude.com\/news\/2026\/09\/01\/como-a-intensidade-e-a-duracao-da-dor-de-cabeca-ajudam-a-priorizar-exames-e-consultas-medicas\/","og_locale":"pt_BR","og_type":"article","og_title":"Como a intensidade e a dura\u00e7\u00e3o da dor de cabe\u00e7a ajudam a priorizar exames e consultas m\u00e9dicas - Tua Sa\u00fade","og_description":"A dor de cabe\u00e7a muda de import\u00e2ncia conforme a intensidade e a dura\u00e7\u00e3o. Entenda quais sinais indicam observa\u00e7\u00e3o, consulta com neurologista ou pronto-socorro.","og_url":"https:\/\/www.tuasaude.com\/news\/2026\/09\/01\/como-a-intensidade-e-a-duracao-da-dor-de-cabeca-ajudam-a-priorizar-exames-e-consultas-medicas\/","og_site_name":"Tua Sa\u00fade","article_published_time":"2026-09-01T14:17:38+00:00","og_image":[{"width":1280,"height":714,"url":"https:\/\/www.tuasaude.com\/news\/wp-content\/uploads\/2026\/08\/Woman_recording_headache_in_note\u2026_202608311137.jpg","type":"image\/jpeg"}],"author":"Gessika Julia Carvalho","twitter_card":"summary_large_image","twitter_misc":{"Escrito por":"Gessika Julia Carvalho","Est. tempo de leitura":"5 minutos"},"schema":{"@context":"https:\/\/schema.org","@graph":[{"@type":"Article","@id":"https:\/\/www.tuasaude.com\/news\/2026\/09\/01\/como-a-intensidade-e-a-duracao-da-dor-de-cabeca-ajudam-a-priorizar-exames-e-consultas-medicas\/#article","isPartOf":{"@id":"https:\/\/www.tuasaude.com\/news\/2026\/09\/01\/como-a-intensidade-e-a-duracao-da-dor-de-cabeca-ajudam-a-priorizar-exames-e-consultas-medicas\/"},"author":{"name":"Gessika Julia Carvalho","@id":"https:\/\/www.tuasaude.com\/news\/#\/schema\/person\/2e9df841be69ec84f5d20ddb8d273ac2"},"headline":"Como a intensidade e a dura\u00e7\u00e3o da dor de cabe\u00e7a ajudam a priorizar exames e consultas m\u00e9dicas","datePublished":"2026-09-01T14:17:38+00:00","mainEntityOfPage":{"@id":"https:\/\/www.tuasaude.com\/news\/2026\/09\/01\/como-a-intensidade-e-a-duracao-da-dor-de-cabeca-ajudam-a-priorizar-exames-e-consultas-medicas\/"},"wordCount":846,"commentCount":0,"image":{"@id":"https:\/\/www.tuasaude.com\/news\/2026\/09\/01\/como-a-intensidade-e-a-duracao-da-dor-de-cabeca-ajudam-a-priorizar-exames-e-consultas-medicas\/#primaryimage"},"thumbnailUrl":"https:\/\/www.tuasaude.com\/news\/wp-content\/uploads\/2026\/08\/Woman_recording_headache_in_note\u2026_202608311137.jpg","keywords":["cefaleia","dor de cabe\u00e7a","exames","sa\u00fade"],"articleSection":["Sa\u00fade"],"inLanguage":"pt-BR","potentialAction":[{"@type":"CommentAction","name":"Comment","target":["https:\/\/www.tuasaude.com\/news\/2026\/09\/01\/como-a-intensidade-e-a-duracao-da-dor-de-cabeca-ajudam-a-priorizar-exames-e-consultas-medicas\/#respond"]}]},{"@type":"WebPage","@id":"https:\/\/www.tuasaude.com\/news\/2026\/09\/01\/como-a-intensidade-e-a-duracao-da-dor-de-cabeca-ajudam-a-priorizar-exames-e-consultas-medicas\/","url":"https:\/\/www.tuasaude.com\/news\/2026\/09\/01\/como-a-intensidade-e-a-duracao-da-dor-de-cabeca-ajudam-a-priorizar-exames-e-consultas-medicas\/","name":"Como a intensidade e a dura\u00e7\u00e3o da dor de cabe\u00e7a ajudam a priorizar exames e consultas m\u00e9dicas - Tua Sa\u00fade","isPartOf":{"@id":"https:\/\/www.tuasaude.com\/news\/#website"},"primaryImageOfPage":{"@id":"https:\/\/www.tuasaude.com\/news\/2026\/09\/01\/como-a-intensidade-e-a-duracao-da-dor-de-cabeca-ajudam-a-priorizar-exames-e-consultas-medicas\/#primaryimage"},"image":{"@id":"https:\/\/www.tuasaude.com\/news\/2026\/09\/01\/como-a-intensidade-e-a-duracao-da-dor-de-cabeca-ajudam-a-priorizar-exames-e-consultas-medicas\/#primaryimage"},"thumbnailUrl":"https:\/\/www.tuasaude.com\/news\/wp-content\/uploads\/2026\/08\/Woman_recording_headache_in_note\u2026_202608311137.jpg","datePublished":"2026-09-01T14:17:38+00:00","author":{"@id":"https:\/\/www.tuasaude.com\/news\/#\/schema\/person\/2e9df841be69ec84f5d20ddb8d273ac2"},"description":"A dor de cabe\u00e7a muda de import\u00e2ncia conforme a intensidade e a dura\u00e7\u00e3o. Entenda quais sinais indicam observa\u00e7\u00e3o, consulta com neurologista ou pronto-socorro.","breadcrumb":{"@id":"https:\/\/www.tuasaude.com\/news\/2026\/09\/01\/como-a-intensidade-e-a-duracao-da-dor-de-cabeca-ajudam-a-priorizar-exames-e-consultas-medicas\/#breadcrumb"},"inLanguage":"pt-BR","potentialAction":[{"@type":"ReadAction","target":["https:\/\/www.tuasaude.com\/news\/2026\/09\/01\/como-a-intensidade-e-a-duracao-da-dor-de-cabeca-ajudam-a-priorizar-exames-e-consultas-medicas\/"]}]},{"@type":"ImageObject","inLanguage":"pt-BR","@id":"https:\/\/www.tuasaude.com\/news\/2026\/09\/01\/como-a-intensidade-e-a-duracao-da-dor-de-cabeca-ajudam-a-priorizar-exames-e-consultas-medicas\/#primaryimage","url":"https:\/\/www.tuasaude.com\/news\/wp-content\/uploads\/2026\/08\/Woman_recording_headache_in_note\u2026_202608311137.jpg","contentUrl":"https:\/\/www.tuasaude.com\/news\/wp-content\/uploads\/2026\/08\/Woman_recording_headache_in_note\u2026_202608311137.jpg","width":1280,"height":714,"caption":"Como a intensidade e a dura\u00e7\u00e3o da dor de cabe\u00e7a ajudam a priorizar exames e consultas m\u00e9dicas"},{"@type":"BreadcrumbList","@id":"https:\/\/www.tuasaude.com\/news\/2026\/09\/01\/como-a-intensidade-e-a-duracao-da-dor-de-cabeca-ajudam-a-priorizar-exames-e-consultas-medicas\/#breadcrumb","itemListElement":[{"@type":"ListItem","position":1,"name":"In\u00edcio","item":"https:\/\/www.tuasaude.com\/news\/"},{"@type":"ListItem","position":2,"name":"Como a intensidade e a dura\u00e7\u00e3o da dor de cabe\u00e7a ajudam a priorizar exames e consultas m\u00e9dicas"}]},{"@type":"WebSite","@id":"https:\/\/www.tuasaude.com\/news\/#website","url":"https:\/\/www.tuasaude.com\/news\/","name":"Tua Sa\u00fade","description":"Seu site de sa\u00fade","potentialAction":[{"@type":"SearchAction","target":{"@type":"EntryPoint","urlTemplate":"https:\/\/www.tuasaude.com\/news\/?s={search_term_string}"},"query-input":{"@type":"PropertyValueSpecification","valueRequired":true,"valueName":"search_term_string"}}],"inLanguage":"pt-BR"},{"@type":"Person","@id":"https:\/\/www.tuasaude.com\/news\/#\/schema\/person\/2e9df841be69ec84f5d20ddb8d273ac2","name":"Gessika Julia Carvalho","image":{"@type":"ImageObject","inLanguage":"pt-BR","@id":"https:\/\/www.tuasaude.com\/news\/#\/schema\/person\/image\/","url":"https:\/\/secure.gravatar.com\/avatar\/0fcc8769024577fd0bc6a8b766055690f76a8e8f29dfb2a2f89cf04db8d0f2d2?s=96&d=mm&r=g","contentUrl":"https:\/\/secure.gravatar.com\/avatar\/0fcc8769024577fd0bc6a8b766055690f76a8e8f29dfb2a2f89cf04db8d0f2d2?s=96&d=mm&r=g","caption":"Gessika Julia Carvalho"},"sameAs":["https:\/\/www.tuasaude.com\/news\/"],"url":"https:\/\/www.tuasaude.com\/news\/author\/gessika-julia\/"}]}},"_links":{"self":[{"href":"https:\/\/www.tuasaude.com\/news\/wp-json\/wp\/v2\/posts\/106059","targetHints":{"allow":["GET"]}}],"collection":[{"href":"https:\/\/www.tuasaude.com\/news\/wp-json\/wp\/v2\/posts"}],"about":[{"href":"https:\/\/www.tuasaude.com\/news\/wp-json\/wp\/v2\/types\/post"}],"author":[{"embeddable":true,"href":"https:\/\/www.tuasaude.com\/news\/wp-json\/wp\/v2\/users\/11"}],"replies":[{"embeddable":true,"href":"https:\/\/www.tuasaude.com\/news\/wp-json\/wp\/v2\/comments?post=106059"}],"version-history":[{"count":1,"href":"https:\/\/www.tuasaude.com\/news\/wp-json\/wp\/v2\/posts\/106059\/revisions"}],"predecessor-version":[{"id":106082,"href":"https:\/\/www.tuasaude.com\/news\/wp-json\/wp\/v2\/posts\/106059\/revisions\/106082"}],"wp:featuredmedia":[{"embeddable":true,"href":"https:\/\/www.tuasaude.com\/news\/wp-json\/wp\/v2\/media\/106077"}],"wp:attachment":[{"href":"https:\/\/www.tuasaude.com\/news\/wp-json\/wp\/v2\/media?parent=106059"}],"wp:term":[{"taxonomy":"category","embeddable":true,"href":"https:\/\/www.tuasaude.com\/news\/wp-json\/wp\/v2\/categories?post=106059"},{"taxonomy":"post_tag","embeddable":true,"href":"https:\/\/www.tuasaude.com\/news\/wp-json\/wp\/v2\/tags?post=106059"}],"curies":[{"name":"wp","href":"https:\/\/api.w.org\/{rel}","templated":true}]}}