{"id":106039,"date":"2026-09-01T21:20:00","date_gmt":"2026-09-02T00:20:00","guid":{"rendered":"https:\/\/www.tuasaude.com\/news\/?p=106039"},"modified":"2026-08-30T22:31:33","modified_gmt":"2026-08-31T01:31:33","slug":"cheiros-ficaram-mais-fracos-idade-nariz-entupido-e-remedios-podem-estar-envolvidos","status":"publish","type":"post","link":"https:\/\/www.tuasaude.com\/news\/2026\/09\/01\/cheiros-ficaram-mais-fracos-idade-nariz-entupido-e-remedios-podem-estar-envolvidos\/","title":{"rendered":"Cheiros ficaram mais fracos? Idade, nariz entupido e rem\u00e9dios podem estar envolvidos"},"content":{"rendered":"\n<p class=\"wp-block-paragraph\">A <strong>perda de olfato<\/strong> pode acontecer gradualmente com a idade, mas tamb\u00e9m pode estar relacionada a resfriados, sinusite, tabagismo, alguns medicamentos e outros problemas de sa\u00fade. Quando a mudan\u00e7a persiste, aparece sem explica\u00e7\u00e3o clara ou come\u00e7a depois de uma pancada na cabe\u00e7a, vale procurar avalia\u00e7\u00e3o m\u00e9dica.<\/p>\n\n\n\n<h2 class=\"wp-block-heading\">Por que o olfato pode ficar mais fraco<\/h2>\n\n\n\n<p class=\"wp-block-paragraph\">Para perceber um cheiro, as mol\u00e9culas precisam chegar \u00e0 regi\u00e3o olfat\u00f3ria do nariz e estimular c\u00e9lulas que enviam sinais ao c\u00e9rebro. Congest\u00e3o nasal, inflama\u00e7\u00f5es e altera\u00e7\u00f5es nesses nervos podem diminuir essa capacidade.<\/p>\n\n\n\n<p class=\"wp-block-paragraph\">Segundo o <a href=\"https:\/\/www.nidcd.nih.gov\/health\/smell-disorders\" target=\"_blank\" rel=\"noopener noreferrer\">NIDCD<\/a>, causas de altera\u00e7\u00f5es do olfato incluem <strong>envelhecimento, infec\u00e7\u00f5es respirat\u00f3rias, tabagismo, les\u00f5es na cabe\u00e7a e diversos medicamentos<\/strong>, al\u00e9m de problemas nas cavidades nasais.<\/p>\n\n\n\n<h2 class=\"wp-block-heading\">O que pode ajudar a entender a causa<\/h2>\n\n\n<div class=\"wp-block-image wp-block-image size-large\">\n<figure class=\"aligncenter\"><img decoding=\"async\" width=\"1280\" height=\"714\" src=\"https:\/\/www.tuasaude.com\/news\/wp-content\/uploads\/2026\/08\/106039_cheiros-ficaram-mais-fracos-idade-nariz-entupido-e-remedios-_corpo.jpg\" alt=\"Congest\u00e3o e altera\u00e7\u00f5es na regi\u00e3o olfat\u00f3ria podem reduzir a capacidade de perceber cheiros.\" class=\"wp-image-106041\" srcset=\"https:\/\/www.tuasaude.com\/news\/wp-content\/uploads\/2026\/08\/106039_cheiros-ficaram-mais-fracos-idade-nariz-entupido-e-remedios-_corpo.jpg 1280w, https:\/\/www.tuasaude.com\/news\/wp-content\/uploads\/2026\/08\/106039_cheiros-ficaram-mais-fracos-idade-nariz-entupido-e-remedios-_corpo-300x167.jpg 300w, https:\/\/www.tuasaude.com\/news\/wp-content\/uploads\/2026\/08\/106039_cheiros-ficaram-mais-fracos-idade-nariz-entupido-e-remedios-_corpo-1024x571.jpg 1024w, https:\/\/www.tuasaude.com\/news\/wp-content\/uploads\/2026\/08\/106039_cheiros-ficaram-mais-fracos-idade-nariz-entupido-e-remedios-_corpo-768x428.jpg 768w, https:\/\/www.tuasaude.com\/news\/wp-content\/uploads\/2026\/08\/106039_cheiros-ficaram-mais-fracos-idade-nariz-entupido-e-remedios-_corpo-750x418.jpg 750w, https:\/\/www.tuasaude.com\/news\/wp-content\/uploads\/2026\/08\/106039_cheiros-ficaram-mais-fracos-idade-nariz-entupido-e-remedios-_corpo-1140x636.jpg 1140w\" sizes=\"(max-width: 1280px) 100vw, 1280px\" \/><figcaption class=\"wp-element-caption\">Congest\u00e3o e altera\u00e7\u00f5es na regi\u00e3o olfat\u00f3ria podem reduzir a capacidade de perceber cheiros.<\/figcaption><\/figure>\n<\/div>\n\n\n<p class=\"wp-block-paragraph\">Observar quando a altera\u00e7\u00e3o come\u00e7ou e quais sintomas aparecem junto pode fornecer pistas importantes para a consulta. N\u00e3o suspenda medicamentos por conta pr\u00f3pria caso suspeite de um efeito adverso.<\/p>\n\n\n\n<ul class=\"wp-block-list\">\n<li>Perceba se existe nariz entupido, secre\u00e7\u00e3o ou press\u00e3o no rosto;<\/li>\n<li>lembre se houve resfriado ou outra infec\u00e7\u00e3o respirat\u00f3ria recente;<\/li>\n<li>observe se a mudan\u00e7a come\u00e7ou ap\u00f3s iniciar algum medicamento;<\/li>\n<li>informe hist\u00f3rico de tabagismo;<\/li>\n<li>relate qualquer <strong>queda ou pancada na cabe\u00e7a<\/strong> antes da altera\u00e7\u00e3o.<\/li>\n<\/ul>\n\n\n\n<h2 class=\"wp-block-heading\">O que uma revis\u00e3o cient\u00edfica mostra sobre o envelhecimento<\/h2>\n\n\n\n<p class=\"wp-block-paragraph\">Segundo a revis\u00e3o <a href=\"https:\/\/pubmed.ncbi.nlm.nih.gov\/34249327\/\" target=\"_blank\" rel=\"noopener noreferrer\"><em>Olfaction and Aging: A Review of the Current State of Research and Future Directions<\/em><\/a>, publicada na <em>i-Perception<\/em> em 2021, a capacidade de sentir cheiros tende a diminuir com o envelhecimento e pode influenciar alimenta\u00e7\u00e3o, qualidade de vida e seguran\u00e7a.<\/p>\n\n\n\n<p class=\"wp-block-paragraph\">Isso n\u00e3o significa que toda <strong>perda de olfato<\/strong> deva ser atribu\u00edda \u00e0 idade. Uma mudan\u00e7a nova ou persistente precisa ser analisada no contexto de sintomas nasais, doen\u00e7as recentes, medicamentos e outras condi\u00e7\u00f5es.<\/p>\n\n\n\n<h2 class=\"wp-block-heading\">Como ficar mais seguro quando sente menos cheiros<\/h2>\n\n\n\n<p class=\"wp-block-paragraph\">O olfato tamb\u00e9m funciona como um sistema de alerta para fuma\u00e7a, vazamentos e alimentos deteriorados. Quando ele est\u00e1 reduzido, alguns cuidados simples podem diminuir riscos dentro de casa.<\/p>\n\n\n\n<ul class=\"wp-block-list\">\n<li>Mantenha detectores de fuma\u00e7a e g\u00e1s funcionando;<\/li>\n<li>confira validade, apar\u00eancia e armazenamento dos alimentos;<\/li>\n<li>n\u00e3o prove comida suspeita apenas para verificar se estragou;<\/li>\n<li>pe\u00e7a ajuda para identificar poss\u00edveis vazamentos de g\u00e1s;<\/li>\n<li>veja tamb\u00e9m as principais causas de <a href=\"https:\/\/www.tuasaude.com\/perda-de-olfato\/\" target=\"_blank\" rel=\"noopener noreferrer\">perda de olfato<\/a>.<\/li>\n<\/ul>\n\n\n<div class=\"wp-block-image wp-block-image size-large\">\n<figure class=\"aligncenter\"><img decoding=\"async\" width=\"1280\" height=\"575\" src=\"https:\/\/www.tuasaude.com\/news\/wp-content\/uploads\/2026\/08\/106039_cheiros-ficaram-mais-fracos-idade-nariz-entupido-e-remedios-_tabela.jpg\" alt=\"Perda de olfato: idade, nariz entupido e rem\u00e9dios podem enfraquecer os cheiros\" class=\"wp-image-106042\" srcset=\"https:\/\/www.tuasaude.com\/news\/wp-content\/uploads\/2026\/08\/106039_cheiros-ficaram-mais-fracos-idade-nariz-entupido-e-remedios-_tabela.jpg 1280w, https:\/\/www.tuasaude.com\/news\/wp-content\/uploads\/2026\/08\/106039_cheiros-ficaram-mais-fracos-idade-nariz-entupido-e-remedios-_tabela-300x135.jpg 300w, https:\/\/www.tuasaude.com\/news\/wp-content\/uploads\/2026\/08\/106039_cheiros-ficaram-mais-fracos-idade-nariz-entupido-e-remedios-_tabela-1024x460.jpg 1024w, https:\/\/www.tuasaude.com\/news\/wp-content\/uploads\/2026\/08\/106039_cheiros-ficaram-mais-fracos-idade-nariz-entupido-e-remedios-_tabela-768x345.jpg 768w, https:\/\/www.tuasaude.com\/news\/wp-content\/uploads\/2026\/08\/106039_cheiros-ficaram-mais-fracos-idade-nariz-entupido-e-remedios-_tabela-750x337.jpg 750w, https:\/\/www.tuasaude.com\/news\/wp-content\/uploads\/2026\/08\/106039_cheiros-ficaram-mais-fracos-idade-nariz-entupido-e-remedios-_tabela-1140x512.jpg 1140w\" sizes=\"(max-width: 1280px) 100vw, 1280px\" \/><figcaption class=\"wp-element-caption\">Perda de olfato: idade, nariz entupido e rem\u00e9dios podem enfraquecer os cheiros<\/figcaption><\/figure>\n<\/div>\n\n\n<h2 class=\"wp-block-heading\">Quando procurar avalia\u00e7\u00e3o m\u00e9dica<\/h2>\n\n\n\n<p class=\"wp-block-paragraph\">Procure um m\u00e9dico quando a redu\u00e7\u00e3o do olfato <strong>persiste sem explica\u00e7\u00e3o clara<\/strong>, continua depois que um resfriado melhora ou surge ap\u00f3s uma pancada na cabe\u00e7a. Nariz entupido por muito tempo, secre\u00e7\u00e3o persistente ou altera\u00e7\u00f5es importantes no paladar tamb\u00e9m devem ser relatados.<\/p>\n\n\n\n<p class=\"wp-block-paragraph\">A avalia\u00e7\u00e3o pode incluir exame do nariz, revis\u00e3o dos medicamentos e testes espec\u00edficos do olfato para ajudar a identificar a causa e definir se existe tratamento indicado.<\/p>\n\n\n\n<p class=\"wp-block-paragraph\"><strong>Este conte\u00fado \u00e9 apenas informativo e n\u00e3o substitui a avalia\u00e7\u00e3o de um m\u00e9dico.<\/strong><\/p>\n","protected":false},"excerpt":{"rendered":"<p>A perda de olfato pode acontecer gradualmente com a idade, mas tamb\u00e9m pode estar relacionada a resfriados, sinusite, tabagismo, alguns medicamentos e outros problemas de sa\u00fade. Quando a mudan\u00e7a persiste, aparece sem explica\u00e7\u00e3o clara ou come\u00e7a depois de uma pancada na cabe\u00e7a, vale procurar avalia\u00e7\u00e3o m\u00e9dica. Por que o olfato pode ficar mais fraco Para [&hellip;]<\/p>\n","protected":false},"author":12,"featured_media":106040,"comment_status":"open","ping_status":"open","sticky":false,"template":"","format":"standard","meta":{"_yoast_wpseo_focuskw":"perda de olfato","_yoast_wpseo_title":"","_yoast_wpseo_metadesc":"Perda de olfato pode ocorrer por idade, nariz entupido, infec\u00e7\u00f5es ou rem\u00e9dios. Entenda causas, cuidados e quando procurar avalia\u00e7\u00e3o m\u00e9dica.","jnews-multi-image_gallery":[],"jnews_single_post":{"format":"standard"},"jnews_primary_category":[],"jnews_social_meta":[],"jnews_override_counter":[],"footnotes":""},"categories":[111],"tags":[10182,3983,12332],"class_list":["post-106039","post","type-post","status-publish","format-standard","has-post-thumbnail","hentry","category-saude","tag-anosmia","tag-nariz-entupido","tag-olfato-reduzido"],"yoast_head":"<!-- This site is optimized with the Yoast SEO plugin v26.7 - https:\/\/yoast.com\/wordpress\/plugins\/seo\/ -->\n<title>Cheiros ficaram mais fracos? Idade, nariz entupido e rem\u00e9dios podem estar envolvidos - Tua Sa\u00fade<\/title>\n<meta name=\"description\" content=\"Perda de olfato pode ocorrer por idade, nariz entupido, infec\u00e7\u00f5es ou rem\u00e9dios. Entenda causas, cuidados e quando procurar avalia\u00e7\u00e3o m\u00e9dica.\" \/>\n<meta name=\"robots\" content=\"index, follow, max-snippet:-1, max-image-preview:large, max-video-preview:-1\" \/>\n<link rel=\"canonical\" href=\"https:\/\/www.tuasaude.com\/news\/2026\/09\/01\/cheiros-ficaram-mais-fracos-idade-nariz-entupido-e-remedios-podem-estar-envolvidos\/\" \/>\n<meta property=\"og:locale\" content=\"pt_BR\" \/>\n<meta property=\"og:type\" content=\"article\" \/>\n<meta property=\"og:title\" content=\"Cheiros ficaram mais fracos? Idade, nariz entupido e rem\u00e9dios podem estar envolvidos - Tua Sa\u00fade\" \/>\n<meta property=\"og:description\" content=\"Perda de olfato pode ocorrer por idade, nariz entupido, infec\u00e7\u00f5es ou rem\u00e9dios. Entenda causas, cuidados e quando procurar avalia\u00e7\u00e3o m\u00e9dica.\" \/>\n<meta property=\"og:url\" content=\"https:\/\/www.tuasaude.com\/news\/2026\/09\/01\/cheiros-ficaram-mais-fracos-idade-nariz-entupido-e-remedios-podem-estar-envolvidos\/\" \/>\n<meta property=\"og:site_name\" content=\"Tua Sa\u00fade\" \/>\n<meta property=\"article:published_time\" content=\"2026-09-02T00:20:00+00:00\" \/>\n<meta property=\"og:image\" content=\"https:\/\/www.tuasaude.com\/news\/wp-content\/uploads\/2026\/08\/106039_cheiros-ficaram-mais-fracos-idade-nariz-entupido-e-remedios-_destaque.jpg\" \/>\n\t<meta property=\"og:image:width\" content=\"1280\" \/>\n\t<meta property=\"og:image:height\" content=\"714\" \/>\n\t<meta property=\"og:image:type\" content=\"image\/jpeg\" \/>\n<meta name=\"author\" content=\"Jeferson Henrique\" \/>\n<meta name=\"twitter:card\" content=\"summary_large_image\" \/>\n<meta name=\"twitter:label1\" content=\"Escrito por\" \/>\n\t<meta name=\"twitter:data1\" content=\"Jeferson Henrique\" \/>\n\t<meta name=\"twitter:label2\" content=\"Est. tempo de leitura\" \/>\n\t<meta name=\"twitter:data2\" content=\"3 minutos\" \/>\n<!-- \/ Yoast SEO plugin. -->","yoast_head_json":{"title":"Cheiros ficaram mais fracos? Idade, nariz entupido e rem\u00e9dios podem estar envolvidos - Tua Sa\u00fade","description":"Perda de olfato pode ocorrer por idade, nariz entupido, infec\u00e7\u00f5es ou rem\u00e9dios. Entenda causas, cuidados e quando procurar avalia\u00e7\u00e3o m\u00e9dica.","robots":{"index":"index","follow":"follow","max-snippet":"max-snippet:-1","max-image-preview":"max-image-preview:large","max-video-preview":"max-video-preview:-1"},"canonical":"https:\/\/www.tuasaude.com\/news\/2026\/09\/01\/cheiros-ficaram-mais-fracos-idade-nariz-entupido-e-remedios-podem-estar-envolvidos\/","og_locale":"pt_BR","og_type":"article","og_title":"Cheiros ficaram mais fracos? Idade, nariz entupido e rem\u00e9dios podem estar envolvidos - Tua Sa\u00fade","og_description":"Perda de olfato pode ocorrer por idade, nariz entupido, infec\u00e7\u00f5es ou rem\u00e9dios. Entenda causas, cuidados e quando procurar avalia\u00e7\u00e3o m\u00e9dica.","og_url":"https:\/\/www.tuasaude.com\/news\/2026\/09\/01\/cheiros-ficaram-mais-fracos-idade-nariz-entupido-e-remedios-podem-estar-envolvidos\/","og_site_name":"Tua Sa\u00fade","article_published_time":"2026-09-02T00:20:00+00:00","og_image":[{"width":1280,"height":714,"url":"https:\/\/www.tuasaude.com\/news\/wp-content\/uploads\/2026\/08\/106039_cheiros-ficaram-mais-fracos-idade-nariz-entupido-e-remedios-_destaque.jpg","type":"image\/jpeg"}],"author":"Jeferson Henrique","twitter_card":"summary_large_image","twitter_misc":{"Escrito por":"Jeferson Henrique","Est. tempo de leitura":"3 minutos"},"schema":{"@context":"https:\/\/schema.org","@graph":[{"@type":"Article","@id":"https:\/\/www.tuasaude.com\/news\/2026\/09\/01\/cheiros-ficaram-mais-fracos-idade-nariz-entupido-e-remedios-podem-estar-envolvidos\/#article","isPartOf":{"@id":"https:\/\/www.tuasaude.com\/news\/2026\/09\/01\/cheiros-ficaram-mais-fracos-idade-nariz-entupido-e-remedios-podem-estar-envolvidos\/"},"author":{"name":"Jeferson Henrique","@id":"https:\/\/www.tuasaude.com\/news\/#\/schema\/person\/963d63d4e1f0c81f5f3a70ba4bcb0ef7"},"headline":"Cheiros ficaram mais fracos? Idade, nariz entupido e rem\u00e9dios podem estar envolvidos","datePublished":"2026-09-02T00:20:00+00:00","mainEntityOfPage":{"@id":"https:\/\/www.tuasaude.com\/news\/2026\/09\/01\/cheiros-ficaram-mais-fracos-idade-nariz-entupido-e-remedios-podem-estar-envolvidos\/"},"wordCount":546,"commentCount":0,"image":{"@id":"https:\/\/www.tuasaude.com\/news\/2026\/09\/01\/cheiros-ficaram-mais-fracos-idade-nariz-entupido-e-remedios-podem-estar-envolvidos\/#primaryimage"},"thumbnailUrl":"https:\/\/www.tuasaude.com\/news\/wp-content\/uploads\/2026\/08\/106039_cheiros-ficaram-mais-fracos-idade-nariz-entupido-e-remedios-_destaque.jpg","keywords":["anosmia","nariz entupido","olfato reduzido"],"articleSection":["Sa\u00fade"],"inLanguage":"pt-BR","potentialAction":[{"@type":"CommentAction","name":"Comment","target":["https:\/\/www.tuasaude.com\/news\/2026\/09\/01\/cheiros-ficaram-mais-fracos-idade-nariz-entupido-e-remedios-podem-estar-envolvidos\/#respond"]}]},{"@type":"WebPage","@id":"https:\/\/www.tuasaude.com\/news\/2026\/09\/01\/cheiros-ficaram-mais-fracos-idade-nariz-entupido-e-remedios-podem-estar-envolvidos\/","url":"https:\/\/www.tuasaude.com\/news\/2026\/09\/01\/cheiros-ficaram-mais-fracos-idade-nariz-entupido-e-remedios-podem-estar-envolvidos\/","name":"Cheiros ficaram mais fracos? Idade, nariz entupido e rem\u00e9dios podem estar envolvidos - Tua Sa\u00fade","isPartOf":{"@id":"https:\/\/www.tuasaude.com\/news\/#website"},"primaryImageOfPage":{"@id":"https:\/\/www.tuasaude.com\/news\/2026\/09\/01\/cheiros-ficaram-mais-fracos-idade-nariz-entupido-e-remedios-podem-estar-envolvidos\/#primaryimage"},"image":{"@id":"https:\/\/www.tuasaude.com\/news\/2026\/09\/01\/cheiros-ficaram-mais-fracos-idade-nariz-entupido-e-remedios-podem-estar-envolvidos\/#primaryimage"},"thumbnailUrl":"https:\/\/www.tuasaude.com\/news\/wp-content\/uploads\/2026\/08\/106039_cheiros-ficaram-mais-fracos-idade-nariz-entupido-e-remedios-_destaque.jpg","datePublished":"2026-09-02T00:20:00+00:00","author":{"@id":"https:\/\/www.tuasaude.com\/news\/#\/schema\/person\/963d63d4e1f0c81f5f3a70ba4bcb0ef7"},"description":"Perda de olfato pode ocorrer por idade, nariz entupido, infec\u00e7\u00f5es ou rem\u00e9dios. Entenda causas, cuidados e quando procurar avalia\u00e7\u00e3o m\u00e9dica.","breadcrumb":{"@id":"https:\/\/www.tuasaude.com\/news\/2026\/09\/01\/cheiros-ficaram-mais-fracos-idade-nariz-entupido-e-remedios-podem-estar-envolvidos\/#breadcrumb"},"inLanguage":"pt-BR","potentialAction":[{"@type":"ReadAction","target":["https:\/\/www.tuasaude.com\/news\/2026\/09\/01\/cheiros-ficaram-mais-fracos-idade-nariz-entupido-e-remedios-podem-estar-envolvidos\/"]}]},{"@type":"ImageObject","inLanguage":"pt-BR","@id":"https:\/\/www.tuasaude.com\/news\/2026\/09\/01\/cheiros-ficaram-mais-fracos-idade-nariz-entupido-e-remedios-podem-estar-envolvidos\/#primaryimage","url":"https:\/\/www.tuasaude.com\/news\/wp-content\/uploads\/2026\/08\/106039_cheiros-ficaram-mais-fracos-idade-nariz-entupido-e-remedios-_destaque.jpg","contentUrl":"https:\/\/www.tuasaude.com\/news\/wp-content\/uploads\/2026\/08\/106039_cheiros-ficaram-mais-fracos-idade-nariz-entupido-e-remedios-_destaque.jpg","width":1280,"height":714,"caption":"Perda de olfato pode estar relacionada \u00e0 idade, congest\u00e3o nasal, infec\u00e7\u00f5es ou uso de alguns medicamentos."},{"@type":"BreadcrumbList","@id":"https:\/\/www.tuasaude.com\/news\/2026\/09\/01\/cheiros-ficaram-mais-fracos-idade-nariz-entupido-e-remedios-podem-estar-envolvidos\/#breadcrumb","itemListElement":[{"@type":"ListItem","position":1,"name":"In\u00edcio","item":"https:\/\/www.tuasaude.com\/news\/"},{"@type":"ListItem","position":2,"name":"Cheiros ficaram mais fracos? Idade, nariz entupido e rem\u00e9dios podem estar envolvidos"}]},{"@type":"WebSite","@id":"https:\/\/www.tuasaude.com\/news\/#website","url":"https:\/\/www.tuasaude.com\/news\/","name":"Tua Sa\u00fade","description":"Seu site de sa\u00fade","potentialAction":[{"@type":"SearchAction","target":{"@type":"EntryPoint","urlTemplate":"https:\/\/www.tuasaude.com\/news\/?s={search_term_string}"},"query-input":{"@type":"PropertyValueSpecification","valueRequired":true,"valueName":"search_term_string"}}],"inLanguage":"pt-BR"},{"@type":"Person","@id":"https:\/\/www.tuasaude.com\/news\/#\/schema\/person\/963d63d4e1f0c81f5f3a70ba4bcb0ef7","name":"Jeferson Henrique","image":{"@type":"ImageObject","inLanguage":"pt-BR","@id":"https:\/\/www.tuasaude.com\/news\/#\/schema\/person\/image\/","url":"https:\/\/secure.gravatar.com\/avatar\/1a476a54a48eb3cdea5dd2f016708263892c6b9f5e54b641df7c65e980fd6f69?s=96&d=mm&r=g","contentUrl":"https:\/\/secure.gravatar.com\/avatar\/1a476a54a48eb3cdea5dd2f016708263892c6b9f5e54b641df7c65e980fd6f69?s=96&d=mm&r=g","caption":"Jeferson Henrique"},"sameAs":["https:\/\/www.tuasaude.com\/news\/"],"url":"https:\/\/www.tuasaude.com\/news\/author\/jeferson-henrique\/"}]}},"_links":{"self":[{"href":"https:\/\/www.tuasaude.com\/news\/wp-json\/wp\/v2\/posts\/106039","targetHints":{"allow":["GET"]}}],"collection":[{"href":"https:\/\/www.tuasaude.com\/news\/wp-json\/wp\/v2\/posts"}],"about":[{"href":"https:\/\/www.tuasaude.com\/news\/wp-json\/wp\/v2\/types\/post"}],"author":[{"embeddable":true,"href":"https:\/\/www.tuasaude.com\/news\/wp-json\/wp\/v2\/users\/12"}],"replies":[{"embeddable":true,"href":"https:\/\/www.tuasaude.com\/news\/wp-json\/wp\/v2\/comments?post=106039"}],"version-history":[{"count":1,"href":"https:\/\/www.tuasaude.com\/news\/wp-json\/wp\/v2\/posts\/106039\/revisions"}],"predecessor-version":[{"id":106043,"href":"https:\/\/www.tuasaude.com\/news\/wp-json\/wp\/v2\/posts\/106039\/revisions\/106043"}],"wp:featuredmedia":[{"embeddable":true,"href":"https:\/\/www.tuasaude.com\/news\/wp-json\/wp\/v2\/media\/106040"}],"wp:attachment":[{"href":"https:\/\/www.tuasaude.com\/news\/wp-json\/wp\/v2\/media?parent=106039"}],"wp:term":[{"taxonomy":"category","embeddable":true,"href":"https:\/\/www.tuasaude.com\/news\/wp-json\/wp\/v2\/categories?post=106039"},{"taxonomy":"post_tag","embeddable":true,"href":"https:\/\/www.tuasaude.com\/news\/wp-json\/wp\/v2\/tags?post=106039"}],"curies":[{"name":"wp","href":"https:\/\/api.w.org\/{rel}","templated":true}]}}