{"id":106029,"date":"2026-09-01T20:45:00","date_gmt":"2026-09-01T23:45:00","guid":{"rendered":"https:\/\/www.tuasaude.com\/news\/?p=106029"},"modified":"2026-08-30T22:26:34","modified_gmt":"2026-08-31T01:26:34","slug":"perder-altura-com-o-tempo-pode-ser-um-sinal-de-fragilidade-nos-ossos-da-coluna","status":"publish","type":"post","link":"https:\/\/www.tuasaude.com\/news\/2026\/09\/01\/perder-altura-com-o-tempo-pode-ser-um-sinal-de-fragilidade-nos-ossos-da-coluna\/","title":{"rendered":"Perder altura com o tempo pode ser um sinal de fragilidade nos ossos da coluna"},"content":{"rendered":"\n<p class=\"wp-block-paragraph\">A <strong>perda de altura<\/strong> percept\u00edvel ao longo dos anos pode estar relacionada a fraturas nas v\u00e9rtebras causadas pela osteoporose. Como a doen\u00e7a costuma evoluir sem sintomas at\u00e9 ocorrer uma fratura, mudan\u00e7as na postura, costas mais curvadas ou dor s\u00fabita na coluna merecem aten\u00e7\u00e3o e podem justificar uma avalia\u00e7\u00e3o da sa\u00fade dos ossos.<\/p>\n\n\n\n<h2 class=\"wp-block-heading\">Por que a osteoporose pode reduzir a altura<\/h2>\n\n\n\n<p class=\"wp-block-paragraph\">Na osteoporose, os ossos perdem resist\u00eancia e ficam mais vulner\u00e1veis a fraturas. Quando uma v\u00e9rtebra sofre compress\u00e3o ou fratura, ela pode diminuir de altura, alterando gradualmente o formato da coluna e a estatura da pessoa.<\/p>\n\n\n\n<p class=\"wp-block-paragraph\">Segundo o <a href=\"https:\/\/www.niams.nih.gov\/health-topics\/osteoporosis\" target=\"_blank\" rel=\"noopener noreferrer\">NIAMS<\/a>, fraturas vertebrais podem provocar <strong>dor forte nas costas, perda de altura e postura encurvada<\/strong>. Algumas fraturas acontecem ap\u00f3s quedas leves e outras podem ocorrer at\u00e9 durante movimentos cotidianos.<\/p>\n\n\n\n<h2 class=\"wp-block-heading\">Quais sinais merecem ser observados<\/h2>\n\n\n<div class=\"wp-block-image wp-block-image size-large\">\n<figure class=\"aligncenter\"><img decoding=\"async\" width=\"1280\" height=\"714\" src=\"https:\/\/www.tuasaude.com\/news\/wp-content\/uploads\/2026\/08\/106029_perder-altura-com-o-tempo-pode-ser-um-sinal-de-fragilidade-n_corpo.jpg\" alt=\"Fraturas por compress\u00e3o nas v\u00e9rtebras podem reduzir a altura e alterar a postura ao longo do tempo.\" class=\"wp-image-106031\" srcset=\"https:\/\/www.tuasaude.com\/news\/wp-content\/uploads\/2026\/08\/106029_perder-altura-com-o-tempo-pode-ser-um-sinal-de-fragilidade-n_corpo.jpg 1280w, https:\/\/www.tuasaude.com\/news\/wp-content\/uploads\/2026\/08\/106029_perder-altura-com-o-tempo-pode-ser-um-sinal-de-fragilidade-n_corpo-300x167.jpg 300w, https:\/\/www.tuasaude.com\/news\/wp-content\/uploads\/2026\/08\/106029_perder-altura-com-o-tempo-pode-ser-um-sinal-de-fragilidade-n_corpo-1024x571.jpg 1024w, https:\/\/www.tuasaude.com\/news\/wp-content\/uploads\/2026\/08\/106029_perder-altura-com-o-tempo-pode-ser-um-sinal-de-fragilidade-n_corpo-768x428.jpg 768w, https:\/\/www.tuasaude.com\/news\/wp-content\/uploads\/2026\/08\/106029_perder-altura-com-o-tempo-pode-ser-um-sinal-de-fragilidade-n_corpo-750x418.jpg 750w, https:\/\/www.tuasaude.com\/news\/wp-content\/uploads\/2026\/08\/106029_perder-altura-com-o-tempo-pode-ser-um-sinal-de-fragilidade-n_corpo-1140x636.jpg 1140w\" sizes=\"(max-width: 1280px) 100vw, 1280px\" \/><figcaption class=\"wp-element-caption\">Fraturas por compress\u00e3o nas v\u00e9rtebras podem reduzir a altura e alterar a postura ao longo do tempo.<\/figcaption><\/figure>\n<\/div>\n\n\n<p class=\"wp-block-paragraph\">A osteoporose \u00e9 conhecida como uma doen\u00e7a silenciosa porque pode n\u00e3o causar sintomas antes de uma fratura. Algumas mudan\u00e7as, por\u00e9m, podem indicar fragilidade das v\u00e9rtebras e devem ser relatadas ao m\u00e9dico.<\/p>\n\n\n\n<ul class=\"wp-block-list\">\n<li><strong>Perda percept\u00edvel de altura<\/strong> ao longo do tempo;<\/li>\n<li>postura progressivamente mais curvada;<\/li>\n<li>dor nova ou persistente nas costas;<\/li>\n<li>fratura ap\u00f3s uma queda ou trauma leve;<\/li>\n<li>dor s\u00fabita na coluna ap\u00f3s esfor\u00e7o aparentemente pequeno.<\/li>\n<\/ul>\n\n\n\n<h2 class=\"wp-block-heading\">O que um estudo mostra sobre fraturas vertebrais<\/h2>\n\n\n\n<p class=\"wp-block-paragraph\">Segundo a revis\u00e3o <a href=\"https:\/\/pubmed.ncbi.nlm.nih.gov\/40668980\/\" target=\"_blank\" rel=\"noopener noreferrer\"><em>Osteoporotic vertebral fractures: an update<\/em><\/a>, publicada no <em>SICOT-J<\/em> em 2025, as fraturas vertebrais est\u00e3o entre as principais complica\u00e7\u00f5es da osteoporose e podem provocar dor, deformidade da coluna e redu\u00e7\u00e3o da qualidade de vida.<\/p>\n\n\n\n<p class=\"wp-block-paragraph\">Essas fraturas nem sempre s\u00e3o reconhecidas imediatamente, especialmente quando a dor \u00e9 discreta. Por isso, <strong>perda de altura e mudan\u00e7as da postura<\/strong> podem ajudar a levantar a suspeita e levar \u00e0 investiga\u00e7\u00e3o da densidade e da integridade dos ossos.<\/p>\n\n\n\n<h2 class=\"wp-block-heading\">Como ajudar a proteger os ossos<\/h2>\n\n\n\n<p class=\"wp-block-paragraph\">Alimenta\u00e7\u00e3o adequada, exerc\u00edcios compat\u00edveis com a condi\u00e7\u00e3o f\u00edsica e medidas para evitar quedas contribuem para preservar a sa\u00fade \u00f3ssea. Quem j\u00e1 tem osteoporose deve conversar com um profissional antes de iniciar atividades novas.<\/p>\n\n\n\n<ul class=\"wp-block-list\">\n<li>Mantenha ingest\u00e3o adequada de c\u00e1lcio e vitamina D;<\/li>\n<li>pratique atividade f\u00edsica orientada e apropriada \u00e0 sua condi\u00e7\u00e3o;<\/li>\n<li>reduza obst\u00e1culos e riscos de quedas dentro de casa;<\/li>\n<li>evite fumar e o consumo excessivo de \u00e1lcool;<\/li>\n<li>saiba mais sobre a <a href=\"https:\/\/www.tuasaude.com\/osteoporose\/\" target=\"_blank\" rel=\"noopener noreferrer\">osteoporose e suas formas de tratamento<\/a>.<\/li>\n<\/ul>\n\n\n<div class=\"wp-block-image wp-block-image size-large\">\n<figure class=\"aligncenter\"><img decoding=\"async\" width=\"1280\" height=\"575\" src=\"https:\/\/www.tuasaude.com\/news\/wp-content\/uploads\/2026\/08\/106029_perder-altura-com-o-tempo-pode-ser-um-sinal-de-fragilidade-n_tabela.jpg\" alt=\"Perda de altura e postura curvada: sinais que podem indicar osteoporose na coluna\" class=\"wp-image-106032\" srcset=\"https:\/\/www.tuasaude.com\/news\/wp-content\/uploads\/2026\/08\/106029_perder-altura-com-o-tempo-pode-ser-um-sinal-de-fragilidade-n_tabela.jpg 1280w, https:\/\/www.tuasaude.com\/news\/wp-content\/uploads\/2026\/08\/106029_perder-altura-com-o-tempo-pode-ser-um-sinal-de-fragilidade-n_tabela-300x135.jpg 300w, https:\/\/www.tuasaude.com\/news\/wp-content\/uploads\/2026\/08\/106029_perder-altura-com-o-tempo-pode-ser-um-sinal-de-fragilidade-n_tabela-1024x460.jpg 1024w, https:\/\/www.tuasaude.com\/news\/wp-content\/uploads\/2026\/08\/106029_perder-altura-com-o-tempo-pode-ser-um-sinal-de-fragilidade-n_tabela-768x345.jpg 768w, https:\/\/www.tuasaude.com\/news\/wp-content\/uploads\/2026\/08\/106029_perder-altura-com-o-tempo-pode-ser-um-sinal-de-fragilidade-n_tabela-750x337.jpg 750w, https:\/\/www.tuasaude.com\/news\/wp-content\/uploads\/2026\/08\/106029_perder-altura-com-o-tempo-pode-ser-um-sinal-de-fragilidade-n_tabela-1140x512.jpg 1140w\" sizes=\"(max-width: 1280px) 100vw, 1280px\" \/><figcaption class=\"wp-element-caption\">Perda de altura e postura curvada: sinais que podem indicar osteoporose na coluna<\/figcaption><\/figure>\n<\/div>\n\n\n<h2 class=\"wp-block-heading\">Quando procurar avalia\u00e7\u00e3o m\u00e9dica<\/h2>\n\n\n\n<p class=\"wp-block-paragraph\">Uma <strong>perda de altura<\/strong> evidente, postura cada vez mais curvada ou fratura ap\u00f3s trauma leve merece avalia\u00e7\u00e3o. O m\u00e9dico pode analisar os fatores de risco e, quando indicado, solicitar exames como a densitometria \u00f3ssea e exames de imagem da coluna.<\/p>\n\n\n\n<p class=\"wp-block-paragraph\">Procure atendimento mais rapidamente diante de <strong>dor s\u00fabita e intensa nas costas<\/strong>, especialmente ap\u00f3s uma queda ou pequeno esfor\u00e7o, pois uma fratura vertebral precisa ser considerada.<\/p>\n\n\n\n<p class=\"wp-block-paragraph\"><strong>Este conte\u00fado \u00e9 apenas informativo e n\u00e3o substitui a avalia\u00e7\u00e3o de um m\u00e9dico.<\/strong><\/p>\n","protected":false},"excerpt":{"rendered":"<p>A perda de altura percept\u00edvel ao longo dos anos pode estar relacionada a fraturas nas v\u00e9rtebras causadas pela osteoporose. Como a doen\u00e7a costuma evoluir sem sintomas at\u00e9 ocorrer uma fratura, mudan\u00e7as na postura, costas mais curvadas ou dor s\u00fabita na coluna merecem aten\u00e7\u00e3o e podem justificar uma avalia\u00e7\u00e3o da sa\u00fade dos ossos. Por que a [&hellip;]<\/p>\n","protected":false},"author":12,"featured_media":106030,"comment_status":"open","ping_status":"open","sticky":false,"template":"","format":"standard","meta":{"_yoast_wpseo_focuskw":"perda de altura","_yoast_wpseo_title":"","_yoast_wpseo_metadesc":"Perda de altura pode ser sinal de osteoporose e fraturas vertebrais. Veja sintomas, cuidados com os ossos e quando procurar avalia\u00e7\u00e3o m\u00e9dica.","jnews-multi-image_gallery":[],"jnews_single_post":{"format":"standard"},"jnews_primary_category":[],"jnews_social_meta":[],"jnews_override_counter":[],"footnotes":""},"categories":[111],"tags":[9641,1078,10113],"class_list":["post-106029","post","type-post","status-publish","format-standard","has-post-thumbnail","hentry","category-saude","tag-fratura-vertebral","tag-osteoporose","tag-postura-curvada"],"yoast_head":"<!-- This site is optimized with the Yoast SEO plugin v26.7 - https:\/\/yoast.com\/wordpress\/plugins\/seo\/ -->\n<title>Perder altura com o tempo pode ser um sinal de fragilidade nos ossos da coluna - Tua Sa\u00fade<\/title>\n<meta name=\"description\" content=\"Perda de altura pode ser sinal de osteoporose e fraturas vertebrais. Veja sintomas, cuidados com os ossos e quando procurar avalia\u00e7\u00e3o m\u00e9dica.\" \/>\n<meta name=\"robots\" content=\"index, follow, max-snippet:-1, max-image-preview:large, max-video-preview:-1\" \/>\n<link rel=\"canonical\" href=\"https:\/\/www.tuasaude.com\/news\/2026\/09\/01\/perder-altura-com-o-tempo-pode-ser-um-sinal-de-fragilidade-nos-ossos-da-coluna\/\" \/>\n<meta property=\"og:locale\" content=\"pt_BR\" \/>\n<meta property=\"og:type\" content=\"article\" \/>\n<meta property=\"og:title\" content=\"Perder altura com o tempo pode ser um sinal de fragilidade nos ossos da coluna - Tua Sa\u00fade\" \/>\n<meta property=\"og:description\" content=\"Perda de altura pode ser sinal de osteoporose e fraturas vertebrais. Veja sintomas, cuidados com os ossos e quando procurar avalia\u00e7\u00e3o m\u00e9dica.\" \/>\n<meta property=\"og:url\" content=\"https:\/\/www.tuasaude.com\/news\/2026\/09\/01\/perder-altura-com-o-tempo-pode-ser-um-sinal-de-fragilidade-nos-ossos-da-coluna\/\" \/>\n<meta property=\"og:site_name\" content=\"Tua Sa\u00fade\" \/>\n<meta property=\"article:published_time\" content=\"2026-09-01T23:45:00+00:00\" \/>\n<meta property=\"og:image\" content=\"https:\/\/www.tuasaude.com\/news\/wp-content\/uploads\/2026\/08\/106029_perder-altura-com-o-tempo-pode-ser-um-sinal-de-fragilidade-n_destaque.jpg\" \/>\n\t<meta property=\"og:image:width\" content=\"1280\" \/>\n\t<meta property=\"og:image:height\" content=\"714\" \/>\n\t<meta property=\"og:image:type\" content=\"image\/jpeg\" \/>\n<meta name=\"author\" content=\"Jeferson Henrique\" \/>\n<meta name=\"twitter:card\" content=\"summary_large_image\" \/>\n<meta name=\"twitter:label1\" content=\"Escrito por\" \/>\n\t<meta name=\"twitter:data1\" content=\"Jeferson Henrique\" \/>\n\t<meta name=\"twitter:label2\" content=\"Est. tempo de leitura\" \/>\n\t<meta name=\"twitter:data2\" content=\"3 minutos\" \/>\n<!-- \/ Yoast SEO plugin. -->","yoast_head_json":{"title":"Perder altura com o tempo pode ser um sinal de fragilidade nos ossos da coluna - Tua Sa\u00fade","description":"Perda de altura pode ser sinal de osteoporose e fraturas vertebrais. Veja sintomas, cuidados com os ossos e quando procurar avalia\u00e7\u00e3o m\u00e9dica.","robots":{"index":"index","follow":"follow","max-snippet":"max-snippet:-1","max-image-preview":"max-image-preview:large","max-video-preview":"max-video-preview:-1"},"canonical":"https:\/\/www.tuasaude.com\/news\/2026\/09\/01\/perder-altura-com-o-tempo-pode-ser-um-sinal-de-fragilidade-nos-ossos-da-coluna\/","og_locale":"pt_BR","og_type":"article","og_title":"Perder altura com o tempo pode ser um sinal de fragilidade nos ossos da coluna - Tua Sa\u00fade","og_description":"Perda de altura pode ser sinal de osteoporose e fraturas vertebrais. Veja sintomas, cuidados com os ossos e quando procurar avalia\u00e7\u00e3o m\u00e9dica.","og_url":"https:\/\/www.tuasaude.com\/news\/2026\/09\/01\/perder-altura-com-o-tempo-pode-ser-um-sinal-de-fragilidade-nos-ossos-da-coluna\/","og_site_name":"Tua Sa\u00fade","article_published_time":"2026-09-01T23:45:00+00:00","og_image":[{"width":1280,"height":714,"url":"https:\/\/www.tuasaude.com\/news\/wp-content\/uploads\/2026\/08\/106029_perder-altura-com-o-tempo-pode-ser-um-sinal-de-fragilidade-n_destaque.jpg","type":"image\/jpeg"}],"author":"Jeferson Henrique","twitter_card":"summary_large_image","twitter_misc":{"Escrito por":"Jeferson Henrique","Est. tempo de leitura":"3 minutos"},"schema":{"@context":"https:\/\/schema.org","@graph":[{"@type":"Article","@id":"https:\/\/www.tuasaude.com\/news\/2026\/09\/01\/perder-altura-com-o-tempo-pode-ser-um-sinal-de-fragilidade-nos-ossos-da-coluna\/#article","isPartOf":{"@id":"https:\/\/www.tuasaude.com\/news\/2026\/09\/01\/perder-altura-com-o-tempo-pode-ser-um-sinal-de-fragilidade-nos-ossos-da-coluna\/"},"author":{"name":"Jeferson Henrique","@id":"https:\/\/www.tuasaude.com\/news\/#\/schema\/person\/963d63d4e1f0c81f5f3a70ba4bcb0ef7"},"headline":"Perder altura com o tempo pode ser um sinal de fragilidade nos ossos da coluna","datePublished":"2026-09-01T23:45:00+00:00","mainEntityOfPage":{"@id":"https:\/\/www.tuasaude.com\/news\/2026\/09\/01\/perder-altura-com-o-tempo-pode-ser-um-sinal-de-fragilidade-nos-ossos-da-coluna\/"},"wordCount":539,"commentCount":0,"image":{"@id":"https:\/\/www.tuasaude.com\/news\/2026\/09\/01\/perder-altura-com-o-tempo-pode-ser-um-sinal-de-fragilidade-nos-ossos-da-coluna\/#primaryimage"},"thumbnailUrl":"https:\/\/www.tuasaude.com\/news\/wp-content\/uploads\/2026\/08\/106029_perder-altura-com-o-tempo-pode-ser-um-sinal-de-fragilidade-n_destaque.jpg","keywords":["fratura vertebral","osteoporose","postura curvada"],"articleSection":["Sa\u00fade"],"inLanguage":"pt-BR","potentialAction":[{"@type":"CommentAction","name":"Comment","target":["https:\/\/www.tuasaude.com\/news\/2026\/09\/01\/perder-altura-com-o-tempo-pode-ser-um-sinal-de-fragilidade-nos-ossos-da-coluna\/#respond"]}]},{"@type":"WebPage","@id":"https:\/\/www.tuasaude.com\/news\/2026\/09\/01\/perder-altura-com-o-tempo-pode-ser-um-sinal-de-fragilidade-nos-ossos-da-coluna\/","url":"https:\/\/www.tuasaude.com\/news\/2026\/09\/01\/perder-altura-com-o-tempo-pode-ser-um-sinal-de-fragilidade-nos-ossos-da-coluna\/","name":"Perder altura com o tempo pode ser um sinal de fragilidade nos ossos da coluna - Tua Sa\u00fade","isPartOf":{"@id":"https:\/\/www.tuasaude.com\/news\/#website"},"primaryImageOfPage":{"@id":"https:\/\/www.tuasaude.com\/news\/2026\/09\/01\/perder-altura-com-o-tempo-pode-ser-um-sinal-de-fragilidade-nos-ossos-da-coluna\/#primaryimage"},"image":{"@id":"https:\/\/www.tuasaude.com\/news\/2026\/09\/01\/perder-altura-com-o-tempo-pode-ser-um-sinal-de-fragilidade-nos-ossos-da-coluna\/#primaryimage"},"thumbnailUrl":"https:\/\/www.tuasaude.com\/news\/wp-content\/uploads\/2026\/08\/106029_perder-altura-com-o-tempo-pode-ser-um-sinal-de-fragilidade-n_destaque.jpg","datePublished":"2026-09-01T23:45:00+00:00","author":{"@id":"https:\/\/www.tuasaude.com\/news\/#\/schema\/person\/963d63d4e1f0c81f5f3a70ba4bcb0ef7"},"description":"Perda de altura pode ser sinal de osteoporose e fraturas vertebrais. Veja sintomas, cuidados com os ossos e quando procurar avalia\u00e7\u00e3o m\u00e9dica.","breadcrumb":{"@id":"https:\/\/www.tuasaude.com\/news\/2026\/09\/01\/perder-altura-com-o-tempo-pode-ser-um-sinal-de-fragilidade-nos-ossos-da-coluna\/#breadcrumb"},"inLanguage":"pt-BR","potentialAction":[{"@type":"ReadAction","target":["https:\/\/www.tuasaude.com\/news\/2026\/09\/01\/perder-altura-com-o-tempo-pode-ser-um-sinal-de-fragilidade-nos-ossos-da-coluna\/"]}]},{"@type":"ImageObject","inLanguage":"pt-BR","@id":"https:\/\/www.tuasaude.com\/news\/2026\/09\/01\/perder-altura-com-o-tempo-pode-ser-um-sinal-de-fragilidade-nos-ossos-da-coluna\/#primaryimage","url":"https:\/\/www.tuasaude.com\/news\/wp-content\/uploads\/2026\/08\/106029_perder-altura-com-o-tempo-pode-ser-um-sinal-de-fragilidade-n_destaque.jpg","contentUrl":"https:\/\/www.tuasaude.com\/news\/wp-content\/uploads\/2026\/08\/106029_perder-altura-com-o-tempo-pode-ser-um-sinal-de-fragilidade-n_destaque.jpg","width":1280,"height":714,"caption":"Perda de altura e postura curvada podem estar relacionadas \u00e0 fragilidade dos ossos da coluna."},{"@type":"BreadcrumbList","@id":"https:\/\/www.tuasaude.com\/news\/2026\/09\/01\/perder-altura-com-o-tempo-pode-ser-um-sinal-de-fragilidade-nos-ossos-da-coluna\/#breadcrumb","itemListElement":[{"@type":"ListItem","position":1,"name":"In\u00edcio","item":"https:\/\/www.tuasaude.com\/news\/"},{"@type":"ListItem","position":2,"name":"Perder altura com o tempo pode ser um sinal de fragilidade nos ossos da coluna"}]},{"@type":"WebSite","@id":"https:\/\/www.tuasaude.com\/news\/#website","url":"https:\/\/www.tuasaude.com\/news\/","name":"Tua Sa\u00fade","description":"Seu site de sa\u00fade","potentialAction":[{"@type":"SearchAction","target":{"@type":"EntryPoint","urlTemplate":"https:\/\/www.tuasaude.com\/news\/?s={search_term_string}"},"query-input":{"@type":"PropertyValueSpecification","valueRequired":true,"valueName":"search_term_string"}}],"inLanguage":"pt-BR"},{"@type":"Person","@id":"https:\/\/www.tuasaude.com\/news\/#\/schema\/person\/963d63d4e1f0c81f5f3a70ba4bcb0ef7","name":"Jeferson Henrique","image":{"@type":"ImageObject","inLanguage":"pt-BR","@id":"https:\/\/www.tuasaude.com\/news\/#\/schema\/person\/image\/","url":"https:\/\/secure.gravatar.com\/avatar\/1a476a54a48eb3cdea5dd2f016708263892c6b9f5e54b641df7c65e980fd6f69?s=96&d=mm&r=g","contentUrl":"https:\/\/secure.gravatar.com\/avatar\/1a476a54a48eb3cdea5dd2f016708263892c6b9f5e54b641df7c65e980fd6f69?s=96&d=mm&r=g","caption":"Jeferson Henrique"},"sameAs":["https:\/\/www.tuasaude.com\/news\/"],"url":"https:\/\/www.tuasaude.com\/news\/author\/jeferson-henrique\/"}]}},"_links":{"self":[{"href":"https:\/\/www.tuasaude.com\/news\/wp-json\/wp\/v2\/posts\/106029","targetHints":{"allow":["GET"]}}],"collection":[{"href":"https:\/\/www.tuasaude.com\/news\/wp-json\/wp\/v2\/posts"}],"about":[{"href":"https:\/\/www.tuasaude.com\/news\/wp-json\/wp\/v2\/types\/post"}],"author":[{"embeddable":true,"href":"https:\/\/www.tuasaude.com\/news\/wp-json\/wp\/v2\/users\/12"}],"replies":[{"embeddable":true,"href":"https:\/\/www.tuasaude.com\/news\/wp-json\/wp\/v2\/comments?post=106029"}],"version-history":[{"count":1,"href":"https:\/\/www.tuasaude.com\/news\/wp-json\/wp\/v2\/posts\/106029\/revisions"}],"predecessor-version":[{"id":106033,"href":"https:\/\/www.tuasaude.com\/news\/wp-json\/wp\/v2\/posts\/106029\/revisions\/106033"}],"wp:featuredmedia":[{"embeddable":true,"href":"https:\/\/www.tuasaude.com\/news\/wp-json\/wp\/v2\/media\/106030"}],"wp:attachment":[{"href":"https:\/\/www.tuasaude.com\/news\/wp-json\/wp\/v2\/media?parent=106029"}],"wp:term":[{"taxonomy":"category","embeddable":true,"href":"https:\/\/www.tuasaude.com\/news\/wp-json\/wp\/v2\/categories?post=106029"},{"taxonomy":"post_tag","embeddable":true,"href":"https:\/\/www.tuasaude.com\/news\/wp-json\/wp\/v2\/tags?post=106029"}],"curies":[{"name":"wp","href":"https:\/\/api.w.org\/{rel}","templated":true}]}}