{"id":105994,"date":"2026-09-01T16:40:00","date_gmt":"2026-09-01T19:40:00","guid":{"rendered":"https:\/\/www.tuasaude.com\/news\/?p=105994"},"modified":"2026-08-30T22:08:18","modified_gmt":"2026-08-31T01:08:18","slug":"perder-a-audicao-de-repente-em-um-ouvido-e-uma-urgencia","status":"publish","type":"post","link":"https:\/\/www.tuasaude.com\/news\/2026\/09\/01\/perder-a-audicao-de-repente-em-um-ouvido-e-uma-urgencia\/","title":{"rendered":"Perder a audi\u00e7\u00e3o de repente em um ouvido \u00e9 uma urg\u00eancia"},"content":{"rendered":"\n<p class=\"wp-block-paragraph\">A <strong>perda auditiva s\u00fabita<\/strong> pode surgir em poucas horas ou ao longo de poucos dias, muitas vezes em apenas um ouvido. Ela pode ser percebida ao acordar, ao usar o telefone ou junto com ouvido tampado, zumbido e tontura. Mesmo que pare\u00e7a apenas cera, n\u00e3o \u00e9 recomendado esperar para ver se melhora.<\/p>\n\n\n\n<h2 class=\"wp-block-heading\">Por que perder a audi\u00e7\u00e3o de repente preocupa<\/h2>\n\n\n\n<p class=\"wp-block-paragraph\">Uma queda r\u00e1pida da audi\u00e7\u00e3o pode ocorrer por altera\u00e7\u00f5es no ouvido interno e nas estruturas respons\u00e1veis por captar os sons. Como nem sempre \u00e9 poss\u00edvel distinguir essa situa\u00e7\u00e3o de uma obstru\u00e7\u00e3o por cera apenas pelos sintomas, a avalia\u00e7\u00e3o m\u00e9dica precisa ser r\u00e1pida.<\/p>\n\n\n\n<p class=\"wp-block-paragraph\">Segundo o <a href=\"https:\/\/www.nidcd.nih.gov\/health\/sudden-deafness\" target=\"_blank\" rel=\"noopener noreferrer\">NIDCD<\/a>, a perda auditiva neurossensorial s\u00fabita \u00e9 considerada uma <strong>emerg\u00eancia m\u00e9dica<\/strong>. O \u00f3rg\u00e3o alerta que atrasar o diagn\u00f3stico e o tratamento, quando indicado, pode diminuir sua efic\u00e1cia.<\/p>\n\n\n\n<h2 class=\"wp-block-heading\">Quais sinais podem aparecer junto<\/h2>\n\n\n<div class=\"wp-block-image wp-block-image size-large\">\n<figure class=\"aligncenter\"><img decoding=\"async\" width=\"1280\" height=\"714\" src=\"https:\/\/www.tuasaude.com\/news\/wp-content\/uploads\/2026\/08\/105994_perder-a-audicao-de-repente-em-um-ouvido-e-uma-urgencia_corpo.jpg\" alt=\"A perda auditiva neurossensorial s\u00fabita pode afetar o ouvido interno e precisa de avalia\u00e7\u00e3o urgente.\" class=\"wp-image-105996\" srcset=\"https:\/\/www.tuasaude.com\/news\/wp-content\/uploads\/2026\/08\/105994_perder-a-audicao-de-repente-em-um-ouvido-e-uma-urgencia_corpo.jpg 1280w, https:\/\/www.tuasaude.com\/news\/wp-content\/uploads\/2026\/08\/105994_perder-a-audicao-de-repente-em-um-ouvido-e-uma-urgencia_corpo-300x167.jpg 300w, https:\/\/www.tuasaude.com\/news\/wp-content\/uploads\/2026\/08\/105994_perder-a-audicao-de-repente-em-um-ouvido-e-uma-urgencia_corpo-1024x571.jpg 1024w, https:\/\/www.tuasaude.com\/news\/wp-content\/uploads\/2026\/08\/105994_perder-a-audicao-de-repente-em-um-ouvido-e-uma-urgencia_corpo-768x428.jpg 768w, https:\/\/www.tuasaude.com\/news\/wp-content\/uploads\/2026\/08\/105994_perder-a-audicao-de-repente-em-um-ouvido-e-uma-urgencia_corpo-750x418.jpg 750w, https:\/\/www.tuasaude.com\/news\/wp-content\/uploads\/2026\/08\/105994_perder-a-audicao-de-repente-em-um-ouvido-e-uma-urgencia_corpo-1140x636.jpg 1140w\" sizes=\"(max-width: 1280px) 100vw, 1280px\" \/><figcaption class=\"wp-element-caption\">A perda auditiva neurossensorial s\u00fabita pode afetar o ouvido interno e precisa de avalia\u00e7\u00e3o urgente.<\/figcaption><\/figure>\n<\/div>\n\n\n<p class=\"wp-block-paragraph\">A altera\u00e7\u00e3o nem sempre significa que o ouvido ficou completamente sem ouvir. Algumas pessoas percebem apenas uma diferen\u00e7a importante entre os dois lados ou dificuldade nova para compreender sons.<\/p>\n\n\n\n<ul class=\"wp-block-list\">\n<li><strong>Perda de audi\u00e7\u00e3o repentina em um ouvido<\/strong>;<\/li>\n<li>sensa\u00e7\u00e3o de ouvido cheio ou tampado;<\/li>\n<li>zumbido que surgiu junto com a perda;<\/li>\n<li>tontura ou desequil\u00edbrio;<\/li>\n<li>sons mais abafados ou dificuldade para ouvir ao telefone.<\/li>\n<\/ul>\n\n\n\n<h2 class=\"wp-block-heading\">O que uma revis\u00e3o cient\u00edfica mostra<\/h2>\n\n\n\n<p class=\"wp-block-paragraph\">Segundo a revis\u00e3o <a href=\"https:\/\/pubmed.ncbi.nlm.nih.gov\/38254304\/\" target=\"_blank\" rel=\"noopener noreferrer\"><em>Contemporary Review of Idiopathic Sudden Sensorineural Hearing Loss: Management and Prognosis<\/em><\/a>, publicada no <em>Journal of Audiology &amp; Otology<\/em> em 2024, a perda auditiva neurossensorial s\u00fabita exige manejo m\u00e9dico urgente e o tempo at\u00e9 o in\u00edcio da abordagem pode influenciar o progn\u00f3stico.<\/p>\n\n\n\n<p class=\"wp-block-paragraph\">O tratamento depende da avalia\u00e7\u00e3o do m\u00e9dico e da poss\u00edvel causa. Corticoides est\u00e3o entre as op\u00e7\u00f5es utilizadas em determinados casos, mas <strong>n\u00e3o devem ser iniciados por conta pr\u00f3pria<\/strong>, pois possuem contraindica\u00e7\u00f5es e precisam de indica\u00e7\u00e3o individualizada.<\/p>\n\n\n\n<h2 class=\"wp-block-heading\">O que n\u00e3o fazer enquanto procura atendimento<\/h2>\n\n\n\n<p class=\"wp-block-paragraph\">A sensa\u00e7\u00e3o de ouvido bloqueado pode levar \u00e0 tentativa de resolver o problema em casa. Quando a audi\u00e7\u00e3o caiu de repente, por\u00e9m, essas medidas podem atrasar a avalia\u00e7\u00e3o necess\u00e1ria.<\/p>\n\n\n\n<ul class=\"wp-block-list\">\n<li>N\u00e3o espere v\u00e1rios dias para ver se a audi\u00e7\u00e3o volta;<\/li>\n<li>n\u00e3o use gotas para cera sem saber a causa do problema;<\/li>\n<li>n\u00e3o introduza cotonetes ou outros objetos no canal auditivo;<\/li>\n<li>anote quando percebeu a perda e os sintomas associados;<\/li>\n<li>procure avalia\u00e7\u00e3o m\u00e9dica o mais r\u00e1pido poss\u00edvel.<\/li>\n<\/ul>\n\n\n<div class=\"wp-block-image wp-block-image size-large\">\n<figure class=\"aligncenter\"><img decoding=\"async\" width=\"1280\" height=\"575\" src=\"https:\/\/www.tuasaude.com\/news\/wp-content\/uploads\/2026\/08\/105994_perder-a-audicao-de-repente-em-um-ouvido-e-uma-urgencia_tabela.jpg\" alt=\"Perda auditiva s\u00fabita em um ouvido: sinais de uma urg\u00eancia m\u00e9dica\" class=\"wp-image-105997\" srcset=\"https:\/\/www.tuasaude.com\/news\/wp-content\/uploads\/2026\/08\/105994_perder-a-audicao-de-repente-em-um-ouvido-e-uma-urgencia_tabela.jpg 1280w, https:\/\/www.tuasaude.com\/news\/wp-content\/uploads\/2026\/08\/105994_perder-a-audicao-de-repente-em-um-ouvido-e-uma-urgencia_tabela-300x135.jpg 300w, https:\/\/www.tuasaude.com\/news\/wp-content\/uploads\/2026\/08\/105994_perder-a-audicao-de-repente-em-um-ouvido-e-uma-urgencia_tabela-1024x460.jpg 1024w, https:\/\/www.tuasaude.com\/news\/wp-content\/uploads\/2026\/08\/105994_perder-a-audicao-de-repente-em-um-ouvido-e-uma-urgencia_tabela-768x345.jpg 768w, https:\/\/www.tuasaude.com\/news\/wp-content\/uploads\/2026\/08\/105994_perder-a-audicao-de-repente-em-um-ouvido-e-uma-urgencia_tabela-750x337.jpg 750w, https:\/\/www.tuasaude.com\/news\/wp-content\/uploads\/2026\/08\/105994_perder-a-audicao-de-repente-em-um-ouvido-e-uma-urgencia_tabela-1140x512.jpg 1140w\" sizes=\"(max-width: 1280px) 100vw, 1280px\" \/><figcaption class=\"wp-element-caption\">Perda auditiva s\u00fabita em um ouvido: sinais de uma urg\u00eancia m\u00e9dica<\/figcaption><\/figure>\n<\/div>\n\n\n<h2 class=\"wp-block-heading\">Quando procurar atendimento<\/h2>\n\n\n\n<p class=\"wp-block-paragraph\">Qualquer <strong>perda auditiva s\u00fabita<\/strong> importante em um ou nos dois ouvidos merece avalia\u00e7\u00e3o imediata, mesmo que n\u00e3o exista dor. A consulta permite examinar o ouvido, descartar cera ou outras causas de perda condutiva e realizar testes de audi\u00e7\u00e3o quando necess\u00e1rio.<\/p>\n\n\n\n<p class=\"wp-block-paragraph\">A urg\u00eancia \u00e9 ainda maior se a perda vier acompanhada de sintomas neurol\u00f3gicos, fraqueza em um lado do corpo, dificuldade para falar ou dor de cabe\u00e7a intensa. Saiba tamb\u00e9m mais sobre <a href=\"https:\/\/www.tuasaude.com\/surdez-subita\/\" target=\"_blank\" rel=\"noopener noreferrer\">surdez s\u00fabita<\/a> e como ela \u00e9 investigada.<\/p>\n\n\n\n<p class=\"wp-block-paragraph\"><strong>Este conte\u00fado \u00e9 apenas informativo e n\u00e3o substitui a avalia\u00e7\u00e3o de um m\u00e9dico.<\/strong><\/p>\n","protected":false},"excerpt":{"rendered":"<p>A perda auditiva s\u00fabita pode surgir em poucas horas ou ao longo de poucos dias, muitas vezes em apenas um ouvido. Ela pode ser percebida ao acordar, ao usar o telefone ou junto com ouvido tampado, zumbido e tontura. Mesmo que pare\u00e7a apenas cera, n\u00e3o \u00e9 recomendado esperar para ver se melhora. Por que perder [&hellip;]<\/p>\n","protected":false},"author":12,"featured_media":105995,"comment_status":"open","ping_status":"open","sticky":false,"template":"","format":"standard","meta":{"_yoast_wpseo_focuskw":"perda auditiva s\u00fabita","_yoast_wpseo_title":"","_yoast_wpseo_metadesc":"Perda auditiva s\u00fabita em um ouvido \u00e9 uma urg\u00eancia m\u00e9dica. Entenda os sinais associados, o que evitar e por que buscar avalia\u00e7\u00e3o imediatamente.","jnews-multi-image_gallery":[],"jnews_single_post":{"format":"standard"},"jnews_primary_category":[],"jnews_social_meta":[],"jnews_override_counter":[],"footnotes":""},"categories":[111],"tags":[9626,9409,11227],"class_list":["post-105994","post","type-post","status-publish","format-standard","has-post-thumbnail","hentry","category-saude","tag-ouvido-tampado","tag-perda-de-audicao","tag-surdez-subita"],"yoast_head":"<!-- This site is optimized with the Yoast SEO plugin v26.7 - https:\/\/yoast.com\/wordpress\/plugins\/seo\/ -->\n<title>Perder a audi\u00e7\u00e3o de repente em um ouvido \u00e9 uma urg\u00eancia - Tua Sa\u00fade<\/title>\n<meta name=\"description\" content=\"Perda auditiva s\u00fabita em um ouvido \u00e9 uma urg\u00eancia m\u00e9dica. Entenda os sinais associados, o que evitar e por que buscar avalia\u00e7\u00e3o imediatamente.\" \/>\n<meta name=\"robots\" content=\"index, follow, max-snippet:-1, max-image-preview:large, max-video-preview:-1\" \/>\n<link rel=\"canonical\" href=\"https:\/\/www.tuasaude.com\/news\/2026\/09\/01\/perder-a-audicao-de-repente-em-um-ouvido-e-uma-urgencia\/\" \/>\n<meta property=\"og:locale\" content=\"pt_BR\" \/>\n<meta property=\"og:type\" content=\"article\" \/>\n<meta property=\"og:title\" content=\"Perder a audi\u00e7\u00e3o de repente em um ouvido \u00e9 uma urg\u00eancia - Tua Sa\u00fade\" \/>\n<meta property=\"og:description\" content=\"Perda auditiva s\u00fabita em um ouvido \u00e9 uma urg\u00eancia m\u00e9dica. Entenda os sinais associados, o que evitar e por que buscar avalia\u00e7\u00e3o imediatamente.\" \/>\n<meta property=\"og:url\" content=\"https:\/\/www.tuasaude.com\/news\/2026\/09\/01\/perder-a-audicao-de-repente-em-um-ouvido-e-uma-urgencia\/\" \/>\n<meta property=\"og:site_name\" content=\"Tua Sa\u00fade\" \/>\n<meta property=\"article:published_time\" content=\"2026-09-01T19:40:00+00:00\" \/>\n<meta property=\"og:image\" content=\"https:\/\/www.tuasaude.com\/news\/wp-content\/uploads\/2026\/08\/105994_perder-a-audicao-de-repente-em-um-ouvido-e-uma-urgencia_destaque.jpg\" \/>\n\t<meta property=\"og:image:width\" content=\"1280\" \/>\n\t<meta property=\"og:image:height\" content=\"714\" \/>\n\t<meta property=\"og:image:type\" content=\"image\/jpeg\" \/>\n<meta name=\"author\" content=\"Jeferson Henrique\" \/>\n<meta name=\"twitter:card\" content=\"summary_large_image\" \/>\n<meta name=\"twitter:label1\" content=\"Escrito por\" \/>\n\t<meta name=\"twitter:data1\" content=\"Jeferson Henrique\" \/>\n\t<meta name=\"twitter:label2\" content=\"Est. tempo de leitura\" \/>\n\t<meta name=\"twitter:data2\" content=\"3 minutos\" \/>\n<!-- \/ Yoast SEO plugin. -->","yoast_head_json":{"title":"Perder a audi\u00e7\u00e3o de repente em um ouvido \u00e9 uma urg\u00eancia - Tua Sa\u00fade","description":"Perda auditiva s\u00fabita em um ouvido \u00e9 uma urg\u00eancia m\u00e9dica. Entenda os sinais associados, o que evitar e por que buscar avalia\u00e7\u00e3o imediatamente.","robots":{"index":"index","follow":"follow","max-snippet":"max-snippet:-1","max-image-preview":"max-image-preview:large","max-video-preview":"max-video-preview:-1"},"canonical":"https:\/\/www.tuasaude.com\/news\/2026\/09\/01\/perder-a-audicao-de-repente-em-um-ouvido-e-uma-urgencia\/","og_locale":"pt_BR","og_type":"article","og_title":"Perder a audi\u00e7\u00e3o de repente em um ouvido \u00e9 uma urg\u00eancia - Tua Sa\u00fade","og_description":"Perda auditiva s\u00fabita em um ouvido \u00e9 uma urg\u00eancia m\u00e9dica. Entenda os sinais associados, o que evitar e por que buscar avalia\u00e7\u00e3o imediatamente.","og_url":"https:\/\/www.tuasaude.com\/news\/2026\/09\/01\/perder-a-audicao-de-repente-em-um-ouvido-e-uma-urgencia\/","og_site_name":"Tua Sa\u00fade","article_published_time":"2026-09-01T19:40:00+00:00","og_image":[{"width":1280,"height":714,"url":"https:\/\/www.tuasaude.com\/news\/wp-content\/uploads\/2026\/08\/105994_perder-a-audicao-de-repente-em-um-ouvido-e-uma-urgencia_destaque.jpg","type":"image\/jpeg"}],"author":"Jeferson Henrique","twitter_card":"summary_large_image","twitter_misc":{"Escrito por":"Jeferson Henrique","Est. tempo de leitura":"3 minutos"},"schema":{"@context":"https:\/\/schema.org","@graph":[{"@type":"Article","@id":"https:\/\/www.tuasaude.com\/news\/2026\/09\/01\/perder-a-audicao-de-repente-em-um-ouvido-e-uma-urgencia\/#article","isPartOf":{"@id":"https:\/\/www.tuasaude.com\/news\/2026\/09\/01\/perder-a-audicao-de-repente-em-um-ouvido-e-uma-urgencia\/"},"author":{"name":"Jeferson Henrique","@id":"https:\/\/www.tuasaude.com\/news\/#\/schema\/person\/963d63d4e1f0c81f5f3a70ba4bcb0ef7"},"headline":"Perder a audi\u00e7\u00e3o de repente em um ouvido \u00e9 uma urg\u00eancia","datePublished":"2026-09-01T19:40:00+00:00","mainEntityOfPage":{"@id":"https:\/\/www.tuasaude.com\/news\/2026\/09\/01\/perder-a-audicao-de-repente-em-um-ouvido-e-uma-urgencia\/"},"wordCount":564,"commentCount":0,"image":{"@id":"https:\/\/www.tuasaude.com\/news\/2026\/09\/01\/perder-a-audicao-de-repente-em-um-ouvido-e-uma-urgencia\/#primaryimage"},"thumbnailUrl":"https:\/\/www.tuasaude.com\/news\/wp-content\/uploads\/2026\/08\/105994_perder-a-audicao-de-repente-em-um-ouvido-e-uma-urgencia_destaque.jpg","keywords":["ouvido tampado","perda de audi\u00e7\u00e3o","surdez s\u00fabita"],"articleSection":["Sa\u00fade"],"inLanguage":"pt-BR","potentialAction":[{"@type":"CommentAction","name":"Comment","target":["https:\/\/www.tuasaude.com\/news\/2026\/09\/01\/perder-a-audicao-de-repente-em-um-ouvido-e-uma-urgencia\/#respond"]}]},{"@type":"WebPage","@id":"https:\/\/www.tuasaude.com\/news\/2026\/09\/01\/perder-a-audicao-de-repente-em-um-ouvido-e-uma-urgencia\/","url":"https:\/\/www.tuasaude.com\/news\/2026\/09\/01\/perder-a-audicao-de-repente-em-um-ouvido-e-uma-urgencia\/","name":"Perder a audi\u00e7\u00e3o de repente em um ouvido \u00e9 uma urg\u00eancia - Tua Sa\u00fade","isPartOf":{"@id":"https:\/\/www.tuasaude.com\/news\/#website"},"primaryImageOfPage":{"@id":"https:\/\/www.tuasaude.com\/news\/2026\/09\/01\/perder-a-audicao-de-repente-em-um-ouvido-e-uma-urgencia\/#primaryimage"},"image":{"@id":"https:\/\/www.tuasaude.com\/news\/2026\/09\/01\/perder-a-audicao-de-repente-em-um-ouvido-e-uma-urgencia\/#primaryimage"},"thumbnailUrl":"https:\/\/www.tuasaude.com\/news\/wp-content\/uploads\/2026\/08\/105994_perder-a-audicao-de-repente-em-um-ouvido-e-uma-urgencia_destaque.jpg","datePublished":"2026-09-01T19:40:00+00:00","author":{"@id":"https:\/\/www.tuasaude.com\/news\/#\/schema\/person\/963d63d4e1f0c81f5f3a70ba4bcb0ef7"},"description":"Perda auditiva s\u00fabita em um ouvido \u00e9 uma urg\u00eancia m\u00e9dica. Entenda os sinais associados, o que evitar e por que buscar avalia\u00e7\u00e3o imediatamente.","breadcrumb":{"@id":"https:\/\/www.tuasaude.com\/news\/2026\/09\/01\/perder-a-audicao-de-repente-em-um-ouvido-e-uma-urgencia\/#breadcrumb"},"inLanguage":"pt-BR","potentialAction":[{"@type":"ReadAction","target":["https:\/\/www.tuasaude.com\/news\/2026\/09\/01\/perder-a-audicao-de-repente-em-um-ouvido-e-uma-urgencia\/"]}]},{"@type":"ImageObject","inLanguage":"pt-BR","@id":"https:\/\/www.tuasaude.com\/news\/2026\/09\/01\/perder-a-audicao-de-repente-em-um-ouvido-e-uma-urgencia\/#primaryimage","url":"https:\/\/www.tuasaude.com\/news\/wp-content\/uploads\/2026\/08\/105994_perder-a-audicao-de-repente-em-um-ouvido-e-uma-urgencia_destaque.jpg","contentUrl":"https:\/\/www.tuasaude.com\/news\/wp-content\/uploads\/2026\/08\/105994_perder-a-audicao-de-repente-em-um-ouvido-e-uma-urgencia_destaque.jpg","width":1280,"height":714,"caption":"Perder a audi\u00e7\u00e3o de repente em um ouvido exige avalia\u00e7\u00e3o m\u00e9dica r\u00e1pida."},{"@type":"BreadcrumbList","@id":"https:\/\/www.tuasaude.com\/news\/2026\/09\/01\/perder-a-audicao-de-repente-em-um-ouvido-e-uma-urgencia\/#breadcrumb","itemListElement":[{"@type":"ListItem","position":1,"name":"In\u00edcio","item":"https:\/\/www.tuasaude.com\/news\/"},{"@type":"ListItem","position":2,"name":"Perder a audi\u00e7\u00e3o de repente em um ouvido \u00e9 uma urg\u00eancia"}]},{"@type":"WebSite","@id":"https:\/\/www.tuasaude.com\/news\/#website","url":"https:\/\/www.tuasaude.com\/news\/","name":"Tua Sa\u00fade","description":"Seu site de sa\u00fade","potentialAction":[{"@type":"SearchAction","target":{"@type":"EntryPoint","urlTemplate":"https:\/\/www.tuasaude.com\/news\/?s={search_term_string}"},"query-input":{"@type":"PropertyValueSpecification","valueRequired":true,"valueName":"search_term_string"}}],"inLanguage":"pt-BR"},{"@type":"Person","@id":"https:\/\/www.tuasaude.com\/news\/#\/schema\/person\/963d63d4e1f0c81f5f3a70ba4bcb0ef7","name":"Jeferson Henrique","image":{"@type":"ImageObject","inLanguage":"pt-BR","@id":"https:\/\/www.tuasaude.com\/news\/#\/schema\/person\/image\/","url":"https:\/\/secure.gravatar.com\/avatar\/1a476a54a48eb3cdea5dd2f016708263892c6b9f5e54b641df7c65e980fd6f69?s=96&d=mm&r=g","contentUrl":"https:\/\/secure.gravatar.com\/avatar\/1a476a54a48eb3cdea5dd2f016708263892c6b9f5e54b641df7c65e980fd6f69?s=96&d=mm&r=g","caption":"Jeferson Henrique"},"sameAs":["https:\/\/www.tuasaude.com\/news\/"],"url":"https:\/\/www.tuasaude.com\/news\/author\/jeferson-henrique\/"}]}},"_links":{"self":[{"href":"https:\/\/www.tuasaude.com\/news\/wp-json\/wp\/v2\/posts\/105994","targetHints":{"allow":["GET"]}}],"collection":[{"href":"https:\/\/www.tuasaude.com\/news\/wp-json\/wp\/v2\/posts"}],"about":[{"href":"https:\/\/www.tuasaude.com\/news\/wp-json\/wp\/v2\/types\/post"}],"author":[{"embeddable":true,"href":"https:\/\/www.tuasaude.com\/news\/wp-json\/wp\/v2\/users\/12"}],"replies":[{"embeddable":true,"href":"https:\/\/www.tuasaude.com\/news\/wp-json\/wp\/v2\/comments?post=105994"}],"version-history":[{"count":1,"href":"https:\/\/www.tuasaude.com\/news\/wp-json\/wp\/v2\/posts\/105994\/revisions"}],"predecessor-version":[{"id":105998,"href":"https:\/\/www.tuasaude.com\/news\/wp-json\/wp\/v2\/posts\/105994\/revisions\/105998"}],"wp:featuredmedia":[{"embeddable":true,"href":"https:\/\/www.tuasaude.com\/news\/wp-json\/wp\/v2\/media\/105995"}],"wp:attachment":[{"href":"https:\/\/www.tuasaude.com\/news\/wp-json\/wp\/v2\/media?parent=105994"}],"wp:term":[{"taxonomy":"category","embeddable":true,"href":"https:\/\/www.tuasaude.com\/news\/wp-json\/wp\/v2\/categories?post=105994"},{"taxonomy":"post_tag","embeddable":true,"href":"https:\/\/www.tuasaude.com\/news\/wp-json\/wp\/v2\/tags?post=105994"}],"curies":[{"name":"wp","href":"https:\/\/api.w.org\/{rel}","templated":true}]}}