{"id":105974,"date":"2026-09-01T13:20:00","date_gmt":"2026-09-01T16:20:00","guid":{"rendered":"https:\/\/www.tuasaude.com\/news\/?p=105974"},"modified":"2026-08-30T21:58:09","modified_gmt":"2026-08-31T00:58:09","slug":"esquecimento-comum-ou-sinal-de-alerta-o-impacto-na-rotina-ajuda-a-diferenciar","status":"publish","type":"post","link":"https:\/\/www.tuasaude.com\/news\/2026\/09\/01\/esquecimento-comum-ou-sinal-de-alerta-o-impacto-na-rotina-ajuda-a-diferenciar\/","title":{"rendered":"Esquecimento comum ou sinal de alerta? O impacto na rotina ajuda a diferenciar"},"content":{"rendered":"\n<p class=\"wp-block-paragraph\">Um <strong>esquecimento<\/strong> ocasional, como demorar para lembrar uma palavra ou perder um compromisso isolado, pode acontecer com o envelhecimento. O sinal ganha mais import\u00e2ncia quando os lapsos se tornam frequentes e come\u00e7am a interferir em tarefas que antes eram simples, como pagar contas, seguir caminhos conhecidos ou organizar a pr\u00f3pria rotina.<\/p>\n\n\n\n<h2 class=\"wp-block-heading\">Quando o esquecimento pode ser comum<\/h2>\n\n\n\n<p class=\"wp-block-paragraph\">Com o avan\u00e7o da idade, algumas pessoas precisam de mais tempo para recuperar informa\u00e7\u00f5es ou aprender algo novo. Esquecer um nome e lembrar depois, perder objetos ocasionalmente ou precisar de lembretes n\u00e3o significa necessariamente que exista uma doen\u00e7a.<\/p>\n\n\n\n<p class=\"wp-block-paragraph\">Segundo o <a href=\"https:\/\/www.nia.nih.gov\/health\/alzheimers-symptoms-and-diagnosis\/do-memory-problems-always-mean-alzheimers-disease\" target=\"_blank\" rel=\"noopener noreferrer\">National Institute on Aging<\/a>, esquecimentos leves podem fazer parte do envelhecimento, enquanto problemas mais importantes de mem\u00f3ria dificultam atividades cotidianas e merecem investiga\u00e7\u00e3o.<\/p>\n\n\n\n<h2 class=\"wp-block-heading\">Quais sinais merecem mais aten\u00e7\u00e3o<\/h2>\n\n\n<div class=\"wp-block-image wp-block-image size-large\">\n<figure class=\"aligncenter\"><img decoding=\"async\" width=\"1280\" height=\"714\" src=\"https:\/\/www.tuasaude.com\/news\/wp-content\/uploads\/2026\/08\/105974_esquecimento-comum-ou-sinal-de-alerta-o-impacto-na-rotina-aj_corpo.jpg\" alt=\"Dificuldades novas em tarefas cotidianas podem indicar altera\u00e7\u00f5es de mem\u00f3ria que precisam ser investigadas.\" class=\"wp-image-105976\" srcset=\"https:\/\/www.tuasaude.com\/news\/wp-content\/uploads\/2026\/08\/105974_esquecimento-comum-ou-sinal-de-alerta-o-impacto-na-rotina-aj_corpo.jpg 1280w, https:\/\/www.tuasaude.com\/news\/wp-content\/uploads\/2026\/08\/105974_esquecimento-comum-ou-sinal-de-alerta-o-impacto-na-rotina-aj_corpo-300x167.jpg 300w, https:\/\/www.tuasaude.com\/news\/wp-content\/uploads\/2026\/08\/105974_esquecimento-comum-ou-sinal-de-alerta-o-impacto-na-rotina-aj_corpo-1024x571.jpg 1024w, https:\/\/www.tuasaude.com\/news\/wp-content\/uploads\/2026\/08\/105974_esquecimento-comum-ou-sinal-de-alerta-o-impacto-na-rotina-aj_corpo-768x428.jpg 768w, https:\/\/www.tuasaude.com\/news\/wp-content\/uploads\/2026\/08\/105974_esquecimento-comum-ou-sinal-de-alerta-o-impacto-na-rotina-aj_corpo-750x418.jpg 750w, https:\/\/www.tuasaude.com\/news\/wp-content\/uploads\/2026\/08\/105974_esquecimento-comum-ou-sinal-de-alerta-o-impacto-na-rotina-aj_corpo-1140x636.jpg 1140w\" sizes=\"(max-width: 1280px) 100vw, 1280px\" \/><figcaption class=\"wp-element-caption\">Dificuldades novas em tarefas cotidianas podem indicar altera\u00e7\u00f5es de mem\u00f3ria que precisam ser investigadas.<\/figcaption><\/figure>\n<\/div>\n\n\n<p class=\"wp-block-paragraph\">Mais do que um epis\u00f3dio isolado, \u00e9 importante observar se houve uma <strong>mudan\u00e7a em rela\u00e7\u00e3o ao funcionamento habitual<\/strong>. Familiares e pessoas pr\u00f3ximas tamb\u00e9m podem perceber altera\u00e7\u00f5es que passaram despercebidas pela pr\u00f3pria pessoa.<\/p>\n\n\n\n<ul class=\"wp-block-list\">\n<li>Repetir as mesmas perguntas v\u00e1rias vezes;<\/li>\n<li><strong>perder-se em lugares conhecidos<\/strong>;<\/li>\n<li>esquecer conversas ou compromissos importantes com frequ\u00eancia;<\/li>\n<li>ter dificuldade nova para pagar contas ou organizar medicamentos;<\/li>\n<li>ficar mais confuso com datas, hor\u00e1rios ou tarefas familiares.<\/li>\n<\/ul>\n\n\n\n<h2 class=\"wp-block-heading\">O que um estudo mostra sobre rotina e mem\u00f3ria<\/h2>\n\n\n\n<p class=\"wp-block-paragraph\">Segundo o estudo <a href=\"https:\/\/pubmed.ncbi.nlm.nih.gov\/28797312\/\" target=\"_blank\" rel=\"noopener noreferrer\"><em>Self-perceived Difficulties in Everyday Function Precede Cognitive Decline among Older Adults in the ACTIVE Study<\/em><\/a>, publicado no <em>Journal of the International Neuropsychological Society<\/em> em 2018, dificuldades sutis percebidas nas atividades do dia a dia precederam e predisseram piora posterior em testes de mem\u00f3ria, racioc\u00ednio e velocidade de processamento.<\/p>\n\n\n\n<p class=\"wp-block-paragraph\">O resultado refor\u00e7a que o impacto funcional ajuda a diferenciar um lapso leve de uma altera\u00e7\u00e3o que merece aten\u00e7\u00e3o. Isso n\u00e3o significa que toda dificuldade cotidiana indique dem\u00eancia, pois sono ruim, estresse, depress\u00e3o, medicamentos, altera\u00e7\u00f5es da tireoide e defici\u00eancia de vitamina B12 tamb\u00e9m podem afetar a mem\u00f3ria.<\/p>\n\n\n<div class=\"wp-block-image wp-block-image size-large\">\n<figure class=\"aligncenter\"><img decoding=\"async\" width=\"1280\" height=\"575\" src=\"https:\/\/www.tuasaude.com\/news\/wp-content\/uploads\/2026\/08\/105974_esquecimento-comum-ou-sinal-de-alerta-o-impacto-na-rotina-aj_tabela.jpg\" alt=\"Esquecimento comum ou sinal de alerta: mudan\u00e7as na rotina que merecem aten\u00e7\u00e3o\" class=\"wp-image-105977\" srcset=\"https:\/\/www.tuasaude.com\/news\/wp-content\/uploads\/2026\/08\/105974_esquecimento-comum-ou-sinal-de-alerta-o-impacto-na-rotina-aj_tabela.jpg 1280w, https:\/\/www.tuasaude.com\/news\/wp-content\/uploads\/2026\/08\/105974_esquecimento-comum-ou-sinal-de-alerta-o-impacto-na-rotina-aj_tabela-300x135.jpg 300w, https:\/\/www.tuasaude.com\/news\/wp-content\/uploads\/2026\/08\/105974_esquecimento-comum-ou-sinal-de-alerta-o-impacto-na-rotina-aj_tabela-1024x460.jpg 1024w, https:\/\/www.tuasaude.com\/news\/wp-content\/uploads\/2026\/08\/105974_esquecimento-comum-ou-sinal-de-alerta-o-impacto-na-rotina-aj_tabela-768x345.jpg 768w, https:\/\/www.tuasaude.com\/news\/wp-content\/uploads\/2026\/08\/105974_esquecimento-comum-ou-sinal-de-alerta-o-impacto-na-rotina-aj_tabela-750x337.jpg 750w, https:\/\/www.tuasaude.com\/news\/wp-content\/uploads\/2026\/08\/105974_esquecimento-comum-ou-sinal-de-alerta-o-impacto-na-rotina-aj_tabela-1140x512.jpg 1140w\" sizes=\"(max-width: 1280px) 100vw, 1280px\" \/><figcaption class=\"wp-element-caption\">Esquecimento comum ou sinal de alerta: mudan\u00e7as na rotina que merecem aten\u00e7\u00e3o<\/figcaption><\/figure>\n<\/div>\n\n\n<h2 class=\"wp-block-heading\">Como lidar com lapsos leves no dia a dia<\/h2>\n\n\n\n<p class=\"wp-block-paragraph\">Quando o <strong>esquecimento<\/strong> \u00e9 ocasional e n\u00e3o compromete a independ\u00eancia, estrat\u00e9gias simples de organiza\u00e7\u00e3o podem diminuir os transtornos e facilitar a rotina.<\/p>\n\n\n\n<ul class=\"wp-block-list\">\n<li>Use agenda, calend\u00e1rio ou lembretes no celular;<\/li>\n<li>mantenha chaves, documentos e objetos importantes em locais fixos;<\/li>\n<li>organize compromissos e tarefas em listas;<\/li>\n<li>mantenha uma rotina regular de sono;<\/li>\n<li>veja tamb\u00e9m algumas <a href=\"https:\/\/www.tuasaude.com\/como-evitar-a-perda-da-memoria\/\" target=\"_blank\" rel=\"noopener noreferrer\">atitudes que ajudam a cuidar da mem\u00f3ria<\/a>.<\/li>\n<\/ul>\n\n\n\n<p class=\"wp-block-paragraph\">Procure avalia\u00e7\u00e3o m\u00e9dica se os esquecimentos estiverem piorando, interferirem na autonomia ou vierem acompanhados de desorienta\u00e7\u00e3o, altera\u00e7\u00f5es de comportamento ou dificuldade crescente para realizar atividades habituais. Investigar cedo tamb\u00e9m permite identificar causas potencialmente trat\u00e1veis.<\/p>\n\n\n\n<p class=\"wp-block-paragraph\"><strong>Este conte\u00fado \u00e9 apenas informativo e n\u00e3o substitui a avalia\u00e7\u00e3o de um m\u00e9dico.<\/strong><\/p>\n","protected":false},"excerpt":{"rendered":"<p>Um esquecimento ocasional, como demorar para lembrar uma palavra ou perder um compromisso isolado, pode acontecer com o envelhecimento. O sinal ganha mais import\u00e2ncia quando os lapsos se tornam frequentes e come\u00e7am a interferir em tarefas que antes eram simples, como pagar contas, seguir caminhos conhecidos ou organizar a pr\u00f3pria rotina. Quando o esquecimento pode [&hellip;]<\/p>\n","protected":false},"author":12,"featured_media":105975,"comment_status":"open","ping_status":"open","sticky":false,"template":"","format":"standard","meta":{"_yoast_wpseo_focuskw":"esquecimento","_yoast_wpseo_title":"","_yoast_wpseo_metadesc":"Esquecimento frequente que interfere na rotina merece aten\u00e7\u00e3o. Entenda sinais de alerta, causas poss\u00edveis e quando procurar avalia\u00e7\u00e3o m\u00e9dica.","jnews-multi-image_gallery":[],"jnews_single_post":{"format":"standard"},"jnews_primary_category":[],"jnews_social_meta":[],"jnews_override_counter":[],"footnotes":""},"categories":[111],"tags":[12829,12830,389],"class_list":["post-105974","post","type-post","status-publish","format-standard","has-post-thumbnail","hentry","category-saude","tag-alteracoes-cognitivas","tag-dificuldade-na-rotina","tag-perda-de-memoria"],"yoast_head":"<!-- This site is optimized with the Yoast SEO plugin v26.7 - https:\/\/yoast.com\/wordpress\/plugins\/seo\/ -->\n<title>Esquecimento comum ou sinal de alerta? O impacto na rotina ajuda a diferenciar - Tua Sa\u00fade<\/title>\n<meta name=\"description\" content=\"Esquecimento frequente que interfere na rotina merece aten\u00e7\u00e3o. Entenda sinais de alerta, causas poss\u00edveis e quando procurar avalia\u00e7\u00e3o m\u00e9dica.\" \/>\n<meta name=\"robots\" content=\"index, follow, max-snippet:-1, max-image-preview:large, max-video-preview:-1\" \/>\n<link rel=\"canonical\" href=\"https:\/\/www.tuasaude.com\/news\/2026\/09\/01\/esquecimento-comum-ou-sinal-de-alerta-o-impacto-na-rotina-ajuda-a-diferenciar\/\" \/>\n<meta property=\"og:locale\" content=\"pt_BR\" \/>\n<meta property=\"og:type\" content=\"article\" \/>\n<meta property=\"og:title\" content=\"Esquecimento comum ou sinal de alerta? O impacto na rotina ajuda a diferenciar - Tua Sa\u00fade\" \/>\n<meta property=\"og:description\" content=\"Esquecimento frequente que interfere na rotina merece aten\u00e7\u00e3o. Entenda sinais de alerta, causas poss\u00edveis e quando procurar avalia\u00e7\u00e3o m\u00e9dica.\" \/>\n<meta property=\"og:url\" content=\"https:\/\/www.tuasaude.com\/news\/2026\/09\/01\/esquecimento-comum-ou-sinal-de-alerta-o-impacto-na-rotina-ajuda-a-diferenciar\/\" \/>\n<meta property=\"og:site_name\" content=\"Tua Sa\u00fade\" \/>\n<meta property=\"article:published_time\" content=\"2026-09-01T16:20:00+00:00\" \/>\n<meta property=\"og:image\" content=\"https:\/\/www.tuasaude.com\/news\/wp-content\/uploads\/2026\/08\/105974_esquecimento-comum-ou-sinal-de-alerta-o-impacto-na-rotina-aj_destaque.jpg\" \/>\n\t<meta property=\"og:image:width\" content=\"1280\" \/>\n\t<meta property=\"og:image:height\" content=\"714\" \/>\n\t<meta property=\"og:image:type\" content=\"image\/jpeg\" \/>\n<meta name=\"author\" content=\"Jeferson Henrique\" \/>\n<meta name=\"twitter:card\" content=\"summary_large_image\" \/>\n<meta name=\"twitter:label1\" content=\"Escrito por\" \/>\n\t<meta name=\"twitter:data1\" content=\"Jeferson Henrique\" \/>\n\t<meta name=\"twitter:label2\" content=\"Est. tempo de leitura\" \/>\n\t<meta name=\"twitter:data2\" content=\"2 minutos\" \/>\n<!-- \/ Yoast SEO plugin. -->","yoast_head_json":{"title":"Esquecimento comum ou sinal de alerta? O impacto na rotina ajuda a diferenciar - Tua Sa\u00fade","description":"Esquecimento frequente que interfere na rotina merece aten\u00e7\u00e3o. Entenda sinais de alerta, causas poss\u00edveis e quando procurar avalia\u00e7\u00e3o m\u00e9dica.","robots":{"index":"index","follow":"follow","max-snippet":"max-snippet:-1","max-image-preview":"max-image-preview:large","max-video-preview":"max-video-preview:-1"},"canonical":"https:\/\/www.tuasaude.com\/news\/2026\/09\/01\/esquecimento-comum-ou-sinal-de-alerta-o-impacto-na-rotina-ajuda-a-diferenciar\/","og_locale":"pt_BR","og_type":"article","og_title":"Esquecimento comum ou sinal de alerta? O impacto na rotina ajuda a diferenciar - Tua Sa\u00fade","og_description":"Esquecimento frequente que interfere na rotina merece aten\u00e7\u00e3o. Entenda sinais de alerta, causas poss\u00edveis e quando procurar avalia\u00e7\u00e3o m\u00e9dica.","og_url":"https:\/\/www.tuasaude.com\/news\/2026\/09\/01\/esquecimento-comum-ou-sinal-de-alerta-o-impacto-na-rotina-ajuda-a-diferenciar\/","og_site_name":"Tua Sa\u00fade","article_published_time":"2026-09-01T16:20:00+00:00","og_image":[{"width":1280,"height":714,"url":"https:\/\/www.tuasaude.com\/news\/wp-content\/uploads\/2026\/08\/105974_esquecimento-comum-ou-sinal-de-alerta-o-impacto-na-rotina-aj_destaque.jpg","type":"image\/jpeg"}],"author":"Jeferson Henrique","twitter_card":"summary_large_image","twitter_misc":{"Escrito por":"Jeferson Henrique","Est. tempo de leitura":"2 minutos"},"schema":{"@context":"https:\/\/schema.org","@graph":[{"@type":"Article","@id":"https:\/\/www.tuasaude.com\/news\/2026\/09\/01\/esquecimento-comum-ou-sinal-de-alerta-o-impacto-na-rotina-ajuda-a-diferenciar\/#article","isPartOf":{"@id":"https:\/\/www.tuasaude.com\/news\/2026\/09\/01\/esquecimento-comum-ou-sinal-de-alerta-o-impacto-na-rotina-ajuda-a-diferenciar\/"},"author":{"name":"Jeferson Henrique","@id":"https:\/\/www.tuasaude.com\/news\/#\/schema\/person\/963d63d4e1f0c81f5f3a70ba4bcb0ef7"},"headline":"Esquecimento comum ou sinal de alerta? O impacto na rotina ajuda a diferenciar","datePublished":"2026-09-01T16:20:00+00:00","mainEntityOfPage":{"@id":"https:\/\/www.tuasaude.com\/news\/2026\/09\/01\/esquecimento-comum-ou-sinal-de-alerta-o-impacto-na-rotina-ajuda-a-diferenciar\/"},"wordCount":504,"commentCount":0,"image":{"@id":"https:\/\/www.tuasaude.com\/news\/2026\/09\/01\/esquecimento-comum-ou-sinal-de-alerta-o-impacto-na-rotina-ajuda-a-diferenciar\/#primaryimage"},"thumbnailUrl":"https:\/\/www.tuasaude.com\/news\/wp-content\/uploads\/2026\/08\/105974_esquecimento-comum-ou-sinal-de-alerta-o-impacto-na-rotina-aj_destaque.jpg","keywords":["altera\u00e7\u00f5es cognitivas","dificuldade na rotina","perda de mem\u00f3ria"],"articleSection":["Sa\u00fade"],"inLanguage":"pt-BR","potentialAction":[{"@type":"CommentAction","name":"Comment","target":["https:\/\/www.tuasaude.com\/news\/2026\/09\/01\/esquecimento-comum-ou-sinal-de-alerta-o-impacto-na-rotina-ajuda-a-diferenciar\/#respond"]}]},{"@type":"WebPage","@id":"https:\/\/www.tuasaude.com\/news\/2026\/09\/01\/esquecimento-comum-ou-sinal-de-alerta-o-impacto-na-rotina-ajuda-a-diferenciar\/","url":"https:\/\/www.tuasaude.com\/news\/2026\/09\/01\/esquecimento-comum-ou-sinal-de-alerta-o-impacto-na-rotina-ajuda-a-diferenciar\/","name":"Esquecimento comum ou sinal de alerta? O impacto na rotina ajuda a diferenciar - Tua Sa\u00fade","isPartOf":{"@id":"https:\/\/www.tuasaude.com\/news\/#website"},"primaryImageOfPage":{"@id":"https:\/\/www.tuasaude.com\/news\/2026\/09\/01\/esquecimento-comum-ou-sinal-de-alerta-o-impacto-na-rotina-ajuda-a-diferenciar\/#primaryimage"},"image":{"@id":"https:\/\/www.tuasaude.com\/news\/2026\/09\/01\/esquecimento-comum-ou-sinal-de-alerta-o-impacto-na-rotina-ajuda-a-diferenciar\/#primaryimage"},"thumbnailUrl":"https:\/\/www.tuasaude.com\/news\/wp-content\/uploads\/2026\/08\/105974_esquecimento-comum-ou-sinal-de-alerta-o-impacto-na-rotina-aj_destaque.jpg","datePublished":"2026-09-01T16:20:00+00:00","author":{"@id":"https:\/\/www.tuasaude.com\/news\/#\/schema\/person\/963d63d4e1f0c81f5f3a70ba4bcb0ef7"},"description":"Esquecimento frequente que interfere na rotina merece aten\u00e7\u00e3o. Entenda sinais de alerta, causas poss\u00edveis e quando procurar avalia\u00e7\u00e3o m\u00e9dica.","breadcrumb":{"@id":"https:\/\/www.tuasaude.com\/news\/2026\/09\/01\/esquecimento-comum-ou-sinal-de-alerta-o-impacto-na-rotina-ajuda-a-diferenciar\/#breadcrumb"},"inLanguage":"pt-BR","potentialAction":[{"@type":"ReadAction","target":["https:\/\/www.tuasaude.com\/news\/2026\/09\/01\/esquecimento-comum-ou-sinal-de-alerta-o-impacto-na-rotina-ajuda-a-diferenciar\/"]}]},{"@type":"ImageObject","inLanguage":"pt-BR","@id":"https:\/\/www.tuasaude.com\/news\/2026\/09\/01\/esquecimento-comum-ou-sinal-de-alerta-o-impacto-na-rotina-ajuda-a-diferenciar\/#primaryimage","url":"https:\/\/www.tuasaude.com\/news\/wp-content\/uploads\/2026\/08\/105974_esquecimento-comum-ou-sinal-de-alerta-o-impacto-na-rotina-aj_destaque.jpg","contentUrl":"https:\/\/www.tuasaude.com\/news\/wp-content\/uploads\/2026\/08\/105974_esquecimento-comum-ou-sinal-de-alerta-o-impacto-na-rotina-aj_destaque.jpg","width":1280,"height":714,"caption":"Esquecimentos que come\u00e7am a interferir na rotina podem ser um sinal de alerta e merecem avalia\u00e7\u00e3o."},{"@type":"BreadcrumbList","@id":"https:\/\/www.tuasaude.com\/news\/2026\/09\/01\/esquecimento-comum-ou-sinal-de-alerta-o-impacto-na-rotina-ajuda-a-diferenciar\/#breadcrumb","itemListElement":[{"@type":"ListItem","position":1,"name":"In\u00edcio","item":"https:\/\/www.tuasaude.com\/news\/"},{"@type":"ListItem","position":2,"name":"Esquecimento comum ou sinal de alerta? O impacto na rotina ajuda a diferenciar"}]},{"@type":"WebSite","@id":"https:\/\/www.tuasaude.com\/news\/#website","url":"https:\/\/www.tuasaude.com\/news\/","name":"Tua Sa\u00fade","description":"Seu site de sa\u00fade","potentialAction":[{"@type":"SearchAction","target":{"@type":"EntryPoint","urlTemplate":"https:\/\/www.tuasaude.com\/news\/?s={search_term_string}"},"query-input":{"@type":"PropertyValueSpecification","valueRequired":true,"valueName":"search_term_string"}}],"inLanguage":"pt-BR"},{"@type":"Person","@id":"https:\/\/www.tuasaude.com\/news\/#\/schema\/person\/963d63d4e1f0c81f5f3a70ba4bcb0ef7","name":"Jeferson Henrique","image":{"@type":"ImageObject","inLanguage":"pt-BR","@id":"https:\/\/www.tuasaude.com\/news\/#\/schema\/person\/image\/","url":"https:\/\/secure.gravatar.com\/avatar\/1a476a54a48eb3cdea5dd2f016708263892c6b9f5e54b641df7c65e980fd6f69?s=96&d=mm&r=g","contentUrl":"https:\/\/secure.gravatar.com\/avatar\/1a476a54a48eb3cdea5dd2f016708263892c6b9f5e54b641df7c65e980fd6f69?s=96&d=mm&r=g","caption":"Jeferson Henrique"},"sameAs":["https:\/\/www.tuasaude.com\/news\/"],"url":"https:\/\/www.tuasaude.com\/news\/author\/jeferson-henrique\/"}]}},"_links":{"self":[{"href":"https:\/\/www.tuasaude.com\/news\/wp-json\/wp\/v2\/posts\/105974","targetHints":{"allow":["GET"]}}],"collection":[{"href":"https:\/\/www.tuasaude.com\/news\/wp-json\/wp\/v2\/posts"}],"about":[{"href":"https:\/\/www.tuasaude.com\/news\/wp-json\/wp\/v2\/types\/post"}],"author":[{"embeddable":true,"href":"https:\/\/www.tuasaude.com\/news\/wp-json\/wp\/v2\/users\/12"}],"replies":[{"embeddable":true,"href":"https:\/\/www.tuasaude.com\/news\/wp-json\/wp\/v2\/comments?post=105974"}],"version-history":[{"count":1,"href":"https:\/\/www.tuasaude.com\/news\/wp-json\/wp\/v2\/posts\/105974\/revisions"}],"predecessor-version":[{"id":105978,"href":"https:\/\/www.tuasaude.com\/news\/wp-json\/wp\/v2\/posts\/105974\/revisions\/105978"}],"wp:featuredmedia":[{"embeddable":true,"href":"https:\/\/www.tuasaude.com\/news\/wp-json\/wp\/v2\/media\/105975"}],"wp:attachment":[{"href":"https:\/\/www.tuasaude.com\/news\/wp-json\/wp\/v2\/media?parent=105974"}],"wp:term":[{"taxonomy":"category","embeddable":true,"href":"https:\/\/www.tuasaude.com\/news\/wp-json\/wp\/v2\/categories?post=105974"},{"taxonomy":"post_tag","embeddable":true,"href":"https:\/\/www.tuasaude.com\/news\/wp-json\/wp\/v2\/tags?post=105974"}],"curies":[{"name":"wp","href":"https:\/\/api.w.org\/{rel}","templated":true}]}}