{"id":105959,"date":"2026-09-01T11:50:00","date_gmt":"2026-09-01T14:50:00","guid":{"rendered":"https:\/\/www.tuasaude.com\/news\/?p=105959"},"modified":"2026-08-30T21:46:10","modified_gmt":"2026-08-31T00:46:10","slug":"dor-nos-ossos-e-fraqueza-muscular-podem-aparecer-quando-falta-vitamina-d","status":"publish","type":"post","link":"https:\/\/www.tuasaude.com\/news\/2026\/09\/01\/dor-nos-ossos-e-fraqueza-muscular-podem-aparecer-quando-falta-vitamina-d\/","title":{"rendered":"Dor nos ossos e fraqueza muscular podem aparecer quando falta vitamina D"},"content":{"rendered":"\n<p class=\"wp-block-paragraph\">A <strong>vitamina D baixa<\/strong>, principalmente quando a defici\u00eancia \u00e9 acentuada e prolongada, pode prejudicar a mineraliza\u00e7\u00e3o dos ossos e provocar <strong>dor \u00f3ssea e fraqueza muscular<\/strong> em adultos. Como esses sintomas tamb\u00e9m aparecem em outras condi\u00e7\u00f5es, a confirma\u00e7\u00e3o depende de avalia\u00e7\u00e3o m\u00e9dica e, quando indicado, de exame de sangue.<\/p>\n\n\n\n<h2 class=\"wp-block-heading\">Por que a vitamina D baixa pode causar dor<\/h2>\n\n\n\n<p class=\"wp-block-paragraph\">A vitamina D ajuda o organismo a absorver c\u00e1lcio, mineral fundamental para manter os ossos resistentes. Quando seus n\u00edveis ficam muito baixos, a mineraliza\u00e7\u00e3o \u00f3ssea pode ser prejudicada e, em casos graves, surgir osteomal\u00e1cia, condi\u00e7\u00e3o em que os ossos ficam enfraquecidos.<\/p>\n\n\n\n<p class=\"wp-block-paragraph\">Segundo o <a href=\"https:\/\/medlineplus.gov\/vitaminddeficiency.html\" target=\"_blank\" rel=\"noopener noreferrer\">MedlinePlus<\/a>, a defici\u00eancia grave de vitamina D em adultos pode causar <strong>ossos enfraquecidos, dor \u00f3ssea e fraqueza muscular<\/strong>, al\u00e9m de contribuir para perda de densidade \u00f3ssea e fraturas.<\/p>\n\n\n\n<h2 class=\"wp-block-heading\">Quais sinais merecem ser observados<\/h2>\n\n\n<div class=\"wp-block-image wp-block-image size-large\">\n<figure class=\"aligncenter\"><img decoding=\"async\" width=\"1280\" height=\"714\" src=\"https:\/\/www.tuasaude.com\/news\/wp-content\/uploads\/2026\/08\/105959_dor-nos-ossos-e-fraqueza-muscular-podem-aparecer-quando-falt_corpo.jpg\" alt=\"A defici\u00eancia grave de vitamina D pode prejudicar a mineraliza\u00e7\u00e3o \u00f3ssea e favorecer fraqueza muscular.\" class=\"wp-image-105961\" srcset=\"https:\/\/www.tuasaude.com\/news\/wp-content\/uploads\/2026\/08\/105959_dor-nos-ossos-e-fraqueza-muscular-podem-aparecer-quando-falt_corpo.jpg 1280w, https:\/\/www.tuasaude.com\/news\/wp-content\/uploads\/2026\/08\/105959_dor-nos-ossos-e-fraqueza-muscular-podem-aparecer-quando-falt_corpo-300x167.jpg 300w, https:\/\/www.tuasaude.com\/news\/wp-content\/uploads\/2026\/08\/105959_dor-nos-ossos-e-fraqueza-muscular-podem-aparecer-quando-falt_corpo-1024x571.jpg 1024w, https:\/\/www.tuasaude.com\/news\/wp-content\/uploads\/2026\/08\/105959_dor-nos-ossos-e-fraqueza-muscular-podem-aparecer-quando-falt_corpo-768x428.jpg 768w, https:\/\/www.tuasaude.com\/news\/wp-content\/uploads\/2026\/08\/105959_dor-nos-ossos-e-fraqueza-muscular-podem-aparecer-quando-falt_corpo-750x418.jpg 750w, https:\/\/www.tuasaude.com\/news\/wp-content\/uploads\/2026\/08\/105959_dor-nos-ossos-e-fraqueza-muscular-podem-aparecer-quando-falt_corpo-1140x636.jpg 1140w\" sizes=\"(max-width: 1280px) 100vw, 1280px\" \/><figcaption class=\"wp-element-caption\">A defici\u00eancia grave de vitamina D pode prejudicar a mineraliza\u00e7\u00e3o \u00f3ssea e favorecer fraqueza muscular.<\/figcaption><\/figure>\n<\/div>\n\n\n<p class=\"wp-block-paragraph\">A defici\u00eancia pode n\u00e3o causar sintomas no in\u00edcio. Quando existem manifesta\u00e7\u00f5es musculoesquel\u00e9ticas persistentes, vale observar o conjunto de sinais e discutir a necessidade de investiga\u00e7\u00e3o com um profissional.<\/p>\n\n\n\n<ul class=\"wp-block-list\">\n<li><strong>Dor nos ossos<\/strong> sem uma explica\u00e7\u00e3o evidente;<\/li>\n<li>fraqueza muscular, especialmente nas pernas;<\/li>\n<li>dificuldade crescente para realizar atividades habituais;<\/li>\n<li>quedas frequentes;<\/li>\n<li>fratura ap\u00f3s um trauma leve.<\/li>\n<\/ul>\n\n\n\n<h2 class=\"wp-block-heading\">O que um estudo mostra sobre vitamina D baixa<\/h2>\n\n\n\n<p class=\"wp-block-paragraph\">Segundo a revis\u00e3o <a href=\"https:\/\/pubmed.ncbi.nlm.nih.gov\/33553992\/\" target=\"_blank\" rel=\"noopener noreferrer\"><em>Osteomalacia and Vitamin D Status: A Clinical Update 2020<\/em><\/a>, publicada no <em>JBMR Plus<\/em>, a osteomal\u00e1cia causada por defici\u00eancia de vitamina D pode provocar <strong>dor \u00f3ssea difusa, fraqueza muscular e determinados tipos de fraturas<\/strong>.<\/p>\n\n\n\n<p class=\"wp-block-paragraph\">A revis\u00e3o tamb\u00e9m destaca que a osteomal\u00e1cia pode passar despercebida ou ser confundida com outros problemas \u00f3sseos. Por isso, sintomas persistentes n\u00e3o devem ser usados isoladamente para concluir que existe defici\u00eancia de vitamina D.<\/p>\n\n\n\n<h2 class=\"wp-block-heading\">Como obter vitamina D com seguran\u00e7a<\/h2>\n\n\n\n<p class=\"wp-block-paragraph\">Alimenta\u00e7\u00e3o adequada e orienta\u00e7\u00e3o individualizada sobre exposi\u00e7\u00e3o solar podem contribuir para manter bons n\u00edveis da vitamina. Peixes gordurosos, gema de ovo e alimentos fortificados est\u00e3o entre as fontes alimentares poss\u00edveis.<\/p>\n\n\n\n<ul class=\"wp-block-list\">\n<li>Mantenha uma alimenta\u00e7\u00e3o variada e equilibrada;<\/li>\n<li>inclua fontes alimentares de vitamina D quando poss\u00edvel;<\/li>\n<li>siga orienta\u00e7\u00f5es seguras para exposi\u00e7\u00e3o ao sol, considerando tamb\u00e9m a prote\u00e7\u00e3o da pele;<\/li>\n<li>n\u00e3o comece <strong>doses altas de vitamina D<\/strong> sem avalia\u00e7\u00e3o;<\/li>\n<li>saiba mais sobre <a href=\"https:\/\/www.tuasaude.com\/vitamina-d\/\" target=\"_blank\" rel=\"noopener noreferrer\">vitamina D e suas principais fontes<\/a>.<\/li>\n<\/ul>\n\n\n<div class=\"wp-block-image wp-block-image size-large\">\n<figure class=\"aligncenter\"><img decoding=\"async\" width=\"1280\" height=\"575\" src=\"https:\/\/www.tuasaude.com\/news\/wp-content\/uploads\/2026\/08\/105959_dor-nos-ossos-e-fraqueza-muscular-podem-aparecer-quando-falt_tabela.jpg\" alt=\"Dor nos ossos e fraqueza muscular: sinais que podem indicar vitamina D baixa\" class=\"wp-image-105962\" srcset=\"https:\/\/www.tuasaude.com\/news\/wp-content\/uploads\/2026\/08\/105959_dor-nos-ossos-e-fraqueza-muscular-podem-aparecer-quando-falt_tabela.jpg 1280w, https:\/\/www.tuasaude.com\/news\/wp-content\/uploads\/2026\/08\/105959_dor-nos-ossos-e-fraqueza-muscular-podem-aparecer-quando-falt_tabela-300x135.jpg 300w, https:\/\/www.tuasaude.com\/news\/wp-content\/uploads\/2026\/08\/105959_dor-nos-ossos-e-fraqueza-muscular-podem-aparecer-quando-falt_tabela-1024x460.jpg 1024w, https:\/\/www.tuasaude.com\/news\/wp-content\/uploads\/2026\/08\/105959_dor-nos-ossos-e-fraqueza-muscular-podem-aparecer-quando-falt_tabela-768x345.jpg 768w, https:\/\/www.tuasaude.com\/news\/wp-content\/uploads\/2026\/08\/105959_dor-nos-ossos-e-fraqueza-muscular-podem-aparecer-quando-falt_tabela-750x337.jpg 750w, https:\/\/www.tuasaude.com\/news\/wp-content\/uploads\/2026\/08\/105959_dor-nos-ossos-e-fraqueza-muscular-podem-aparecer-quando-falt_tabela-1140x512.jpg 1140w\" sizes=\"(max-width: 1280px) 100vw, 1280px\" \/><figcaption class=\"wp-element-caption\">Dor nos ossos e fraqueza muscular: sinais que podem indicar vitamina D baixa<\/figcaption><\/figure>\n<\/div>\n\n\n<h2 class=\"wp-block-heading\">Quando procurar avalia\u00e7\u00e3o m\u00e9dica<\/h2>\n\n\n\n<p class=\"wp-block-paragraph\">Dor \u00f3ssea persistente ou fraqueza muscular importante justificam consulta, especialmente quando interferem nas atividades di\u00e1rias. O m\u00e9dico pode avaliar fatores de risco e solicitar a dosagem de vitamina D e outros exames quando necess\u00e1rio.<\/p>\n\n\n\n<p class=\"wp-block-paragraph\">Uma <strong>fratura ap\u00f3s trauma leve<\/strong> tamb\u00e9m merece investiga\u00e7\u00e3o. Suplementar sem saber a causa dos sintomas n\u00e3o \u00e9 recomendado, pois doses excessivas de vitamina D podem provocar efeitos adversos e n\u00e3o substituem o diagn\u00f3stico adequado.<\/p>\n\n\n\n<p class=\"wp-block-paragraph\"><strong>Este conte\u00fado \u00e9 apenas informativo e n\u00e3o substitui a avalia\u00e7\u00e3o de um m\u00e9dico.<\/strong><\/p>\n","protected":false},"excerpt":{"rendered":"<p>A vitamina D baixa, principalmente quando a defici\u00eancia \u00e9 acentuada e prolongada, pode prejudicar a mineraliza\u00e7\u00e3o dos ossos e provocar dor \u00f3ssea e fraqueza muscular em adultos. Como esses sintomas tamb\u00e9m aparecem em outras condi\u00e7\u00f5es, a confirma\u00e7\u00e3o depende de avalia\u00e7\u00e3o m\u00e9dica e, quando indicado, de exame de sangue. Por que a vitamina D baixa pode [&hellip;]<\/p>\n","protected":false},"author":12,"featured_media":105960,"comment_status":"open","ping_status":"open","sticky":false,"template":"","format":"standard","meta":{"_yoast_wpseo_focuskw":"vitamina D baixa","_yoast_wpseo_title":"","_yoast_wpseo_metadesc":"Vitamina D baixa pode causar dor \u00f3ssea e fraqueza muscular. Entenda os sinais, riscos para os ossos e quando procurar avalia\u00e7\u00e3o m\u00e9dica profissional.","jnews-multi-image_gallery":[],"jnews_single_post":[],"jnews_primary_category":[],"jnews_social_meta":[],"jnews_override_counter":[],"footnotes":""},"categories":[111],"tags":[1271,6816,4046],"class_list":["post-105959","post","type-post","status-publish","format-standard","has-post-thumbnail","hentry","category-saude","tag-deficiencia-de-vitamina-d","tag-dor-ossea","tag-fraqueza-muscular"],"yoast_head":"<!-- This site is optimized with the Yoast SEO plugin v26.7 - https:\/\/yoast.com\/wordpress\/plugins\/seo\/ -->\n<title>Dor nos ossos e fraqueza muscular podem aparecer quando falta vitamina D - Tua Sa\u00fade<\/title>\n<meta name=\"description\" content=\"Vitamina D baixa pode causar dor \u00f3ssea e fraqueza muscular. Entenda os sinais, riscos para os ossos e quando procurar avalia\u00e7\u00e3o m\u00e9dica profissional.\" \/>\n<meta name=\"robots\" content=\"index, follow, max-snippet:-1, max-image-preview:large, max-video-preview:-1\" \/>\n<link rel=\"canonical\" href=\"https:\/\/www.tuasaude.com\/news\/2026\/09\/01\/dor-nos-ossos-e-fraqueza-muscular-podem-aparecer-quando-falta-vitamina-d\/\" \/>\n<meta property=\"og:locale\" content=\"pt_BR\" \/>\n<meta property=\"og:type\" content=\"article\" \/>\n<meta property=\"og:title\" content=\"Dor nos ossos e fraqueza muscular podem aparecer quando falta vitamina D - Tua Sa\u00fade\" \/>\n<meta property=\"og:description\" content=\"Vitamina D baixa pode causar dor \u00f3ssea e fraqueza muscular. Entenda os sinais, riscos para os ossos e quando procurar avalia\u00e7\u00e3o m\u00e9dica profissional.\" \/>\n<meta property=\"og:url\" content=\"https:\/\/www.tuasaude.com\/news\/2026\/09\/01\/dor-nos-ossos-e-fraqueza-muscular-podem-aparecer-quando-falta-vitamina-d\/\" \/>\n<meta property=\"og:site_name\" content=\"Tua Sa\u00fade\" \/>\n<meta property=\"article:published_time\" content=\"2026-09-01T14:50:00+00:00\" \/>\n<meta property=\"og:image\" content=\"https:\/\/www.tuasaude.com\/news\/wp-content\/uploads\/2026\/08\/105959_dor-nos-ossos-e-fraqueza-muscular-podem-aparecer-quando-falt_destaque.jpg\" \/>\n\t<meta property=\"og:image:width\" content=\"1280\" \/>\n\t<meta property=\"og:image:height\" content=\"714\" \/>\n\t<meta property=\"og:image:type\" content=\"image\/jpeg\" \/>\n<meta name=\"author\" content=\"Jeferson Henrique\" \/>\n<meta name=\"twitter:card\" content=\"summary_large_image\" \/>\n<meta name=\"twitter:label1\" content=\"Escrito por\" \/>\n\t<meta name=\"twitter:data1\" content=\"Jeferson Henrique\" \/>\n\t<meta name=\"twitter:label2\" content=\"Est. tempo de leitura\" \/>\n\t<meta name=\"twitter:data2\" content=\"3 minutos\" \/>\n<!-- \/ Yoast SEO plugin. -->","yoast_head_json":{"title":"Dor nos ossos e fraqueza muscular podem aparecer quando falta vitamina D - Tua Sa\u00fade","description":"Vitamina D baixa pode causar dor \u00f3ssea e fraqueza muscular. Entenda os sinais, riscos para os ossos e quando procurar avalia\u00e7\u00e3o m\u00e9dica profissional.","robots":{"index":"index","follow":"follow","max-snippet":"max-snippet:-1","max-image-preview":"max-image-preview:large","max-video-preview":"max-video-preview:-1"},"canonical":"https:\/\/www.tuasaude.com\/news\/2026\/09\/01\/dor-nos-ossos-e-fraqueza-muscular-podem-aparecer-quando-falta-vitamina-d\/","og_locale":"pt_BR","og_type":"article","og_title":"Dor nos ossos e fraqueza muscular podem aparecer quando falta vitamina D - Tua Sa\u00fade","og_description":"Vitamina D baixa pode causar dor \u00f3ssea e fraqueza muscular. Entenda os sinais, riscos para os ossos e quando procurar avalia\u00e7\u00e3o m\u00e9dica profissional.","og_url":"https:\/\/www.tuasaude.com\/news\/2026\/09\/01\/dor-nos-ossos-e-fraqueza-muscular-podem-aparecer-quando-falta-vitamina-d\/","og_site_name":"Tua Sa\u00fade","article_published_time":"2026-09-01T14:50:00+00:00","og_image":[{"width":1280,"height":714,"url":"https:\/\/www.tuasaude.com\/news\/wp-content\/uploads\/2026\/08\/105959_dor-nos-ossos-e-fraqueza-muscular-podem-aparecer-quando-falt_destaque.jpg","type":"image\/jpeg"}],"author":"Jeferson Henrique","twitter_card":"summary_large_image","twitter_misc":{"Escrito por":"Jeferson Henrique","Est. tempo de leitura":"3 minutos"},"schema":{"@context":"https:\/\/schema.org","@graph":[{"@type":"Article","@id":"https:\/\/www.tuasaude.com\/news\/2026\/09\/01\/dor-nos-ossos-e-fraqueza-muscular-podem-aparecer-quando-falta-vitamina-d\/#article","isPartOf":{"@id":"https:\/\/www.tuasaude.com\/news\/2026\/09\/01\/dor-nos-ossos-e-fraqueza-muscular-podem-aparecer-quando-falta-vitamina-d\/"},"author":{"name":"Jeferson Henrique","@id":"https:\/\/www.tuasaude.com\/news\/#\/schema\/person\/963d63d4e1f0c81f5f3a70ba4bcb0ef7"},"headline":"Dor nos ossos e fraqueza muscular podem aparecer quando falta vitamina D","datePublished":"2026-09-01T14:50:00+00:00","mainEntityOfPage":{"@id":"https:\/\/www.tuasaude.com\/news\/2026\/09\/01\/dor-nos-ossos-e-fraqueza-muscular-podem-aparecer-quando-falta-vitamina-d\/"},"wordCount":529,"commentCount":0,"image":{"@id":"https:\/\/www.tuasaude.com\/news\/2026\/09\/01\/dor-nos-ossos-e-fraqueza-muscular-podem-aparecer-quando-falta-vitamina-d\/#primaryimage"},"thumbnailUrl":"https:\/\/www.tuasaude.com\/news\/wp-content\/uploads\/2026\/08\/105959_dor-nos-ossos-e-fraqueza-muscular-podem-aparecer-quando-falt_destaque.jpg","keywords":["defici\u00eancia de vitamina D","dor \u00f3ssea","fraqueza muscular"],"articleSection":["Sa\u00fade"],"inLanguage":"pt-BR","potentialAction":[{"@type":"CommentAction","name":"Comment","target":["https:\/\/www.tuasaude.com\/news\/2026\/09\/01\/dor-nos-ossos-e-fraqueza-muscular-podem-aparecer-quando-falta-vitamina-d\/#respond"]}]},{"@type":"WebPage","@id":"https:\/\/www.tuasaude.com\/news\/2026\/09\/01\/dor-nos-ossos-e-fraqueza-muscular-podem-aparecer-quando-falta-vitamina-d\/","url":"https:\/\/www.tuasaude.com\/news\/2026\/09\/01\/dor-nos-ossos-e-fraqueza-muscular-podem-aparecer-quando-falta-vitamina-d\/","name":"Dor nos ossos e fraqueza muscular podem aparecer quando falta vitamina D - Tua Sa\u00fade","isPartOf":{"@id":"https:\/\/www.tuasaude.com\/news\/#website"},"primaryImageOfPage":{"@id":"https:\/\/www.tuasaude.com\/news\/2026\/09\/01\/dor-nos-ossos-e-fraqueza-muscular-podem-aparecer-quando-falta-vitamina-d\/#primaryimage"},"image":{"@id":"https:\/\/www.tuasaude.com\/news\/2026\/09\/01\/dor-nos-ossos-e-fraqueza-muscular-podem-aparecer-quando-falta-vitamina-d\/#primaryimage"},"thumbnailUrl":"https:\/\/www.tuasaude.com\/news\/wp-content\/uploads\/2026\/08\/105959_dor-nos-ossos-e-fraqueza-muscular-podem-aparecer-quando-falt_destaque.jpg","datePublished":"2026-09-01T14:50:00+00:00","author":{"@id":"https:\/\/www.tuasaude.com\/news\/#\/schema\/person\/963d63d4e1f0c81f5f3a70ba4bcb0ef7"},"description":"Vitamina D baixa pode causar dor \u00f3ssea e fraqueza muscular. Entenda os sinais, riscos para os ossos e quando procurar avalia\u00e7\u00e3o m\u00e9dica profissional.","breadcrumb":{"@id":"https:\/\/www.tuasaude.com\/news\/2026\/09\/01\/dor-nos-ossos-e-fraqueza-muscular-podem-aparecer-quando-falta-vitamina-d\/#breadcrumb"},"inLanguage":"pt-BR","potentialAction":[{"@type":"ReadAction","target":["https:\/\/www.tuasaude.com\/news\/2026\/09\/01\/dor-nos-ossos-e-fraqueza-muscular-podem-aparecer-quando-falta-vitamina-d\/"]}]},{"@type":"ImageObject","inLanguage":"pt-BR","@id":"https:\/\/www.tuasaude.com\/news\/2026\/09\/01\/dor-nos-ossos-e-fraqueza-muscular-podem-aparecer-quando-falta-vitamina-d\/#primaryimage","url":"https:\/\/www.tuasaude.com\/news\/wp-content\/uploads\/2026\/08\/105959_dor-nos-ossos-e-fraqueza-muscular-podem-aparecer-quando-falt_destaque.jpg","contentUrl":"https:\/\/www.tuasaude.com\/news\/wp-content\/uploads\/2026\/08\/105959_dor-nos-ossos-e-fraqueza-muscular-podem-aparecer-quando-falt_destaque.jpg","width":1280,"height":714,"caption":"Dor nos ossos e fraqueza muscular podem estar relacionadas \u00e0 defici\u00eancia de vitamina D."},{"@type":"BreadcrumbList","@id":"https:\/\/www.tuasaude.com\/news\/2026\/09\/01\/dor-nos-ossos-e-fraqueza-muscular-podem-aparecer-quando-falta-vitamina-d\/#breadcrumb","itemListElement":[{"@type":"ListItem","position":1,"name":"In\u00edcio","item":"https:\/\/www.tuasaude.com\/news\/"},{"@type":"ListItem","position":2,"name":"Dor nos ossos e fraqueza muscular podem aparecer quando falta vitamina D"}]},{"@type":"WebSite","@id":"https:\/\/www.tuasaude.com\/news\/#website","url":"https:\/\/www.tuasaude.com\/news\/","name":"Tua Sa\u00fade","description":"Seu site de sa\u00fade","potentialAction":[{"@type":"SearchAction","target":{"@type":"EntryPoint","urlTemplate":"https:\/\/www.tuasaude.com\/news\/?s={search_term_string}"},"query-input":{"@type":"PropertyValueSpecification","valueRequired":true,"valueName":"search_term_string"}}],"inLanguage":"pt-BR"},{"@type":"Person","@id":"https:\/\/www.tuasaude.com\/news\/#\/schema\/person\/963d63d4e1f0c81f5f3a70ba4bcb0ef7","name":"Jeferson Henrique","image":{"@type":"ImageObject","inLanguage":"pt-BR","@id":"https:\/\/www.tuasaude.com\/news\/#\/schema\/person\/image\/","url":"https:\/\/secure.gravatar.com\/avatar\/1a476a54a48eb3cdea5dd2f016708263892c6b9f5e54b641df7c65e980fd6f69?s=96&d=mm&r=g","contentUrl":"https:\/\/secure.gravatar.com\/avatar\/1a476a54a48eb3cdea5dd2f016708263892c6b9f5e54b641df7c65e980fd6f69?s=96&d=mm&r=g","caption":"Jeferson Henrique"},"sameAs":["https:\/\/www.tuasaude.com\/news\/"],"url":"https:\/\/www.tuasaude.com\/news\/author\/jeferson-henrique\/"}]}},"_links":{"self":[{"href":"https:\/\/www.tuasaude.com\/news\/wp-json\/wp\/v2\/posts\/105959","targetHints":{"allow":["GET"]}}],"collection":[{"href":"https:\/\/www.tuasaude.com\/news\/wp-json\/wp\/v2\/posts"}],"about":[{"href":"https:\/\/www.tuasaude.com\/news\/wp-json\/wp\/v2\/types\/post"}],"author":[{"embeddable":true,"href":"https:\/\/www.tuasaude.com\/news\/wp-json\/wp\/v2\/users\/12"}],"replies":[{"embeddable":true,"href":"https:\/\/www.tuasaude.com\/news\/wp-json\/wp\/v2\/comments?post=105959"}],"version-history":[{"count":1,"href":"https:\/\/www.tuasaude.com\/news\/wp-json\/wp\/v2\/posts\/105959\/revisions"}],"predecessor-version":[{"id":105963,"href":"https:\/\/www.tuasaude.com\/news\/wp-json\/wp\/v2\/posts\/105959\/revisions\/105963"}],"wp:featuredmedia":[{"embeddable":true,"href":"https:\/\/www.tuasaude.com\/news\/wp-json\/wp\/v2\/media\/105960"}],"wp:attachment":[{"href":"https:\/\/www.tuasaude.com\/news\/wp-json\/wp\/v2\/media?parent=105959"}],"wp:term":[{"taxonomy":"category","embeddable":true,"href":"https:\/\/www.tuasaude.com\/news\/wp-json\/wp\/v2\/categories?post=105959"},{"taxonomy":"post_tag","embeddable":true,"href":"https:\/\/www.tuasaude.com\/news\/wp-json\/wp\/v2\/tags?post=105959"}],"curies":[{"name":"wp","href":"https:\/\/api.w.org\/{rel}","templated":true}]}}