{"id":105944,"date":"2026-09-01T10:15:00","date_gmt":"2026-09-01T13:15:00","guid":{"rendered":"https:\/\/www.tuasaude.com\/news\/?p=105944"},"modified":"2026-08-30T21:38:49","modified_gmt":"2026-08-31T00:38:49","slug":"cansaco-com-falta-de-ar-e-palidez-pode-ter-relacao-com-falta-de-ferro","status":"publish","type":"post","link":"https:\/\/www.tuasaude.com\/news\/2026\/09\/01\/cansaco-com-falta-de-ar-e-palidez-pode-ter-relacao-com-falta-de-ferro\/","title":{"rendered":"Cansa\u00e7o com falta de ar e palidez pode ter rela\u00e7\u00e3o com falta de ferro"},"content":{"rendered":"\n<p class=\"wp-block-paragraph\">A <strong>falta de ferro<\/strong> pode reduzir a produ\u00e7\u00e3o adequada de hemoglobina, prote\u00edna presente nos gl\u00f3bulos vermelhos que transporta oxig\u00eanio pelo corpo. Como consequ\u00eancia, podem aparecer <strong>cansa\u00e7o, fraqueza, tontura, palidez e falta de ar<\/strong>, especialmente aos esfor\u00e7os, mas esses sintomas tamb\u00e9m podem ter outras causas e precisam ser avaliados.<\/p>\n\n\n\n<h2 class=\"wp-block-heading\">Por que a falta de ferro reduz a energia<\/h2>\n\n\n\n<p class=\"wp-block-paragraph\">O ferro \u00e9 essencial para formar hemoglobina e gl\u00f3bulos vermelhos saud\u00e1veis. Quando as reservas ficam baixas e surge anemia ferropriva, menos oxig\u00eanio pode chegar aos m\u00fasculos e \u00f3rg\u00e3os, tornando atividades simples mais cansativas.<\/p>\n\n\n\n<p class=\"wp-block-paragraph\">Segundo o <a href=\"https:\/\/www.nhlbi.nih.gov\/health\/anemia\/iron-deficiency-anemia\" target=\"_blank\" rel=\"noopener noreferrer\">NHLBI<\/a>, a anemia por defici\u00eancia de ferro pode causar <strong>cansa\u00e7o, falta de ar, tontura, pele p\u00e1lida e dor no peito<\/strong>. A confirma\u00e7\u00e3o depende de avalia\u00e7\u00e3o cl\u00ednica e exames de sangue.<\/p>\n\n\n\n<h2 class=\"wp-block-heading\">Quais sinais merecem ser observados<\/h2>\n\n\n<div class=\"wp-block-image wp-block-image size-large\">\n<figure class=\"aligncenter\"><img decoding=\"async\" width=\"1280\" height=\"714\" src=\"https:\/\/www.tuasaude.com\/news\/wp-content\/uploads\/2026\/08\/105944_cansaco-com-falta-de-ar-e-palidez-pode-ter-relacao-com-falta_corpo.jpg\" alt=\"A falta de ferro pode reduzir a hemoglobina e diminuir o transporte de oxig\u00eanio pelo corpo.\" class=\"wp-image-105946\" srcset=\"https:\/\/www.tuasaude.com\/news\/wp-content\/uploads\/2026\/08\/105944_cansaco-com-falta-de-ar-e-palidez-pode-ter-relacao-com-falta_corpo.jpg 1280w, https:\/\/www.tuasaude.com\/news\/wp-content\/uploads\/2026\/08\/105944_cansaco-com-falta-de-ar-e-palidez-pode-ter-relacao-com-falta_corpo-300x167.jpg 300w, https:\/\/www.tuasaude.com\/news\/wp-content\/uploads\/2026\/08\/105944_cansaco-com-falta-de-ar-e-palidez-pode-ter-relacao-com-falta_corpo-1024x571.jpg 1024w, https:\/\/www.tuasaude.com\/news\/wp-content\/uploads\/2026\/08\/105944_cansaco-com-falta-de-ar-e-palidez-pode-ter-relacao-com-falta_corpo-768x428.jpg 768w, https:\/\/www.tuasaude.com\/news\/wp-content\/uploads\/2026\/08\/105944_cansaco-com-falta-de-ar-e-palidez-pode-ter-relacao-com-falta_corpo-750x418.jpg 750w, https:\/\/www.tuasaude.com\/news\/wp-content\/uploads\/2026\/08\/105944_cansaco-com-falta-de-ar-e-palidez-pode-ter-relacao-com-falta_corpo-1140x636.jpg 1140w\" sizes=\"(max-width: 1280px) 100vw, 1280px\" \/><figcaption class=\"wp-element-caption\">A falta de ferro pode reduzir a hemoglobina e diminuir o transporte de oxig\u00eanio pelo corpo.<\/figcaption><\/figure>\n<\/div>\n\n\n<p class=\"wp-block-paragraph\">Os sintomas podem surgir aos poucos e ser confundidos com estresse, sono insuficiente ou rotina intensa. Observar se eles persistem ou aparecem em conjunto ajuda a identificar quando \u00e9 importante procurar avalia\u00e7\u00e3o.<\/p>\n\n\n\n<ul class=\"wp-block-list\">\n<li><strong>Cansa\u00e7o fora do habitual<\/strong> mesmo ap\u00f3s descanso;<\/li>\n<li>falta de ar ao caminhar ou subir escadas;<\/li>\n<li>tontura ou sensa\u00e7\u00e3o de cabe\u00e7a leve;<\/li>\n<li>pele ou mucosas mais p\u00e1lidas;<\/li>\n<li>fraqueza, dor de cabe\u00e7a ou menor toler\u00e2ncia ao exerc\u00edcio.<\/li>\n<\/ul>\n\n\n\n<h2 class=\"wp-block-heading\">O que uma revis\u00e3o cient\u00edfica mostra sobre falta de ferro<\/h2>\n\n\n\n<p class=\"wp-block-paragraph\">Segundo a revis\u00e3o <a href=\"https:\/\/pubmed.ncbi.nlm.nih.gov\/40159291\/\" target=\"_blank\" rel=\"noopener noreferrer\"><em>Iron Deficiency in Adults: A Review<\/em><\/a>, publicada no <em>JAMA<\/em> em 2025, a defici\u00eancia de ferro pode provocar fadiga, falta de ar, tontura e intoler\u00e2ncia ao exerc\u00edcio, mesmo que algumas pessoas apresentem poucos sintomas.<\/p>\n\n\n\n<p class=\"wp-block-paragraph\">A revis\u00e3o tamb\u00e9m refor\u00e7a que a causa da defici\u00eancia deve ser identificada. Perdas de sangue, alimenta\u00e7\u00e3o com pouco ferro, dificuldade de absor\u00e7\u00e3o e aumento das necessidades do organismo est\u00e3o entre as possibilidades que podem precisar de investiga\u00e7\u00e3o.<\/p>\n\n\n\n<h2 class=\"wp-block-heading\">Como cuidar da alimenta\u00e7\u00e3o sem usar suplemento por conta pr\u00f3pria<\/h2>\n\n\n\n<p class=\"wp-block-paragraph\">Alimentos ricos em ferro podem fazer parte da rotina, mas <strong>suplementos n\u00e3o devem substituir a investiga\u00e7\u00e3o da causa<\/strong>. Tomar ferro sem necessidade pode provocar efeitos adversos e atrasar o diagn\u00f3stico de problemas que estejam causando a defici\u00eancia.<\/p>\n\n\n\n<ul class=\"wp-block-list\">\n<li>Inclua feij\u00e3o, lentilha, carnes, ovos e vegetais verde-escuros na alimenta\u00e7\u00e3o;<\/li>\n<li>associe fontes vegetais de ferro a alimentos ricos em vitamina C;<\/li>\n<li>n\u00e3o inicie suplemento sem orienta\u00e7\u00e3o profissional;<\/li>\n<li>conhe\u00e7a tamb\u00e9m os sintomas e o tratamento da <a href=\"https:\/\/www.tuasaude.com\/anemia-ferropriva\/\" target=\"_blank\" rel=\"noopener noreferrer\">anemia ferropriva<\/a>.<\/li>\n<\/ul>\n\n\n<div class=\"wp-block-image wp-block-image size-large\">\n<figure class=\"aligncenter\"><img decoding=\"async\" width=\"1280\" height=\"575\" src=\"https:\/\/www.tuasaude.com\/news\/wp-content\/uploads\/2026\/08\/105944_cansaco-com-falta-de-ar-e-palidez-pode-ter-relacao-com-falta_tabela.jpg\" alt=\"Cansa\u00e7o, falta de ar e palidez: sinais que podem indicar defici\u00eancia de ferro\" class=\"wp-image-105947\" srcset=\"https:\/\/www.tuasaude.com\/news\/wp-content\/uploads\/2026\/08\/105944_cansaco-com-falta-de-ar-e-palidez-pode-ter-relacao-com-falta_tabela.jpg 1280w, https:\/\/www.tuasaude.com\/news\/wp-content\/uploads\/2026\/08\/105944_cansaco-com-falta-de-ar-e-palidez-pode-ter-relacao-com-falta_tabela-300x135.jpg 300w, https:\/\/www.tuasaude.com\/news\/wp-content\/uploads\/2026\/08\/105944_cansaco-com-falta-de-ar-e-palidez-pode-ter-relacao-com-falta_tabela-1024x460.jpg 1024w, https:\/\/www.tuasaude.com\/news\/wp-content\/uploads\/2026\/08\/105944_cansaco-com-falta-de-ar-e-palidez-pode-ter-relacao-com-falta_tabela-768x345.jpg 768w, https:\/\/www.tuasaude.com\/news\/wp-content\/uploads\/2026\/08\/105944_cansaco-com-falta-de-ar-e-palidez-pode-ter-relacao-com-falta_tabela-750x337.jpg 750w, https:\/\/www.tuasaude.com\/news\/wp-content\/uploads\/2026\/08\/105944_cansaco-com-falta-de-ar-e-palidez-pode-ter-relacao-com-falta_tabela-1140x512.jpg 1140w\" sizes=\"(max-width: 1280px) 100vw, 1280px\" \/><figcaption class=\"wp-element-caption\">Cansa\u00e7o, falta de ar e palidez: sinais que podem indicar defici\u00eancia de ferro<\/figcaption><\/figure>\n<\/div>\n\n\n<h2 class=\"wp-block-heading\">Quando procurar atendimento rapidamente<\/h2>\n\n\n\n<p class=\"wp-block-paragraph\">Cansa\u00e7o e palidez persistentes merecem consulta, principalmente se estiverem piorando ou acompanhados de falta de ar. O m\u00e9dico pode solicitar hemograma, ferritina e outros exames para confirmar a defici\u00eancia e procurar sua origem.<\/p>\n\n\n\n<p class=\"wp-block-paragraph\">Procure atendimento rapidamente diante de <strong>falta de ar importante, desmaio, dor no peito, palpita\u00e7\u00f5es intensas ou piora acentuada da fraqueza<\/strong>, pois esses sinais podem indicar anemia mais grave ou outras condi\u00e7\u00f5es que exigem avalia\u00e7\u00e3o imediata.<\/p>\n\n\n\n<p class=\"wp-block-paragraph\"><strong>Este conte\u00fado \u00e9 apenas informativo e n\u00e3o substitui a avalia\u00e7\u00e3o de um m\u00e9dico.<\/strong><\/p>\n","protected":false},"excerpt":{"rendered":"<p>A falta de ferro pode reduzir a produ\u00e7\u00e3o adequada de hemoglobina, prote\u00edna presente nos gl\u00f3bulos vermelhos que transporta oxig\u00eanio pelo corpo. Como consequ\u00eancia, podem aparecer cansa\u00e7o, fraqueza, tontura, palidez e falta de ar, especialmente aos esfor\u00e7os, mas esses sintomas tamb\u00e9m podem ter outras causas e precisam ser avaliados. Por que a falta de ferro reduz [&hellip;]<\/p>\n","protected":false},"author":12,"featured_media":105945,"comment_status":"open","ping_status":"open","sticky":false,"template":"","format":"standard","meta":{"_yoast_wpseo_focuskw":"falta de ferro","_yoast_wpseo_title":"","_yoast_wpseo_metadesc":"Falta de ferro pode causar cansa\u00e7o, palidez, tontura e falta de ar. Entenda os sinais de anemia ferropriva e quando procurar avalia\u00e7\u00e3o m\u00e9dica.","jnews-multi-image_gallery":[],"jnews_single_post":{"format":"standard"},"jnews_primary_category":[],"jnews_social_meta":[],"jnews_override_counter":[],"footnotes":""},"categories":[111],"tags":[226,1066,9327],"class_list":["post-105944","post","type-post","status-publish","format-standard","has-post-thumbnail","hentry","category-saude","tag-anemia-ferropriva","tag-deficiencia-de-ferro","tag-hemoglobina-baixa"],"yoast_head":"<!-- This site is optimized with the Yoast SEO plugin v26.7 - https:\/\/yoast.com\/wordpress\/plugins\/seo\/ -->\n<title>Cansa\u00e7o com falta de ar e palidez pode ter rela\u00e7\u00e3o com falta de ferro - Tua Sa\u00fade<\/title>\n<meta name=\"description\" content=\"Falta de ferro pode causar cansa\u00e7o, palidez, tontura e falta de ar. Entenda os sinais de anemia ferropriva e quando procurar avalia\u00e7\u00e3o m\u00e9dica.\" \/>\n<meta name=\"robots\" content=\"index, follow, max-snippet:-1, max-image-preview:large, max-video-preview:-1\" \/>\n<link rel=\"canonical\" href=\"https:\/\/www.tuasaude.com\/news\/2026\/09\/01\/cansaco-com-falta-de-ar-e-palidez-pode-ter-relacao-com-falta-de-ferro\/\" \/>\n<meta property=\"og:locale\" content=\"pt_BR\" \/>\n<meta property=\"og:type\" content=\"article\" \/>\n<meta property=\"og:title\" content=\"Cansa\u00e7o com falta de ar e palidez pode ter rela\u00e7\u00e3o com falta de ferro - Tua Sa\u00fade\" \/>\n<meta property=\"og:description\" content=\"Falta de ferro pode causar cansa\u00e7o, palidez, tontura e falta de ar. Entenda os sinais de anemia ferropriva e quando procurar avalia\u00e7\u00e3o m\u00e9dica.\" \/>\n<meta property=\"og:url\" content=\"https:\/\/www.tuasaude.com\/news\/2026\/09\/01\/cansaco-com-falta-de-ar-e-palidez-pode-ter-relacao-com-falta-de-ferro\/\" \/>\n<meta property=\"og:site_name\" content=\"Tua Sa\u00fade\" \/>\n<meta property=\"article:published_time\" content=\"2026-09-01T13:15:00+00:00\" \/>\n<meta property=\"og:image\" content=\"https:\/\/www.tuasaude.com\/news\/wp-content\/uploads\/2026\/08\/105944_cansaco-com-falta-de-ar-e-palidez-pode-ter-relacao-com-falta_destaque.jpg\" \/>\n\t<meta property=\"og:image:width\" content=\"1280\" \/>\n\t<meta property=\"og:image:height\" content=\"714\" \/>\n\t<meta property=\"og:image:type\" content=\"image\/jpeg\" \/>\n<meta name=\"author\" content=\"Jeferson Henrique\" \/>\n<meta name=\"twitter:card\" content=\"summary_large_image\" \/>\n<meta name=\"twitter:label1\" content=\"Escrito por\" \/>\n\t<meta name=\"twitter:data1\" content=\"Jeferson Henrique\" \/>\n\t<meta name=\"twitter:label2\" content=\"Est. tempo de leitura\" \/>\n\t<meta name=\"twitter:data2\" content=\"3 minutos\" \/>\n<!-- \/ Yoast SEO plugin. -->","yoast_head_json":{"title":"Cansa\u00e7o com falta de ar e palidez pode ter rela\u00e7\u00e3o com falta de ferro - Tua Sa\u00fade","description":"Falta de ferro pode causar cansa\u00e7o, palidez, tontura e falta de ar. Entenda os sinais de anemia ferropriva e quando procurar avalia\u00e7\u00e3o m\u00e9dica.","robots":{"index":"index","follow":"follow","max-snippet":"max-snippet:-1","max-image-preview":"max-image-preview:large","max-video-preview":"max-video-preview:-1"},"canonical":"https:\/\/www.tuasaude.com\/news\/2026\/09\/01\/cansaco-com-falta-de-ar-e-palidez-pode-ter-relacao-com-falta-de-ferro\/","og_locale":"pt_BR","og_type":"article","og_title":"Cansa\u00e7o com falta de ar e palidez pode ter rela\u00e7\u00e3o com falta de ferro - Tua Sa\u00fade","og_description":"Falta de ferro pode causar cansa\u00e7o, palidez, tontura e falta de ar. Entenda os sinais de anemia ferropriva e quando procurar avalia\u00e7\u00e3o m\u00e9dica.","og_url":"https:\/\/www.tuasaude.com\/news\/2026\/09\/01\/cansaco-com-falta-de-ar-e-palidez-pode-ter-relacao-com-falta-de-ferro\/","og_site_name":"Tua Sa\u00fade","article_published_time":"2026-09-01T13:15:00+00:00","og_image":[{"width":1280,"height":714,"url":"https:\/\/www.tuasaude.com\/news\/wp-content\/uploads\/2026\/08\/105944_cansaco-com-falta-de-ar-e-palidez-pode-ter-relacao-com-falta_destaque.jpg","type":"image\/jpeg"}],"author":"Jeferson Henrique","twitter_card":"summary_large_image","twitter_misc":{"Escrito por":"Jeferson Henrique","Est. tempo de leitura":"3 minutos"},"schema":{"@context":"https:\/\/schema.org","@graph":[{"@type":"Article","@id":"https:\/\/www.tuasaude.com\/news\/2026\/09\/01\/cansaco-com-falta-de-ar-e-palidez-pode-ter-relacao-com-falta-de-ferro\/#article","isPartOf":{"@id":"https:\/\/www.tuasaude.com\/news\/2026\/09\/01\/cansaco-com-falta-de-ar-e-palidez-pode-ter-relacao-com-falta-de-ferro\/"},"author":{"name":"Jeferson Henrique","@id":"https:\/\/www.tuasaude.com\/news\/#\/schema\/person\/963d63d4e1f0c81f5f3a70ba4bcb0ef7"},"headline":"Cansa\u00e7o com falta de ar e palidez pode ter rela\u00e7\u00e3o com falta de ferro","datePublished":"2026-09-01T13:15:00+00:00","mainEntityOfPage":{"@id":"https:\/\/www.tuasaude.com\/news\/2026\/09\/01\/cansaco-com-falta-de-ar-e-palidez-pode-ter-relacao-com-falta-de-ferro\/"},"wordCount":554,"commentCount":0,"image":{"@id":"https:\/\/www.tuasaude.com\/news\/2026\/09\/01\/cansaco-com-falta-de-ar-e-palidez-pode-ter-relacao-com-falta-de-ferro\/#primaryimage"},"thumbnailUrl":"https:\/\/www.tuasaude.com\/news\/wp-content\/uploads\/2026\/08\/105944_cansaco-com-falta-de-ar-e-palidez-pode-ter-relacao-com-falta_destaque.jpg","keywords":["anemia ferropriva","defici\u00eancia de ferro","hemoglobina baixa"],"articleSection":["Sa\u00fade"],"inLanguage":"pt-BR","potentialAction":[{"@type":"CommentAction","name":"Comment","target":["https:\/\/www.tuasaude.com\/news\/2026\/09\/01\/cansaco-com-falta-de-ar-e-palidez-pode-ter-relacao-com-falta-de-ferro\/#respond"]}]},{"@type":"WebPage","@id":"https:\/\/www.tuasaude.com\/news\/2026\/09\/01\/cansaco-com-falta-de-ar-e-palidez-pode-ter-relacao-com-falta-de-ferro\/","url":"https:\/\/www.tuasaude.com\/news\/2026\/09\/01\/cansaco-com-falta-de-ar-e-palidez-pode-ter-relacao-com-falta-de-ferro\/","name":"Cansa\u00e7o com falta de ar e palidez pode ter rela\u00e7\u00e3o com falta de ferro - Tua Sa\u00fade","isPartOf":{"@id":"https:\/\/www.tuasaude.com\/news\/#website"},"primaryImageOfPage":{"@id":"https:\/\/www.tuasaude.com\/news\/2026\/09\/01\/cansaco-com-falta-de-ar-e-palidez-pode-ter-relacao-com-falta-de-ferro\/#primaryimage"},"image":{"@id":"https:\/\/www.tuasaude.com\/news\/2026\/09\/01\/cansaco-com-falta-de-ar-e-palidez-pode-ter-relacao-com-falta-de-ferro\/#primaryimage"},"thumbnailUrl":"https:\/\/www.tuasaude.com\/news\/wp-content\/uploads\/2026\/08\/105944_cansaco-com-falta-de-ar-e-palidez-pode-ter-relacao-com-falta_destaque.jpg","datePublished":"2026-09-01T13:15:00+00:00","author":{"@id":"https:\/\/www.tuasaude.com\/news\/#\/schema\/person\/963d63d4e1f0c81f5f3a70ba4bcb0ef7"},"description":"Falta de ferro pode causar cansa\u00e7o, palidez, tontura e falta de ar. Entenda os sinais de anemia ferropriva e quando procurar avalia\u00e7\u00e3o m\u00e9dica.","breadcrumb":{"@id":"https:\/\/www.tuasaude.com\/news\/2026\/09\/01\/cansaco-com-falta-de-ar-e-palidez-pode-ter-relacao-com-falta-de-ferro\/#breadcrumb"},"inLanguage":"pt-BR","potentialAction":[{"@type":"ReadAction","target":["https:\/\/www.tuasaude.com\/news\/2026\/09\/01\/cansaco-com-falta-de-ar-e-palidez-pode-ter-relacao-com-falta-de-ferro\/"]}]},{"@type":"ImageObject","inLanguage":"pt-BR","@id":"https:\/\/www.tuasaude.com\/news\/2026\/09\/01\/cansaco-com-falta-de-ar-e-palidez-pode-ter-relacao-com-falta-de-ferro\/#primaryimage","url":"https:\/\/www.tuasaude.com\/news\/wp-content\/uploads\/2026\/08\/105944_cansaco-com-falta-de-ar-e-palidez-pode-ter-relacao-com-falta_destaque.jpg","contentUrl":"https:\/\/www.tuasaude.com\/news\/wp-content\/uploads\/2026\/08\/105944_cansaco-com-falta-de-ar-e-palidez-pode-ter-relacao-com-falta_destaque.jpg","width":1280,"height":714,"caption":"Cansa\u00e7o, palidez e falta de ar podem estar relacionados \u00e0 defici\u00eancia de ferro e \u00e0 anemia ferropriva."},{"@type":"BreadcrumbList","@id":"https:\/\/www.tuasaude.com\/news\/2026\/09\/01\/cansaco-com-falta-de-ar-e-palidez-pode-ter-relacao-com-falta-de-ferro\/#breadcrumb","itemListElement":[{"@type":"ListItem","position":1,"name":"In\u00edcio","item":"https:\/\/www.tuasaude.com\/news\/"},{"@type":"ListItem","position":2,"name":"Cansa\u00e7o com falta de ar e palidez pode ter rela\u00e7\u00e3o com falta de ferro"}]},{"@type":"WebSite","@id":"https:\/\/www.tuasaude.com\/news\/#website","url":"https:\/\/www.tuasaude.com\/news\/","name":"Tua Sa\u00fade","description":"Seu site de sa\u00fade","potentialAction":[{"@type":"SearchAction","target":{"@type":"EntryPoint","urlTemplate":"https:\/\/www.tuasaude.com\/news\/?s={search_term_string}"},"query-input":{"@type":"PropertyValueSpecification","valueRequired":true,"valueName":"search_term_string"}}],"inLanguage":"pt-BR"},{"@type":"Person","@id":"https:\/\/www.tuasaude.com\/news\/#\/schema\/person\/963d63d4e1f0c81f5f3a70ba4bcb0ef7","name":"Jeferson Henrique","image":{"@type":"ImageObject","inLanguage":"pt-BR","@id":"https:\/\/www.tuasaude.com\/news\/#\/schema\/person\/image\/","url":"https:\/\/secure.gravatar.com\/avatar\/1a476a54a48eb3cdea5dd2f016708263892c6b9f5e54b641df7c65e980fd6f69?s=96&d=mm&r=g","contentUrl":"https:\/\/secure.gravatar.com\/avatar\/1a476a54a48eb3cdea5dd2f016708263892c6b9f5e54b641df7c65e980fd6f69?s=96&d=mm&r=g","caption":"Jeferson Henrique"},"sameAs":["https:\/\/www.tuasaude.com\/news\/"],"url":"https:\/\/www.tuasaude.com\/news\/author\/jeferson-henrique\/"}]}},"_links":{"self":[{"href":"https:\/\/www.tuasaude.com\/news\/wp-json\/wp\/v2\/posts\/105944","targetHints":{"allow":["GET"]}}],"collection":[{"href":"https:\/\/www.tuasaude.com\/news\/wp-json\/wp\/v2\/posts"}],"about":[{"href":"https:\/\/www.tuasaude.com\/news\/wp-json\/wp\/v2\/types\/post"}],"author":[{"embeddable":true,"href":"https:\/\/www.tuasaude.com\/news\/wp-json\/wp\/v2\/users\/12"}],"replies":[{"embeddable":true,"href":"https:\/\/www.tuasaude.com\/news\/wp-json\/wp\/v2\/comments?post=105944"}],"version-history":[{"count":1,"href":"https:\/\/www.tuasaude.com\/news\/wp-json\/wp\/v2\/posts\/105944\/revisions"}],"predecessor-version":[{"id":105948,"href":"https:\/\/www.tuasaude.com\/news\/wp-json\/wp\/v2\/posts\/105944\/revisions\/105948"}],"wp:featuredmedia":[{"embeddable":true,"href":"https:\/\/www.tuasaude.com\/news\/wp-json\/wp\/v2\/media\/105945"}],"wp:attachment":[{"href":"https:\/\/www.tuasaude.com\/news\/wp-json\/wp\/v2\/media?parent=105944"}],"wp:term":[{"taxonomy":"category","embeddable":true,"href":"https:\/\/www.tuasaude.com\/news\/wp-json\/wp\/v2\/categories?post=105944"},{"taxonomy":"post_tag","embeddable":true,"href":"https:\/\/www.tuasaude.com\/news\/wp-json\/wp\/v2\/tags?post=105944"}],"curies":[{"name":"wp","href":"https:\/\/api.w.org\/{rel}","templated":true}]}}