{"id":1059,"date":"2026-01-20T10:08:00","date_gmt":"2026-01-20T13:08:00","guid":{"rendered":"https:\/\/www.tuasaude.com\/news\/?p=1059"},"modified":"2026-01-20T12:25:20","modified_gmt":"2026-01-20T15:25:20","slug":"seu-corpo-da-sinais-claros-quando-o-sono-nao-e-suficiente","status":"publish","type":"post","link":"https:\/\/www.tuasaude.com\/news\/2026\/01\/20\/seu-corpo-da-sinais-claros-quando-o-sono-nao-e-suficiente\/","title":{"rendered":"Seu corpo d\u00e1 sinais claros quando o sono n\u00e3o \u00e9 suficiente"},"content":{"rendered":"\n<p>A priva\u00e7\u00e3o de <strong><a href=\"https:\/\/www.tuasaude.com\/disturbios-do-sono\/\" target=\"_blank\" rel=\"noreferrer noopener\">sono<\/a><\/strong> ocorre quando o corpo n\u00e3o recebe a quantidade necess\u00e1ria de<a href=\"https:\/\/www.tuasaude.com\/espasmos-dormindo\/\" target=\"_blank\" rel=\"noreferrer noopener\"> <\/a>repouso<strong><a href=\"https:\/\/www.tuasaude.com\/espasmos-dormindo\/\" target=\"_blank\" rel=\"noreferrer noopener\"> <\/a><\/strong>para restaurar suas fun\u00e7\u00f5es biol\u00f3gicas, resultando em preju\u00edzos cognitivos e f\u00edsicos imediatos. Ignorar os sinais de alerta do organismo pode transformar o cansa\u00e7o passageiro em uma condi\u00e7\u00e3o cr\u00f4nica, mas compreender os mecanismos do <strong><a href=\"https:\/\/www.tuasaude.com\/ciclo-circadino\/\" target=\"_blank\" rel=\"noreferrer noopener\">ciclo circadiano<\/a><\/strong> \u00e9 o primeiro passo para recuperar sua vitalidade e sa\u00fade mental.<\/p>\n\n\n\n<h2 class=\"wp-block-heading\">Quais s\u00e3o os sintomas da priva\u00e7\u00e3o de sono?<\/h2>\n\n\n\n<p>Os sinais iniciais manifestam-se atrav\u00e9s de sonol\u00eancia diurna excessiva, irritabilidade e uma queda acentuada na capacidade de concentra\u00e7\u00e3o. Segundo o estudo <strong>&#8220;<a href=\"https:\/\/pubmed.ncbi.nlm.nih.gov\/19300585\/\" target=\"_blank\" rel=\"noreferrer noopener\">Sleep deprivation: Impact on cognitive performance<\/a>&#8220;<\/strong>, a falta de repouso compromete o tempo de rea\u00e7\u00e3o de forma similar \u00e0 embriaguez.<\/p>\n\n\n\n<p>Al\u00e9m disso, o corpo pode apresentar altera\u00e7\u00f5es f\u00edsicas sutis, como olhos avermelhados, olheiras profundas e epis\u00f3dios de &#8220;microssonhos&#8221; involunt\u00e1rios durante o dia. A dificuldade em memorizar informa\u00e7\u00f5es simples e a oscila\u00e7\u00e3o brusca de humor s\u00e3o indicadores claros de que o c\u00e9rebro n\u00e3o completou seus ciclos de restaura\u00e7\u00e3o essenciais.<\/p>\n\n\n\n<h2 class=\"wp-block-heading\">Quais os efeitos no corpo a longo prazo?<\/h2>\n\n\n\n<p>A priva\u00e7\u00e3o prolongada desregula o sistema end\u00f3crino, aumentando a produ\u00e7\u00e3o de cortisol, o horm\u00f4nio do estresse, e alterando os n\u00edveis de leptina e grelina. De acordo com pesquisas da <strong><a href=\"https:\/\/iris.who.int\/items\/c51d4655-2b2a-4f1a-affb-a15155a67c95\" target=\"_blank\" rel=\"noreferrer noopener\">World Health Organization (WHO)<\/a><\/strong>, a aus\u00eancia de sono reparador est\u00e1 diretamente correlacionada ao aumento do risco de doen\u00e7as cardiovasculares e obesidade.<\/p>\n\n\n\n<p>O sistema imunol\u00f3gico tamb\u00e9m sofre uma queda dr\u00e1stica em sua efici\u00eancia, tornando o organismo mais vulner\u00e1vel a infec\u00e7\u00f5es recorrentes. A longo prazo, o d\u00e9ficit de sono pode acelerar o decl\u00ednio cognitivo e aumentar a predisposi\u00e7\u00e3o ao desenvolvimento de diabetes tipo 2 e hipertens\u00e3o arterial sist\u00eamica.<\/p>\n\n\n<div class=\"wp-block-image\">\n<figure class=\"aligncenter size-large\"><img decoding=\"async\" width=\"1024\" height=\"585\" src=\"https:\/\/www.tuasaude.com\/news\/wp-content\/uploads\/2026\/01\/freepik__35mm-film-photography-pessoa-sentada-na-cama-reali__90549-1024x585.jpeg\" alt=\"Seu corpo d\u00e1 sinais claros quando o sono n\u00e3o \u00e9 suficiente\" class=\"wp-image-1092\" srcset=\"https:\/\/www.tuasaude.com\/news\/wp-content\/uploads\/2026\/01\/freepik__35mm-film-photography-pessoa-sentada-na-cama-reali__90549-1024x585.jpeg 1024w, https:\/\/www.tuasaude.com\/news\/wp-content\/uploads\/2026\/01\/freepik__35mm-film-photography-pessoa-sentada-na-cama-reali__90549-300x171.jpeg 300w, https:\/\/www.tuasaude.com\/news\/wp-content\/uploads\/2026\/01\/freepik__35mm-film-photography-pessoa-sentada-na-cama-reali__90549-768x439.jpeg 768w, https:\/\/www.tuasaude.com\/news\/wp-content\/uploads\/2026\/01\/freepik__35mm-film-photography-pessoa-sentada-na-cama-reali__90549-750x428.jpeg 750w, https:\/\/www.tuasaude.com\/news\/wp-content\/uploads\/2026\/01\/freepik__35mm-film-photography-pessoa-sentada-na-cama-reali__90549-1140x651.jpeg 1140w, https:\/\/www.tuasaude.com\/news\/wp-content\/uploads\/2026\/01\/freepik__35mm-film-photography-pessoa-sentada-na-cama-reali__90549.jpeg 1280w\" sizes=\"(max-width: 1024px) 100vw, 1024px\" \/><figcaption class=\"wp-element-caption\">A priva\u00e7\u00e3o prolongada desregula o sistema end\u00f3crino, aumentando a produ\u00e7\u00e3o de cortisol, o horm\u00f4nio do estresse<\/figcaption><\/figure>\n<\/div>\n\n\n<h2 class=\"wp-block-heading\">Como dormir melhor todas as noites?<\/h2>\n\n\n\n<p>Para reverter o quadro de priva\u00e7\u00e3o, \u00e9 necess\u00e1rio implementar mudan\u00e7as estruturais no comportamento conhecidas como higiene do sono. A consist\u00eancia nos hor\u00e1rios de deitar e acordar \u00e9 o fator mais determinante para a qualidade do descanso profundo. Veja mais informa\u00e7\u00f5es na tabela a seguir:<\/p>\n\n\n\n<table style=\"width: 100%; border-collapse: collapse; font-family: 'Segoe UI', Tahoma, Geneva, Verdana, sans-serif; box-shadow: 0 4px 12px rgba(0,0,0,0.15); border-radius: 8px; overflow: hidden;\">\n  <thead>\n    <tr style=\"background-color: #ABB3FF; color: #000000; text-align: left;\">\n      <th style=\"padding: 18px; border-bottom: 3px solid #3949ab;\">Pilar da Higiene do Sono<\/th>\n      <th style=\"padding: 18px; border-bottom: 3px solid #3949ab;\">A\u00e7\u00e3o Recomendada<\/th>\n      <th style=\"padding: 18px; border-bottom: 3px solid #3949ab;\">Benef\u00edcio Principal<\/th>\n    <\/tr>\n  <\/thead>\n  <tbody>\n    <tr style=\"background-color: #ffffff;\">\n      <td style=\"padding: 15px; border-bottom: 1px solid #e0e0e0; font-weight: bold; color: #1a237e;\">Consist\u00eancia de Hor\u00e1rios<\/td>\n      <td style=\"padding: 15px; border-bottom: 1px solid #e0e0e0;\">Manter hor\u00e1rios fixos para deitar e acordar, inclusive aos finais de semana.<\/td>\n      <td style=\"padding: 15px; border-bottom: 1px solid #e0e0e0;\">Regula o ciclo circadiano e facilita o <strong>descanso profundo<\/strong>.<\/td>\n    <\/tr>\n    <tr style=\"background-color: #f8f9fa;\">\n      <td style=\"padding: 15px; border-bottom: 1px solid #e0e0e0; font-weight: bold; color: #1a237e;\">Ambiente Favor\u00e1vel<\/td>\n      <td style=\"padding: 15px; border-bottom: 1px solid #e0e0e0;\">Quarto totalmente escuro, silencioso e com temperatura amena\/fresca.<\/td>\n      <td style=\"padding: 15px; border-bottom: 1px solid #e0e0e0;\">Otimiza a <strong>produ\u00e7\u00e3o natural de melatonina<\/strong>.<\/td>\n    <\/tr>\n    <tr style=\"background-color: #ffffff;\">\n      <td style=\"padding: 15px; border-bottom: 1px solid #e0e0e0; font-weight: bold; color: #1a237e;\">Desconex\u00e3o Digital<\/td>\n      <td style=\"padding: 15px; border-bottom: 1px solid #e0e0e0;\">Evitar telas (celular, PC, TV) pelo menos <strong>60 minutos<\/strong> antes de dormir.<\/td>\n      <td style=\"padding: 15px; border-bottom: 1px solid #e0e0e0;\">Evita que a luz azul iniba o sono e reduza o estado de alerta.<\/td>\n    <\/tr>\n    <tr style=\"background-color: #f8f9fa;\">\n      <td style=\"padding: 15px; border-bottom: 1px solid #e0e0e0; font-weight: bold; color: #1a237e;\">Alimenta\u00e7\u00e3o Consciente<\/td>\n      <td style=\"padding: 15px; border-bottom: 1px solid #e0e0e0;\">Substituir refei\u00e7\u00f5es pesadas e cafe\u00edna por ch\u00e1s relaxantes ou alimentos leves.<\/td>\n      <td style=\"padding: 15px; border-bottom: 1px solid #e0e0e0;\">Evita o desconforto g\u00e1strico e o est\u00edmulo do sistema nervoso.<\/td>\n    <\/tr>\n  <\/tbody>\n<\/table>\n\n\n\n<h2 class=\"wp-block-heading\">Qual a import\u00e2ncia do ciclo circadiano?<\/h2>\n\n\n\n<p>O ciclo circadiano funciona como um rel\u00f3gio biol\u00f3gico interno que regula os per\u00edodos de vig\u00edlia e sono com base na luminosidade do ambiente. O estudo <strong>&#8220;<a href=\"https:\/\/pubmed.ncbi.nlm.nih.gov\/17049955\/\" target=\"_blank\" rel=\"noreferrer noopener\">The sleep-wake cycle and sleeping pills<\/a>&#8220;<\/strong>, detalha como a exposi\u00e7\u00e3o \u00e0 luz solar durante a manh\u00e3 ajuda a sincronizar esse ritmo, garantindo um adormecer mais natural.<\/p>\n\n\n\n<p>Quando desrespeitamos esse ciclo, o corpo entra em um estado de desequil\u00edbrio metab\u00f3lico que afeta desde a renova\u00e7\u00e3o celular at\u00e9 a regula\u00e7\u00e3o da temperatura corporal. Respeitar o ritmo natural do organismo \u00e9 a forma mais eficaz de garantir que todas as fases do sono, incluindo o REM, sejam devidamente atingidas.<\/p>\n\n\n\n<h2 class=\"wp-block-heading\">Como criar uma rotina de relaxamento eficaz?<\/h2>\n\n\n\n<p>Estabelecer um ritual de transi\u00e7\u00e3o entre o ritmo acelerado do dia e o momento de repouso prepara o sistema nervoso para o desligamento necess\u00e1rio. A ado\u00e7\u00e3o de t\u00e9cnicas de relaxamento reduz a atividade simp\u00e1tica, diminuindo a frequ\u00eancia card\u00edaca e a press\u00e3o arterial antes de apagar as luzes.<\/p>\n\n\n\n<ol start=\"1\" class=\"wp-block-list\">\n<li>Pratique medita\u00e7\u00e3o guiada ou exerc\u00edcios de respira\u00e7\u00e3o profunda por cinco minutos para acalmar a mente.<\/li>\n\n\n\n<li>Tome um banho morno para induzir a redu\u00e7\u00e3o da temperatura corporal central, sinalizando ao c\u00e9rebro que \u00e9 hora de descansar.<\/li>\n\n\n\n<li>Utilize roupas confort\u00e1veis e invista em um colch\u00e3o que ofere\u00e7a o suporte adequado para sua estrutura f\u00edsica e posi\u00e7\u00e3o de prefer\u00eancia.<\/li>\n<\/ol>\n\n\n\n<p><strong>Lembre-se: Este conte\u00fado \u00e9 informativo. \u00c9 indispens\u00e1vel buscar orienta\u00e7\u00e3o m\u00e9dica profissional para avaliar as causas persistentes de ins\u00f4nia ou dist\u00farbios do sono.<\/strong><\/p>\n","protected":false},"excerpt":{"rendered":"<p>A priva\u00e7\u00e3o de sono ocorre quando o corpo n\u00e3o recebe a quantidade necess\u00e1ria de repouso para restaurar suas fun\u00e7\u00f5es biol\u00f3gicas, resultando em preju\u00edzos cognitivos e f\u00edsicos imediatos. Ignorar os sinais de alerta do organismo pode transformar o cansa\u00e7o passageiro em uma condi\u00e7\u00e3o cr\u00f4nica, mas compreender os mecanismos do ciclo circadiano \u00e9 o primeiro passo para [&hellip;]<\/p>\n","protected":false},"author":9,"featured_media":1085,"comment_status":"open","ping_status":"open","sticky":false,"template":"","format":"standard","meta":{"_yoast_wpseo_focuskw":"sono","_yoast_wpseo_title":"","_yoast_wpseo_metadesc":"Dormir mal n\u00e3o \u00e9 s\u00f3 cansa\u00e7o. A falta de sono altera horm\u00f4nios, imunidade e mente, mas h\u00e1bitos simples ajudam a restaurar o equil\u00edbrio.","jnews-multi-image_gallery":[],"jnews_single_post":{"format":"standard"},"jnews_primary_category":[],"jnews_social_meta":[],"jnews_override_counter":[],"footnotes":""},"categories":[111],"tags":[352,351,353,116],"class_list":["post-1059","post","type-post","status-publish","format-standard","has-post-thumbnail","hentry","category-saude","tag-dormir-mal","tag-privacao-de-sono","tag-riscos-a-saude","tag-sono"],"yoast_head":"<!-- This site is optimized with the Yoast SEO plugin v26.7 - https:\/\/yoast.com\/wordpress\/plugins\/seo\/ -->\n<title>Seu corpo d\u00e1 sinais claros quando o sono n\u00e3o \u00e9 suficiente - Tua Sa\u00fade<\/title>\n<meta name=\"description\" content=\"Dormir mal n\u00e3o \u00e9 s\u00f3 cansa\u00e7o. A falta de sono altera horm\u00f4nios, imunidade e mente, mas h\u00e1bitos simples ajudam a restaurar o equil\u00edbrio.\" \/>\n<meta name=\"robots\" content=\"index, follow, max-snippet:-1, max-image-preview:large, max-video-preview:-1\" \/>\n<link rel=\"canonical\" href=\"https:\/\/www.tuasaude.com\/news\/2026\/01\/20\/seu-corpo-da-sinais-claros-quando-o-sono-nao-e-suficiente\/\" \/>\n<meta property=\"og:locale\" content=\"pt_BR\" \/>\n<meta property=\"og:type\" content=\"article\" \/>\n<meta property=\"og:title\" content=\"Seu corpo d\u00e1 sinais claros quando o sono n\u00e3o \u00e9 suficiente - Tua Sa\u00fade\" \/>\n<meta property=\"og:description\" content=\"Dormir mal n\u00e3o \u00e9 s\u00f3 cansa\u00e7o. A falta de sono altera horm\u00f4nios, imunidade e mente, mas h\u00e1bitos simples ajudam a restaurar o equil\u00edbrio.\" \/>\n<meta property=\"og:url\" content=\"https:\/\/www.tuasaude.com\/news\/2026\/01\/20\/seu-corpo-da-sinais-claros-quando-o-sono-nao-e-suficiente\/\" \/>\n<meta property=\"og:site_name\" content=\"Tua Sa\u00fade\" \/>\n<meta property=\"article:published_time\" content=\"2026-01-20T13:08:00+00:00\" \/>\n<meta property=\"article:modified_time\" content=\"2026-01-20T15:25:20+00:00\" \/>\n<meta property=\"og:image\" content=\"https:\/\/www.tuasaude.com\/news\/wp-content\/uploads\/2026\/01\/freepik__35mm-film-photography-pessoa-adulta-deitada-na-cam__90550.jpeg\" \/>\n\t<meta property=\"og:image:width\" content=\"1280\" \/>\n\t<meta property=\"og:image:height\" content=\"731\" \/>\n\t<meta property=\"og:image:type\" content=\"image\/jpeg\" \/>\n<meta name=\"author\" content=\"Roberta Patriota\" \/>\n<meta name=\"twitter:card\" content=\"summary_large_image\" \/>\n<meta name=\"twitter:label1\" content=\"Escrito por\" \/>\n\t<meta name=\"twitter:data1\" content=\"Roberta Patriota\" \/>\n\t<meta name=\"twitter:label2\" content=\"Est. tempo de leitura\" \/>\n\t<meta name=\"twitter:data2\" content=\"5 minutos\" \/>\n<!-- \/ Yoast SEO plugin. -->","yoast_head_json":{"title":"Seu corpo d\u00e1 sinais claros quando o sono n\u00e3o \u00e9 suficiente - Tua Sa\u00fade","description":"Dormir mal n\u00e3o \u00e9 s\u00f3 cansa\u00e7o. A falta de sono altera horm\u00f4nios, imunidade e mente, mas h\u00e1bitos simples ajudam a restaurar o equil\u00edbrio.","robots":{"index":"index","follow":"follow","max-snippet":"max-snippet:-1","max-image-preview":"max-image-preview:large","max-video-preview":"max-video-preview:-1"},"canonical":"https:\/\/www.tuasaude.com\/news\/2026\/01\/20\/seu-corpo-da-sinais-claros-quando-o-sono-nao-e-suficiente\/","og_locale":"pt_BR","og_type":"article","og_title":"Seu corpo d\u00e1 sinais claros quando o sono n\u00e3o \u00e9 suficiente - Tua Sa\u00fade","og_description":"Dormir mal n\u00e3o \u00e9 s\u00f3 cansa\u00e7o. A falta de sono altera horm\u00f4nios, imunidade e mente, mas h\u00e1bitos simples ajudam a restaurar o equil\u00edbrio.","og_url":"https:\/\/www.tuasaude.com\/news\/2026\/01\/20\/seu-corpo-da-sinais-claros-quando-o-sono-nao-e-suficiente\/","og_site_name":"Tua Sa\u00fade","article_published_time":"2026-01-20T13:08:00+00:00","article_modified_time":"2026-01-20T15:25:20+00:00","og_image":[{"width":1280,"height":731,"url":"https:\/\/www.tuasaude.com\/news\/wp-content\/uploads\/2026\/01\/freepik__35mm-film-photography-pessoa-adulta-deitada-na-cam__90550.jpeg","type":"image\/jpeg"}],"author":"Roberta Patriota","twitter_card":"summary_large_image","twitter_misc":{"Escrito por":"Roberta Patriota","Est. tempo de leitura":"5 minutos"},"schema":{"@context":"https:\/\/schema.org","@graph":[{"@type":"Article","@id":"https:\/\/www.tuasaude.com\/news\/2026\/01\/20\/seu-corpo-da-sinais-claros-quando-o-sono-nao-e-suficiente\/#article","isPartOf":{"@id":"https:\/\/www.tuasaude.com\/news\/2026\/01\/20\/seu-corpo-da-sinais-claros-quando-o-sono-nao-e-suficiente\/"},"author":{"name":"Roberta Patriota","@id":"https:\/\/www.tuasaude.com\/news\/#\/schema\/person\/27adc41011393316b12ef997ca893e44"},"headline":"Seu corpo d\u00e1 sinais claros quando o sono n\u00e3o \u00e9 suficiente","datePublished":"2026-01-20T13:08:00+00:00","dateModified":"2026-01-20T15:25:20+00:00","mainEntityOfPage":{"@id":"https:\/\/www.tuasaude.com\/news\/2026\/01\/20\/seu-corpo-da-sinais-claros-quando-o-sono-nao-e-suficiente\/"},"wordCount":772,"commentCount":0,"image":{"@id":"https:\/\/www.tuasaude.com\/news\/2026\/01\/20\/seu-corpo-da-sinais-claros-quando-o-sono-nao-e-suficiente\/#primaryimage"},"thumbnailUrl":"https:\/\/www.tuasaude.com\/news\/wp-content\/uploads\/2026\/01\/freepik__35mm-film-photography-pessoa-adulta-deitada-na-cam__90550.jpeg","keywords":["dormir mal","priva\u00e7\u00e3o de sono","riscos a sa\u00fade","sono"],"articleSection":["Sa\u00fade"],"inLanguage":"pt-BR","potentialAction":[{"@type":"CommentAction","name":"Comment","target":["https:\/\/www.tuasaude.com\/news\/2026\/01\/20\/seu-corpo-da-sinais-claros-quando-o-sono-nao-e-suficiente\/#respond"]}]},{"@type":"WebPage","@id":"https:\/\/www.tuasaude.com\/news\/2026\/01\/20\/seu-corpo-da-sinais-claros-quando-o-sono-nao-e-suficiente\/","url":"https:\/\/www.tuasaude.com\/news\/2026\/01\/20\/seu-corpo-da-sinais-claros-quando-o-sono-nao-e-suficiente\/","name":"Seu corpo d\u00e1 sinais claros quando o sono n\u00e3o \u00e9 suficiente - Tua Sa\u00fade","isPartOf":{"@id":"https:\/\/www.tuasaude.com\/news\/#website"},"primaryImageOfPage":{"@id":"https:\/\/www.tuasaude.com\/news\/2026\/01\/20\/seu-corpo-da-sinais-claros-quando-o-sono-nao-e-suficiente\/#primaryimage"},"image":{"@id":"https:\/\/www.tuasaude.com\/news\/2026\/01\/20\/seu-corpo-da-sinais-claros-quando-o-sono-nao-e-suficiente\/#primaryimage"},"thumbnailUrl":"https:\/\/www.tuasaude.com\/news\/wp-content\/uploads\/2026\/01\/freepik__35mm-film-photography-pessoa-adulta-deitada-na-cam__90550.jpeg","datePublished":"2026-01-20T13:08:00+00:00","dateModified":"2026-01-20T15:25:20+00:00","author":{"@id":"https:\/\/www.tuasaude.com\/news\/#\/schema\/person\/27adc41011393316b12ef997ca893e44"},"description":"Dormir mal n\u00e3o \u00e9 s\u00f3 cansa\u00e7o. A falta de sono altera horm\u00f4nios, imunidade e mente, mas h\u00e1bitos simples ajudam a restaurar o equil\u00edbrio.","breadcrumb":{"@id":"https:\/\/www.tuasaude.com\/news\/2026\/01\/20\/seu-corpo-da-sinais-claros-quando-o-sono-nao-e-suficiente\/#breadcrumb"},"inLanguage":"pt-BR","potentialAction":[{"@type":"ReadAction","target":["https:\/\/www.tuasaude.com\/news\/2026\/01\/20\/seu-corpo-da-sinais-claros-quando-o-sono-nao-e-suficiente\/"]}]},{"@type":"ImageObject","inLanguage":"pt-BR","@id":"https:\/\/www.tuasaude.com\/news\/2026\/01\/20\/seu-corpo-da-sinais-claros-quando-o-sono-nao-e-suficiente\/#primaryimage","url":"https:\/\/www.tuasaude.com\/news\/wp-content\/uploads\/2026\/01\/freepik__35mm-film-photography-pessoa-adulta-deitada-na-cam__90550.jpeg","contentUrl":"https:\/\/www.tuasaude.com\/news\/wp-content\/uploads\/2026\/01\/freepik__35mm-film-photography-pessoa-adulta-deitada-na-cam__90550.jpeg","width":1280,"height":731,"caption":"A priva\u00e7\u00e3o prolongada desregula o sistema end\u00f3crino, aumentando a produ\u00e7\u00e3o de cortisol, o horm\u00f4nio do estresse"},{"@type":"BreadcrumbList","@id":"https:\/\/www.tuasaude.com\/news\/2026\/01\/20\/seu-corpo-da-sinais-claros-quando-o-sono-nao-e-suficiente\/#breadcrumb","itemListElement":[{"@type":"ListItem","position":1,"name":"In\u00edcio","item":"https:\/\/www.tuasaude.com\/news\/"},{"@type":"ListItem","position":2,"name":"Seu corpo d\u00e1 sinais claros quando o sono n\u00e3o \u00e9 suficiente"}]},{"@type":"WebSite","@id":"https:\/\/www.tuasaude.com\/news\/#website","url":"https:\/\/www.tuasaude.com\/news\/","name":"Tua Sa\u00fade","description":"Seu site de sa\u00fade","potentialAction":[{"@type":"SearchAction","target":{"@type":"EntryPoint","urlTemplate":"https:\/\/www.tuasaude.com\/news\/?s={search_term_string}"},"query-input":{"@type":"PropertyValueSpecification","valueRequired":true,"valueName":"search_term_string"}}],"inLanguage":"pt-BR"},{"@type":"Person","@id":"https:\/\/www.tuasaude.com\/news\/#\/schema\/person\/27adc41011393316b12ef997ca893e44","name":"Roberta Patriota","image":{"@type":"ImageObject","inLanguage":"pt-BR","@id":"https:\/\/www.tuasaude.com\/news\/#\/schema\/person\/image\/","url":"https:\/\/secure.gravatar.com\/avatar\/40fc934d21bfa38a60909bb2e5f2ec503dcd4d849aa772e107feb32efe75c210?s=96&d=mm&r=g","contentUrl":"https:\/\/secure.gravatar.com\/avatar\/40fc934d21bfa38a60909bb2e5f2ec503dcd4d849aa772e107feb32efe75c210?s=96&d=mm&r=g","caption":"Roberta Patriota"},"sameAs":["https:\/\/www.tuasaude.com\/news\/"],"url":"https:\/\/www.tuasaude.com\/news\/author\/roberta-patriota\/"}]}},"_links":{"self":[{"href":"https:\/\/www.tuasaude.com\/news\/wp-json\/wp\/v2\/posts\/1059","targetHints":{"allow":["GET"]}}],"collection":[{"href":"https:\/\/www.tuasaude.com\/news\/wp-json\/wp\/v2\/posts"}],"about":[{"href":"https:\/\/www.tuasaude.com\/news\/wp-json\/wp\/v2\/types\/post"}],"author":[{"embeddable":true,"href":"https:\/\/www.tuasaude.com\/news\/wp-json\/wp\/v2\/users\/9"}],"replies":[{"embeddable":true,"href":"https:\/\/www.tuasaude.com\/news\/wp-json\/wp\/v2\/comments?post=1059"}],"version-history":[{"count":4,"href":"https:\/\/www.tuasaude.com\/news\/wp-json\/wp\/v2\/posts\/1059\/revisions"}],"predecessor-version":[{"id":1290,"href":"https:\/\/www.tuasaude.com\/news\/wp-json\/wp\/v2\/posts\/1059\/revisions\/1290"}],"wp:featuredmedia":[{"embeddable":true,"href":"https:\/\/www.tuasaude.com\/news\/wp-json\/wp\/v2\/media\/1085"}],"wp:attachment":[{"href":"https:\/\/www.tuasaude.com\/news\/wp-json\/wp\/v2\/media?parent=1059"}],"wp:term":[{"taxonomy":"category","embeddable":true,"href":"https:\/\/www.tuasaude.com\/news\/wp-json\/wp\/v2\/categories?post=1059"},{"taxonomy":"post_tag","embeddable":true,"href":"https:\/\/www.tuasaude.com\/news\/wp-json\/wp\/v2\/tags?post=1059"}],"curies":[{"name":"wp","href":"https:\/\/api.w.org\/{rel}","templated":true}]}}