{"id":105886,"date":"2026-08-30T23:30:00","date_gmt":"2026-08-31T02:30:00","guid":{"rendered":"https:\/\/www.tuasaude.com\/news\/?p=105886"},"modified":"2026-08-30T12:33:28","modified_gmt":"2026-08-30T15:33:28","slug":"como-o-el-nino-afeta-a-saude-respiratoria-e-o-risco-de-doencas-transmitidas-por-mosquitos","status":"publish","type":"post","link":"https:\/\/www.tuasaude.com\/news\/2026\/08\/30\/como-o-el-nino-afeta-a-saude-respiratoria-e-o-risco-de-doencas-transmitidas-por-mosquitos\/","title":{"rendered":"Como o El Ni\u00f1o afeta a sa\u00fade respirat\u00f3ria e o risco de doen\u00e7as transmitidas por mosquitos"},"content":{"rendered":"\n<p class=\"wp-block-paragraph\">O fen\u00f4meno clim\u00e1tico El Ni\u00f1o altera padr\u00f5es de temperatura e umidade em todo o Brasil, com impactos diretos na sa\u00fade da popula\u00e7\u00e3o. Ondas de calor e chuvas irregulares favorecem a prolifera\u00e7\u00e3o do mosquito Aedes aegypti, enquanto oscila\u00e7\u00f5es bruscas de tempo agravam quadros respirat\u00f3rios como asma e alergias. Compreender esses efeitos ajuda a adotar medidas preventivas antes que os sintomas surjam ou se intensifiquem.<\/p>\n\n\n\n<h2 class=\"wp-block-heading\">O que \u00e9 o El Ni\u00f1o e como ele afeta o clima?<\/h2>\n\n\n\n<p class=\"wp-block-paragraph\">O El Ni\u00f1o \u00e9 um fen\u00f4meno natural caracterizado pelo aquecimento anormal das \u00e1guas do Oceano Pac\u00edfico Equatorial. Essa altera\u00e7\u00e3o modifica os padr\u00f5es de vento e umidade globalmente, causando per\u00edodos de calor intenso, chuvas concentradas e secas prolongadas em diferentes regi\u00f5es.<\/p>\n\n\n\n<p class=\"wp-block-paragraph\">No Brasil, os efeitos variam conforme a regi\u00e3o geogr\u00e1fica. Enquanto Sul e Sudeste tendem a enfrentar mais chuvas e oscila\u00e7\u00f5es t\u00e9rmicas, Norte e Nordeste sofrem com secas severas e ondas de calor mais intensas, criando cen\u00e1rios favor\u00e1veis a diferentes problemas de sa\u00fade.<\/p>\n\n\n\n<h2 class=\"wp-block-heading\">Como o El Ni\u00f1o favorece a prolifera\u00e7\u00e3o de mosquitos?<\/h2>\n\n\n\n<p class=\"wp-block-paragraph\">O aumento da temperatura e a altern\u00e2ncia entre chuvas e per\u00edodos secos criam condi\u00e7\u00f5es ideais para a reprodu\u00e7\u00e3o do Aedes aegypti. O mosquito completa seu ciclo de vida mais rapidamente em ambientes quentes e \u00famidos, elevando a densidade populacional em curto tempo.<\/p>\n\n\n\n<p class=\"wp-block-paragraph\">Al\u00e9m disso, a irregularidade das chuvas leva ao armazenamento inadequado de \u00e1gua em recipientes dom\u00e9sticos, criando novos criadouros. A preven\u00e7\u00e3o da <a href=\"https:\/\/www.tuasaude.com\/dengue\/\" target=\"_blank\" rel=\"noreferrer noopener\">dengue<\/a> torna-se ainda mais urgente durante per\u00edodos de El Ni\u00f1o ativo.<\/p>\n\n\n<div class=\"wp-block-image\">\n<figure class=\"aligncenter size-large\"><img decoding=\"async\" width=\"1024\" height=\"572\" src=\"https:\/\/www.tuasaude.com\/news\/wp-content\/uploads\/2026\/08\/El_Nino_health_impacts_infographic_202608301232-1024x572.jpeg\" alt=\"Clima, mosquitos, respira\u00e7\u00e3o e preven\u00e7\u00e3o resumem os principais impactos do El Ni\u00f1o.\" class=\"wp-image-105888\" srcset=\"https:\/\/www.tuasaude.com\/news\/wp-content\/uploads\/2026\/08\/El_Nino_health_impacts_infographic_202608301232-1024x572.jpeg 1024w, https:\/\/www.tuasaude.com\/news\/wp-content\/uploads\/2026\/08\/El_Nino_health_impacts_infographic_202608301232-300x167.jpeg 300w, https:\/\/www.tuasaude.com\/news\/wp-content\/uploads\/2026\/08\/El_Nino_health_impacts_infographic_202608301232-768x429.jpeg 768w, https:\/\/www.tuasaude.com\/news\/wp-content\/uploads\/2026\/08\/El_Nino_health_impacts_infographic_202608301232-750x419.jpeg 750w, https:\/\/www.tuasaude.com\/news\/wp-content\/uploads\/2026\/08\/El_Nino_health_impacts_infographic_202608301232-1140x636.jpeg 1140w, https:\/\/www.tuasaude.com\/news\/wp-content\/uploads\/2026\/08\/El_Nino_health_impacts_infographic_202608301232.jpeg 1376w\" sizes=\"(max-width: 1024px) 100vw, 1024px\" \/><figcaption class=\"wp-element-caption\">Clima, mosquitos, respira\u00e7\u00e3o e preven\u00e7\u00e3o resumem os principais impactos do El Ni\u00f1o.<\/figcaption><\/figure>\n<\/div>\n\n\n<h2 class=\"wp-block-heading\">Quais problemas respirat\u00f3rios se agravam nesse per\u00edodo?<\/h2>\n\n\n\n<p class=\"wp-block-paragraph\">As mudan\u00e7as clim\u00e1ticas do El Ni\u00f1o impactam diretamente o sistema respirat\u00f3rio de v\u00e1rias formas. Os principais quadros afetados incluem:<\/p>\n\n\n\n<ul class=\"wp-block-list\">\n<li><strong>Crises de asma:<\/strong> oscila\u00e7\u00f5es de umidade e temperatura desencadeiam broncoespasmos em pessoas suscet\u00edveis<\/li>\n\n\n\n<li><strong>Rinite al\u00e9rgica:<\/strong> mudan\u00e7as bruscas no clima aumentam a sensibilidade das vias a\u00e9reas<\/li>\n\n\n\n<li><strong>Sinusite:<\/strong> ambientes secos favorecem inflama\u00e7\u00e3o dos seios da face<\/li>\n\n\n\n<li><strong>Bronquite:<\/strong> ar seco irrita a mucosa dos br\u00f4nquios e piora a tosse cr\u00f4nica<\/li>\n\n\n\n<li><strong>Infec\u00e7\u00f5es respirat\u00f3rias:<\/strong> aglomera\u00e7\u00f5es em ambientes fechados durante ondas de calor facilitam a transmiss\u00e3o viral<\/li>\n\n\n\n<li><strong>Piora da DPOC:<\/strong> pacientes com doen\u00e7a pulmonar obstrutiva cr\u00f4nica apresentam mais exacerba\u00e7\u00f5es<\/li>\n\n\n\n<li><strong>Ressecamento das mucosas:<\/strong> baixa umidade aumenta o risco de sangramentos nasais e desconforto<\/li>\n<\/ul>\n\n\n\n<h2 class=\"wp-block-heading\">Como um estudo cient\u00edfico confirma a rela\u00e7\u00e3o com dengue?<\/h2>\n\n\n\n<p class=\"wp-block-paragraph\">A ci\u00eancia j\u00e1 documenta h\u00e1 d\u00e9cadas a influ\u00eancia direta do El Ni\u00f1o sobre epidemias de doen\u00e7as transmitidas por vetores. Segundo o estudo <a href=\"https:\/\/www.ncbi.nlm.nih.gov\/pmc\/articles\/PMC11392405\/\" target=\"_blank\" rel=\"noreferrer noopener\">Effects of the El Ni\u00f1o Southern Oscillation and seasonal weather conditions on Aedes aegypti infestation in the State of S\u00e3o Paulo<\/a>, publicado no peri\u00f3dico PLOS Neglected Tropical Diseases, houve forte associa\u00e7\u00e3o entre as fases do El Ni\u00f1o e o aumento do \u00edndice de infesta\u00e7\u00e3o larv\u00e1ria do mosquito, com temperaturas acima de 23,3\u00b0C e chuvas superiores a 153 mm mostrando impacto significativo sobre a prolifera\u00e7\u00e3o do vetor.<\/p>\n\n\n\n<p class=\"wp-block-paragraph\">Os autores destacam que a tend\u00eancia de eventos El Ni\u00f1o mais frequentes e intensos nas pr\u00f3ximas d\u00e9cadas exige planejamento em sa\u00fade p\u00fablica. Reconhecer os <a href=\"https:\/\/www.tuasaude.com\/sintomas-da-dengue\/\" target=\"_blank\" rel=\"noreferrer noopener\">sintomas da dengue<\/a> precocemente \u00e9 essencial para evitar complica\u00e7\u00f5es graves durante per\u00edodos de maior circula\u00e7\u00e3o do v\u00edrus.<\/p>\n\n\n<div class=\"wp-block-image\">\n<figure class=\"aligncenter size-large\"><img decoding=\"async\" width=\"1024\" height=\"572\" src=\"https:\/\/www.tuasaude.com\/news\/wp-content\/uploads\/2026\/08\/Man_observing_changing_weather_202608301232-1024x572.jpeg\" alt=\"Mudan\u00e7as de temperatura e chuva afetam vias respirat\u00f3rias e criadouros de mosquitos.\" class=\"wp-image-105889\" srcset=\"https:\/\/www.tuasaude.com\/news\/wp-content\/uploads\/2026\/08\/Man_observing_changing_weather_202608301232-1024x572.jpeg 1024w, https:\/\/www.tuasaude.com\/news\/wp-content\/uploads\/2026\/08\/Man_observing_changing_weather_202608301232-300x167.jpeg 300w, https:\/\/www.tuasaude.com\/news\/wp-content\/uploads\/2026\/08\/Man_observing_changing_weather_202608301232-768x429.jpeg 768w, https:\/\/www.tuasaude.com\/news\/wp-content\/uploads\/2026\/08\/Man_observing_changing_weather_202608301232-750x419.jpeg 750w, https:\/\/www.tuasaude.com\/news\/wp-content\/uploads\/2026\/08\/Man_observing_changing_weather_202608301232-1140x636.jpeg 1140w, https:\/\/www.tuasaude.com\/news\/wp-content\/uploads\/2026\/08\/Man_observing_changing_weather_202608301232.jpeg 1376w\" sizes=\"(max-width: 1024px) 100vw, 1024px\" \/><figcaption class=\"wp-element-caption\">Mudan\u00e7as de temperatura e chuva afetam vias respirat\u00f3rias e criadouros de mosquitos.<\/figcaption><\/figure>\n<\/div>\n\n\n<h2 class=\"wp-block-heading\">Como se proteger durante per\u00edodos de El Ni\u00f1o?<\/h2>\n\n\n\n<p class=\"wp-block-paragraph\">Algumas medidas pr\u00e1ticas ajudam a reduzir os riscos \u00e0 sa\u00fade durante o fen\u00f4meno clim\u00e1tico. As principais recomenda\u00e7\u00f5es incluem:<\/p>\n\n\n\n<ul class=\"wp-block-list\">\n<li><strong>Elimine \u00e1gua parada:<\/strong> vasos de plantas, pneus, garrafas e caixas d&#8217;\u00e1gua descobertas s\u00e3o criadouros do Aedes aegypti<\/li>\n\n\n\n<li><strong>Use repelente diariamente:<\/strong> especialmente ao amanhecer e ao entardecer, quando o mosquito est\u00e1 mais ativo<\/li>\n\n\n\n<li><strong>Mantenha hidrata\u00e7\u00e3o constante:<\/strong> beba \u00e1gua ao longo do dia, mesmo sem sede, especialmente em regi\u00f5es de calor intenso<\/li>\n\n\n\n<li><strong>Umidifique ambientes secos:<\/strong> use umidificadores ou toalhas \u00famidas para amenizar o ressecamento das vias a\u00e9reas<\/li>\n\n\n\n<li><strong>Evite atividades f\u00edsicas ao ar livre nos hor\u00e1rios mais quentes:<\/strong> prefira as primeiras horas da manh\u00e3 ou o fim da tarde<\/li>\n\n\n\n<li><strong>Mantenha medica\u00e7\u00f5es em dia:<\/strong> pacientes com asma ou rinite devem revisar o tratamento com o pneumologista<\/li>\n\n\n\n<li><strong>Ventile a casa nos hor\u00e1rios mais frescos:<\/strong> reduz ac\u00famulo de poeira e \u00e1caros que agravam crises al\u00e9rgicas<\/li>\n\n\n\n<li><strong>Consulte a vacina\u00e7\u00e3o da dengue:<\/strong> o Minist\u00e9rio da Sa\u00fade disponibiliza a vacina para faixas et\u00e1rias espec\u00edficas no SUS<\/li>\n<\/ul>\n\n\n\n<p class=\"wp-block-paragraph\">Vale destacar que crian\u00e7as, idosos e pessoas com doen\u00e7as cr\u00f4nicas s\u00e3o os grupos mais vulner\u00e1veis aos efeitos do El Ni\u00f1o sobre a sa\u00fade. Diante de sintomas respirat\u00f3rios persistentes, um <a href=\"https:\/\/www.tuasaude.com\/asma\/\" target=\"_blank\" rel=\"noreferrer noopener\">pneumologista<\/a> pode avaliar a necessidade de ajustar tratamentos e prevenir crises. Na suspeita de dengue ou outra doen\u00e7a transmitida por mosquitos, busque atendimento m\u00e9dico imediato para diagn\u00f3stico e conduta adequados.<\/p>\n\n\n\n<p class=\"wp-block-paragraph\"><em>Este conte\u00fado tem car\u00e1ter apenas informativo e n\u00e3o substitui a avalia\u00e7\u00e3o m\u00e9dica. Sempre consulte um profissional de sa\u00fade qualificado para diagn\u00f3stico e tratamento adequados ao seu caso.<\/em><\/p>\n","protected":false},"excerpt":{"rendered":"<p>O fen\u00f4meno clim\u00e1tico El Ni\u00f1o altera padr\u00f5es de temperatura e umidade em todo o Brasil, com impactos diretos na sa\u00fade da popula\u00e7\u00e3o. Ondas de calor e chuvas irregulares favorecem a prolifera\u00e7\u00e3o do mosquito Aedes aegypti, enquanto oscila\u00e7\u00f5es bruscas de tempo agravam quadros respirat\u00f3rios como asma e alergias. Compreender esses efeitos ajuda a adotar medidas preventivas [&hellip;]<\/p>\n","protected":false},"author":11,"featured_media":105887,"comment_status":"open","ping_status":"open","sticky":false,"template":"","format":"standard","meta":{"_yoast_wpseo_focuskw":"El Ni\u00f1o","_yoast_wpseo_title":"","_yoast_wpseo_metadesc":"El Ni\u00f1o altera temperatura e umidade, favorece o Aedes aegypti e agrava problemas respirat\u00f3rios. Entenda os riscos e os principais cuidados de preven\u00e7\u00e3o.","jnews-multi-image_gallery":[],"jnews_single_post":{"format":"standard"},"jnews_primary_category":[],"jnews_social_meta":[],"jnews_override_counter":[],"footnotes":""},"categories":[111],"tags":[162,12821,136,1405],"class_list":["post-105886","post","type-post","status-publish","format-standard","has-post-thumbnail","hentry","category-saude","tag-doencas","tag-el-nino","tag-saude","tag-saude-respiratoria"],"yoast_head":"<!-- This site is optimized with the Yoast SEO plugin v26.7 - https:\/\/yoast.com\/wordpress\/plugins\/seo\/ -->\n<title>Como o El Ni\u00f1o afeta a sa\u00fade respirat\u00f3ria e o risco de doen\u00e7as transmitidas por mosquitos - Tua Sa\u00fade<\/title>\n<meta name=\"description\" content=\"El Ni\u00f1o altera temperatura e umidade, favorece o Aedes aegypti e agrava problemas respirat\u00f3rios. Entenda os riscos e os principais cuidados de preven\u00e7\u00e3o.\" \/>\n<meta name=\"robots\" content=\"index, follow, max-snippet:-1, max-image-preview:large, max-video-preview:-1\" \/>\n<link rel=\"canonical\" href=\"https:\/\/www.tuasaude.com\/news\/2026\/08\/30\/como-o-el-nino-afeta-a-saude-respiratoria-e-o-risco-de-doencas-transmitidas-por-mosquitos\/\" \/>\n<meta property=\"og:locale\" content=\"pt_BR\" \/>\n<meta property=\"og:type\" content=\"article\" \/>\n<meta property=\"og:title\" content=\"Como o El Ni\u00f1o afeta a sa\u00fade respirat\u00f3ria e o risco de doen\u00e7as transmitidas por mosquitos - Tua Sa\u00fade\" \/>\n<meta property=\"og:description\" content=\"El Ni\u00f1o altera temperatura e umidade, favorece o Aedes aegypti e agrava problemas respirat\u00f3rios. Entenda os riscos e os principais cuidados de preven\u00e7\u00e3o.\" \/>\n<meta property=\"og:url\" content=\"https:\/\/www.tuasaude.com\/news\/2026\/08\/30\/como-o-el-nino-afeta-a-saude-respiratoria-e-o-risco-de-doencas-transmitidas-por-mosquitos\/\" \/>\n<meta property=\"og:site_name\" content=\"Tua Sa\u00fade\" \/>\n<meta property=\"article:published_time\" content=\"2026-08-31T02:30:00+00:00\" \/>\n<meta property=\"og:image\" content=\"https:\/\/www.tuasaude.com\/news\/wp-content\/uploads\/2026\/08\/Woman_experiencing_respiratory_d\u2026_202608301232.jpeg\" \/>\n\t<meta property=\"og:image:width\" content=\"1376\" \/>\n\t<meta property=\"og:image:height\" content=\"768\" \/>\n\t<meta property=\"og:image:type\" content=\"image\/jpeg\" \/>\n<meta name=\"author\" content=\"Gessika Julia Carvalho\" \/>\n<meta name=\"twitter:card\" content=\"summary_large_image\" \/>\n<meta name=\"twitter:label1\" content=\"Escrito por\" \/>\n\t<meta name=\"twitter:data1\" content=\"Gessika Julia Carvalho\" \/>\n\t<meta name=\"twitter:label2\" content=\"Est. tempo de leitura\" \/>\n\t<meta name=\"twitter:data2\" content=\"5 minutos\" \/>\n<!-- \/ Yoast SEO plugin. -->","yoast_head_json":{"title":"Como o El Ni\u00f1o afeta a sa\u00fade respirat\u00f3ria e o risco de doen\u00e7as transmitidas por mosquitos - Tua Sa\u00fade","description":"El Ni\u00f1o altera temperatura e umidade, favorece o Aedes aegypti e agrava problemas respirat\u00f3rios. Entenda os riscos e os principais cuidados de preven\u00e7\u00e3o.","robots":{"index":"index","follow":"follow","max-snippet":"max-snippet:-1","max-image-preview":"max-image-preview:large","max-video-preview":"max-video-preview:-1"},"canonical":"https:\/\/www.tuasaude.com\/news\/2026\/08\/30\/como-o-el-nino-afeta-a-saude-respiratoria-e-o-risco-de-doencas-transmitidas-por-mosquitos\/","og_locale":"pt_BR","og_type":"article","og_title":"Como o El Ni\u00f1o afeta a sa\u00fade respirat\u00f3ria e o risco de doen\u00e7as transmitidas por mosquitos - Tua Sa\u00fade","og_description":"El Ni\u00f1o altera temperatura e umidade, favorece o Aedes aegypti e agrava problemas respirat\u00f3rios. Entenda os riscos e os principais cuidados de preven\u00e7\u00e3o.","og_url":"https:\/\/www.tuasaude.com\/news\/2026\/08\/30\/como-o-el-nino-afeta-a-saude-respiratoria-e-o-risco-de-doencas-transmitidas-por-mosquitos\/","og_site_name":"Tua Sa\u00fade","article_published_time":"2026-08-31T02:30:00+00:00","og_image":[{"width":1376,"height":768,"url":"https:\/\/www.tuasaude.com\/news\/wp-content\/uploads\/2026\/08\/Woman_experiencing_respiratory_d\u2026_202608301232.jpeg","type":"image\/jpeg"}],"author":"Gessika Julia Carvalho","twitter_card":"summary_large_image","twitter_misc":{"Escrito por":"Gessika Julia Carvalho","Est. tempo de leitura":"5 minutos"},"schema":{"@context":"https:\/\/schema.org","@graph":[{"@type":"Article","@id":"https:\/\/www.tuasaude.com\/news\/2026\/08\/30\/como-o-el-nino-afeta-a-saude-respiratoria-e-o-risco-de-doencas-transmitidas-por-mosquitos\/#article","isPartOf":{"@id":"https:\/\/www.tuasaude.com\/news\/2026\/08\/30\/como-o-el-nino-afeta-a-saude-respiratoria-e-o-risco-de-doencas-transmitidas-por-mosquitos\/"},"author":{"name":"Gessika Julia Carvalho","@id":"https:\/\/www.tuasaude.com\/news\/#\/schema\/person\/2e9df841be69ec84f5d20ddb8d273ac2"},"headline":"Como o El Ni\u00f1o afeta a sa\u00fade respirat\u00f3ria e o risco de doen\u00e7as transmitidas por mosquitos","datePublished":"2026-08-31T02:30:00+00:00","mainEntityOfPage":{"@id":"https:\/\/www.tuasaude.com\/news\/2026\/08\/30\/como-o-el-nino-afeta-a-saude-respiratoria-e-o-risco-de-doencas-transmitidas-por-mosquitos\/"},"wordCount":906,"commentCount":0,"image":{"@id":"https:\/\/www.tuasaude.com\/news\/2026\/08\/30\/como-o-el-nino-afeta-a-saude-respiratoria-e-o-risco-de-doencas-transmitidas-por-mosquitos\/#primaryimage"},"thumbnailUrl":"https:\/\/www.tuasaude.com\/news\/wp-content\/uploads\/2026\/08\/Woman_experiencing_respiratory_d\u2026_202608301232.jpeg","keywords":["doen\u00e7as","El Ni\u00f1o","sa\u00fade","sa\u00fade respirat\u00f3ria"],"articleSection":["Sa\u00fade"],"inLanguage":"pt-BR","potentialAction":[{"@type":"CommentAction","name":"Comment","target":["https:\/\/www.tuasaude.com\/news\/2026\/08\/30\/como-o-el-nino-afeta-a-saude-respiratoria-e-o-risco-de-doencas-transmitidas-por-mosquitos\/#respond"]}]},{"@type":"WebPage","@id":"https:\/\/www.tuasaude.com\/news\/2026\/08\/30\/como-o-el-nino-afeta-a-saude-respiratoria-e-o-risco-de-doencas-transmitidas-por-mosquitos\/","url":"https:\/\/www.tuasaude.com\/news\/2026\/08\/30\/como-o-el-nino-afeta-a-saude-respiratoria-e-o-risco-de-doencas-transmitidas-por-mosquitos\/","name":"Como o El Ni\u00f1o afeta a sa\u00fade respirat\u00f3ria e o risco de doen\u00e7as transmitidas por mosquitos - Tua Sa\u00fade","isPartOf":{"@id":"https:\/\/www.tuasaude.com\/news\/#website"},"primaryImageOfPage":{"@id":"https:\/\/www.tuasaude.com\/news\/2026\/08\/30\/como-o-el-nino-afeta-a-saude-respiratoria-e-o-risco-de-doencas-transmitidas-por-mosquitos\/#primaryimage"},"image":{"@id":"https:\/\/www.tuasaude.com\/news\/2026\/08\/30\/como-o-el-nino-afeta-a-saude-respiratoria-e-o-risco-de-doencas-transmitidas-por-mosquitos\/#primaryimage"},"thumbnailUrl":"https:\/\/www.tuasaude.com\/news\/wp-content\/uploads\/2026\/08\/Woman_experiencing_respiratory_d\u2026_202608301232.jpeg","datePublished":"2026-08-31T02:30:00+00:00","author":{"@id":"https:\/\/www.tuasaude.com\/news\/#\/schema\/person\/2e9df841be69ec84f5d20ddb8d273ac2"},"description":"El Ni\u00f1o altera temperatura e umidade, favorece o Aedes aegypti e agrava problemas respirat\u00f3rios. Entenda os riscos e os principais cuidados de preven\u00e7\u00e3o.","breadcrumb":{"@id":"https:\/\/www.tuasaude.com\/news\/2026\/08\/30\/como-o-el-nino-afeta-a-saude-respiratoria-e-o-risco-de-doencas-transmitidas-por-mosquitos\/#breadcrumb"},"inLanguage":"pt-BR","potentialAction":[{"@type":"ReadAction","target":["https:\/\/www.tuasaude.com\/news\/2026\/08\/30\/como-o-el-nino-afeta-a-saude-respiratoria-e-o-risco-de-doencas-transmitidas-por-mosquitos\/"]}]},{"@type":"ImageObject","inLanguage":"pt-BR","@id":"https:\/\/www.tuasaude.com\/news\/2026\/08\/30\/como-o-el-nino-afeta-a-saude-respiratoria-e-o-risco-de-doencas-transmitidas-por-mosquitos\/#primaryimage","url":"https:\/\/www.tuasaude.com\/news\/wp-content\/uploads\/2026\/08\/Woman_experiencing_respiratory_d\u2026_202608301232.jpeg","contentUrl":"https:\/\/www.tuasaude.com\/news\/wp-content\/uploads\/2026\/08\/Woman_experiencing_respiratory_d\u2026_202608301232.jpeg","width":1376,"height":768,"caption":"Como o El Ni\u00f1o afeta a sa\u00fade respirat\u00f3ria e o risco de doen\u00e7as transmitidas por mosquitos"},{"@type":"BreadcrumbList","@id":"https:\/\/www.tuasaude.com\/news\/2026\/08\/30\/como-o-el-nino-afeta-a-saude-respiratoria-e-o-risco-de-doencas-transmitidas-por-mosquitos\/#breadcrumb","itemListElement":[{"@type":"ListItem","position":1,"name":"In\u00edcio","item":"https:\/\/www.tuasaude.com\/news\/"},{"@type":"ListItem","position":2,"name":"Como o El Ni\u00f1o afeta a sa\u00fade respirat\u00f3ria e o risco de doen\u00e7as transmitidas por mosquitos"}]},{"@type":"WebSite","@id":"https:\/\/www.tuasaude.com\/news\/#website","url":"https:\/\/www.tuasaude.com\/news\/","name":"Tua Sa\u00fade","description":"Seu site de sa\u00fade","potentialAction":[{"@type":"SearchAction","target":{"@type":"EntryPoint","urlTemplate":"https:\/\/www.tuasaude.com\/news\/?s={search_term_string}"},"query-input":{"@type":"PropertyValueSpecification","valueRequired":true,"valueName":"search_term_string"}}],"inLanguage":"pt-BR"},{"@type":"Person","@id":"https:\/\/www.tuasaude.com\/news\/#\/schema\/person\/2e9df841be69ec84f5d20ddb8d273ac2","name":"Gessika Julia Carvalho","image":{"@type":"ImageObject","inLanguage":"pt-BR","@id":"https:\/\/www.tuasaude.com\/news\/#\/schema\/person\/image\/","url":"https:\/\/secure.gravatar.com\/avatar\/0fcc8769024577fd0bc6a8b766055690f76a8e8f29dfb2a2f89cf04db8d0f2d2?s=96&d=mm&r=g","contentUrl":"https:\/\/secure.gravatar.com\/avatar\/0fcc8769024577fd0bc6a8b766055690f76a8e8f29dfb2a2f89cf04db8d0f2d2?s=96&d=mm&r=g","caption":"Gessika Julia Carvalho"},"sameAs":["https:\/\/www.tuasaude.com\/news\/"],"url":"https:\/\/www.tuasaude.com\/news\/author\/gessika-julia\/"}]}},"_links":{"self":[{"href":"https:\/\/www.tuasaude.com\/news\/wp-json\/wp\/v2\/posts\/105886","targetHints":{"allow":["GET"]}}],"collection":[{"href":"https:\/\/www.tuasaude.com\/news\/wp-json\/wp\/v2\/posts"}],"about":[{"href":"https:\/\/www.tuasaude.com\/news\/wp-json\/wp\/v2\/types\/post"}],"author":[{"embeddable":true,"href":"https:\/\/www.tuasaude.com\/news\/wp-json\/wp\/v2\/users\/11"}],"replies":[{"embeddable":true,"href":"https:\/\/www.tuasaude.com\/news\/wp-json\/wp\/v2\/comments?post=105886"}],"version-history":[{"count":1,"href":"https:\/\/www.tuasaude.com\/news\/wp-json\/wp\/v2\/posts\/105886\/revisions"}],"predecessor-version":[{"id":105890,"href":"https:\/\/www.tuasaude.com\/news\/wp-json\/wp\/v2\/posts\/105886\/revisions\/105890"}],"wp:featuredmedia":[{"embeddable":true,"href":"https:\/\/www.tuasaude.com\/news\/wp-json\/wp\/v2\/media\/105887"}],"wp:attachment":[{"href":"https:\/\/www.tuasaude.com\/news\/wp-json\/wp\/v2\/media?parent=105886"}],"wp:term":[{"taxonomy":"category","embeddable":true,"href":"https:\/\/www.tuasaude.com\/news\/wp-json\/wp\/v2\/categories?post=105886"},{"taxonomy":"post_tag","embeddable":true,"href":"https:\/\/www.tuasaude.com\/news\/wp-json\/wp\/v2\/tags?post=105886"}],"curies":[{"name":"wp","href":"https:\/\/api.w.org\/{rel}","templated":true}]}}