{"id":105876,"date":"2026-08-30T20:55:00","date_gmt":"2026-08-30T23:55:00","guid":{"rendered":"https:\/\/www.tuasaude.com\/news\/?p=105876"},"modified":"2026-08-30T12:16:41","modified_gmt":"2026-08-30T15:16:41","slug":"meias-de-compressao-tem-indicacoes-especificas-e-nem-sempre-sao-adequadas-para-uso-por-conta-propria","status":"publish","type":"post","link":"https:\/\/www.tuasaude.com\/news\/2026\/08\/30\/meias-de-compressao-tem-indicacoes-especificas-e-nem-sempre-sao-adequadas-para-uso-por-conta-propria\/","title":{"rendered":"Meias de compress\u00e3o t\u00eam indica\u00e7\u00f5es espec\u00edficas e nem sempre s\u00e3o adequadas para uso por conta pr\u00f3pria"},"content":{"rendered":"\n<p class=\"wp-block-paragraph\">As meias de compress\u00e3o exercem press\u00e3o graduada sobre as pernas para melhorar o retorno venoso, mas seu uso adequado depende de indica\u00e7\u00e3o m\u00e9dica precisa. Existem diferentes graus de compress\u00e3o e situa\u00e7\u00f5es cl\u00ednicas espec\u00edficas em que trazem benef\u00edcios reais, enquanto em outros casos podem causar desconforto ou at\u00e9 prejudicar quem tem doen\u00e7a arterial associada. Entender essas nuances evita erros comuns e garante que o benef\u00edcio supere qualquer risco.<\/p>\n\n\n\n<h2 class=\"wp-block-heading\">Como as meias de compress\u00e3o atuam nas pernas?<\/h2>\n\n\n\n<p class=\"wp-block-paragraph\">As meias de compress\u00e3o exercem press\u00e3o maior no tornozelo, que diminui gradualmente em dire\u00e7\u00e3o \u00e0 coxa, favorecendo o retorno do sangue das pernas para o cora\u00e7\u00e3o. Esse mecanismo reduz o ac\u00famulo de l\u00edquido nos tecidos e alivia a sensa\u00e7\u00e3o de peso e cansa\u00e7o nas pernas.<\/p>\n\n\n\n<p class=\"wp-block-paragraph\">Al\u00e9m disso, o efeito compressivo ajuda a evitar que o sangue estagne nas veias, o que reduz o risco de forma\u00e7\u00e3o de co\u00e1gulos em pessoas predispostas. A efic\u00e1cia depende diretamente do grau de compress\u00e3o escolhido e da adequa\u00e7\u00e3o ao quadro cl\u00ednico.<\/p>\n\n\n\n<h2 class=\"wp-block-heading\">Quais s\u00e3o as principais indica\u00e7\u00f5es m\u00e9dicas?<\/h2>\n\n\n\n<p class=\"wp-block-paragraph\">O uso das meias \u00e9 recomendado em situa\u00e7\u00f5es espec\u00edficas, sempre com orienta\u00e7\u00e3o profissional. Vale conhecer melhor o quadro de <a href=\"https:\/\/www.tuasaude.com\/varizes\/\" target=\"_blank\" rel=\"noreferrer noopener\">varizes<\/a> e outras condi\u00e7\u00f5es que se beneficiam da compress\u00e3o. As indica\u00e7\u00f5es mais comuns incluem:<\/p>\n\n\n\n<ul class=\"wp-block-list\">\n<li><strong>Insufici\u00eancia venosa cr\u00f4nica:<\/strong> ajuda a reduzir sintomas de peso, incha\u00e7o e dor nas pernas<\/li>\n\n\n\n<li><strong>Preven\u00e7\u00e3o de trombose venosa profunda:<\/strong> especialmente ap\u00f3s cirurgias ou em pessoas com fatores de risco<\/li>\n\n\n\n<li><strong>P\u00f3s-operat\u00f3rio de cirurgias:<\/strong> reduz o risco de complica\u00e7\u00f5es vasculares durante a recupera\u00e7\u00e3o<\/li>\n\n\n\n<li><strong>Viagens longas de avi\u00e3o:<\/strong> indicada para pessoas com hist\u00f3rico de trombose ou fatores predisponentes<\/li>\n\n\n\n<li><strong>Gravidez:<\/strong> auxilia no controle do incha\u00e7o e preven\u00e7\u00e3o de varizes gestacionais<\/li>\n\n\n\n<li><strong>Linfedema:<\/strong> favorece a drenagem linf\u00e1tica em membros comprometidos<\/li>\n\n\n\n<li><strong>\u00dalceras venosas:<\/strong> parte fundamental do tratamento para cicatriza\u00e7\u00e3o<\/li>\n<\/ul>\n\n\n<div class=\"wp-block-image\">\n<figure class=\"aligncenter size-large\"><img decoding=\"async\" width=\"1024\" height=\"571\" src=\"https:\/\/www.tuasaude.com\/news\/wp-content\/uploads\/2026\/08\/Meias_de_compressao_uso_seguro_202608301215-1024x571.jpg\" alt=\"Retorno venoso, grau de compress\u00e3o e circula\u00e7\u00e3o arterial definem o uso seguro.\" class=\"wp-image-105879\" srcset=\"https:\/\/www.tuasaude.com\/news\/wp-content\/uploads\/2026\/08\/Meias_de_compressao_uso_seguro_202608301215-1024x571.jpg 1024w, https:\/\/www.tuasaude.com\/news\/wp-content\/uploads\/2026\/08\/Meias_de_compressao_uso_seguro_202608301215-300x167.jpg 300w, https:\/\/www.tuasaude.com\/news\/wp-content\/uploads\/2026\/08\/Meias_de_compressao_uso_seguro_202608301215-768x428.jpg 768w, https:\/\/www.tuasaude.com\/news\/wp-content\/uploads\/2026\/08\/Meias_de_compressao_uso_seguro_202608301215-750x418.jpg 750w, https:\/\/www.tuasaude.com\/news\/wp-content\/uploads\/2026\/08\/Meias_de_compressao_uso_seguro_202608301215-1140x636.jpg 1140w, https:\/\/www.tuasaude.com\/news\/wp-content\/uploads\/2026\/08\/Meias_de_compressao_uso_seguro_202608301215.jpg 1280w\" sizes=\"(max-width: 1024px) 100vw, 1024px\" \/><figcaption class=\"wp-element-caption\">Retorno venoso, grau de compress\u00e3o e circula\u00e7\u00e3o arterial definem o uso seguro.<\/figcaption><\/figure>\n<\/div>\n\n\n<h2 class=\"wp-block-heading\">Como funcionam os diferentes graus de compress\u00e3o?<\/h2>\n\n\n\n<p class=\"wp-block-paragraph\">As meias s\u00e3o classificadas conforme a press\u00e3o exercida no tornozelo, medida em mil\u00edmetros de merc\u00fario. Cada n\u00edvel atende a necessidades cl\u00ednicas distintas e deve ser prescrito individualmente.<\/p>\n\n\n\n<p class=\"wp-block-paragraph\">Compress\u00e3o baixa \u00e9 indicada para preven\u00e7\u00e3o em situa\u00e7\u00f5es de risco menor, enquanto graus moderado e alto s\u00e3o reservados para tratamentos de condi\u00e7\u00f5es estabelecidas. A escolha inadequada pode tornar a meia ineficaz ou desconfort\u00e1vel, comprometendo a ades\u00e3o ao uso.<\/p>\n\n\n\n<h2 class=\"wp-block-heading\">Como um estudo cient\u00edfico orienta o uso seguro?<\/h2>\n\n\n\n<p class=\"wp-block-paragraph\">As evid\u00eancias sobre riscos e contraindica\u00e7\u00f5es v\u00eam sendo sistematicamente reavaliadas por especialistas. Segundo o estudo <a href=\"https:\/\/pmc.ncbi.nlm.nih.gov\/articles\/PMC7383414\/\" target=\"_blank\" rel=\"noreferrer noopener\">Risks and contraindications of medical compression treatment A critical reappraisal An international consensus statement<\/a>, publicado no peri\u00f3dico Phlebology, a doen\u00e7a arterial perif\u00e9rica avan\u00e7ada \u00e9 uma contraindica\u00e7\u00e3o importante para compress\u00e3o convencional, pois pode reduzir ainda mais o fluxo sangu\u00edneo em pernas com circula\u00e7\u00e3o arterial comprometida.<\/p>\n\n\n\n<p class=\"wp-block-paragraph\">O consenso refor\u00e7a que o \u00edndice tornozelo-bra\u00e7o deve ser avaliado antes de iniciar a compress\u00e3o em pacientes com suspeita de comprometimento arterial. Conhecer as diferen\u00e7as entre problemas venosos e arteriais na <a href=\"https:\/\/www.tuasaude.com\/meias-de-compressao\/\" target=\"_blank\" rel=\"noreferrer noopener\">meias de compress\u00e3o<\/a> ajuda a compreender a import\u00e2ncia dessa avalia\u00e7\u00e3o pr\u00e9via.<\/p>\n\n\n<div class=\"wp-block-image\">\n<figure class=\"aligncenter size-large\"><img decoding=\"async\" width=\"1024\" height=\"571\" src=\"https:\/\/www.tuasaude.com\/news\/wp-content\/uploads\/2026\/08\/Woman_undergoing_vascular_leg_ex\u2026_202608301215-1024x571.jpg\" alt=\"Compress\u00e3o inadequada pode ser prejudicial quando existe comprometimento arterial nas pernas.\" class=\"wp-image-105880\" srcset=\"https:\/\/www.tuasaude.com\/news\/wp-content\/uploads\/2026\/08\/Woman_undergoing_vascular_leg_ex\u2026_202608301215-1024x571.jpg 1024w, https:\/\/www.tuasaude.com\/news\/wp-content\/uploads\/2026\/08\/Woman_undergoing_vascular_leg_ex\u2026_202608301215-300x167.jpg 300w, https:\/\/www.tuasaude.com\/news\/wp-content\/uploads\/2026\/08\/Woman_undergoing_vascular_leg_ex\u2026_202608301215-768x428.jpg 768w, https:\/\/www.tuasaude.com\/news\/wp-content\/uploads\/2026\/08\/Woman_undergoing_vascular_leg_ex\u2026_202608301215-750x418.jpg 750w, https:\/\/www.tuasaude.com\/news\/wp-content\/uploads\/2026\/08\/Woman_undergoing_vascular_leg_ex\u2026_202608301215-1140x636.jpg 1140w, https:\/\/www.tuasaude.com\/news\/wp-content\/uploads\/2026\/08\/Woman_undergoing_vascular_leg_ex\u2026_202608301215.jpg 1280w\" sizes=\"(max-width: 1024px) 100vw, 1024px\" \/><figcaption class=\"wp-element-caption\">Compress\u00e3o inadequada pode ser prejudicial quando existe comprometimento arterial nas pernas.<\/figcaption><\/figure>\n<\/div>\n\n\n<h2 class=\"wp-block-heading\">Quando o uso pode ser prejudicial?<\/h2>\n\n\n\n<p class=\"wp-block-paragraph\">Algumas situa\u00e7\u00f5es contraindicam o uso das meias ou exigem cautela redobrada. Ignorar essas restri\u00e7\u00f5es pode agravar quadros existentes:<\/p>\n\n\n\n<ul class=\"wp-block-list\">\n<li><strong>Doen\u00e7a arterial perif\u00e9rica avan\u00e7ada:<\/strong> a compress\u00e3o pode reduzir ainda mais o fluxo sangu\u00edneo em art\u00e9rias j\u00e1 comprometidas<\/li>\n\n\n\n<li><strong>Insufici\u00eancia card\u00edaca descompensada:<\/strong> o aumento s\u00fabito do retorno venoso pode sobrecarregar o cora\u00e7\u00e3o<\/li>\n\n\n\n<li><strong>Infec\u00e7\u00f5es ativas na pele:<\/strong> celulite, dermatites e feridas infectadas contraindicam o uso local<\/li>\n\n\n\n<li><strong>Alergia ao material:<\/strong> algumas pessoas apresentam rea\u00e7\u00f5es cut\u00e2neas \u00e0s fibras utilizadas<\/li>\n\n\n\n<li><strong>Neuropatia diab\u00e9tica grave:<\/strong> reduz a percep\u00e7\u00e3o de desconforto e aumenta risco de les\u00f5es<\/li>\n\n\n\n<li><strong>Tamanho inadequado:<\/strong> meias muito apertadas podem causar efeito garrote e piorar a circula\u00e7\u00e3o<\/li>\n\n\n\n<li><strong>Uso sem avalia\u00e7\u00e3o pr\u00e9via:<\/strong> mascarar sintomas de doen\u00e7as arteriais retarda diagn\u00f3sticos importantes<\/li>\n<\/ul>\n\n\n\n<p class=\"wp-block-paragraph\">Vale destacar que sintomas como dor persistente nas pernas, incha\u00e7o frequente ou surgimento de varizes exigem investiga\u00e7\u00e3o profissional antes de qualquer autotratamento. O <a href=\"https:\/\/www.tuasaude.com\/angiologista\/\" target=\"_blank\" rel=\"noreferrer noopener\">angiologista<\/a> ou cirurgi\u00e3o vascular \u00e9 o especialista indicado para avaliar a circula\u00e7\u00e3o, identificar a causa dos sintomas e prescrever o tipo correto de meia. A escolha do grau de compress\u00e3o, tamanho e tempo de uso deve ser sempre individualizada.<\/p>\n\n\n\n<p class=\"wp-block-paragraph\"><em>Este conte\u00fado tem car\u00e1ter apenas informativo e n\u00e3o substitui a avalia\u00e7\u00e3o m\u00e9dica. Sempre consulte um profissional de sa\u00fade qualificado para diagn\u00f3stico e tratamento adequados ao seu caso.<\/em><\/p>\n","protected":false},"excerpt":{"rendered":"<p>As meias de compress\u00e3o exercem press\u00e3o graduada sobre as pernas para melhorar o retorno venoso, mas seu uso adequado depende de indica\u00e7\u00e3o m\u00e9dica precisa. Existem diferentes graus de compress\u00e3o e situa\u00e7\u00f5es cl\u00ednicas espec\u00edficas em que trazem benef\u00edcios reais, enquanto em outros casos podem causar desconforto ou at\u00e9 prejudicar quem tem doen\u00e7a arterial associada. Entender essas [&hellip;]<\/p>\n","protected":false},"author":11,"featured_media":105878,"comment_status":"open","ping_status":"open","sticky":false,"template":"","format":"standard","meta":{"_yoast_wpseo_focuskw":"meias de compress\u00e3o","_yoast_wpseo_title":"","_yoast_wpseo_metadesc":"Meias de compress\u00e3o podem aliviar peso e incha\u00e7o nas pernas, mas exigem indica\u00e7\u00e3o adequada. Entenda quando o uso pode ajudar ou prejudicar a circula\u00e7\u00e3o.","jnews-multi-image_gallery":[],"jnews_single_post":{"format":"standard"},"jnews_primary_category":[],"jnews_social_meta":[],"jnews_override_counter":[],"footnotes":""},"categories":[111],"tags":[145,828,4934,136],"class_list":["post-105876","post","type-post","status-publish","format-standard","has-post-thumbnail","hentry","category-saude","tag-bem-estar","tag-ma-circulacao","tag-meias-de-compressao","tag-saude"],"yoast_head":"<!-- This site is optimized with the Yoast SEO plugin v26.7 - https:\/\/yoast.com\/wordpress\/plugins\/seo\/ -->\n<title>Meias de compress\u00e3o t\u00eam indica\u00e7\u00f5es espec\u00edficas e nem sempre s\u00e3o adequadas para uso por conta pr\u00f3pria - Tua Sa\u00fade<\/title>\n<meta name=\"description\" content=\"Meias de compress\u00e3o podem aliviar peso e incha\u00e7o nas pernas, mas exigem indica\u00e7\u00e3o adequada. Entenda quando o uso pode ajudar ou prejudicar a circula\u00e7\u00e3o.\" \/>\n<meta name=\"robots\" content=\"index, follow, max-snippet:-1, max-image-preview:large, max-video-preview:-1\" \/>\n<link rel=\"canonical\" href=\"https:\/\/www.tuasaude.com\/news\/2026\/08\/30\/meias-de-compressao-tem-indicacoes-especificas-e-nem-sempre-sao-adequadas-para-uso-por-conta-propria\/\" \/>\n<meta property=\"og:locale\" content=\"pt_BR\" \/>\n<meta property=\"og:type\" content=\"article\" \/>\n<meta property=\"og:title\" content=\"Meias de compress\u00e3o t\u00eam indica\u00e7\u00f5es espec\u00edficas e nem sempre s\u00e3o adequadas para uso por conta pr\u00f3pria - Tua Sa\u00fade\" \/>\n<meta property=\"og:description\" content=\"Meias de compress\u00e3o podem aliviar peso e incha\u00e7o nas pernas, mas exigem indica\u00e7\u00e3o adequada. Entenda quando o uso pode ajudar ou prejudicar a circula\u00e7\u00e3o.\" \/>\n<meta property=\"og:url\" content=\"https:\/\/www.tuasaude.com\/news\/2026\/08\/30\/meias-de-compressao-tem-indicacoes-especificas-e-nem-sempre-sao-adequadas-para-uso-por-conta-propria\/\" \/>\n<meta property=\"og:site_name\" content=\"Tua Sa\u00fade\" \/>\n<meta property=\"article:published_time\" content=\"2026-08-30T23:55:00+00:00\" \/>\n<meta property=\"og:image\" content=\"https:\/\/www.tuasaude.com\/news\/wp-content\/uploads\/2026\/08\/Man_examining_foot_for_circulation_202608301215.jpg\" \/>\n\t<meta property=\"og:image:width\" content=\"1280\" \/>\n\t<meta property=\"og:image:height\" content=\"714\" \/>\n\t<meta property=\"og:image:type\" content=\"image\/jpeg\" \/>\n<meta name=\"author\" content=\"Gessika Julia Carvalho\" \/>\n<meta name=\"twitter:card\" content=\"summary_large_image\" \/>\n<meta name=\"twitter:label1\" content=\"Escrito por\" \/>\n\t<meta name=\"twitter:data1\" content=\"Gessika Julia Carvalho\" \/>\n\t<meta name=\"twitter:label2\" content=\"Est. tempo de leitura\" \/>\n\t<meta name=\"twitter:data2\" content=\"5 minutos\" \/>\n<!-- \/ Yoast SEO plugin. -->","yoast_head_json":{"title":"Meias de compress\u00e3o t\u00eam indica\u00e7\u00f5es espec\u00edficas e nem sempre s\u00e3o adequadas para uso por conta pr\u00f3pria - Tua Sa\u00fade","description":"Meias de compress\u00e3o podem aliviar peso e incha\u00e7o nas pernas, mas exigem indica\u00e7\u00e3o adequada. Entenda quando o uso pode ajudar ou prejudicar a circula\u00e7\u00e3o.","robots":{"index":"index","follow":"follow","max-snippet":"max-snippet:-1","max-image-preview":"max-image-preview:large","max-video-preview":"max-video-preview:-1"},"canonical":"https:\/\/www.tuasaude.com\/news\/2026\/08\/30\/meias-de-compressao-tem-indicacoes-especificas-e-nem-sempre-sao-adequadas-para-uso-por-conta-propria\/","og_locale":"pt_BR","og_type":"article","og_title":"Meias de compress\u00e3o t\u00eam indica\u00e7\u00f5es espec\u00edficas e nem sempre s\u00e3o adequadas para uso por conta pr\u00f3pria - Tua Sa\u00fade","og_description":"Meias de compress\u00e3o podem aliviar peso e incha\u00e7o nas pernas, mas exigem indica\u00e7\u00e3o adequada. Entenda quando o uso pode ajudar ou prejudicar a circula\u00e7\u00e3o.","og_url":"https:\/\/www.tuasaude.com\/news\/2026\/08\/30\/meias-de-compressao-tem-indicacoes-especificas-e-nem-sempre-sao-adequadas-para-uso-por-conta-propria\/","og_site_name":"Tua Sa\u00fade","article_published_time":"2026-08-30T23:55:00+00:00","og_image":[{"width":1280,"height":714,"url":"https:\/\/www.tuasaude.com\/news\/wp-content\/uploads\/2026\/08\/Man_examining_foot_for_circulation_202608301215.jpg","type":"image\/jpeg"}],"author":"Gessika Julia Carvalho","twitter_card":"summary_large_image","twitter_misc":{"Escrito por":"Gessika Julia Carvalho","Est. tempo de leitura":"5 minutos"},"schema":{"@context":"https:\/\/schema.org","@graph":[{"@type":"Article","@id":"https:\/\/www.tuasaude.com\/news\/2026\/08\/30\/meias-de-compressao-tem-indicacoes-especificas-e-nem-sempre-sao-adequadas-para-uso-por-conta-propria\/#article","isPartOf":{"@id":"https:\/\/www.tuasaude.com\/news\/2026\/08\/30\/meias-de-compressao-tem-indicacoes-especificas-e-nem-sempre-sao-adequadas-para-uso-por-conta-propria\/"},"author":{"name":"Gessika Julia Carvalho","@id":"https:\/\/www.tuasaude.com\/news\/#\/schema\/person\/2e9df841be69ec84f5d20ddb8d273ac2"},"headline":"Meias de compress\u00e3o t\u00eam indica\u00e7\u00f5es espec\u00edficas e nem sempre s\u00e3o adequadas para uso por conta pr\u00f3pria","datePublished":"2026-08-30T23:55:00+00:00","mainEntityOfPage":{"@id":"https:\/\/www.tuasaude.com\/news\/2026\/08\/30\/meias-de-compressao-tem-indicacoes-especificas-e-nem-sempre-sao-adequadas-para-uso-por-conta-propria\/"},"wordCount":831,"commentCount":0,"image":{"@id":"https:\/\/www.tuasaude.com\/news\/2026\/08\/30\/meias-de-compressao-tem-indicacoes-especificas-e-nem-sempre-sao-adequadas-para-uso-por-conta-propria\/#primaryimage"},"thumbnailUrl":"https:\/\/www.tuasaude.com\/news\/wp-content\/uploads\/2026\/08\/Man_examining_foot_for_circulation_202608301215.jpg","keywords":["bem-estar","m\u00e1 circula\u00e7\u00e3o","meias de compress\u00e3o","sa\u00fade"],"articleSection":["Sa\u00fade"],"inLanguage":"pt-BR","potentialAction":[{"@type":"CommentAction","name":"Comment","target":["https:\/\/www.tuasaude.com\/news\/2026\/08\/30\/meias-de-compressao-tem-indicacoes-especificas-e-nem-sempre-sao-adequadas-para-uso-por-conta-propria\/#respond"]}]},{"@type":"WebPage","@id":"https:\/\/www.tuasaude.com\/news\/2026\/08\/30\/meias-de-compressao-tem-indicacoes-especificas-e-nem-sempre-sao-adequadas-para-uso-por-conta-propria\/","url":"https:\/\/www.tuasaude.com\/news\/2026\/08\/30\/meias-de-compressao-tem-indicacoes-especificas-e-nem-sempre-sao-adequadas-para-uso-por-conta-propria\/","name":"Meias de compress\u00e3o t\u00eam indica\u00e7\u00f5es espec\u00edficas e nem sempre s\u00e3o adequadas para uso por conta pr\u00f3pria - Tua Sa\u00fade","isPartOf":{"@id":"https:\/\/www.tuasaude.com\/news\/#website"},"primaryImageOfPage":{"@id":"https:\/\/www.tuasaude.com\/news\/2026\/08\/30\/meias-de-compressao-tem-indicacoes-especificas-e-nem-sempre-sao-adequadas-para-uso-por-conta-propria\/#primaryimage"},"image":{"@id":"https:\/\/www.tuasaude.com\/news\/2026\/08\/30\/meias-de-compressao-tem-indicacoes-especificas-e-nem-sempre-sao-adequadas-para-uso-por-conta-propria\/#primaryimage"},"thumbnailUrl":"https:\/\/www.tuasaude.com\/news\/wp-content\/uploads\/2026\/08\/Man_examining_foot_for_circulation_202608301215.jpg","datePublished":"2026-08-30T23:55:00+00:00","author":{"@id":"https:\/\/www.tuasaude.com\/news\/#\/schema\/person\/2e9df841be69ec84f5d20ddb8d273ac2"},"description":"Meias de compress\u00e3o podem aliviar peso e incha\u00e7o nas pernas, mas exigem indica\u00e7\u00e3o adequada. Entenda quando o uso pode ajudar ou prejudicar a circula\u00e7\u00e3o.","breadcrumb":{"@id":"https:\/\/www.tuasaude.com\/news\/2026\/08\/30\/meias-de-compressao-tem-indicacoes-especificas-e-nem-sempre-sao-adequadas-para-uso-por-conta-propria\/#breadcrumb"},"inLanguage":"pt-BR","potentialAction":[{"@type":"ReadAction","target":["https:\/\/www.tuasaude.com\/news\/2026\/08\/30\/meias-de-compressao-tem-indicacoes-especificas-e-nem-sempre-sao-adequadas-para-uso-por-conta-propria\/"]}]},{"@type":"ImageObject","inLanguage":"pt-BR","@id":"https:\/\/www.tuasaude.com\/news\/2026\/08\/30\/meias-de-compressao-tem-indicacoes-especificas-e-nem-sempre-sao-adequadas-para-uso-por-conta-propria\/#primaryimage","url":"https:\/\/www.tuasaude.com\/news\/wp-content\/uploads\/2026\/08\/Man_examining_foot_for_circulation_202608301215.jpg","contentUrl":"https:\/\/www.tuasaude.com\/news\/wp-content\/uploads\/2026\/08\/Man_examining_foot_for_circulation_202608301215.jpg","width":1280,"height":714,"caption":"Meias de compress\u00e3o t\u00eam indica\u00e7\u00f5es espec\u00edficas e nem sempre s\u00e3o adequadas para uso por conta pr\u00f3pria"},{"@type":"BreadcrumbList","@id":"https:\/\/www.tuasaude.com\/news\/2026\/08\/30\/meias-de-compressao-tem-indicacoes-especificas-e-nem-sempre-sao-adequadas-para-uso-por-conta-propria\/#breadcrumb","itemListElement":[{"@type":"ListItem","position":1,"name":"In\u00edcio","item":"https:\/\/www.tuasaude.com\/news\/"},{"@type":"ListItem","position":2,"name":"Meias de compress\u00e3o t\u00eam indica\u00e7\u00f5es espec\u00edficas e nem sempre s\u00e3o adequadas para uso por conta pr\u00f3pria"}]},{"@type":"WebSite","@id":"https:\/\/www.tuasaude.com\/news\/#website","url":"https:\/\/www.tuasaude.com\/news\/","name":"Tua Sa\u00fade","description":"Seu site de sa\u00fade","potentialAction":[{"@type":"SearchAction","target":{"@type":"EntryPoint","urlTemplate":"https:\/\/www.tuasaude.com\/news\/?s={search_term_string}"},"query-input":{"@type":"PropertyValueSpecification","valueRequired":true,"valueName":"search_term_string"}}],"inLanguage":"pt-BR"},{"@type":"Person","@id":"https:\/\/www.tuasaude.com\/news\/#\/schema\/person\/2e9df841be69ec84f5d20ddb8d273ac2","name":"Gessika Julia Carvalho","image":{"@type":"ImageObject","inLanguage":"pt-BR","@id":"https:\/\/www.tuasaude.com\/news\/#\/schema\/person\/image\/","url":"https:\/\/secure.gravatar.com\/avatar\/0fcc8769024577fd0bc6a8b766055690f76a8e8f29dfb2a2f89cf04db8d0f2d2?s=96&d=mm&r=g","contentUrl":"https:\/\/secure.gravatar.com\/avatar\/0fcc8769024577fd0bc6a8b766055690f76a8e8f29dfb2a2f89cf04db8d0f2d2?s=96&d=mm&r=g","caption":"Gessika Julia Carvalho"},"sameAs":["https:\/\/www.tuasaude.com\/news\/"],"url":"https:\/\/www.tuasaude.com\/news\/author\/gessika-julia\/"}]}},"_links":{"self":[{"href":"https:\/\/www.tuasaude.com\/news\/wp-json\/wp\/v2\/posts\/105876","targetHints":{"allow":["GET"]}}],"collection":[{"href":"https:\/\/www.tuasaude.com\/news\/wp-json\/wp\/v2\/posts"}],"about":[{"href":"https:\/\/www.tuasaude.com\/news\/wp-json\/wp\/v2\/types\/post"}],"author":[{"embeddable":true,"href":"https:\/\/www.tuasaude.com\/news\/wp-json\/wp\/v2\/users\/11"}],"replies":[{"embeddable":true,"href":"https:\/\/www.tuasaude.com\/news\/wp-json\/wp\/v2\/comments?post=105876"}],"version-history":[{"count":1,"href":"https:\/\/www.tuasaude.com\/news\/wp-json\/wp\/v2\/posts\/105876\/revisions"}],"predecessor-version":[{"id":105881,"href":"https:\/\/www.tuasaude.com\/news\/wp-json\/wp\/v2\/posts\/105876\/revisions\/105881"}],"wp:featuredmedia":[{"embeddable":true,"href":"https:\/\/www.tuasaude.com\/news\/wp-json\/wp\/v2\/media\/105878"}],"wp:attachment":[{"href":"https:\/\/www.tuasaude.com\/news\/wp-json\/wp\/v2\/media?parent=105876"}],"wp:term":[{"taxonomy":"category","embeddable":true,"href":"https:\/\/www.tuasaude.com\/news\/wp-json\/wp\/v2\/categories?post=105876"},{"taxonomy":"post_tag","embeddable":true,"href":"https:\/\/www.tuasaude.com\/news\/wp-json\/wp\/v2\/tags?post=105876"}],"curies":[{"name":"wp","href":"https:\/\/api.w.org\/{rel}","templated":true}]}}