{"id":105866,"date":"2026-08-30T19:40:00","date_gmt":"2026-08-30T22:40:00","guid":{"rendered":"https:\/\/www.tuasaude.com\/news\/?p=105866"},"modified":"2026-08-30T12:09:58","modified_gmt":"2026-08-30T15:09:58","slug":"ar-seco-durante-periodos-de-estiagem-prolongada-agrava-sintomas-de-asma-rinite-e-sinusite","status":"publish","type":"post","link":"https:\/\/www.tuasaude.com\/news\/2026\/08\/30\/ar-seco-durante-periodos-de-estiagem-prolongada-agrava-sintomas-de-asma-rinite-e-sinusite\/","title":{"rendered":"Ar seco durante per\u00edodos de estiagem prolongada agrava sintomas de asma, rinite e sinusite"},"content":{"rendered":"\n<p class=\"wp-block-paragraph\">Quando a umidade do ar cai por longos per\u00edodos, as vias respirat\u00f3rias sofrem mais do que se percebe. O ressecamento das mucosas do nariz, da garganta e dos br\u00f4nquios reduz as defesas naturais e favorece o aparecimento de crises em quem tem asma, rinite ou sinusite. Em cidades afetadas por queimadas, o problema se agrava com a polui\u00e7\u00e3o no ar. Conhecer os efeitos da baixa umidade ajuda a adotar cuidados simples no dia a dia e a saber quando \u00e9 hora de procurar avalia\u00e7\u00e3o m\u00e9dica.<\/p>\n\n\n\n<h2 class=\"wp-block-heading\">Por que o ar seco irrita as vias respirat\u00f3rias?<\/h2>\n\n\n\n<p class=\"wp-block-paragraph\">As mucosas que revestem o nariz, os seios da face e os pulm\u00f5es precisam de umidade para funcionar bem. Elas produzem muco que ret\u00e9m part\u00edculas, poeira e microrganismos, al\u00e9m de contar com pequenos c\u00edlios que empurram esse conte\u00fado para fora do corpo.<\/p>\n\n\n\n<p class=\"wp-block-paragraph\">Com o ar seco, o muco fica mais espesso, a atividade dos c\u00edlios diminui e as mucosas ficam mais fr\u00e1geis. Esse desequil\u00edbrio reduz a prote\u00e7\u00e3o natural e aumenta a sensibilidade a al\u00e9rgenos e a agentes infecciosos.<\/p>\n\n\n\n<h2 class=\"wp-block-heading\">Como a estiagem impacta asma rinite e sinusite?<\/h2>\n\n\n\n<p class=\"wp-block-paragraph\">Em quem j\u00e1 tem doen\u00e7as respirat\u00f3rias cr\u00f4nicas, o ar seco funciona como um gatilho importante. Os br\u00f4nquios ficam mais reativos, o que favorece epis\u00f3dios de tosse, chiado e falta de ar em quem convive com <a href=\"https:\/\/www.tuasaude.com\/asma\/\" target=\"_blank\" rel=\"noreferrer noopener\">asma<\/a>.<\/p>\n\n\n\n<p class=\"wp-block-paragraph\">Na rinite, o ressecamento intensifica coceira, espirros e obstru\u00e7\u00e3o nasal, enquanto na sinusite dificulta a drenagem do muco acumulado nos seios da face, aumentando o risco de infec\u00e7\u00f5es secund\u00e1rias e de dor de cabe\u00e7a persistente.<\/p>\n\n\n<div class=\"wp-block-image\">\n<figure class=\"aligncenter size-large\"><img decoding=\"async\" width=\"1024\" height=\"571\" src=\"https:\/\/www.tuasaude.com\/news\/wp-content\/uploads\/2026\/08\/Dry_air_and_respiratory_health_202608301208-1024x571.jpg\" alt=\"Ar seco prejudica muco e c\u00edlios, enquanto part\u00edculas agravam a irrita\u00e7\u00e3o respirat\u00f3ria.\" class=\"wp-image-105873\" srcset=\"https:\/\/www.tuasaude.com\/news\/wp-content\/uploads\/2026\/08\/Dry_air_and_respiratory_health_202608301208-1024x571.jpg 1024w, https:\/\/www.tuasaude.com\/news\/wp-content\/uploads\/2026\/08\/Dry_air_and_respiratory_health_202608301208-300x167.jpg 300w, https:\/\/www.tuasaude.com\/news\/wp-content\/uploads\/2026\/08\/Dry_air_and_respiratory_health_202608301208-768x428.jpg 768w, https:\/\/www.tuasaude.com\/news\/wp-content\/uploads\/2026\/08\/Dry_air_and_respiratory_health_202608301208-750x418.jpg 750w, https:\/\/www.tuasaude.com\/news\/wp-content\/uploads\/2026\/08\/Dry_air_and_respiratory_health_202608301208-1140x636.jpg 1140w, https:\/\/www.tuasaude.com\/news\/wp-content\/uploads\/2026\/08\/Dry_air_and_respiratory_health_202608301208.jpg 1280w\" sizes=\"(max-width: 1024px) 100vw, 1024px\" \/><figcaption class=\"wp-element-caption\">Ar seco prejudica muco e c\u00edlios, enquanto part\u00edculas agravam a irrita\u00e7\u00e3o respirat\u00f3ria.<\/figcaption><\/figure>\n<\/div>\n\n\n<h2 class=\"wp-block-heading\">Quais cuidados ajudam a proteger as vias respirat\u00f3rias?<\/h2>\n\n\n\n<p class=\"wp-block-paragraph\">Adotar medidas simples durante os per\u00edodos de estiagem faz diferen\u00e7a no controle dos sintomas e no conforto respirat\u00f3rio. Entre as estrat\u00e9gias mais recomendadas est\u00e3o:<\/p>\n\n\n\n<ul class=\"wp-block-list\">\n<li><strong>Umidificar o ambiente<\/strong>, com uso de umidificadores ou bacias de \u00e1gua em c\u00f4modos onde se passa mais tempo.<\/li>\n\n\n\n<li><strong>Aumentar a ingest\u00e3o de \u00e1gua<\/strong>, para manter as mucosas hidratadas ao longo do dia.<\/li>\n\n\n\n<li><strong>Fazer lavagem nasal com soro fisiol\u00f3gico<\/strong>, ajudando a remover secre\u00e7\u00f5es e part\u00edculas irritantes.<\/li>\n\n\n\n<li><strong>Evitar exerc\u00edcios ao ar livre<\/strong> nos hor\u00e1rios mais secos e quentes, especialmente entre 10h e 17h.<\/li>\n\n\n\n<li><strong>Manter janelas fechadas em dias com queimadas<\/strong>, quando a qualidade do ar estiver comprometida.<\/li>\n\n\n\n<li><strong>Reduzir o uso de vassouras e produtos com cheiro forte<\/strong>, que levantam poeira e irritam ainda mais as vias respirat\u00f3rias.<\/li>\n<\/ul>\n\n\n\n<h2 class=\"wp-block-heading\">Como as queimadas pioram o quadro?<\/h2>\n\n\n\n<p class=\"wp-block-paragraph\">Em regi\u00f5es afetadas por queimadas, a baixa umidade se combina com poluentes suspensos no ar, como material particulado fino, mon\u00f3xido de carbono e fuligem. Essas part\u00edculas atingem \u00e1reas profundas do pulm\u00e3o e podem desencadear crises mesmo em pessoas sem hist\u00f3rico pr\u00e9vio.<\/p>\n\n\n\n<p class=\"wp-block-paragraph\">Crian\u00e7as, idosos, gestantes e pessoas com doen\u00e7as pulmonares cr\u00f4nicas est\u00e3o entre os grupos mais vulner\u00e1veis. Nesses cen\u00e1rios, redobrar o cuidado com <a href=\"https:\/\/www.tuasaude.com\/rinite-alergica\/\" target=\"_blank\" rel=\"noreferrer noopener\">sintomas de rinite al\u00e9rgica<\/a> e monitorar a qualidade do ar local torna-se ainda mais importante.<\/p>\n\n\n\n<h2 class=\"wp-block-heading\">O que um estudo cient\u00edfico mostra sobre baixa umidade?<\/h2>\n\n\n\n<p class=\"wp-block-paragraph\">A rela\u00e7\u00e3o entre a umidade do ar e a sa\u00fade respirat\u00f3ria j\u00e1 foi tema de investiga\u00e7\u00f5es relevantes na \u00e1rea de imunologia. Segundo o estudo <a href=\"https:\/\/pubmed.ncbi.nlm.nih.gov\/31085641\/\" target=\"_blank\" rel=\"noreferrer noopener\">Low ambient humidity impairs barrier function and innate resistance against influenza infection<\/a> publicado na revista PNAS, a exposi\u00e7\u00e3o a ambientes com baixa umidade prejudica o transporte de muco pelas vias respirat\u00f3rias, reduz a defesa antiviral natural e compromete a capacidade de reparo dos tecidos ap\u00f3s agress\u00f5es.<\/p>\n\n\n\n<p class=\"wp-block-paragraph\">Os autores destacam que esse conjunto de altera\u00e7\u00f5es torna o organismo mais suscet\u00edvel a infec\u00e7\u00f5es respirat\u00f3rias e refor\u00e7a a import\u00e2ncia de manter n\u00edveis adequados de umidade nos ambientes, especialmente durante per\u00edodos secos prolongados.<\/p>\n\n\n<div class=\"wp-block-image\">\n<figure class=\"aligncenter size-large\"><img decoding=\"async\" width=\"1024\" height=\"571\" src=\"https:\/\/www.tuasaude.com\/news\/wp-content\/uploads\/2026\/08\/Man_sitting_during_severe_drought_202608301209-1024x571.jpg\" alt=\"Estiagem e polui\u00e7\u00e3o podem piorar rinite, asma e outros sintomas respirat\u00f3rios.\" class=\"wp-image-105874\" srcset=\"https:\/\/www.tuasaude.com\/news\/wp-content\/uploads\/2026\/08\/Man_sitting_during_severe_drought_202608301209-1024x571.jpg 1024w, https:\/\/www.tuasaude.com\/news\/wp-content\/uploads\/2026\/08\/Man_sitting_during_severe_drought_202608301209-300x167.jpg 300w, https:\/\/www.tuasaude.com\/news\/wp-content\/uploads\/2026\/08\/Man_sitting_during_severe_drought_202608301209-768x428.jpg 768w, https:\/\/www.tuasaude.com\/news\/wp-content\/uploads\/2026\/08\/Man_sitting_during_severe_drought_202608301209-750x418.jpg 750w, https:\/\/www.tuasaude.com\/news\/wp-content\/uploads\/2026\/08\/Man_sitting_during_severe_drought_202608301209-1140x636.jpg 1140w, https:\/\/www.tuasaude.com\/news\/wp-content\/uploads\/2026\/08\/Man_sitting_during_severe_drought_202608301209.jpg 1280w\" sizes=\"(max-width: 1024px) 100vw, 1024px\" \/><figcaption class=\"wp-element-caption\">Estiagem e polui\u00e7\u00e3o podem piorar rinite, asma e outros sintomas respirat\u00f3rios.<\/figcaption><\/figure>\n<\/div>\n\n\n<h2 class=\"wp-block-heading\">Quando procurar avalia\u00e7\u00e3o m\u00e9dica?<\/h2>\n\n\n\n<p class=\"wp-block-paragraph\">Sintomas como tosse persistente, falta de ar, dor de cabe\u00e7a intensa, febre e presen\u00e7a de secre\u00e7\u00e3o com sangue ou pus n\u00e3o devem ser atribu\u00eddos apenas ao clima seco. Nesses casos, \u00e9 essencial buscar avalia\u00e7\u00e3o m\u00e9dica para descartar infec\u00e7\u00f5es e ajustar o tratamento.<\/p>\n\n\n\n<p class=\"wp-block-paragraph\">Pessoas com doen\u00e7as respirat\u00f3rias cr\u00f4nicas devem manter acompanhamento regular com pneumologista, alergologista ou otorrinolaringologista, especialmente em per\u00edodos de estiagem prolongada. Altera\u00e7\u00f5es no uso de medicamentos, incluindo bombinhas e corticoides, nunca devem ser feitas por conta pr\u00f3pria.<\/p>\n\n\n\n<p class=\"wp-block-paragraph\"><em>Este conte\u00fado tem car\u00e1ter apenas informativo e n\u00e3o substitui a avalia\u00e7\u00e3o de um profissional de sa\u00fade. Em caso de d\u00favidas ou sintomas persistentes, procure orienta\u00e7\u00e3o m\u00e9dica.<\/em><\/p>\n","protected":false},"excerpt":{"rendered":"<p>Quando a umidade do ar cai por longos per\u00edodos, as vias respirat\u00f3rias sofrem mais do que se percebe. O ressecamento das mucosas do nariz, da garganta e dos br\u00f4nquios reduz as defesas naturais e favorece o aparecimento de crises em quem tem asma, rinite ou sinusite. Em cidades afetadas por queimadas, o problema se agrava [&hellip;]<\/p>\n","protected":false},"author":11,"featured_media":105872,"comment_status":"open","ping_status":"open","sticky":false,"template":"","format":"standard","meta":{"_yoast_wpseo_focuskw":"ar seco","_yoast_wpseo_title":"","_yoast_wpseo_metadesc":"O ar seco reduz as defesas naturais das vias respirat\u00f3rias e pode piorar asma, rinite e sinusite. Saiba como a estiagem e as queimadas agravam os sintomas.","jnews-multi-image_gallery":[],"jnews_single_post":{"format":"standard"},"jnews_primary_category":[],"jnews_social_meta":[],"jnews_override_counter":[],"footnotes":""},"categories":[111],"tags":[9928,445,412,839],"class_list":["post-105866","post","type-post","status-publish","format-standard","has-post-thumbnail","hentry","category-saude","tag-ar-seco","tag-asma","tag-rinite","tag-sinusite"],"yoast_head":"<!-- This site is optimized with the Yoast SEO plugin v26.7 - https:\/\/yoast.com\/wordpress\/plugins\/seo\/ -->\n<title>Ar seco durante per\u00edodos de estiagem prolongada agrava sintomas de asma, rinite e sinusite - Tua Sa\u00fade<\/title>\n<meta name=\"description\" content=\"O ar seco reduz as defesas naturais das vias respirat\u00f3rias e pode piorar asma, rinite e sinusite. Saiba como a estiagem e as queimadas agravam os sintomas.\" \/>\n<meta name=\"robots\" content=\"index, follow, max-snippet:-1, max-image-preview:large, max-video-preview:-1\" \/>\n<link rel=\"canonical\" href=\"https:\/\/www.tuasaude.com\/news\/2026\/08\/30\/ar-seco-durante-periodos-de-estiagem-prolongada-agrava-sintomas-de-asma-rinite-e-sinusite\/\" \/>\n<meta property=\"og:locale\" content=\"pt_BR\" \/>\n<meta property=\"og:type\" content=\"article\" \/>\n<meta property=\"og:title\" content=\"Ar seco durante per\u00edodos de estiagem prolongada agrava sintomas de asma, rinite e sinusite - Tua Sa\u00fade\" \/>\n<meta property=\"og:description\" content=\"O ar seco reduz as defesas naturais das vias respirat\u00f3rias e pode piorar asma, rinite e sinusite. Saiba como a estiagem e as queimadas agravam os sintomas.\" \/>\n<meta property=\"og:url\" content=\"https:\/\/www.tuasaude.com\/news\/2026\/08\/30\/ar-seco-durante-periodos-de-estiagem-prolongada-agrava-sintomas-de-asma-rinite-e-sinusite\/\" \/>\n<meta property=\"og:site_name\" content=\"Tua Sa\u00fade\" \/>\n<meta property=\"article:published_time\" content=\"2026-08-30T22:40:00+00:00\" \/>\n<meta property=\"og:image\" content=\"https:\/\/www.tuasaude.com\/news\/wp-content\/uploads\/2026\/08\/Man_seated_during_severe_drought_202608301208.jpg\" \/>\n\t<meta property=\"og:image:width\" content=\"1280\" \/>\n\t<meta property=\"og:image:height\" content=\"714\" \/>\n\t<meta property=\"og:image:type\" content=\"image\/jpeg\" \/>\n<meta name=\"author\" content=\"Gessika Julia Carvalho\" \/>\n<meta name=\"twitter:card\" content=\"summary_large_image\" \/>\n<meta name=\"twitter:label1\" content=\"Escrito por\" \/>\n\t<meta name=\"twitter:data1\" content=\"Gessika Julia Carvalho\" \/>\n\t<meta name=\"twitter:label2\" content=\"Est. tempo de leitura\" \/>\n\t<meta name=\"twitter:data2\" content=\"5 minutos\" \/>\n<!-- \/ Yoast SEO plugin. -->","yoast_head_json":{"title":"Ar seco durante per\u00edodos de estiagem prolongada agrava sintomas de asma, rinite e sinusite - Tua Sa\u00fade","description":"O ar seco reduz as defesas naturais das vias respirat\u00f3rias e pode piorar asma, rinite e sinusite. Saiba como a estiagem e as queimadas agravam os sintomas.","robots":{"index":"index","follow":"follow","max-snippet":"max-snippet:-1","max-image-preview":"max-image-preview:large","max-video-preview":"max-video-preview:-1"},"canonical":"https:\/\/www.tuasaude.com\/news\/2026\/08\/30\/ar-seco-durante-periodos-de-estiagem-prolongada-agrava-sintomas-de-asma-rinite-e-sinusite\/","og_locale":"pt_BR","og_type":"article","og_title":"Ar seco durante per\u00edodos de estiagem prolongada agrava sintomas de asma, rinite e sinusite - Tua Sa\u00fade","og_description":"O ar seco reduz as defesas naturais das vias respirat\u00f3rias e pode piorar asma, rinite e sinusite. Saiba como a estiagem e as queimadas agravam os sintomas.","og_url":"https:\/\/www.tuasaude.com\/news\/2026\/08\/30\/ar-seco-durante-periodos-de-estiagem-prolongada-agrava-sintomas-de-asma-rinite-e-sinusite\/","og_site_name":"Tua Sa\u00fade","article_published_time":"2026-08-30T22:40:00+00:00","og_image":[{"width":1280,"height":714,"url":"https:\/\/www.tuasaude.com\/news\/wp-content\/uploads\/2026\/08\/Man_seated_during_severe_drought_202608301208.jpg","type":"image\/jpeg"}],"author":"Gessika Julia Carvalho","twitter_card":"summary_large_image","twitter_misc":{"Escrito por":"Gessika Julia Carvalho","Est. tempo de leitura":"5 minutos"},"schema":{"@context":"https:\/\/schema.org","@graph":[{"@type":"Article","@id":"https:\/\/www.tuasaude.com\/news\/2026\/08\/30\/ar-seco-durante-periodos-de-estiagem-prolongada-agrava-sintomas-de-asma-rinite-e-sinusite\/#article","isPartOf":{"@id":"https:\/\/www.tuasaude.com\/news\/2026\/08\/30\/ar-seco-durante-periodos-de-estiagem-prolongada-agrava-sintomas-de-asma-rinite-e-sinusite\/"},"author":{"name":"Gessika Julia Carvalho","@id":"https:\/\/www.tuasaude.com\/news\/#\/schema\/person\/2e9df841be69ec84f5d20ddb8d273ac2"},"headline":"Ar seco durante per\u00edodos de estiagem prolongada agrava sintomas de asma, rinite e sinusite","datePublished":"2026-08-30T22:40:00+00:00","mainEntityOfPage":{"@id":"https:\/\/www.tuasaude.com\/news\/2026\/08\/30\/ar-seco-durante-periodos-de-estiagem-prolongada-agrava-sintomas-de-asma-rinite-e-sinusite\/"},"wordCount":818,"commentCount":0,"image":{"@id":"https:\/\/www.tuasaude.com\/news\/2026\/08\/30\/ar-seco-durante-periodos-de-estiagem-prolongada-agrava-sintomas-de-asma-rinite-e-sinusite\/#primaryimage"},"thumbnailUrl":"https:\/\/www.tuasaude.com\/news\/wp-content\/uploads\/2026\/08\/Man_seated_during_severe_drought_202608301208.jpg","keywords":["ar seco","asma","rinite","sinusite"],"articleSection":["Sa\u00fade"],"inLanguage":"pt-BR","potentialAction":[{"@type":"CommentAction","name":"Comment","target":["https:\/\/www.tuasaude.com\/news\/2026\/08\/30\/ar-seco-durante-periodos-de-estiagem-prolongada-agrava-sintomas-de-asma-rinite-e-sinusite\/#respond"]}]},{"@type":"WebPage","@id":"https:\/\/www.tuasaude.com\/news\/2026\/08\/30\/ar-seco-durante-periodos-de-estiagem-prolongada-agrava-sintomas-de-asma-rinite-e-sinusite\/","url":"https:\/\/www.tuasaude.com\/news\/2026\/08\/30\/ar-seco-durante-periodos-de-estiagem-prolongada-agrava-sintomas-de-asma-rinite-e-sinusite\/","name":"Ar seco durante per\u00edodos de estiagem prolongada agrava sintomas de asma, rinite e sinusite - Tua Sa\u00fade","isPartOf":{"@id":"https:\/\/www.tuasaude.com\/news\/#website"},"primaryImageOfPage":{"@id":"https:\/\/www.tuasaude.com\/news\/2026\/08\/30\/ar-seco-durante-periodos-de-estiagem-prolongada-agrava-sintomas-de-asma-rinite-e-sinusite\/#primaryimage"},"image":{"@id":"https:\/\/www.tuasaude.com\/news\/2026\/08\/30\/ar-seco-durante-periodos-de-estiagem-prolongada-agrava-sintomas-de-asma-rinite-e-sinusite\/#primaryimage"},"thumbnailUrl":"https:\/\/www.tuasaude.com\/news\/wp-content\/uploads\/2026\/08\/Man_seated_during_severe_drought_202608301208.jpg","datePublished":"2026-08-30T22:40:00+00:00","author":{"@id":"https:\/\/www.tuasaude.com\/news\/#\/schema\/person\/2e9df841be69ec84f5d20ddb8d273ac2"},"description":"O ar seco reduz as defesas naturais das vias respirat\u00f3rias e pode piorar asma, rinite e sinusite. Saiba como a estiagem e as queimadas agravam os sintomas.","breadcrumb":{"@id":"https:\/\/www.tuasaude.com\/news\/2026\/08\/30\/ar-seco-durante-periodos-de-estiagem-prolongada-agrava-sintomas-de-asma-rinite-e-sinusite\/#breadcrumb"},"inLanguage":"pt-BR","potentialAction":[{"@type":"ReadAction","target":["https:\/\/www.tuasaude.com\/news\/2026\/08\/30\/ar-seco-durante-periodos-de-estiagem-prolongada-agrava-sintomas-de-asma-rinite-e-sinusite\/"]}]},{"@type":"ImageObject","inLanguage":"pt-BR","@id":"https:\/\/www.tuasaude.com\/news\/2026\/08\/30\/ar-seco-durante-periodos-de-estiagem-prolongada-agrava-sintomas-de-asma-rinite-e-sinusite\/#primaryimage","url":"https:\/\/www.tuasaude.com\/news\/wp-content\/uploads\/2026\/08\/Man_seated_during_severe_drought_202608301208.jpg","contentUrl":"https:\/\/www.tuasaude.com\/news\/wp-content\/uploads\/2026\/08\/Man_seated_during_severe_drought_202608301208.jpg","width":1280,"height":714,"caption":"Ar seco durante per\u00edodos de estiagem prolongada agrava sintomas de asma, rinite e sinusite"},{"@type":"BreadcrumbList","@id":"https:\/\/www.tuasaude.com\/news\/2026\/08\/30\/ar-seco-durante-periodos-de-estiagem-prolongada-agrava-sintomas-de-asma-rinite-e-sinusite\/#breadcrumb","itemListElement":[{"@type":"ListItem","position":1,"name":"In\u00edcio","item":"https:\/\/www.tuasaude.com\/news\/"},{"@type":"ListItem","position":2,"name":"Ar seco durante per\u00edodos de estiagem prolongada agrava sintomas de asma, rinite e sinusite"}]},{"@type":"WebSite","@id":"https:\/\/www.tuasaude.com\/news\/#website","url":"https:\/\/www.tuasaude.com\/news\/","name":"Tua Sa\u00fade","description":"Seu site de sa\u00fade","potentialAction":[{"@type":"SearchAction","target":{"@type":"EntryPoint","urlTemplate":"https:\/\/www.tuasaude.com\/news\/?s={search_term_string}"},"query-input":{"@type":"PropertyValueSpecification","valueRequired":true,"valueName":"search_term_string"}}],"inLanguage":"pt-BR"},{"@type":"Person","@id":"https:\/\/www.tuasaude.com\/news\/#\/schema\/person\/2e9df841be69ec84f5d20ddb8d273ac2","name":"Gessika Julia Carvalho","image":{"@type":"ImageObject","inLanguage":"pt-BR","@id":"https:\/\/www.tuasaude.com\/news\/#\/schema\/person\/image\/","url":"https:\/\/secure.gravatar.com\/avatar\/0fcc8769024577fd0bc6a8b766055690f76a8e8f29dfb2a2f89cf04db8d0f2d2?s=96&d=mm&r=g","contentUrl":"https:\/\/secure.gravatar.com\/avatar\/0fcc8769024577fd0bc6a8b766055690f76a8e8f29dfb2a2f89cf04db8d0f2d2?s=96&d=mm&r=g","caption":"Gessika Julia Carvalho"},"sameAs":["https:\/\/www.tuasaude.com\/news\/"],"url":"https:\/\/www.tuasaude.com\/news\/author\/gessika-julia\/"}]}},"_links":{"self":[{"href":"https:\/\/www.tuasaude.com\/news\/wp-json\/wp\/v2\/posts\/105866","targetHints":{"allow":["GET"]}}],"collection":[{"href":"https:\/\/www.tuasaude.com\/news\/wp-json\/wp\/v2\/posts"}],"about":[{"href":"https:\/\/www.tuasaude.com\/news\/wp-json\/wp\/v2\/types\/post"}],"author":[{"embeddable":true,"href":"https:\/\/www.tuasaude.com\/news\/wp-json\/wp\/v2\/users\/11"}],"replies":[{"embeddable":true,"href":"https:\/\/www.tuasaude.com\/news\/wp-json\/wp\/v2\/comments?post=105866"}],"version-history":[{"count":1,"href":"https:\/\/www.tuasaude.com\/news\/wp-json\/wp\/v2\/posts\/105866\/revisions"}],"predecessor-version":[{"id":105875,"href":"https:\/\/www.tuasaude.com\/news\/wp-json\/wp\/v2\/posts\/105866\/revisions\/105875"}],"wp:featuredmedia":[{"embeddable":true,"href":"https:\/\/www.tuasaude.com\/news\/wp-json\/wp\/v2\/media\/105872"}],"wp:attachment":[{"href":"https:\/\/www.tuasaude.com\/news\/wp-json\/wp\/v2\/media?parent=105866"}],"wp:term":[{"taxonomy":"category","embeddable":true,"href":"https:\/\/www.tuasaude.com\/news\/wp-json\/wp\/v2\/categories?post=105866"},{"taxonomy":"post_tag","embeddable":true,"href":"https:\/\/www.tuasaude.com\/news\/wp-json\/wp\/v2\/tags?post=105866"}],"curies":[{"name":"wp","href":"https:\/\/api.w.org\/{rel}","templated":true}]}}