{"id":1057,"date":"2026-01-20T09:32:05","date_gmt":"2026-01-20T12:32:05","guid":{"rendered":"https:\/\/www.tuasaude.com\/news\/?p=1057"},"modified":"2026-01-20T12:21:58","modified_gmt":"2026-01-20T15:21:58","slug":"o-uso-diario-do-protetor-solar-pode-evitar-danos-que-voce-nao-ve-na-pele","status":"publish","type":"post","link":"https:\/\/www.tuasaude.com\/news\/2026\/01\/20\/o-uso-diario-do-protetor-solar-pode-evitar-danos-que-voce-nao-ve-na-pele\/","title":{"rendered":"O uso di\u00e1rio do protetor solar pode evitar danos que voc\u00ea n\u00e3o v\u00ea na pele"},"content":{"rendered":"\n<p>O uso di\u00e1rio do <strong><a href=\"https:\/\/www.tuasaude.com\/saiba-qual-e-o-melhor-protetor-solar-para-cada-pele\/\" target=\"_blank\" rel=\"noreferrer noopener\">protetor solar<\/a><\/strong> \u00e9 a medida mais eficaz para prevenir o envelhecimento precoce, manchas e o c\u00e2ncer de pele, independentemente do clima ou esta\u00e7\u00e3o. Compreender a ci\u00eancia por tr\u00e1s dos filtros solares permite escolher o produto ideal para garantir que sua <strong><a href=\"https:\/\/www.tuasaude.com\/tratamentos-para-lupus\/\" target=\"_blank\" rel=\"noreferrer noopener\">pele<\/a><\/strong> receba a prote\u00e7\u00e3o necess\u00e1ria contra os danos invis\u00edveis da radia\u00e7\u00e3o ultravioleta.<\/p>\n\n\n\n<h2 class=\"wp-block-heading\">Por que usar protetor solar todos os dias?<\/h2>\n\n\n\n<p>A radia\u00e7\u00e3o ultravioleta causa danos cumulativos ao DNA celular e degrada as fibras de col\u00e1geno, resultando em rugas e perda de firmeza. O estudo <strong>&#8220;<a href=\"https:\/\/pubmed.ncbi.nlm.nih.gov\/23732711\/\" target=\"_blank\" rel=\"noreferrer noopener\">Sunscreen and prevention of skin aging: a randomized trial<\/a>&#8220;<\/strong>, comprovou que o uso di\u00e1rio reduz o envelhecimento da pele em 24% comparado ao uso ocasional.<\/p>\n\n\n\n<p>Mesmo em ambientes fechados, a luz vis\u00edvel e os raios UVA atravessam vidros e janelas, mantendo o processo de oxida\u00e7\u00e3o celular ativo. A prote\u00e7\u00e3o constante \u00e9 a principal estrat\u00e9gia de sa\u00fade p\u00fablica para evitar o fotoenvelhecimento e o surgimento de <strong><a href=\"https:\/\/www.tuasaude.com\/3-truques-para-a-queimadura-nao-manchar-a-pele\/\" target=\"_blank\" rel=\"noreferrer noopener\">les\u00f5es<\/a><\/strong> pr\u00e9-cancer\u00edgenas em longo prazo.<\/p>\n\n\n\n<h2 class=\"wp-block-heading\">Como escolher o melhor produto para sua pele?<\/h2>\n\n\n\n<p>A escolha do fotoprotetor deve respeitar as caracter\u00edsticas fisiol\u00f3gicas de cada indiv\u00edduo para garantir efic\u00e1cia e conforto. Conforme detalhado no estudo <strong>&#8220;<a href=\"http:\/\/ndl.ethernet.edu.et\/bitstream\/123456789\/57464\/1\/29.pdf.pdf\" target=\"_blank\" rel=\"noreferrer noopener\">Sunscreen <strong>and <\/strong>Photoprotection<\/a>&#8220;<\/strong>, a ades\u00e3o ao tratamento depende diretamente da cosm\u00e9tica do produto.<\/p>\n\n\n\n<ul class=\"wp-block-list\">\n<li><strong>Peles oleosas:<\/strong> Beneficiam-se de ve\u00edculos em gel-creme com toque seco e s\u00edlica, que controlam o brilho excessivo.<\/li>\n\n\n\n<li><strong>Peles secas:<\/strong> Devem buscar formula\u00e7\u00f5es com agentes oclusivos e hidratantes que reforcem a barreira cut\u00e2nea.<\/li>\n\n\n\n<li><strong>Peles sens\u00edveis:<\/strong> O uso de filtros minerais (f\u00edsicos) \u00e9 recomendado por serem inertes e apresentarem menor risco de dermatite de contato.<\/li>\n<\/ul>\n\n\n<div class=\"wp-block-image\">\n<figure class=\"aligncenter size-large\"><img decoding=\"async\" width=\"1024\" height=\"585\" src=\"https:\/\/www.tuasaude.com\/news\/wp-content\/uploads\/2026\/01\/freepik__35mm-film-photography-close-em-mos-aplicando-prote__90553-1024x585.jpeg\" alt=\"O uso di\u00e1rio do protetor solar pode evitar danos que voc\u00ea n\u00e3o v\u00ea na pele\" class=\"wp-image-1107\"\/><figcaption class=\"wp-element-caption\">A escolha do fotoprotetor deve respeitar as caracter\u00edsticas fisiol\u00f3gicas de cada indiv\u00edduo para garantir efic\u00e1cia e conforto<\/figcaption><\/figure>\n<\/div>\n\n\n<h2 class=\"wp-block-heading\">Qual \u00e9 a forma correta de aplicar?<\/h2>\n\n\n\n<p>A efic\u00e1cia do FPS rotulado depende estritamente da quantidade de produto aplicada, que raramente \u00e9 seguida pelos usu\u00e1rios comuns. A pesquisa <strong>&#8220;<a href=\"https:\/\/pubmed.ncbi.nlm.nih.gov\/37799082\/\" target=\"_blank\" rel=\"noreferrer noopener\">Application of SunscreensWhen should sunscreen be applied: The balance between health benefit and adverse consequences to humans and the environment<\/a>&#8220;<\/strong>,  revela que a aplica\u00e7\u00e3o insuficiente reduz drasticamente a prote\u00e7\u00e3o real esperada.<\/p>\n\n\n\n<ol start=\"1\" class=\"wp-block-list\">\n<li>Aplique a &#8220;regra da colher de ch\u00e1&#8221; (aproximadamente 2mg por cm\u00b2) para cobrir rosto, pesco\u00e7o e orelhas de forma uniforme.<\/li>\n\n\n\n<li>Espalhe o produto 15 a 30 minutos antes da exposi\u00e7\u00e3o solar direta para permitir a forma\u00e7\u00e3o de uma camada protetora est\u00e1vel.<\/li>\n\n\n\n<li>Reaplique o protetor rigorosamente a cada duas horas em atividades externas ou imediatamente ap\u00f3s suor intenso e banhos.<\/li>\n<\/ol>\n\n\n\n<h2 class=\"wp-block-heading\">Quais s\u00e3o as diferen\u00e7as entre os filtros?<\/h2>\n\n\n\n<p>Os filtros solares atuam por mecanismos distintos: os qu\u00edmicos absorvem a energia UV, enquanto os f\u00edsicos refletem os raios. A combina\u00e7\u00e3o de ambos oferece prote\u00e7\u00e3o de amplo espectro. Veja as caracter\u00edsticas de cada uma deles na tabela abaixo:<\/p>\n\n\n\n<table style=\"width: 100%; border-collapse: collapse; font-family: sans-serif; box-shadow: 0 4px 8px rgba(0,0,0,0.1); border: 1px solid #e0e0e0;\">\n  <thead>\n    <tr style=\"background-color: #f2f5f8; color: #2c3e50; text-align: left; border-bottom: 2px solid #3498db;\">\n      <th style=\"padding: 15px; border: 1px solid #e0e0e0;\">Caracter\u00edstica<\/th>\n      <th style=\"padding: 15px; border: 1px solid #e0e0e0;\">Filtros F\u00edsicos (Inorg\u00e2nicos)<\/th>\n      <th style=\"padding: 15px; border: 1px solid #e0e0e0;\">Filtros Qu\u00edmicos (Org\u00e2nicos)<\/th>\n    <\/tr>\n  <\/thead>\n  <tbody>\n    <tr>\n      <td style=\"padding: 12px; border: 1px solid #e0e0e0; font-weight: bold; background-color: #fafafa;\">Mecanismo de A\u00e7\u00e3o<\/td>\n      <td style=\"padding: 12px; border: 1px solid #e0e0e0;\">Atuam como uma barreira, <strong>refletindo e dispersando<\/strong> a radia\u00e7\u00e3o UV.<\/td>\n      <td style=\"padding: 12px; border: 1px solid #e0e0e0;\">Atuam <strong>absorvendo<\/strong> a energia UV e transformando-a em calor.<\/td>\n    <\/tr>\n    <tr style=\"background-color: #fdfdfd;\">\n      <td style=\"padding: 12px; border: 1px solid #e0e0e0; font-weight: bold; background-color: #fafafa;\">Principais Ativos<\/td>\n      <td style=\"padding: 12px; border: 1px solid #e0e0e0;\">\u00d3xido de Zinco e Di\u00f3xido de Tit\u00e2nio.<\/td>\n      <td style=\"padding: 12px; border: 1px solid #e0e0e0;\">Avobenzona, Oxibenzona, Octocrileno, etc.<\/td>\n    <\/tr>\n    <tr>\n      <td style=\"padding: 12px; border: 1px solid #e0e0e0; font-weight: bold; background-color: #fafafa;\">Prote\u00e7\u00e3o de Luz Vis\u00edvel<\/td>\n      <td style=\"padding: 12px; border: 1px solid #e0e0e0;\">Alta (especialmente eficaz para <strong>Melasma<\/strong>).<\/td>\n      <td style=\"padding: 12px; border: 1px solid #e0e0e0;\">Baixa (a menos que possuam cor ou ativos espec\u00edficos).<\/td>\n    <\/tr>\n    <tr style=\"background-color: #fdfdfd;\">\n      <td style=\"padding: 12px; border: 1px solid #e0e0e0; font-weight: bold; background-color: #fafafa;\">Cosm\u00e9tica e Textura<\/td>\n      <td style=\"padding: 12px; border: 1px solid #e0e0e0;\">Mais densos; podem deixar res\u00edduo branco (<em>white cast<\/em>).<\/td>\n      <td style=\"padding: 12px; border: 1px solid #e0e0e0;\">Texturas fluidas, leves e <strong>invis\u00edveis<\/strong> sobre a pele.<\/td>\n    <\/tr>\n    <tr>\n      <td style=\"padding: 12px; border: 1px solid #e0e0e0; font-weight: bold; background-color: #fafafa;\">Perfil de Seguran\u00e7a<\/td>\n      <td style=\"padding: 12px; border: 1px solid #e0e0e0;\">Ideais para peles sens\u00edveis, gestantes e crian\u00e7as.<\/td>\n      <td style=\"padding: 12px; border: 1px solid #e0e0e0;\">Excelente para uso di\u00e1rio, sob maquiagem e grandes \u00e1reas.<\/td>\n    <\/tr>\n  <\/tbody>\n<\/table>\n\n\n\n<h2 class=\"wp-block-heading\">Como o protetor previne doen\u00e7as graves?<\/h2>\n\n\n\n<p>O impacto preventivo do filtro solar na redu\u00e7\u00e3o de tumores malignos \u00e9 um dos fatos mais bem documentados na dermatologia moderna. O estudo cl\u00ednico de longo prazo <strong>&#8220;<a href=\"https:\/\/pubmed.ncbi.nlm.nih.gov\/21135266\/\" target=\"_blank\" rel=\"noreferrer noopener\">Reduced melanoma after regular sunscreen use: randomized trial follow-up<\/a>&#8220;<\/strong>, demonstrou uma redu\u00e7\u00e3o de 50% na incid\u00eancia de melanoma em usu\u00e1rios regulares.<\/p>\n\n\n\n<p>Al\u00e9m do melanoma, a fotoprote\u00e7\u00e3o di\u00e1ria previne o carcinoma espinocelular e outras formas de c\u00e2ncer de pele n\u00e3o melanoma. Proteger a pele hoje \u00e9 um investimento direto na sa\u00fade sist\u00eamica e na integridade celular, evitando cirurgias e tratamentos invasivos no futuro.<\/p>\n\n\n\n<p><strong>Lembre-se: Este conte\u00fado \u00e9 informativo. \u00c9 indispens\u00e1vel buscar orienta\u00e7\u00e3o m\u00e9dica profissional com um dermatologista para avaliar as necessidades espec\u00edficas da sua pele.<\/strong><\/p>\n\n\n\n<p><\/p>\n","protected":false},"excerpt":{"rendered":"<p>O uso di\u00e1rio do protetor solar \u00e9 a medida mais eficaz para prevenir o envelhecimento precoce, manchas e o c\u00e2ncer de pele, independentemente do clima ou esta\u00e7\u00e3o. Compreender a ci\u00eancia por tr\u00e1s dos filtros solares permite escolher o produto ideal para garantir que sua pele receba a prote\u00e7\u00e3o necess\u00e1ria contra os danos invis\u00edveis da radia\u00e7\u00e3o [&hellip;]<\/p>\n","protected":false},"author":9,"featured_media":1106,"comment_status":"open","ping_status":"open","sticky":false,"template":"","format":"standard","meta":{"_yoast_wpseo_focuskw":"protetor solar todos os dias","_yoast_wpseo_title":"O uso di\u00e1rio do protetor solar pode evitar danos que voc\u00ea n\u00e3o v\u00ea","_yoast_wpseo_metadesc":"Entenda por que o protetor solar todos os dias \u00e9 essencial para proteger a pele dos danos invis\u00edveis da radia\u00e7\u00e3o e manter a sa\u00fade cut\u00e2nea.","jnews-multi-image_gallery":[],"jnews_single_post":{"format":"standard"},"jnews_primary_category":[],"jnews_social_meta":[],"jnews_override_counter":[],"footnotes":""},"categories":[111],"tags":[281,155,350,349],"class_list":["post-1057","post","type-post","status-publish","format-standard","has-post-thumbnail","hentry","category-saude","tag-cuidados-com-a-pele","tag-pele","tag-protecao-solar","tag-protetor-solar-todos-os-dias"],"yoast_head":"<!-- This site is optimized with the Yoast SEO plugin v26.7 - https:\/\/yoast.com\/wordpress\/plugins\/seo\/ -->\n<title>O uso di\u00e1rio do protetor solar pode evitar danos que voc\u00ea n\u00e3o v\u00ea<\/title>\n<meta name=\"description\" content=\"Entenda por que o protetor solar todos os dias \u00e9 essencial para proteger a pele dos danos invis\u00edveis da radia\u00e7\u00e3o e manter a sa\u00fade cut\u00e2nea.\" \/>\n<meta name=\"robots\" content=\"index, follow, max-snippet:-1, max-image-preview:large, max-video-preview:-1\" \/>\n<link rel=\"canonical\" href=\"https:\/\/www.tuasaude.com\/news\/2026\/01\/20\/o-uso-diario-do-protetor-solar-pode-evitar-danos-que-voce-nao-ve-na-pele\/\" \/>\n<meta property=\"og:locale\" content=\"pt_BR\" \/>\n<meta property=\"og:type\" content=\"article\" \/>\n<meta property=\"og:title\" content=\"O uso di\u00e1rio do protetor solar pode evitar danos que voc\u00ea n\u00e3o v\u00ea\" \/>\n<meta property=\"og:description\" content=\"Entenda por que o protetor solar todos os dias \u00e9 essencial para proteger a pele dos danos invis\u00edveis da radia\u00e7\u00e3o e manter a sa\u00fade cut\u00e2nea.\" \/>\n<meta property=\"og:url\" content=\"https:\/\/www.tuasaude.com\/news\/2026\/01\/20\/o-uso-diario-do-protetor-solar-pode-evitar-danos-que-voce-nao-ve-na-pele\/\" \/>\n<meta property=\"og:site_name\" content=\"Tua Sa\u00fade\" \/>\n<meta property=\"article:published_time\" content=\"2026-01-20T12:32:05+00:00\" \/>\n<meta property=\"article:modified_time\" content=\"2026-01-20T15:21:58+00:00\" \/>\n<meta property=\"og:image\" content=\"https:\/\/www.tuasaude.com\/news\/wp-content\/uploads\/2026\/01\/freepik__35mm-film-photography-pessoa-adulta-saudvel-aplica__90552-scaled-e1768731471844.jpeg\" \/>\n\t<meta property=\"og:image:width\" content=\"1280\" \/>\n\t<meta property=\"og:image:height\" content=\"732\" \/>\n\t<meta property=\"og:image:type\" content=\"image\/jpeg\" \/>\n<meta name=\"author\" content=\"Roberta Patriota\" \/>\n<meta name=\"twitter:card\" content=\"summary_large_image\" \/>\n<meta name=\"twitter:label1\" content=\"Escrito por\" \/>\n\t<meta name=\"twitter:data1\" content=\"Roberta Patriota\" \/>\n\t<meta name=\"twitter:label2\" content=\"Est. tempo de leitura\" \/>\n\t<meta name=\"twitter:data2\" content=\"4 minutos\" \/>\n<!-- \/ Yoast SEO plugin. -->","yoast_head_json":{"title":"O uso di\u00e1rio do protetor solar pode evitar danos que voc\u00ea n\u00e3o v\u00ea","description":"Entenda por que o protetor solar todos os dias \u00e9 essencial para proteger a pele dos danos invis\u00edveis da radia\u00e7\u00e3o e manter a sa\u00fade cut\u00e2nea.","robots":{"index":"index","follow":"follow","max-snippet":"max-snippet:-1","max-image-preview":"max-image-preview:large","max-video-preview":"max-video-preview:-1"},"canonical":"https:\/\/www.tuasaude.com\/news\/2026\/01\/20\/o-uso-diario-do-protetor-solar-pode-evitar-danos-que-voce-nao-ve-na-pele\/","og_locale":"pt_BR","og_type":"article","og_title":"O uso di\u00e1rio do protetor solar pode evitar danos que voc\u00ea n\u00e3o v\u00ea","og_description":"Entenda por que o protetor solar todos os dias \u00e9 essencial para proteger a pele dos danos invis\u00edveis da radia\u00e7\u00e3o e manter a sa\u00fade cut\u00e2nea.","og_url":"https:\/\/www.tuasaude.com\/news\/2026\/01\/20\/o-uso-diario-do-protetor-solar-pode-evitar-danos-que-voce-nao-ve-na-pele\/","og_site_name":"Tua Sa\u00fade","article_published_time":"2026-01-20T12:32:05+00:00","article_modified_time":"2026-01-20T15:21:58+00:00","og_image":[{"width":1280,"height":732,"url":"https:\/\/www.tuasaude.com\/news\/wp-content\/uploads\/2026\/01\/freepik__35mm-film-photography-pessoa-adulta-saudvel-aplica__90552-scaled-e1768731471844.jpeg","type":"image\/jpeg"}],"author":"Roberta Patriota","twitter_card":"summary_large_image","twitter_misc":{"Escrito por":"Roberta Patriota","Est. tempo de leitura":"4 minutos"},"schema":{"@context":"https:\/\/schema.org","@graph":[{"@type":"Article","@id":"https:\/\/www.tuasaude.com\/news\/2026\/01\/20\/o-uso-diario-do-protetor-solar-pode-evitar-danos-que-voce-nao-ve-na-pele\/#article","isPartOf":{"@id":"https:\/\/www.tuasaude.com\/news\/2026\/01\/20\/o-uso-diario-do-protetor-solar-pode-evitar-danos-que-voce-nao-ve-na-pele\/"},"author":{"name":"Roberta Patriota","@id":"https:\/\/www.tuasaude.com\/news\/#\/schema\/person\/27adc41011393316b12ef997ca893e44"},"headline":"O uso di\u00e1rio do protetor solar pode evitar danos que voc\u00ea n\u00e3o v\u00ea na pele","datePublished":"2026-01-20T12:32:05+00:00","dateModified":"2026-01-20T15:21:58+00:00","mainEntityOfPage":{"@id":"https:\/\/www.tuasaude.com\/news\/2026\/01\/20\/o-uso-diario-do-protetor-solar-pode-evitar-danos-que-voce-nao-ve-na-pele\/"},"wordCount":742,"commentCount":0,"image":{"@id":"https:\/\/www.tuasaude.com\/news\/2026\/01\/20\/o-uso-diario-do-protetor-solar-pode-evitar-danos-que-voce-nao-ve-na-pele\/#primaryimage"},"thumbnailUrl":"https:\/\/www.tuasaude.com\/news\/wp-content\/uploads\/2026\/01\/freepik__35mm-film-photography-pessoa-adulta-saudvel-aplica__90552-scaled-e1768731471844.jpeg","keywords":["cuidados com a pele","pele","prote\u00e7\u00e3o solar","protetor solar todos os dias"],"articleSection":["Sa\u00fade"],"inLanguage":"pt-BR","potentialAction":[{"@type":"CommentAction","name":"Comment","target":["https:\/\/www.tuasaude.com\/news\/2026\/01\/20\/o-uso-diario-do-protetor-solar-pode-evitar-danos-que-voce-nao-ve-na-pele\/#respond"]}]},{"@type":"WebPage","@id":"https:\/\/www.tuasaude.com\/news\/2026\/01\/20\/o-uso-diario-do-protetor-solar-pode-evitar-danos-que-voce-nao-ve-na-pele\/","url":"https:\/\/www.tuasaude.com\/news\/2026\/01\/20\/o-uso-diario-do-protetor-solar-pode-evitar-danos-que-voce-nao-ve-na-pele\/","name":"O uso di\u00e1rio do protetor solar pode evitar danos que voc\u00ea n\u00e3o v\u00ea","isPartOf":{"@id":"https:\/\/www.tuasaude.com\/news\/#website"},"primaryImageOfPage":{"@id":"https:\/\/www.tuasaude.com\/news\/2026\/01\/20\/o-uso-diario-do-protetor-solar-pode-evitar-danos-que-voce-nao-ve-na-pele\/#primaryimage"},"image":{"@id":"https:\/\/www.tuasaude.com\/news\/2026\/01\/20\/o-uso-diario-do-protetor-solar-pode-evitar-danos-que-voce-nao-ve-na-pele\/#primaryimage"},"thumbnailUrl":"https:\/\/www.tuasaude.com\/news\/wp-content\/uploads\/2026\/01\/freepik__35mm-film-photography-pessoa-adulta-saudvel-aplica__90552-scaled-e1768731471844.jpeg","datePublished":"2026-01-20T12:32:05+00:00","dateModified":"2026-01-20T15:21:58+00:00","author":{"@id":"https:\/\/www.tuasaude.com\/news\/#\/schema\/person\/27adc41011393316b12ef997ca893e44"},"description":"Entenda por que o protetor solar todos os dias \u00e9 essencial para proteger a pele dos danos invis\u00edveis da radia\u00e7\u00e3o e manter a sa\u00fade cut\u00e2nea.","breadcrumb":{"@id":"https:\/\/www.tuasaude.com\/news\/2026\/01\/20\/o-uso-diario-do-protetor-solar-pode-evitar-danos-que-voce-nao-ve-na-pele\/#breadcrumb"},"inLanguage":"pt-BR","potentialAction":[{"@type":"ReadAction","target":["https:\/\/www.tuasaude.com\/news\/2026\/01\/20\/o-uso-diario-do-protetor-solar-pode-evitar-danos-que-voce-nao-ve-na-pele\/"]}]},{"@type":"ImageObject","inLanguage":"pt-BR","@id":"https:\/\/www.tuasaude.com\/news\/2026\/01\/20\/o-uso-diario-do-protetor-solar-pode-evitar-danos-que-voce-nao-ve-na-pele\/#primaryimage","url":"https:\/\/www.tuasaude.com\/news\/wp-content\/uploads\/2026\/01\/freepik__35mm-film-photography-pessoa-adulta-saudvel-aplica__90552-scaled-e1768731471844.jpeg","contentUrl":"https:\/\/www.tuasaude.com\/news\/wp-content\/uploads\/2026\/01\/freepik__35mm-film-photography-pessoa-adulta-saudvel-aplica__90552-scaled-e1768731471844.jpeg","width":1280,"height":732,"caption":"A escolha do fotoprotetor deve respeitar as caracter\u00edsticas fisiol\u00f3gicas de cada indiv\u00edduo para garantir efic\u00e1cia e conforto"},{"@type":"BreadcrumbList","@id":"https:\/\/www.tuasaude.com\/news\/2026\/01\/20\/o-uso-diario-do-protetor-solar-pode-evitar-danos-que-voce-nao-ve-na-pele\/#breadcrumb","itemListElement":[{"@type":"ListItem","position":1,"name":"In\u00edcio","item":"https:\/\/www.tuasaude.com\/news\/"},{"@type":"ListItem","position":2,"name":"O uso di\u00e1rio do protetor solar pode evitar danos que voc\u00ea n\u00e3o v\u00ea na pele"}]},{"@type":"WebSite","@id":"https:\/\/www.tuasaude.com\/news\/#website","url":"https:\/\/www.tuasaude.com\/news\/","name":"Tua Sa\u00fade","description":"Seu site de sa\u00fade","potentialAction":[{"@type":"SearchAction","target":{"@type":"EntryPoint","urlTemplate":"https:\/\/www.tuasaude.com\/news\/?s={search_term_string}"},"query-input":{"@type":"PropertyValueSpecification","valueRequired":true,"valueName":"search_term_string"}}],"inLanguage":"pt-BR"},{"@type":"Person","@id":"https:\/\/www.tuasaude.com\/news\/#\/schema\/person\/27adc41011393316b12ef997ca893e44","name":"Roberta Patriota","image":{"@type":"ImageObject","inLanguage":"pt-BR","@id":"https:\/\/www.tuasaude.com\/news\/#\/schema\/person\/image\/","url":"https:\/\/secure.gravatar.com\/avatar\/40fc934d21bfa38a60909bb2e5f2ec503dcd4d849aa772e107feb32efe75c210?s=96&d=mm&r=g","contentUrl":"https:\/\/secure.gravatar.com\/avatar\/40fc934d21bfa38a60909bb2e5f2ec503dcd4d849aa772e107feb32efe75c210?s=96&d=mm&r=g","caption":"Roberta Patriota"},"sameAs":["https:\/\/www.tuasaude.com\/news\/"],"url":"https:\/\/www.tuasaude.com\/news\/author\/roberta-patriota\/"}]}},"_links":{"self":[{"href":"https:\/\/www.tuasaude.com\/news\/wp-json\/wp\/v2\/posts\/1057","targetHints":{"allow":["GET"]}}],"collection":[{"href":"https:\/\/www.tuasaude.com\/news\/wp-json\/wp\/v2\/posts"}],"about":[{"href":"https:\/\/www.tuasaude.com\/news\/wp-json\/wp\/v2\/types\/post"}],"author":[{"embeddable":true,"href":"https:\/\/www.tuasaude.com\/news\/wp-json\/wp\/v2\/users\/9"}],"replies":[{"embeddable":true,"href":"https:\/\/www.tuasaude.com\/news\/wp-json\/wp\/v2\/comments?post=1057"}],"version-history":[{"count":4,"href":"https:\/\/www.tuasaude.com\/news\/wp-json\/wp\/v2\/posts\/1057\/revisions"}],"predecessor-version":[{"id":1287,"href":"https:\/\/www.tuasaude.com\/news\/wp-json\/wp\/v2\/posts\/1057\/revisions\/1287"}],"wp:featuredmedia":[{"embeddable":true,"href":"https:\/\/www.tuasaude.com\/news\/wp-json\/wp\/v2\/media\/1106"}],"wp:attachment":[{"href":"https:\/\/www.tuasaude.com\/news\/wp-json\/wp\/v2\/media?parent=1057"}],"wp:term":[{"taxonomy":"category","embeddable":true,"href":"https:\/\/www.tuasaude.com\/news\/wp-json\/wp\/v2\/categories?post=1057"},{"taxonomy":"post_tag","embeddable":true,"href":"https:\/\/www.tuasaude.com\/news\/wp-json\/wp\/v2\/tags?post=1057"}],"curies":[{"name":"wp","href":"https:\/\/api.w.org\/{rel}","templated":true}]}}