{"id":105668,"date":"2026-08-30T21:30:00","date_gmt":"2026-08-31T00:30:00","guid":{"rendered":"https:\/\/www.tuasaude.com\/news\/?p=105668"},"modified":"2026-08-30T07:20:37","modified_gmt":"2026-08-30T10:20:37","slug":"a-boca-seca-constante-durante-o-dia-nem-sempre-se-deve-a-falta-de-agua-mas-tambem-ao-uso-continuo-de-certos-medicamentos","status":"publish","type":"post","link":"https:\/\/www.tuasaude.com\/news\/2026\/08\/30\/a-boca-seca-constante-durante-o-dia-nem-sempre-se-deve-a-falta-de-agua-mas-tambem-ao-uso-continuo-de-certos-medicamentos\/","title":{"rendered":"A boca seca constante durante o dia nem sempre se deve \u00e0 falta de \u00e1gua, mas tamb\u00e9m ao uso cont\u00ednuo de certos medicamentos"},"content":{"rendered":"\n<p class=\"wp-block-paragraph\"><strong>Boca seca<\/strong> persistente ao longo do dia costuma ser associada apenas \u00e0 baixa <strong>hidrata\u00e7\u00e3o<\/strong>, mas essa sensa\u00e7\u00e3o tamb\u00e9m pode surgir quando a produ\u00e7\u00e3o de <strong>saliva<\/strong> cai por efeito de certos <strong>medicamentos<\/strong>. Quando a mucosa oral fica ressecada, aumentam o desconforto para falar, mastigar e engolir, al\u00e9m do risco de mau h\u00e1lito, c\u00e1ries e irrita\u00e7\u00e3o na boca.<\/p>\n\n\n\n<h2 class=\"wp-block-heading\">Quando a boca seca deixa de ser s\u00f3 sede?<\/h2>\n\n\n\n<p class=\"wp-block-paragraph\">A sede melhora ap\u00f3s beber \u00e1gua. J\u00e1 a xerostomia tende a voltar r\u00e1pido, mesmo com ingest\u00e3o adequada de l\u00edquidos. Isso acontece porque o problema nem sempre est\u00e1 no volume de \u00e1gua do corpo, mas no fluxo salivar reduzido, que altera a lubrifica\u00e7\u00e3o da cavidade oral e a prote\u00e7\u00e3o natural dos dentes e gengivas.<\/p>\n\n\n\n<p class=\"wp-block-paragraph\">Alguns sinais ajudam a diferenciar. Entre eles, est\u00e3o dificuldade para engolir alimentos secos, necessidade de beber \u00e1gua para falar por mais tempo e sensa\u00e7\u00e3o de l\u00edngua \u00e1spera ao acordar ou no meio da tarde.<\/p>\n\n\n\n<ul class=\"wp-block-list\">\n<li>ardor na boca ou na l\u00edngua<\/li>\n\n\n\n<li>saliva espessa ou pegajosa<\/li>\n\n\n\n<li>rachaduras nos l\u00e1bios<\/li>\n\n\n\n<li>altera\u00e7\u00e3o do paladar<\/li>\n\n\n\n<li>maior frequ\u00eancia de c\u00e1ries<\/li>\n<\/ul>\n\n\n\n<h2 class=\"wp-block-heading\">O que a pesquisa mostra sobre medicamentos e xerostomia?<\/h2>\n\n\n\n<p class=\"wp-block-paragraph\">Pesquisa publicada em <strong>2025<\/strong> refor\u00e7ou um ponto importante da pr\u00e1tica cl\u00ednica: a boca seca pode estar ligada n\u00e3o s\u00f3 a um rem\u00e9dio isolado, mas ao conjunto deles. O estudo encontrou associa\u00e7\u00e3o entre xerostomia e polifarm\u00e1cia, al\u00e9m de indicar que o n\u00famero de f\u00e1rmacos e a classe terap\u00eautica interferem no risco de ressecamento oral.<\/p>\n\n\n\n<p class=\"wp-block-paragraph\">Entre os grupos citados com mais frequ\u00eancia estavam antipsic\u00f3ticos, hipoglicemiantes e antidepressivos. Em termos pr\u00e1ticos, isso ajuda a explicar por que alguns pacientes mant\u00eam o sintoma mesmo com boa ingest\u00e3o de l\u00edquidos. Vale ler a <a href=\"https:\/\/pubmed.ncbi.nlm.nih.gov\/40730161\/\" target=\"_blank\" rel=\"noopener noreferrer\">associa\u00e7\u00e3o entre xerostomia e polifarm\u00e1cia<\/a> descrita nesse estudo.<\/p>\n\n\n<div class=\"wp-block-image wp-block-image aligncenter size-large\">\n<figure ><img decoding=\"async\" width=\"1279\" height=\"720\" src=\"https:\/\/cdnnewsimg.tuasaude.com\/wp-content\/uploads\/2026\/08\/a-boca-seca-constante-durante-o-dia-nem-sempre-se-deve-corpo.jpg\" alt=\"Hidrata\u00e7\u00e3o, revis\u00e3o dos rem\u00e9dios, h\u00e1bitos e est\u00edmulo salivar ajudam no al\u00edvio.\" class=\"wp-image-105667\" srcset=\"https:\/\/www.tuasaude.com\/news\/wp-content\/uploads\/2026\/08\/a-boca-seca-constante-durante-o-dia-nem-sempre-se-deve-corpo.jpg 1279w, https:\/\/www.tuasaude.com\/news\/wp-content\/uploads\/2026\/08\/a-boca-seca-constante-durante-o-dia-nem-sempre-se-deve-corpo-300x169.jpg 300w, https:\/\/www.tuasaude.com\/news\/wp-content\/uploads\/2026\/08\/a-boca-seca-constante-durante-o-dia-nem-sempre-se-deve-corpo-1024x576.jpg 1024w, https:\/\/www.tuasaude.com\/news\/wp-content\/uploads\/2026\/08\/a-boca-seca-constante-durante-o-dia-nem-sempre-se-deve-corpo-768x432.jpg 768w, https:\/\/www.tuasaude.com\/news\/wp-content\/uploads\/2026\/08\/a-boca-seca-constante-durante-o-dia-nem-sempre-se-deve-corpo-750x422.jpg 750w, https:\/\/www.tuasaude.com\/news\/wp-content\/uploads\/2026\/08\/a-boca-seca-constante-durante-o-dia-nem-sempre-se-deve-corpo-1140x642.jpg 1140w\" sizes=\"(max-width: 1279px) 100vw, 1279px\" \/><figcaption class=\"wp-element-caption\">Hidrata\u00e7\u00e3o, revis\u00e3o dos rem\u00e9dios, h\u00e1bitos e est\u00edmulo salivar ajudam no al\u00edvio.<\/figcaption><\/figure>\n<\/div>\n\n\n<h2 class=\"wp-block-heading\">Quais medicamentos podem reduzir a saliva?<\/h2>\n\n\n\n<p class=\"wp-block-paragraph\">Muitos rem\u00e9dios afetam gl\u00e2ndulas salivares, sistema nervoso aut\u00f4nomo ou equil\u00edbrio de fluidos. O efeito pode aparecer logo no in\u00edcio do tratamento ou depois de uso cont\u00ednuo, principalmente quando h\u00e1 ajuste de dose ou combina\u00e7\u00e3o de classes.<\/p>\n\n\n\n<ul class=\"wp-block-list\">\n<li>antidepressivos e ansiol\u00edticos<\/li>\n\n\n\n<li>antial\u00e9rgicos com a\u00e7\u00e3o anticolin\u00e9rgica<\/li>\n\n\n\n<li>antipsic\u00f3ticos<\/li>\n\n\n\n<li>alguns anti-hipertensivos<\/li>\n\n\n\n<li>hipoglicemiantes<\/li>\n\n\n\n<li>diur\u00e9ticos<\/li>\n<\/ul>\n\n\n\n<p class=\"wp-block-paragraph\">Isso n\u00e3o significa interromper o tratamento por conta pr\u00f3pria. O mais importante \u00e9 observar quando a boca seca come\u00e7ou, quais <strong>medicamentos<\/strong> est\u00e3o em uso e se o sintoma piora ap\u00f3s mudan\u00e7as na prescri\u00e7\u00e3o.<\/p>\n\n\n\n<h2 class=\"wp-block-heading\">Como aliviar o desconforto no dia a dia?<\/h2>\n\n\n\n<p class=\"wp-block-paragraph\">Quando a <strong>saliva<\/strong> diminui, medidas simples podem reduzir o ressecamento e proteger a mucosa oral. H\u00e1 tamb\u00e9m orienta\u00e7\u00f5es \u00fateis sobre <a href=\"https:\/\/www.tuasaude.com\/boca-seca\/\" target=\"_blank\" rel=\"noopener noreferrer\">as causas da boca seca<\/a> e o que costuma ser indicado conforme a origem do sintoma.<\/p>\n\n\n\n<p class=\"wp-block-paragraph\">Entre as estrat\u00e9gias mais usadas est\u00e3o fracionar a ingest\u00e3o de \u00e1gua, evitar \u00e1lcool e tabaco, reduzir caf\u00e9 em excesso e mascar chiclete sem a\u00e7\u00facar para estimular o fluxo salivar, quando n\u00e3o houver contraindica\u00e7\u00e3o. Um ensaio cl\u00ednico de 2021 tamb\u00e9m apontou <a href=\"https:\/\/pubmed.ncbi.nlm.nih.gov\/33574994\/\" target=\"_blank\" rel=\"noopener noreferrer\">melhora da sensa\u00e7\u00e3o de boca seca<\/a> com produtos voltados \u00e0 estimula\u00e7\u00e3o ou substitui\u00e7\u00e3o salivar.<\/p>\n\n\n\n<h2 class=\"wp-block-heading\">Em que momento vale procurar avalia\u00e7\u00e3o?<\/h2>\n\n\n\n<p class=\"wp-block-paragraph\">Se a sensa\u00e7\u00e3o de secura dura semanas, interfere na alimenta\u00e7\u00e3o, provoca dor, aftas repetidas, rouquid\u00e3o ou desperta \u00e0 noite para beber \u00e1gua, merece investiga\u00e7\u00e3o. O mesmo vale para quem usa v\u00e1rios rem\u00e9dios ao mesmo tempo, tem diabetes, respira pela boca ou percebe piora importante da higiene bucal.<\/p>\n\n\n\n<p class=\"wp-block-paragraph\"><strong>Hidrata\u00e7\u00e3o<\/strong> adequada continua relevante, mas n\u00e3o resolve sozinha quando h\u00e1 altera\u00e7\u00e3o do fluxo salivar por rem\u00e9dios, doen\u00e7as ou radioterapia. Identificar a causa muda a conduta, evita les\u00f5es na mucosa e reduz complica\u00e7\u00f5es como c\u00e1rie, gengivite e dificuldade para engolir.<\/p>\n\n\n\n<p class=\"wp-block-paragraph\">Este conte\u00fado tem car\u00e1ter exclusivamente informativo e <strong>n\u00e3o substitui a avalia\u00e7\u00e3o<\/strong>, o diagn\u00f3stico ou o acompanhamento de um profissional de sa\u00fade. Se voc\u00ea apresenta sintomas ou tem d\u00favidas sobre sua condi\u00e7\u00e3o, procure orienta\u00e7\u00e3o m\u00e9dica.<\/p>\n","protected":false},"excerpt":{"rendered":"<p>Boca seca persistente ao longo do dia costuma ser associada apenas \u00e0 baixa hidrata\u00e7\u00e3o, mas essa sensa\u00e7\u00e3o tamb\u00e9m pode surgir quando a produ\u00e7\u00e3o de saliva cai por efeito de certos medicamentos. Quando a mucosa oral fica ressecada, aumentam o desconforto para falar, mastigar e engolir, al\u00e9m do risco de mau h\u00e1lito, c\u00e1ries e irrita\u00e7\u00e3o na [&hellip;]<\/p>\n","protected":false},"author":6,"featured_media":105666,"comment_status":"open","ping_status":"open","sticky":false,"template":"","format":"standard","meta":{"_yoast_wpseo_focuskw":"boca seca","_yoast_wpseo_title":"","_yoast_wpseo_metadesc":"Boca seca constante pode ter mais rela\u00e7\u00e3o com medicamentos do que com pouca \u00e1gua, um detalhe que muda a leitura dos sintomas ao longo do dia.","jnews-multi-image_gallery":[],"jnews_single_post":{"format":"standard"},"jnews_primary_category":[],"jnews_social_meta":[],"jnews_override_counter":[],"footnotes":""},"categories":[111],"tags":[1387,687,6162,886,1796],"class_list":["post-105668","post","type-post","status-publish","format-standard","has-post-thumbnail","hentry","category-saude","tag-boca-seca","tag-hidratacao","tag-medicamentos","tag-saliva","tag-saude-2"],"yoast_head":"<!-- This site is optimized with the Yoast SEO plugin v26.7 - https:\/\/yoast.com\/wordpress\/plugins\/seo\/ -->\n<title>A boca seca constante durante o dia nem sempre se deve \u00e0 falta de \u00e1gua, mas tamb\u00e9m ao uso cont\u00ednuo de certos medicamentos - Tua Sa\u00fade<\/title>\n<meta name=\"description\" content=\"Boca seca constante pode ter mais rela\u00e7\u00e3o com medicamentos do que com pouca \u00e1gua, um detalhe que muda a leitura dos sintomas ao longo do dia.\" \/>\n<meta name=\"robots\" content=\"index, follow, max-snippet:-1, max-image-preview:large, max-video-preview:-1\" \/>\n<link rel=\"canonical\" href=\"https:\/\/www.tuasaude.com\/news\/2026\/08\/30\/a-boca-seca-constante-durante-o-dia-nem-sempre-se-deve-a-falta-de-agua-mas-tambem-ao-uso-continuo-de-certos-medicamentos\/\" \/>\n<meta property=\"og:locale\" content=\"pt_BR\" \/>\n<meta property=\"og:type\" content=\"article\" \/>\n<meta property=\"og:title\" content=\"A boca seca constante durante o dia nem sempre se deve \u00e0 falta de \u00e1gua, mas tamb\u00e9m ao uso cont\u00ednuo de certos medicamentos - Tua Sa\u00fade\" \/>\n<meta property=\"og:description\" content=\"Boca seca constante pode ter mais rela\u00e7\u00e3o com medicamentos do que com pouca \u00e1gua, um detalhe que muda a leitura dos sintomas ao longo do dia.\" \/>\n<meta property=\"og:url\" content=\"https:\/\/www.tuasaude.com\/news\/2026\/08\/30\/a-boca-seca-constante-durante-o-dia-nem-sempre-se-deve-a-falta-de-agua-mas-tambem-ao-uso-continuo-de-certos-medicamentos\/\" \/>\n<meta property=\"og:site_name\" content=\"Tua Sa\u00fade\" \/>\n<meta property=\"article:published_time\" content=\"2026-08-31T00:30:00+00:00\" \/>\n<meta property=\"og:image\" content=\"https:\/\/www.tuasaude.com\/news\/wp-content\/uploads\/2026\/08\/a-boca-seca-constante-durante-o-dia-nem-sempre-se-deve-a-fal.jpg\" \/>\n\t<meta property=\"og:image:width\" content=\"1279\" \/>\n\t<meta property=\"og:image:height\" content=\"720\" \/>\n\t<meta property=\"og:image:type\" content=\"image\/jpeg\" \/>\n<meta name=\"author\" content=\"Gabriel Leme\" \/>\n<meta name=\"twitter:card\" content=\"summary_large_image\" \/>\n<meta name=\"twitter:label1\" content=\"Escrito por\" \/>\n\t<meta name=\"twitter:data1\" content=\"Gabriel Leme\" \/>\n\t<meta name=\"twitter:label2\" content=\"Est. tempo de leitura\" \/>\n\t<meta name=\"twitter:data2\" content=\"4 minutos\" \/>\n<!-- \/ Yoast SEO plugin. -->","yoast_head_json":{"title":"A boca seca constante durante o dia nem sempre se deve \u00e0 falta de \u00e1gua, mas tamb\u00e9m ao uso cont\u00ednuo de certos medicamentos - Tua Sa\u00fade","description":"Boca seca constante pode ter mais rela\u00e7\u00e3o com medicamentos do que com pouca \u00e1gua, um detalhe que muda a leitura dos sintomas ao longo do dia.","robots":{"index":"index","follow":"follow","max-snippet":"max-snippet:-1","max-image-preview":"max-image-preview:large","max-video-preview":"max-video-preview:-1"},"canonical":"https:\/\/www.tuasaude.com\/news\/2026\/08\/30\/a-boca-seca-constante-durante-o-dia-nem-sempre-se-deve-a-falta-de-agua-mas-tambem-ao-uso-continuo-de-certos-medicamentos\/","og_locale":"pt_BR","og_type":"article","og_title":"A boca seca constante durante o dia nem sempre se deve \u00e0 falta de \u00e1gua, mas tamb\u00e9m ao uso cont\u00ednuo de certos medicamentos - Tua Sa\u00fade","og_description":"Boca seca constante pode ter mais rela\u00e7\u00e3o com medicamentos do que com pouca \u00e1gua, um detalhe que muda a leitura dos sintomas ao longo do dia.","og_url":"https:\/\/www.tuasaude.com\/news\/2026\/08\/30\/a-boca-seca-constante-durante-o-dia-nem-sempre-se-deve-a-falta-de-agua-mas-tambem-ao-uso-continuo-de-certos-medicamentos\/","og_site_name":"Tua Sa\u00fade","article_published_time":"2026-08-31T00:30:00+00:00","og_image":[{"width":1279,"height":720,"url":"https:\/\/www.tuasaude.com\/news\/wp-content\/uploads\/2026\/08\/a-boca-seca-constante-durante-o-dia-nem-sempre-se-deve-a-fal.jpg","type":"image\/jpeg"}],"author":"Gabriel Leme","twitter_card":"summary_large_image","twitter_misc":{"Escrito por":"Gabriel Leme","Est. tempo de leitura":"4 minutos"},"schema":{"@context":"https:\/\/schema.org","@graph":[{"@type":"Article","@id":"https:\/\/www.tuasaude.com\/news\/2026\/08\/30\/a-boca-seca-constante-durante-o-dia-nem-sempre-se-deve-a-falta-de-agua-mas-tambem-ao-uso-continuo-de-certos-medicamentos\/#article","isPartOf":{"@id":"https:\/\/www.tuasaude.com\/news\/2026\/08\/30\/a-boca-seca-constante-durante-o-dia-nem-sempre-se-deve-a-falta-de-agua-mas-tambem-ao-uso-continuo-de-certos-medicamentos\/"},"author":{"name":"Gabriel Leme","@id":"https:\/\/www.tuasaude.com\/news\/#\/schema\/person\/bf512a2e53b74f5544ff3040f496e593"},"headline":"A boca seca constante durante o dia nem sempre se deve \u00e0 falta de \u00e1gua, mas tamb\u00e9m ao uso cont\u00ednuo de certos medicamentos","datePublished":"2026-08-31T00:30:00+00:00","mainEntityOfPage":{"@id":"https:\/\/www.tuasaude.com\/news\/2026\/08\/30\/a-boca-seca-constante-durante-o-dia-nem-sempre-se-deve-a-falta-de-agua-mas-tambem-ao-uso-continuo-de-certos-medicamentos\/"},"wordCount":722,"commentCount":0,"image":{"@id":"https:\/\/www.tuasaude.com\/news\/2026\/08\/30\/a-boca-seca-constante-durante-o-dia-nem-sempre-se-deve-a-falta-de-agua-mas-tambem-ao-uso-continuo-de-certos-medicamentos\/#primaryimage"},"thumbnailUrl":"https:\/\/www.tuasaude.com\/news\/wp-content\/uploads\/2026\/08\/a-boca-seca-constante-durante-o-dia-nem-sempre-se-deve-a-fal.jpg","keywords":["boca seca","hidrata\u00e7\u00e3o","medicamentos","saliva","saude"],"articleSection":["Sa\u00fade"],"inLanguage":"pt-BR","potentialAction":[{"@type":"CommentAction","name":"Comment","target":["https:\/\/www.tuasaude.com\/news\/2026\/08\/30\/a-boca-seca-constante-durante-o-dia-nem-sempre-se-deve-a-falta-de-agua-mas-tambem-ao-uso-continuo-de-certos-medicamentos\/#respond"]}]},{"@type":"WebPage","@id":"https:\/\/www.tuasaude.com\/news\/2026\/08\/30\/a-boca-seca-constante-durante-o-dia-nem-sempre-se-deve-a-falta-de-agua-mas-tambem-ao-uso-continuo-de-certos-medicamentos\/","url":"https:\/\/www.tuasaude.com\/news\/2026\/08\/30\/a-boca-seca-constante-durante-o-dia-nem-sempre-se-deve-a-falta-de-agua-mas-tambem-ao-uso-continuo-de-certos-medicamentos\/","name":"A boca seca constante durante o dia nem sempre se deve \u00e0 falta de \u00e1gua, mas tamb\u00e9m ao uso cont\u00ednuo de certos medicamentos - Tua Sa\u00fade","isPartOf":{"@id":"https:\/\/www.tuasaude.com\/news\/#website"},"primaryImageOfPage":{"@id":"https:\/\/www.tuasaude.com\/news\/2026\/08\/30\/a-boca-seca-constante-durante-o-dia-nem-sempre-se-deve-a-falta-de-agua-mas-tambem-ao-uso-continuo-de-certos-medicamentos\/#primaryimage"},"image":{"@id":"https:\/\/www.tuasaude.com\/news\/2026\/08\/30\/a-boca-seca-constante-durante-o-dia-nem-sempre-se-deve-a-falta-de-agua-mas-tambem-ao-uso-continuo-de-certos-medicamentos\/#primaryimage"},"thumbnailUrl":"https:\/\/www.tuasaude.com\/news\/wp-content\/uploads\/2026\/08\/a-boca-seca-constante-durante-o-dia-nem-sempre-se-deve-a-fal.jpg","datePublished":"2026-08-31T00:30:00+00:00","author":{"@id":"https:\/\/www.tuasaude.com\/news\/#\/schema\/person\/bf512a2e53b74f5544ff3040f496e593"},"description":"Boca seca constante pode ter mais rela\u00e7\u00e3o com medicamentos do que com pouca \u00e1gua, um detalhe que muda a leitura dos sintomas ao longo do dia.","breadcrumb":{"@id":"https:\/\/www.tuasaude.com\/news\/2026\/08\/30\/a-boca-seca-constante-durante-o-dia-nem-sempre-se-deve-a-falta-de-agua-mas-tambem-ao-uso-continuo-de-certos-medicamentos\/#breadcrumb"},"inLanguage":"pt-BR","potentialAction":[{"@type":"ReadAction","target":["https:\/\/www.tuasaude.com\/news\/2026\/08\/30\/a-boca-seca-constante-durante-o-dia-nem-sempre-se-deve-a-falta-de-agua-mas-tambem-ao-uso-continuo-de-certos-medicamentos\/"]}]},{"@type":"ImageObject","inLanguage":"pt-BR","@id":"https:\/\/www.tuasaude.com\/news\/2026\/08\/30\/a-boca-seca-constante-durante-o-dia-nem-sempre-se-deve-a-falta-de-agua-mas-tambem-ao-uso-continuo-de-certos-medicamentos\/#primaryimage","url":"https:\/\/www.tuasaude.com\/news\/wp-content\/uploads\/2026\/08\/a-boca-seca-constante-durante-o-dia-nem-sempre-se-deve-a-fal.jpg","contentUrl":"https:\/\/www.tuasaude.com\/news\/wp-content\/uploads\/2026\/08\/a-boca-seca-constante-durante-o-dia-nem-sempre-se-deve-a-fal.jpg","width":1279,"height":720,"caption":"Boca seca persistente pode estar ligada a medicamentos, n\u00e3o apenas \u00e0 hidrata\u00e7\u00e3o."},{"@type":"BreadcrumbList","@id":"https:\/\/www.tuasaude.com\/news\/2026\/08\/30\/a-boca-seca-constante-durante-o-dia-nem-sempre-se-deve-a-falta-de-agua-mas-tambem-ao-uso-continuo-de-certos-medicamentos\/#breadcrumb","itemListElement":[{"@type":"ListItem","position":1,"name":"In\u00edcio","item":"https:\/\/www.tuasaude.com\/news\/"},{"@type":"ListItem","position":2,"name":"A boca seca constante durante o dia nem sempre se deve \u00e0 falta de \u00e1gua, mas tamb\u00e9m ao uso cont\u00ednuo de certos medicamentos"}]},{"@type":"WebSite","@id":"https:\/\/www.tuasaude.com\/news\/#website","url":"https:\/\/www.tuasaude.com\/news\/","name":"Tua Sa\u00fade","description":"Seu site de sa\u00fade","potentialAction":[{"@type":"SearchAction","target":{"@type":"EntryPoint","urlTemplate":"https:\/\/www.tuasaude.com\/news\/?s={search_term_string}"},"query-input":{"@type":"PropertyValueSpecification","valueRequired":true,"valueName":"search_term_string"}}],"inLanguage":"pt-BR"},{"@type":"Person","@id":"https:\/\/www.tuasaude.com\/news\/#\/schema\/person\/bf512a2e53b74f5544ff3040f496e593","name":"Gabriel Leme","image":{"@type":"ImageObject","inLanguage":"pt-BR","@id":"https:\/\/www.tuasaude.com\/news\/#\/schema\/person\/image\/","url":"https:\/\/secure.gravatar.com\/avatar\/a12badc2d08e73d59b38f178ebe822eca26c0445823b05fefedea89fb346439c?s=96&d=mm&r=g","contentUrl":"https:\/\/secure.gravatar.com\/avatar\/a12badc2d08e73d59b38f178ebe822eca26c0445823b05fefedea89fb346439c?s=96&d=mm&r=g","caption":"Gabriel Leme"},"sameAs":["https:\/\/www.tuasaude.com\/news"],"url":"https:\/\/www.tuasaude.com\/news\/author\/gabrielleme\/"}]}},"_links":{"self":[{"href":"https:\/\/www.tuasaude.com\/news\/wp-json\/wp\/v2\/posts\/105668","targetHints":{"allow":["GET"]}}],"collection":[{"href":"https:\/\/www.tuasaude.com\/news\/wp-json\/wp\/v2\/posts"}],"about":[{"href":"https:\/\/www.tuasaude.com\/news\/wp-json\/wp\/v2\/types\/post"}],"author":[{"embeddable":true,"href":"https:\/\/www.tuasaude.com\/news\/wp-json\/wp\/v2\/users\/6"}],"replies":[{"embeddable":true,"href":"https:\/\/www.tuasaude.com\/news\/wp-json\/wp\/v2\/comments?post=105668"}],"version-history":[{"count":1,"href":"https:\/\/www.tuasaude.com\/news\/wp-json\/wp\/v2\/posts\/105668\/revisions"}],"predecessor-version":[{"id":105683,"href":"https:\/\/www.tuasaude.com\/news\/wp-json\/wp\/v2\/posts\/105668\/revisions\/105683"}],"wp:featuredmedia":[{"embeddable":true,"href":"https:\/\/www.tuasaude.com\/news\/wp-json\/wp\/v2\/media\/105666"}],"wp:attachment":[{"href":"https:\/\/www.tuasaude.com\/news\/wp-json\/wp\/v2\/media?parent=105668"}],"wp:term":[{"taxonomy":"category","embeddable":true,"href":"https:\/\/www.tuasaude.com\/news\/wp-json\/wp\/v2\/categories?post=105668"},{"taxonomy":"post_tag","embeddable":true,"href":"https:\/\/www.tuasaude.com\/news\/wp-json\/wp\/v2\/tags?post=105668"}],"curies":[{"name":"wp","href":"https:\/\/api.w.org\/{rel}","templated":true}]}}