{"id":105665,"date":"2026-08-30T20:20:00","date_gmt":"2026-08-30T23:20:00","guid":{"rendered":"https:\/\/www.tuasaude.com\/news\/?p=105665"},"modified":"2026-08-30T07:19:16","modified_gmt":"2026-08-30T10:19:16","slug":"as-caimbras-noturnas-frequentes-nas-pernas-e-nos-pes-nao-se-devem-apenas-a-falta-de-agua-mas-sim-na-maioria-a-deficiencia-silenciosa-de-magnesio-e-potassio-no-organismo","status":"publish","type":"post","link":"https:\/\/www.tuasaude.com\/news\/2026\/08\/30\/as-caimbras-noturnas-frequentes-nas-pernas-e-nos-pes-nao-se-devem-apenas-a-falta-de-agua-mas-sim-na-maioria-a-deficiencia-silenciosa-de-magnesio-e-potassio-no-organismo\/","title":{"rendered":"As c\u00e2imbras noturnas frequentes nas pernas e nos p\u00e9s n\u00e3o se devem apenas \u00e0 falta de \u00e1gua, mas sim na maioria \u00e0 defici\u00eancia silenciosa de magn\u00e9sio e pot\u00e1ssio no organismo"},"content":{"rendered":"\n<p class=\"wp-block-paragraph\"><strong>C\u00e2imbras noturnas<\/strong> nas pernas e nos p\u00e9s costumam ser atribu\u00eddas s\u00f3 \u00e0 pouca ingest\u00e3o de \u00e1gua, mas o quadro envolve tamb\u00e9m o equil\u00edbrio de <strong>magn\u00e9sio<\/strong>, <strong>pot\u00e1ssio<\/strong>, condu\u00e7\u00e3o nervosa e contra\u00e7\u00e3o muscular. Quando esses espasmos aparecem com frequ\u00eancia, vale observar rotina, alimenta\u00e7\u00e3o, perda de suor, uso de rem\u00e9dios e sinais de car\u00eancia mineral que passam despercebidos.<\/p>\n\n\n\n<h2 class=\"wp-block-heading\">Por que as c\u00e2imbras noturnas aparecem com tanta frequ\u00eancia?<\/h2>\n\n\n\n<p class=\"wp-block-paragraph\">As c\u00e2imbras noturnas surgem quando o m\u00fasculo contrai de forma involunt\u00e1ria e dolorosa, muitas vezes na panturrilha, nos dedos dos p\u00e9s ou na sola. Isso pode acontecer por fadiga muscular, longos per\u00edodos em p\u00e9, suor excessivo, circula\u00e7\u00e3o comprometida, altera\u00e7\u00f5es neuromusculares e n\u00edveis inadequados de eletr\u00f3litos.<\/p>\n\n\n\n<p class=\"wp-block-paragraph\"><strong>Magn\u00e9sio<\/strong> participa do relaxamento muscular e da transmiss\u00e3o dos impulsos nervosos. J\u00e1 o <strong>pot\u00e1ssio<\/strong> ajuda a manter o funcionamento das fibras musculares e o equil\u00edbrio de l\u00edquidos dentro das c\u00e9lulas. Se esses minerais caem, o m\u00fasculo fica mais vulner\u00e1vel a espasmos repetidos durante o repouso.<\/p>\n\n\n\n<h2 class=\"wp-block-heading\">O que a pesquisa cient\u00edfica mostrou sobre magn\u00e9sio nas c\u00e2imbras?<\/h2>\n\n\n\n<p class=\"wp-block-paragraph\">Pesquisa publicada em 2021 avaliou adultos com c\u00e2imbras noturnas recorrentes e observou benef\u00edcio do magn\u00e9sio ao longo de 60 dias. Os participantes tiveram menos epis\u00f3dios, crises mais curtas e melhora do sono, um ponto relevante quando a dor interrompe o descanso repetidamente.<\/p>\n\n\n\n<p class=\"wp-block-paragraph\">No estudo, o uso de magn\u00e9sio oxide monohidratado foi associado a <a href=\"https:\/\/pubmed.ncbi.nlm.nih.gov\/34719399\/\" target=\"_blank\" rel=\"noopener noreferrer\">menos epis\u00f3dios e menor dura\u00e7\u00e3o das crises<\/a> em compara\u00e7\u00e3o com placebo. Ao mesmo tempo, outra investiga\u00e7\u00e3o de 2021 apontou que fatores mec\u00e2nicos, como menor flexibilidade e menor for\u00e7a dos dedos dos p\u00e9s, tamb\u00e9m podem influenciar o quadro, mostrando que a causa nem sempre \u00e9 \u00fanica.<\/p>\n\n\n<div class=\"wp-block-image wp-block-image aligncenter size-large\">\n<figure ><img decoding=\"async\" width=\"1279\" height=\"720\" src=\"https:\/\/cdnnewsimg.tuasaude.com\/wp-content\/uploads\/2026\/08\/as-caimbras-noturnas-frequentes-nas-pernas-e-nos-pes-na-corpo.jpg\" alt=\"Magn\u00e9sio, pot\u00e1ssio, hidrata\u00e7\u00e3o e alongamento formam pilares contra c\u00e2imbras noturnas.\" class=\"wp-image-105664\" srcset=\"https:\/\/www.tuasaude.com\/news\/wp-content\/uploads\/2026\/08\/as-caimbras-noturnas-frequentes-nas-pernas-e-nos-pes-na-corpo.jpg 1279w, https:\/\/www.tuasaude.com\/news\/wp-content\/uploads\/2026\/08\/as-caimbras-noturnas-frequentes-nas-pernas-e-nos-pes-na-corpo-300x169.jpg 300w, https:\/\/www.tuasaude.com\/news\/wp-content\/uploads\/2026\/08\/as-caimbras-noturnas-frequentes-nas-pernas-e-nos-pes-na-corpo-1024x576.jpg 1024w, https:\/\/www.tuasaude.com\/news\/wp-content\/uploads\/2026\/08\/as-caimbras-noturnas-frequentes-nas-pernas-e-nos-pes-na-corpo-768x432.jpg 768w, https:\/\/www.tuasaude.com\/news\/wp-content\/uploads\/2026\/08\/as-caimbras-noturnas-frequentes-nas-pernas-e-nos-pes-na-corpo-750x422.jpg 750w, https:\/\/www.tuasaude.com\/news\/wp-content\/uploads\/2026\/08\/as-caimbras-noturnas-frequentes-nas-pernas-e-nos-pes-na-corpo-1140x642.jpg 1140w\" sizes=\"(max-width: 1279px) 100vw, 1279px\" \/><figcaption class=\"wp-element-caption\">Magn\u00e9sio, pot\u00e1ssio, hidrata\u00e7\u00e3o e alongamento formam pilares contra c\u00e2imbras noturnas.<\/figcaption><\/figure>\n<\/div>\n\n\n<h2 class=\"wp-block-heading\">Falta de \u00e1gua explica tudo?<\/h2>\n\n\n\n<p class=\"wp-block-paragraph\"><strong>Hidrata\u00e7\u00e3o<\/strong> inadequada pode favorecer espasmos, sobretudo ap\u00f3s calor intenso, febre, v\u00f4mitos, diarreia ou atividade f\u00edsica com muita perda de suor. Mesmo assim, reduzir o problema apenas \u00e0 \u00e1gua costuma simplificar demais o que acontece no m\u00fasculo e nos nervos.<\/p>\n\n\n\n<p class=\"wp-block-paragraph\">Quando a pessoa bebe l\u00edquidos, mas mant\u00e9m dieta pobre em magn\u00e9sio e pot\u00e1ssio, usa diur\u00e9ticos ou perde eletr\u00f3litos com frequ\u00eancia, as c\u00e2imbras noturnas podem continuar. Em outras palavras, \u00e1gua ajuda, mas n\u00e3o corrige sozinha um desequil\u00edbrio mineral persistente.<\/p>\n\n\n\n<h2 class=\"wp-block-heading\">Quais sinais podem sugerir defici\u00eancia de magn\u00e9sio e pot\u00e1ssio?<\/h2>\n\n\n\n<p class=\"wp-block-paragraph\">Nem toda car\u00eancia causa sintomas claros no in\u00edcio. Ainda assim, alguns sinais costumam aparecer junto das c\u00e2imbras noturnas e merecem aten\u00e7\u00e3o, principalmente quando se repetem por semanas.<\/p>\n\n\n\n<ul class=\"wp-block-list\">\n<li><strong>Espasmos<\/strong> ou tremores musculares frequentes<\/li>\n\n\n\n<li>Fraqueza, cansa\u00e7o ou queda no rendimento f\u00edsico<\/li>\n\n\n\n<li>Formigamento ou sensa\u00e7\u00e3o de contra\u00e7\u00e3o involunt\u00e1ria<\/li>\n\n\n\n<li>Palpita\u00e7\u00f5es, em alguns casos<\/li>\n\n\n\n<li>Dor muscular ap\u00f3s esfor\u00e7o leve<\/li>\n\n\n\n<li>Piora do sono por despertares com dor na panturrilha<\/li>\n<\/ul>\n\n\n\n<p class=\"wp-block-paragraph\">Esses achados n\u00e3o fecham diagn\u00f3stico sozinhos. Perdas gastrointestinais, consumo elevado de \u00e1lcool, alimenta\u00e7\u00e3o restrita, doen\u00e7as renais e certos medicamentos tamb\u00e9m mexem com os n\u00edveis de <strong>pot\u00e1ssio<\/strong> e magn\u00e9sio no organismo.<\/p>\n\n\n\n<h2 class=\"wp-block-heading\">O que ajuda a prevenir crises durante a noite?<\/h2>\n\n\n\n<p class=\"wp-block-paragraph\">Preven\u00e7\u00e3o costuma funcionar melhor quando junta h\u00e1bitos simples e observa\u00e7\u00e3o do padr\u00e3o das crises. O foco \u00e9 reduzir sobrecarga muscular, melhorar o aporte de minerais e evitar perdas importantes de l\u00edquidos e eletr\u00f3litos ao longo do dia.<\/p>\n\n\n\n<ul class=\"wp-block-list\">\n<li>Manter ingest\u00e3o regular de \u00e1gua, ajustada ao calor e ao suor<\/li>\n\n\n\n<li>Consumir alimentos fonte de magn\u00e9sio, como sementes, feij\u00f5es e castanhas<\/li>\n\n\n\n<li>Incluir fontes de pot\u00e1ssio, como banana, abacate, \u00e1gua de coco e leguminosas<\/li>\n\n\n\n<li>Alongar panturrilhas e p\u00e9s antes de dormir<\/li>\n\n\n\n<li>Rever com o m\u00e9dico o uso de diur\u00e9ticos ou laxantes frequentes<\/li>\n\n\n\n<li>Evitar excesso de \u00e1lcool, que pode piorar perdas minerais<\/li>\n<\/ul>\n\n\n\n<p class=\"wp-block-paragraph\">Se as crises s\u00e3o intensas, aparecem quase toda noite ou v\u00eam com fraqueza, incha\u00e7o, dorm\u00eancia ou altera\u00e7\u00e3o da marcha, a avalia\u00e7\u00e3o cl\u00ednica ajuda a diferenciar car\u00eancia de minerais, sobrecarga muscular, circula\u00e7\u00e3o venosa e outros dist\u00farbios neurol\u00f3gicos ou metab\u00f3licos.<\/p>\n\n\n\n<h2 class=\"wp-block-heading\">Quando esse sintoma merece investiga\u00e7\u00e3o m\u00e9dica?<\/h2>\n\n\n\n<p class=\"wp-block-paragraph\">C\u00e2imbras noturnas frequentes, dolorosas e persistentes n\u00e3o devem ser vistas como algo banal, principalmente em idosos, gestantes, pessoas com diabetes, doen\u00e7a renal, altera\u00e7\u00f5es da tireoide ou uso cont\u00ednuo de certos rem\u00e9dios. Nesses grupos, o equil\u00edbrio de l\u00edquidos, eletr\u00f3litos e fun\u00e7\u00e3o muscular exige aten\u00e7\u00e3o mais cuidadosa.<\/p>\n\n\n\n<p class=\"wp-block-paragraph\">Observar <strong>hidrata\u00e7\u00e3o<\/strong>, ingest\u00e3o de <strong>magn\u00e9sio<\/strong>, consumo de <strong>pot\u00e1ssio<\/strong> e rotina muscular pode mudar bastante a frequ\u00eancia das crises, mas o padr\u00e3o dos sintomas \u00e9 o que orienta a pr\u00f3xima etapa. Quando o espasmo noturno se repete, acorda a pessoa e limita o descanso, vale investigar a origem com exame f\u00edsico e, se necess\u00e1rio, exames laboratoriais.<\/p>\n\n\n\n<p class=\"wp-block-paragraph\">Este conte\u00fado tem car\u00e1ter exclusivamente informativo e <strong>n\u00e3o substitui a avalia\u00e7\u00e3o<\/strong>, o diagn\u00f3stico ou o acompanhamento de um profissional de sa\u00fade. Se voc\u00ea apresenta sintomas ou tem d\u00favidas sobre sua condi\u00e7\u00e3o, procure orienta\u00e7\u00e3o m\u00e9dica.<\/p>\n","protected":false},"excerpt":{"rendered":"<p>C\u00e2imbras noturnas nas pernas e nos p\u00e9s costumam ser atribu\u00eddas s\u00f3 \u00e0 pouca ingest\u00e3o de \u00e1gua, mas o quadro envolve tamb\u00e9m o equil\u00edbrio de magn\u00e9sio, pot\u00e1ssio, condu\u00e7\u00e3o nervosa e contra\u00e7\u00e3o muscular. Quando esses espasmos aparecem com frequ\u00eancia, vale observar rotina, alimenta\u00e7\u00e3o, perda de suor, uso de rem\u00e9dios e sinais de car\u00eancia mineral que passam despercebidos. [&hellip;]<\/p>\n","protected":false},"author":6,"featured_media":105663,"comment_status":"open","ping_status":"open","sticky":false,"template":"","format":"standard","meta":{"_yoast_wpseo_focuskw":"c\u00e2imbras noturnas","_yoast_wpseo_title":"","_yoast_wpseo_metadesc":"C\u00e2imbras noturnas frequentes podem apontar mais do que pouca \u00e1gua, e o equil\u00edbrio de magn\u00e9sio e pot\u00e1ssio muda a leitura desse sintoma.","jnews-multi-image_gallery":[],"jnews_single_post":{"format":"standard"},"jnews_primary_category":[],"jnews_social_meta":[],"jnews_override_counter":[],"footnotes":""},"categories":[111],"tags":[2547,687,189,1167,1796],"class_list":["post-105665","post","type-post","status-publish","format-standard","has-post-thumbnail","hentry","category-saude","tag-caimbras-noturnas","tag-hidratacao","tag-magnesio","tag-potassio","tag-saude-2"],"yoast_head":"<!-- This site is optimized with the Yoast SEO plugin v26.7 - https:\/\/yoast.com\/wordpress\/plugins\/seo\/ -->\n<title>As c\u00e2imbras noturnas frequentes nas pernas e nos p\u00e9s n\u00e3o se devem apenas \u00e0 falta de \u00e1gua, mas sim na maioria \u00e0 defici\u00eancia silenciosa de magn\u00e9sio e pot\u00e1ssio no organismo - Tua Sa\u00fade<\/title>\n<meta name=\"description\" content=\"C\u00e2imbras noturnas frequentes podem apontar mais do que pouca \u00e1gua, e o equil\u00edbrio de magn\u00e9sio e pot\u00e1ssio muda a leitura desse sintoma.\" \/>\n<meta name=\"robots\" content=\"index, follow, max-snippet:-1, max-image-preview:large, max-video-preview:-1\" \/>\n<link rel=\"canonical\" href=\"https:\/\/www.tuasaude.com\/news\/2026\/08\/30\/as-caimbras-noturnas-frequentes-nas-pernas-e-nos-pes-nao-se-devem-apenas-a-falta-de-agua-mas-sim-na-maioria-a-deficiencia-silenciosa-de-magnesio-e-potassio-no-organismo\/\" \/>\n<meta property=\"og:locale\" content=\"pt_BR\" \/>\n<meta property=\"og:type\" content=\"article\" \/>\n<meta property=\"og:title\" content=\"As c\u00e2imbras noturnas frequentes nas pernas e nos p\u00e9s n\u00e3o se devem apenas \u00e0 falta de \u00e1gua, mas sim na maioria \u00e0 defici\u00eancia silenciosa de magn\u00e9sio e pot\u00e1ssio no organismo - Tua Sa\u00fade\" \/>\n<meta property=\"og:description\" content=\"C\u00e2imbras noturnas frequentes podem apontar mais do que pouca \u00e1gua, e o equil\u00edbrio de magn\u00e9sio e pot\u00e1ssio muda a leitura desse sintoma.\" \/>\n<meta property=\"og:url\" content=\"https:\/\/www.tuasaude.com\/news\/2026\/08\/30\/as-caimbras-noturnas-frequentes-nas-pernas-e-nos-pes-nao-se-devem-apenas-a-falta-de-agua-mas-sim-na-maioria-a-deficiencia-silenciosa-de-magnesio-e-potassio-no-organismo\/\" \/>\n<meta property=\"og:site_name\" content=\"Tua Sa\u00fade\" \/>\n<meta property=\"article:published_time\" content=\"2026-08-30T23:20:00+00:00\" \/>\n<meta property=\"og:image\" content=\"https:\/\/www.tuasaude.com\/news\/wp-content\/uploads\/2026\/08\/as-caimbras-noturnas-frequentes-nas-pernas-e-nos-pes-nao-se-.jpg\" \/>\n\t<meta property=\"og:image:width\" content=\"1285\" \/>\n\t<meta property=\"og:image:height\" content=\"717\" \/>\n\t<meta property=\"og:image:type\" content=\"image\/jpeg\" \/>\n<meta name=\"author\" content=\"Gabriel Leme\" \/>\n<meta name=\"twitter:card\" content=\"summary_large_image\" \/>\n<meta name=\"twitter:label1\" content=\"Escrito por\" \/>\n\t<meta name=\"twitter:data1\" content=\"Gabriel Leme\" \/>\n\t<meta name=\"twitter:label2\" content=\"Est. tempo de leitura\" \/>\n\t<meta name=\"twitter:data2\" content=\"5 minutos\" \/>\n<!-- \/ Yoast SEO plugin. -->","yoast_head_json":{"title":"As c\u00e2imbras noturnas frequentes nas pernas e nos p\u00e9s n\u00e3o se devem apenas \u00e0 falta de \u00e1gua, mas sim na maioria \u00e0 defici\u00eancia silenciosa de magn\u00e9sio e pot\u00e1ssio no organismo - Tua Sa\u00fade","description":"C\u00e2imbras noturnas frequentes podem apontar mais do que pouca \u00e1gua, e o equil\u00edbrio de magn\u00e9sio e pot\u00e1ssio muda a leitura desse sintoma.","robots":{"index":"index","follow":"follow","max-snippet":"max-snippet:-1","max-image-preview":"max-image-preview:large","max-video-preview":"max-video-preview:-1"},"canonical":"https:\/\/www.tuasaude.com\/news\/2026\/08\/30\/as-caimbras-noturnas-frequentes-nas-pernas-e-nos-pes-nao-se-devem-apenas-a-falta-de-agua-mas-sim-na-maioria-a-deficiencia-silenciosa-de-magnesio-e-potassio-no-organismo\/","og_locale":"pt_BR","og_type":"article","og_title":"As c\u00e2imbras noturnas frequentes nas pernas e nos p\u00e9s n\u00e3o se devem apenas \u00e0 falta de \u00e1gua, mas sim na maioria \u00e0 defici\u00eancia silenciosa de magn\u00e9sio e pot\u00e1ssio no organismo - Tua Sa\u00fade","og_description":"C\u00e2imbras noturnas frequentes podem apontar mais do que pouca \u00e1gua, e o equil\u00edbrio de magn\u00e9sio e pot\u00e1ssio muda a leitura desse sintoma.","og_url":"https:\/\/www.tuasaude.com\/news\/2026\/08\/30\/as-caimbras-noturnas-frequentes-nas-pernas-e-nos-pes-nao-se-devem-apenas-a-falta-de-agua-mas-sim-na-maioria-a-deficiencia-silenciosa-de-magnesio-e-potassio-no-organismo\/","og_site_name":"Tua Sa\u00fade","article_published_time":"2026-08-30T23:20:00+00:00","og_image":[{"width":1285,"height":717,"url":"https:\/\/www.tuasaude.com\/news\/wp-content\/uploads\/2026\/08\/as-caimbras-noturnas-frequentes-nas-pernas-e-nos-pes-nao-se-.jpg","type":"image\/jpeg"}],"author":"Gabriel Leme","twitter_card":"summary_large_image","twitter_misc":{"Escrito por":"Gabriel Leme","Est. tempo de leitura":"5 minutos"},"schema":{"@context":"https:\/\/schema.org","@graph":[{"@type":"Article","@id":"https:\/\/www.tuasaude.com\/news\/2026\/08\/30\/as-caimbras-noturnas-frequentes-nas-pernas-e-nos-pes-nao-se-devem-apenas-a-falta-de-agua-mas-sim-na-maioria-a-deficiencia-silenciosa-de-magnesio-e-potassio-no-organismo\/#article","isPartOf":{"@id":"https:\/\/www.tuasaude.com\/news\/2026\/08\/30\/as-caimbras-noturnas-frequentes-nas-pernas-e-nos-pes-nao-se-devem-apenas-a-falta-de-agua-mas-sim-na-maioria-a-deficiencia-silenciosa-de-magnesio-e-potassio-no-organismo\/"},"author":{"name":"Gabriel Leme","@id":"https:\/\/www.tuasaude.com\/news\/#\/schema\/person\/bf512a2e53b74f5544ff3040f496e593"},"headline":"As c\u00e2imbras noturnas frequentes nas pernas e nos p\u00e9s n\u00e3o se devem apenas \u00e0 falta de \u00e1gua, mas sim na maioria \u00e0 defici\u00eancia silenciosa de magn\u00e9sio e pot\u00e1ssio no organismo","datePublished":"2026-08-30T23:20:00+00:00","mainEntityOfPage":{"@id":"https:\/\/www.tuasaude.com\/news\/2026\/08\/30\/as-caimbras-noturnas-frequentes-nas-pernas-e-nos-pes-nao-se-devem-apenas-a-falta-de-agua-mas-sim-na-maioria-a-deficiencia-silenciosa-de-magnesio-e-potassio-no-organismo\/"},"wordCount":914,"commentCount":0,"image":{"@id":"https:\/\/www.tuasaude.com\/news\/2026\/08\/30\/as-caimbras-noturnas-frequentes-nas-pernas-e-nos-pes-nao-se-devem-apenas-a-falta-de-agua-mas-sim-na-maioria-a-deficiencia-silenciosa-de-magnesio-e-potassio-no-organismo\/#primaryimage"},"thumbnailUrl":"https:\/\/www.tuasaude.com\/news\/wp-content\/uploads\/2026\/08\/as-caimbras-noturnas-frequentes-nas-pernas-e-nos-pes-nao-se-.jpg","keywords":["C\u00e2imbras noturnas","hidrata\u00e7\u00e3o","magn\u00e9sio","pot\u00e1ssio","saude"],"articleSection":["Sa\u00fade"],"inLanguage":"pt-BR","potentialAction":[{"@type":"CommentAction","name":"Comment","target":["https:\/\/www.tuasaude.com\/news\/2026\/08\/30\/as-caimbras-noturnas-frequentes-nas-pernas-e-nos-pes-nao-se-devem-apenas-a-falta-de-agua-mas-sim-na-maioria-a-deficiencia-silenciosa-de-magnesio-e-potassio-no-organismo\/#respond"]}]},{"@type":"WebPage","@id":"https:\/\/www.tuasaude.com\/news\/2026\/08\/30\/as-caimbras-noturnas-frequentes-nas-pernas-e-nos-pes-nao-se-devem-apenas-a-falta-de-agua-mas-sim-na-maioria-a-deficiencia-silenciosa-de-magnesio-e-potassio-no-organismo\/","url":"https:\/\/www.tuasaude.com\/news\/2026\/08\/30\/as-caimbras-noturnas-frequentes-nas-pernas-e-nos-pes-nao-se-devem-apenas-a-falta-de-agua-mas-sim-na-maioria-a-deficiencia-silenciosa-de-magnesio-e-potassio-no-organismo\/","name":"As c\u00e2imbras noturnas frequentes nas pernas e nos p\u00e9s n\u00e3o se devem apenas \u00e0 falta de \u00e1gua, mas sim na maioria \u00e0 defici\u00eancia silenciosa de magn\u00e9sio e pot\u00e1ssio no organismo - Tua Sa\u00fade","isPartOf":{"@id":"https:\/\/www.tuasaude.com\/news\/#website"},"primaryImageOfPage":{"@id":"https:\/\/www.tuasaude.com\/news\/2026\/08\/30\/as-caimbras-noturnas-frequentes-nas-pernas-e-nos-pes-nao-se-devem-apenas-a-falta-de-agua-mas-sim-na-maioria-a-deficiencia-silenciosa-de-magnesio-e-potassio-no-organismo\/#primaryimage"},"image":{"@id":"https:\/\/www.tuasaude.com\/news\/2026\/08\/30\/as-caimbras-noturnas-frequentes-nas-pernas-e-nos-pes-nao-se-devem-apenas-a-falta-de-agua-mas-sim-na-maioria-a-deficiencia-silenciosa-de-magnesio-e-potassio-no-organismo\/#primaryimage"},"thumbnailUrl":"https:\/\/www.tuasaude.com\/news\/wp-content\/uploads\/2026\/08\/as-caimbras-noturnas-frequentes-nas-pernas-e-nos-pes-nao-se-.jpg","datePublished":"2026-08-30T23:20:00+00:00","author":{"@id":"https:\/\/www.tuasaude.com\/news\/#\/schema\/person\/bf512a2e53b74f5544ff3040f496e593"},"description":"C\u00e2imbras noturnas frequentes podem apontar mais do que pouca \u00e1gua, e o equil\u00edbrio de magn\u00e9sio e pot\u00e1ssio muda a leitura desse sintoma.","breadcrumb":{"@id":"https:\/\/www.tuasaude.com\/news\/2026\/08\/30\/as-caimbras-noturnas-frequentes-nas-pernas-e-nos-pes-nao-se-devem-apenas-a-falta-de-agua-mas-sim-na-maioria-a-deficiencia-silenciosa-de-magnesio-e-potassio-no-organismo\/#breadcrumb"},"inLanguage":"pt-BR","potentialAction":[{"@type":"ReadAction","target":["https:\/\/www.tuasaude.com\/news\/2026\/08\/30\/as-caimbras-noturnas-frequentes-nas-pernas-e-nos-pes-nao-se-devem-apenas-a-falta-de-agua-mas-sim-na-maioria-a-deficiencia-silenciosa-de-magnesio-e-potassio-no-organismo\/"]}]},{"@type":"ImageObject","inLanguage":"pt-BR","@id":"https:\/\/www.tuasaude.com\/news\/2026\/08\/30\/as-caimbras-noturnas-frequentes-nas-pernas-e-nos-pes-nao-se-devem-apenas-a-falta-de-agua-mas-sim-na-maioria-a-deficiencia-silenciosa-de-magnesio-e-potassio-no-organismo\/#primaryimage","url":"https:\/\/www.tuasaude.com\/news\/wp-content\/uploads\/2026\/08\/as-caimbras-noturnas-frequentes-nas-pernas-e-nos-pes-nao-se-.jpg","contentUrl":"https:\/\/www.tuasaude.com\/news\/wp-content\/uploads\/2026\/08\/as-caimbras-noturnas-frequentes-nas-pernas-e-nos-pes-nao-se-.jpg","width":1285,"height":717,"caption":"C\u00e2imbras noturnas frequentes podem estar ligadas \u00e0 defici\u00eancia de magn\u00e9sio e pot\u00e1ssio."},{"@type":"BreadcrumbList","@id":"https:\/\/www.tuasaude.com\/news\/2026\/08\/30\/as-caimbras-noturnas-frequentes-nas-pernas-e-nos-pes-nao-se-devem-apenas-a-falta-de-agua-mas-sim-na-maioria-a-deficiencia-silenciosa-de-magnesio-e-potassio-no-organismo\/#breadcrumb","itemListElement":[{"@type":"ListItem","position":1,"name":"In\u00edcio","item":"https:\/\/www.tuasaude.com\/news\/"},{"@type":"ListItem","position":2,"name":"As c\u00e2imbras noturnas frequentes nas pernas e nos p\u00e9s n\u00e3o se devem apenas \u00e0 falta de \u00e1gua, mas sim na maioria \u00e0 defici\u00eancia silenciosa de magn\u00e9sio e pot\u00e1ssio no organismo"}]},{"@type":"WebSite","@id":"https:\/\/www.tuasaude.com\/news\/#website","url":"https:\/\/www.tuasaude.com\/news\/","name":"Tua Sa\u00fade","description":"Seu site de sa\u00fade","potentialAction":[{"@type":"SearchAction","target":{"@type":"EntryPoint","urlTemplate":"https:\/\/www.tuasaude.com\/news\/?s={search_term_string}"},"query-input":{"@type":"PropertyValueSpecification","valueRequired":true,"valueName":"search_term_string"}}],"inLanguage":"pt-BR"},{"@type":"Person","@id":"https:\/\/www.tuasaude.com\/news\/#\/schema\/person\/bf512a2e53b74f5544ff3040f496e593","name":"Gabriel Leme","image":{"@type":"ImageObject","inLanguage":"pt-BR","@id":"https:\/\/www.tuasaude.com\/news\/#\/schema\/person\/image\/","url":"https:\/\/secure.gravatar.com\/avatar\/a12badc2d08e73d59b38f178ebe822eca26c0445823b05fefedea89fb346439c?s=96&d=mm&r=g","contentUrl":"https:\/\/secure.gravatar.com\/avatar\/a12badc2d08e73d59b38f178ebe822eca26c0445823b05fefedea89fb346439c?s=96&d=mm&r=g","caption":"Gabriel Leme"},"sameAs":["https:\/\/www.tuasaude.com\/news"],"url":"https:\/\/www.tuasaude.com\/news\/author\/gabrielleme\/"}]}},"_links":{"self":[{"href":"https:\/\/www.tuasaude.com\/news\/wp-json\/wp\/v2\/posts\/105665","targetHints":{"allow":["GET"]}}],"collection":[{"href":"https:\/\/www.tuasaude.com\/news\/wp-json\/wp\/v2\/posts"}],"about":[{"href":"https:\/\/www.tuasaude.com\/news\/wp-json\/wp\/v2\/types\/post"}],"author":[{"embeddable":true,"href":"https:\/\/www.tuasaude.com\/news\/wp-json\/wp\/v2\/users\/6"}],"replies":[{"embeddable":true,"href":"https:\/\/www.tuasaude.com\/news\/wp-json\/wp\/v2\/comments?post=105665"}],"version-history":[{"count":1,"href":"https:\/\/www.tuasaude.com\/news\/wp-json\/wp\/v2\/posts\/105665\/revisions"}],"predecessor-version":[{"id":105682,"href":"https:\/\/www.tuasaude.com\/news\/wp-json\/wp\/v2\/posts\/105665\/revisions\/105682"}],"wp:featuredmedia":[{"embeddable":true,"href":"https:\/\/www.tuasaude.com\/news\/wp-json\/wp\/v2\/media\/105663"}],"wp:attachment":[{"href":"https:\/\/www.tuasaude.com\/news\/wp-json\/wp\/v2\/media?parent=105665"}],"wp:term":[{"taxonomy":"category","embeddable":true,"href":"https:\/\/www.tuasaude.com\/news\/wp-json\/wp\/v2\/categories?post=105665"},{"taxonomy":"post_tag","embeddable":true,"href":"https:\/\/www.tuasaude.com\/news\/wp-json\/wp\/v2\/tags?post=105665"}],"curies":[{"name":"wp","href":"https:\/\/api.w.org\/{rel}","templated":true}]}}