{"id":105662,"date":"2026-08-30T19:20:00","date_gmt":"2026-08-30T22:20:00","guid":{"rendered":"https:\/\/www.tuasaude.com\/news\/?p=105662"},"modified":"2026-08-30T07:19:05","modified_gmt":"2026-08-30T10:19:05","slug":"acordar-cansado-roncar-muito-alto-e-ter-dor-de-cabeca-matinal-sem-motivo-aparente-pode-ser-um-forte-indicio-de-apneia-obstrutiva-do-sono","status":"publish","type":"post","link":"https:\/\/www.tuasaude.com\/news\/2026\/08\/30\/acordar-cansado-roncar-muito-alto-e-ter-dor-de-cabeca-matinal-sem-motivo-aparente-pode-ser-um-forte-indicio-de-apneia-obstrutiva-do-sono\/","title":{"rendered":"Acordar cansado, roncar muito alto e ter dor de cabe\u00e7a matinal sem motivo aparente pode ser um forte ind\u00edcio de apneia obstrutiva do sono"},"content":{"rendered":"\n<p class=\"wp-block-paragraph\"><strong>Ronco<\/strong> alto, <strong>cansa\u00e7o<\/strong> ao despertar e <strong>dor de cabe\u00e7a matinal<\/strong> formam uma combina\u00e7\u00e3o que merece aten\u00e7\u00e3o. Quando esses sinais aparecem com frequ\u00eancia, o sono pode estar sendo interrompido v\u00e1rias vezes ao longo da noite por obstru\u00e7\u00e3o das vias a\u00e9reas. Esse padr\u00e3o reduz a oxigena\u00e7\u00e3o, fragmenta o descanso e favorece sonol\u00eancia, irritabilidade e queda de concentra\u00e7\u00e3o no dia seguinte.<\/p>\n\n\n\n<h2 class=\"wp-block-heading\">Quando o ronco deixa de ser apenas um inc\u00f4modo?<\/h2>\n\n\n\n<p class=\"wp-block-paragraph\">Roncar de vez em quando \u00e9 comum, especialmente em per\u00edodos de congest\u00e3o nasal, uso de \u00e1lcool ou priva\u00e7\u00e3o de sono. O problema muda de peso quando o barulho \u00e9 intenso, ocorre quase todas as noites e vem acompanhado de pausas respirat\u00f3rias, engasgos, boca seca ao acordar ou sono pouco reparador.<\/p>\n\n\n\n<p class=\"wp-block-paragraph\">Na <strong>apneia obstrutiva do sono<\/strong>, a passagem de ar se fecha parcial ou totalmente por alguns segundos, muitas vezes repetidas vezes por hora. O c\u00e9rebro reage com microdespertares para retomar a respira\u00e7\u00e3o. A pessoa nem sempre percebe esses despertares, mas sente o efeito pela manh\u00e3, com fadiga, dificuldade para levantar e sensa\u00e7\u00e3o de noite mal dormida.<\/p>\n\n\n\n<h2 class=\"wp-block-heading\">O que a pesquisa mostra sobre dor de cabe\u00e7a matinal e apneia obstrutiva do sono?<\/h2>\n\n\n\n<p class=\"wp-block-paragraph\"><strong>Dor de cabe\u00e7a matinal<\/strong> n\u00e3o confirma o diagn\u00f3stico sozinha, mas tem rela\u00e7\u00e3o cl\u00ednica importante com dist\u00farbios respirat\u00f3rios do sono. Uma pesquisa publicada em 2023 avaliou adultos com apneia obstrutiva do sono e observou melhora desse sintoma ap\u00f3s tratamento com press\u00e3o positiva nas vias a\u00e9reas, refor\u00e7ando a liga\u00e7\u00e3o entre o quadro respirat\u00f3rio noturno e a cefaleia ao despertar.<\/p>\n\n\n\n<p class=\"wp-block-paragraph\">Esse achado aparece no estudo sobre <a href=\"https:\/\/pubmed.ncbi.nlm.nih.gov\/37669991\/\" target=\"_blank\" rel=\"noopener noreferrer\">melhora da dor de cabe\u00e7a matinal ap\u00f3s terapia com press\u00e3o positiva<\/a>. Em termos pr\u00e1ticos, isso sugere que a cefaleia da manh\u00e3 pode ser consequ\u00eancia de sono fragmentado e queda repetida de oxig\u00eanio, e n\u00e3o apenas de tens\u00e3o muscular, bruxismo ou estresse.<\/p>\n\n\n<div class=\"wp-block-image wp-block-image aligncenter size-large\">\n<figure ><img decoding=\"async\" width=\"1279\" height=\"720\" src=\"https:\/\/cdnnewsimg.tuasaude.com\/wp-content\/uploads\/2026\/08\/acordar-cansado-roncar-muito-alto-e-ter-dor-de-cabeca-m-corpo.jpg\" alt=\"Infogr\u00e1fico resume sinais e efeitos comuns da apneia obstrutiva do sono.\" class=\"wp-image-105661\" srcset=\"https:\/\/www.tuasaude.com\/news\/wp-content\/uploads\/2026\/08\/acordar-cansado-roncar-muito-alto-e-ter-dor-de-cabeca-m-corpo.jpg 1279w, https:\/\/www.tuasaude.com\/news\/wp-content\/uploads\/2026\/08\/acordar-cansado-roncar-muito-alto-e-ter-dor-de-cabeca-m-corpo-300x169.jpg 300w, https:\/\/www.tuasaude.com\/news\/wp-content\/uploads\/2026\/08\/acordar-cansado-roncar-muito-alto-e-ter-dor-de-cabeca-m-corpo-1024x576.jpg 1024w, https:\/\/www.tuasaude.com\/news\/wp-content\/uploads\/2026\/08\/acordar-cansado-roncar-muito-alto-e-ter-dor-de-cabeca-m-corpo-768x432.jpg 768w, https:\/\/www.tuasaude.com\/news\/wp-content\/uploads\/2026\/08\/acordar-cansado-roncar-muito-alto-e-ter-dor-de-cabeca-m-corpo-750x422.jpg 750w, https:\/\/www.tuasaude.com\/news\/wp-content\/uploads\/2026\/08\/acordar-cansado-roncar-muito-alto-e-ter-dor-de-cabeca-m-corpo-1140x642.jpg 1140w\" sizes=\"(max-width: 1279px) 100vw, 1279px\" \/><figcaption class=\"wp-element-caption\">Infogr\u00e1fico resume sinais e efeitos comuns da apneia obstrutiva do sono.<\/figcaption><\/figure>\n<\/div>\n\n\n<h2 class=\"wp-block-heading\">Quais sinais costumam acompanhar o cansa\u00e7o ao acordar?<\/h2>\n\n\n\n<p class=\"wp-block-paragraph\">O <strong>cansa\u00e7o<\/strong> ligado a esse quadro costuma ser diferente de dormir pouco em uma noite isolada. Mesmo ap\u00f3s v\u00e1rias horas na cama, a pessoa desperta sem disposi\u00e7\u00e3o, boceja ao longo do dia e pode notar lapsos de aten\u00e7\u00e3o, piora do humor e rendimento menor no trabalho ou nos estudos.<\/p>\n\n\n\n<ul class=\"wp-block-list\">\n<li>sono agitado com despertares frequentes<\/li>\n\n\n\n<li>boca seca ao levantar<\/li>\n\n\n\n<li>sensa\u00e7\u00e3o de sufocamento durante a noite<\/li>\n\n\n\n<li>queda de mem\u00f3ria e concentra\u00e7\u00e3o<\/li>\n\n\n\n<li>sonol\u00eancia em momentos de baixa atividade<\/li>\n<\/ul>\n\n\n\n<p class=\"wp-block-paragraph\">Quando esses sinais aparecem junto com <strong>ronco<\/strong> alto, o quadro ganha ainda mais relev\u00e2ncia cl\u00ednica. No portal Tua Sa\u00fade h\u00e1 conte\u00fados relacionados sobre dist\u00farbios do sono e seus sintomas.<\/p>\n\n\n\n<h2 class=\"wp-block-heading\">Quem tem maior risco de desenvolver esse problema?<\/h2>\n\n\n\n<p class=\"wp-block-paragraph\">A <strong>apneia obstrutiva do sono<\/strong> pode ocorrer em pessoas de diferentes perfis, mas \u00e9 mais frequente em quem tem excesso de peso, pesco\u00e7o mais largo, obstru\u00e7\u00e3o nasal persistente, altera\u00e7\u00f5es nas am\u00edgdalas ou na anatomia da mand\u00edbula. Idade mais avan\u00e7ada, consumo de \u00e1lcool \u00e0 noite e uso de sedativos tamb\u00e9m aumentam a chance de colapso das vias a\u00e9reas durante o sono.<\/p>\n\n\n\n<p class=\"wp-block-paragraph\">Outra investiga\u00e7\u00e3o na mesma linha, em pacientes com quadro leve, comparou CPAP e dispositivo de avan\u00e7o mandibular quanto a fadiga e sintomas diurnos, apontando impacto sobre o funcionamento ao longo do dia. O estudo pode ser lido em <a href=\"https:\/\/pubmed.ncbi.nlm.nih.gov\/35948843\/\" target=\"_blank\" rel=\"noopener noreferrer\">fadiga e sonol\u00eancia em pacientes com OSA leve<\/a>.<\/p>\n\n\n\n<h2 class=\"wp-block-heading\">Como \u00e9 feita a avalia\u00e7\u00e3o e o que pode ajudar?<\/h2>\n\n\n\n<p class=\"wp-block-paragraph\">O diagn\u00f3stico depende da hist\u00f3ria cl\u00ednica, da observa\u00e7\u00e3o dos sintomas e, muitas vezes, de exames do sono. A polissonografia \u00e9 a ferramenta mais conhecida, mas em alguns casos o m\u00e9dico pode indicar testes domiciliares. O objetivo \u00e9 medir eventos respirat\u00f3rios, oxigena\u00e7\u00e3o, despertares e impacto sobre a arquitetura do sono.<\/p>\n\n\n\n<p class=\"wp-block-paragraph\">Entre as medidas poss\u00edveis est\u00e3o:<\/p>\n\n\n\n<ul class=\"wp-block-list\">\n<li>perda de peso quando indicada<\/li>\n\n\n\n<li>redu\u00e7\u00e3o de \u00e1lcool no per\u00edodo noturno<\/li>\n\n\n\n<li>tratamento de obstru\u00e7\u00e3o nasal<\/li>\n\n\n\n<li>uso de CPAP em casos selecionados<\/li>\n\n\n\n<li>dispositivo intraoral para alguns perfis<\/li>\n<\/ul>\n\n\n\n<p class=\"wp-block-paragraph\">Identificar cedo a causa de <strong>dor de cabe\u00e7a matinal<\/strong>, ronco intenso e despertares sem recupera\u00e7\u00e3o ajuda a reduzir sonol\u00eancia, melhorar a ventila\u00e7\u00e3o noturna e restaurar um padr\u00e3o de descanso mais est\u00e1vel. Isso tamb\u00e9m diminui a sobrecarga provocada por hip\u00f3xia intermitente e fragmenta\u00e7\u00e3o repetida do sono.<\/p>\n\n\n\n<p class=\"wp-block-paragraph\">Este conte\u00fado tem car\u00e1ter exclusivamente informativo e <strong>n\u00e3o substitui a avalia\u00e7\u00e3o<\/strong>, o diagn\u00f3stico ou o acompanhamento de um profissional de sa\u00fade. Se voc\u00ea apresenta sintomas ou tem d\u00favidas sobre sua condi\u00e7\u00e3o, procure orienta\u00e7\u00e3o m\u00e9dica.<\/p>\n","protected":false},"excerpt":{"rendered":"<p>Ronco alto, cansa\u00e7o ao despertar e dor de cabe\u00e7a matinal formam uma combina\u00e7\u00e3o que merece aten\u00e7\u00e3o. Quando esses sinais aparecem com frequ\u00eancia, o sono pode estar sendo interrompido v\u00e1rias vezes ao longo da noite por obstru\u00e7\u00e3o das vias a\u00e9reas. Esse padr\u00e3o reduz a oxigena\u00e7\u00e3o, fragmenta o descanso e favorece sonol\u00eancia, irritabilidade e queda de concentra\u00e7\u00e3o [&hellip;]<\/p>\n","protected":false},"author":6,"featured_media":105660,"comment_status":"open","ping_status":"open","sticky":false,"template":"","format":"standard","meta":{"_yoast_wpseo_focuskw":"ronco","_yoast_wpseo_title":"","_yoast_wpseo_metadesc":"Ronco alto, cansa\u00e7o ao acordar e dor de cabe\u00e7a matinal podem apontar um dist\u00farbio comum do sono que passa despercebido por muito tempo.","jnews-multi-image_gallery":[],"jnews_single_post":{"format":"standard"},"jnews_primary_category":[],"jnews_social_meta":[],"jnews_override_counter":[],"footnotes":""},"categories":[111],"tags":[564,193,1450,2245,1796],"class_list":["post-105662","post","type-post","status-publish","format-standard","has-post-thumbnail","hentry","category-saude","tag-apneia-obstrutiva-do-sono","tag-cansaco","tag-dor-de-cabeca-matinal","tag-ronco","tag-saude-2"],"yoast_head":"<!-- This site is optimized with the Yoast SEO plugin v26.7 - https:\/\/yoast.com\/wordpress\/plugins\/seo\/ -->\n<title>Acordar cansado, roncar muito alto e ter dor de cabe\u00e7a matinal sem motivo aparente pode ser um forte ind\u00edcio de apneia obstrutiva do sono - Tua Sa\u00fade<\/title>\n<meta name=\"description\" content=\"Ronco alto, cansa\u00e7o ao acordar e dor de cabe\u00e7a matinal podem apontar um dist\u00farbio comum do sono que passa despercebido por muito tempo.\" \/>\n<meta name=\"robots\" content=\"index, follow, max-snippet:-1, max-image-preview:large, max-video-preview:-1\" \/>\n<link rel=\"canonical\" href=\"https:\/\/www.tuasaude.com\/news\/2026\/08\/30\/acordar-cansado-roncar-muito-alto-e-ter-dor-de-cabeca-matinal-sem-motivo-aparente-pode-ser-um-forte-indicio-de-apneia-obstrutiva-do-sono\/\" \/>\n<meta property=\"og:locale\" content=\"pt_BR\" \/>\n<meta property=\"og:type\" content=\"article\" \/>\n<meta property=\"og:title\" content=\"Acordar cansado, roncar muito alto e ter dor de cabe\u00e7a matinal sem motivo aparente pode ser um forte ind\u00edcio de apneia obstrutiva do sono - Tua Sa\u00fade\" \/>\n<meta property=\"og:description\" content=\"Ronco alto, cansa\u00e7o ao acordar e dor de cabe\u00e7a matinal podem apontar um dist\u00farbio comum do sono que passa despercebido por muito tempo.\" \/>\n<meta property=\"og:url\" content=\"https:\/\/www.tuasaude.com\/news\/2026\/08\/30\/acordar-cansado-roncar-muito-alto-e-ter-dor-de-cabeca-matinal-sem-motivo-aparente-pode-ser-um-forte-indicio-de-apneia-obstrutiva-do-sono\/\" \/>\n<meta property=\"og:site_name\" content=\"Tua Sa\u00fade\" \/>\n<meta property=\"article:published_time\" content=\"2026-08-30T22:20:00+00:00\" \/>\n<meta property=\"og:image\" content=\"https:\/\/www.tuasaude.com\/news\/wp-content\/uploads\/2026\/08\/acordar-cansado-roncar-muito-alto-e-ter-dor-de-cabeca-matina.jpg\" \/>\n\t<meta property=\"og:image:width\" content=\"1279\" \/>\n\t<meta property=\"og:image:height\" content=\"720\" \/>\n\t<meta property=\"og:image:type\" content=\"image\/jpeg\" \/>\n<meta name=\"author\" content=\"Gabriel Leme\" \/>\n<meta name=\"twitter:card\" content=\"summary_large_image\" \/>\n<meta name=\"twitter:label1\" content=\"Escrito por\" \/>\n\t<meta name=\"twitter:data1\" content=\"Gabriel Leme\" \/>\n\t<meta name=\"twitter:label2\" content=\"Est. tempo de leitura\" \/>\n\t<meta name=\"twitter:data2\" content=\"5 minutos\" \/>\n<!-- \/ Yoast SEO plugin. -->","yoast_head_json":{"title":"Acordar cansado, roncar muito alto e ter dor de cabe\u00e7a matinal sem motivo aparente pode ser um forte ind\u00edcio de apneia obstrutiva do sono - Tua Sa\u00fade","description":"Ronco alto, cansa\u00e7o ao acordar e dor de cabe\u00e7a matinal podem apontar um dist\u00farbio comum do sono que passa despercebido por muito tempo.","robots":{"index":"index","follow":"follow","max-snippet":"max-snippet:-1","max-image-preview":"max-image-preview:large","max-video-preview":"max-video-preview:-1"},"canonical":"https:\/\/www.tuasaude.com\/news\/2026\/08\/30\/acordar-cansado-roncar-muito-alto-e-ter-dor-de-cabeca-matinal-sem-motivo-aparente-pode-ser-um-forte-indicio-de-apneia-obstrutiva-do-sono\/","og_locale":"pt_BR","og_type":"article","og_title":"Acordar cansado, roncar muito alto e ter dor de cabe\u00e7a matinal sem motivo aparente pode ser um forte ind\u00edcio de apneia obstrutiva do sono - Tua Sa\u00fade","og_description":"Ronco alto, cansa\u00e7o ao acordar e dor de cabe\u00e7a matinal podem apontar um dist\u00farbio comum do sono que passa despercebido por muito tempo.","og_url":"https:\/\/www.tuasaude.com\/news\/2026\/08\/30\/acordar-cansado-roncar-muito-alto-e-ter-dor-de-cabeca-matinal-sem-motivo-aparente-pode-ser-um-forte-indicio-de-apneia-obstrutiva-do-sono\/","og_site_name":"Tua Sa\u00fade","article_published_time":"2026-08-30T22:20:00+00:00","og_image":[{"width":1279,"height":720,"url":"https:\/\/www.tuasaude.com\/news\/wp-content\/uploads\/2026\/08\/acordar-cansado-roncar-muito-alto-e-ter-dor-de-cabeca-matina.jpg","type":"image\/jpeg"}],"author":"Gabriel Leme","twitter_card":"summary_large_image","twitter_misc":{"Escrito por":"Gabriel Leme","Est. tempo de leitura":"5 minutos"},"schema":{"@context":"https:\/\/schema.org","@graph":[{"@type":"Article","@id":"https:\/\/www.tuasaude.com\/news\/2026\/08\/30\/acordar-cansado-roncar-muito-alto-e-ter-dor-de-cabeca-matinal-sem-motivo-aparente-pode-ser-um-forte-indicio-de-apneia-obstrutiva-do-sono\/#article","isPartOf":{"@id":"https:\/\/www.tuasaude.com\/news\/2026\/08\/30\/acordar-cansado-roncar-muito-alto-e-ter-dor-de-cabeca-matinal-sem-motivo-aparente-pode-ser-um-forte-indicio-de-apneia-obstrutiva-do-sono\/"},"author":{"name":"Gabriel Leme","@id":"https:\/\/www.tuasaude.com\/news\/#\/schema\/person\/bf512a2e53b74f5544ff3040f496e593"},"headline":"Acordar cansado, roncar muito alto e ter dor de cabe\u00e7a matinal sem motivo aparente pode ser um forte ind\u00edcio de apneia obstrutiva do sono","datePublished":"2026-08-30T22:20:00+00:00","mainEntityOfPage":{"@id":"https:\/\/www.tuasaude.com\/news\/2026\/08\/30\/acordar-cansado-roncar-muito-alto-e-ter-dor-de-cabeca-matinal-sem-motivo-aparente-pode-ser-um-forte-indicio-de-apneia-obstrutiva-do-sono\/"},"wordCount":817,"commentCount":0,"image":{"@id":"https:\/\/www.tuasaude.com\/news\/2026\/08\/30\/acordar-cansado-roncar-muito-alto-e-ter-dor-de-cabeca-matinal-sem-motivo-aparente-pode-ser-um-forte-indicio-de-apneia-obstrutiva-do-sono\/#primaryimage"},"thumbnailUrl":"https:\/\/www.tuasaude.com\/news\/wp-content\/uploads\/2026\/08\/acordar-cansado-roncar-muito-alto-e-ter-dor-de-cabeca-matina.jpg","keywords":["apneia obstrutiva do sono","cansa\u00e7o","dor de cabe\u00e7a matinal","ronco","saude"],"articleSection":["Sa\u00fade"],"inLanguage":"pt-BR","potentialAction":[{"@type":"CommentAction","name":"Comment","target":["https:\/\/www.tuasaude.com\/news\/2026\/08\/30\/acordar-cansado-roncar-muito-alto-e-ter-dor-de-cabeca-matinal-sem-motivo-aparente-pode-ser-um-forte-indicio-de-apneia-obstrutiva-do-sono\/#respond"]}]},{"@type":"WebPage","@id":"https:\/\/www.tuasaude.com\/news\/2026\/08\/30\/acordar-cansado-roncar-muito-alto-e-ter-dor-de-cabeca-matinal-sem-motivo-aparente-pode-ser-um-forte-indicio-de-apneia-obstrutiva-do-sono\/","url":"https:\/\/www.tuasaude.com\/news\/2026\/08\/30\/acordar-cansado-roncar-muito-alto-e-ter-dor-de-cabeca-matinal-sem-motivo-aparente-pode-ser-um-forte-indicio-de-apneia-obstrutiva-do-sono\/","name":"Acordar cansado, roncar muito alto e ter dor de cabe\u00e7a matinal sem motivo aparente pode ser um forte ind\u00edcio de apneia obstrutiva do sono - Tua Sa\u00fade","isPartOf":{"@id":"https:\/\/www.tuasaude.com\/news\/#website"},"primaryImageOfPage":{"@id":"https:\/\/www.tuasaude.com\/news\/2026\/08\/30\/acordar-cansado-roncar-muito-alto-e-ter-dor-de-cabeca-matinal-sem-motivo-aparente-pode-ser-um-forte-indicio-de-apneia-obstrutiva-do-sono\/#primaryimage"},"image":{"@id":"https:\/\/www.tuasaude.com\/news\/2026\/08\/30\/acordar-cansado-roncar-muito-alto-e-ter-dor-de-cabeca-matinal-sem-motivo-aparente-pode-ser-um-forte-indicio-de-apneia-obstrutiva-do-sono\/#primaryimage"},"thumbnailUrl":"https:\/\/www.tuasaude.com\/news\/wp-content\/uploads\/2026\/08\/acordar-cansado-roncar-muito-alto-e-ter-dor-de-cabeca-matina.jpg","datePublished":"2026-08-30T22:20:00+00:00","author":{"@id":"https:\/\/www.tuasaude.com\/news\/#\/schema\/person\/bf512a2e53b74f5544ff3040f496e593"},"description":"Ronco alto, cansa\u00e7o ao acordar e dor de cabe\u00e7a matinal podem apontar um dist\u00farbio comum do sono que passa despercebido por muito tempo.","breadcrumb":{"@id":"https:\/\/www.tuasaude.com\/news\/2026\/08\/30\/acordar-cansado-roncar-muito-alto-e-ter-dor-de-cabeca-matinal-sem-motivo-aparente-pode-ser-um-forte-indicio-de-apneia-obstrutiva-do-sono\/#breadcrumb"},"inLanguage":"pt-BR","potentialAction":[{"@type":"ReadAction","target":["https:\/\/www.tuasaude.com\/news\/2026\/08\/30\/acordar-cansado-roncar-muito-alto-e-ter-dor-de-cabeca-matinal-sem-motivo-aparente-pode-ser-um-forte-indicio-de-apneia-obstrutiva-do-sono\/"]}]},{"@type":"ImageObject","inLanguage":"pt-BR","@id":"https:\/\/www.tuasaude.com\/news\/2026\/08\/30\/acordar-cansado-roncar-muito-alto-e-ter-dor-de-cabeca-matinal-sem-motivo-aparente-pode-ser-um-forte-indicio-de-apneia-obstrutiva-do-sono\/#primaryimage","url":"https:\/\/www.tuasaude.com\/news\/wp-content\/uploads\/2026\/08\/acordar-cansado-roncar-muito-alto-e-ter-dor-de-cabeca-matina.jpg","contentUrl":"https:\/\/www.tuasaude.com\/news\/wp-content\/uploads\/2026\/08\/acordar-cansado-roncar-muito-alto-e-ter-dor-de-cabeca-matina.jpg","width":1279,"height":720,"caption":"Ronco alto, cansa\u00e7o ao despertar e dor de cabe\u00e7a sugerem apneia do sono."},{"@type":"BreadcrumbList","@id":"https:\/\/www.tuasaude.com\/news\/2026\/08\/30\/acordar-cansado-roncar-muito-alto-e-ter-dor-de-cabeca-matinal-sem-motivo-aparente-pode-ser-um-forte-indicio-de-apneia-obstrutiva-do-sono\/#breadcrumb","itemListElement":[{"@type":"ListItem","position":1,"name":"In\u00edcio","item":"https:\/\/www.tuasaude.com\/news\/"},{"@type":"ListItem","position":2,"name":"Acordar cansado, roncar muito alto e ter dor de cabe\u00e7a matinal sem motivo aparente pode ser um forte ind\u00edcio de apneia obstrutiva do sono"}]},{"@type":"WebSite","@id":"https:\/\/www.tuasaude.com\/news\/#website","url":"https:\/\/www.tuasaude.com\/news\/","name":"Tua Sa\u00fade","description":"Seu site de sa\u00fade","potentialAction":[{"@type":"SearchAction","target":{"@type":"EntryPoint","urlTemplate":"https:\/\/www.tuasaude.com\/news\/?s={search_term_string}"},"query-input":{"@type":"PropertyValueSpecification","valueRequired":true,"valueName":"search_term_string"}}],"inLanguage":"pt-BR"},{"@type":"Person","@id":"https:\/\/www.tuasaude.com\/news\/#\/schema\/person\/bf512a2e53b74f5544ff3040f496e593","name":"Gabriel Leme","image":{"@type":"ImageObject","inLanguage":"pt-BR","@id":"https:\/\/www.tuasaude.com\/news\/#\/schema\/person\/image\/","url":"https:\/\/secure.gravatar.com\/avatar\/a12badc2d08e73d59b38f178ebe822eca26c0445823b05fefedea89fb346439c?s=96&d=mm&r=g","contentUrl":"https:\/\/secure.gravatar.com\/avatar\/a12badc2d08e73d59b38f178ebe822eca26c0445823b05fefedea89fb346439c?s=96&d=mm&r=g","caption":"Gabriel Leme"},"sameAs":["https:\/\/www.tuasaude.com\/news"],"url":"https:\/\/www.tuasaude.com\/news\/author\/gabrielleme\/"}]}},"_links":{"self":[{"href":"https:\/\/www.tuasaude.com\/news\/wp-json\/wp\/v2\/posts\/105662","targetHints":{"allow":["GET"]}}],"collection":[{"href":"https:\/\/www.tuasaude.com\/news\/wp-json\/wp\/v2\/posts"}],"about":[{"href":"https:\/\/www.tuasaude.com\/news\/wp-json\/wp\/v2\/types\/post"}],"author":[{"embeddable":true,"href":"https:\/\/www.tuasaude.com\/news\/wp-json\/wp\/v2\/users\/6"}],"replies":[{"embeddable":true,"href":"https:\/\/www.tuasaude.com\/news\/wp-json\/wp\/v2\/comments?post=105662"}],"version-history":[{"count":1,"href":"https:\/\/www.tuasaude.com\/news\/wp-json\/wp\/v2\/posts\/105662\/revisions"}],"predecessor-version":[{"id":105681,"href":"https:\/\/www.tuasaude.com\/news\/wp-json\/wp\/v2\/posts\/105662\/revisions\/105681"}],"wp:featuredmedia":[{"embeddable":true,"href":"https:\/\/www.tuasaude.com\/news\/wp-json\/wp\/v2\/media\/105660"}],"wp:attachment":[{"href":"https:\/\/www.tuasaude.com\/news\/wp-json\/wp\/v2\/media?parent=105662"}],"wp:term":[{"taxonomy":"category","embeddable":true,"href":"https:\/\/www.tuasaude.com\/news\/wp-json\/wp\/v2\/categories?post=105662"},{"taxonomy":"post_tag","embeddable":true,"href":"https:\/\/www.tuasaude.com\/news\/wp-json\/wp\/v2\/tags?post=105662"}],"curies":[{"name":"wp","href":"https:\/\/api.w.org\/{rel}","templated":true}]}}