{"id":105585,"date":"2026-08-30T20:10:00","date_gmt":"2026-08-30T23:10:00","guid":{"rendered":"https:\/\/www.tuasaude.com\/news\/?p=105585"},"modified":"2026-08-29T22:37:42","modified_gmt":"2026-08-30T01:37:42","slug":"como-saber-se-tenho-apneia-do-sono-aqui-estao-os-principais-sinais-iniciais-e-os-exames-recomendados","status":"publish","type":"post","link":"https:\/\/www.tuasaude.com\/news\/2026\/08\/30\/como-saber-se-tenho-apneia-do-sono-aqui-estao-os-principais-sinais-iniciais-e-os-exames-recomendados\/","title":{"rendered":"Como saber se tenho apneia do sono: aqui est\u00e3o os principais sinais iniciais e os exames recomendados"},"content":{"rendered":"\n<p class=\"wp-block-paragraph\">Saber identificar os primeiros sinais da apneia do sono \u00e9 fundamental para buscar avalia\u00e7\u00e3o m\u00e9dica no momento certo e evitar complica\u00e7\u00f5es a longo prazo. Roncos altos, sono n\u00e3o reparador, sonol\u00eancia diurna e dor de cabe\u00e7a matinal est\u00e3o entre os principais alertas que indicam a possibilidade do dist\u00farbio. A polissonografia \u00e9 o exame padr\u00e3o-ouro para confirmar o diagn\u00f3stico, mas a poligrafia respirat\u00f3ria domiciliar surge como uma alternativa cada vez mais utilizada em casos selecionados, especialmente quando a suspeita cl\u00ednica \u00e9 forte.<\/p>\n\n\n\n<h2 class=\"wp-block-heading\">Por que a apneia do sono passa despercebida por tanto tempo?<\/h2>\n\n\n\n<p class=\"wp-block-paragraph\">A apneia obstrutiva do sono geralmente evolui de forma silenciosa, j\u00e1 que os sintomas mais evidentes acontecem durante o sono. Muitas pessoas s\u00f3 percebem que algo est\u00e1 errado quando algu\u00e9m pr\u00f3ximo relata os roncos ou as pausas respirat\u00f3rias.<\/p>\n\n\n\n<p class=\"wp-block-paragraph\">Al\u00e9m disso, a sonol\u00eancia diurna e o cansa\u00e7o matinal costumam ser atribu\u00eddos a estresse ou a uma rotina intensa. Reconhecer os sinais precocemente ajuda a evitar que a <a href=\"https:\/\/www.tuasaude.com\/apneia-do-sono\/\" target=\"_blank\" rel=\"noreferrer noopener\">apneia do sono<\/a> comprometa a qualidade de vida e a sa\u00fade cardiovascular.<\/p>\n\n\n\n<h2 class=\"wp-block-heading\">Quais s\u00e3o os principais sinais iniciais?<\/h2>\n\n\n\n<p class=\"wp-block-paragraph\">Alguns sintomas se repetem em quem convive com o dist\u00farbio ainda n\u00e3o diagnosticado. Conhec\u00ea-los \u00e9 o primeiro passo para uma investiga\u00e7\u00e3o m\u00e9dica adequada.<\/p>\n\n\n\n<ul class=\"wp-block-list\">\n<li><strong>Ronco alto e frequente<\/strong>: geralmente percebido por quem divide o quarto com a pessoa.<\/li>\n\n\n\n<li><strong>Pausas respirat\u00f3rias durante o sono<\/strong>: observadas por familiares e associadas a engasgos.<\/li>\n\n\n\n<li><strong>Sono n\u00e3o reparador<\/strong>: sensa\u00e7\u00e3o de acordar cansado, mesmo ap\u00f3s uma noite completa de descanso.<\/li>\n\n\n\n<li><strong>Sonol\u00eancia diurna excessiva<\/strong>: dificuldade de manter o alerta em atividades comuns.<\/li>\n\n\n\n<li><strong>Dor de cabe\u00e7a matinal<\/strong>: relacionada \u00e0 queda dos n\u00edveis de oxig\u00eanio durante a noite.<\/li>\n\n\n\n<li><strong>Boca seca e garganta irritada ao acordar<\/strong>: sinais de respira\u00e7\u00e3o bucal prolongada.<\/li>\n\n\n\n<li><strong>Falta de concentra\u00e7\u00e3o e mem\u00f3ria<\/strong>: consequ\u00eancia direta da m\u00e1 qualidade do sono.<\/li>\n<\/ul>\n\n\n<div class=\"wp-block-image\">\n<figure class=\"aligncenter size-large\"><img decoding=\"async\" width=\"1024\" height=\"571\" src=\"https:\/\/www.tuasaude.com\/news\/wp-content\/uploads\/2026\/08\/Medical_infographic_about_sleep_\u2026_202608292236-1024x571.jpg\" alt=\"Sinais noturnos, sintomas diurnos e exames do sono orientam a investiga\u00e7\u00e3o da apneia.\" class=\"wp-image-105591\" srcset=\"https:\/\/www.tuasaude.com\/news\/wp-content\/uploads\/2026\/08\/Medical_infographic_about_sleep_\u2026_202608292236-1024x571.jpg 1024w, https:\/\/www.tuasaude.com\/news\/wp-content\/uploads\/2026\/08\/Medical_infographic_about_sleep_\u2026_202608292236-300x167.jpg 300w, https:\/\/www.tuasaude.com\/news\/wp-content\/uploads\/2026\/08\/Medical_infographic_about_sleep_\u2026_202608292236-768x428.jpg 768w, https:\/\/www.tuasaude.com\/news\/wp-content\/uploads\/2026\/08\/Medical_infographic_about_sleep_\u2026_202608292236-750x418.jpg 750w, https:\/\/www.tuasaude.com\/news\/wp-content\/uploads\/2026\/08\/Medical_infographic_about_sleep_\u2026_202608292236-1140x636.jpg 1140w, https:\/\/www.tuasaude.com\/news\/wp-content\/uploads\/2026\/08\/Medical_infographic_about_sleep_\u2026_202608292236.jpg 1280w\" sizes=\"(max-width: 1024px) 100vw, 1024px\" \/><figcaption class=\"wp-element-caption\">Sinais noturnos, sintomas diurnos e exames do sono orientam a investiga\u00e7\u00e3o da apneia.<\/figcaption><\/figure>\n<\/div>\n\n\n<h2 class=\"wp-block-heading\">Quando \u00e9 hora de procurar um m\u00e9dico?<\/h2>\n\n\n\n<p class=\"wp-block-paragraph\">Diante da presen\u00e7a de dois ou mais sinais persistentes, \u00e9 indicado buscar avalia\u00e7\u00e3o m\u00e9dica com um <a href=\"https:\/\/www.tuasaude.com\/especialistas-em-apneia-do-sono\/\" target=\"_blank\" rel=\"noreferrer noopener\">especialista em apneia do sono<\/a>, como o otorrinolaringologista, o pneumologista ou o m\u00e9dico do sono.<\/p>\n\n\n\n<p class=\"wp-block-paragraph\">A consulta envolve a avalia\u00e7\u00e3o cl\u00ednica dos sintomas, an\u00e1lise dos fatores de risco e exame f\u00edsico das vias a\u00e9reas superiores. Tamb\u00e9m podem ser aplicados question\u00e1rios espec\u00edficos, como a Escala de Sonol\u00eancia de Epworth, para estimar o grau de sonol\u00eancia diurna.<\/p>\n\n\n\n<h2 class=\"wp-block-heading\">O que diz uma revis\u00e3o cient\u00edfica sobre os exames diagn\u00f3sticos?<\/h2>\n\n\n\n<p class=\"wp-block-paragraph\">A compara\u00e7\u00e3o entre a polissonografia completa e os testes port\u00e1teis realizados no domic\u00edlio tem sido objeto de investiga\u00e7\u00e3o em estudos com metodologia rigorosa. Uma revis\u00e3o sistem\u00e1tica avaliou a acur\u00e1cia da poligrafia respirat\u00f3ria em rela\u00e7\u00e3o ao exame padr\u00e3o-ouro.<\/p>\n\n\n\n<p class=\"wp-block-paragraph\">Segundo a revis\u00e3o sistem\u00e1tica <a href=\"https:\/\/pubmed.ncbi.nlm.nih.gov\/24218531\/\" target=\"_blank\" rel=\"noreferrer noopener\">Diagnostic accuracy of level 3 portable sleep tests versus level 1 polysomnography for sleep-disordered breathing<\/a>, publicada no peri\u00f3dico revisado por pares Canadian Medical Association Journal e indexado no PubMed, os testes port\u00e1teis de n\u00edvel 3 mostraram boa acur\u00e1cia diagn\u00f3stica em pacientes com alta probabilidade cl\u00ednica de apneia obstrutiva do sono moderada a grave, sem comorbidades significativas. Os autores conclu\u00edram que a polissonografia laboratorial continua sendo a refer\u00eancia padr\u00e3o, mas a poligrafia domiciliar \u00e9 uma alternativa segura e conveniente em contextos selecionados.<\/p>\n\n\n<div class=\"wp-block-image\">\n<figure class=\"aligncenter size-large\"><img decoding=\"async\" width=\"1024\" height=\"571\" src=\"https:\/\/www.tuasaude.com\/news\/wp-content\/uploads\/2026\/08\/Woman_sitting_on_bed_tired_202608292236-1024x571.jpg\" alt=\"Sono n\u00e3o reparador e sonol\u00eancia diurna justificam investiga\u00e7\u00e3o de dist\u00farbios respirat\u00f3rios noturnos.\" class=\"wp-image-105592\" srcset=\"https:\/\/www.tuasaude.com\/news\/wp-content\/uploads\/2026\/08\/Woman_sitting_on_bed_tired_202608292236-1024x571.jpg 1024w, https:\/\/www.tuasaude.com\/news\/wp-content\/uploads\/2026\/08\/Woman_sitting_on_bed_tired_202608292236-300x167.jpg 300w, https:\/\/www.tuasaude.com\/news\/wp-content\/uploads\/2026\/08\/Woman_sitting_on_bed_tired_202608292236-768x428.jpg 768w, https:\/\/www.tuasaude.com\/news\/wp-content\/uploads\/2026\/08\/Woman_sitting_on_bed_tired_202608292236-750x418.jpg 750w, https:\/\/www.tuasaude.com\/news\/wp-content\/uploads\/2026\/08\/Woman_sitting_on_bed_tired_202608292236-1140x636.jpg 1140w, https:\/\/www.tuasaude.com\/news\/wp-content\/uploads\/2026\/08\/Woman_sitting_on_bed_tired_202608292236.jpg 1280w\" sizes=\"(max-width: 1024px) 100vw, 1024px\" \/><figcaption class=\"wp-element-caption\">Sono n\u00e3o reparador e sonol\u00eancia diurna justificam investiga\u00e7\u00e3o de dist\u00farbios respirat\u00f3rios noturnos.<\/figcaption><\/figure>\n<\/div>\n\n\n<h2 class=\"wp-block-heading\">Quais exames confirmam o diagn\u00f3stico?<\/h2>\n\n\n\n<p class=\"wp-block-paragraph\">A investiga\u00e7\u00e3o da apneia do sono envolve exames que analisam a respira\u00e7\u00e3o, a oxigena\u00e7\u00e3o e o padr\u00e3o de sono. Veja as principais op\u00e7\u00f5es recomendadas.<\/p>\n\n\n\n<ol class=\"wp-block-list\">\n<li>Realize a <a href=\"https:\/\/www.tuasaude.com\/polissonografia\/\" target=\"_blank\" rel=\"noreferrer noopener\">polissonografia<\/a>, considerada o padr\u00e3o-ouro para confirmar o diagn\u00f3stico e classificar a gravidade da apneia.<\/li>\n\n\n\n<li>Discuta com o m\u00e9dico a possibilidade da poligrafia respirat\u00f3ria domiciliar, indicada em casos selecionados com alta suspeita cl\u00ednica.<\/li>\n\n\n\n<li>Fa\u00e7a uma avalia\u00e7\u00e3o otorrinolaringol\u00f3gica para identificar altera\u00e7\u00f5es anat\u00f4micas que favore\u00e7am a obstru\u00e7\u00e3o das vias a\u00e9reas.<\/li>\n\n\n\n<li>Complete exames laboratoriais e cardiol\u00f3gicos quando indicado, especialmente para investigar hipertens\u00e3o e altera\u00e7\u00f5es metab\u00f3licas associadas.<\/li>\n\n\n\n<li>Considere o uso de aparelhos como o <a href=\"https:\/\/www.tuasaude.com\/cpap-nasal\/\" target=\"_blank\" rel=\"noreferrer noopener\">CPAP nasal<\/a> ap\u00f3s a confirma\u00e7\u00e3o diagn\u00f3stica, principalmente em casos moderados a graves.<\/li>\n\n\n\n<li>Adote mudan\u00e7as no estilo de vida, com controle do peso, redu\u00e7\u00e3o do consumo de \u00e1lcool antes de dormir e cessa\u00e7\u00e3o do tabagismo.<\/li>\n<\/ol>\n\n\n\n<p class=\"wp-block-paragraph\">Como a apneia do sono n\u00e3o tratada aumenta o risco de hipertens\u00e3o, infarto, acidente vascular cerebral e acidentes relacionados \u00e0 sonol\u00eancia, o diagn\u00f3stico precoce \u00e9 fundamental para proteger a sa\u00fade cardiovascular e melhorar a qualidade de vida a longo prazo.<\/p>\n\n\n\n<p class=\"wp-block-paragraph\"><em>Este conte\u00fado \u00e9 apenas informativo e n\u00e3o substitui a avalia\u00e7\u00e3o, o diagn\u00f3stico ou o tratamento realizados por um m\u00e9dico ou profissional de sa\u00fade qualificado. Consulte sempre um especialista antes de iniciar qualquer mudan\u00e7a na alimenta\u00e7\u00e3o, no uso de medicamentos ou na rotina de cuidados com a sa\u00fade.<\/em><\/p>\n","protected":false},"excerpt":{"rendered":"<p>Saber identificar os primeiros sinais da apneia do sono \u00e9 fundamental para buscar avalia\u00e7\u00e3o m\u00e9dica no momento certo e evitar complica\u00e7\u00f5es a longo prazo. Roncos altos, sono n\u00e3o reparador, sonol\u00eancia diurna e dor de cabe\u00e7a matinal est\u00e3o entre os principais alertas que indicam a possibilidade do dist\u00farbio. A polissonografia \u00e9 o exame padr\u00e3o-ouro para confirmar [&hellip;]<\/p>\n","protected":false},"author":11,"featured_media":105590,"comment_status":"open","ping_status":"open","sticky":false,"template":"","format":"standard","meta":{"_yoast_wpseo_focuskw":"apneia do sono","_yoast_wpseo_title":"","_yoast_wpseo_metadesc":"Apneia do sono pode causar ronco alto, cansa\u00e7o e sonol\u00eancia diurna. Entenda os principais sinais e quais exames ajudam a confirmar o diagn\u00f3stico.","jnews-multi-image_gallery":[],"jnews_single_post":{"format":"standard"},"jnews_primary_category":[],"jnews_social_meta":[],"jnews_override_counter":[],"footnotes":""},"categories":[111],"tags":[1189,1593,136,1086],"class_list":["post-105585","post","type-post","status-publish","format-standard","has-post-thumbnail","hentry","category-saude","tag-apneia-do-sono","tag-exames","tag-saude","tag-saude-do-sono"],"yoast_head":"<!-- This site is optimized with the Yoast SEO plugin v26.7 - https:\/\/yoast.com\/wordpress\/plugins\/seo\/ -->\n<title>Como saber se tenho apneia do sono: aqui est\u00e3o os principais sinais iniciais e os exames recomendados - Tua Sa\u00fade<\/title>\n<meta name=\"description\" content=\"Apneia do sono pode causar ronco alto, cansa\u00e7o e sonol\u00eancia diurna. Entenda os principais sinais e quais exames ajudam a confirmar o diagn\u00f3stico.\" \/>\n<meta name=\"robots\" content=\"index, follow, max-snippet:-1, max-image-preview:large, max-video-preview:-1\" \/>\n<link rel=\"canonical\" href=\"https:\/\/www.tuasaude.com\/news\/2026\/08\/30\/como-saber-se-tenho-apneia-do-sono-aqui-estao-os-principais-sinais-iniciais-e-os-exames-recomendados\/\" \/>\n<meta property=\"og:locale\" content=\"pt_BR\" \/>\n<meta property=\"og:type\" content=\"article\" \/>\n<meta property=\"og:title\" content=\"Como saber se tenho apneia do sono: aqui est\u00e3o os principais sinais iniciais e os exames recomendados - Tua Sa\u00fade\" \/>\n<meta property=\"og:description\" content=\"Apneia do sono pode causar ronco alto, cansa\u00e7o e sonol\u00eancia diurna. Entenda os principais sinais e quais exames ajudam a confirmar o diagn\u00f3stico.\" \/>\n<meta property=\"og:url\" content=\"https:\/\/www.tuasaude.com\/news\/2026\/08\/30\/como-saber-se-tenho-apneia-do-sono-aqui-estao-os-principais-sinais-iniciais-e-os-exames-recomendados\/\" \/>\n<meta property=\"og:site_name\" content=\"Tua Sa\u00fade\" \/>\n<meta property=\"article:published_time\" content=\"2026-08-30T23:10:00+00:00\" \/>\n<meta property=\"og:image\" content=\"https:\/\/www.tuasaude.com\/news\/wp-content\/uploads\/2026\/08\/Man_sleeping_with_airway_obstruc\u2026_202608292236.jpg\" \/>\n\t<meta property=\"og:image:width\" content=\"1280\" \/>\n\t<meta property=\"og:image:height\" content=\"714\" \/>\n\t<meta property=\"og:image:type\" content=\"image\/jpeg\" \/>\n<meta name=\"author\" content=\"Gessika Julia Carvalho\" \/>\n<meta name=\"twitter:card\" content=\"summary_large_image\" \/>\n<meta name=\"twitter:label1\" content=\"Escrito por\" \/>\n\t<meta name=\"twitter:data1\" content=\"Gessika Julia Carvalho\" \/>\n\t<meta name=\"twitter:label2\" content=\"Est. tempo de leitura\" \/>\n\t<meta name=\"twitter:data2\" content=\"5 minutos\" \/>\n<!-- \/ Yoast SEO plugin. -->","yoast_head_json":{"title":"Como saber se tenho apneia do sono: aqui est\u00e3o os principais sinais iniciais e os exames recomendados - Tua Sa\u00fade","description":"Apneia do sono pode causar ronco alto, cansa\u00e7o e sonol\u00eancia diurna. Entenda os principais sinais e quais exames ajudam a confirmar o diagn\u00f3stico.","robots":{"index":"index","follow":"follow","max-snippet":"max-snippet:-1","max-image-preview":"max-image-preview:large","max-video-preview":"max-video-preview:-1"},"canonical":"https:\/\/www.tuasaude.com\/news\/2026\/08\/30\/como-saber-se-tenho-apneia-do-sono-aqui-estao-os-principais-sinais-iniciais-e-os-exames-recomendados\/","og_locale":"pt_BR","og_type":"article","og_title":"Como saber se tenho apneia do sono: aqui est\u00e3o os principais sinais iniciais e os exames recomendados - Tua Sa\u00fade","og_description":"Apneia do sono pode causar ronco alto, cansa\u00e7o e sonol\u00eancia diurna. Entenda os principais sinais e quais exames ajudam a confirmar o diagn\u00f3stico.","og_url":"https:\/\/www.tuasaude.com\/news\/2026\/08\/30\/como-saber-se-tenho-apneia-do-sono-aqui-estao-os-principais-sinais-iniciais-e-os-exames-recomendados\/","og_site_name":"Tua Sa\u00fade","article_published_time":"2026-08-30T23:10:00+00:00","og_image":[{"width":1280,"height":714,"url":"https:\/\/www.tuasaude.com\/news\/wp-content\/uploads\/2026\/08\/Man_sleeping_with_airway_obstruc\u2026_202608292236.jpg","type":"image\/jpeg"}],"author":"Gessika Julia Carvalho","twitter_card":"summary_large_image","twitter_misc":{"Escrito por":"Gessika Julia Carvalho","Est. tempo de leitura":"5 minutos"},"schema":{"@context":"https:\/\/schema.org","@graph":[{"@type":"Article","@id":"https:\/\/www.tuasaude.com\/news\/2026\/08\/30\/como-saber-se-tenho-apneia-do-sono-aqui-estao-os-principais-sinais-iniciais-e-os-exames-recomendados\/#article","isPartOf":{"@id":"https:\/\/www.tuasaude.com\/news\/2026\/08\/30\/como-saber-se-tenho-apneia-do-sono-aqui-estao-os-principais-sinais-iniciais-e-os-exames-recomendados\/"},"author":{"name":"Gessika Julia Carvalho","@id":"https:\/\/www.tuasaude.com\/news\/#\/schema\/person\/2e9df841be69ec84f5d20ddb8d273ac2"},"headline":"Como saber se tenho apneia do sono: aqui est\u00e3o os principais sinais iniciais e os exames recomendados","datePublished":"2026-08-30T23:10:00+00:00","mainEntityOfPage":{"@id":"https:\/\/www.tuasaude.com\/news\/2026\/08\/30\/como-saber-se-tenho-apneia-do-sono-aqui-estao-os-principais-sinais-iniciais-e-os-exames-recomendados\/"},"wordCount":873,"commentCount":0,"image":{"@id":"https:\/\/www.tuasaude.com\/news\/2026\/08\/30\/como-saber-se-tenho-apneia-do-sono-aqui-estao-os-principais-sinais-iniciais-e-os-exames-recomendados\/#primaryimage"},"thumbnailUrl":"https:\/\/www.tuasaude.com\/news\/wp-content\/uploads\/2026\/08\/Man_sleeping_with_airway_obstruc\u2026_202608292236.jpg","keywords":["apneia do sono","exames","sa\u00fade","sa\u00fade do sono"],"articleSection":["Sa\u00fade"],"inLanguage":"pt-BR","potentialAction":[{"@type":"CommentAction","name":"Comment","target":["https:\/\/www.tuasaude.com\/news\/2026\/08\/30\/como-saber-se-tenho-apneia-do-sono-aqui-estao-os-principais-sinais-iniciais-e-os-exames-recomendados\/#respond"]}]},{"@type":"WebPage","@id":"https:\/\/www.tuasaude.com\/news\/2026\/08\/30\/como-saber-se-tenho-apneia-do-sono-aqui-estao-os-principais-sinais-iniciais-e-os-exames-recomendados\/","url":"https:\/\/www.tuasaude.com\/news\/2026\/08\/30\/como-saber-se-tenho-apneia-do-sono-aqui-estao-os-principais-sinais-iniciais-e-os-exames-recomendados\/","name":"Como saber se tenho apneia do sono: aqui est\u00e3o os principais sinais iniciais e os exames recomendados - Tua Sa\u00fade","isPartOf":{"@id":"https:\/\/www.tuasaude.com\/news\/#website"},"primaryImageOfPage":{"@id":"https:\/\/www.tuasaude.com\/news\/2026\/08\/30\/como-saber-se-tenho-apneia-do-sono-aqui-estao-os-principais-sinais-iniciais-e-os-exames-recomendados\/#primaryimage"},"image":{"@id":"https:\/\/www.tuasaude.com\/news\/2026\/08\/30\/como-saber-se-tenho-apneia-do-sono-aqui-estao-os-principais-sinais-iniciais-e-os-exames-recomendados\/#primaryimage"},"thumbnailUrl":"https:\/\/www.tuasaude.com\/news\/wp-content\/uploads\/2026\/08\/Man_sleeping_with_airway_obstruc\u2026_202608292236.jpg","datePublished":"2026-08-30T23:10:00+00:00","author":{"@id":"https:\/\/www.tuasaude.com\/news\/#\/schema\/person\/2e9df841be69ec84f5d20ddb8d273ac2"},"description":"Apneia do sono pode causar ronco alto, cansa\u00e7o e sonol\u00eancia diurna. Entenda os principais sinais e quais exames ajudam a confirmar o diagn\u00f3stico.","breadcrumb":{"@id":"https:\/\/www.tuasaude.com\/news\/2026\/08\/30\/como-saber-se-tenho-apneia-do-sono-aqui-estao-os-principais-sinais-iniciais-e-os-exames-recomendados\/#breadcrumb"},"inLanguage":"pt-BR","potentialAction":[{"@type":"ReadAction","target":["https:\/\/www.tuasaude.com\/news\/2026\/08\/30\/como-saber-se-tenho-apneia-do-sono-aqui-estao-os-principais-sinais-iniciais-e-os-exames-recomendados\/"]}]},{"@type":"ImageObject","inLanguage":"pt-BR","@id":"https:\/\/www.tuasaude.com\/news\/2026\/08\/30\/como-saber-se-tenho-apneia-do-sono-aqui-estao-os-principais-sinais-iniciais-e-os-exames-recomendados\/#primaryimage","url":"https:\/\/www.tuasaude.com\/news\/wp-content\/uploads\/2026\/08\/Man_sleeping_with_airway_obstruc\u2026_202608292236.jpg","contentUrl":"https:\/\/www.tuasaude.com\/news\/wp-content\/uploads\/2026\/08\/Man_sleeping_with_airway_obstruc\u2026_202608292236.jpg","width":1280,"height":714,"caption":"Como saber se tenho apneia do sono: aqui est\u00e3o os principais sinais iniciais e os exames recomendados"},{"@type":"BreadcrumbList","@id":"https:\/\/www.tuasaude.com\/news\/2026\/08\/30\/como-saber-se-tenho-apneia-do-sono-aqui-estao-os-principais-sinais-iniciais-e-os-exames-recomendados\/#breadcrumb","itemListElement":[{"@type":"ListItem","position":1,"name":"In\u00edcio","item":"https:\/\/www.tuasaude.com\/news\/"},{"@type":"ListItem","position":2,"name":"Como saber se tenho apneia do sono: aqui est\u00e3o os principais sinais iniciais e os exames recomendados"}]},{"@type":"WebSite","@id":"https:\/\/www.tuasaude.com\/news\/#website","url":"https:\/\/www.tuasaude.com\/news\/","name":"Tua Sa\u00fade","description":"Seu site de sa\u00fade","potentialAction":[{"@type":"SearchAction","target":{"@type":"EntryPoint","urlTemplate":"https:\/\/www.tuasaude.com\/news\/?s={search_term_string}"},"query-input":{"@type":"PropertyValueSpecification","valueRequired":true,"valueName":"search_term_string"}}],"inLanguage":"pt-BR"},{"@type":"Person","@id":"https:\/\/www.tuasaude.com\/news\/#\/schema\/person\/2e9df841be69ec84f5d20ddb8d273ac2","name":"Gessika Julia Carvalho","image":{"@type":"ImageObject","inLanguage":"pt-BR","@id":"https:\/\/www.tuasaude.com\/news\/#\/schema\/person\/image\/","url":"https:\/\/secure.gravatar.com\/avatar\/0fcc8769024577fd0bc6a8b766055690f76a8e8f29dfb2a2f89cf04db8d0f2d2?s=96&d=mm&r=g","contentUrl":"https:\/\/secure.gravatar.com\/avatar\/0fcc8769024577fd0bc6a8b766055690f76a8e8f29dfb2a2f89cf04db8d0f2d2?s=96&d=mm&r=g","caption":"Gessika Julia Carvalho"},"sameAs":["https:\/\/www.tuasaude.com\/news\/"],"url":"https:\/\/www.tuasaude.com\/news\/author\/gessika-julia\/"}]}},"_links":{"self":[{"href":"https:\/\/www.tuasaude.com\/news\/wp-json\/wp\/v2\/posts\/105585","targetHints":{"allow":["GET"]}}],"collection":[{"href":"https:\/\/www.tuasaude.com\/news\/wp-json\/wp\/v2\/posts"}],"about":[{"href":"https:\/\/www.tuasaude.com\/news\/wp-json\/wp\/v2\/types\/post"}],"author":[{"embeddable":true,"href":"https:\/\/www.tuasaude.com\/news\/wp-json\/wp\/v2\/users\/11"}],"replies":[{"embeddable":true,"href":"https:\/\/www.tuasaude.com\/news\/wp-json\/wp\/v2\/comments?post=105585"}],"version-history":[{"count":1,"href":"https:\/\/www.tuasaude.com\/news\/wp-json\/wp\/v2\/posts\/105585\/revisions"}],"predecessor-version":[{"id":105593,"href":"https:\/\/www.tuasaude.com\/news\/wp-json\/wp\/v2\/posts\/105585\/revisions\/105593"}],"wp:featuredmedia":[{"embeddable":true,"href":"https:\/\/www.tuasaude.com\/news\/wp-json\/wp\/v2\/media\/105590"}],"wp:attachment":[{"href":"https:\/\/www.tuasaude.com\/news\/wp-json\/wp\/v2\/media?parent=105585"}],"wp:term":[{"taxonomy":"category","embeddable":true,"href":"https:\/\/www.tuasaude.com\/news\/wp-json\/wp\/v2\/categories?post=105585"},{"taxonomy":"post_tag","embeddable":true,"href":"https:\/\/www.tuasaude.com\/news\/wp-json\/wp\/v2\/tags?post=105585"}],"curies":[{"name":"wp","href":"https:\/\/api.w.org\/{rel}","templated":true}]}}