{"id":105584,"date":"2026-08-30T19:10:00","date_gmt":"2026-08-30T22:10:00","guid":{"rendered":"https:\/\/www.tuasaude.com\/news\/?p=105584"},"modified":"2026-08-29T22:33:51","modified_gmt":"2026-08-30T01:33:51","slug":"a-prisao-de-ventre-constante-e-persistente-nao-se-deve-apenas-a-baixa-ingestao-de-fibras-mas-sim-a-hidratacao-insuficiente-e-a-motilidade-intestinal-reduzida","status":"publish","type":"post","link":"https:\/\/www.tuasaude.com\/news\/2026\/08\/30\/a-prisao-de-ventre-constante-e-persistente-nao-se-deve-apenas-a-baixa-ingestao-de-fibras-mas-sim-a-hidratacao-insuficiente-e-a-motilidade-intestinal-reduzida\/","title":{"rendered":"A pris\u00e3o de ventre constante e persistente n\u00e3o se deve apenas \u00e0 baixa ingest\u00e3o de fibras, mas sim \u00e0 hidrata\u00e7\u00e3o insuficiente e \u00e0 motilidade intestinal reduzida"},"content":{"rendered":"\n<p class=\"wp-block-paragraph\">A pris\u00e3o de ventre constante costuma ser associada apenas ao baixo consumo de fibras, mas essa nem sempre \u00e9 a explica\u00e7\u00e3o principal. A hidrata\u00e7\u00e3o insuficiente e a redu\u00e7\u00e3o da motilidade intestinal tamb\u00e9m est\u00e3o entre as causas mais comuns do problema e, quando ignoradas, podem tornar o quadro cr\u00f4nico. Entender como esses tr\u00eas fatores atuam em conjunto \u00e9 essencial para regular o funcionamento do intestino de forma natural e evitar o uso frequente de laxantes.<\/p>\n\n\n\n<h2 class=\"wp-block-heading\">Por que a \u00e1gua \u00e9 t\u00e3o importante para o funcionamento do intestino?<\/h2>\n\n\n\n<p class=\"wp-block-paragraph\">A \u00e1gua \u00e9 respons\u00e1vel por manter o bolo fecal macio e facilitar sua elimina\u00e7\u00e3o pelo intestino. Sem hidrata\u00e7\u00e3o adequada, as fezes ressecam, ficam mais duras e demoram mais tempo para percorrer o trato digestivo, favorecendo o quadro de <a href=\"https:\/\/www.tuasaude.com\/prisao-de-ventre\/\" target=\"_blank\" rel=\"noreferrer noopener\">pris\u00e3o de ventre<\/a>.<\/p>\n\n\n\n<p class=\"wp-block-paragraph\">A recomenda\u00e7\u00e3o geral \u00e9 consumir cerca de 30 a 35 ml de \u00e1gua por quilo de peso corporal ao dia. Esse volume ajuda a preservar a consist\u00eancia ideal das fezes e potencializa o efeito das fibras presentes na alimenta\u00e7\u00e3o.<\/p>\n\n\n\n<h2 class=\"wp-block-heading\">Como a motilidade intestinal influencia o problema?<\/h2>\n\n\n\n<p class=\"wp-block-paragraph\">A motilidade intestinal \u00e9 o conjunto de movimentos musculares, chamados peristaltismo, que empurram as fezes at\u00e9 o reto. Quando esses movimentos ficam lentos, o intestino demora mais para se esvaziar e a evacua\u00e7\u00e3o se torna dif\u00edcil.<\/p>\n\n\n\n<p class=\"wp-block-paragraph\">O sedentarismo \u00e9 um dos principais respons\u00e1veis pela redu\u00e7\u00e3o do peristaltismo. Praticar atividade f\u00edsica regularmente, mesmo em intensidade leve, estimula os m\u00fasculos do abd\u00f4men e favorece o tr\u00e2nsito intestinal ao longo do dia.<\/p>\n\n\n<div class=\"wp-block-image\">\n<figure class=\"aligncenter size-large\"><img decoding=\"async\" width=\"1024\" height=\"571\" src=\"https:\/\/www.tuasaude.com\/news\/wp-content\/uploads\/2026\/08\/Infographic_explaining_intestina\u2026_202608292232-1024x571.jpg\" alt=\"Hidrata\u00e7\u00e3o, fibras, movimento e rotina ajudam a manter o tr\u00e2nsito intestinal regular.\" class=\"wp-image-105587\" srcset=\"https:\/\/www.tuasaude.com\/news\/wp-content\/uploads\/2026\/08\/Infographic_explaining_intestina\u2026_202608292232-1024x571.jpg 1024w, https:\/\/www.tuasaude.com\/news\/wp-content\/uploads\/2026\/08\/Infographic_explaining_intestina\u2026_202608292232-300x167.jpg 300w, https:\/\/www.tuasaude.com\/news\/wp-content\/uploads\/2026\/08\/Infographic_explaining_intestina\u2026_202608292232-768x428.jpg 768w, https:\/\/www.tuasaude.com\/news\/wp-content\/uploads\/2026\/08\/Infographic_explaining_intestina\u2026_202608292232-750x418.jpg 750w, https:\/\/www.tuasaude.com\/news\/wp-content\/uploads\/2026\/08\/Infographic_explaining_intestina\u2026_202608292232-1140x636.jpg 1140w, https:\/\/www.tuasaude.com\/news\/wp-content\/uploads\/2026\/08\/Infographic_explaining_intestina\u2026_202608292232.jpg 1280w\" sizes=\"(max-width: 1024px) 100vw, 1024px\" \/><figcaption class=\"wp-element-caption\">Hidrata\u00e7\u00e3o, fibras, movimento e rotina ajudam a manter o tr\u00e2nsito intestinal regular.<\/figcaption><\/figure>\n<\/div>\n\n\n<h2 class=\"wp-block-heading\">Por que fibras sem \u00e1gua podem piorar a pris\u00e3o de ventre?<\/h2>\n\n\n\n<p class=\"wp-block-paragraph\">As fibras aumentam o volume do bolo fecal e ajudam a estimular o intestino, mas precisam de \u00e1gua para exercer essa fun\u00e7\u00e3o corretamente. Quando consumidas sem hidrata\u00e7\u00e3o suficiente, elas endurecem as fezes e podem agravar o desconforto abdominal.<\/p>\n\n\n\n<p class=\"wp-block-paragraph\">Por isso, aumentar o consumo de fibras deve ser sempre acompanhado pelo aumento da ingest\u00e3o de l\u00edquidos. Essa combina\u00e7\u00e3o \u00e9 o que garante o efeito ben\u00e9fico dos <a href=\"https:\/\/www.tuasaude.com\/alimentos-para-prisao-de-ventre\/\" target=\"_blank\" rel=\"noreferrer noopener\">alimentos para pris\u00e3o de ventre<\/a> no funcionamento intestinal.<\/p>\n\n\n\n<h2 class=\"wp-block-heading\">Como um estudo cient\u00edfico comprova a import\u00e2ncia dessas medidas?<\/h2>\n\n\n\n<p class=\"wp-block-paragraph\">A efic\u00e1cia das fibras associadas \u00e0 hidrata\u00e7\u00e3o vem sendo comprovada em an\u00e1lises cl\u00ednicas de grande porte. Segundo a revis\u00e3o sistem\u00e1tica com meta-an\u00e1lise <a href=\"https:\/\/www.ncbi.nlm.nih.gov\/pmc\/articles\/PMC9535527\/\" target=\"_blank\" rel=\"noreferrer noopener\">The Effect of Fiber Supplementation on Chronic Constipation in Adults<\/a> publicada na revista American Journal of Clinical Nutrition, a suplementa\u00e7\u00e3o de fibras aumentou significativamente a frequ\u00eancia das evacua\u00e7\u00f5es e melhorou a consist\u00eancia das fezes em adultos com constipa\u00e7\u00e3o cr\u00f4nica.<\/p>\n\n\n\n<p class=\"wp-block-paragraph\">Os autores destacam que o efeito das fibras depende da adequada ingest\u00e3o de l\u00edquidos e do tempo de uso, refor\u00e7ando que a combina\u00e7\u00e3o de hidrata\u00e7\u00e3o, alimenta\u00e7\u00e3o equilibrada e movimento \u00e9 a base do tratamento n\u00e3o medicamentoso.<\/p>\n\n\n<div class=\"wp-block-image\">\n<figure class=\"aligncenter size-large\"><img decoding=\"async\" width=\"1024\" height=\"571\" src=\"https:\/\/www.tuasaude.com\/news\/wp-content\/uploads\/2026\/08\/Woman_pouring_water_in_kitchen_202608292232-1024x571.jpg\" alt=\"Sedentarismo e pouca hidrata\u00e7\u00e3o podem tornar o intestino mais lento e ressecado.\" class=\"wp-image-105588\" srcset=\"https:\/\/www.tuasaude.com\/news\/wp-content\/uploads\/2026\/08\/Woman_pouring_water_in_kitchen_202608292232-1024x571.jpg 1024w, https:\/\/www.tuasaude.com\/news\/wp-content\/uploads\/2026\/08\/Woman_pouring_water_in_kitchen_202608292232-300x167.jpg 300w, https:\/\/www.tuasaude.com\/news\/wp-content\/uploads\/2026\/08\/Woman_pouring_water_in_kitchen_202608292232-768x428.jpg 768w, https:\/\/www.tuasaude.com\/news\/wp-content\/uploads\/2026\/08\/Woman_pouring_water_in_kitchen_202608292232-750x418.jpg 750w, https:\/\/www.tuasaude.com\/news\/wp-content\/uploads\/2026\/08\/Woman_pouring_water_in_kitchen_202608292232-1140x636.jpg 1140w, https:\/\/www.tuasaude.com\/news\/wp-content\/uploads\/2026\/08\/Woman_pouring_water_in_kitchen_202608292232.jpg 1280w\" sizes=\"(max-width: 1024px) 100vw, 1024px\" \/><figcaption class=\"wp-element-caption\">Sedentarismo e pouca hidrata\u00e7\u00e3o podem tornar o intestino mais lento e ressecado.<\/figcaption><\/figure>\n<\/div>\n\n\n<h2 class=\"wp-block-heading\">Quais h\u00e1bitos ajudam a regular o intestino de forma natural?<\/h2>\n\n\n\n<p class=\"wp-block-paragraph\">Pequenas mudan\u00e7as na rotina fazem grande diferen\u00e7a no funcionamento do intestino e podem ser adotadas de forma progressiva. As principais recomenda\u00e7\u00f5es s\u00e3o:<\/p>\n\n\n\n<ol class=\"wp-block-list\">\n<li><strong>Beba de 30 a 35 ml de \u00e1gua por quilo<\/strong> de peso corporal ao longo do dia, mantendo a hidrata\u00e7\u00e3o constante, conforme orienta o guia sobre <a href=\"https:\/\/www.tuasaude.com\/beber-agua\/\" target=\"_blank\" rel=\"noreferrer noopener\">quantos litros de \u00e1gua beber por dia<\/a>;<\/li>\n\n\n\n<li><strong>Aumente o consumo de fibras<\/strong> gradualmente, incluindo frutas com casca, verduras, legumes e cereais integrais;<\/li>\n\n\n\n<li><strong>Pratique atividade f\u00edsica regularmente<\/strong>, com pelo menos 30 minutos di\u00e1rios de caminhada ou exerc\u00edcios semelhantes;<\/li>\n\n\n\n<li><strong>Estabele\u00e7a hor\u00e1rios fixos<\/strong> para ir ao banheiro, respeitando os sinais naturais do corpo;<\/li>\n\n\n\n<li><strong>Evite adiar a vontade de evacuar<\/strong>, j\u00e1 que esse h\u00e1bito reduz o reflexo intestinal ao longo do tempo;<\/li>\n\n\n\n<li><strong>Reduza ultraprocessados<\/strong>, frituras e alimentos pobres em fibras, que dificultam o tr\u00e2nsito intestinal.<\/li>\n<\/ol>\n\n\n\n<p class=\"wp-block-paragraph\"><em>Este conte\u00fado tem car\u00e1ter apenas informativo e n\u00e3o substitui a avalia\u00e7\u00e3o de um m\u00e9dico ou nutricionista. Diante de pris\u00e3o de ventre persistente, dor abdominal intensa ou altera\u00e7\u00f5es no ritmo intestinal, busque orienta\u00e7\u00e3o profissional para diagn\u00f3stico e tratamento adequados.<\/em><\/p>\n","protected":false},"excerpt":{"rendered":"<p>A pris\u00e3o de ventre constante costuma ser associada apenas ao baixo consumo de fibras, mas essa nem sempre \u00e9 a explica\u00e7\u00e3o principal. A hidrata\u00e7\u00e3o insuficiente e a redu\u00e7\u00e3o da motilidade intestinal tamb\u00e9m est\u00e3o entre as causas mais comuns do problema e, quando ignoradas, podem tornar o quadro cr\u00f4nico. Entender como esses tr\u00eas fatores atuam em [&hellip;]<\/p>\n","protected":false},"author":11,"featured_media":105586,"comment_status":"open","ping_status":"open","sticky":false,"template":"","format":"standard","meta":{"_yoast_wpseo_focuskw":"pris\u00e3o de ventre","_yoast_wpseo_title":"","_yoast_wpseo_metadesc":"Pris\u00e3o de ventre persistente pode ter rela\u00e7\u00e3o com pouca \u00e1gua e sedentarismo. Entenda como hidrata\u00e7\u00e3o, fibras e movimento ajudam o intestino.","jnews-multi-image_gallery":[],"jnews_single_post":{"format":"standard"},"jnews_primary_category":[],"jnews_social_meta":[],"jnews_override_counter":[],"footnotes":""},"categories":[111],"tags":[1132,687,12569,891,136],"class_list":["post-105584","post","type-post","status-publish","format-standard","has-post-thumbnail","hentry","category-saude","tag-fibras","tag-hidratacao","tag-motilidade-intestinal","tag-prisao-de-ventre","tag-saude"],"yoast_head":"<!-- This site is optimized with the Yoast SEO plugin v26.7 - https:\/\/yoast.com\/wordpress\/plugins\/seo\/ -->\n<title>A pris\u00e3o de ventre constante e persistente n\u00e3o se deve apenas \u00e0 baixa ingest\u00e3o de fibras, mas sim \u00e0 hidrata\u00e7\u00e3o insuficiente e \u00e0 motilidade intestinal reduzida - Tua Sa\u00fade<\/title>\n<meta name=\"description\" content=\"Pris\u00e3o de ventre persistente pode ter rela\u00e7\u00e3o com pouca \u00e1gua e sedentarismo. Entenda como hidrata\u00e7\u00e3o, fibras e movimento ajudam o intestino.\" \/>\n<meta name=\"robots\" content=\"index, follow, max-snippet:-1, max-image-preview:large, max-video-preview:-1\" \/>\n<link rel=\"canonical\" href=\"https:\/\/www.tuasaude.com\/news\/2026\/08\/30\/a-prisao-de-ventre-constante-e-persistente-nao-se-deve-apenas-a-baixa-ingestao-de-fibras-mas-sim-a-hidratacao-insuficiente-e-a-motilidade-intestinal-reduzida\/\" \/>\n<meta property=\"og:locale\" content=\"pt_BR\" \/>\n<meta property=\"og:type\" content=\"article\" \/>\n<meta property=\"og:title\" content=\"A pris\u00e3o de ventre constante e persistente n\u00e3o se deve apenas \u00e0 baixa ingest\u00e3o de fibras, mas sim \u00e0 hidrata\u00e7\u00e3o insuficiente e \u00e0 motilidade intestinal reduzida - Tua Sa\u00fade\" \/>\n<meta property=\"og:description\" content=\"Pris\u00e3o de ventre persistente pode ter rela\u00e7\u00e3o com pouca \u00e1gua e sedentarismo. Entenda como hidrata\u00e7\u00e3o, fibras e movimento ajudam o intestino.\" \/>\n<meta property=\"og:url\" content=\"https:\/\/www.tuasaude.com\/news\/2026\/08\/30\/a-prisao-de-ventre-constante-e-persistente-nao-se-deve-apenas-a-baixa-ingestao-de-fibras-mas-sim-a-hidratacao-insuficiente-e-a-motilidade-intestinal-reduzida\/\" \/>\n<meta property=\"og:site_name\" content=\"Tua Sa\u00fade\" \/>\n<meta property=\"article:published_time\" content=\"2026-08-30T22:10:00+00:00\" \/>\n<meta property=\"og:image\" content=\"https:\/\/www.tuasaude.com\/news\/wp-content\/uploads\/2026\/08\/Man_working_and_walking_for_202608292232.jpg\" \/>\n\t<meta property=\"og:image:width\" content=\"1280\" \/>\n\t<meta property=\"og:image:height\" content=\"714\" \/>\n\t<meta property=\"og:image:type\" content=\"image\/jpeg\" \/>\n<meta name=\"author\" content=\"Gessika Julia Carvalho\" \/>\n<meta name=\"twitter:card\" content=\"summary_large_image\" \/>\n<meta name=\"twitter:label1\" content=\"Escrito por\" \/>\n\t<meta name=\"twitter:data1\" content=\"Gessika Julia Carvalho\" \/>\n\t<meta name=\"twitter:label2\" content=\"Est. tempo de leitura\" \/>\n\t<meta name=\"twitter:data2\" content=\"5 minutos\" \/>\n<!-- \/ Yoast SEO plugin. -->","yoast_head_json":{"title":"A pris\u00e3o de ventre constante e persistente n\u00e3o se deve apenas \u00e0 baixa ingest\u00e3o de fibras, mas sim \u00e0 hidrata\u00e7\u00e3o insuficiente e \u00e0 motilidade intestinal reduzida - Tua Sa\u00fade","description":"Pris\u00e3o de ventre persistente pode ter rela\u00e7\u00e3o com pouca \u00e1gua e sedentarismo. Entenda como hidrata\u00e7\u00e3o, fibras e movimento ajudam o intestino.","robots":{"index":"index","follow":"follow","max-snippet":"max-snippet:-1","max-image-preview":"max-image-preview:large","max-video-preview":"max-video-preview:-1"},"canonical":"https:\/\/www.tuasaude.com\/news\/2026\/08\/30\/a-prisao-de-ventre-constante-e-persistente-nao-se-deve-apenas-a-baixa-ingestao-de-fibras-mas-sim-a-hidratacao-insuficiente-e-a-motilidade-intestinal-reduzida\/","og_locale":"pt_BR","og_type":"article","og_title":"A pris\u00e3o de ventre constante e persistente n\u00e3o se deve apenas \u00e0 baixa ingest\u00e3o de fibras, mas sim \u00e0 hidrata\u00e7\u00e3o insuficiente e \u00e0 motilidade intestinal reduzida - Tua Sa\u00fade","og_description":"Pris\u00e3o de ventre persistente pode ter rela\u00e7\u00e3o com pouca \u00e1gua e sedentarismo. Entenda como hidrata\u00e7\u00e3o, fibras e movimento ajudam o intestino.","og_url":"https:\/\/www.tuasaude.com\/news\/2026\/08\/30\/a-prisao-de-ventre-constante-e-persistente-nao-se-deve-apenas-a-baixa-ingestao-de-fibras-mas-sim-a-hidratacao-insuficiente-e-a-motilidade-intestinal-reduzida\/","og_site_name":"Tua Sa\u00fade","article_published_time":"2026-08-30T22:10:00+00:00","og_image":[{"width":1280,"height":714,"url":"https:\/\/www.tuasaude.com\/news\/wp-content\/uploads\/2026\/08\/Man_working_and_walking_for_202608292232.jpg","type":"image\/jpeg"}],"author":"Gessika Julia Carvalho","twitter_card":"summary_large_image","twitter_misc":{"Escrito por":"Gessika Julia Carvalho","Est. tempo de leitura":"5 minutos"},"schema":{"@context":"https:\/\/schema.org","@graph":[{"@type":"Article","@id":"https:\/\/www.tuasaude.com\/news\/2026\/08\/30\/a-prisao-de-ventre-constante-e-persistente-nao-se-deve-apenas-a-baixa-ingestao-de-fibras-mas-sim-a-hidratacao-insuficiente-e-a-motilidade-intestinal-reduzida\/#article","isPartOf":{"@id":"https:\/\/www.tuasaude.com\/news\/2026\/08\/30\/a-prisao-de-ventre-constante-e-persistente-nao-se-deve-apenas-a-baixa-ingestao-de-fibras-mas-sim-a-hidratacao-insuficiente-e-a-motilidade-intestinal-reduzida\/"},"author":{"name":"Gessika Julia Carvalho","@id":"https:\/\/www.tuasaude.com\/news\/#\/schema\/person\/2e9df841be69ec84f5d20ddb8d273ac2"},"headline":"A pris\u00e3o de ventre constante e persistente n\u00e3o se deve apenas \u00e0 baixa ingest\u00e3o de fibras, mas sim \u00e0 hidrata\u00e7\u00e3o insuficiente e \u00e0 motilidade intestinal reduzida","datePublished":"2026-08-30T22:10:00+00:00","mainEntityOfPage":{"@id":"https:\/\/www.tuasaude.com\/news\/2026\/08\/30\/a-prisao-de-ventre-constante-e-persistente-nao-se-deve-apenas-a-baixa-ingestao-de-fibras-mas-sim-a-hidratacao-insuficiente-e-a-motilidade-intestinal-reduzida\/"},"wordCount":724,"commentCount":0,"image":{"@id":"https:\/\/www.tuasaude.com\/news\/2026\/08\/30\/a-prisao-de-ventre-constante-e-persistente-nao-se-deve-apenas-a-baixa-ingestao-de-fibras-mas-sim-a-hidratacao-insuficiente-e-a-motilidade-intestinal-reduzida\/#primaryimage"},"thumbnailUrl":"https:\/\/www.tuasaude.com\/news\/wp-content\/uploads\/2026\/08\/Man_working_and_walking_for_202608292232.jpg","keywords":["fibras","hidrata\u00e7\u00e3o","motilidade intestinal","pris\u00e3o de ventre","sa\u00fade"],"articleSection":["Sa\u00fade"],"inLanguage":"pt-BR","potentialAction":[{"@type":"CommentAction","name":"Comment","target":["https:\/\/www.tuasaude.com\/news\/2026\/08\/30\/a-prisao-de-ventre-constante-e-persistente-nao-se-deve-apenas-a-baixa-ingestao-de-fibras-mas-sim-a-hidratacao-insuficiente-e-a-motilidade-intestinal-reduzida\/#respond"]}]},{"@type":"WebPage","@id":"https:\/\/www.tuasaude.com\/news\/2026\/08\/30\/a-prisao-de-ventre-constante-e-persistente-nao-se-deve-apenas-a-baixa-ingestao-de-fibras-mas-sim-a-hidratacao-insuficiente-e-a-motilidade-intestinal-reduzida\/","url":"https:\/\/www.tuasaude.com\/news\/2026\/08\/30\/a-prisao-de-ventre-constante-e-persistente-nao-se-deve-apenas-a-baixa-ingestao-de-fibras-mas-sim-a-hidratacao-insuficiente-e-a-motilidade-intestinal-reduzida\/","name":"A pris\u00e3o de ventre constante e persistente n\u00e3o se deve apenas \u00e0 baixa ingest\u00e3o de fibras, mas sim \u00e0 hidrata\u00e7\u00e3o insuficiente e \u00e0 motilidade intestinal reduzida - Tua Sa\u00fade","isPartOf":{"@id":"https:\/\/www.tuasaude.com\/news\/#website"},"primaryImageOfPage":{"@id":"https:\/\/www.tuasaude.com\/news\/2026\/08\/30\/a-prisao-de-ventre-constante-e-persistente-nao-se-deve-apenas-a-baixa-ingestao-de-fibras-mas-sim-a-hidratacao-insuficiente-e-a-motilidade-intestinal-reduzida\/#primaryimage"},"image":{"@id":"https:\/\/www.tuasaude.com\/news\/2026\/08\/30\/a-prisao-de-ventre-constante-e-persistente-nao-se-deve-apenas-a-baixa-ingestao-de-fibras-mas-sim-a-hidratacao-insuficiente-e-a-motilidade-intestinal-reduzida\/#primaryimage"},"thumbnailUrl":"https:\/\/www.tuasaude.com\/news\/wp-content\/uploads\/2026\/08\/Man_working_and_walking_for_202608292232.jpg","datePublished":"2026-08-30T22:10:00+00:00","author":{"@id":"https:\/\/www.tuasaude.com\/news\/#\/schema\/person\/2e9df841be69ec84f5d20ddb8d273ac2"},"description":"Pris\u00e3o de ventre persistente pode ter rela\u00e7\u00e3o com pouca \u00e1gua e sedentarismo. Entenda como hidrata\u00e7\u00e3o, fibras e movimento ajudam o intestino.","breadcrumb":{"@id":"https:\/\/www.tuasaude.com\/news\/2026\/08\/30\/a-prisao-de-ventre-constante-e-persistente-nao-se-deve-apenas-a-baixa-ingestao-de-fibras-mas-sim-a-hidratacao-insuficiente-e-a-motilidade-intestinal-reduzida\/#breadcrumb"},"inLanguage":"pt-BR","potentialAction":[{"@type":"ReadAction","target":["https:\/\/www.tuasaude.com\/news\/2026\/08\/30\/a-prisao-de-ventre-constante-e-persistente-nao-se-deve-apenas-a-baixa-ingestao-de-fibras-mas-sim-a-hidratacao-insuficiente-e-a-motilidade-intestinal-reduzida\/"]}]},{"@type":"ImageObject","inLanguage":"pt-BR","@id":"https:\/\/www.tuasaude.com\/news\/2026\/08\/30\/a-prisao-de-ventre-constante-e-persistente-nao-se-deve-apenas-a-baixa-ingestao-de-fibras-mas-sim-a-hidratacao-insuficiente-e-a-motilidade-intestinal-reduzida\/#primaryimage","url":"https:\/\/www.tuasaude.com\/news\/wp-content\/uploads\/2026\/08\/Man_working_and_walking_for_202608292232.jpg","contentUrl":"https:\/\/www.tuasaude.com\/news\/wp-content\/uploads\/2026\/08\/Man_working_and_walking_for_202608292232.jpg","width":1280,"height":714,"caption":"A pris\u00e3o de ventre constante e persistente n\u00e3o se deve apenas \u00e0 baixa ingest\u00e3o de fibras, mas sim \u00e0 hidrata\u00e7\u00e3o insuficiente e \u00e0 motilidade intestinal reduzida"},{"@type":"BreadcrumbList","@id":"https:\/\/www.tuasaude.com\/news\/2026\/08\/30\/a-prisao-de-ventre-constante-e-persistente-nao-se-deve-apenas-a-baixa-ingestao-de-fibras-mas-sim-a-hidratacao-insuficiente-e-a-motilidade-intestinal-reduzida\/#breadcrumb","itemListElement":[{"@type":"ListItem","position":1,"name":"In\u00edcio","item":"https:\/\/www.tuasaude.com\/news\/"},{"@type":"ListItem","position":2,"name":"A pris\u00e3o de ventre constante e persistente n\u00e3o se deve apenas \u00e0 baixa ingest\u00e3o de fibras, mas sim \u00e0 hidrata\u00e7\u00e3o insuficiente e \u00e0 motilidade intestinal reduzida"}]},{"@type":"WebSite","@id":"https:\/\/www.tuasaude.com\/news\/#website","url":"https:\/\/www.tuasaude.com\/news\/","name":"Tua Sa\u00fade","description":"Seu site de sa\u00fade","potentialAction":[{"@type":"SearchAction","target":{"@type":"EntryPoint","urlTemplate":"https:\/\/www.tuasaude.com\/news\/?s={search_term_string}"},"query-input":{"@type":"PropertyValueSpecification","valueRequired":true,"valueName":"search_term_string"}}],"inLanguage":"pt-BR"},{"@type":"Person","@id":"https:\/\/www.tuasaude.com\/news\/#\/schema\/person\/2e9df841be69ec84f5d20ddb8d273ac2","name":"Gessika Julia Carvalho","image":{"@type":"ImageObject","inLanguage":"pt-BR","@id":"https:\/\/www.tuasaude.com\/news\/#\/schema\/person\/image\/","url":"https:\/\/secure.gravatar.com\/avatar\/0fcc8769024577fd0bc6a8b766055690f76a8e8f29dfb2a2f89cf04db8d0f2d2?s=96&d=mm&r=g","contentUrl":"https:\/\/secure.gravatar.com\/avatar\/0fcc8769024577fd0bc6a8b766055690f76a8e8f29dfb2a2f89cf04db8d0f2d2?s=96&d=mm&r=g","caption":"Gessika Julia Carvalho"},"sameAs":["https:\/\/www.tuasaude.com\/news\/"],"url":"https:\/\/www.tuasaude.com\/news\/author\/gessika-julia\/"}]}},"_links":{"self":[{"href":"https:\/\/www.tuasaude.com\/news\/wp-json\/wp\/v2\/posts\/105584","targetHints":{"allow":["GET"]}}],"collection":[{"href":"https:\/\/www.tuasaude.com\/news\/wp-json\/wp\/v2\/posts"}],"about":[{"href":"https:\/\/www.tuasaude.com\/news\/wp-json\/wp\/v2\/types\/post"}],"author":[{"embeddable":true,"href":"https:\/\/www.tuasaude.com\/news\/wp-json\/wp\/v2\/users\/11"}],"replies":[{"embeddable":true,"href":"https:\/\/www.tuasaude.com\/news\/wp-json\/wp\/v2\/comments?post=105584"}],"version-history":[{"count":1,"href":"https:\/\/www.tuasaude.com\/news\/wp-json\/wp\/v2\/posts\/105584\/revisions"}],"predecessor-version":[{"id":105589,"href":"https:\/\/www.tuasaude.com\/news\/wp-json\/wp\/v2\/posts\/105584\/revisions\/105589"}],"wp:featuredmedia":[{"embeddable":true,"href":"https:\/\/www.tuasaude.com\/news\/wp-json\/wp\/v2\/media\/105586"}],"wp:attachment":[{"href":"https:\/\/www.tuasaude.com\/news\/wp-json\/wp\/v2\/media?parent=105584"}],"wp:term":[{"taxonomy":"category","embeddable":true,"href":"https:\/\/www.tuasaude.com\/news\/wp-json\/wp\/v2\/categories?post=105584"},{"taxonomy":"post_tag","embeddable":true,"href":"https:\/\/www.tuasaude.com\/news\/wp-json\/wp\/v2\/tags?post=105584"}],"curies":[{"name":"wp","href":"https:\/\/api.w.org\/{rel}","templated":true}]}}