{"id":105460,"date":"2026-08-31T22:20:00","date_gmt":"2026-09-01T01:20:00","guid":{"rendered":"https:\/\/www.tuasaude.com\/news\/?p=105460"},"modified":"2026-08-29T20:37:25","modified_gmt":"2026-08-29T23:37:25","slug":"cansaco-extremo-ao-acordar-pode-ter-causas-alem-de-dormir-pouco","status":"publish","type":"post","link":"https:\/\/www.tuasaude.com\/news\/2026\/08\/31\/cansaco-extremo-ao-acordar-pode-ter-causas-alem-de-dormir-pouco\/","title":{"rendered":"Cansa\u00e7o extremo ao acordar pode ter causas al\u00e9m de dormir pouco"},"content":{"rendered":"\n<p class=\"wp-block-paragraph\">Acordar exausto depois de oito horas na cama, sentir peso no corpo antes do primeiro caf\u00e9 e precisar de v\u00e1rias x\u00edcaras para funcionar n\u00e3o \u00e9 normal. Muita gente atribui esse cansa\u00e7o apenas a noites curtas ou estresse, mas quando o quadro se repete todos os dias por semanas, o problema costuma ir muito al\u00e9m do rel\u00f3gio. Apneia do sono, anemia, hipotireoidismo, defici\u00eancias de vitamina D e B12, depress\u00e3o e a pr\u00f3pria s\u00edndrome da fadiga cr\u00f4nica podem estar por tr\u00e1s da sensa\u00e7\u00e3o persistente de cansa\u00e7o, e todas exigem investiga\u00e7\u00e3o m\u00e9dica em vez de mais uma x\u00edcara de caf\u00e9.<\/p>\n\n\n\n<h2 class=\"wp-block-heading\">Por que dormir bem nem sempre \u00e9 sin\u00f4nimo de acordar descansado?<\/h2>\n\n\n\n<p class=\"wp-block-paragraph\">Sentir-se descansado depende da qualidade do sono, n\u00e3o apenas da quantidade. Durante a noite, o corpo passa por ciclos que incluem fases profundas de restaura\u00e7\u00e3o f\u00edsica e sonho REM, ligadas \u00e0 consolida\u00e7\u00e3o da mem\u00f3ria. Quando esses ciclos s\u00e3o interrompidos, o organismo n\u00e3o completa seu processo de recupera\u00e7\u00e3o.<\/p>\n\n\n\n<p class=\"wp-block-paragraph\">Ronco intenso, dor cr\u00f4nica, refluxo, ansiedade e altera\u00e7\u00f5es hormonais fragmentam o sono sem que a pessoa perceba. O resultado \u00e9 o chamado sono n\u00e3o restaurador: horas suficientes na cama, mas sensa\u00e7\u00e3o de cansa\u00e7o ao despertar, como se o corpo n\u00e3o tivesse desligado de verdade.<\/p>\n\n\n\n<h2 class=\"wp-block-heading\">Como um estudo cient\u00edfico mapeou as principais causas m\u00e9dicas?<\/h2>\n\n\n\n<p class=\"wp-block-paragraph\">Investigar a fadiga persistente exige olhar para v\u00e1rias frentes ao mesmo tempo, algo que a literatura m\u00e9dica organiza h\u00e1 d\u00e9cadas.<\/p>\n\n\n\n<p class=\"wp-block-paragraph\">Segundo a revis\u00e3o <a href=\"https:\/\/www.aafp.org\/pubs\/afp\/issues\/2023\/0700\/fatigue-adults.html\" target=\"_blank\" rel=\"noreferrer noopener\">Fatigue in Adults Evaluation and Management<\/a>, publicada no peri\u00f3dico American Family Physician, entre as causas mais comuns identificadas em avalia\u00e7\u00f5es de rotina para cansa\u00e7o est\u00e3o anemia, defici\u00eancia de vitamina B12, infec\u00e7\u00f5es, transtornos psiqui\u00e1tricos como depress\u00e3o e dist\u00farbios do sono. A revis\u00e3o destaca que apenas cerca de 27% dos pacientes recebem um diagn\u00f3stico espec\u00edfico que explique o sintoma, o que refor\u00e7a a necessidade de avalia\u00e7\u00e3o cl\u00ednica cuidadosa em vez de suplementa\u00e7\u00e3o sem orienta\u00e7\u00e3o, principalmente em quadros de <a href=\"https:\/\/www.tuasaude.com\/fadiga\/\" target=\"_blank\" rel=\"noreferrer noopener\">fadiga<\/a> persistente.<\/p>\n\n\n<div class=\"wp-block-image\">\n<figure class=\"aligncenter size-large\"><img decoding=\"async\" width=\"1024\" height=\"571\" src=\"https:\/\/www.tuasaude.com\/news\/wp-content\/uploads\/2026\/08\/Infographic_on_extreme_morning_f\u2026_202608292036-1024x571.jpg\" alt=\"Apneia, anemia, hipotireoidismo e defici\u00eancias vitam\u00ednicas est\u00e3o entre as causas do cansa\u00e7o persistente.\" class=\"wp-image-105465\" srcset=\"https:\/\/www.tuasaude.com\/news\/wp-content\/uploads\/2026\/08\/Infographic_on_extreme_morning_f\u2026_202608292036-1024x571.jpg 1024w, https:\/\/www.tuasaude.com\/news\/wp-content\/uploads\/2026\/08\/Infographic_on_extreme_morning_f\u2026_202608292036-300x167.jpg 300w, https:\/\/www.tuasaude.com\/news\/wp-content\/uploads\/2026\/08\/Infographic_on_extreme_morning_f\u2026_202608292036-768x428.jpg 768w, https:\/\/www.tuasaude.com\/news\/wp-content\/uploads\/2026\/08\/Infographic_on_extreme_morning_f\u2026_202608292036-750x418.jpg 750w, https:\/\/www.tuasaude.com\/news\/wp-content\/uploads\/2026\/08\/Infographic_on_extreme_morning_f\u2026_202608292036-1140x636.jpg 1140w, https:\/\/www.tuasaude.com\/news\/wp-content\/uploads\/2026\/08\/Infographic_on_extreme_morning_f\u2026_202608292036.jpg 1280w\" sizes=\"(max-width: 1024px) 100vw, 1024px\" \/><figcaption class=\"wp-element-caption\">Apneia, anemia, hipotireoidismo e defici\u00eancias vitam\u00ednicas est\u00e3o entre as causas do cansa\u00e7o persistente.<\/figcaption><\/figure>\n<\/div>\n\n\n<h2 class=\"wp-block-heading\">Quais condi\u00e7\u00f5es podem estar por tr\u00e1s do cansa\u00e7o matinal?<\/h2>\n\n\n\n<p class=\"wp-block-paragraph\">V\u00e1rias causas m\u00e9dicas se manifestam primeiro como falta de energia ao acordar. Reconhecer os padr\u00f5es ajuda a orientar a investiga\u00e7\u00e3o:<\/p>\n\n\n\n<ul class=\"wp-block-list\">\n<li><strong>Apneia obstrutiva do sono<\/strong>, com ronco alto, engasgos e pausas respirat\u00f3rias que fragmentam o sono profundo e privam o c\u00e9rebro de oxig\u00eanio<\/li>\n\n\n\n<li><strong>Anemia<\/strong>, especialmente por defici\u00eancia de ferro, que reduz o transporte de oxig\u00eanio aos tecidos e causa fraqueza logo pela manh\u00e3<\/li>\n\n\n\n<li><strong>Hipotireoidismo<\/strong>, quando a tireoide produz menos horm\u00f4nios do que o necess\u00e1rio, resultando em lentid\u00e3o, ganho de peso e cansa\u00e7o persistente<\/li>\n\n\n\n<li><strong>Defici\u00eancia de vitamina D e vitamina B12<\/strong>, ligadas ao funcionamento muscular e neurol\u00f3gico e comuns em pessoas com pouca exposi\u00e7\u00e3o solar ou dietas restritivas<\/li>\n\n\n\n<li><strong>Depress\u00e3o e transtornos de ansiedade<\/strong>, que costumam prejudicar o sono e reduzir a sensa\u00e7\u00e3o de descanso ao amanhecer<\/li>\n\n\n\n<li><strong>S\u00edndrome da fadiga cr\u00f4nica<\/strong>, quadro de cansa\u00e7o extremo por mais de seis meses que n\u00e3o melhora com repouso e piora ap\u00f3s esfor\u00e7o f\u00edsico ou mental<\/li>\n<\/ul>\n\n\n\n<h2 class=\"wp-block-heading\">Quando o cansa\u00e7o deixa de ser normal e precisa de investiga\u00e7\u00e3o?<\/h2>\n\n\n\n<p class=\"wp-block-paragraph\">Alguns padr\u00f5es indicam que o cansa\u00e7o saiu da faixa comum e merece consulta com cl\u00ednico geral. Vale ficar atento aos seguintes sinais:<\/p>\n\n\n\n<ol class=\"wp-block-list\">\n<li>Cansa\u00e7o persistente por mais de duas ou tr\u00eas semanas seguidas, mesmo com sono suficiente<\/li>\n\n\n\n<li>Sensa\u00e7\u00e3o de esgotamento desproporcional \u00e0s tarefas realizadas no dia<\/li>\n\n\n\n<li>Perda de peso, febre, sudorese noturna ou dor no corpo associadas<\/li>\n\n\n\n<li>Falta de ar, tontura, palpita\u00e7\u00f5es ou dificuldade de concentra\u00e7\u00e3o recentes<\/li>\n\n\n\n<li>Ronco alto e sonol\u00eancia intensa durante o dia, especialmente ao dirigir<\/li>\n\n\n\n<li>Tristeza persistente, perda de interesse ou pensamentos negativos frequentes<\/li>\n<\/ol>\n\n\n<div class=\"wp-block-image\">\n<figure class=\"aligncenter size-large\"><img decoding=\"async\" width=\"1024\" height=\"571\" src=\"https:\/\/www.tuasaude.com\/news\/wp-content\/uploads\/2026\/08\/Woman_sitting_on_bed_exhausted_202608292036-1024x571.jpg\" alt=\"Cansa\u00e7o persistente pode estar ligado \u00e0 apneia, anemia, tireoide ou defici\u00eancias nutricionais.\" class=\"wp-image-105466\" srcset=\"https:\/\/www.tuasaude.com\/news\/wp-content\/uploads\/2026\/08\/Woman_sitting_on_bed_exhausted_202608292036-1024x571.jpg 1024w, https:\/\/www.tuasaude.com\/news\/wp-content\/uploads\/2026\/08\/Woman_sitting_on_bed_exhausted_202608292036-300x167.jpg 300w, https:\/\/www.tuasaude.com\/news\/wp-content\/uploads\/2026\/08\/Woman_sitting_on_bed_exhausted_202608292036-768x428.jpg 768w, https:\/\/www.tuasaude.com\/news\/wp-content\/uploads\/2026\/08\/Woman_sitting_on_bed_exhausted_202608292036-750x418.jpg 750w, https:\/\/www.tuasaude.com\/news\/wp-content\/uploads\/2026\/08\/Woman_sitting_on_bed_exhausted_202608292036-1140x636.jpg 1140w, https:\/\/www.tuasaude.com\/news\/wp-content\/uploads\/2026\/08\/Woman_sitting_on_bed_exhausted_202608292036.jpg 1280w\" sizes=\"(max-width: 1024px) 100vw, 1024px\" \/><figcaption class=\"wp-element-caption\">Cansa\u00e7o persistente pode estar ligado \u00e0 apneia, anemia, tireoide ou defici\u00eancias nutricionais.<\/figcaption><\/figure>\n<\/div>\n\n\n<h2 class=\"wp-block-heading\">Que profissional procurar e como \u00e9 feita a investiga\u00e7\u00e3o?<\/h2>\n\n\n\n<p class=\"wp-block-paragraph\">O cl\u00ednico geral \u00e9 o ponto de partida para investigar cansa\u00e7o persistente. A avalia\u00e7\u00e3o come\u00e7a com hist\u00f3rico detalhado, revis\u00e3o de medicamentos e exame f\u00edsico, seguida de exames b\u00e1sicos como hemograma, ferritina, glicemia, TSH, vitamina D e vitamina B12. Em suspeita de <a href=\"https:\/\/www.tuasaude.com\/apneia-do-sono\/\" target=\"_blank\" rel=\"noreferrer noopener\">apneia do sono<\/a>, pode ser solicitada polissonografia; em quadros psiqui\u00e1tricos, encaminhamento para psic\u00f3logo ou psiquiatra.<\/p>\n\n\n\n<p class=\"wp-block-paragraph\">Enquanto os exames chegam, medidas simples ajudam: manter hor\u00e1rios regulares de sono, evitar telas antes de dormir, reduzir cafe\u00edna no fim do dia, praticar atividade f\u00edsica regular e cuidar da alimenta\u00e7\u00e3o. Se o <a href=\"https:\/\/www.tuasaude.com\/cansaco-excessivo\/\" target=\"_blank\" rel=\"noreferrer noopener\">cansa\u00e7o excessivo<\/a> se mant\u00e9m apesar dessas mudan\u00e7as, a investiga\u00e7\u00e3o m\u00e9dica n\u00e3o deve ser adiada.<\/p>\n\n\n\n<p class=\"wp-block-paragraph\"><em>Este conte\u00fado tem car\u00e1ter apenas informativo e n\u00e3o substitui a avalia\u00e7\u00e3o, o diagn\u00f3stico ou o tratamento realizados por um profissional de sa\u00fade qualificado. Consulte sempre um m\u00e9dico diante de qualquer sintoma ou d\u00favida sobre sua sa\u00fade.<\/em><\/p>\n","protected":false},"excerpt":{"rendered":"<p>Acordar exausto depois de oito horas na cama, sentir peso no corpo antes do primeiro caf\u00e9 e precisar de v\u00e1rias x\u00edcaras para funcionar n\u00e3o \u00e9 normal. Muita gente atribui esse cansa\u00e7o apenas a noites curtas ou estresse, mas quando o quadro se repete todos os dias por semanas, o problema costuma ir muito al\u00e9m do [&hellip;]<\/p>\n","protected":false},"author":16,"featured_media":105463,"comment_status":"open","ping_status":"open","sticky":false,"template":"","format":"standard","meta":{"_yoast_wpseo_focuskw":"cansa\u00e7o extremo ao acordar","_yoast_wpseo_title":"","_yoast_wpseo_metadesc":"Acordar exausto mesmo ap\u00f3s oito horas pode indicar sono n\u00e3o restaurador ou outras condi\u00e7\u00f5es. Entenda as causas e quando investigar o cansa\u00e7o.","jnews-multi-image_gallery":[],"jnews_single_post":{"format":"standard"},"jnews_primary_category":[],"jnews_social_meta":[],"jnews_override_counter":[],"footnotes":""},"categories":[111],"tags":[12791,11772,2968,12777,136],"class_list":["post-105460","post","type-post","status-publish","format-standard","has-post-thumbnail","hentry","category-saude","tag-alem-de-dormir-pouco","tag-ao-acordar","tag-cansaco-extremo","tag-pode-ter-causas","tag-saude"],"yoast_head":"<!-- This site is optimized with the Yoast SEO plugin v26.7 - https:\/\/yoast.com\/wordpress\/plugins\/seo\/ -->\n<title>Cansa\u00e7o extremo ao acordar pode ter causas al\u00e9m de dormir pouco - Tua Sa\u00fade<\/title>\n<meta name=\"description\" content=\"Acordar exausto mesmo ap\u00f3s oito horas pode indicar sono n\u00e3o restaurador ou outras condi\u00e7\u00f5es. Entenda as causas e quando investigar o cansa\u00e7o.\" \/>\n<meta name=\"robots\" content=\"index, follow, max-snippet:-1, max-image-preview:large, max-video-preview:-1\" \/>\n<link rel=\"canonical\" href=\"https:\/\/www.tuasaude.com\/news\/2026\/08\/31\/cansaco-extremo-ao-acordar-pode-ter-causas-alem-de-dormir-pouco\/\" \/>\n<meta property=\"og:locale\" content=\"pt_BR\" \/>\n<meta property=\"og:type\" content=\"article\" \/>\n<meta property=\"og:title\" content=\"Cansa\u00e7o extremo ao acordar pode ter causas al\u00e9m de dormir pouco - Tua Sa\u00fade\" \/>\n<meta property=\"og:description\" content=\"Acordar exausto mesmo ap\u00f3s oito horas pode indicar sono n\u00e3o restaurador ou outras condi\u00e7\u00f5es. Entenda as causas e quando investigar o cansa\u00e7o.\" \/>\n<meta property=\"og:url\" content=\"https:\/\/www.tuasaude.com\/news\/2026\/08\/31\/cansaco-extremo-ao-acordar-pode-ter-causas-alem-de-dormir-pouco\/\" \/>\n<meta property=\"og:site_name\" content=\"Tua Sa\u00fade\" \/>\n<meta property=\"article:published_time\" content=\"2026-09-01T01:20:00+00:00\" \/>\n<meta property=\"og:image\" content=\"https:\/\/www.tuasaude.com\/news\/wp-content\/uploads\/2026\/08\/Man_holding_coffee_cup_fatigued_202608292035.jpg\" \/>\n\t<meta property=\"og:image:width\" content=\"1280\" \/>\n\t<meta property=\"og:image:height\" content=\"714\" \/>\n\t<meta property=\"og:image:type\" content=\"image\/jpeg\" \/>\n<meta name=\"author\" content=\"Maycon Geovane\" \/>\n<meta name=\"twitter:card\" content=\"summary_large_image\" \/>\n<meta name=\"twitter:label1\" content=\"Escrito por\" \/>\n\t<meta name=\"twitter:data1\" content=\"Maycon Geovane\" \/>\n\t<meta name=\"twitter:label2\" content=\"Est. tempo de leitura\" \/>\n\t<meta name=\"twitter:data2\" content=\"5 minutos\" \/>\n<!-- \/ Yoast SEO plugin. -->","yoast_head_json":{"title":"Cansa\u00e7o extremo ao acordar pode ter causas al\u00e9m de dormir pouco - Tua Sa\u00fade","description":"Acordar exausto mesmo ap\u00f3s oito horas pode indicar sono n\u00e3o restaurador ou outras condi\u00e7\u00f5es. Entenda as causas e quando investigar o cansa\u00e7o.","robots":{"index":"index","follow":"follow","max-snippet":"max-snippet:-1","max-image-preview":"max-image-preview:large","max-video-preview":"max-video-preview:-1"},"canonical":"https:\/\/www.tuasaude.com\/news\/2026\/08\/31\/cansaco-extremo-ao-acordar-pode-ter-causas-alem-de-dormir-pouco\/","og_locale":"pt_BR","og_type":"article","og_title":"Cansa\u00e7o extremo ao acordar pode ter causas al\u00e9m de dormir pouco - Tua Sa\u00fade","og_description":"Acordar exausto mesmo ap\u00f3s oito horas pode indicar sono n\u00e3o restaurador ou outras condi\u00e7\u00f5es. Entenda as causas e quando investigar o cansa\u00e7o.","og_url":"https:\/\/www.tuasaude.com\/news\/2026\/08\/31\/cansaco-extremo-ao-acordar-pode-ter-causas-alem-de-dormir-pouco\/","og_site_name":"Tua Sa\u00fade","article_published_time":"2026-09-01T01:20:00+00:00","og_image":[{"width":1280,"height":714,"url":"https:\/\/www.tuasaude.com\/news\/wp-content\/uploads\/2026\/08\/Man_holding_coffee_cup_fatigued_202608292035.jpg","type":"image\/jpeg"}],"author":"Maycon Geovane","twitter_card":"summary_large_image","twitter_misc":{"Escrito por":"Maycon Geovane","Est. tempo de leitura":"5 minutos"},"schema":{"@context":"https:\/\/schema.org","@graph":[{"@type":"Article","@id":"https:\/\/www.tuasaude.com\/news\/2026\/08\/31\/cansaco-extremo-ao-acordar-pode-ter-causas-alem-de-dormir-pouco\/#article","isPartOf":{"@id":"https:\/\/www.tuasaude.com\/news\/2026\/08\/31\/cansaco-extremo-ao-acordar-pode-ter-causas-alem-de-dormir-pouco\/"},"author":{"name":"Maycon Geovane","@id":"https:\/\/www.tuasaude.com\/news\/#\/schema\/person\/da63bccfbda5c95cfbf2d37c4276fca0"},"headline":"Cansa\u00e7o extremo ao acordar pode ter causas al\u00e9m de dormir pouco","datePublished":"2026-09-01T01:20:00+00:00","mainEntityOfPage":{"@id":"https:\/\/www.tuasaude.com\/news\/2026\/08\/31\/cansaco-extremo-ao-acordar-pode-ter-causas-alem-de-dormir-pouco\/"},"wordCount":872,"commentCount":0,"image":{"@id":"https:\/\/www.tuasaude.com\/news\/2026\/08\/31\/cansaco-extremo-ao-acordar-pode-ter-causas-alem-de-dormir-pouco\/#primaryimage"},"thumbnailUrl":"https:\/\/www.tuasaude.com\/news\/wp-content\/uploads\/2026\/08\/Man_holding_coffee_cup_fatigued_202608292035.jpg","keywords":["al\u00e9m de dormir pouco","ao acordar","cansa\u00e7o extremo","pode ter causas","sa\u00fade"],"articleSection":["Sa\u00fade"],"inLanguage":"pt-BR","potentialAction":[{"@type":"CommentAction","name":"Comment","target":["https:\/\/www.tuasaude.com\/news\/2026\/08\/31\/cansaco-extremo-ao-acordar-pode-ter-causas-alem-de-dormir-pouco\/#respond"]}]},{"@type":"WebPage","@id":"https:\/\/www.tuasaude.com\/news\/2026\/08\/31\/cansaco-extremo-ao-acordar-pode-ter-causas-alem-de-dormir-pouco\/","url":"https:\/\/www.tuasaude.com\/news\/2026\/08\/31\/cansaco-extremo-ao-acordar-pode-ter-causas-alem-de-dormir-pouco\/","name":"Cansa\u00e7o extremo ao acordar pode ter causas al\u00e9m de dormir pouco - Tua Sa\u00fade","isPartOf":{"@id":"https:\/\/www.tuasaude.com\/news\/#website"},"primaryImageOfPage":{"@id":"https:\/\/www.tuasaude.com\/news\/2026\/08\/31\/cansaco-extremo-ao-acordar-pode-ter-causas-alem-de-dormir-pouco\/#primaryimage"},"image":{"@id":"https:\/\/www.tuasaude.com\/news\/2026\/08\/31\/cansaco-extremo-ao-acordar-pode-ter-causas-alem-de-dormir-pouco\/#primaryimage"},"thumbnailUrl":"https:\/\/www.tuasaude.com\/news\/wp-content\/uploads\/2026\/08\/Man_holding_coffee_cup_fatigued_202608292035.jpg","datePublished":"2026-09-01T01:20:00+00:00","author":{"@id":"https:\/\/www.tuasaude.com\/news\/#\/schema\/person\/da63bccfbda5c95cfbf2d37c4276fca0"},"description":"Acordar exausto mesmo ap\u00f3s oito horas pode indicar sono n\u00e3o restaurador ou outras condi\u00e7\u00f5es. Entenda as causas e quando investigar o cansa\u00e7o.","breadcrumb":{"@id":"https:\/\/www.tuasaude.com\/news\/2026\/08\/31\/cansaco-extremo-ao-acordar-pode-ter-causas-alem-de-dormir-pouco\/#breadcrumb"},"inLanguage":"pt-BR","potentialAction":[{"@type":"ReadAction","target":["https:\/\/www.tuasaude.com\/news\/2026\/08\/31\/cansaco-extremo-ao-acordar-pode-ter-causas-alem-de-dormir-pouco\/"]}]},{"@type":"ImageObject","inLanguage":"pt-BR","@id":"https:\/\/www.tuasaude.com\/news\/2026\/08\/31\/cansaco-extremo-ao-acordar-pode-ter-causas-alem-de-dormir-pouco\/#primaryimage","url":"https:\/\/www.tuasaude.com\/news\/wp-content\/uploads\/2026\/08\/Man_holding_coffee_cup_fatigued_202608292035.jpg","contentUrl":"https:\/\/www.tuasaude.com\/news\/wp-content\/uploads\/2026\/08\/Man_holding_coffee_cup_fatigued_202608292035.jpg","width":1280,"height":714,"caption":"Cansa\u00e7o extremo ao acordar pode ter causas al\u00e9m de dormir pouco"},{"@type":"BreadcrumbList","@id":"https:\/\/www.tuasaude.com\/news\/2026\/08\/31\/cansaco-extremo-ao-acordar-pode-ter-causas-alem-de-dormir-pouco\/#breadcrumb","itemListElement":[{"@type":"ListItem","position":1,"name":"In\u00edcio","item":"https:\/\/www.tuasaude.com\/news\/"},{"@type":"ListItem","position":2,"name":"Cansa\u00e7o extremo ao acordar pode ter causas al\u00e9m de dormir pouco"}]},{"@type":"WebSite","@id":"https:\/\/www.tuasaude.com\/news\/#website","url":"https:\/\/www.tuasaude.com\/news\/","name":"Tua Sa\u00fade","description":"Seu site de sa\u00fade","potentialAction":[{"@type":"SearchAction","target":{"@type":"EntryPoint","urlTemplate":"https:\/\/www.tuasaude.com\/news\/?s={search_term_string}"},"query-input":{"@type":"PropertyValueSpecification","valueRequired":true,"valueName":"search_term_string"}}],"inLanguage":"pt-BR"},{"@type":"Person","@id":"https:\/\/www.tuasaude.com\/news\/#\/schema\/person\/da63bccfbda5c95cfbf2d37c4276fca0","name":"Maycon Geovane","image":{"@type":"ImageObject","inLanguage":"pt-BR","@id":"https:\/\/www.tuasaude.com\/news\/#\/schema\/person\/image\/","url":"https:\/\/secure.gravatar.com\/avatar\/4f4908cf0a2f249a9f1137f9d5769cacc373d9aee67910cc212a09a346873b7d?s=96&d=mm&r=g","contentUrl":"https:\/\/secure.gravatar.com\/avatar\/4f4908cf0a2f249a9f1137f9d5769cacc373d9aee67910cc212a09a346873b7d?s=96&d=mm&r=g","caption":"Maycon Geovane"},"sameAs":["https:\/\/www.tuasaude.com\/news\/"],"url":"https:\/\/www.tuasaude.com\/news\/author\/maycongeovane\/"}]}},"_links":{"self":[{"href":"https:\/\/www.tuasaude.com\/news\/wp-json\/wp\/v2\/posts\/105460","targetHints":{"allow":["GET"]}}],"collection":[{"href":"https:\/\/www.tuasaude.com\/news\/wp-json\/wp\/v2\/posts"}],"about":[{"href":"https:\/\/www.tuasaude.com\/news\/wp-json\/wp\/v2\/types\/post"}],"author":[{"embeddable":true,"href":"https:\/\/www.tuasaude.com\/news\/wp-json\/wp\/v2\/users\/16"}],"replies":[{"embeddable":true,"href":"https:\/\/www.tuasaude.com\/news\/wp-json\/wp\/v2\/comments?post=105460"}],"version-history":[{"count":1,"href":"https:\/\/www.tuasaude.com\/news\/wp-json\/wp\/v2\/posts\/105460\/revisions"}],"predecessor-version":[{"id":105467,"href":"https:\/\/www.tuasaude.com\/news\/wp-json\/wp\/v2\/posts\/105460\/revisions\/105467"}],"wp:featuredmedia":[{"embeddable":true,"href":"https:\/\/www.tuasaude.com\/news\/wp-json\/wp\/v2\/media\/105463"}],"wp:attachment":[{"href":"https:\/\/www.tuasaude.com\/news\/wp-json\/wp\/v2\/media?parent=105460"}],"wp:term":[{"taxonomy":"category","embeddable":true,"href":"https:\/\/www.tuasaude.com\/news\/wp-json\/wp\/v2\/categories?post=105460"},{"taxonomy":"post_tag","embeddable":true,"href":"https:\/\/www.tuasaude.com\/news\/wp-json\/wp\/v2\/tags?post=105460"}],"curies":[{"name":"wp","href":"https:\/\/api.w.org\/{rel}","templated":true}]}}