{"id":105377,"date":"2026-08-31T19:50:00","date_gmt":"2026-08-31T22:50:00","guid":{"rendered":"https:\/\/www.tuasaude.com\/news\/?p=105377"},"modified":"2026-08-29T19:44:03","modified_gmt":"2026-08-29T22:44:03","slug":"sono-ruim-na-meia-idade-aumenta-o-risco-de-demencia-anos-depois","status":"publish","type":"post","link":"https:\/\/www.tuasaude.com\/news\/2026\/08\/31\/sono-ruim-na-meia-idade-aumenta-o-risco-de-demencia-anos-depois\/","title":{"rendered":"Sono ruim na meia-idade aumenta o risco de dem\u00eancia anos depois"},"content":{"rendered":"\n<p class=\"wp-block-paragraph\">Dormir bem vai muito al\u00e9m de acordar disposto: a qualidade do sono funciona como um dos principais term\u00f4metros da sa\u00fade do c\u00e9rebro nas pr\u00f3ximas d\u00e9cadas. Durante as fases profundas do descanso, o c\u00e9rebro ativa um sistema de limpeza que remove prote\u00ednas t\u00f3xicas associadas a doen\u00e7as neurodegenerativas, como o Alzheimer. Noites mal dormidas repetidas na meia-idade t\u00eam sido associadas ao aumento do risco de dem\u00eancia anos depois, o que transforma o sono em um verdadeiro indicador de longevidade cognitiva.<\/p>\n\n\n\n<h2 class=\"wp-block-heading\">O que acontece no c\u00e9rebro durante o sono profundo?<\/h2>\n\n\n\n<p class=\"wp-block-paragraph\">Enquanto dormimos, o c\u00e9rebro entra em um modo de manuten\u00e7\u00e3o intensa. \u00c9 nessa fase que o sistema glinf\u00e1tico se ativa, um mecanismo que utiliza o l\u00edquido cefalorraquidiano para varrer res\u00edduos metab\u00f3licos acumulados durante o dia, incluindo a prote\u00edna beta-amiloide.<\/p>\n\n\n\n<p class=\"wp-block-paragraph\">Esse processo depende da continuidade das fases de sono profundo. Quando o descanso \u00e9 fragmentado, a limpeza cerebral fica incompleta e subst\u00e2ncias t\u00f3xicas se acumulam gradualmente, comprometendo neur\u00f4nios e conex\u00f5es essenciais para a mem\u00f3ria e o racioc\u00ednio.<\/p>\n\n\n\n<h2 class=\"wp-block-heading\">Como o sono ruim na meia-idade afeta o risco de dem\u00eancia?<\/h2>\n\n\n\n<p class=\"wp-block-paragraph\">Estudos populacionais de longo prazo t\u00eam demonstrado que adultos entre 50 e 60 anos que dormem menos de seis horas por noite apresentam maior risco de desenvolver dem\u00eancia ap\u00f3s os 70. A priva\u00e7\u00e3o cr\u00f4nica est\u00e1 ligada \u00e0 inflama\u00e7\u00e3o cerebral, \u00e0 redu\u00e7\u00e3o do volume do hipocampo e ao ac\u00famulo de placas amiloides.<\/p>\n\n\n\n<p class=\"wp-block-paragraph\">Segundo o estudo <a href=\"https:\/\/www.nature.com\/articles\/s41467-021-22354-2\" target=\"_blank\" rel=\"noreferrer noopener\">Association of sleep duration in middle and old age with incidence of dementia<\/a>, publicado na revista Nature Communications, pessoas com sono habitualmente curto na meia-idade tiveram cerca de 30% mais chance de receber diagn\u00f3stico de dem\u00eancia, independentemente de fatores como press\u00e3o alta e diabetes. Sinais precoces de <a href=\"https:\/\/www.tuasaude.com\/causas-da-perda-de-memoria\/\" target=\"_blank\" rel=\"noreferrer noopener\">perda de mem\u00f3ria<\/a> merecem aten\u00e7\u00e3o redobrada nesse contexto.<\/p>\n\n\n<div class=\"wp-block-image\">\n<figure class=\"aligncenter size-large\"><img decoding=\"async\" width=\"1024\" height=\"571\" src=\"https:\/\/www.tuasaude.com\/news\/wp-content\/uploads\/2026\/08\/Infographic_about_sleep_and_brai\u2026_202608291940-1024x571.jpg\" alt=\"Por que a qualidade do sono \u00e9 um indicador fundamental de sa\u00fade cerebral a longo prazo?\" class=\"wp-image-105385\" srcset=\"https:\/\/www.tuasaude.com\/news\/wp-content\/uploads\/2026\/08\/Infographic_about_sleep_and_brai\u2026_202608291940-1024x571.jpg 1024w, https:\/\/www.tuasaude.com\/news\/wp-content\/uploads\/2026\/08\/Infographic_about_sleep_and_brai\u2026_202608291940-300x167.jpg 300w, https:\/\/www.tuasaude.com\/news\/wp-content\/uploads\/2026\/08\/Infographic_about_sleep_and_brai\u2026_202608291940-768x428.jpg 768w, https:\/\/www.tuasaude.com\/news\/wp-content\/uploads\/2026\/08\/Infographic_about_sleep_and_brai\u2026_202608291940-750x418.jpg 750w, https:\/\/www.tuasaude.com\/news\/wp-content\/uploads\/2026\/08\/Infographic_about_sleep_and_brai\u2026_202608291940-1140x636.jpg 1140w, https:\/\/www.tuasaude.com\/news\/wp-content\/uploads\/2026\/08\/Infographic_about_sleep_and_brai\u2026_202608291940.jpg 1280w\" sizes=\"(max-width: 1024px) 100vw, 1024px\" \/><figcaption class=\"wp-element-caption\">Por que a qualidade do sono \u00e9 um indicador fundamental de sa\u00fade cerebral a longo prazo?<\/figcaption><\/figure>\n<\/div>\n\n\n<h2 class=\"wp-block-heading\">Quais h\u00e1bitos ajudam a melhorar a higiene do sono?<\/h2>\n\n\n\n<p class=\"wp-block-paragraph\">Pequenas mudan\u00e7as na rotina podem transformar a qualidade do descanso e proteger o c\u00e9rebro a longo prazo. A chamada higiene do sono re\u00fane pr\u00e1ticas simples que favorecem o adormecer e prolongam as fases restauradoras. Veja os principais cuidados recomendados:<\/p>\n\n\n\n<ul class=\"wp-block-list\">\n<li>Manter hor\u00e1rios regulares para dormir e acordar, mesmo nos finais de semana<\/li>\n\n\n\n<li>Evitar cafe\u00edna, \u00e1lcool e refei\u00e7\u00f5es pesadas nas tr\u00eas horas anteriores ao sono<\/li>\n\n\n\n<li>Reduzir a exposi\u00e7\u00e3o a telas e luz azul pelo menos 1 hora antes de deitar<\/li>\n\n\n\n<li>Manter o quarto escuro, silencioso e com temperatura entre 18 \u00b0C e 22 \u00b0C<\/li>\n\n\n\n<li>Praticar atividade f\u00edsica regular, de prefer\u00eancia pela manh\u00e3 ou fim da tarde<\/li>\n\n\n\n<li>Reservar o tempo na cama para o sono, evitando trabalhar ou assistir televis\u00e3o deitado<\/li>\n<\/ul>\n\n\n\n<h2 class=\"wp-block-heading\">Quando a apneia do sono deve ser investigada?<\/h2>\n\n\n\n<p class=\"wp-block-paragraph\">A apneia obstrutiva do sono \u00e9 uma das causas mais subestimadas de comprometimento cognitivo, pois interrompe repetidamente a respira\u00e7\u00e3o e priva o c\u00e9rebro de oxig\u00eanio durante a noite. Ela costuma passar despercebida por anos, mas deixa marcas importantes na sa\u00fade cerebral. Alguns sinais indicam a necessidade de procurar avalia\u00e7\u00e3o m\u00e9dica e, possivelmente, realizar uma polissonografia:<\/p>\n\n\n\n<ol class=\"wp-block-list\">\n<li>Ronco alto e frequente, principalmente com pausas respirat\u00f3rias percebidas por outra pessoa<\/li>\n\n\n\n<li>Sensa\u00e7\u00e3o de sufocamento ou engasgo ao acordar<\/li>\n\n\n\n<li>Sonol\u00eancia excessiva durante o dia, mesmo ap\u00f3s 7 a 8 horas na cama<\/li>\n\n\n\n<li>Dores de cabe\u00e7a matinais e boca seca ao despertar<\/li>\n\n\n\n<li>Dificuldade de concentra\u00e7\u00e3o, lapsos de mem\u00f3ria e irritabilidade<\/li>\n\n\n\n<li>Press\u00e3o alta de dif\u00edcil controle, sobretudo em pessoas com suspeita de <a href=\"https:\/\/www.tuasaude.com\/apneia-do-sono\/\" target=\"_blank\" rel=\"noreferrer noopener\">apneia do sono<\/a> ainda n\u00e3o diagnosticada<\/li>\n<\/ol>\n\n\n<div class=\"wp-block-image\">\n<figure class=\"aligncenter size-large\"><img decoding=\"async\" width=\"1024\" height=\"571\" src=\"https:\/\/www.tuasaude.com\/news\/wp-content\/uploads\/2026\/08\/Man_sleeping_during_brain_cleansing_202608291940-1024x571.jpg\" alt=\"Por que a qualidade do sono \u00e9 um indicador fundamental de sa\u00fade cerebral a longo prazo?\" class=\"wp-image-105386\" srcset=\"https:\/\/www.tuasaude.com\/news\/wp-content\/uploads\/2026\/08\/Man_sleeping_during_brain_cleansing_202608291940-1024x571.jpg 1024w, https:\/\/www.tuasaude.com\/news\/wp-content\/uploads\/2026\/08\/Man_sleeping_during_brain_cleansing_202608291940-300x167.jpg 300w, https:\/\/www.tuasaude.com\/news\/wp-content\/uploads\/2026\/08\/Man_sleeping_during_brain_cleansing_202608291940-768x428.jpg 768w, https:\/\/www.tuasaude.com\/news\/wp-content\/uploads\/2026\/08\/Man_sleeping_during_brain_cleansing_202608291940-750x418.jpg 750w, https:\/\/www.tuasaude.com\/news\/wp-content\/uploads\/2026\/08\/Man_sleeping_during_brain_cleansing_202608291940-1140x636.jpg 1140w, https:\/\/www.tuasaude.com\/news\/wp-content\/uploads\/2026\/08\/Man_sleeping_during_brain_cleansing_202608291940.jpg 1280w\" sizes=\"(max-width: 1024px) 100vw, 1024px\" \/><figcaption class=\"wp-element-caption\">Por que a qualidade do sono \u00e9 um indicador fundamental de sa\u00fade cerebral a longo prazo?<\/figcaption><\/figure>\n<\/div>\n\n\n<h2 class=\"wp-block-heading\">Como proteger o c\u00e9rebro come\u00e7ando pelo travesseiro?<\/h2>\n\n\n\n<p class=\"wp-block-paragraph\">Cuidar do sono \u00e9 uma das estrat\u00e9gias mais acess\u00edveis e eficazes para preservar a mem\u00f3ria, a aten\u00e7\u00e3o e o humor ao longo da vida. Priorizar de sete a nove horas de descanso cont\u00ednuo, tratar dist\u00farbios respirat\u00f3rios e manter uma rotina consistente reduzem a inflama\u00e7\u00e3o cerebral e favorecem a plasticidade neuronal.<\/p>\n\n\n\n<p class=\"wp-block-paragraph\">Sinais como cansa\u00e7o persistente, esquecimentos frequentes ou <a href=\"https:\/\/www.tuasaude.com\/insonia\/\" target=\"_blank\" rel=\"noreferrer noopener\">ins\u00f4nia<\/a> recorrente n\u00e3o devem ser normalizados. Reconhecer que o sono \u00e9 parte central da sa\u00fade cerebral \u00e9 o primeiro passo para agir antes que o preju\u00edzo se torne irrevers\u00edvel.<\/p>\n\n\n\n<p class=\"wp-block-paragraph\"><em>Este conte\u00fado tem car\u00e1ter apenas informativo e n\u00e3o substitui a avalia\u00e7\u00e3o, o diagn\u00f3stico ou o tratamento realizados por um profissional de sa\u00fade qualificado. Consulte sempre um m\u00e9dico diante de qualquer sintoma ou d\u00favida sobre sua sa\u00fade.<\/em><\/p>\n","protected":false},"excerpt":{"rendered":"<p>Dormir bem vai muito al\u00e9m de acordar disposto: a qualidade do sono funciona como um dos principais term\u00f4metros da sa\u00fade do c\u00e9rebro nas pr\u00f3ximas d\u00e9cadas. Durante as fases profundas do descanso, o c\u00e9rebro ativa um sistema de limpeza que remove prote\u00ednas t\u00f3xicas associadas a doen\u00e7as neurodegenerativas, como o Alzheimer. Noites mal dormidas repetidas na meia-idade [&hellip;]<\/p>\n","protected":false},"author":16,"featured_media":105384,"comment_status":"open","ping_status":"open","sticky":false,"template":"","format":"standard","meta":{"_yoast_wpseo_focuskw":"qualidade do sono","_yoast_wpseo_title":"","_yoast_wpseo_metadesc":"A qualidade do sono ajuda a preservar o c\u00e9rebro a longo prazo. Entenda como o sono profundo atua e quais h\u00e1bitos favorecem esse processo.","jnews-multi-image_gallery":[],"jnews_single_post":{"format":"standard"},"jnews_primary_category":[],"jnews_social_meta":[],"jnews_override_counter":[],"footnotes":""},"categories":[111],"tags":[12760,12759,1328,7457,136,2494],"class_list":["post-105377","post","type-post","status-publish","format-standard","has-post-thumbnail","hentry","category-saude","tag-anos-depois","tag-aumenta-o-risco","tag-demencia","tag-meia-idade","tag-saude","tag-sono-ruim"],"yoast_head":"<!-- This site is optimized with the Yoast SEO plugin v26.7 - https:\/\/yoast.com\/wordpress\/plugins\/seo\/ -->\n<title>Sono ruim na meia-idade aumenta o risco de dem\u00eancia anos depois - Tua Sa\u00fade<\/title>\n<meta name=\"description\" content=\"A qualidade do sono ajuda a preservar o c\u00e9rebro a longo prazo. Entenda como o sono profundo atua e quais h\u00e1bitos favorecem esse processo.\" \/>\n<meta name=\"robots\" content=\"index, follow, max-snippet:-1, max-image-preview:large, max-video-preview:-1\" \/>\n<link rel=\"canonical\" href=\"https:\/\/www.tuasaude.com\/news\/2026\/08\/31\/sono-ruim-na-meia-idade-aumenta-o-risco-de-demencia-anos-depois\/\" \/>\n<meta property=\"og:locale\" content=\"pt_BR\" \/>\n<meta property=\"og:type\" content=\"article\" \/>\n<meta property=\"og:title\" content=\"Sono ruim na meia-idade aumenta o risco de dem\u00eancia anos depois - Tua Sa\u00fade\" \/>\n<meta property=\"og:description\" content=\"A qualidade do sono ajuda a preservar o c\u00e9rebro a longo prazo. Entenda como o sono profundo atua e quais h\u00e1bitos favorecem esse processo.\" \/>\n<meta property=\"og:url\" content=\"https:\/\/www.tuasaude.com\/news\/2026\/08\/31\/sono-ruim-na-meia-idade-aumenta-o-risco-de-demencia-anos-depois\/\" \/>\n<meta property=\"og:site_name\" content=\"Tua Sa\u00fade\" \/>\n<meta property=\"article:published_time\" content=\"2026-08-31T22:50:00+00:00\" \/>\n<meta property=\"og:image\" content=\"https:\/\/www.tuasaude.com\/news\/wp-content\/uploads\/2026\/08\/Woman_sleeping_with_brain_visual\u2026_202608291940.jpg\" \/>\n\t<meta property=\"og:image:width\" content=\"1280\" \/>\n\t<meta property=\"og:image:height\" content=\"714\" \/>\n\t<meta property=\"og:image:type\" content=\"image\/jpeg\" \/>\n<meta name=\"author\" content=\"Maycon Geovane\" \/>\n<meta name=\"twitter:card\" content=\"summary_large_image\" \/>\n<meta name=\"twitter:label1\" content=\"Escrito por\" \/>\n\t<meta name=\"twitter:data1\" content=\"Maycon Geovane\" \/>\n\t<meta name=\"twitter:label2\" content=\"Est. tempo de leitura\" \/>\n\t<meta name=\"twitter:data2\" content=\"5 minutos\" \/>\n<!-- \/ Yoast SEO plugin. -->","yoast_head_json":{"title":"Sono ruim na meia-idade aumenta o risco de dem\u00eancia anos depois - Tua Sa\u00fade","description":"A qualidade do sono ajuda a preservar o c\u00e9rebro a longo prazo. Entenda como o sono profundo atua e quais h\u00e1bitos favorecem esse processo.","robots":{"index":"index","follow":"follow","max-snippet":"max-snippet:-1","max-image-preview":"max-image-preview:large","max-video-preview":"max-video-preview:-1"},"canonical":"https:\/\/www.tuasaude.com\/news\/2026\/08\/31\/sono-ruim-na-meia-idade-aumenta-o-risco-de-demencia-anos-depois\/","og_locale":"pt_BR","og_type":"article","og_title":"Sono ruim na meia-idade aumenta o risco de dem\u00eancia anos depois - Tua Sa\u00fade","og_description":"A qualidade do sono ajuda a preservar o c\u00e9rebro a longo prazo. Entenda como o sono profundo atua e quais h\u00e1bitos favorecem esse processo.","og_url":"https:\/\/www.tuasaude.com\/news\/2026\/08\/31\/sono-ruim-na-meia-idade-aumenta-o-risco-de-demencia-anos-depois\/","og_site_name":"Tua Sa\u00fade","article_published_time":"2026-08-31T22:50:00+00:00","og_image":[{"width":1280,"height":714,"url":"https:\/\/www.tuasaude.com\/news\/wp-content\/uploads\/2026\/08\/Woman_sleeping_with_brain_visual\u2026_202608291940.jpg","type":"image\/jpeg"}],"author":"Maycon Geovane","twitter_card":"summary_large_image","twitter_misc":{"Escrito por":"Maycon Geovane","Est. tempo de leitura":"5 minutos"},"schema":{"@context":"https:\/\/schema.org","@graph":[{"@type":"Article","@id":"https:\/\/www.tuasaude.com\/news\/2026\/08\/31\/sono-ruim-na-meia-idade-aumenta-o-risco-de-demencia-anos-depois\/#article","isPartOf":{"@id":"https:\/\/www.tuasaude.com\/news\/2026\/08\/31\/sono-ruim-na-meia-idade-aumenta-o-risco-de-demencia-anos-depois\/"},"author":{"name":"Maycon Geovane","@id":"https:\/\/www.tuasaude.com\/news\/#\/schema\/person\/da63bccfbda5c95cfbf2d37c4276fca0"},"headline":"Sono ruim na meia-idade aumenta o risco de dem\u00eancia anos depois","datePublished":"2026-08-31T22:50:00+00:00","mainEntityOfPage":{"@id":"https:\/\/www.tuasaude.com\/news\/2026\/08\/31\/sono-ruim-na-meia-idade-aumenta-o-risco-de-demencia-anos-depois\/"},"wordCount":789,"commentCount":0,"image":{"@id":"https:\/\/www.tuasaude.com\/news\/2026\/08\/31\/sono-ruim-na-meia-idade-aumenta-o-risco-de-demencia-anos-depois\/#primaryimage"},"thumbnailUrl":"https:\/\/www.tuasaude.com\/news\/wp-content\/uploads\/2026\/08\/Woman_sleeping_with_brain_visual\u2026_202608291940.jpg","keywords":["anos depois","aumenta o risco","dem\u00eancia","meia-idade","sa\u00fade","sono ruim"],"articleSection":["Sa\u00fade"],"inLanguage":"pt-BR","potentialAction":[{"@type":"CommentAction","name":"Comment","target":["https:\/\/www.tuasaude.com\/news\/2026\/08\/31\/sono-ruim-na-meia-idade-aumenta-o-risco-de-demencia-anos-depois\/#respond"]}]},{"@type":"WebPage","@id":"https:\/\/www.tuasaude.com\/news\/2026\/08\/31\/sono-ruim-na-meia-idade-aumenta-o-risco-de-demencia-anos-depois\/","url":"https:\/\/www.tuasaude.com\/news\/2026\/08\/31\/sono-ruim-na-meia-idade-aumenta-o-risco-de-demencia-anos-depois\/","name":"Sono ruim na meia-idade aumenta o risco de dem\u00eancia anos depois - Tua Sa\u00fade","isPartOf":{"@id":"https:\/\/www.tuasaude.com\/news\/#website"},"primaryImageOfPage":{"@id":"https:\/\/www.tuasaude.com\/news\/2026\/08\/31\/sono-ruim-na-meia-idade-aumenta-o-risco-de-demencia-anos-depois\/#primaryimage"},"image":{"@id":"https:\/\/www.tuasaude.com\/news\/2026\/08\/31\/sono-ruim-na-meia-idade-aumenta-o-risco-de-demencia-anos-depois\/#primaryimage"},"thumbnailUrl":"https:\/\/www.tuasaude.com\/news\/wp-content\/uploads\/2026\/08\/Woman_sleeping_with_brain_visual\u2026_202608291940.jpg","datePublished":"2026-08-31T22:50:00+00:00","author":{"@id":"https:\/\/www.tuasaude.com\/news\/#\/schema\/person\/da63bccfbda5c95cfbf2d37c4276fca0"},"description":"A qualidade do sono ajuda a preservar o c\u00e9rebro a longo prazo. Entenda como o sono profundo atua e quais h\u00e1bitos favorecem esse processo.","breadcrumb":{"@id":"https:\/\/www.tuasaude.com\/news\/2026\/08\/31\/sono-ruim-na-meia-idade-aumenta-o-risco-de-demencia-anos-depois\/#breadcrumb"},"inLanguage":"pt-BR","potentialAction":[{"@type":"ReadAction","target":["https:\/\/www.tuasaude.com\/news\/2026\/08\/31\/sono-ruim-na-meia-idade-aumenta-o-risco-de-demencia-anos-depois\/"]}]},{"@type":"ImageObject","inLanguage":"pt-BR","@id":"https:\/\/www.tuasaude.com\/news\/2026\/08\/31\/sono-ruim-na-meia-idade-aumenta-o-risco-de-demencia-anos-depois\/#primaryimage","url":"https:\/\/www.tuasaude.com\/news\/wp-content\/uploads\/2026\/08\/Woman_sleeping_with_brain_visual\u2026_202608291940.jpg","contentUrl":"https:\/\/www.tuasaude.com\/news\/wp-content\/uploads\/2026\/08\/Woman_sleeping_with_brain_visual\u2026_202608291940.jpg","width":1280,"height":714,"caption":"Por que a qualidade do sono \u00e9 um indicador fundamental de sa\u00fade cerebral a longo prazo?"},{"@type":"BreadcrumbList","@id":"https:\/\/www.tuasaude.com\/news\/2026\/08\/31\/sono-ruim-na-meia-idade-aumenta-o-risco-de-demencia-anos-depois\/#breadcrumb","itemListElement":[{"@type":"ListItem","position":1,"name":"In\u00edcio","item":"https:\/\/www.tuasaude.com\/news\/"},{"@type":"ListItem","position":2,"name":"Sono ruim na meia-idade aumenta o risco de dem\u00eancia anos depois"}]},{"@type":"WebSite","@id":"https:\/\/www.tuasaude.com\/news\/#website","url":"https:\/\/www.tuasaude.com\/news\/","name":"Tua Sa\u00fade","description":"Seu site de sa\u00fade","potentialAction":[{"@type":"SearchAction","target":{"@type":"EntryPoint","urlTemplate":"https:\/\/www.tuasaude.com\/news\/?s={search_term_string}"},"query-input":{"@type":"PropertyValueSpecification","valueRequired":true,"valueName":"search_term_string"}}],"inLanguage":"pt-BR"},{"@type":"Person","@id":"https:\/\/www.tuasaude.com\/news\/#\/schema\/person\/da63bccfbda5c95cfbf2d37c4276fca0","name":"Maycon Geovane","image":{"@type":"ImageObject","inLanguage":"pt-BR","@id":"https:\/\/www.tuasaude.com\/news\/#\/schema\/person\/image\/","url":"https:\/\/secure.gravatar.com\/avatar\/4f4908cf0a2f249a9f1137f9d5769cacc373d9aee67910cc212a09a346873b7d?s=96&d=mm&r=g","contentUrl":"https:\/\/secure.gravatar.com\/avatar\/4f4908cf0a2f249a9f1137f9d5769cacc373d9aee67910cc212a09a346873b7d?s=96&d=mm&r=g","caption":"Maycon Geovane"},"sameAs":["https:\/\/www.tuasaude.com\/news\/"],"url":"https:\/\/www.tuasaude.com\/news\/author\/maycongeovane\/"}]}},"_links":{"self":[{"href":"https:\/\/www.tuasaude.com\/news\/wp-json\/wp\/v2\/posts\/105377","targetHints":{"allow":["GET"]}}],"collection":[{"href":"https:\/\/www.tuasaude.com\/news\/wp-json\/wp\/v2\/posts"}],"about":[{"href":"https:\/\/www.tuasaude.com\/news\/wp-json\/wp\/v2\/types\/post"}],"author":[{"embeddable":true,"href":"https:\/\/www.tuasaude.com\/news\/wp-json\/wp\/v2\/users\/16"}],"replies":[{"embeddable":true,"href":"https:\/\/www.tuasaude.com\/news\/wp-json\/wp\/v2\/comments?post=105377"}],"version-history":[{"count":2,"href":"https:\/\/www.tuasaude.com\/news\/wp-json\/wp\/v2\/posts\/105377\/revisions"}],"predecessor-version":[{"id":105389,"href":"https:\/\/www.tuasaude.com\/news\/wp-json\/wp\/v2\/posts\/105377\/revisions\/105389"}],"wp:featuredmedia":[{"embeddable":true,"href":"https:\/\/www.tuasaude.com\/news\/wp-json\/wp\/v2\/media\/105384"}],"wp:attachment":[{"href":"https:\/\/www.tuasaude.com\/news\/wp-json\/wp\/v2\/media?parent=105377"}],"wp:term":[{"taxonomy":"category","embeddable":true,"href":"https:\/\/www.tuasaude.com\/news\/wp-json\/wp\/v2\/categories?post=105377"},{"taxonomy":"post_tag","embeddable":true,"href":"https:\/\/www.tuasaude.com\/news\/wp-json\/wp\/v2\/tags?post=105377"}],"curies":[{"name":"wp","href":"https:\/\/api.w.org\/{rel}","templated":true}]}}