{"id":105365,"date":"2026-08-31T19:30:00","date_gmt":"2026-08-31T22:30:00","guid":{"rendered":"https:\/\/www.tuasaude.com\/news\/?p=105365"},"modified":"2026-08-29T19:27:39","modified_gmt":"2026-08-29T22:27:39","slug":"coceira-nas-pernas-sem-lesao-na-pele-pode-ter-causas-alem-da-pele-seca","status":"publish","type":"post","link":"https:\/\/www.tuasaude.com\/news\/2026\/08\/31\/coceira-nas-pernas-sem-lesao-na-pele-pode-ter-causas-alem-da-pele-seca\/","title":{"rendered":"Coceira nas pernas sem les\u00e3o na pele pode ter causas al\u00e9m da pele seca"},"content":{"rendered":"\n<p class=\"wp-block-paragraph\">Sentir coceira frequente nas pernas, sem manchas, ferida ou vermelhid\u00e3o vis\u00edvel, costuma ser atribu\u00edda \u00e0 pele ressecada e ao clima seco. Nem sempre, por\u00e9m, o problema come\u00e7a na pele. Quando o inc\u00f4modo persiste por semanas e n\u00e3o melhora com hidratante, ele pode ser sinal de condi\u00e7\u00f5es que envolvem rins, f\u00edgado, tireoide, metabolismo ou at\u00e9 o sistema imunol\u00f3gico. Reconhecer essa possibilidade ajuda a buscar avalia\u00e7\u00e3o m\u00e9dica no momento certo, sem alarme, mas tamb\u00e9m sem deixar passar um sintoma que merece aten\u00e7\u00e3o.<\/p>\n\n\n\n<h2 class=\"wp-block-heading\">Por que a coceira nem sempre tem origem na pele?<\/h2>\n\n\n\n<p class=\"wp-block-paragraph\">A coceira, chamada tecnicamente de prurido, \u00e9 uma resposta do sistema nervoso a est\u00edmulos qu\u00edmicos, mec\u00e2nicos ou inflamat\u00f3rios captados pelas termina\u00e7\u00f5es nervosas da pele. Quando n\u00e3o h\u00e1 altera\u00e7\u00e3o vis\u00edvel, o gatilho pode estar circulando pelo sangue, como toxinas, horm\u00f4nios desregulados ou subst\u00e2ncias inflamat\u00f3rias.<\/p>\n\n\n\n<p class=\"wp-block-paragraph\">\u00c9 por isso que doen\u00e7as que aparentemente nada t\u00eam a ver com a pele podem se manifestar dessa forma. A pele funciona apenas como o local onde o sintoma aparece, enquanto a causa real est\u00e1 em outro sistema do organismo.<\/p>\n\n\n\n<h2 class=\"wp-block-heading\">Quando o prurido \u00e9 considerado cr\u00f4nico e merece investiga\u00e7\u00e3o?<\/h2>\n\n\n\n<p class=\"wp-block-paragraph\">A coceira que dura mais de seis semanas \u00e9 classificada como prurido cr\u00f4nico e passa a exigir avalia\u00e7\u00e3o m\u00e9dica, mesmo sem les\u00f5es aparentes. Esse marco de tempo \u00e9 usado internacionalmente porque diferencia irrita\u00e7\u00f5es passageiras de quadros que podem envolver causas internas.<\/p>\n\n\n\n<p class=\"wp-block-paragraph\">Sintomas associados, como piora \u00e0 noite, altera\u00e7\u00e3o no sono, cansa\u00e7o, mudan\u00e7as no peso ou na urina, aumentam a suspeita de causa sist\u00eamica. Nesses casos, procurar um cl\u00ednico geral ou dermatologista \u00e9 fundamental para orientar a investiga\u00e7\u00e3o adequada.<\/p>\n\n\n<div class=\"wp-block-image\">\n<figure class=\"aligncenter size-large\"><img decoding=\"async\" width=\"1024\" height=\"571\" src=\"https:\/\/www.tuasaude.com\/news\/wp-content\/uploads\/2026\/08\/Coceira_sem_lesao_investigacao_m\u2026_202608291926-1024x571.jpg\" alt=\"Rins, f\u00edgado, tireoide e metabolismo est\u00e3o entre as causas sist\u00eamicas poss\u00edveis.\" class=\"wp-image-105368\" srcset=\"https:\/\/www.tuasaude.com\/news\/wp-content\/uploads\/2026\/08\/Coceira_sem_lesao_investigacao_m\u2026_202608291926-1024x571.jpg 1024w, https:\/\/www.tuasaude.com\/news\/wp-content\/uploads\/2026\/08\/Coceira_sem_lesao_investigacao_m\u2026_202608291926-300x167.jpg 300w, https:\/\/www.tuasaude.com\/news\/wp-content\/uploads\/2026\/08\/Coceira_sem_lesao_investigacao_m\u2026_202608291926-768x428.jpg 768w, https:\/\/www.tuasaude.com\/news\/wp-content\/uploads\/2026\/08\/Coceira_sem_lesao_investigacao_m\u2026_202608291926-750x418.jpg 750w, https:\/\/www.tuasaude.com\/news\/wp-content\/uploads\/2026\/08\/Coceira_sem_lesao_investigacao_m\u2026_202608291926-1140x636.jpg 1140w, https:\/\/www.tuasaude.com\/news\/wp-content\/uploads\/2026\/08\/Coceira_sem_lesao_investigacao_m\u2026_202608291926.jpg 1280w\" sizes=\"(max-width: 1024px) 100vw, 1024px\" \/><figcaption class=\"wp-element-caption\">Rins, f\u00edgado, tireoide e metabolismo est\u00e3o entre as causas sist\u00eamicas poss\u00edveis.<\/figcaption><\/figure>\n<\/div>\n\n\n<h2 class=\"wp-block-heading\">Quais doen\u00e7as sist\u00eamicas podem causar coceira nas pernas?<\/h2>\n\n\n\n<p class=\"wp-block-paragraph\">Diversas condi\u00e7\u00f5es internas se manifestam com prurido antes de outros sintomas mais evidentes. Conhecer essas possibilidades ajuda a valorizar o sintoma e a buscar orienta\u00e7\u00e3o profissional cedo, sem tentar identificar a causa em casa.<\/p>\n\n\n\n<ul class=\"wp-block-list\">\n<li><strong>Insufici\u00eancia renal cr\u00f4nica<\/strong>, com ac\u00famulo de toxinas que irritam termina\u00e7\u00f5es nervosas da pele<\/li>\n\n\n\n<li><strong>Colestase hep\u00e1tica<\/strong>, quando h\u00e1 redu\u00e7\u00e3o do fluxo biliar por hepatites, cirrose ou obstru\u00e7\u00e3o das vias biliares<\/li>\n\n\n\n<li><strong>Doen\u00e7as da tireoide<\/strong>, tanto hipotireoidismo quanto hipertireoidismo, que alteram a hidrata\u00e7\u00e3o e a sensibilidade da pele<\/li>\n\n\n\n<li><strong>Diabetes<\/strong>, que pode causar prurido por altera\u00e7\u00f5es metab\u00f3licas e nervosas<\/li>\n\n\n\n<li><strong>Anemia por defici\u00eancia de ferro<\/strong>, associada tamb\u00e9m \u00e0 s\u00edndrome das pernas inquietas<\/li>\n\n\n\n<li><strong>Linfomas e outros quadros hematol\u00f3gicos<\/strong>, em que o prurido pode ser um sintoma inicial<\/li>\n\n\n\n<li><strong>Rea\u00e7\u00f5es a medicamentos<\/strong>, mesmo sem qualquer erup\u00e7\u00e3o vis\u00edvel na pele<\/li>\n<\/ul>\n\n\n\n<p class=\"wp-block-paragraph\">Nenhum desses cen\u00e1rios deve ser presumido sem avalia\u00e7\u00e3o. Antes de pensar em causas internas, vale confirmar se a pele apresenta sinais de ressecamento ou irrita\u00e7\u00e3o, o que pode ser diferenciado com a orienta\u00e7\u00e3o sobre <a href=\"https:\/\/www.tuasaude.com\/tratamento-para-pele-seca\/\" target=\"_blank\" rel=\"noreferrer noopener\">cuidados com a pele seca<\/a>.<\/p>\n\n\n\n<h2 class=\"wp-block-heading\">O que a ci\u00eancia mostra sobre o prurido cr\u00f4nico?<\/h2>\n\n\n\n<p class=\"wp-block-paragraph\">Estudos recentes refor\u00e7am a import\u00e2ncia de investigar o prurido persistente com aten\u00e7\u00e3o \u00e0s causas internas. Segundo a revis\u00e3o <a href=\"https:\/\/pubmed.ncbi.nlm.nih.gov\/38809527\/\" target=\"_blank\" rel=\"noreferrer noopener\">Chronic Pruritus: A Review<\/a>, publicada na revista JAMA e indexada na base PubMed, o prurido cr\u00f4nico afeta cerca de 22% das pessoas ao longo da vida e cerca de 15% dos casos est\u00e3o relacionados a doen\u00e7as sist\u00eamicas, como problemas renais, hep\u00e1ticos, tireoidianos ou hematol\u00f3gicos.<\/p>\n\n\n\n<p class=\"wp-block-paragraph\">Os autores recomendam que, especialmente quando h\u00e1 poucos sinais vis\u00edveis na pele, sejam realizados exames como hemograma completo, painel metab\u00f3lico e avalia\u00e7\u00e3o da fun\u00e7\u00e3o tireoidiana. O trabalho refor\u00e7a que a coceira sem causa aparente merece ser interpretada como um sinal do organismo, e n\u00e3o apenas um inc\u00f4modo dermatol\u00f3gico.<\/p>\n\n\n<div class=\"wp-block-image\">\n<figure class=\"aligncenter size-large\"><img decoding=\"async\" width=\"1024\" height=\"571\" src=\"https:\/\/www.tuasaude.com\/news\/wp-content\/uploads\/2026\/08\/Man_consulting_doctor_in_clinic_202608291926-1024x571.jpg\" alt=\"Quando a pele parece normal, coceira persistente merece investigar causas internas.\" class=\"wp-image-105369\" srcset=\"https:\/\/www.tuasaude.com\/news\/wp-content\/uploads\/2026\/08\/Man_consulting_doctor_in_clinic_202608291926-1024x571.jpg 1024w, https:\/\/www.tuasaude.com\/news\/wp-content\/uploads\/2026\/08\/Man_consulting_doctor_in_clinic_202608291926-300x167.jpg 300w, https:\/\/www.tuasaude.com\/news\/wp-content\/uploads\/2026\/08\/Man_consulting_doctor_in_clinic_202608291926-768x428.jpg 768w, https:\/\/www.tuasaude.com\/news\/wp-content\/uploads\/2026\/08\/Man_consulting_doctor_in_clinic_202608291926-750x418.jpg 750w, https:\/\/www.tuasaude.com\/news\/wp-content\/uploads\/2026\/08\/Man_consulting_doctor_in_clinic_202608291926-1140x636.jpg 1140w, https:\/\/www.tuasaude.com\/news\/wp-content\/uploads\/2026\/08\/Man_consulting_doctor_in_clinic_202608291926.jpg 1280w\" sizes=\"(max-width: 1024px) 100vw, 1024px\" \/><figcaption class=\"wp-element-caption\">Quando a pele parece normal, coceira persistente merece investigar causas internas.<\/figcaption><\/figure>\n<\/div>\n\n\n<h2 class=\"wp-block-heading\">Quando procurar um m\u00e9dico ou dermatologista?<\/h2>\n\n\n\n<p class=\"wp-block-paragraph\">Nem toda coceira \u00e9 motivo de preocupa\u00e7\u00e3o, e a maioria dos casos se resolve com medidas simples de hidrata\u00e7\u00e3o. Ainda assim, alguns sinais indicam que a avalia\u00e7\u00e3o profissional deve ser priorizada, sem virar motivo de vigil\u00e2ncia excessiva.<\/p>\n\n\n\n<ol class=\"wp-block-list\">\n<li><strong>Coceira que dura mais de seis semanas<\/strong>, mesmo sem les\u00f5es aparentes<\/li>\n\n\n\n<li><strong>Piora noturna<\/strong> que atrapalha o sono ou surge sem gatilho evidente<\/li>\n\n\n\n<li><strong>Coceira generalizada<\/strong>, atingindo v\u00e1rias regi\u00f5es do corpo ao mesmo tempo<\/li>\n\n\n\n<li><strong>Sintomas associados<\/strong>, como cansa\u00e7o, perda de peso, febre ou altera\u00e7\u00e3o no apetite<\/li>\n\n\n\n<li><strong>Pele ou olhos amarelados<\/strong>, urina escura ou fezes claras<\/li>\n\n\n\n<li><strong>Incha\u00e7o, redu\u00e7\u00e3o da urina<\/strong> ou sensa\u00e7\u00e3o de mal-estar persistente<\/li>\n\n\n\n<li><strong>In\u00edcio ap\u00f3s novo medicamento<\/strong> ou piora com o uso cont\u00ednuo dele<\/li>\n<\/ol>\n\n\n\n<p class=\"wp-block-paragraph\">Nesses casos, o m\u00e9dico pode solicitar exames de sangue e, quando necess\u00e1rio, encaminhar para o dermatologista, que tamb\u00e9m investiga <a href=\"https:\/\/www.tuasaude.com\/doencas-de-pele-que-cocam\/\" target=\"_blank\" rel=\"noreferrer noopener\">doen\u00e7as da pele que causam coceira<\/a>. Diante de qualquer prurido persistente, especialmente quando acompanhado de outros sintomas, buscar orienta\u00e7\u00e3o m\u00e9dica \u00e9 o caminho mais seguro para identificar a causa e definir o tratamento adequado.<\/p>\n\n\n\n<p class=\"wp-block-paragraph\"><em>Este conte\u00fado tem car\u00e1ter apenas informativo e n\u00e3o substitui a avalia\u00e7\u00e3o, o diagn\u00f3stico ou o tratamento realizados por um m\u00e9dico ou outro profissional de sa\u00fade qualificado.<\/em><\/p>\n","protected":false},"excerpt":{"rendered":"<p>Sentir coceira frequente nas pernas, sem manchas, ferida ou vermelhid\u00e3o vis\u00edvel, costuma ser atribu\u00edda \u00e0 pele ressecada e ao clima seco. Nem sempre, por\u00e9m, o problema come\u00e7a na pele. Quando o inc\u00f4modo persiste por semanas e n\u00e3o melhora com hidratante, ele pode ser sinal de condi\u00e7\u00f5es que envolvem rins, f\u00edgado, tireoide, metabolismo ou at\u00e9 o [&hellip;]<\/p>\n","protected":false},"author":16,"featured_media":105367,"comment_status":"open","ping_status":"open","sticky":false,"template":"","format":"standard","meta":{"_yoast_wpseo_focuskw":"coceira nas pernas","_yoast_wpseo_title":"","_yoast_wpseo_metadesc":"Coceira nas pernas sem les\u00e3o pode ter causas al\u00e9m da pele seca. Entenda quando o prurido persistente merece investiga\u00e7\u00e3o m\u00e9dica e quais sinais observar.","jnews-multi-image_gallery":[],"jnews_single_post":{"format":"standard"},"jnews_primary_category":[],"jnews_social_meta":[],"jnews_override_counter":[],"footnotes":""},"categories":[111],"tags":[12755,9292,1611,12754,136,12753],"class_list":["post-105365","post","type-post","status-publish","format-standard","has-post-thumbnail","hentry","category-saude","tag-causas-alem-da","tag-coceira-nas-pernas","tag-pele-seca","tag-pode-ter","tag-saude","tag-sem-lesao-na-pele"],"yoast_head":"<!-- This site is optimized with the Yoast SEO plugin v26.7 - https:\/\/yoast.com\/wordpress\/plugins\/seo\/ -->\n<title>Coceira nas pernas sem les\u00e3o na pele pode ter causas al\u00e9m da pele seca - Tua Sa\u00fade<\/title>\n<meta name=\"description\" content=\"Coceira nas pernas sem les\u00e3o pode ter causas al\u00e9m da pele seca. Entenda quando o prurido persistente merece investiga\u00e7\u00e3o m\u00e9dica e quais sinais observar.\" \/>\n<meta name=\"robots\" content=\"index, follow, max-snippet:-1, max-image-preview:large, max-video-preview:-1\" \/>\n<link rel=\"canonical\" href=\"https:\/\/www.tuasaude.com\/news\/2026\/08\/31\/coceira-nas-pernas-sem-lesao-na-pele-pode-ter-causas-alem-da-pele-seca\/\" \/>\n<meta property=\"og:locale\" content=\"pt_BR\" \/>\n<meta property=\"og:type\" content=\"article\" \/>\n<meta property=\"og:title\" content=\"Coceira nas pernas sem les\u00e3o na pele pode ter causas al\u00e9m da pele seca - Tua Sa\u00fade\" \/>\n<meta property=\"og:description\" content=\"Coceira nas pernas sem les\u00e3o pode ter causas al\u00e9m da pele seca. Entenda quando o prurido persistente merece investiga\u00e7\u00e3o m\u00e9dica e quais sinais observar.\" \/>\n<meta property=\"og:url\" content=\"https:\/\/www.tuasaude.com\/news\/2026\/08\/31\/coceira-nas-pernas-sem-lesao-na-pele-pode-ter-causas-alem-da-pele-seca\/\" \/>\n<meta property=\"og:site_name\" content=\"Tua Sa\u00fade\" \/>\n<meta property=\"article:published_time\" content=\"2026-08-31T22:30:00+00:00\" \/>\n<meta property=\"og:image\" content=\"https:\/\/www.tuasaude.com\/news\/wp-content\/uploads\/2026\/08\/Woman_examining_skin_on_bed_202608291926.jpg\" \/>\n\t<meta property=\"og:image:width\" content=\"1280\" \/>\n\t<meta property=\"og:image:height\" content=\"714\" \/>\n\t<meta property=\"og:image:type\" content=\"image\/jpeg\" \/>\n<meta name=\"author\" content=\"Maycon Geovane\" \/>\n<meta name=\"twitter:card\" content=\"summary_large_image\" \/>\n<meta name=\"twitter:label1\" content=\"Escrito por\" \/>\n\t<meta name=\"twitter:data1\" content=\"Maycon Geovane\" \/>\n\t<meta name=\"twitter:label2\" content=\"Est. tempo de leitura\" \/>\n\t<meta name=\"twitter:data2\" content=\"5 minutos\" \/>\n<!-- \/ Yoast SEO plugin. -->","yoast_head_json":{"title":"Coceira nas pernas sem les\u00e3o na pele pode ter causas al\u00e9m da pele seca - Tua Sa\u00fade","description":"Coceira nas pernas sem les\u00e3o pode ter causas al\u00e9m da pele seca. Entenda quando o prurido persistente merece investiga\u00e7\u00e3o m\u00e9dica e quais sinais observar.","robots":{"index":"index","follow":"follow","max-snippet":"max-snippet:-1","max-image-preview":"max-image-preview:large","max-video-preview":"max-video-preview:-1"},"canonical":"https:\/\/www.tuasaude.com\/news\/2026\/08\/31\/coceira-nas-pernas-sem-lesao-na-pele-pode-ter-causas-alem-da-pele-seca\/","og_locale":"pt_BR","og_type":"article","og_title":"Coceira nas pernas sem les\u00e3o na pele pode ter causas al\u00e9m da pele seca - Tua Sa\u00fade","og_description":"Coceira nas pernas sem les\u00e3o pode ter causas al\u00e9m da pele seca. Entenda quando o prurido persistente merece investiga\u00e7\u00e3o m\u00e9dica e quais sinais observar.","og_url":"https:\/\/www.tuasaude.com\/news\/2026\/08\/31\/coceira-nas-pernas-sem-lesao-na-pele-pode-ter-causas-alem-da-pele-seca\/","og_site_name":"Tua Sa\u00fade","article_published_time":"2026-08-31T22:30:00+00:00","og_image":[{"width":1280,"height":714,"url":"https:\/\/www.tuasaude.com\/news\/wp-content\/uploads\/2026\/08\/Woman_examining_skin_on_bed_202608291926.jpg","type":"image\/jpeg"}],"author":"Maycon Geovane","twitter_card":"summary_large_image","twitter_misc":{"Escrito por":"Maycon Geovane","Est. tempo de leitura":"5 minutos"},"schema":{"@context":"https:\/\/schema.org","@graph":[{"@type":"Article","@id":"https:\/\/www.tuasaude.com\/news\/2026\/08\/31\/coceira-nas-pernas-sem-lesao-na-pele-pode-ter-causas-alem-da-pele-seca\/#article","isPartOf":{"@id":"https:\/\/www.tuasaude.com\/news\/2026\/08\/31\/coceira-nas-pernas-sem-lesao-na-pele-pode-ter-causas-alem-da-pele-seca\/"},"author":{"name":"Maycon Geovane","@id":"https:\/\/www.tuasaude.com\/news\/#\/schema\/person\/da63bccfbda5c95cfbf2d37c4276fca0"},"headline":"Coceira nas pernas sem les\u00e3o na pele pode ter causas al\u00e9m da pele seca","datePublished":"2026-08-31T22:30:00+00:00","mainEntityOfPage":{"@id":"https:\/\/www.tuasaude.com\/news\/2026\/08\/31\/coceira-nas-pernas-sem-lesao-na-pele-pode-ter-causas-alem-da-pele-seca\/"},"wordCount":890,"commentCount":0,"image":{"@id":"https:\/\/www.tuasaude.com\/news\/2026\/08\/31\/coceira-nas-pernas-sem-lesao-na-pele-pode-ter-causas-alem-da-pele-seca\/#primaryimage"},"thumbnailUrl":"https:\/\/www.tuasaude.com\/news\/wp-content\/uploads\/2026\/08\/Woman_examining_skin_on_bed_202608291926.jpg","keywords":["causas al\u00e9m da","Coceira nas pernas","pele seca","pode ter","sa\u00fade","sem les\u00e3o na pele"],"articleSection":["Sa\u00fade"],"inLanguage":"pt-BR","potentialAction":[{"@type":"CommentAction","name":"Comment","target":["https:\/\/www.tuasaude.com\/news\/2026\/08\/31\/coceira-nas-pernas-sem-lesao-na-pele-pode-ter-causas-alem-da-pele-seca\/#respond"]}]},{"@type":"WebPage","@id":"https:\/\/www.tuasaude.com\/news\/2026\/08\/31\/coceira-nas-pernas-sem-lesao-na-pele-pode-ter-causas-alem-da-pele-seca\/","url":"https:\/\/www.tuasaude.com\/news\/2026\/08\/31\/coceira-nas-pernas-sem-lesao-na-pele-pode-ter-causas-alem-da-pele-seca\/","name":"Coceira nas pernas sem les\u00e3o na pele pode ter causas al\u00e9m da pele seca - Tua Sa\u00fade","isPartOf":{"@id":"https:\/\/www.tuasaude.com\/news\/#website"},"primaryImageOfPage":{"@id":"https:\/\/www.tuasaude.com\/news\/2026\/08\/31\/coceira-nas-pernas-sem-lesao-na-pele-pode-ter-causas-alem-da-pele-seca\/#primaryimage"},"image":{"@id":"https:\/\/www.tuasaude.com\/news\/2026\/08\/31\/coceira-nas-pernas-sem-lesao-na-pele-pode-ter-causas-alem-da-pele-seca\/#primaryimage"},"thumbnailUrl":"https:\/\/www.tuasaude.com\/news\/wp-content\/uploads\/2026\/08\/Woman_examining_skin_on_bed_202608291926.jpg","datePublished":"2026-08-31T22:30:00+00:00","author":{"@id":"https:\/\/www.tuasaude.com\/news\/#\/schema\/person\/da63bccfbda5c95cfbf2d37c4276fca0"},"description":"Coceira nas pernas sem les\u00e3o pode ter causas al\u00e9m da pele seca. Entenda quando o prurido persistente merece investiga\u00e7\u00e3o m\u00e9dica e quais sinais observar.","breadcrumb":{"@id":"https:\/\/www.tuasaude.com\/news\/2026\/08\/31\/coceira-nas-pernas-sem-lesao-na-pele-pode-ter-causas-alem-da-pele-seca\/#breadcrumb"},"inLanguage":"pt-BR","potentialAction":[{"@type":"ReadAction","target":["https:\/\/www.tuasaude.com\/news\/2026\/08\/31\/coceira-nas-pernas-sem-lesao-na-pele-pode-ter-causas-alem-da-pele-seca\/"]}]},{"@type":"ImageObject","inLanguage":"pt-BR","@id":"https:\/\/www.tuasaude.com\/news\/2026\/08\/31\/coceira-nas-pernas-sem-lesao-na-pele-pode-ter-causas-alem-da-pele-seca\/#primaryimage","url":"https:\/\/www.tuasaude.com\/news\/wp-content\/uploads\/2026\/08\/Woman_examining_skin_on_bed_202608291926.jpg","contentUrl":"https:\/\/www.tuasaude.com\/news\/wp-content\/uploads\/2026\/08\/Woman_examining_skin_on_bed_202608291926.jpg","width":1280,"height":714,"caption":"Coceira nas pernas sem les\u00e3o na pele pode ter causas al\u00e9m da pele seca"},{"@type":"BreadcrumbList","@id":"https:\/\/www.tuasaude.com\/news\/2026\/08\/31\/coceira-nas-pernas-sem-lesao-na-pele-pode-ter-causas-alem-da-pele-seca\/#breadcrumb","itemListElement":[{"@type":"ListItem","position":1,"name":"In\u00edcio","item":"https:\/\/www.tuasaude.com\/news\/"},{"@type":"ListItem","position":2,"name":"Coceira nas pernas sem les\u00e3o na pele pode ter causas al\u00e9m da pele seca"}]},{"@type":"WebSite","@id":"https:\/\/www.tuasaude.com\/news\/#website","url":"https:\/\/www.tuasaude.com\/news\/","name":"Tua Sa\u00fade","description":"Seu site de sa\u00fade","potentialAction":[{"@type":"SearchAction","target":{"@type":"EntryPoint","urlTemplate":"https:\/\/www.tuasaude.com\/news\/?s={search_term_string}"},"query-input":{"@type":"PropertyValueSpecification","valueRequired":true,"valueName":"search_term_string"}}],"inLanguage":"pt-BR"},{"@type":"Person","@id":"https:\/\/www.tuasaude.com\/news\/#\/schema\/person\/da63bccfbda5c95cfbf2d37c4276fca0","name":"Maycon Geovane","image":{"@type":"ImageObject","inLanguage":"pt-BR","@id":"https:\/\/www.tuasaude.com\/news\/#\/schema\/person\/image\/","url":"https:\/\/secure.gravatar.com\/avatar\/4f4908cf0a2f249a9f1137f9d5769cacc373d9aee67910cc212a09a346873b7d?s=96&d=mm&r=g","contentUrl":"https:\/\/secure.gravatar.com\/avatar\/4f4908cf0a2f249a9f1137f9d5769cacc373d9aee67910cc212a09a346873b7d?s=96&d=mm&r=g","caption":"Maycon Geovane"},"sameAs":["https:\/\/www.tuasaude.com\/news\/"],"url":"https:\/\/www.tuasaude.com\/news\/author\/maycongeovane\/"}]}},"_links":{"self":[{"href":"https:\/\/www.tuasaude.com\/news\/wp-json\/wp\/v2\/posts\/105365","targetHints":{"allow":["GET"]}}],"collection":[{"href":"https:\/\/www.tuasaude.com\/news\/wp-json\/wp\/v2\/posts"}],"about":[{"href":"https:\/\/www.tuasaude.com\/news\/wp-json\/wp\/v2\/types\/post"}],"author":[{"embeddable":true,"href":"https:\/\/www.tuasaude.com\/news\/wp-json\/wp\/v2\/users\/16"}],"replies":[{"embeddable":true,"href":"https:\/\/www.tuasaude.com\/news\/wp-json\/wp\/v2\/comments?post=105365"}],"version-history":[{"count":1,"href":"https:\/\/www.tuasaude.com\/news\/wp-json\/wp\/v2\/posts\/105365\/revisions"}],"predecessor-version":[{"id":105370,"href":"https:\/\/www.tuasaude.com\/news\/wp-json\/wp\/v2\/posts\/105365\/revisions\/105370"}],"wp:featuredmedia":[{"embeddable":true,"href":"https:\/\/www.tuasaude.com\/news\/wp-json\/wp\/v2\/media\/105367"}],"wp:attachment":[{"href":"https:\/\/www.tuasaude.com\/news\/wp-json\/wp\/v2\/media?parent=105365"}],"wp:term":[{"taxonomy":"category","embeddable":true,"href":"https:\/\/www.tuasaude.com\/news\/wp-json\/wp\/v2\/categories?post=105365"},{"taxonomy":"post_tag","embeddable":true,"href":"https:\/\/www.tuasaude.com\/news\/wp-json\/wp\/v2\/tags?post=105365"}],"curies":[{"name":"wp","href":"https:\/\/api.w.org\/{rel}","templated":true}]}}