{"id":105352,"date":"2026-08-31T19:10:00","date_gmt":"2026-08-31T22:10:00","guid":{"rendered":"https:\/\/www.tuasaude.com\/news\/?p=105352"},"modified":"2026-08-29T19:24:29","modified_gmt":"2026-08-29T22:24:29","slug":"a-forca-dos-dedos-dos-pes-participa-do-equilibrio-e-vem-sendo-associada-ao-risco-de-quedas-em-idosos","status":"publish","type":"post","link":"https:\/\/www.tuasaude.com\/news\/2026\/08\/31\/a-forca-dos-dedos-dos-pes-participa-do-equilibrio-e-vem-sendo-associada-ao-risco-de-quedas-em-idosos\/","title":{"rendered":"A for\u00e7a dos dedos dos p\u00e9s participa do equil\u00edbrio e vem sendo associada ao risco de quedas em idosos"},"content":{"rendered":"\n<p class=\"wp-block-paragraph\">Pouca gente presta aten\u00e7\u00e3o \u00e0 for\u00e7a dos dedos dos p\u00e9s, mas eles t\u00eam papel importante no equil\u00edbrio e na seguran\u00e7a do passo, especialmente depois dos 60 anos. Os m\u00fasculos flexores dos dedos ajudam a estabilizar o corpo em p\u00e9, ajustar a postura diante de pequenos desequil\u00edbrios e impulsionar o passo na fase final da caminhada. Estudos recentes v\u00eam associando a menor for\u00e7a de preens\u00e3o dos dedos a maior risco de quedas em idosos, o que abre espa\u00e7o para exerc\u00edcios simples de fortalecimento como parte da preven\u00e7\u00e3o. Entender esse elo ajuda a valorizar uma regi\u00e3o do corpo muitas vezes esquecida.<\/p>\n\n\n\n<h2 class=\"wp-block-heading\">Como os dedos dos p\u00e9s participam do equil\u00edbrio?<\/h2>\n\n\n\n<p class=\"wp-block-paragraph\">Os dedos funcionam como a \u00e1rea final de contato entre o corpo e o solo, atuando como uma esp\u00e9cie de sensor e apoio ao mesmo tempo. Quando o corpo oscila para frente ou para os lados, os flexores dos dedos se ativam de forma reflexa para reajustar a postura e evitar que a pessoa perca o equil\u00edbrio.<\/p>\n\n\n\n<p class=\"wp-block-paragraph\">Essa contribui\u00e7\u00e3o \u00e9 discreta, mas constante ao longo do dia, e cresce em situa\u00e7\u00f5es como ficar em p\u00e9 por muito tempo, apoiar-se em uma \u00fanica perna ou andar em superf\u00edcies irregulares. Sem essa resposta r\u00e1pida, o corpo perde parte da estabilidade que costuma passar despercebida.<\/p>\n\n\n\n<h2 class=\"wp-block-heading\">Qual \u00e9 o papel dos flexores dos dedos na fase final do passo?<\/h2>\n\n\n\n<p class=\"wp-block-paragraph\">Durante a caminhada, o passo termina com o impulso do antep\u00e9, quando os dedos empurram o ch\u00e3o para propelir o corpo para a frente. Essa a\u00e7\u00e3o depende da for\u00e7a dos m\u00fasculos flexores dos dedos, que geram o empurr\u00e3o final e d\u00e3o continuidade ao movimento.<\/p>\n\n\n\n<p class=\"wp-block-paragraph\">Quando esses m\u00fasculos enfraquecem, o passo tende a ficar mais curto e menos seguro, com maior chance de trope\u00e7os em desn\u00edveis ou obst\u00e1culos. Por isso, a for\u00e7a dos dedos vem sendo estudada como um dos elementos ligados \u00e0 qualidade da marcha em idosos.<\/p>\n\n\n<div class=\"wp-block-image\">\n<figure class=\"aligncenter size-large\"><img decoding=\"async\" width=\"1024\" height=\"571\" src=\"https:\/\/www.tuasaude.com\/news\/wp-content\/uploads\/2026\/08\/Forca_dos_dedos_e_equilibrio_202608291922-1024x571.jpg\" alt=\"For\u00e7a dos dedos, equil\u00edbrio e exerc\u00edcios formam uma estrat\u00e9gia complementar contra quedas.\" class=\"wp-image-105358\" srcset=\"https:\/\/www.tuasaude.com\/news\/wp-content\/uploads\/2026\/08\/Forca_dos_dedos_e_equilibrio_202608291922-1024x571.jpg 1024w, https:\/\/www.tuasaude.com\/news\/wp-content\/uploads\/2026\/08\/Forca_dos_dedos_e_equilibrio_202608291922-300x167.jpg 300w, https:\/\/www.tuasaude.com\/news\/wp-content\/uploads\/2026\/08\/Forca_dos_dedos_e_equilibrio_202608291922-768x428.jpg 768w, https:\/\/www.tuasaude.com\/news\/wp-content\/uploads\/2026\/08\/Forca_dos_dedos_e_equilibrio_202608291922-750x418.jpg 750w, https:\/\/www.tuasaude.com\/news\/wp-content\/uploads\/2026\/08\/Forca_dos_dedos_e_equilibrio_202608291922-1140x636.jpg 1140w, https:\/\/www.tuasaude.com\/news\/wp-content\/uploads\/2026\/08\/Forca_dos_dedos_e_equilibrio_202608291922.jpg 1280w\" sizes=\"(max-width: 1024px) 100vw, 1024px\" \/><figcaption class=\"wp-element-caption\">For\u00e7a dos dedos, equil\u00edbrio e exerc\u00edcios formam uma estrat\u00e9gia complementar contra quedas.<\/figcaption><\/figure>\n<\/div>\n\n\n<h2 class=\"wp-block-heading\">Quais fatores contribuem para a perda de for\u00e7a nos dedos dos p\u00e9s?<\/h2>\n\n\n\n<p class=\"wp-block-paragraph\">A for\u00e7a dos dedos diminui de forma silenciosa com o passar dos anos e costuma ser acelerada por fatores modific\u00e1veis. Conhecer essas causas ajuda a incluir cuidados espec\u00edficos com os p\u00e9s na rotina de preven\u00e7\u00e3o.<\/p>\n\n\n\n<ul class=\"wp-block-list\">\n<li><strong>Envelhecimento natural<\/strong>, associado \u00e0 perda gradual de massa muscular, ou <a href=\"https:\/\/www.tuasaude.com\/sarcopenia\/\" target=\"_blank\" rel=\"noreferrer noopener\">sarcopenia<\/a><\/li>\n\n\n\n<li><strong>Uso constante de cal\u00e7ados apertados<\/strong> ou com solado muito r\u00edgido, que limitam o movimento dos dedos<\/li>\n\n\n\n<li><strong>Sedentarismo<\/strong>, que reduz o est\u00edmulo natural dos p\u00e9s durante o dia<\/li>\n\n\n\n<li><strong>Deformidades como joanete<\/strong> ou dedos em garra, que alteram a mec\u00e2nica dos flexores<\/li>\n\n\n\n<li><strong>Diabetes<\/strong>, que pode reduzir a sensibilidade e a for\u00e7a dos p\u00e9s ao longo do tempo<\/li>\n\n\n\n<li><strong>Pouco tempo descal\u00e7o<\/strong> em casa, que diminui a ativa\u00e7\u00e3o natural da musculatura intr\u00ednseca<\/li>\n<\/ul>\n\n\n\n<p class=\"wp-block-paragraph\">Combinar cuidados com os p\u00e9s a um programa geral de fortalecimento e equil\u00edbrio potencializa os resultados. A <a href=\"https:\/\/www.tuasaude.com\/saude-do-idoso\/\" target=\"_blank\" rel=\"noreferrer noopener\">sa\u00fade do idoso<\/a> se beneficia especialmente quando o treino inclui diferentes regi\u00f5es do corpo, e n\u00e3o apenas pernas e tronco.<\/p>\n\n\n\n<h2 class=\"wp-block-heading\">O que a ci\u00eancia mostra sobre for\u00e7a dos dedos dos p\u00e9s e equil\u00edbrio?<\/h2>\n\n\n\n<p class=\"wp-block-paragraph\">Revis\u00f5es recentes refor\u00e7am a associa\u00e7\u00e3o entre a musculatura dos dedos e a estabilidade postural em idosos. Segundo a revis\u00e3o sistem\u00e1tica <a href=\"https:\/\/pubmed.ncbi.nlm.nih.gov\/32679464\/\" target=\"_blank\" rel=\"noreferrer noopener\">The evidence for improving balance by strengthening the toe flexor muscles<\/a>, publicada na revista Gait &amp; Posture e indexada na base PubMed, todos os estudos analisados encontraram correla\u00e7\u00f5es significativas entre maior for\u00e7a dos flexores dos dedos e melhor equil\u00edbrio postural em pessoas acima dos 60 anos.<\/p>\n\n\n\n<p class=\"wp-block-paragraph\">Os autores destacam que essa rela\u00e7\u00e3o foi observada tanto em testes est\u00e1ticos, como ficar em p\u00e9 parado, quanto em avalia\u00e7\u00f5es din\u00e2micas do equil\u00edbrio. O trabalho refor\u00e7a que fortalecer os dedos dos p\u00e9s pode ser uma estrat\u00e9gia complementar valiosa em programas voltados \u00e0 preven\u00e7\u00e3o de quedas nessa faixa et\u00e1ria.<\/p>\n\n\n<div class=\"wp-block-image\">\n<figure class=\"aligncenter size-large\"><img decoding=\"async\" width=\"1024\" height=\"571\" src=\"https:\/\/www.tuasaude.com\/news\/wp-content\/uploads\/2026\/08\/Woman_practicing_heel_raise_202608291922-1024x571.jpg\" alt=\"Exerc\u00edcios simples ativam os m\u00fasculos dos p\u00e9s e ajudam a preservar estabilidade no envelhecimento.\" class=\"wp-image-105359\" srcset=\"https:\/\/www.tuasaude.com\/news\/wp-content\/uploads\/2026\/08\/Woman_practicing_heel_raise_202608291922-1024x571.jpg 1024w, https:\/\/www.tuasaude.com\/news\/wp-content\/uploads\/2026\/08\/Woman_practicing_heel_raise_202608291922-300x167.jpg 300w, https:\/\/www.tuasaude.com\/news\/wp-content\/uploads\/2026\/08\/Woman_practicing_heel_raise_202608291922-768x428.jpg 768w, https:\/\/www.tuasaude.com\/news\/wp-content\/uploads\/2026\/08\/Woman_practicing_heel_raise_202608291922-750x418.jpg 750w, https:\/\/www.tuasaude.com\/news\/wp-content\/uploads\/2026\/08\/Woman_practicing_heel_raise_202608291922-1140x636.jpg 1140w, https:\/\/www.tuasaude.com\/news\/wp-content\/uploads\/2026\/08\/Woman_practicing_heel_raise_202608291922.jpg 1280w\" sizes=\"(max-width: 1024px) 100vw, 1024px\" \/><figcaption class=\"wp-element-caption\">Exerc\u00edcios simples ativam os m\u00fasculos dos p\u00e9s e ajudam a preservar estabilidade no envelhecimento.<\/figcaption><\/figure>\n<\/div>\n\n\n<h2 class=\"wp-block-heading\">Quais exerc\u00edcios simples ajudam a fortalecer os dedos dos p\u00e9s?<\/h2>\n\n\n\n<p class=\"wp-block-paragraph\">Existem movimentos f\u00e1ceis de fazer em casa que ativam a musculatura dos dedos e podem ser incorporados \u00e0 rotina di\u00e1ria. \u00c9 recomendado iniciar de forma gradual, respeitando o pr\u00f3prio ritmo, e sempre com orienta\u00e7\u00e3o profissional em caso de dor, dorm\u00eancia ou hist\u00f3rico de quedas.<\/p>\n\n\n\n<ol class=\"wp-block-list\">\n<li><strong>Pegar uma toalha<\/strong> pequena com os dedos dos p\u00e9s, apoiando-a no ch\u00e3o e enrolando-a devagar, por 1 a 2 minutos em cada p\u00e9<\/li>\n\n\n\n<li><strong>Recolher pequenos objetos<\/strong>, como bolinhas de gude ou l\u00e1pis, usando apenas os dedos dos p\u00e9s<\/li>\n\n\n\n<li><strong>Espalmar e recolher os dedos<\/strong>, sentado com os p\u00e9s apoiados no ch\u00e3o, repetindo 10 a 15 vezes<\/li>\n\n\n\n<li><strong>Ficar na ponta dos p\u00e9s<\/strong>, com apoio de uma cadeira, e descer lentamente, em 2 a 3 s\u00e9ries de 10 repeti\u00e7\u00f5es<\/li>\n\n\n\n<li><strong>Andar descal\u00e7o em casa<\/strong>, em superf\u00edcies seguras, para estimular naturalmente a musculatura<\/li>\n\n\n\n<li><strong>Alongar os dedos<\/strong> puxando-os suavemente para cima com as m\u00e3os, mantendo por 20 a 30 segundos<\/li>\n<\/ol>\n\n\n\n<p class=\"wp-block-paragraph\">Esses exerc\u00edcios funcionam melhor quando combinados com atividades de fortalecimento geral e equil\u00edbrio, orientadas por um educador f\u00edsico ou fisioterapeuta. Diante de dor persistente nos p\u00e9s, dificuldade para caminhar, hist\u00f3rico recente de quedas ou d\u00favidas sobre a seguran\u00e7a da pr\u00e1tica, \u00e9 fundamental procurar avalia\u00e7\u00e3o m\u00e9dica para receber orienta\u00e7\u00e3o individualizada e o plano mais adequado a cada caso.<\/p>\n\n\n\n<p class=\"wp-block-paragraph\"><em>Este conte\u00fado tem car\u00e1ter apenas informativo e n\u00e3o substitui a avalia\u00e7\u00e3o, o diagn\u00f3stico ou o tratamento realizados por um m\u00e9dico ou outro profissional de sa\u00fade qualificado.<\/em><\/p>\n","protected":false},"excerpt":{"rendered":"<p>Pouca gente presta aten\u00e7\u00e3o \u00e0 for\u00e7a dos dedos dos p\u00e9s, mas eles t\u00eam papel importante no equil\u00edbrio e na seguran\u00e7a do passo, especialmente depois dos 60 anos. Os m\u00fasculos flexores dos dedos ajudam a estabilizar o corpo em p\u00e9, ajustar a postura diante de pequenos desequil\u00edbrios e impulsionar o passo na fase final da caminhada. [&hellip;]<\/p>\n","protected":false},"author":16,"featured_media":105357,"comment_status":"open","ping_status":"open","sticky":false,"template":"","format":"standard","meta":{"_yoast_wpseo_focuskw":"for\u00e7a dos dedos dos p\u00e9s","_yoast_wpseo_title":"","_yoast_wpseo_metadesc":"A for\u00e7a dos dedos dos p\u00e9s participa do equil\u00edbrio e est\u00e1 associada ao risco de quedas. Entenda essa rela\u00e7\u00e3o e conhe\u00e7a exerc\u00edcios simples para a regi\u00e3o.","jnews-multi-image_gallery":[],"jnews_single_post":{"format":"standard"},"jnews_primary_category":[],"jnews_social_meta":[],"jnews_override_counter":[],"footnotes":""},"categories":[111],"tags":[12752,12749,12750,1566,136,12751],"class_list":["post-105352","post","type-post","status-publish","format-standard","has-post-thumbnail","hentry","category-saude","tag-associada-ao-risco","tag-forca-dos-dedos-dos-pes","tag-participa-do-equilibrio","tag-queda-em-idosos","tag-saude","tag-vem-sendo"],"yoast_head":"<!-- This site is optimized with the Yoast SEO plugin v26.7 - https:\/\/yoast.com\/wordpress\/plugins\/seo\/ -->\n<title>A for\u00e7a dos dedos dos p\u00e9s participa do equil\u00edbrio e vem sendo associada ao risco de quedas em idosos - Tua Sa\u00fade<\/title>\n<meta name=\"description\" content=\"A for\u00e7a dos dedos dos p\u00e9s participa do equil\u00edbrio e est\u00e1 associada ao risco de quedas. Entenda essa rela\u00e7\u00e3o e conhe\u00e7a exerc\u00edcios simples para a regi\u00e3o.\" \/>\n<meta name=\"robots\" content=\"index, follow, max-snippet:-1, max-image-preview:large, max-video-preview:-1\" \/>\n<link rel=\"canonical\" href=\"https:\/\/www.tuasaude.com\/news\/2026\/08\/31\/a-forca-dos-dedos-dos-pes-participa-do-equilibrio-e-vem-sendo-associada-ao-risco-de-quedas-em-idosos\/\" \/>\n<meta property=\"og:locale\" content=\"pt_BR\" \/>\n<meta property=\"og:type\" content=\"article\" \/>\n<meta property=\"og:title\" content=\"A for\u00e7a dos dedos dos p\u00e9s participa do equil\u00edbrio e vem sendo associada ao risco de quedas em idosos - Tua Sa\u00fade\" \/>\n<meta property=\"og:description\" content=\"A for\u00e7a dos dedos dos p\u00e9s participa do equil\u00edbrio e est\u00e1 associada ao risco de quedas. Entenda essa rela\u00e7\u00e3o e conhe\u00e7a exerc\u00edcios simples para a regi\u00e3o.\" \/>\n<meta property=\"og:url\" content=\"https:\/\/www.tuasaude.com\/news\/2026\/08\/31\/a-forca-dos-dedos-dos-pes-participa-do-equilibrio-e-vem-sendo-associada-ao-risco-de-quedas-em-idosos\/\" \/>\n<meta property=\"og:site_name\" content=\"Tua Sa\u00fade\" \/>\n<meta property=\"article:published_time\" content=\"2026-08-31T22:10:00+00:00\" \/>\n<meta property=\"og:image\" content=\"https:\/\/www.tuasaude.com\/news\/wp-content\/uploads\/2026\/08\/Man_exercising_toes_with_towel_202608291922.jpg\" \/>\n\t<meta property=\"og:image:width\" content=\"1280\" \/>\n\t<meta property=\"og:image:height\" content=\"714\" \/>\n\t<meta property=\"og:image:type\" content=\"image\/jpeg\" \/>\n<meta name=\"author\" content=\"Maycon Geovane\" \/>\n<meta name=\"twitter:card\" content=\"summary_large_image\" \/>\n<meta name=\"twitter:label1\" content=\"Escrito por\" \/>\n\t<meta name=\"twitter:data1\" content=\"Maycon Geovane\" \/>\n\t<meta name=\"twitter:label2\" content=\"Est. tempo de leitura\" \/>\n\t<meta name=\"twitter:data2\" content=\"6 minutos\" \/>\n<!-- \/ Yoast SEO plugin. -->","yoast_head_json":{"title":"A for\u00e7a dos dedos dos p\u00e9s participa do equil\u00edbrio e vem sendo associada ao risco de quedas em idosos - Tua Sa\u00fade","description":"A for\u00e7a dos dedos dos p\u00e9s participa do equil\u00edbrio e est\u00e1 associada ao risco de quedas. Entenda essa rela\u00e7\u00e3o e conhe\u00e7a exerc\u00edcios simples para a regi\u00e3o.","robots":{"index":"index","follow":"follow","max-snippet":"max-snippet:-1","max-image-preview":"max-image-preview:large","max-video-preview":"max-video-preview:-1"},"canonical":"https:\/\/www.tuasaude.com\/news\/2026\/08\/31\/a-forca-dos-dedos-dos-pes-participa-do-equilibrio-e-vem-sendo-associada-ao-risco-de-quedas-em-idosos\/","og_locale":"pt_BR","og_type":"article","og_title":"A for\u00e7a dos dedos dos p\u00e9s participa do equil\u00edbrio e vem sendo associada ao risco de quedas em idosos - Tua Sa\u00fade","og_description":"A for\u00e7a dos dedos dos p\u00e9s participa do equil\u00edbrio e est\u00e1 associada ao risco de quedas. Entenda essa rela\u00e7\u00e3o e conhe\u00e7a exerc\u00edcios simples para a regi\u00e3o.","og_url":"https:\/\/www.tuasaude.com\/news\/2026\/08\/31\/a-forca-dos-dedos-dos-pes-participa-do-equilibrio-e-vem-sendo-associada-ao-risco-de-quedas-em-idosos\/","og_site_name":"Tua Sa\u00fade","article_published_time":"2026-08-31T22:10:00+00:00","og_image":[{"width":1280,"height":714,"url":"https:\/\/www.tuasaude.com\/news\/wp-content\/uploads\/2026\/08\/Man_exercising_toes_with_towel_202608291922.jpg","type":"image\/jpeg"}],"author":"Maycon Geovane","twitter_card":"summary_large_image","twitter_misc":{"Escrito por":"Maycon Geovane","Est. tempo de leitura":"6 minutos"},"schema":{"@context":"https:\/\/schema.org","@graph":[{"@type":"Article","@id":"https:\/\/www.tuasaude.com\/news\/2026\/08\/31\/a-forca-dos-dedos-dos-pes-participa-do-equilibrio-e-vem-sendo-associada-ao-risco-de-quedas-em-idosos\/#article","isPartOf":{"@id":"https:\/\/www.tuasaude.com\/news\/2026\/08\/31\/a-forca-dos-dedos-dos-pes-participa-do-equilibrio-e-vem-sendo-associada-ao-risco-de-quedas-em-idosos\/"},"author":{"name":"Maycon Geovane","@id":"https:\/\/www.tuasaude.com\/news\/#\/schema\/person\/da63bccfbda5c95cfbf2d37c4276fca0"},"headline":"A for\u00e7a dos dedos dos p\u00e9s participa do equil\u00edbrio e vem sendo associada ao risco de quedas em idosos","datePublished":"2026-08-31T22:10:00+00:00","mainEntityOfPage":{"@id":"https:\/\/www.tuasaude.com\/news\/2026\/08\/31\/a-forca-dos-dedos-dos-pes-participa-do-equilibrio-e-vem-sendo-associada-ao-risco-de-quedas-em-idosos\/"},"wordCount":991,"commentCount":0,"image":{"@id":"https:\/\/www.tuasaude.com\/news\/2026\/08\/31\/a-forca-dos-dedos-dos-pes-participa-do-equilibrio-e-vem-sendo-associada-ao-risco-de-quedas-em-idosos\/#primaryimage"},"thumbnailUrl":"https:\/\/www.tuasaude.com\/news\/wp-content\/uploads\/2026\/08\/Man_exercising_toes_with_towel_202608291922.jpg","keywords":["associada ao risco","for\u00e7a dos dedos dos p\u00e9s","participa do equil\u00edbrio","queda em idosos","sa\u00fade","vem sendo"],"articleSection":["Sa\u00fade"],"inLanguage":"pt-BR","potentialAction":[{"@type":"CommentAction","name":"Comment","target":["https:\/\/www.tuasaude.com\/news\/2026\/08\/31\/a-forca-dos-dedos-dos-pes-participa-do-equilibrio-e-vem-sendo-associada-ao-risco-de-quedas-em-idosos\/#respond"]}]},{"@type":"WebPage","@id":"https:\/\/www.tuasaude.com\/news\/2026\/08\/31\/a-forca-dos-dedos-dos-pes-participa-do-equilibrio-e-vem-sendo-associada-ao-risco-de-quedas-em-idosos\/","url":"https:\/\/www.tuasaude.com\/news\/2026\/08\/31\/a-forca-dos-dedos-dos-pes-participa-do-equilibrio-e-vem-sendo-associada-ao-risco-de-quedas-em-idosos\/","name":"A for\u00e7a dos dedos dos p\u00e9s participa do equil\u00edbrio e vem sendo associada ao risco de quedas em idosos - Tua Sa\u00fade","isPartOf":{"@id":"https:\/\/www.tuasaude.com\/news\/#website"},"primaryImageOfPage":{"@id":"https:\/\/www.tuasaude.com\/news\/2026\/08\/31\/a-forca-dos-dedos-dos-pes-participa-do-equilibrio-e-vem-sendo-associada-ao-risco-de-quedas-em-idosos\/#primaryimage"},"image":{"@id":"https:\/\/www.tuasaude.com\/news\/2026\/08\/31\/a-forca-dos-dedos-dos-pes-participa-do-equilibrio-e-vem-sendo-associada-ao-risco-de-quedas-em-idosos\/#primaryimage"},"thumbnailUrl":"https:\/\/www.tuasaude.com\/news\/wp-content\/uploads\/2026\/08\/Man_exercising_toes_with_towel_202608291922.jpg","datePublished":"2026-08-31T22:10:00+00:00","author":{"@id":"https:\/\/www.tuasaude.com\/news\/#\/schema\/person\/da63bccfbda5c95cfbf2d37c4276fca0"},"description":"A for\u00e7a dos dedos dos p\u00e9s participa do equil\u00edbrio e est\u00e1 associada ao risco de quedas. Entenda essa rela\u00e7\u00e3o e conhe\u00e7a exerc\u00edcios simples para a regi\u00e3o.","breadcrumb":{"@id":"https:\/\/www.tuasaude.com\/news\/2026\/08\/31\/a-forca-dos-dedos-dos-pes-participa-do-equilibrio-e-vem-sendo-associada-ao-risco-de-quedas-em-idosos\/#breadcrumb"},"inLanguage":"pt-BR","potentialAction":[{"@type":"ReadAction","target":["https:\/\/www.tuasaude.com\/news\/2026\/08\/31\/a-forca-dos-dedos-dos-pes-participa-do-equilibrio-e-vem-sendo-associada-ao-risco-de-quedas-em-idosos\/"]}]},{"@type":"ImageObject","inLanguage":"pt-BR","@id":"https:\/\/www.tuasaude.com\/news\/2026\/08\/31\/a-forca-dos-dedos-dos-pes-participa-do-equilibrio-e-vem-sendo-associada-ao-risco-de-quedas-em-idosos\/#primaryimage","url":"https:\/\/www.tuasaude.com\/news\/wp-content\/uploads\/2026\/08\/Man_exercising_toes_with_towel_202608291922.jpg","contentUrl":"https:\/\/www.tuasaude.com\/news\/wp-content\/uploads\/2026\/08\/Man_exercising_toes_with_towel_202608291922.jpg","width":1280,"height":714,"caption":"A for\u00e7a dos dedos dos p\u00e9s participa do equil\u00edbrio e vem sendo associada ao risco de quedas em idosos"},{"@type":"BreadcrumbList","@id":"https:\/\/www.tuasaude.com\/news\/2026\/08\/31\/a-forca-dos-dedos-dos-pes-participa-do-equilibrio-e-vem-sendo-associada-ao-risco-de-quedas-em-idosos\/#breadcrumb","itemListElement":[{"@type":"ListItem","position":1,"name":"In\u00edcio","item":"https:\/\/www.tuasaude.com\/news\/"},{"@type":"ListItem","position":2,"name":"A for\u00e7a dos dedos dos p\u00e9s participa do equil\u00edbrio e vem sendo associada ao risco de quedas em idosos"}]},{"@type":"WebSite","@id":"https:\/\/www.tuasaude.com\/news\/#website","url":"https:\/\/www.tuasaude.com\/news\/","name":"Tua Sa\u00fade","description":"Seu site de sa\u00fade","potentialAction":[{"@type":"SearchAction","target":{"@type":"EntryPoint","urlTemplate":"https:\/\/www.tuasaude.com\/news\/?s={search_term_string}"},"query-input":{"@type":"PropertyValueSpecification","valueRequired":true,"valueName":"search_term_string"}}],"inLanguage":"pt-BR"},{"@type":"Person","@id":"https:\/\/www.tuasaude.com\/news\/#\/schema\/person\/da63bccfbda5c95cfbf2d37c4276fca0","name":"Maycon Geovane","image":{"@type":"ImageObject","inLanguage":"pt-BR","@id":"https:\/\/www.tuasaude.com\/news\/#\/schema\/person\/image\/","url":"https:\/\/secure.gravatar.com\/avatar\/4f4908cf0a2f249a9f1137f9d5769cacc373d9aee67910cc212a09a346873b7d?s=96&d=mm&r=g","contentUrl":"https:\/\/secure.gravatar.com\/avatar\/4f4908cf0a2f249a9f1137f9d5769cacc373d9aee67910cc212a09a346873b7d?s=96&d=mm&r=g","caption":"Maycon Geovane"},"sameAs":["https:\/\/www.tuasaude.com\/news\/"],"url":"https:\/\/www.tuasaude.com\/news\/author\/maycongeovane\/"}]}},"_links":{"self":[{"href":"https:\/\/www.tuasaude.com\/news\/wp-json\/wp\/v2\/posts\/105352","targetHints":{"allow":["GET"]}}],"collection":[{"href":"https:\/\/www.tuasaude.com\/news\/wp-json\/wp\/v2\/posts"}],"about":[{"href":"https:\/\/www.tuasaude.com\/news\/wp-json\/wp\/v2\/types\/post"}],"author":[{"embeddable":true,"href":"https:\/\/www.tuasaude.com\/news\/wp-json\/wp\/v2\/users\/16"}],"replies":[{"embeddable":true,"href":"https:\/\/www.tuasaude.com\/news\/wp-json\/wp\/v2\/comments?post=105352"}],"version-history":[{"count":1,"href":"https:\/\/www.tuasaude.com\/news\/wp-json\/wp\/v2\/posts\/105352\/revisions"}],"predecessor-version":[{"id":105362,"href":"https:\/\/www.tuasaude.com\/news\/wp-json\/wp\/v2\/posts\/105352\/revisions\/105362"}],"wp:featuredmedia":[{"embeddable":true,"href":"https:\/\/www.tuasaude.com\/news\/wp-json\/wp\/v2\/media\/105357"}],"wp:attachment":[{"href":"https:\/\/www.tuasaude.com\/news\/wp-json\/wp\/v2\/media?parent=105352"}],"wp:term":[{"taxonomy":"category","embeddable":true,"href":"https:\/\/www.tuasaude.com\/news\/wp-json\/wp\/v2\/categories?post=105352"},{"taxonomy":"post_tag","embeddable":true,"href":"https:\/\/www.tuasaude.com\/news\/wp-json\/wp\/v2\/tags?post=105352"}],"curies":[{"name":"wp","href":"https:\/\/api.w.org\/{rel}","templated":true}]}}