{"id":105321,"date":"2026-08-31T17:42:00","date_gmt":"2026-08-31T20:42:00","guid":{"rendered":"https:\/\/www.tuasaude.com\/news\/?p=105321"},"modified":"2026-08-29T18:52:44","modified_gmt":"2026-08-29T21:52:44","slug":"por-que-a-comida-parece-ter-menos-sabor-com-o-passar-dos-anos-mesmo-sem-nenhum-problema-de-saude","status":"publish","type":"post","link":"https:\/\/www.tuasaude.com\/news\/2026\/08\/31\/por-que-a-comida-parece-ter-menos-sabor-com-o-passar-dos-anos-mesmo-sem-nenhum-problema-de-saude\/","title":{"rendered":"Por que a comida parece ter menos sabor com o passar dos anos mesmo sem nenhum problema de sa\u00fade"},"content":{"rendered":"\n<p class=\"wp-block-paragraph\">Notar que a comida perdeu gra\u00e7a, mesmo receitas de sempre, \u00e9 uma queixa comum depois dos 60 anos e nem sempre indica doen\u00e7a. Grande parte do que chamamos de sabor vem, na verdade, do olfato, que declina de forma silenciosa com o avan\u00e7o da idade. Somam-se a isso a redu\u00e7\u00e3o gradual das papilas gustativas, a menor produ\u00e7\u00e3o de saliva e o efeito de medicamentos de uso cont\u00ednuo. Entender esse conjunto ajuda a diferenciar mudan\u00e7a fisiol\u00f3gica esperada de uma perda s\u00fabita que merece investiga\u00e7\u00e3o.<\/p>\n\n\n\n<h2 class=\"wp-block-heading\">Por que o sabor dos alimentos muda com a idade?<\/h2>\n\n\n\n<p class=\"wp-block-paragraph\">O sabor \u00e9 uma percep\u00e7\u00e3o composta pela uni\u00e3o entre paladar, olfato e textura. Depois dos 60 anos, o n\u00famero de papilas gustativas diminui e as que restam ficam menos sens\u00edveis, especialmente para o doce e o salgado, o que reduz a intensidade percebida das refei\u00e7\u00f5es.<\/p>\n\n\n\n<p class=\"wp-block-paragraph\">Ao mesmo tempo, o olfato perde acuidade de forma mais acentuada, e \u00e9 justamente ele o respons\u00e1vel pela maior parte do que reconhecemos como sabor. Por isso, alimentos arom\u00e1ticos como caf\u00e9, frutas e temperos passam a parecer mais neutros, mesmo sem qualquer altera\u00e7\u00e3o no preparo.<\/p>\n\n\n\n<h2 class=\"wp-block-heading\">Qual \u00e9 o papel do olfato na percep\u00e7\u00e3o do sabor?<\/h2>\n\n\n\n<p class=\"wp-block-paragraph\">Estima-se que at\u00e9 80% do sabor de um alimento venha do olfato, por meio dos aromas que sobem da boca em dire\u00e7\u00e3o ao nariz durante a mastiga\u00e7\u00e3o. Quando essa via retronasal enfraquece com o envelhecimento, o c\u00e9rebro recebe menos informa\u00e7\u00e3o e a comida parece sem gra\u00e7a.<\/p>\n\n\n\n<p class=\"wp-block-paragraph\">Essa perda olfativa costuma ser lenta e discreta, o que faz muitas pessoas atribu\u00edrem a mudan\u00e7a ao tempero ou \u00e0 qualidade dos ingredientes. Reconhecer o olfato como principal respons\u00e1vel ajuda a entender por que resfriados e congest\u00e3o nasal tamb\u00e9m deixam a comida sem sabor.<\/p>\n\n\n<div class=\"wp-block-image\">\n<figure class=\"aligncenter size-large\"><img decoding=\"async\" width=\"1024\" height=\"571\" src=\"https:\/\/www.tuasaude.com\/news\/wp-content\/uploads\/2026\/08\/Percepcao_do_sabor_apos_os_202608291851-1024x571.jpg\" alt=\"Quatro fatores ajudam a explicar por que a comida perde intensidade ap\u00f3s os 60.\" class=\"wp-image-105323\" srcset=\"https:\/\/www.tuasaude.com\/news\/wp-content\/uploads\/2026\/08\/Percepcao_do_sabor_apos_os_202608291851-1024x571.jpg 1024w, https:\/\/www.tuasaude.com\/news\/wp-content\/uploads\/2026\/08\/Percepcao_do_sabor_apos_os_202608291851-300x167.jpg 300w, https:\/\/www.tuasaude.com\/news\/wp-content\/uploads\/2026\/08\/Percepcao_do_sabor_apos_os_202608291851-768x428.jpg 768w, https:\/\/www.tuasaude.com\/news\/wp-content\/uploads\/2026\/08\/Percepcao_do_sabor_apos_os_202608291851-750x418.jpg 750w, https:\/\/www.tuasaude.com\/news\/wp-content\/uploads\/2026\/08\/Percepcao_do_sabor_apos_os_202608291851-1140x636.jpg 1140w, https:\/\/www.tuasaude.com\/news\/wp-content\/uploads\/2026\/08\/Percepcao_do_sabor_apos_os_202608291851.jpg 1280w\" sizes=\"(max-width: 1024px) 100vw, 1024px\" \/><figcaption class=\"wp-element-caption\">Quatro fatores ajudam a explicar por que a comida perde intensidade ap\u00f3s os 60.<\/figcaption><\/figure>\n<\/div>\n\n\n<h2 class=\"wp-block-heading\">Que outros fatores reduzem o sabor da comida depois dos 60?<\/h2>\n\n\n\n<p class=\"wp-block-paragraph\">Al\u00e9m das mudan\u00e7as naturais no paladar e no olfato, existem fatores adicionais que se acumulam com a idade e intensificam a sensa\u00e7\u00e3o de comida sem sabor. Conhecer esses gatilhos ajuda a agir sobre o que pode ser ajustado.<\/p>\n\n\n\n<ul class=\"wp-block-list\">\n<li><strong>Uso cont\u00ednuo de medicamentos<\/strong>, como anti-hipertensivos, antidepressivos, estatinas e antibi\u00f3ticos, que alteram diretamente a percep\u00e7\u00e3o do gosto<\/li>\n\n\n\n<li><strong>Boca seca<\/strong>, ou <a href=\"https:\/\/www.tuasaude.com\/xerostomia\/\" target=\"_blank\" rel=\"noreferrer noopener\">xerostomia<\/a>, que dificulta a dissolu\u00e7\u00e3o dos alimentos e o contato com as papilas<\/li>\n\n\n\n<li><strong>Problemas dent\u00e1rios<\/strong> e uso de pr\u00f3teses mal adaptadas, que reduzem a mastiga\u00e7\u00e3o e a libera\u00e7\u00e3o de aromas<\/li>\n\n\n\n<li><strong>Defici\u00eancia de zinco e vitamina B12<\/strong>, nutrientes ligados \u00e0 sensibilidade gustativa<\/li>\n\n\n\n<li><strong>Tabagismo e consumo cr\u00f4nico de \u00e1lcool<\/strong>, que agridem as mucosas oral e nasal<\/li>\n\n\n\n<li><strong>Rinite cr\u00f4nica, sinusite e desvio de septo<\/strong>, que bloqueiam a passagem dos aromas at\u00e9 a regi\u00e3o olfativa<\/li>\n<\/ul>\n\n\n\n<p class=\"wp-block-paragraph\">Manter boa hidrata\u00e7\u00e3o, cuidar da sa\u00fade bucal e revisar medicamentos com o m\u00e9dico s\u00e3o medidas simples que ajudam a recuperar parte da experi\u00eancia sensorial das refei\u00e7\u00f5es.<\/p>\n\n\n\n<h2 class=\"wp-block-heading\">O que a ci\u00eancia mostra sobre a perda de sabor no envelhecimento?<\/h2>\n\n\n\n<p class=\"wp-block-paragraph\">Pesquisas em geriatria confirmam que essas altera\u00e7\u00f5es fazem parte do envelhecimento normal e afetam a maioria dos idosos em algum grau. Segundo a revis\u00e3o <a href=\"https:\/\/pubmed.ncbi.nlm.nih.gov\/30001793\/\" target=\"_blank\" rel=\"noreferrer noopener\">Age-Related Deficits in Taste and Smell<\/a>, publicada na revista Otolaryngologic Clinics of North America e indexada na base PubMed, o decl\u00ednio do olfato \u00e9 bem mais acentuado do que o do paladar e responde pela maior parte das queixas relacionadas \u00e0 comida sem sabor ap\u00f3s os 60 anos.<\/p>\n\n\n\n<p class=\"wp-block-paragraph\">Os autores destacam que a disfun\u00e7\u00e3o olfativa est\u00e1 presente em mais da metade das pessoas entre 65 e 80 anos e em cerca de tr\u00eas quartos das que ultrapassam os 80. O estudo refor\u00e7a ainda que a perda s\u00fabita de olfato pode ser um sinal precoce de doen\u00e7as neurol\u00f3gicas, como Alzheimer e Parkinson, e merece avalia\u00e7\u00e3o m\u00e9dica.<\/p>\n\n\n<div class=\"wp-block-image\">\n<figure class=\"aligncenter size-large\"><img decoding=\"async\" width=\"1024\" height=\"571\" src=\"https:\/\/www.tuasaude.com\/news\/wp-content\/uploads\/2026\/08\/Man_smelling_vegetable_soup_202608291851-1024x571.jpg\" alt=\"Paladar, olfato e saliva trabalham juntos para preservar o sabor das refei\u00e7\u00f5es.\" class=\"wp-image-105324\" srcset=\"https:\/\/www.tuasaude.com\/news\/wp-content\/uploads\/2026\/08\/Man_smelling_vegetable_soup_202608291851-1024x571.jpg 1024w, https:\/\/www.tuasaude.com\/news\/wp-content\/uploads\/2026\/08\/Man_smelling_vegetable_soup_202608291851-300x167.jpg 300w, https:\/\/www.tuasaude.com\/news\/wp-content\/uploads\/2026\/08\/Man_smelling_vegetable_soup_202608291851-768x428.jpg 768w, https:\/\/www.tuasaude.com\/news\/wp-content\/uploads\/2026\/08\/Man_smelling_vegetable_soup_202608291851-750x418.jpg 750w, https:\/\/www.tuasaude.com\/news\/wp-content\/uploads\/2026\/08\/Man_smelling_vegetable_soup_202608291851-1140x636.jpg 1140w, https:\/\/www.tuasaude.com\/news\/wp-content\/uploads\/2026\/08\/Man_smelling_vegetable_soup_202608291851.jpg 1280w\" sizes=\"(max-width: 1024px) 100vw, 1024px\" \/><figcaption class=\"wp-element-caption\">Paladar, olfato e saliva trabalham juntos para preservar o sabor das refei\u00e7\u00f5es.<\/figcaption><\/figure>\n<\/div>\n\n\n<h2 class=\"wp-block-heading\">Quando a perda de sabor precisa de investiga\u00e7\u00e3o m\u00e9dica?<\/h2>\n\n\n\n<p class=\"wp-block-paragraph\">Embora a redu\u00e7\u00e3o gradual do sabor seja esperada, altera\u00e7\u00f5es r\u00e1pidas ou muito intensas nunca devem ser ignoradas. Alguns sinais indicam que a mudan\u00e7a pode ter causa cl\u00ednica e n\u00e3o apenas rela\u00e7\u00e3o com a idade.<\/p>\n\n\n\n<ol class=\"wp-block-list\">\n<li><strong>Perda s\u00fabita<\/strong> do paladar ou do olfato em dias ou semanas<\/li>\n\n\n\n<li><strong>Percep\u00e7\u00e3o de cheiros ou gostos estranhos<\/strong>, como met\u00e1lico, queimado ou podre, sem fonte aparente<\/li>\n\n\n\n<li><strong>Perda de apetite acentuada<\/strong> e emagrecimento involunt\u00e1rio<\/li>\n\n\n\n<li><strong>Sintomas nasais persistentes<\/strong>, como obstru\u00e7\u00e3o, coriza ou dor na face<\/li>\n\n\n\n<li><strong>Altera\u00e7\u00f5es neurol\u00f3gicas associadas<\/strong>, como perda de mem\u00f3ria, tremores ou dificuldade de equil\u00edbrio<\/li>\n\n\n\n<li><strong>In\u00edcio ap\u00f3s trauma na cabe\u00e7a<\/strong>, cirurgia ou infec\u00e7\u00e3o viral recente<\/li>\n\n\n\n<li><strong>Piora ap\u00f3s introdu\u00e7\u00e3o de um novo medicamento<\/strong><\/li>\n<\/ol>\n\n\n\n<p class=\"wp-block-paragraph\">Nesses casos, \u00e9 importante procurar um cl\u00ednico geral, otorrinolaringologista ou geriatra para avalia\u00e7\u00e3o. O acompanhamento nutricional tamb\u00e9m \u00e9 \u00fatil para prevenir a perda de peso e a desnutri\u00e7\u00e3o, e uma <a href=\"https:\/\/www.tuasaude.com\/vitamina-para-idoso\/\" target=\"_blank\" rel=\"noreferrer noopener\">boa oferta de vitaminas para o idoso<\/a> pode ser refor\u00e7ada com <a href=\"https:\/\/www.tuasaude.com\/suplemento-para-idosos\/\" target=\"_blank\" rel=\"noreferrer noopener\">suplementos alimentares espec\u00edficos<\/a> quando indicado por um profissional. Diante de qualquer altera\u00e7\u00e3o persistente do sabor ou do olfato, buscar orienta\u00e7\u00e3o m\u00e9dica \u00e9 o caminho mais seguro para identificar a causa e definir o tratamento adequado.<\/p>\n\n\n\n<p class=\"wp-block-paragraph\"><em>Este conte\u00fado tem car\u00e1ter apenas informativo e n\u00e3o substitui a avalia\u00e7\u00e3o, o diagn\u00f3stico ou o tratamento realizados por um m\u00e9dico ou outro profissional de sa\u00fade qualificado.<\/em><\/p>\n","protected":false},"excerpt":{"rendered":"<p>Notar que a comida perdeu gra\u00e7a, mesmo receitas de sempre, \u00e9 uma queixa comum depois dos 60 anos e nem sempre indica doen\u00e7a. Grande parte do que chamamos de sabor vem, na verdade, do olfato, que declina de forma silenciosa com o avan\u00e7o da idade. Somam-se a isso a redu\u00e7\u00e3o gradual das papilas gustativas, a [&hellip;]<\/p>\n","protected":false},"author":16,"featured_media":105322,"comment_status":"open","ping_status":"open","sticky":false,"template":"","format":"standard","meta":{"_yoast_wpseo_focuskw":"perda de sabor depois dos 60","_yoast_wpseo_title":"","_yoast_wpseo_metadesc":"A perda de sabor depois dos 60 pode estar ligada principalmente ao olfato. Entenda outras causas e saiba quando a mudan\u00e7a merece investiga\u00e7\u00e3o.","jnews-multi-image_gallery":[],"jnews_single_post":{"format":"standard"},"jnews_primary_category":[],"jnews_social_meta":[],"jnews_override_counter":[],"footnotes":""},"categories":[111],"tags":[220,12734,8855,12733,6986,136,12735],"class_list":["post-105321","post","type-post","status-publish","format-standard","has-post-thumbnail","hentry","category-saude","tag-alimentacao","tag-com-o-passor-dos-anos","tag-comida","tag-parece-ter-menos-sabor","tag-por-que","tag-saude","tag-sem-nenhum-problema"],"yoast_head":"<!-- This site is optimized with the Yoast SEO plugin v26.7 - https:\/\/yoast.com\/wordpress\/plugins\/seo\/ -->\n<title>Por que a comida parece ter menos sabor com o passar dos anos mesmo sem nenhum problema de sa\u00fade - Tua Sa\u00fade<\/title>\n<meta name=\"description\" content=\"A perda de sabor depois dos 60 pode estar ligada principalmente ao olfato. Entenda outras causas e saiba quando a mudan\u00e7a merece investiga\u00e7\u00e3o.\" \/>\n<meta name=\"robots\" content=\"index, follow, max-snippet:-1, max-image-preview:large, max-video-preview:-1\" \/>\n<link rel=\"canonical\" href=\"https:\/\/www.tuasaude.com\/news\/2026\/08\/31\/por-que-a-comida-parece-ter-menos-sabor-com-o-passar-dos-anos-mesmo-sem-nenhum-problema-de-saude\/\" \/>\n<meta property=\"og:locale\" content=\"pt_BR\" \/>\n<meta property=\"og:type\" content=\"article\" \/>\n<meta property=\"og:title\" content=\"Por que a comida parece ter menos sabor com o passar dos anos mesmo sem nenhum problema de sa\u00fade - Tua Sa\u00fade\" \/>\n<meta property=\"og:description\" content=\"A perda de sabor depois dos 60 pode estar ligada principalmente ao olfato. Entenda outras causas e saiba quando a mudan\u00e7a merece investiga\u00e7\u00e3o.\" \/>\n<meta property=\"og:url\" content=\"https:\/\/www.tuasaude.com\/news\/2026\/08\/31\/por-que-a-comida-parece-ter-menos-sabor-com-o-passar-dos-anos-mesmo-sem-nenhum-problema-de-saude\/\" \/>\n<meta property=\"og:site_name\" content=\"Tua Sa\u00fade\" \/>\n<meta property=\"article:published_time\" content=\"2026-08-31T20:42:00+00:00\" \/>\n<meta property=\"og:image\" content=\"https:\/\/www.tuasaude.com\/news\/wp-content\/uploads\/2026\/08\/Woman_tasting_homemade_meal_202608291851.jpg\" \/>\n\t<meta property=\"og:image:width\" content=\"1280\" \/>\n\t<meta property=\"og:image:height\" content=\"714\" \/>\n\t<meta property=\"og:image:type\" content=\"image\/jpeg\" \/>\n<meta name=\"author\" content=\"Maycon Geovane\" \/>\n<meta name=\"twitter:card\" content=\"summary_large_image\" \/>\n<meta name=\"twitter:label1\" content=\"Escrito por\" \/>\n\t<meta name=\"twitter:data1\" content=\"Maycon Geovane\" \/>\n\t<meta name=\"twitter:label2\" content=\"Est. tempo de leitura\" \/>\n\t<meta name=\"twitter:data2\" content=\"6 minutos\" \/>\n<!-- \/ Yoast SEO plugin. -->","yoast_head_json":{"title":"Por que a comida parece ter menos sabor com o passar dos anos mesmo sem nenhum problema de sa\u00fade - Tua Sa\u00fade","description":"A perda de sabor depois dos 60 pode estar ligada principalmente ao olfato. Entenda outras causas e saiba quando a mudan\u00e7a merece investiga\u00e7\u00e3o.","robots":{"index":"index","follow":"follow","max-snippet":"max-snippet:-1","max-image-preview":"max-image-preview:large","max-video-preview":"max-video-preview:-1"},"canonical":"https:\/\/www.tuasaude.com\/news\/2026\/08\/31\/por-que-a-comida-parece-ter-menos-sabor-com-o-passar-dos-anos-mesmo-sem-nenhum-problema-de-saude\/","og_locale":"pt_BR","og_type":"article","og_title":"Por que a comida parece ter menos sabor com o passar dos anos mesmo sem nenhum problema de sa\u00fade - Tua Sa\u00fade","og_description":"A perda de sabor depois dos 60 pode estar ligada principalmente ao olfato. Entenda outras causas e saiba quando a mudan\u00e7a merece investiga\u00e7\u00e3o.","og_url":"https:\/\/www.tuasaude.com\/news\/2026\/08\/31\/por-que-a-comida-parece-ter-menos-sabor-com-o-passar-dos-anos-mesmo-sem-nenhum-problema-de-saude\/","og_site_name":"Tua Sa\u00fade","article_published_time":"2026-08-31T20:42:00+00:00","og_image":[{"width":1280,"height":714,"url":"https:\/\/www.tuasaude.com\/news\/wp-content\/uploads\/2026\/08\/Woman_tasting_homemade_meal_202608291851.jpg","type":"image\/jpeg"}],"author":"Maycon Geovane","twitter_card":"summary_large_image","twitter_misc":{"Escrito por":"Maycon Geovane","Est. tempo de leitura":"6 minutos"},"schema":{"@context":"https:\/\/schema.org","@graph":[{"@type":"Article","@id":"https:\/\/www.tuasaude.com\/news\/2026\/08\/31\/por-que-a-comida-parece-ter-menos-sabor-com-o-passar-dos-anos-mesmo-sem-nenhum-problema-de-saude\/#article","isPartOf":{"@id":"https:\/\/www.tuasaude.com\/news\/2026\/08\/31\/por-que-a-comida-parece-ter-menos-sabor-com-o-passar-dos-anos-mesmo-sem-nenhum-problema-de-saude\/"},"author":{"name":"Maycon Geovane","@id":"https:\/\/www.tuasaude.com\/news\/#\/schema\/person\/da63bccfbda5c95cfbf2d37c4276fca0"},"headline":"Por que a comida parece ter menos sabor com o passar dos anos mesmo sem nenhum problema de sa\u00fade","datePublished":"2026-08-31T20:42:00+00:00","mainEntityOfPage":{"@id":"https:\/\/www.tuasaude.com\/news\/2026\/08\/31\/por-que-a-comida-parece-ter-menos-sabor-com-o-passar-dos-anos-mesmo-sem-nenhum-problema-de-saude\/"},"wordCount":937,"commentCount":0,"image":{"@id":"https:\/\/www.tuasaude.com\/news\/2026\/08\/31\/por-que-a-comida-parece-ter-menos-sabor-com-o-passar-dos-anos-mesmo-sem-nenhum-problema-de-saude\/#primaryimage"},"thumbnailUrl":"https:\/\/www.tuasaude.com\/news\/wp-content\/uploads\/2026\/08\/Woman_tasting_homemade_meal_202608291851.jpg","keywords":["Alimenta\u00e7\u00e3o","com o passor dos anos","comida","parece ter menos sabor","Por que","sa\u00fade","sem nenhum problema"],"articleSection":["Sa\u00fade"],"inLanguage":"pt-BR","potentialAction":[{"@type":"CommentAction","name":"Comment","target":["https:\/\/www.tuasaude.com\/news\/2026\/08\/31\/por-que-a-comida-parece-ter-menos-sabor-com-o-passar-dos-anos-mesmo-sem-nenhum-problema-de-saude\/#respond"]}]},{"@type":"WebPage","@id":"https:\/\/www.tuasaude.com\/news\/2026\/08\/31\/por-que-a-comida-parece-ter-menos-sabor-com-o-passar-dos-anos-mesmo-sem-nenhum-problema-de-saude\/","url":"https:\/\/www.tuasaude.com\/news\/2026\/08\/31\/por-que-a-comida-parece-ter-menos-sabor-com-o-passar-dos-anos-mesmo-sem-nenhum-problema-de-saude\/","name":"Por que a comida parece ter menos sabor com o passar dos anos mesmo sem nenhum problema de sa\u00fade - Tua Sa\u00fade","isPartOf":{"@id":"https:\/\/www.tuasaude.com\/news\/#website"},"primaryImageOfPage":{"@id":"https:\/\/www.tuasaude.com\/news\/2026\/08\/31\/por-que-a-comida-parece-ter-menos-sabor-com-o-passar-dos-anos-mesmo-sem-nenhum-problema-de-saude\/#primaryimage"},"image":{"@id":"https:\/\/www.tuasaude.com\/news\/2026\/08\/31\/por-que-a-comida-parece-ter-menos-sabor-com-o-passar-dos-anos-mesmo-sem-nenhum-problema-de-saude\/#primaryimage"},"thumbnailUrl":"https:\/\/www.tuasaude.com\/news\/wp-content\/uploads\/2026\/08\/Woman_tasting_homemade_meal_202608291851.jpg","datePublished":"2026-08-31T20:42:00+00:00","author":{"@id":"https:\/\/www.tuasaude.com\/news\/#\/schema\/person\/da63bccfbda5c95cfbf2d37c4276fca0"},"description":"A perda de sabor depois dos 60 pode estar ligada principalmente ao olfato. Entenda outras causas e saiba quando a mudan\u00e7a merece investiga\u00e7\u00e3o.","breadcrumb":{"@id":"https:\/\/www.tuasaude.com\/news\/2026\/08\/31\/por-que-a-comida-parece-ter-menos-sabor-com-o-passar-dos-anos-mesmo-sem-nenhum-problema-de-saude\/#breadcrumb"},"inLanguage":"pt-BR","potentialAction":[{"@type":"ReadAction","target":["https:\/\/www.tuasaude.com\/news\/2026\/08\/31\/por-que-a-comida-parece-ter-menos-sabor-com-o-passar-dos-anos-mesmo-sem-nenhum-problema-de-saude\/"]}]},{"@type":"ImageObject","inLanguage":"pt-BR","@id":"https:\/\/www.tuasaude.com\/news\/2026\/08\/31\/por-que-a-comida-parece-ter-menos-sabor-com-o-passar-dos-anos-mesmo-sem-nenhum-problema-de-saude\/#primaryimage","url":"https:\/\/www.tuasaude.com\/news\/wp-content\/uploads\/2026\/08\/Woman_tasting_homemade_meal_202608291851.jpg","contentUrl":"https:\/\/www.tuasaude.com\/news\/wp-content\/uploads\/2026\/08\/Woman_tasting_homemade_meal_202608291851.jpg","width":1280,"height":714,"caption":"Por que a comida parece ter menos sabor com o passar dos anos mesmo sem nenhum problema de sa\u00fade"},{"@type":"BreadcrumbList","@id":"https:\/\/www.tuasaude.com\/news\/2026\/08\/31\/por-que-a-comida-parece-ter-menos-sabor-com-o-passar-dos-anos-mesmo-sem-nenhum-problema-de-saude\/#breadcrumb","itemListElement":[{"@type":"ListItem","position":1,"name":"In\u00edcio","item":"https:\/\/www.tuasaude.com\/news\/"},{"@type":"ListItem","position":2,"name":"Por que a comida parece ter menos sabor com o passar dos anos mesmo sem nenhum problema de sa\u00fade"}]},{"@type":"WebSite","@id":"https:\/\/www.tuasaude.com\/news\/#website","url":"https:\/\/www.tuasaude.com\/news\/","name":"Tua Sa\u00fade","description":"Seu site de sa\u00fade","potentialAction":[{"@type":"SearchAction","target":{"@type":"EntryPoint","urlTemplate":"https:\/\/www.tuasaude.com\/news\/?s={search_term_string}"},"query-input":{"@type":"PropertyValueSpecification","valueRequired":true,"valueName":"search_term_string"}}],"inLanguage":"pt-BR"},{"@type":"Person","@id":"https:\/\/www.tuasaude.com\/news\/#\/schema\/person\/da63bccfbda5c95cfbf2d37c4276fca0","name":"Maycon Geovane","image":{"@type":"ImageObject","inLanguage":"pt-BR","@id":"https:\/\/www.tuasaude.com\/news\/#\/schema\/person\/image\/","url":"https:\/\/secure.gravatar.com\/avatar\/4f4908cf0a2f249a9f1137f9d5769cacc373d9aee67910cc212a09a346873b7d?s=96&d=mm&r=g","contentUrl":"https:\/\/secure.gravatar.com\/avatar\/4f4908cf0a2f249a9f1137f9d5769cacc373d9aee67910cc212a09a346873b7d?s=96&d=mm&r=g","caption":"Maycon Geovane"},"sameAs":["https:\/\/www.tuasaude.com\/news\/"],"url":"https:\/\/www.tuasaude.com\/news\/author\/maycongeovane\/"}]}},"_links":{"self":[{"href":"https:\/\/www.tuasaude.com\/news\/wp-json\/wp\/v2\/posts\/105321","targetHints":{"allow":["GET"]}}],"collection":[{"href":"https:\/\/www.tuasaude.com\/news\/wp-json\/wp\/v2\/posts"}],"about":[{"href":"https:\/\/www.tuasaude.com\/news\/wp-json\/wp\/v2\/types\/post"}],"author":[{"embeddable":true,"href":"https:\/\/www.tuasaude.com\/news\/wp-json\/wp\/v2\/users\/16"}],"replies":[{"embeddable":true,"href":"https:\/\/www.tuasaude.com\/news\/wp-json\/wp\/v2\/comments?post=105321"}],"version-history":[{"count":1,"href":"https:\/\/www.tuasaude.com\/news\/wp-json\/wp\/v2\/posts\/105321\/revisions"}],"predecessor-version":[{"id":105325,"href":"https:\/\/www.tuasaude.com\/news\/wp-json\/wp\/v2\/posts\/105321\/revisions\/105325"}],"wp:featuredmedia":[{"embeddable":true,"href":"https:\/\/www.tuasaude.com\/news\/wp-json\/wp\/v2\/media\/105322"}],"wp:attachment":[{"href":"https:\/\/www.tuasaude.com\/news\/wp-json\/wp\/v2\/media?parent=105321"}],"wp:term":[{"taxonomy":"category","embeddable":true,"href":"https:\/\/www.tuasaude.com\/news\/wp-json\/wp\/v2\/categories?post=105321"},{"taxonomy":"post_tag","embeddable":true,"href":"https:\/\/www.tuasaude.com\/news\/wp-json\/wp\/v2\/tags?post=105321"}],"curies":[{"name":"wp","href":"https:\/\/api.w.org\/{rel}","templated":true}]}}