{"id":105316,"date":"2026-08-31T17:30:00","date_gmt":"2026-08-31T20:30:00","guid":{"rendered":"https:\/\/www.tuasaude.com\/news\/?p=105316"},"modified":"2026-08-29T18:48:45","modified_gmt":"2026-08-29T21:48:45","slug":"por-que-muita-gente-passa-a-acordar-mais-cedo-depois-dos-60-mesmo-sem-mudar-a-rotina","status":"publish","type":"post","link":"https:\/\/www.tuasaude.com\/news\/2026\/08\/31\/por-que-muita-gente-passa-a-acordar-mais-cedo-depois-dos-60-mesmo-sem-mudar-a-rotina\/","title":{"rendered":"Por que muita gente passa a acordar mais cedo depois dos 60 mesmo sem mudar a rotina"},"content":{"rendered":"\n<p class=\"wp-block-paragraph\">Acordar antes do despertador, ainda no escuro, sem ter mudado nada na rotina \u00e9 uma queixa comum depois dos 60 anos e tem explica\u00e7\u00e3o fisiol\u00f3gica. O rel\u00f3gio biol\u00f3gico se adianta com o envelhecimento, um fen\u00f4meno chamado avan\u00e7o de fase circadiana, que faz o sono chegar mais cedo \u00e0 noite e terminar antes do amanhecer. Somam-se a isso a redu\u00e7\u00e3o do sono profundo e o aumento dos despertares noturnos, transformando o descanso em algo mais leve e fragmentado. Entender essas mudan\u00e7as ajuda a diferenciar o que \u00e9 natural do envelhecimento e o que pode indicar um dist\u00farbio do sono.<\/p>\n\n\n\n<h2 class=\"wp-block-heading\">O que \u00e9 o avan\u00e7o de fase circadiana?<\/h2>\n\n\n\n<p class=\"wp-block-paragraph\">O avan\u00e7o de fase circadiana \u00e9 uma antecipa\u00e7\u00e3o natural do ritmo biol\u00f3gico que regula sono e vig\u00edlia. Depois dos 60 anos, o organismo passa a liberar melatonina mais cedo no fim da tarde, o que provoca sonol\u00eancia antes do hor\u00e1rio habitual e desperta a pessoa nas primeiras horas da manh\u00e3.<\/p>\n\n\n\n<p class=\"wp-block-paragraph\">Esse ajuste acontece de forma gradual e n\u00e3o depende da rotina di\u00e1ria. Mesmo quem sempre dormiu tarde pode notar que agora sente sono \u00e0s 21h e acorda espontaneamente \u00e0s 5h, com sensa\u00e7\u00e3o de descanso, mesmo sem completar 8 horas seguidas na cama.<\/p>\n\n\n\n<h2 class=\"wp-block-heading\">Por que o sono fica mais leve com o passar dos anos?<\/h2>\n\n\n\n<p class=\"wp-block-paragraph\">Com o envelhecimento, h\u00e1 redu\u00e7\u00e3o do sono de ondas lentas, tamb\u00e9m chamado de sono profundo, que \u00e9 a fase mais reparadora do descanso. Essa etapa diminui progressivamente a partir dos 40 anos e se torna bastante reduzida ap\u00f3s os 60, deixando o sono mais superficial.<\/p>\n\n\n\n<p class=\"wp-block-paragraph\">Como consequ\u00eancia, qualquer est\u00edmulo, como luz, ru\u00eddo ou vontade de urinar, passa a acordar a pessoa com facilidade. Essa fragmenta\u00e7\u00e3o noturna \u00e9 esperada e n\u00e3o significa, por si s\u00f3, que exista um problema de sa\u00fade, embora possa gerar a sensa\u00e7\u00e3o de noite mal dormida.<\/p>\n\n\n<div class=\"wp-block-image\">\n<figure class=\"aligncenter size-large\"><img decoding=\"async\" width=\"1024\" height=\"571\" src=\"https:\/\/www.tuasaude.com\/news\/wp-content\/uploads\/2026\/08\/Infographic_about_sleep_after_60_202608291846-1024x571.jpg\" alt=\"Quatro fatores ajudam a explicar o despertar precoce e as mudan\u00e7as naturais do sono.\" class=\"wp-image-105318\" srcset=\"https:\/\/www.tuasaude.com\/news\/wp-content\/uploads\/2026\/08\/Infographic_about_sleep_after_60_202608291846-1024x571.jpg 1024w, https:\/\/www.tuasaude.com\/news\/wp-content\/uploads\/2026\/08\/Infographic_about_sleep_after_60_202608291846-300x167.jpg 300w, https:\/\/www.tuasaude.com\/news\/wp-content\/uploads\/2026\/08\/Infographic_about_sleep_after_60_202608291846-768x428.jpg 768w, https:\/\/www.tuasaude.com\/news\/wp-content\/uploads\/2026\/08\/Infographic_about_sleep_after_60_202608291846-750x418.jpg 750w, https:\/\/www.tuasaude.com\/news\/wp-content\/uploads\/2026\/08\/Infographic_about_sleep_after_60_202608291846-1140x636.jpg 1140w, https:\/\/www.tuasaude.com\/news\/wp-content\/uploads\/2026\/08\/Infographic_about_sleep_after_60_202608291846.jpg 1280w\" sizes=\"(max-width: 1024px) 100vw, 1024px\" \/><figcaption class=\"wp-element-caption\">Quatro fatores ajudam a explicar o despertar precoce e as mudan\u00e7as naturais do sono.<\/figcaption><\/figure>\n<\/div>\n\n\n<h2 class=\"wp-block-heading\">Quais fatores contribuem para acordar mais cedo depois dos 60?<\/h2>\n\n\n\n<p class=\"wp-block-paragraph\">Al\u00e9m das mudan\u00e7as no rel\u00f3gio biol\u00f3gico, outros fatores fisiol\u00f3gicos e comportamentais refor\u00e7am o despertar precoce nessa fase da vida. Conhecer esses gatilhos ajuda a entender o padr\u00e3o de sono e a identificar o que pode ser ajustado no dia a dia.<\/p>\n\n\n\n<ul class=\"wp-block-list\">\n<li><strong>Menor produ\u00e7\u00e3o de melatonina<\/strong>, horm\u00f4nio que sinaliza ao corpo a hora de dormir<\/li>\n\n\n\n<li><strong>Redu\u00e7\u00e3o do sono profundo<\/strong>, tornando o descanso mais superficial e sens\u00edvel a est\u00edmulos<\/li>\n\n\n\n<li><strong>Cochilos vespertinos frequentes<\/strong>, que diminuem a press\u00e3o do sono \u00e0 noite<\/li>\n\n\n\n<li><strong>Exposi\u00e7\u00e3o reduzida \u00e0 luz natural<\/strong> durante o dia, desregulando o ciclo circadiano<\/li>\n\n\n\n<li><strong>Uso de medicamentos<\/strong> como diur\u00e9ticos, corticoides e alguns antidepressivos<\/li>\n\n\n\n<li><strong>Noct\u00faria<\/strong>, ou seja, necessidade de urinar durante a noite, comum em ambos os sexos ap\u00f3s os 60<\/li>\n<\/ul>\n\n\n\n<p class=\"wp-block-paragraph\">Manter hor\u00e1rios regulares e buscar luz solar pela manh\u00e3 ajuda a estabilizar o ritmo. Uma boa <a href=\"https:\/\/www.tuasaude.com\/higiene-do-sono\/\" target=\"_blank\" rel=\"noreferrer noopener\">higiene do sono<\/a> continua sendo a base para preservar a qualidade do descanso em qualquer idade.<\/p>\n\n\n\n<h2 class=\"wp-block-heading\">O que a ci\u00eancia mostra sobre as mudan\u00e7as do sono no envelhecimento?<\/h2>\n\n\n\n<p class=\"wp-block-paragraph\">Pesquisas recentes refor\u00e7am que essas altera\u00e7\u00f5es fazem parte do processo natural de envelhecimento e n\u00e3o devem ser confundidas com doen\u00e7a. Segundo a revis\u00e3o <a href=\"https:\/\/pubmed.ncbi.nlm.nih.gov\/28384471\/\" target=\"_blank\" rel=\"noreferrer noopener\">Sleep and Human Aging<\/a>, publicada na revista Neuron e indexada na base PubMed, o envelhecimento provoca redu\u00e7\u00e3o mensur\u00e1vel do sono profundo, aumento dos despertares noturnos e antecipa\u00e7\u00e3o natural do hor\u00e1rio de dormir e acordar, independentemente da rotina ou de fatores externos.<\/p>\n\n\n\n<p class=\"wp-block-paragraph\">Os autores destacam ainda que essas mudan\u00e7as come\u00e7am antes dos 60 anos e se acentuam com o tempo, o que explica por que idosos saud\u00e1veis relatam noites mais curtas e madrugadas espont\u00e2neas, mesmo mantendo h\u00e1bitos consistentes. Reconhecer esse padr\u00e3o evita ansiedade desnecess\u00e1ria diante do despertar precoce.<\/p>\n\n\n<div class=\"wp-block-image\">\n<figure class=\"aligncenter size-large\"><img decoding=\"async\" width=\"1024\" height=\"571\" src=\"https:\/\/www.tuasaude.com\/news\/wp-content\/uploads\/2026\/08\/Woman_stretching_near_bedroom_wi\u2026_202608291846-1024x571.jpg\" alt=\"O envelhecimento pode adiantar o sono e favorecer despertares espont\u00e2neos antes do amanhecer.\" class=\"wp-image-105319\" srcset=\"https:\/\/www.tuasaude.com\/news\/wp-content\/uploads\/2026\/08\/Woman_stretching_near_bedroom_wi\u2026_202608291846-1024x571.jpg 1024w, https:\/\/www.tuasaude.com\/news\/wp-content\/uploads\/2026\/08\/Woman_stretching_near_bedroom_wi\u2026_202608291846-300x167.jpg 300w, https:\/\/www.tuasaude.com\/news\/wp-content\/uploads\/2026\/08\/Woman_stretching_near_bedroom_wi\u2026_202608291846-768x428.jpg 768w, https:\/\/www.tuasaude.com\/news\/wp-content\/uploads\/2026\/08\/Woman_stretching_near_bedroom_wi\u2026_202608291846-750x418.jpg 750w, https:\/\/www.tuasaude.com\/news\/wp-content\/uploads\/2026\/08\/Woman_stretching_near_bedroom_wi\u2026_202608291846-1140x636.jpg 1140w, https:\/\/www.tuasaude.com\/news\/wp-content\/uploads\/2026\/08\/Woman_stretching_near_bedroom_wi\u2026_202608291846.jpg 1280w\" sizes=\"(max-width: 1024px) 100vw, 1024px\" \/><figcaption class=\"wp-element-caption\">O envelhecimento pode adiantar o sono e favorecer despertares espont\u00e2neos antes do amanhecer.<\/figcaption><\/figure>\n<\/div>\n\n\n<h2 class=\"wp-block-heading\">Quando o despertar precoce pode indicar ins\u00f4nia ou apneia do sono?<\/h2>\n\n\n\n<p class=\"wp-block-paragraph\">Nem todo despertar antes do hor\u00e1rio \u00e9 fisiol\u00f3gico. Existem sinais que sugerem dist\u00farbios do sono e merecem avalia\u00e7\u00e3o m\u00e9dica, especialmente quando comprometem a disposi\u00e7\u00e3o e a sa\u00fade ao longo do dia. Observe os seguintes alertas.<\/p>\n\n\n\n<ol class=\"wp-block-list\">\n<li><strong>Cansa\u00e7o persistente<\/strong> durante o dia, mesmo ap\u00f3s v\u00e1rias horas na cama<\/li>\n\n\n\n<li><strong>Sonol\u00eancia excessiva<\/strong> em situa\u00e7\u00f5es inadequadas, como ao dirigir ou conversar<\/li>\n\n\n\n<li><strong>Ronco alto e frequente<\/strong>, com pausas respirat\u00f3rias observadas por outra pessoa<\/li>\n\n\n\n<li><strong>Sensa\u00e7\u00e3o de sufocamento<\/strong> ao acordar durante a noite<\/li>\n\n\n\n<li><strong>Dificuldade para retomar o sono<\/strong> ap\u00f3s despertar, com preocupa\u00e7\u00f5es recorrentes<\/li>\n\n\n\n<li><strong>Dores de cabe\u00e7a matinais<\/strong> e boca muito seca ao acordar<\/li>\n\n\n\n<li><strong>Altera\u00e7\u00f5es de humor<\/strong>, irritabilidade ou queda de mem\u00f3ria<\/li>\n<\/ol>\n\n\n\n<p class=\"wp-block-paragraph\">Esses sintomas podem indicar <a href=\"https:\/\/www.tuasaude.com\/insonia\/\" target=\"_blank\" rel=\"noreferrer noopener\">ins\u00f4nia<\/a> cr\u00f4nica ou <a href=\"https:\/\/www.tuasaude.com\/apneia-do-sono\/\" target=\"_blank\" rel=\"noreferrer noopener\">apneia do sono<\/a>, condi\u00e7\u00f5es que aumentam o risco de doen\u00e7as cardiovasculares, diabetes e decl\u00ednio cognitivo quando n\u00e3o tratadas. Diante de qualquer um desses sinais, \u00e9 fundamental procurar um m\u00e9dico para avalia\u00e7\u00e3o individualizada, que pode incluir exames como a polissonografia e orienta\u00e7\u00e3o sobre o tratamento mais adequado ao caso.<\/p>\n\n\n\n<p class=\"wp-block-paragraph\"><em>Este conte\u00fado tem car\u00e1ter apenas informativo e n\u00e3o substitui a avalia\u00e7\u00e3o, o diagn\u00f3stico ou o tratamento realizados por um m\u00e9dico ou outro profissional de sa\u00fade qualificado.<\/em><\/p>\n","protected":false},"excerpt":{"rendered":"<p>Acordar antes do despertador, ainda no escuro, sem ter mudado nada na rotina \u00e9 uma queixa comum depois dos 60 anos e tem explica\u00e7\u00e3o fisiol\u00f3gica. O rel\u00f3gio biol\u00f3gico se adianta com o envelhecimento, um fen\u00f4meno chamado avan\u00e7o de fase circadiana, que faz o sono chegar mais cedo \u00e0 noite e terminar antes do amanhecer. Somam-se [&hellip;]<\/p>\n","protected":false},"author":16,"featured_media":105317,"comment_status":"open","ping_status":"open","sticky":false,"template":"","format":"standard","meta":{"_yoast_wpseo_focuskw":"acordar mais cedo depois dos 60","_yoast_wpseo_title":"","_yoast_wpseo_metadesc":"Acordar mais cedo depois dos 60 pode ter rela\u00e7\u00e3o com o rel\u00f3gio biol\u00f3gico. Entenda o avan\u00e7o circadiano e os sinais que merecem avalia\u00e7\u00e3o.","jnews-multi-image_gallery":[],"jnews_single_post":{"format":"standard"},"jnews_primary_category":[],"jnews_social_meta":[],"jnews_override_counter":[],"footnotes":""},"categories":[111],"tags":[11203,12731,12732,6986,136],"class_list":["post-105316","post","type-post","status-publish","format-standard","has-post-thumbnail","hentry","category-saude","tag-depois-dos-60","tag-muita-gente","tag-passa-a-acordar-mais-cedo","tag-por-que","tag-saude"],"yoast_head":"<!-- This site is optimized with the Yoast SEO plugin v26.7 - https:\/\/yoast.com\/wordpress\/plugins\/seo\/ -->\n<title>Por que muita gente passa a acordar mais cedo depois dos 60 mesmo sem mudar a rotina - Tua Sa\u00fade<\/title>\n<meta name=\"description\" content=\"Acordar mais cedo depois dos 60 pode ter rela\u00e7\u00e3o com o rel\u00f3gio biol\u00f3gico. Entenda o avan\u00e7o circadiano e os sinais que merecem avalia\u00e7\u00e3o.\" \/>\n<meta name=\"robots\" content=\"index, follow, max-snippet:-1, max-image-preview:large, max-video-preview:-1\" \/>\n<link rel=\"canonical\" href=\"https:\/\/www.tuasaude.com\/news\/2026\/08\/31\/por-que-muita-gente-passa-a-acordar-mais-cedo-depois-dos-60-mesmo-sem-mudar-a-rotina\/\" \/>\n<meta property=\"og:locale\" content=\"pt_BR\" \/>\n<meta property=\"og:type\" content=\"article\" \/>\n<meta property=\"og:title\" content=\"Por que muita gente passa a acordar mais cedo depois dos 60 mesmo sem mudar a rotina - Tua Sa\u00fade\" \/>\n<meta property=\"og:description\" content=\"Acordar mais cedo depois dos 60 pode ter rela\u00e7\u00e3o com o rel\u00f3gio biol\u00f3gico. Entenda o avan\u00e7o circadiano e os sinais que merecem avalia\u00e7\u00e3o.\" \/>\n<meta property=\"og:url\" content=\"https:\/\/www.tuasaude.com\/news\/2026\/08\/31\/por-que-muita-gente-passa-a-acordar-mais-cedo-depois-dos-60-mesmo-sem-mudar-a-rotina\/\" \/>\n<meta property=\"og:site_name\" content=\"Tua Sa\u00fade\" \/>\n<meta property=\"article:published_time\" content=\"2026-08-31T20:30:00+00:00\" \/>\n<meta property=\"og:image\" content=\"https:\/\/www.tuasaude.com\/news\/wp-content\/uploads\/2026\/08\/Man_waking_up_early_morning_202608291846.jpg\" \/>\n\t<meta property=\"og:image:width\" content=\"1280\" \/>\n\t<meta property=\"og:image:height\" content=\"714\" \/>\n\t<meta property=\"og:image:type\" content=\"image\/jpeg\" \/>\n<meta name=\"author\" content=\"Maycon Geovane\" \/>\n<meta name=\"twitter:card\" content=\"summary_large_image\" \/>\n<meta name=\"twitter:label1\" content=\"Escrito por\" \/>\n\t<meta name=\"twitter:data1\" content=\"Maycon Geovane\" \/>\n\t<meta name=\"twitter:label2\" content=\"Est. tempo de leitura\" \/>\n\t<meta name=\"twitter:data2\" content=\"6 minutos\" \/>\n<!-- \/ Yoast SEO plugin. -->","yoast_head_json":{"title":"Por que muita gente passa a acordar mais cedo depois dos 60 mesmo sem mudar a rotina - Tua Sa\u00fade","description":"Acordar mais cedo depois dos 60 pode ter rela\u00e7\u00e3o com o rel\u00f3gio biol\u00f3gico. Entenda o avan\u00e7o circadiano e os sinais que merecem avalia\u00e7\u00e3o.","robots":{"index":"index","follow":"follow","max-snippet":"max-snippet:-1","max-image-preview":"max-image-preview:large","max-video-preview":"max-video-preview:-1"},"canonical":"https:\/\/www.tuasaude.com\/news\/2026\/08\/31\/por-que-muita-gente-passa-a-acordar-mais-cedo-depois-dos-60-mesmo-sem-mudar-a-rotina\/","og_locale":"pt_BR","og_type":"article","og_title":"Por que muita gente passa a acordar mais cedo depois dos 60 mesmo sem mudar a rotina - Tua Sa\u00fade","og_description":"Acordar mais cedo depois dos 60 pode ter rela\u00e7\u00e3o com o rel\u00f3gio biol\u00f3gico. Entenda o avan\u00e7o circadiano e os sinais que merecem avalia\u00e7\u00e3o.","og_url":"https:\/\/www.tuasaude.com\/news\/2026\/08\/31\/por-que-muita-gente-passa-a-acordar-mais-cedo-depois-dos-60-mesmo-sem-mudar-a-rotina\/","og_site_name":"Tua Sa\u00fade","article_published_time":"2026-08-31T20:30:00+00:00","og_image":[{"width":1280,"height":714,"url":"https:\/\/www.tuasaude.com\/news\/wp-content\/uploads\/2026\/08\/Man_waking_up_early_morning_202608291846.jpg","type":"image\/jpeg"}],"author":"Maycon Geovane","twitter_card":"summary_large_image","twitter_misc":{"Escrito por":"Maycon Geovane","Est. tempo de leitura":"6 minutos"},"schema":{"@context":"https:\/\/schema.org","@graph":[{"@type":"Article","@id":"https:\/\/www.tuasaude.com\/news\/2026\/08\/31\/por-que-muita-gente-passa-a-acordar-mais-cedo-depois-dos-60-mesmo-sem-mudar-a-rotina\/#article","isPartOf":{"@id":"https:\/\/www.tuasaude.com\/news\/2026\/08\/31\/por-que-muita-gente-passa-a-acordar-mais-cedo-depois-dos-60-mesmo-sem-mudar-a-rotina\/"},"author":{"name":"Maycon Geovane","@id":"https:\/\/www.tuasaude.com\/news\/#\/schema\/person\/da63bccfbda5c95cfbf2d37c4276fca0"},"headline":"Por que muita gente passa a acordar mais cedo depois dos 60 mesmo sem mudar a rotina","datePublished":"2026-08-31T20:30:00+00:00","mainEntityOfPage":{"@id":"https:\/\/www.tuasaude.com\/news\/2026\/08\/31\/por-que-muita-gente-passa-a-acordar-mais-cedo-depois-dos-60-mesmo-sem-mudar-a-rotina\/"},"wordCount":901,"commentCount":0,"image":{"@id":"https:\/\/www.tuasaude.com\/news\/2026\/08\/31\/por-que-muita-gente-passa-a-acordar-mais-cedo-depois-dos-60-mesmo-sem-mudar-a-rotina\/#primaryimage"},"thumbnailUrl":"https:\/\/www.tuasaude.com\/news\/wp-content\/uploads\/2026\/08\/Man_waking_up_early_morning_202608291846.jpg","keywords":["depois dos 60","muita gente","passa a acordar mais cedo","Por que","sa\u00fade"],"articleSection":["Sa\u00fade"],"inLanguage":"pt-BR","potentialAction":[{"@type":"CommentAction","name":"Comment","target":["https:\/\/www.tuasaude.com\/news\/2026\/08\/31\/por-que-muita-gente-passa-a-acordar-mais-cedo-depois-dos-60-mesmo-sem-mudar-a-rotina\/#respond"]}]},{"@type":"WebPage","@id":"https:\/\/www.tuasaude.com\/news\/2026\/08\/31\/por-que-muita-gente-passa-a-acordar-mais-cedo-depois-dos-60-mesmo-sem-mudar-a-rotina\/","url":"https:\/\/www.tuasaude.com\/news\/2026\/08\/31\/por-que-muita-gente-passa-a-acordar-mais-cedo-depois-dos-60-mesmo-sem-mudar-a-rotina\/","name":"Por que muita gente passa a acordar mais cedo depois dos 60 mesmo sem mudar a rotina - Tua Sa\u00fade","isPartOf":{"@id":"https:\/\/www.tuasaude.com\/news\/#website"},"primaryImageOfPage":{"@id":"https:\/\/www.tuasaude.com\/news\/2026\/08\/31\/por-que-muita-gente-passa-a-acordar-mais-cedo-depois-dos-60-mesmo-sem-mudar-a-rotina\/#primaryimage"},"image":{"@id":"https:\/\/www.tuasaude.com\/news\/2026\/08\/31\/por-que-muita-gente-passa-a-acordar-mais-cedo-depois-dos-60-mesmo-sem-mudar-a-rotina\/#primaryimage"},"thumbnailUrl":"https:\/\/www.tuasaude.com\/news\/wp-content\/uploads\/2026\/08\/Man_waking_up_early_morning_202608291846.jpg","datePublished":"2026-08-31T20:30:00+00:00","author":{"@id":"https:\/\/www.tuasaude.com\/news\/#\/schema\/person\/da63bccfbda5c95cfbf2d37c4276fca0"},"description":"Acordar mais cedo depois dos 60 pode ter rela\u00e7\u00e3o com o rel\u00f3gio biol\u00f3gico. Entenda o avan\u00e7o circadiano e os sinais que merecem avalia\u00e7\u00e3o.","breadcrumb":{"@id":"https:\/\/www.tuasaude.com\/news\/2026\/08\/31\/por-que-muita-gente-passa-a-acordar-mais-cedo-depois-dos-60-mesmo-sem-mudar-a-rotina\/#breadcrumb"},"inLanguage":"pt-BR","potentialAction":[{"@type":"ReadAction","target":["https:\/\/www.tuasaude.com\/news\/2026\/08\/31\/por-que-muita-gente-passa-a-acordar-mais-cedo-depois-dos-60-mesmo-sem-mudar-a-rotina\/"]}]},{"@type":"ImageObject","inLanguage":"pt-BR","@id":"https:\/\/www.tuasaude.com\/news\/2026\/08\/31\/por-que-muita-gente-passa-a-acordar-mais-cedo-depois-dos-60-mesmo-sem-mudar-a-rotina\/#primaryimage","url":"https:\/\/www.tuasaude.com\/news\/wp-content\/uploads\/2026\/08\/Man_waking_up_early_morning_202608291846.jpg","contentUrl":"https:\/\/www.tuasaude.com\/news\/wp-content\/uploads\/2026\/08\/Man_waking_up_early_morning_202608291846.jpg","width":1280,"height":714,"caption":"Por que muita gente passa a acordar mais cedo depois dos 60 mesmo sem mudar a rotina"},{"@type":"BreadcrumbList","@id":"https:\/\/www.tuasaude.com\/news\/2026\/08\/31\/por-que-muita-gente-passa-a-acordar-mais-cedo-depois-dos-60-mesmo-sem-mudar-a-rotina\/#breadcrumb","itemListElement":[{"@type":"ListItem","position":1,"name":"In\u00edcio","item":"https:\/\/www.tuasaude.com\/news\/"},{"@type":"ListItem","position":2,"name":"Por que muita gente passa a acordar mais cedo depois dos 60 mesmo sem mudar a rotina"}]},{"@type":"WebSite","@id":"https:\/\/www.tuasaude.com\/news\/#website","url":"https:\/\/www.tuasaude.com\/news\/","name":"Tua Sa\u00fade","description":"Seu site de sa\u00fade","potentialAction":[{"@type":"SearchAction","target":{"@type":"EntryPoint","urlTemplate":"https:\/\/www.tuasaude.com\/news\/?s={search_term_string}"},"query-input":{"@type":"PropertyValueSpecification","valueRequired":true,"valueName":"search_term_string"}}],"inLanguage":"pt-BR"},{"@type":"Person","@id":"https:\/\/www.tuasaude.com\/news\/#\/schema\/person\/da63bccfbda5c95cfbf2d37c4276fca0","name":"Maycon Geovane","image":{"@type":"ImageObject","inLanguage":"pt-BR","@id":"https:\/\/www.tuasaude.com\/news\/#\/schema\/person\/image\/","url":"https:\/\/secure.gravatar.com\/avatar\/4f4908cf0a2f249a9f1137f9d5769cacc373d9aee67910cc212a09a346873b7d?s=96&d=mm&r=g","contentUrl":"https:\/\/secure.gravatar.com\/avatar\/4f4908cf0a2f249a9f1137f9d5769cacc373d9aee67910cc212a09a346873b7d?s=96&d=mm&r=g","caption":"Maycon Geovane"},"sameAs":["https:\/\/www.tuasaude.com\/news\/"],"url":"https:\/\/www.tuasaude.com\/news\/author\/maycongeovane\/"}]}},"_links":{"self":[{"href":"https:\/\/www.tuasaude.com\/news\/wp-json\/wp\/v2\/posts\/105316","targetHints":{"allow":["GET"]}}],"collection":[{"href":"https:\/\/www.tuasaude.com\/news\/wp-json\/wp\/v2\/posts"}],"about":[{"href":"https:\/\/www.tuasaude.com\/news\/wp-json\/wp\/v2\/types\/post"}],"author":[{"embeddable":true,"href":"https:\/\/www.tuasaude.com\/news\/wp-json\/wp\/v2\/users\/16"}],"replies":[{"embeddable":true,"href":"https:\/\/www.tuasaude.com\/news\/wp-json\/wp\/v2\/comments?post=105316"}],"version-history":[{"count":1,"href":"https:\/\/www.tuasaude.com\/news\/wp-json\/wp\/v2\/posts\/105316\/revisions"}],"predecessor-version":[{"id":105320,"href":"https:\/\/www.tuasaude.com\/news\/wp-json\/wp\/v2\/posts\/105316\/revisions\/105320"}],"wp:featuredmedia":[{"embeddable":true,"href":"https:\/\/www.tuasaude.com\/news\/wp-json\/wp\/v2\/media\/105317"}],"wp:attachment":[{"href":"https:\/\/www.tuasaude.com\/news\/wp-json\/wp\/v2\/media?parent=105316"}],"wp:term":[{"taxonomy":"category","embeddable":true,"href":"https:\/\/www.tuasaude.com\/news\/wp-json\/wp\/v2\/categories?post=105316"},{"taxonomy":"post_tag","embeddable":true,"href":"https:\/\/www.tuasaude.com\/news\/wp-json\/wp\/v2\/tags?post=105316"}],"curies":[{"name":"wp","href":"https:\/\/api.w.org\/{rel}","templated":true}]}}