{"id":104231,"date":"2026-08-31T17:05:00","date_gmt":"2026-08-31T20:05:00","guid":{"rendered":"https:\/\/www.tuasaude.com\/news\/?p=104231"},"modified":"2026-08-28T02:43:30","modified_gmt":"2026-08-28T05:43:30","slug":"deficiencia-de-ferro-ou-de-vitamina-b12-pode-se-manifestar-na-boca-antes-de-aparecer-nos-sintomas-mais-conhecidos","status":"publish","type":"post","link":"https:\/\/www.tuasaude.com\/news\/2026\/08\/31\/deficiencia-de-ferro-ou-de-vitamina-b12-pode-se-manifestar-na-boca-antes-de-aparecer-nos-sintomas-mais-conhecidos\/","title":{"rendered":"Defici\u00eancia de ferro ou de vitamina B12 pode se manifestar na boca antes de aparecer nos sintomas mais conhecidos"},"content":{"rendered":"\n<p class=\"wp-block-paragraph\">A boca costuma ser uma das primeiras regi\u00f5es do corpo a mostrar sinais de defici\u00eancia de ferro ou de vitamina B12, muitas vezes antes que o cansa\u00e7o, a palidez e outros sintomas cl\u00e1ssicos chamem aten\u00e7\u00e3o. Altera\u00e7\u00f5es como l\u00edngua lisa e avermelhada, fissuras nos cantos dos l\u00e1bios e ard\u00eancia lingual podem surgir como pistas iniciais dessas car\u00eancias nutricionais. Reconhecer esses sinais ajuda a buscar exames precocemente, mas nenhum deles confirma um diagn\u00f3stico isoladamente: apenas exames de sangue e avalia\u00e7\u00e3o m\u00e9dica podem estabelecer com seguran\u00e7a se h\u00e1 e qual \u00e9 a defici\u00eancia envolvida.<\/p>\n\n\n\n<h2 class=\"wp-block-heading\">Por que a boca \u00e9 uma das primeiras regi\u00f5es a mostrar sinais?<\/h2>\n\n\n\n<p class=\"wp-block-paragraph\">A mucosa oral e a superf\u00edcie da l\u00edngua t\u00eam uma taxa de renova\u00e7\u00e3o celular muito r\u00e1pida, o que as torna especialmente sens\u00edveis a defici\u00eancias de nutrientes envolvidos na multiplica\u00e7\u00e3o e reparo das c\u00e9lulas, como ferro, vitamina B12 e \u00e1cido f\u00f3lico.<\/p>\n\n\n\n<p class=\"wp-block-paragraph\">Quando esses nutrientes ficam em falta, a renova\u00e7\u00e3o normal do tecido \u00e9 comprometida e altera\u00e7\u00f5es vis\u00edveis podem aparecer antes mesmo que os exames de sangue mostrem <a href=\"https:\/\/www.tuasaude.com\/anemia-ferropriva\/\" target=\"_blank\" rel=\"noreferrer noopener\">anemia ferropriva<\/a> ou queda expressiva da hemoglobina.<\/p>\n\n\n\n<h2 class=\"wp-block-heading\">O que \u00e9 glossite atr\u00f3fica e como ela se manifesta?<\/h2>\n\n\n\n<p class=\"wp-block-paragraph\">A glossite atr\u00f3fica \u00e9 caracterizada pela perda parcial ou total das papilas da l\u00edngua, deixando sua superf\u00edcie lisa, brilhante e frequentemente avermelhada. \u00c9 um dos sinais orais mais estudados nas defici\u00eancias nutricionais e pode causar desconforto ao comer alimentos \u00e1cidos ou condimentados.<\/p>\n\n\n\n<p class=\"wp-block-paragraph\">Al\u00e9m do aspecto vis\u00edvel, a pessoa pode relatar sensa\u00e7\u00e3o de queima\u00e7\u00e3o, altera\u00e7\u00e3o no paladar e sensibilidade aumentada. Esse quadro nem sempre est\u00e1 ligado a car\u00eancias, mas quando persiste merece investiga\u00e7\u00e3o com dosagens s\u00e9ricas espec\u00edficas de ferro, ferritina e <a href=\"https:\/\/www.tuasaude.com\/vitamina-b12-cobalamina\/\" target=\"_blank\" rel=\"noreferrer noopener\">vitamina B12<\/a>.<\/p>\n\n\n<div class=\"wp-block-image\">\n<figure class=\"aligncenter size-large\"><img decoding=\"async\" width=\"1024\" height=\"571\" src=\"https:\/\/www.tuasaude.com\/news\/wp-content\/uploads\/2026\/08\/Sinais_na_boca_ferro_vitamina_202608280242-1024x571.jpg\" alt=\"L\u00edngua, l\u00e1bios, sensibilidade e exames ajudam a investigar car\u00eancias nutricionais.\" class=\"wp-image-104233\" srcset=\"https:\/\/www.tuasaude.com\/news\/wp-content\/uploads\/2026\/08\/Sinais_na_boca_ferro_vitamina_202608280242-1024x571.jpg 1024w, https:\/\/www.tuasaude.com\/news\/wp-content\/uploads\/2026\/08\/Sinais_na_boca_ferro_vitamina_202608280242-300x167.jpg 300w, https:\/\/www.tuasaude.com\/news\/wp-content\/uploads\/2026\/08\/Sinais_na_boca_ferro_vitamina_202608280242-768x428.jpg 768w, https:\/\/www.tuasaude.com\/news\/wp-content\/uploads\/2026\/08\/Sinais_na_boca_ferro_vitamina_202608280242-750x418.jpg 750w, https:\/\/www.tuasaude.com\/news\/wp-content\/uploads\/2026\/08\/Sinais_na_boca_ferro_vitamina_202608280242-1140x636.jpg 1140w, https:\/\/www.tuasaude.com\/news\/wp-content\/uploads\/2026\/08\/Sinais_na_boca_ferro_vitamina_202608280242.jpg 1280w\" sizes=\"(max-width: 1024px) 100vw, 1024px\" \/><figcaption class=\"wp-element-caption\">L\u00edngua, l\u00e1bios, sensibilidade e exames ajudam a investigar car\u00eancias nutricionais.<\/figcaption><\/figure>\n<\/div>\n\n\n<h2 class=\"wp-block-heading\">Como um estudo cient\u00edfico confirma essa associa\u00e7\u00e3o?<\/h2>\n\n\n\n<p class=\"wp-block-paragraph\">A rela\u00e7\u00e3o entre glossite atr\u00f3fica e defici\u00eancias nutricionais foi documentada em pesquisas cl\u00ednicas com grupos-controle. Segundo o estudo <a href=\"https:\/\/www.ncbi.nlm.nih.gov\/pmc\/articles\/PMC9617421\/\" target=\"_blank\" rel=\"noreferrer noopener\">Vitamin B12 deficiency may play an etiological role in atrophic glossitis and its grading<\/a>, publicado na revista <em>BMC Oral Health<\/em> e indexado na base do NCBI, 68% dos pacientes com glossite atr\u00f3fica avaliados apresentaram defici\u00eancia de vitamina B12, frequ\u00eancia significativamente maior que a observada em controles saud\u00e1veis.<\/p>\n\n\n\n<p class=\"wp-block-paragraph\">Os autores identificaram ainda que a gravidade da atrofia lingual se correlacionou com o grau da defici\u00eancia, e que a suplementa\u00e7\u00e3o orientada por m\u00e9dico, ap\u00f3s confirma\u00e7\u00e3o laboratorial, levou \u00e0 melhora dos sintomas orais na maioria dos casos acompanhados.<\/p>\n\n\n\n<h2 class=\"wp-block-heading\">Quais outros sinais na boca podem indicar essas defici\u00eancias?<\/h2>\n\n\n\n<p class=\"wp-block-paragraph\">Al\u00e9m da glossite atr\u00f3fica, outras manifesta\u00e7\u00f5es orais podem chamar aten\u00e7\u00e3o e refor\u00e7ar a suspeita cl\u00ednica, sempre em conjunto com exames laboratoriais. As mais descritas na literatura odontol\u00f3gica incluem:<\/p>\n\n\n\n<ul class=\"wp-block-list\">\n<li><strong>Queilite angular<\/strong>, com rachaduras e fissuras nos cantos dos l\u00e1bios<\/li>\n\n\n\n<li><strong>Ard\u00eancia lingual<\/strong>, sensa\u00e7\u00e3o persistente de queima\u00e7\u00e3o sem les\u00e3o aparente<\/li>\n\n\n\n<li><strong>Palidez da mucosa oral<\/strong> e da parte interna das bochechas<\/li>\n\n\n\n<li><strong>Aftas recorrentes<\/strong>, especialmente quando surgem com frequ\u00eancia incomum<\/li>\n\n\n\n<li><strong>Altera\u00e7\u00e3o do paladar<\/strong>, com perda parcial da sensibilidade a sabores<\/li>\n\n\n\n<li>Vermelhid\u00e3o difusa da l\u00edngua, com ou sem dor<\/li>\n\n\n\n<li>Sensa\u00e7\u00e3o de boca seca acompanhada de desconforto ao mastigar<\/li>\n<\/ul>\n\n\n<div class=\"wp-block-image\">\n<figure class=\"aligncenter size-large\"><img decoding=\"async\" width=\"1024\" height=\"571\" src=\"https:\/\/www.tuasaude.com\/news\/wp-content\/uploads\/2026\/08\/Woman_examining_tongue_in_mirror_202608280242-1024x571.jpg\" alt=\"L\u00edngua, l\u00e1bios, sensibilidade e exames ajudam a investigar car\u00eancias nutricionais.\" class=\"wp-image-104234\" srcset=\"https:\/\/www.tuasaude.com\/news\/wp-content\/uploads\/2026\/08\/Woman_examining_tongue_in_mirror_202608280242-1024x571.jpg 1024w, https:\/\/www.tuasaude.com\/news\/wp-content\/uploads\/2026\/08\/Woman_examining_tongue_in_mirror_202608280242-300x167.jpg 300w, https:\/\/www.tuasaude.com\/news\/wp-content\/uploads\/2026\/08\/Woman_examining_tongue_in_mirror_202608280242-768x428.jpg 768w, https:\/\/www.tuasaude.com\/news\/wp-content\/uploads\/2026\/08\/Woman_examining_tongue_in_mirror_202608280242-750x418.jpg 750w, https:\/\/www.tuasaude.com\/news\/wp-content\/uploads\/2026\/08\/Woman_examining_tongue_in_mirror_202608280242-1140x636.jpg 1140w, https:\/\/www.tuasaude.com\/news\/wp-content\/uploads\/2026\/08\/Woman_examining_tongue_in_mirror_202608280242.jpg 1280w\" sizes=\"(max-width: 1024px) 100vw, 1024px\" \/><figcaption class=\"wp-element-caption\">L\u00edngua, l\u00e1bios, sensibilidade e exames ajudam a investigar car\u00eancias nutricionais.<\/figcaption><\/figure>\n<\/div>\n\n\n<h2 class=\"wp-block-heading\">O que fazer diante desses sinais orais?<\/h2>\n\n\n\n<p class=\"wp-block-paragraph\">Esses sinais n\u00e3o confirmam sozinhos a exist\u00eancia de anemia ou defici\u00eancia vitam\u00ednica: eles apenas indicam que vale investigar. Algumas orienta\u00e7\u00f5es pr\u00e1ticas ajudam a conduzir o processo com seguran\u00e7a:<\/p>\n\n\n\n<ol class=\"wp-block-list\">\n<li><strong>N\u00e3o iniciar suplementa\u00e7\u00e3o por conta pr\u00f3pria<\/strong>, j\u00e1 que doses inadequadas podem mascarar diagn\u00f3sticos ou causar efeitos adversos<\/li>\n\n\n\n<li><strong>Procurar avalia\u00e7\u00e3o m\u00e9dica<\/strong> quando os sintomas orais persistem por mais de duas semanas<\/li>\n\n\n\n<li><strong>Realizar hemograma completo<\/strong>, al\u00e9m de dosagem de ferritina, ferro s\u00e9rico e vitamina B12<\/li>\n\n\n\n<li><strong>Investigar poss\u00edveis causas de m\u00e1 absor\u00e7\u00e3o<\/strong>, como uso prolongado de certos medicamentos, cirurgia bari\u00e1trica ou doen\u00e7as intestinais<\/li>\n\n\n\n<li><strong>Manter uma alimenta\u00e7\u00e3o equilibrada<\/strong>, incluindo fontes naturais desses nutrientes conforme orienta\u00e7\u00e3o nutricional<\/li>\n\n\n\n<li>Consultar um dentista para descartar causas locais, como infec\u00e7\u00f5es ou pr\u00f3teses mal adaptadas<\/li>\n\n\n\n<li>Observar outros <a href=\"https:\/\/www.tuasaude.com\/sintomas-da-falta-de-vitamina-b12\/\" target=\"_blank\" rel=\"noreferrer noopener\">sintomas da falta de vitamina B12<\/a> que possam estar associados, como formigamento e cansa\u00e7o persistente<\/li>\n<\/ol>\n\n\n\n<p class=\"wp-block-paragraph\">Sinais na boca podem funcionar como um alerta valioso, mas o diagn\u00f3stico correto e o tratamento adequado dependem sempre de avalia\u00e7\u00e3o profissional. Se voc\u00ea percebe altera\u00e7\u00f5es persistentes na l\u00edngua, nos l\u00e1bios ou na mucosa oral, procure orienta\u00e7\u00e3o m\u00e9dica ou odontol\u00f3gica para investiga\u00e7\u00e3o individualizada com exames apropriados.<\/p>\n\n\n\n<p class=\"wp-block-paragraph\"><em>Este conte\u00fado tem car\u00e1ter apenas informativo e n\u00e3o substitui a avalia\u00e7\u00e3o, o diagn\u00f3stico ou o tratamento realizados por um profissional de sa\u00fade qualificado.<\/em><\/p>\n","protected":false},"excerpt":{"rendered":"<p>A boca costuma ser uma das primeiras regi\u00f5es do corpo a mostrar sinais de defici\u00eancia de ferro ou de vitamina B12, muitas vezes antes que o cansa\u00e7o, a palidez e outros sintomas cl\u00e1ssicos chamem aten\u00e7\u00e3o. Altera\u00e7\u00f5es como l\u00edngua lisa e avermelhada, fissuras nos cantos dos l\u00e1bios e ard\u00eancia lingual podem surgir como pistas iniciais dessas [&hellip;]<\/p>\n","protected":false},"author":16,"featured_media":104232,"comment_status":"open","ping_status":"open","sticky":false,"template":"","format":"standard","meta":{"_yoast_wpseo_focuskw":"defici\u00eancia de ferro","_yoast_wpseo_title":"","_yoast_wpseo_metadesc":"A defici\u00eancia de ferro e vitamina B12 pode deixar sinais na boca antes de outros sintomas. Saiba quais altera\u00e7\u00f5es merecem investiga\u00e7\u00e3o e quais exames ajudam.","jnews-multi-image_gallery":[],"jnews_single_post":{"format":"standard"},"jnews_primary_category":[],"jnews_social_meta":[],"jnews_override_counter":[],"footnotes":""},"categories":[111],"tags":[12537,1066,12536,12535,136,1039],"class_list":["post-104231","post","type-post","status-publish","format-standard","has-post-thumbnail","hentry","category-saude","tag-aparecer-nos-sintomas-mais-conhecidos","tag-deficiencia-de-ferro","tag-na-boca-antes-de","tag-pode-se-manifestar","tag-saude","tag-vitamina-b12"],"yoast_head":"<!-- This site is optimized with the Yoast SEO plugin v26.7 - https:\/\/yoast.com\/wordpress\/plugins\/seo\/ -->\n<title>Defici\u00eancia de ferro ou de vitamina B12 pode se manifestar na boca antes de aparecer nos sintomas mais conhecidos - Tua Sa\u00fade<\/title>\n<meta name=\"description\" content=\"A defici\u00eancia de ferro e vitamina B12 pode deixar sinais na boca antes de outros sintomas. Saiba quais altera\u00e7\u00f5es merecem investiga\u00e7\u00e3o e quais exames ajudam.\" \/>\n<meta name=\"robots\" content=\"index, follow, max-snippet:-1, max-image-preview:large, max-video-preview:-1\" \/>\n<link rel=\"canonical\" href=\"https:\/\/www.tuasaude.com\/news\/2026\/08\/31\/deficiencia-de-ferro-ou-de-vitamina-b12-pode-se-manifestar-na-boca-antes-de-aparecer-nos-sintomas-mais-conhecidos\/\" \/>\n<meta property=\"og:locale\" content=\"pt_BR\" \/>\n<meta property=\"og:type\" content=\"article\" \/>\n<meta property=\"og:title\" content=\"Defici\u00eancia de ferro ou de vitamina B12 pode se manifestar na boca antes de aparecer nos sintomas mais conhecidos - Tua Sa\u00fade\" \/>\n<meta property=\"og:description\" content=\"A defici\u00eancia de ferro e vitamina B12 pode deixar sinais na boca antes de outros sintomas. Saiba quais altera\u00e7\u00f5es merecem investiga\u00e7\u00e3o e quais exames ajudam.\" \/>\n<meta property=\"og:url\" content=\"https:\/\/www.tuasaude.com\/news\/2026\/08\/31\/deficiencia-de-ferro-ou-de-vitamina-b12-pode-se-manifestar-na-boca-antes-de-aparecer-nos-sintomas-mais-conhecidos\/\" \/>\n<meta property=\"og:site_name\" content=\"Tua Sa\u00fade\" \/>\n<meta property=\"article:published_time\" content=\"2026-08-31T20:05:00+00:00\" \/>\n<meta property=\"og:image\" content=\"https:\/\/www.tuasaude.com\/news\/wp-content\/uploads\/2026\/08\/Man_checking_tongue_at_table_202608280242.jpg\" \/>\n\t<meta property=\"og:image:width\" content=\"1280\" \/>\n\t<meta property=\"og:image:height\" content=\"714\" \/>\n\t<meta property=\"og:image:type\" content=\"image\/jpeg\" \/>\n<meta name=\"author\" content=\"Maycon Geovane\" \/>\n<meta name=\"twitter:card\" content=\"summary_large_image\" \/>\n<meta name=\"twitter:label1\" content=\"Escrito por\" \/>\n\t<meta name=\"twitter:data1\" content=\"Maycon Geovane\" \/>\n\t<meta name=\"twitter:label2\" content=\"Est. tempo de leitura\" \/>\n\t<meta name=\"twitter:data2\" content=\"5 minutos\" \/>\n<!-- \/ Yoast SEO plugin. -->","yoast_head_json":{"title":"Defici\u00eancia de ferro ou de vitamina B12 pode se manifestar na boca antes de aparecer nos sintomas mais conhecidos - Tua Sa\u00fade","description":"A defici\u00eancia de ferro e vitamina B12 pode deixar sinais na boca antes de outros sintomas. Saiba quais altera\u00e7\u00f5es merecem investiga\u00e7\u00e3o e quais exames ajudam.","robots":{"index":"index","follow":"follow","max-snippet":"max-snippet:-1","max-image-preview":"max-image-preview:large","max-video-preview":"max-video-preview:-1"},"canonical":"https:\/\/www.tuasaude.com\/news\/2026\/08\/31\/deficiencia-de-ferro-ou-de-vitamina-b12-pode-se-manifestar-na-boca-antes-de-aparecer-nos-sintomas-mais-conhecidos\/","og_locale":"pt_BR","og_type":"article","og_title":"Defici\u00eancia de ferro ou de vitamina B12 pode se manifestar na boca antes de aparecer nos sintomas mais conhecidos - Tua Sa\u00fade","og_description":"A defici\u00eancia de ferro e vitamina B12 pode deixar sinais na boca antes de outros sintomas. Saiba quais altera\u00e7\u00f5es merecem investiga\u00e7\u00e3o e quais exames ajudam.","og_url":"https:\/\/www.tuasaude.com\/news\/2026\/08\/31\/deficiencia-de-ferro-ou-de-vitamina-b12-pode-se-manifestar-na-boca-antes-de-aparecer-nos-sintomas-mais-conhecidos\/","og_site_name":"Tua Sa\u00fade","article_published_time":"2026-08-31T20:05:00+00:00","og_image":[{"width":1280,"height":714,"url":"https:\/\/www.tuasaude.com\/news\/wp-content\/uploads\/2026\/08\/Man_checking_tongue_at_table_202608280242.jpg","type":"image\/jpeg"}],"author":"Maycon Geovane","twitter_card":"summary_large_image","twitter_misc":{"Escrito por":"Maycon Geovane","Est. tempo de leitura":"5 minutos"},"schema":{"@context":"https:\/\/schema.org","@graph":[{"@type":"Article","@id":"https:\/\/www.tuasaude.com\/news\/2026\/08\/31\/deficiencia-de-ferro-ou-de-vitamina-b12-pode-se-manifestar-na-boca-antes-de-aparecer-nos-sintomas-mais-conhecidos\/#article","isPartOf":{"@id":"https:\/\/www.tuasaude.com\/news\/2026\/08\/31\/deficiencia-de-ferro-ou-de-vitamina-b12-pode-se-manifestar-na-boca-antes-de-aparecer-nos-sintomas-mais-conhecidos\/"},"author":{"name":"Maycon Geovane","@id":"https:\/\/www.tuasaude.com\/news\/#\/schema\/person\/da63bccfbda5c95cfbf2d37c4276fca0"},"headline":"Defici\u00eancia de ferro ou de vitamina B12 pode se manifestar na boca antes de aparecer nos sintomas mais conhecidos","datePublished":"2026-08-31T20:05:00+00:00","mainEntityOfPage":{"@id":"https:\/\/www.tuasaude.com\/news\/2026\/08\/31\/deficiencia-de-ferro-ou-de-vitamina-b12-pode-se-manifestar-na-boca-antes-de-aparecer-nos-sintomas-mais-conhecidos\/"},"wordCount":838,"commentCount":0,"image":{"@id":"https:\/\/www.tuasaude.com\/news\/2026\/08\/31\/deficiencia-de-ferro-ou-de-vitamina-b12-pode-se-manifestar-na-boca-antes-de-aparecer-nos-sintomas-mais-conhecidos\/#primaryimage"},"thumbnailUrl":"https:\/\/www.tuasaude.com\/news\/wp-content\/uploads\/2026\/08\/Man_checking_tongue_at_table_202608280242.jpg","keywords":["aparecer nos sintomas mais conhecidos","defici\u00eancia de ferro","na boca antes de","pode se manifestar","sa\u00fade","vitamina B12"],"articleSection":["Sa\u00fade"],"inLanguage":"pt-BR","potentialAction":[{"@type":"CommentAction","name":"Comment","target":["https:\/\/www.tuasaude.com\/news\/2026\/08\/31\/deficiencia-de-ferro-ou-de-vitamina-b12-pode-se-manifestar-na-boca-antes-de-aparecer-nos-sintomas-mais-conhecidos\/#respond"]}]},{"@type":"WebPage","@id":"https:\/\/www.tuasaude.com\/news\/2026\/08\/31\/deficiencia-de-ferro-ou-de-vitamina-b12-pode-se-manifestar-na-boca-antes-de-aparecer-nos-sintomas-mais-conhecidos\/","url":"https:\/\/www.tuasaude.com\/news\/2026\/08\/31\/deficiencia-de-ferro-ou-de-vitamina-b12-pode-se-manifestar-na-boca-antes-de-aparecer-nos-sintomas-mais-conhecidos\/","name":"Defici\u00eancia de ferro ou de vitamina B12 pode se manifestar na boca antes de aparecer nos sintomas mais conhecidos - Tua Sa\u00fade","isPartOf":{"@id":"https:\/\/www.tuasaude.com\/news\/#website"},"primaryImageOfPage":{"@id":"https:\/\/www.tuasaude.com\/news\/2026\/08\/31\/deficiencia-de-ferro-ou-de-vitamina-b12-pode-se-manifestar-na-boca-antes-de-aparecer-nos-sintomas-mais-conhecidos\/#primaryimage"},"image":{"@id":"https:\/\/www.tuasaude.com\/news\/2026\/08\/31\/deficiencia-de-ferro-ou-de-vitamina-b12-pode-se-manifestar-na-boca-antes-de-aparecer-nos-sintomas-mais-conhecidos\/#primaryimage"},"thumbnailUrl":"https:\/\/www.tuasaude.com\/news\/wp-content\/uploads\/2026\/08\/Man_checking_tongue_at_table_202608280242.jpg","datePublished":"2026-08-31T20:05:00+00:00","author":{"@id":"https:\/\/www.tuasaude.com\/news\/#\/schema\/person\/da63bccfbda5c95cfbf2d37c4276fca0"},"description":"A defici\u00eancia de ferro e vitamina B12 pode deixar sinais na boca antes de outros sintomas. Saiba quais altera\u00e7\u00f5es merecem investiga\u00e7\u00e3o e quais exames ajudam.","breadcrumb":{"@id":"https:\/\/www.tuasaude.com\/news\/2026\/08\/31\/deficiencia-de-ferro-ou-de-vitamina-b12-pode-se-manifestar-na-boca-antes-de-aparecer-nos-sintomas-mais-conhecidos\/#breadcrumb"},"inLanguage":"pt-BR","potentialAction":[{"@type":"ReadAction","target":["https:\/\/www.tuasaude.com\/news\/2026\/08\/31\/deficiencia-de-ferro-ou-de-vitamina-b12-pode-se-manifestar-na-boca-antes-de-aparecer-nos-sintomas-mais-conhecidos\/"]}]},{"@type":"ImageObject","inLanguage":"pt-BR","@id":"https:\/\/www.tuasaude.com\/news\/2026\/08\/31\/deficiencia-de-ferro-ou-de-vitamina-b12-pode-se-manifestar-na-boca-antes-de-aparecer-nos-sintomas-mais-conhecidos\/#primaryimage","url":"https:\/\/www.tuasaude.com\/news\/wp-content\/uploads\/2026\/08\/Man_checking_tongue_at_table_202608280242.jpg","contentUrl":"https:\/\/www.tuasaude.com\/news\/wp-content\/uploads\/2026\/08\/Man_checking_tongue_at_table_202608280242.jpg","width":1280,"height":714,"caption":"Defici\u00eancia de ferro ou de vitamina B12 pode se manifestar na boca antes de aparecer nos sintomas mais conhecidos"},{"@type":"BreadcrumbList","@id":"https:\/\/www.tuasaude.com\/news\/2026\/08\/31\/deficiencia-de-ferro-ou-de-vitamina-b12-pode-se-manifestar-na-boca-antes-de-aparecer-nos-sintomas-mais-conhecidos\/#breadcrumb","itemListElement":[{"@type":"ListItem","position":1,"name":"In\u00edcio","item":"https:\/\/www.tuasaude.com\/news\/"},{"@type":"ListItem","position":2,"name":"Defici\u00eancia de ferro ou de vitamina B12 pode se manifestar na boca antes de aparecer nos sintomas mais conhecidos"}]},{"@type":"WebSite","@id":"https:\/\/www.tuasaude.com\/news\/#website","url":"https:\/\/www.tuasaude.com\/news\/","name":"Tua Sa\u00fade","description":"Seu site de sa\u00fade","potentialAction":[{"@type":"SearchAction","target":{"@type":"EntryPoint","urlTemplate":"https:\/\/www.tuasaude.com\/news\/?s={search_term_string}"},"query-input":{"@type":"PropertyValueSpecification","valueRequired":true,"valueName":"search_term_string"}}],"inLanguage":"pt-BR"},{"@type":"Person","@id":"https:\/\/www.tuasaude.com\/news\/#\/schema\/person\/da63bccfbda5c95cfbf2d37c4276fca0","name":"Maycon Geovane","image":{"@type":"ImageObject","inLanguage":"pt-BR","@id":"https:\/\/www.tuasaude.com\/news\/#\/schema\/person\/image\/","url":"https:\/\/secure.gravatar.com\/avatar\/4f4908cf0a2f249a9f1137f9d5769cacc373d9aee67910cc212a09a346873b7d?s=96&d=mm&r=g","contentUrl":"https:\/\/secure.gravatar.com\/avatar\/4f4908cf0a2f249a9f1137f9d5769cacc373d9aee67910cc212a09a346873b7d?s=96&d=mm&r=g","caption":"Maycon Geovane"},"sameAs":["https:\/\/www.tuasaude.com\/news\/"],"url":"https:\/\/www.tuasaude.com\/news\/author\/maycongeovane\/"}]}},"_links":{"self":[{"href":"https:\/\/www.tuasaude.com\/news\/wp-json\/wp\/v2\/posts\/104231","targetHints":{"allow":["GET"]}}],"collection":[{"href":"https:\/\/www.tuasaude.com\/news\/wp-json\/wp\/v2\/posts"}],"about":[{"href":"https:\/\/www.tuasaude.com\/news\/wp-json\/wp\/v2\/types\/post"}],"author":[{"embeddable":true,"href":"https:\/\/www.tuasaude.com\/news\/wp-json\/wp\/v2\/users\/16"}],"replies":[{"embeddable":true,"href":"https:\/\/www.tuasaude.com\/news\/wp-json\/wp\/v2\/comments?post=104231"}],"version-history":[{"count":1,"href":"https:\/\/www.tuasaude.com\/news\/wp-json\/wp\/v2\/posts\/104231\/revisions"}],"predecessor-version":[{"id":104235,"href":"https:\/\/www.tuasaude.com\/news\/wp-json\/wp\/v2\/posts\/104231\/revisions\/104235"}],"wp:featuredmedia":[{"embeddable":true,"href":"https:\/\/www.tuasaude.com\/news\/wp-json\/wp\/v2\/media\/104232"}],"wp:attachment":[{"href":"https:\/\/www.tuasaude.com\/news\/wp-json\/wp\/v2\/media?parent=104231"}],"wp:term":[{"taxonomy":"category","embeddable":true,"href":"https:\/\/www.tuasaude.com\/news\/wp-json\/wp\/v2\/categories?post=104231"},{"taxonomy":"post_tag","embeddable":true,"href":"https:\/\/www.tuasaude.com\/news\/wp-json\/wp\/v2\/tags?post=104231"}],"curies":[{"name":"wp","href":"https:\/\/api.w.org\/{rel}","templated":true}]}}