{"id":104226,"date":"2026-08-31T16:40:00","date_gmt":"2026-08-31T19:40:00","guid":{"rendered":"https:\/\/www.tuasaude.com\/news\/?p=104226"},"modified":"2026-08-28T02:40:14","modified_gmt":"2026-08-28T05:40:14","slug":"compensar-a-noite-mal-dormida-no-fim-de-semana-ajuda-menos-do-que-a-maioria-das-pessoas-imagina","status":"publish","type":"post","link":"https:\/\/www.tuasaude.com\/news\/2026\/08\/31\/compensar-a-noite-mal-dormida-no-fim-de-semana-ajuda-menos-do-que-a-maioria-das-pessoas-imagina\/","title":{"rendered":"Compensar a noite mal dormida no fim de semana ajuda menos do que a maioria das pessoas imagina"},"content":{"rendered":"\n<p class=\"wp-block-paragraph\">Compensar noites mal dormidas dormindo mais no s\u00e1bado e domingo alivia parte do cansa\u00e7o, mas n\u00e3o rep\u00f5e integralmente os efeitos da priva\u00e7\u00e3o de sono acumulada durante a semana. Estudos cient\u00edficos mostram que o chamado &#8220;sono de reposi\u00e7\u00e3o&#8221; restaura apenas parcialmente a aten\u00e7\u00e3o, a sensibilidade \u00e0 insulina e o equil\u00edbrio metab\u00f3lico. Isso n\u00e3o significa que estender o sono no fim de semana seja in\u00fatil: para quem tem rotina de trabalho r\u00edgida, dormir mais nesses dias \u00e9 claramente melhor do que nada, mas ainda \u00e9 diferente de manter um padr\u00e3o regular durante a semana toda.<\/p>\n\n\n\n<h2 class=\"wp-block-heading\">Por que o sono acumulado durante a semana n\u00e3o \u00e9 totalmente reposto?<\/h2>\n\n\n\n<p class=\"wp-block-paragraph\">A priva\u00e7\u00e3o parcial de sono, mesmo quando repetida por poucos dias, produz efeitos que v\u00e3o al\u00e9m da sonol\u00eancia. Ela altera a produ\u00e7\u00e3o de horm\u00f4nios, prejudica a resposta imunol\u00f3gica e reduz a capacidade do organismo de processar glicose de forma eficiente.<\/p>\n\n\n\n<p class=\"wp-block-paragraph\">Quando a pessoa tenta compensar apenas em dois dias, o corpo consegue recuperar em parte a disposi\u00e7\u00e3o imediata, mas v\u00e1rias fun\u00e7\u00f5es metab\u00f3licas permanecem alteradas. \u00c9 como zerar apenas uma parte de uma d\u00edvida biol\u00f3gica que continua acumulando juros ao longo das semanas.<\/p>\n\n\n\n<h2 class=\"wp-block-heading\">O que muda no c\u00e9rebro e no metabolismo com o sono restrito?<\/h2>\n\n\n\n<p class=\"wp-block-paragraph\">A restri\u00e7\u00e3o cr\u00f4nica de sono impacta simultaneamente o funcionamento cognitivo e o equil\u00edbrio hormonal. Mesmo perdas modestas, de 1 a 2 horas por noite ao longo da semana, j\u00e1 produzem altera\u00e7\u00f5es mensur\u00e1veis.<\/p>\n\n\n\n<p class=\"wp-block-paragraph\">Isso ajuda a explicar por que quem dorme pouco de segunda a sexta pode apresentar mais fome, dificuldade de concentra\u00e7\u00e3o e queda de rendimento no trabalho, sinais que tamb\u00e9m aparecem em quadros de <a href=\"https:\/\/www.tuasaude.com\/insonia\/\" target=\"_blank\" rel=\"noreferrer noopener\">ins\u00f4nia<\/a> mais persistente.<\/p>\n\n\n<div class=\"wp-block-image\">\n<figure class=\"aligncenter size-large\"><img decoding=\"async\" width=\"1024\" height=\"571\" src=\"https:\/\/www.tuasaude.com\/news\/wp-content\/uploads\/2026\/08\/Infographic_about_recovery_sleep\u2026_202608280239-1024x571.jpg\" alt=\"Regularidade, cochilos, ambiente e rotina ajudam a reduzir os efeitos do sono insuficiente.\" class=\"wp-image-104228\" srcset=\"https:\/\/www.tuasaude.com\/news\/wp-content\/uploads\/2026\/08\/Infographic_about_recovery_sleep\u2026_202608280239-1024x571.jpg 1024w, https:\/\/www.tuasaude.com\/news\/wp-content\/uploads\/2026\/08\/Infographic_about_recovery_sleep\u2026_202608280239-300x167.jpg 300w, https:\/\/www.tuasaude.com\/news\/wp-content\/uploads\/2026\/08\/Infographic_about_recovery_sleep\u2026_202608280239-768x428.jpg 768w, https:\/\/www.tuasaude.com\/news\/wp-content\/uploads\/2026\/08\/Infographic_about_recovery_sleep\u2026_202608280239-750x418.jpg 750w, https:\/\/www.tuasaude.com\/news\/wp-content\/uploads\/2026\/08\/Infographic_about_recovery_sleep\u2026_202608280239-1140x636.jpg 1140w, https:\/\/www.tuasaude.com\/news\/wp-content\/uploads\/2026\/08\/Infographic_about_recovery_sleep\u2026_202608280239.jpg 1280w\" sizes=\"(max-width: 1024px) 100vw, 1024px\" \/><figcaption class=\"wp-element-caption\">Regularidade, cochilos, ambiente e rotina ajudam a reduzir os efeitos do sono insuficiente.<\/figcaption><\/figure>\n<\/div>\n\n\n<h2 class=\"wp-block-heading\">Como um estudo cient\u00edfico avaliou o sono de reposi\u00e7\u00e3o?<\/h2>\n\n\n\n<p class=\"wp-block-paragraph\">Pesquisadores v\u00eam testando em laborat\u00f3rio o quanto duas noites de sono estendido conseguem compensar dias de restri\u00e7\u00e3o. Segundo o estudo <a href=\"https:\/\/pubmed.ncbi.nlm.nih.gov\/30892916\/\" target=\"_blank\" rel=\"noreferrer noopener\">Two nights of recovery sleep restores the dynamic lipemic response, but not the reduction of insulin sensitivity, induced by five nights of sleep restriction<\/a>, publicado na revista <em>American Journal of Physiology &#8211; Endocrinology and Metabolism<\/em> e indexado no PubMed, duas noites de sono de reposi\u00e7\u00e3o n\u00e3o foram suficientes para restaurar a sensibilidade \u00e0 insulina ap\u00f3s cinco noites de restri\u00e7\u00e3o.<\/p>\n\n\n\n<p class=\"wp-block-paragraph\">O experimento acompanhou homens saud\u00e1veis em ambiente controlado e mostrou que, embora parte do metabolismo lip\u00eddico voltasse ao normal, o processamento da glicose permanecia alterado, o que refor\u00e7a que o fim de semana n\u00e3o zera integralmente os preju\u00edzos acumulados durante a semana.<\/p>\n\n\n\n<h2 class=\"wp-block-heading\">Quais s\u00e3o as principais consequ\u00eancias de n\u00e3o dormir o suficiente?<\/h2>\n\n\n\n<p class=\"wp-block-paragraph\">A priva\u00e7\u00e3o regular de sono, mesmo quando parcialmente compensada, se associa a diversos desfechos negativos observados em estudos populacionais. Entre os mais documentados est\u00e3o:<\/p>\n\n\n\n<ul class=\"wp-block-list\">\n<li><strong>Queda da aten\u00e7\u00e3o e do tempo de rea\u00e7\u00e3o<\/strong>, com impacto direto no trabalho e ao dirigir<\/li>\n\n\n\n<li><strong>Redu\u00e7\u00e3o da sensibilidade \u00e0 insulina<\/strong>, aumentando o risco de resist\u00eancia insul\u00ednica<\/li>\n\n\n\n<li><strong>Aumento do apetite e da prefer\u00eancia por alimentos cal\u00f3ricos<\/strong>, com tend\u00eancia a ganho de peso<\/li>\n\n\n\n<li><strong>Eleva\u00e7\u00e3o da press\u00e3o arterial<\/strong> e maior risco cardiovascular a longo prazo<\/li>\n\n\n\n<li><strong>Preju\u00edzo \u00e0 consolida\u00e7\u00e3o da mem\u00f3ria<\/strong> e ao aprendizado<\/li>\n\n\n\n<li>Altera\u00e7\u00f5es do humor, com mais irritabilidade e sintomas ansiosos<\/li>\n\n\n\n<li>Enfraquecimento da resposta imunol\u00f3gica<\/li>\n<\/ul>\n\n\n<div class=\"wp-block-image\">\n<figure class=\"aligncenter size-large\"><img decoding=\"async\" width=\"1024\" height=\"571\" src=\"https:\/\/www.tuasaude.com\/news\/wp-content\/uploads\/2026\/08\/Man_sitting_on_bed_202608280239-1024x571.jpg\" alt=\"Sono de reposi\u00e7\u00e3o recupera parte do cansa\u00e7o, mas regularidade continua sendo essencial.\" class=\"wp-image-104229\" srcset=\"https:\/\/www.tuasaude.com\/news\/wp-content\/uploads\/2026\/08\/Man_sitting_on_bed_202608280239-1024x571.jpg 1024w, https:\/\/www.tuasaude.com\/news\/wp-content\/uploads\/2026\/08\/Man_sitting_on_bed_202608280239-300x167.jpg 300w, https:\/\/www.tuasaude.com\/news\/wp-content\/uploads\/2026\/08\/Man_sitting_on_bed_202608280239-768x428.jpg 768w, https:\/\/www.tuasaude.com\/news\/wp-content\/uploads\/2026\/08\/Man_sitting_on_bed_202608280239-750x418.jpg 750w, https:\/\/www.tuasaude.com\/news\/wp-content\/uploads\/2026\/08\/Man_sitting_on_bed_202608280239-1140x636.jpg 1140w, https:\/\/www.tuasaude.com\/news\/wp-content\/uploads\/2026\/08\/Man_sitting_on_bed_202608280239.jpg 1280w\" sizes=\"(max-width: 1024px) 100vw, 1024px\" \/><figcaption class=\"wp-element-caption\">Sono de reposi\u00e7\u00e3o recupera parte do cansa\u00e7o, mas regularidade continua sendo essencial.<\/figcaption><\/figure>\n<\/div>\n\n\n<h2 class=\"wp-block-heading\">Como reduzir o impacto quando a rotina n\u00e3o permite dormir o ideal?<\/h2>\n\n\n\n<p class=\"wp-block-paragraph\">Reconhecer que nem todos podem ter oito horas ininterruptas de sono \u00e9 importante, especialmente para trabalhadores de turno, cuidadores e pais de crian\u00e7as pequenas. Algumas estrat\u00e9gias ajudam a minimizar o dano acumulado sem culpabilizar quem tem rotina apertada:<\/p>\n\n\n\n<ol class=\"wp-block-list\">\n<li><strong>Manter hor\u00e1rios regulares<\/strong> sempre que poss\u00edvel, mesmo que o total de horas seja menor que o ideal<\/li>\n\n\n\n<li><strong>Evitar varia\u00e7\u00f5es grandes<\/strong> entre o hor\u00e1rio de dormir de dias \u00fateis e fins de semana, reduzindo o chamado jet lag social<\/li>\n\n\n\n<li><strong>Aproveitar cochilos curtos<\/strong> de 20 a 30 minutos no in\u00edcio da tarde, quando a rotina permitir<\/li>\n\n\n\n<li><strong>Refor\u00e7ar a <a href=\"https:\/\/www.tuasaude.com\/higiene-do-sono\/\" target=\"_blank\" rel=\"noreferrer noopener\">higiene do sono<\/a><\/strong>, com quarto escuro, ambiente silencioso e limita\u00e7\u00e3o de telas antes de deitar<\/li>\n\n\n\n<li><strong>Reservar tempo suficiente na cama<\/strong> para atingir a faixa recomendada de <a href=\"https:\/\/www.tuasaude.com\/quantas-horas-se-deve-dormir\/\" target=\"_blank\" rel=\"noreferrer noopener\">horas de sono<\/a> ideal para cada idade<\/li>\n\n\n\n<li>Evitar cafe\u00edna no fim do dia e refei\u00e7\u00f5es pesadas pr\u00f3ximas ao hor\u00e1rio de dormir<\/li>\n\n\n\n<li>Buscar avalia\u00e7\u00e3o m\u00e9dica em caso de sono n\u00e3o reparador persistente ou sinais de apneia<\/li>\n<\/ol>\n\n\n\n<p class=\"wp-block-paragraph\">Se o cansa\u00e7o se mant\u00e9m mesmo ap\u00f3s noites longas de sono ou se surgem sinais como ronco intenso, pausas respirat\u00f3rias durante o sono e sonol\u00eancia constante ao longo do dia, procure orienta\u00e7\u00e3o m\u00e9dica ou de um especialista em medicina do sono para uma avalia\u00e7\u00e3o individualizada e adequada ao seu caso.<\/p>\n\n\n\n<p class=\"wp-block-paragraph\"><em>Este conte\u00fado tem car\u00e1ter apenas informativo e n\u00e3o substitui a avalia\u00e7\u00e3o, o diagn\u00f3stico ou o tratamento realizados por um profissional de sa\u00fade qualificado.<\/em><\/p>\n","protected":false},"excerpt":{"rendered":"<p>Compensar noites mal dormidas dormindo mais no s\u00e1bado e domingo alivia parte do cansa\u00e7o, mas n\u00e3o rep\u00f5e integralmente os efeitos da priva\u00e7\u00e3o de sono acumulada durante a semana. Estudos cient\u00edficos mostram que o chamado &#8220;sono de reposi\u00e7\u00e3o&#8221; restaura apenas parcialmente a aten\u00e7\u00e3o, a sensibilidade \u00e0 insulina e o equil\u00edbrio metab\u00f3lico. Isso n\u00e3o significa que estender [&hellip;]<\/p>\n","protected":false},"author":16,"featured_media":104227,"comment_status":"open","ping_status":"open","sticky":false,"template":"","format":"standard","meta":{"_yoast_wpseo_focuskw":"sono de reposi\u00e7\u00e3o","_yoast_wpseo_title":"","_yoast_wpseo_metadesc":"Dormir mais no fim de semana alivia o cansa\u00e7o, mas o sono de reposi\u00e7\u00e3o n\u00e3o recupera tudo. Entenda o que permanece alterado ap\u00f3s noites mal dormidas.","jnews-multi-image_gallery":[],"jnews_single_post":{"format":"standard"},"jnews_primary_category":[],"jnews_social_meta":[],"jnews_override_counter":[],"footnotes":""},"categories":[111],"tags":[12532,12530,12534,12533,12531,5653,136],"class_list":["post-104226","post","type-post","status-publish","format-standard","has-post-thumbnail","hentry","category-saude","tag-ajuda-menos","tag-compensar","tag-das-pessoas-imagina","tag-do-que-a-maioria","tag-no-fim-de-semana","tag-noite-mal-dormida","tag-saude"],"yoast_head":"<!-- This site is optimized with the Yoast SEO plugin v26.7 - https:\/\/yoast.com\/wordpress\/plugins\/seo\/ -->\n<title>Compensar a noite mal dormida no fim de semana ajuda menos do que a maioria das pessoas imagina - Tua Sa\u00fade<\/title>\n<meta name=\"description\" content=\"Dormir mais no fim de semana alivia o cansa\u00e7o, mas o sono de reposi\u00e7\u00e3o n\u00e3o recupera tudo. Entenda o que permanece alterado ap\u00f3s noites mal dormidas.\" \/>\n<meta name=\"robots\" content=\"index, follow, max-snippet:-1, max-image-preview:large, max-video-preview:-1\" \/>\n<link rel=\"canonical\" href=\"https:\/\/www.tuasaude.com\/news\/2026\/08\/31\/compensar-a-noite-mal-dormida-no-fim-de-semana-ajuda-menos-do-que-a-maioria-das-pessoas-imagina\/\" \/>\n<meta property=\"og:locale\" content=\"pt_BR\" \/>\n<meta property=\"og:type\" content=\"article\" \/>\n<meta property=\"og:title\" content=\"Compensar a noite mal dormida no fim de semana ajuda menos do que a maioria das pessoas imagina - Tua Sa\u00fade\" \/>\n<meta property=\"og:description\" content=\"Dormir mais no fim de semana alivia o cansa\u00e7o, mas o sono de reposi\u00e7\u00e3o n\u00e3o recupera tudo. Entenda o que permanece alterado ap\u00f3s noites mal dormidas.\" \/>\n<meta property=\"og:url\" content=\"https:\/\/www.tuasaude.com\/news\/2026\/08\/31\/compensar-a-noite-mal-dormida-no-fim-de-semana-ajuda-menos-do-que-a-maioria-das-pessoas-imagina\/\" \/>\n<meta property=\"og:site_name\" content=\"Tua Sa\u00fade\" \/>\n<meta property=\"article:published_time\" content=\"2026-08-31T19:40:00+00:00\" \/>\n<meta property=\"og:image\" content=\"https:\/\/www.tuasaude.com\/news\/wp-content\/uploads\/2026\/08\/Woman_sleeping_in_bedroom_202608280239.jpg\" \/>\n\t<meta property=\"og:image:width\" content=\"1280\" \/>\n\t<meta property=\"og:image:height\" content=\"714\" \/>\n\t<meta property=\"og:image:type\" content=\"image\/jpeg\" \/>\n<meta name=\"author\" content=\"Maycon Geovane\" \/>\n<meta name=\"twitter:card\" content=\"summary_large_image\" \/>\n<meta name=\"twitter:label1\" content=\"Escrito por\" \/>\n\t<meta name=\"twitter:data1\" content=\"Maycon Geovane\" \/>\n\t<meta name=\"twitter:label2\" content=\"Est. tempo de leitura\" \/>\n\t<meta name=\"twitter:data2\" content=\"5 minutos\" \/>\n<!-- \/ Yoast SEO plugin. -->","yoast_head_json":{"title":"Compensar a noite mal dormida no fim de semana ajuda menos do que a maioria das pessoas imagina - Tua Sa\u00fade","description":"Dormir mais no fim de semana alivia o cansa\u00e7o, mas o sono de reposi\u00e7\u00e3o n\u00e3o recupera tudo. Entenda o que permanece alterado ap\u00f3s noites mal dormidas.","robots":{"index":"index","follow":"follow","max-snippet":"max-snippet:-1","max-image-preview":"max-image-preview:large","max-video-preview":"max-video-preview:-1"},"canonical":"https:\/\/www.tuasaude.com\/news\/2026\/08\/31\/compensar-a-noite-mal-dormida-no-fim-de-semana-ajuda-menos-do-que-a-maioria-das-pessoas-imagina\/","og_locale":"pt_BR","og_type":"article","og_title":"Compensar a noite mal dormida no fim de semana ajuda menos do que a maioria das pessoas imagina - Tua Sa\u00fade","og_description":"Dormir mais no fim de semana alivia o cansa\u00e7o, mas o sono de reposi\u00e7\u00e3o n\u00e3o recupera tudo. Entenda o que permanece alterado ap\u00f3s noites mal dormidas.","og_url":"https:\/\/www.tuasaude.com\/news\/2026\/08\/31\/compensar-a-noite-mal-dormida-no-fim-de-semana-ajuda-menos-do-que-a-maioria-das-pessoas-imagina\/","og_site_name":"Tua Sa\u00fade","article_published_time":"2026-08-31T19:40:00+00:00","og_image":[{"width":1280,"height":714,"url":"https:\/\/www.tuasaude.com\/news\/wp-content\/uploads\/2026\/08\/Woman_sleeping_in_bedroom_202608280239.jpg","type":"image\/jpeg"}],"author":"Maycon Geovane","twitter_card":"summary_large_image","twitter_misc":{"Escrito por":"Maycon Geovane","Est. tempo de leitura":"5 minutos"},"schema":{"@context":"https:\/\/schema.org","@graph":[{"@type":"Article","@id":"https:\/\/www.tuasaude.com\/news\/2026\/08\/31\/compensar-a-noite-mal-dormida-no-fim-de-semana-ajuda-menos-do-que-a-maioria-das-pessoas-imagina\/#article","isPartOf":{"@id":"https:\/\/www.tuasaude.com\/news\/2026\/08\/31\/compensar-a-noite-mal-dormida-no-fim-de-semana-ajuda-menos-do-que-a-maioria-das-pessoas-imagina\/"},"author":{"name":"Maycon Geovane","@id":"https:\/\/www.tuasaude.com\/news\/#\/schema\/person\/da63bccfbda5c95cfbf2d37c4276fca0"},"headline":"Compensar a noite mal dormida no fim de semana ajuda menos do que a maioria das pessoas imagina","datePublished":"2026-08-31T19:40:00+00:00","mainEntityOfPage":{"@id":"https:\/\/www.tuasaude.com\/news\/2026\/08\/31\/compensar-a-noite-mal-dormida-no-fim-de-semana-ajuda-menos-do-que-a-maioria-das-pessoas-imagina\/"},"wordCount":879,"commentCount":0,"image":{"@id":"https:\/\/www.tuasaude.com\/news\/2026\/08\/31\/compensar-a-noite-mal-dormida-no-fim-de-semana-ajuda-menos-do-que-a-maioria-das-pessoas-imagina\/#primaryimage"},"thumbnailUrl":"https:\/\/www.tuasaude.com\/news\/wp-content\/uploads\/2026\/08\/Woman_sleeping_in_bedroom_202608280239.jpg","keywords":["ajuda menos","compensar","das pessoas imagina","do que a maioria","no fim de semana","noite mal dormida","sa\u00fade"],"articleSection":["Sa\u00fade"],"inLanguage":"pt-BR","potentialAction":[{"@type":"CommentAction","name":"Comment","target":["https:\/\/www.tuasaude.com\/news\/2026\/08\/31\/compensar-a-noite-mal-dormida-no-fim-de-semana-ajuda-menos-do-que-a-maioria-das-pessoas-imagina\/#respond"]}]},{"@type":"WebPage","@id":"https:\/\/www.tuasaude.com\/news\/2026\/08\/31\/compensar-a-noite-mal-dormida-no-fim-de-semana-ajuda-menos-do-que-a-maioria-das-pessoas-imagina\/","url":"https:\/\/www.tuasaude.com\/news\/2026\/08\/31\/compensar-a-noite-mal-dormida-no-fim-de-semana-ajuda-menos-do-que-a-maioria-das-pessoas-imagina\/","name":"Compensar a noite mal dormida no fim de semana ajuda menos do que a maioria das pessoas imagina - Tua Sa\u00fade","isPartOf":{"@id":"https:\/\/www.tuasaude.com\/news\/#website"},"primaryImageOfPage":{"@id":"https:\/\/www.tuasaude.com\/news\/2026\/08\/31\/compensar-a-noite-mal-dormida-no-fim-de-semana-ajuda-menos-do-que-a-maioria-das-pessoas-imagina\/#primaryimage"},"image":{"@id":"https:\/\/www.tuasaude.com\/news\/2026\/08\/31\/compensar-a-noite-mal-dormida-no-fim-de-semana-ajuda-menos-do-que-a-maioria-das-pessoas-imagina\/#primaryimage"},"thumbnailUrl":"https:\/\/www.tuasaude.com\/news\/wp-content\/uploads\/2026\/08\/Woman_sleeping_in_bedroom_202608280239.jpg","datePublished":"2026-08-31T19:40:00+00:00","author":{"@id":"https:\/\/www.tuasaude.com\/news\/#\/schema\/person\/da63bccfbda5c95cfbf2d37c4276fca0"},"description":"Dormir mais no fim de semana alivia o cansa\u00e7o, mas o sono de reposi\u00e7\u00e3o n\u00e3o recupera tudo. Entenda o que permanece alterado ap\u00f3s noites mal dormidas.","breadcrumb":{"@id":"https:\/\/www.tuasaude.com\/news\/2026\/08\/31\/compensar-a-noite-mal-dormida-no-fim-de-semana-ajuda-menos-do-que-a-maioria-das-pessoas-imagina\/#breadcrumb"},"inLanguage":"pt-BR","potentialAction":[{"@type":"ReadAction","target":["https:\/\/www.tuasaude.com\/news\/2026\/08\/31\/compensar-a-noite-mal-dormida-no-fim-de-semana-ajuda-menos-do-que-a-maioria-das-pessoas-imagina\/"]}]},{"@type":"ImageObject","inLanguage":"pt-BR","@id":"https:\/\/www.tuasaude.com\/news\/2026\/08\/31\/compensar-a-noite-mal-dormida-no-fim-de-semana-ajuda-menos-do-que-a-maioria-das-pessoas-imagina\/#primaryimage","url":"https:\/\/www.tuasaude.com\/news\/wp-content\/uploads\/2026\/08\/Woman_sleeping_in_bedroom_202608280239.jpg","contentUrl":"https:\/\/www.tuasaude.com\/news\/wp-content\/uploads\/2026\/08\/Woman_sleeping_in_bedroom_202608280239.jpg","width":1280,"height":714,"caption":"Compensar a noite mal dormida no fim de semana ajuda menos do que a maioria das pessoas imagina"},{"@type":"BreadcrumbList","@id":"https:\/\/www.tuasaude.com\/news\/2026\/08\/31\/compensar-a-noite-mal-dormida-no-fim-de-semana-ajuda-menos-do-que-a-maioria-das-pessoas-imagina\/#breadcrumb","itemListElement":[{"@type":"ListItem","position":1,"name":"In\u00edcio","item":"https:\/\/www.tuasaude.com\/news\/"},{"@type":"ListItem","position":2,"name":"Compensar a noite mal dormida no fim de semana ajuda menos do que a maioria das pessoas imagina"}]},{"@type":"WebSite","@id":"https:\/\/www.tuasaude.com\/news\/#website","url":"https:\/\/www.tuasaude.com\/news\/","name":"Tua Sa\u00fade","description":"Seu site de sa\u00fade","potentialAction":[{"@type":"SearchAction","target":{"@type":"EntryPoint","urlTemplate":"https:\/\/www.tuasaude.com\/news\/?s={search_term_string}"},"query-input":{"@type":"PropertyValueSpecification","valueRequired":true,"valueName":"search_term_string"}}],"inLanguage":"pt-BR"},{"@type":"Person","@id":"https:\/\/www.tuasaude.com\/news\/#\/schema\/person\/da63bccfbda5c95cfbf2d37c4276fca0","name":"Maycon Geovane","image":{"@type":"ImageObject","inLanguage":"pt-BR","@id":"https:\/\/www.tuasaude.com\/news\/#\/schema\/person\/image\/","url":"https:\/\/secure.gravatar.com\/avatar\/4f4908cf0a2f249a9f1137f9d5769cacc373d9aee67910cc212a09a346873b7d?s=96&d=mm&r=g","contentUrl":"https:\/\/secure.gravatar.com\/avatar\/4f4908cf0a2f249a9f1137f9d5769cacc373d9aee67910cc212a09a346873b7d?s=96&d=mm&r=g","caption":"Maycon Geovane"},"sameAs":["https:\/\/www.tuasaude.com\/news\/"],"url":"https:\/\/www.tuasaude.com\/news\/author\/maycongeovane\/"}]}},"_links":{"self":[{"href":"https:\/\/www.tuasaude.com\/news\/wp-json\/wp\/v2\/posts\/104226","targetHints":{"allow":["GET"]}}],"collection":[{"href":"https:\/\/www.tuasaude.com\/news\/wp-json\/wp\/v2\/posts"}],"about":[{"href":"https:\/\/www.tuasaude.com\/news\/wp-json\/wp\/v2\/types\/post"}],"author":[{"embeddable":true,"href":"https:\/\/www.tuasaude.com\/news\/wp-json\/wp\/v2\/users\/16"}],"replies":[{"embeddable":true,"href":"https:\/\/www.tuasaude.com\/news\/wp-json\/wp\/v2\/comments?post=104226"}],"version-history":[{"count":1,"href":"https:\/\/www.tuasaude.com\/news\/wp-json\/wp\/v2\/posts\/104226\/revisions"}],"predecessor-version":[{"id":104230,"href":"https:\/\/www.tuasaude.com\/news\/wp-json\/wp\/v2\/posts\/104226\/revisions\/104230"}],"wp:featuredmedia":[{"embeddable":true,"href":"https:\/\/www.tuasaude.com\/news\/wp-json\/wp\/v2\/media\/104227"}],"wp:attachment":[{"href":"https:\/\/www.tuasaude.com\/news\/wp-json\/wp\/v2\/media?parent=104226"}],"wp:term":[{"taxonomy":"category","embeddable":true,"href":"https:\/\/www.tuasaude.com\/news\/wp-json\/wp\/v2\/categories?post=104226"},{"taxonomy":"post_tag","embeddable":true,"href":"https:\/\/www.tuasaude.com\/news\/wp-json\/wp\/v2\/tags?post=104226"}],"curies":[{"name":"wp","href":"https:\/\/api.w.org\/{rel}","templated":true}]}}