{"id":104209,"date":"2026-08-31T15:25:00","date_gmt":"2026-08-31T18:25:00","guid":{"rendered":"https:\/\/www.tuasaude.com\/news\/?p=104209"},"modified":"2026-08-28T02:27:13","modified_gmt":"2026-08-28T05:27:13","slug":"existe-uma-versao-de-verao-da-depressao-sazonal-e-ela-costuma-se-manifestar-de-forma-diferente-da-tradicional","status":"publish","type":"post","link":"https:\/\/www.tuasaude.com\/news\/2026\/08\/31\/existe-uma-versao-de-verao-da-depressao-sazonal-e-ela-costuma-se-manifestar-de-forma-diferente-da-tradicional\/","title":{"rendered":"Existe uma vers\u00e3o de ver\u00e3o da depress\u00e3o sazonal, e ela costuma se manifestar de forma diferente da tradicional"},"content":{"rendered":"\n<p class=\"wp-block-paragraph\">Sim, existe uma vers\u00e3o de ver\u00e3o do transtorno afetivo sazonal, embora seja bem menos comum do que a forma tradicional associada ao inverno. Enquanto a depress\u00e3o sazonal cl\u00e1ssica costuma trazer sonol\u00eancia excessiva, cansa\u00e7o e vontade de comer carboidratos, o padr\u00e3o de ver\u00e3o surge com um quadro quase oposto, marcado por ins\u00f4nia, perda de apetite, agita\u00e7\u00e3o e irritabilidade. Entender essas diferen\u00e7as ajuda a reconhecer sinais que muitas vezes passam despercebidos justamente por acontecerem na esta\u00e7\u00e3o mais associada ao bem-estar.<\/p>\n\n\n\n<h2 class=\"wp-block-heading\">O que \u00e9 o transtorno afetivo sazonal de ver\u00e3o?<\/h2>\n\n\n\n<p class=\"wp-block-paragraph\">O transtorno afetivo sazonal (TAS) \u00e9 um subtipo de depress\u00e3o em que os epis\u00f3dios seguem um padr\u00e3o previs\u00edvel ao longo do ano. Na vers\u00e3o de ver\u00e3o, os sintomas aparecem no fim da primavera ou in\u00edcio da esta\u00e7\u00e3o quente e tendem a melhorar no outono.<\/p>\n\n\n\n<p class=\"wp-block-paragraph\">Diferente da forma invernal, esse padr\u00e3o \u00e9 considerado raro e ainda pouco reconhecido, principalmente em regi\u00f5es tropicais. Por isso, muitas pessoas convivem anos com o quadro sem receber um diagn\u00f3stico adequado, o que refor\u00e7a a import\u00e2ncia de investigar mudan\u00e7as de humor recorrentes na mesma \u00e9poca do ano.<\/p>\n\n\n\n<h2 class=\"wp-block-heading\">Como o padr\u00e3o de ver\u00e3o se diferencia da vers\u00e3o de inverno?<\/h2>\n\n\n\n<p class=\"wp-block-paragraph\">As duas formas compartilham a base depressiva, mas se expressam de maneiras quase opostas no corpo e no comportamento. A depress\u00e3o de inverno \u00e9 chamada de at\u00edpica por trazer sonol\u00eancia e aumento de peso, enquanto a de ver\u00e3o se aproxima de um quadro mais agitado, com ins\u00f4nia e perda de apetite.<\/p>\n\n\n\n<p class=\"wp-block-paragraph\">Reconhecer essas particularidades \u00e9 essencial para n\u00e3o confundir o TAS de ver\u00e3o com estresse cotidiano, esgotamento profissional ou at\u00e9 com quadros em que <a href=\"https:\/\/www.tuasaude.com\/depressao-e-ansiedade\/\" target=\"_blank\" rel=\"noreferrer noopener\">depress\u00e3o e ansiedade<\/a> aparecem juntas, o que tamb\u00e9m pode cursar com inquieta\u00e7\u00e3o e altera\u00e7\u00f5es no sono.<\/p>\n\n\n<div class=\"wp-block-image\">\n<figure class=\"aligncenter size-large\"><img decoding=\"async\" width=\"1024\" height=\"571\" src=\"https:\/\/www.tuasaude.com\/news\/wp-content\/uploads\/2026\/08\/Infographic_depicting_summer_sea\u2026_202608280226-1024x571.jpg\" alt=\"Calor, luz, sono, apetite e humor ajudam a reconhecer o padr\u00e3o sazonal de ver\u00e3o.\" class=\"wp-image-104211\" srcset=\"https:\/\/www.tuasaude.com\/news\/wp-content\/uploads\/2026\/08\/Infographic_depicting_summer_sea\u2026_202608280226-1024x571.jpg 1024w, https:\/\/www.tuasaude.com\/news\/wp-content\/uploads\/2026\/08\/Infographic_depicting_summer_sea\u2026_202608280226-300x167.jpg 300w, https:\/\/www.tuasaude.com\/news\/wp-content\/uploads\/2026\/08\/Infographic_depicting_summer_sea\u2026_202608280226-768x428.jpg 768w, https:\/\/www.tuasaude.com\/news\/wp-content\/uploads\/2026\/08\/Infographic_depicting_summer_sea\u2026_202608280226-750x418.jpg 750w, https:\/\/www.tuasaude.com\/news\/wp-content\/uploads\/2026\/08\/Infographic_depicting_summer_sea\u2026_202608280226-1140x636.jpg 1140w, https:\/\/www.tuasaude.com\/news\/wp-content\/uploads\/2026\/08\/Infographic_depicting_summer_sea\u2026_202608280226.jpg 1280w\" sizes=\"(max-width: 1024px) 100vw, 1024px\" \/><figcaption class=\"wp-element-caption\">Calor, luz, sono, apetite e humor ajudam a reconhecer o padr\u00e3o sazonal de ver\u00e3o.<\/figcaption><\/figure>\n<\/div>\n\n\n<h2 class=\"wp-block-heading\">Quais s\u00e3o os principais sintomas da depress\u00e3o sazonal de ver\u00e3o?<\/h2>\n\n\n\n<p class=\"wp-block-paragraph\">Os sinais costumam ser mais intensos nos meses de maior calor e luminosidade e podem se repetir todos os anos na mesma \u00e9poca. Os mais relatados na literatura cient\u00edfica s\u00e3o:<\/p>\n\n\n\n<ul class=\"wp-block-list\">\n<li><strong>Ins\u00f4nia<\/strong>, com dificuldade para iniciar ou manter o sono<\/li>\n\n\n\n<li><strong>Perda de apetite<\/strong> e redu\u00e7\u00e3o involunt\u00e1ria de peso<\/li>\n\n\n\n<li><strong>Agita\u00e7\u00e3o psicomotora<\/strong> e sensa\u00e7\u00e3o constante de inquieta\u00e7\u00e3o<\/li>\n\n\n\n<li><strong>Irritabilidade<\/strong> aumentada, com pavio curto em situa\u00e7\u00f5es rotineiras<\/li>\n\n\n\n<li>Ansiedade, humor deprimido e anedonia (perda de prazer em atividades)<\/li>\n\n\n\n<li>Sensa\u00e7\u00e3o de esgotamento mesmo com pouco esfor\u00e7o f\u00edsico<\/li>\n\n\n\n<li>Em casos mais graves, pensamentos negativos recorrentes<\/li>\n<\/ul>\n\n\n\n<h2 class=\"wp-block-heading\">Como um estudo cient\u00edfico confirma esse padr\u00e3o diferente?<\/h2>\n\n\n\n<p class=\"wp-block-paragraph\">A exist\u00eancia desse subtipo vem ganhando espa\u00e7o na literatura m\u00e9dica nos \u00faltimos anos, especialmente em pa\u00edses quentes. Segundo o relato de caso <a href=\"https:\/\/pubmed.ncbi.nlm.nih.gov\/40213125\/\" target=\"_blank\" rel=\"noreferrer noopener\">A Case Report of Summer Seasonal Affective Disorder<\/a>, publicado na revista <em>Innovations in Clinical Neuroscience<\/em> e indexado no PubMed, um paciente adulto apresentou por sete anos consecutivos sintomas como perda de apetite, baixa energia, anedonia e humor deprimido entre maio e setembro, com melhora completa fora desse per\u00edodo.<\/p>\n\n\n\n<p class=\"wp-block-paragraph\">O caso refor\u00e7a que o TAS de ver\u00e3o tende a ser subdiagnosticado, sobretudo em regi\u00f5es tropicais, e que a resposta ao tratamento adequado pode ser significativa quando a condi\u00e7\u00e3o \u00e9 finalmente identificada por um profissional de sa\u00fade mental especializado.<\/p>\n\n\n<div class=\"wp-block-image\">\n<figure class=\"aligncenter size-large\"><img decoding=\"async\" width=\"1024\" height=\"571\" src=\"https:\/\/www.tuasaude.com\/news\/wp-content\/uploads\/2026\/08\/Man_pacing_restlessly_at_home_202608280226-1024x571.jpg\" alt=\"Ins\u00f4nia, irritabilidade e perda de apetite podem sinalizar depress\u00e3o sazonal de ver\u00e3o.\" class=\"wp-image-104212\" srcset=\"https:\/\/www.tuasaude.com\/news\/wp-content\/uploads\/2026\/08\/Man_pacing_restlessly_at_home_202608280226-1024x571.jpg 1024w, https:\/\/www.tuasaude.com\/news\/wp-content\/uploads\/2026\/08\/Man_pacing_restlessly_at_home_202608280226-300x167.jpg 300w, https:\/\/www.tuasaude.com\/news\/wp-content\/uploads\/2026\/08\/Man_pacing_restlessly_at_home_202608280226-768x428.jpg 768w, https:\/\/www.tuasaude.com\/news\/wp-content\/uploads\/2026\/08\/Man_pacing_restlessly_at_home_202608280226-750x418.jpg 750w, https:\/\/www.tuasaude.com\/news\/wp-content\/uploads\/2026\/08\/Man_pacing_restlessly_at_home_202608280226-1140x636.jpg 1140w, https:\/\/www.tuasaude.com\/news\/wp-content\/uploads\/2026\/08\/Man_pacing_restlessly_at_home_202608280226.jpg 1280w\" sizes=\"(max-width: 1024px) 100vw, 1024px\" \/><figcaption class=\"wp-element-caption\">Ins\u00f4nia, irritabilidade e perda de apetite podem sinalizar depress\u00e3o sazonal de ver\u00e3o.<\/figcaption><\/figure>\n<\/div>\n\n\n<h2 class=\"wp-block-heading\">Por que o calor e a luz intensa podem desencadear o quadro?<\/h2>\n\n\n\n<p class=\"wp-block-paragraph\">As hip\u00f3teses ainda est\u00e3o sendo estudadas, mas envolvem principalmente fatores ambientais e biol\u00f3gicos ligados ao excesso de calor e \u00e0 alta luminosidade. Entre as explica\u00e7\u00f5es mais discutidas est\u00e3o:<\/p>\n\n\n\n<ol class=\"wp-block-list\">\n<li><strong>Desregula\u00e7\u00e3o do ritmo circadiano<\/strong> pela exposi\u00e7\u00e3o prolongada \u00e0 luz solar, o que interfere na produ\u00e7\u00e3o de melatonina<\/li>\n\n\n\n<li><strong>Altera\u00e7\u00f5es na temperatura corporal<\/strong>, j\u00e1 que o calor excessivo dificulta o descanso adequado e favorece a <a href=\"https:\/\/www.tuasaude.com\/insonia\/\" target=\"_blank\" rel=\"noreferrer noopener\">ins\u00f4nia<\/a><\/li>\n\n\n\n<li><strong>Mudan\u00e7as na rotina<\/strong>, como f\u00e9rias, viagens e altera\u00e7\u00e3o dos hor\u00e1rios de sono e alimenta\u00e7\u00e3o<\/li>\n\n\n\n<li><strong>Desidrata\u00e7\u00e3o e desconforto f\u00edsico<\/strong>, capazes de amplificar sintomas de irritabilidade<\/li>\n\n\n\n<li><strong>Predisposi\u00e7\u00e3o gen\u00e9tica<\/strong>, com hist\u00f3rico familiar de <a href=\"https:\/\/www.tuasaude.com\/depressao\/\" target=\"_blank\" rel=\"noreferrer noopener\">depress\u00e3o<\/a> ou de outros transtornos de humor<\/li>\n<\/ol>\n\n\n\n<p class=\"wp-block-paragraph\">Vale refor\u00e7ar que sentir-se mal em dias muito quentes n\u00e3o significa, por si s\u00f3, ter TAS de ver\u00e3o. O diagn\u00f3stico exige avalia\u00e7\u00e3o cl\u00ednica cuidadosa, feita por psiquiatra ou m\u00e9dico especialista, que ir\u00e1 considerar a recorr\u00eancia dos sintomas ao longo dos anos, o impacto na rotina e a exclus\u00e3o de outras causas. Se voc\u00ea percebe um padr\u00e3o consistente de mal-estar emocional sempre nas mesmas \u00e9pocas do ano, procure orienta\u00e7\u00e3o m\u00e9dica profissional para uma avalia\u00e7\u00e3o individualizada.<\/p>\n\n\n\n<p class=\"wp-block-paragraph\"><em>Este conte\u00fado tem car\u00e1ter apenas informativo e n\u00e3o substitui a avalia\u00e7\u00e3o, o diagn\u00f3stico ou o tratamento realizados por um profissional de sa\u00fade qualificado.<\/em><\/p>\n","protected":false},"excerpt":{"rendered":"<p>Sim, existe uma vers\u00e3o de ver\u00e3o do transtorno afetivo sazonal, embora seja bem menos comum do que a forma tradicional associada ao inverno. Enquanto a depress\u00e3o sazonal cl\u00e1ssica costuma trazer sonol\u00eancia excessiva, cansa\u00e7o e vontade de comer carboidratos, o padr\u00e3o de ver\u00e3o surge com um quadro quase oposto, marcado por ins\u00f4nia, perda de apetite, agita\u00e7\u00e3o [&hellip;]<\/p>\n","protected":false},"author":16,"featured_media":104210,"comment_status":"open","ping_status":"open","sticky":false,"template":"","format":"standard","meta":{"_yoast_wpseo_focuskw":"depress\u00e3o sazonal de ver\u00e3o","_yoast_wpseo_title":"","_yoast_wpseo_metadesc":"A depress\u00e3o sazonal de ver\u00e3o \u00e9 rara e pode causar ins\u00f4nia, perda de apetite, agita\u00e7\u00e3o e irritabilidade. Entenda como esse padr\u00e3o se manifesta.","jnews-multi-image_gallery":[],"jnews_single_post":{"format":"standard"},"jnews_primary_category":[],"jnews_social_meta":[],"jnews_override_counter":[],"footnotes":""},"categories":[111],"tags":[12523,12521,12519,136,12522,12520],"class_list":["post-104209","post","type-post","status-publish","format-standard","has-post-thumbnail","hentry","category-saude","tag-diferente-da-tradicional","tag-e-ela-costuma","tag-existe-uma","tag-saude","tag-se-manifestar-de-forma","tag-versao-de-verao-da-depressao-sazonal"],"yoast_head":"<!-- This site is optimized with the Yoast SEO plugin v26.7 - https:\/\/yoast.com\/wordpress\/plugins\/seo\/ -->\n<title>Existe uma vers\u00e3o de ver\u00e3o da depress\u00e3o sazonal, e ela costuma se manifestar de forma diferente da tradicional - Tua Sa\u00fade<\/title>\n<meta name=\"description\" content=\"A depress\u00e3o sazonal de ver\u00e3o \u00e9 rara e pode causar ins\u00f4nia, perda de apetite, agita\u00e7\u00e3o e irritabilidade. Entenda como esse padr\u00e3o se manifesta.\" \/>\n<meta name=\"robots\" content=\"index, follow, max-snippet:-1, max-image-preview:large, max-video-preview:-1\" \/>\n<link rel=\"canonical\" href=\"https:\/\/www.tuasaude.com\/news\/2026\/08\/31\/existe-uma-versao-de-verao-da-depressao-sazonal-e-ela-costuma-se-manifestar-de-forma-diferente-da-tradicional\/\" \/>\n<meta property=\"og:locale\" content=\"pt_BR\" \/>\n<meta property=\"og:type\" content=\"article\" \/>\n<meta property=\"og:title\" content=\"Existe uma vers\u00e3o de ver\u00e3o da depress\u00e3o sazonal, e ela costuma se manifestar de forma diferente da tradicional - Tua Sa\u00fade\" \/>\n<meta property=\"og:description\" content=\"A depress\u00e3o sazonal de ver\u00e3o \u00e9 rara e pode causar ins\u00f4nia, perda de apetite, agita\u00e7\u00e3o e irritabilidade. Entenda como esse padr\u00e3o se manifesta.\" \/>\n<meta property=\"og:url\" content=\"https:\/\/www.tuasaude.com\/news\/2026\/08\/31\/existe-uma-versao-de-verao-da-depressao-sazonal-e-ela-costuma-se-manifestar-de-forma-diferente-da-tradicional\/\" \/>\n<meta property=\"og:site_name\" content=\"Tua Sa\u00fade\" \/>\n<meta property=\"article:published_time\" content=\"2026-08-31T18:25:00+00:00\" \/>\n<meta property=\"og:image\" content=\"https:\/\/www.tuasaude.com\/news\/wp-content\/uploads\/2026\/08\/Woman_sitting_on_balcony_202608280226.jpg\" \/>\n\t<meta property=\"og:image:width\" content=\"1280\" \/>\n\t<meta property=\"og:image:height\" content=\"714\" \/>\n\t<meta property=\"og:image:type\" content=\"image\/jpeg\" \/>\n<meta name=\"author\" content=\"Maycon Geovane\" \/>\n<meta name=\"twitter:card\" content=\"summary_large_image\" \/>\n<meta name=\"twitter:label1\" content=\"Escrito por\" \/>\n\t<meta name=\"twitter:data1\" content=\"Maycon Geovane\" \/>\n\t<meta name=\"twitter:label2\" content=\"Est. tempo de leitura\" \/>\n\t<meta name=\"twitter:data2\" content=\"5 minutos\" \/>\n<!-- \/ Yoast SEO plugin. -->","yoast_head_json":{"title":"Existe uma vers\u00e3o de ver\u00e3o da depress\u00e3o sazonal, e ela costuma se manifestar de forma diferente da tradicional - Tua Sa\u00fade","description":"A depress\u00e3o sazonal de ver\u00e3o \u00e9 rara e pode causar ins\u00f4nia, perda de apetite, agita\u00e7\u00e3o e irritabilidade. Entenda como esse padr\u00e3o se manifesta.","robots":{"index":"index","follow":"follow","max-snippet":"max-snippet:-1","max-image-preview":"max-image-preview:large","max-video-preview":"max-video-preview:-1"},"canonical":"https:\/\/www.tuasaude.com\/news\/2026\/08\/31\/existe-uma-versao-de-verao-da-depressao-sazonal-e-ela-costuma-se-manifestar-de-forma-diferente-da-tradicional\/","og_locale":"pt_BR","og_type":"article","og_title":"Existe uma vers\u00e3o de ver\u00e3o da depress\u00e3o sazonal, e ela costuma se manifestar de forma diferente da tradicional - Tua Sa\u00fade","og_description":"A depress\u00e3o sazonal de ver\u00e3o \u00e9 rara e pode causar ins\u00f4nia, perda de apetite, agita\u00e7\u00e3o e irritabilidade. Entenda como esse padr\u00e3o se manifesta.","og_url":"https:\/\/www.tuasaude.com\/news\/2026\/08\/31\/existe-uma-versao-de-verao-da-depressao-sazonal-e-ela-costuma-se-manifestar-de-forma-diferente-da-tradicional\/","og_site_name":"Tua Sa\u00fade","article_published_time":"2026-08-31T18:25:00+00:00","og_image":[{"width":1280,"height":714,"url":"https:\/\/www.tuasaude.com\/news\/wp-content\/uploads\/2026\/08\/Woman_sitting_on_balcony_202608280226.jpg","type":"image\/jpeg"}],"author":"Maycon Geovane","twitter_card":"summary_large_image","twitter_misc":{"Escrito por":"Maycon Geovane","Est. tempo de leitura":"5 minutos"},"schema":{"@context":"https:\/\/schema.org","@graph":[{"@type":"Article","@id":"https:\/\/www.tuasaude.com\/news\/2026\/08\/31\/existe-uma-versao-de-verao-da-depressao-sazonal-e-ela-costuma-se-manifestar-de-forma-diferente-da-tradicional\/#article","isPartOf":{"@id":"https:\/\/www.tuasaude.com\/news\/2026\/08\/31\/existe-uma-versao-de-verao-da-depressao-sazonal-e-ela-costuma-se-manifestar-de-forma-diferente-da-tradicional\/"},"author":{"name":"Maycon Geovane","@id":"https:\/\/www.tuasaude.com\/news\/#\/schema\/person\/da63bccfbda5c95cfbf2d37c4276fca0"},"headline":"Existe uma vers\u00e3o de ver\u00e3o da depress\u00e3o sazonal, e ela costuma se manifestar de forma diferente da tradicional","datePublished":"2026-08-31T18:25:00+00:00","mainEntityOfPage":{"@id":"https:\/\/www.tuasaude.com\/news\/2026\/08\/31\/existe-uma-versao-de-verao-da-depressao-sazonal-e-ela-costuma-se-manifestar-de-forma-diferente-da-tradicional\/"},"wordCount":853,"commentCount":0,"image":{"@id":"https:\/\/www.tuasaude.com\/news\/2026\/08\/31\/existe-uma-versao-de-verao-da-depressao-sazonal-e-ela-costuma-se-manifestar-de-forma-diferente-da-tradicional\/#primaryimage"},"thumbnailUrl":"https:\/\/www.tuasaude.com\/news\/wp-content\/uploads\/2026\/08\/Woman_sitting_on_balcony_202608280226.jpg","keywords":["diferente da tradicional","e ela costuma","existe uma","sa\u00fade","se manifestar de forma","vers\u00e3o de ver\u00e3o da depress\u00e3o sazonal"],"articleSection":["Sa\u00fade"],"inLanguage":"pt-BR","potentialAction":[{"@type":"CommentAction","name":"Comment","target":["https:\/\/www.tuasaude.com\/news\/2026\/08\/31\/existe-uma-versao-de-verao-da-depressao-sazonal-e-ela-costuma-se-manifestar-de-forma-diferente-da-tradicional\/#respond"]}]},{"@type":"WebPage","@id":"https:\/\/www.tuasaude.com\/news\/2026\/08\/31\/existe-uma-versao-de-verao-da-depressao-sazonal-e-ela-costuma-se-manifestar-de-forma-diferente-da-tradicional\/","url":"https:\/\/www.tuasaude.com\/news\/2026\/08\/31\/existe-uma-versao-de-verao-da-depressao-sazonal-e-ela-costuma-se-manifestar-de-forma-diferente-da-tradicional\/","name":"Existe uma vers\u00e3o de ver\u00e3o da depress\u00e3o sazonal, e ela costuma se manifestar de forma diferente da tradicional - Tua Sa\u00fade","isPartOf":{"@id":"https:\/\/www.tuasaude.com\/news\/#website"},"primaryImageOfPage":{"@id":"https:\/\/www.tuasaude.com\/news\/2026\/08\/31\/existe-uma-versao-de-verao-da-depressao-sazonal-e-ela-costuma-se-manifestar-de-forma-diferente-da-tradicional\/#primaryimage"},"image":{"@id":"https:\/\/www.tuasaude.com\/news\/2026\/08\/31\/existe-uma-versao-de-verao-da-depressao-sazonal-e-ela-costuma-se-manifestar-de-forma-diferente-da-tradicional\/#primaryimage"},"thumbnailUrl":"https:\/\/www.tuasaude.com\/news\/wp-content\/uploads\/2026\/08\/Woman_sitting_on_balcony_202608280226.jpg","datePublished":"2026-08-31T18:25:00+00:00","author":{"@id":"https:\/\/www.tuasaude.com\/news\/#\/schema\/person\/da63bccfbda5c95cfbf2d37c4276fca0"},"description":"A depress\u00e3o sazonal de ver\u00e3o \u00e9 rara e pode causar ins\u00f4nia, perda de apetite, agita\u00e7\u00e3o e irritabilidade. Entenda como esse padr\u00e3o se manifesta.","breadcrumb":{"@id":"https:\/\/www.tuasaude.com\/news\/2026\/08\/31\/existe-uma-versao-de-verao-da-depressao-sazonal-e-ela-costuma-se-manifestar-de-forma-diferente-da-tradicional\/#breadcrumb"},"inLanguage":"pt-BR","potentialAction":[{"@type":"ReadAction","target":["https:\/\/www.tuasaude.com\/news\/2026\/08\/31\/existe-uma-versao-de-verao-da-depressao-sazonal-e-ela-costuma-se-manifestar-de-forma-diferente-da-tradicional\/"]}]},{"@type":"ImageObject","inLanguage":"pt-BR","@id":"https:\/\/www.tuasaude.com\/news\/2026\/08\/31\/existe-uma-versao-de-verao-da-depressao-sazonal-e-ela-costuma-se-manifestar-de-forma-diferente-da-tradicional\/#primaryimage","url":"https:\/\/www.tuasaude.com\/news\/wp-content\/uploads\/2026\/08\/Woman_sitting_on_balcony_202608280226.jpg","contentUrl":"https:\/\/www.tuasaude.com\/news\/wp-content\/uploads\/2026\/08\/Woman_sitting_on_balcony_202608280226.jpg","width":1280,"height":714,"caption":"Existe uma vers\u00e3o de ver\u00e3o da depress\u00e3o sazonal, e ela costuma se manifestar de forma diferente da tradicional"},{"@type":"BreadcrumbList","@id":"https:\/\/www.tuasaude.com\/news\/2026\/08\/31\/existe-uma-versao-de-verao-da-depressao-sazonal-e-ela-costuma-se-manifestar-de-forma-diferente-da-tradicional\/#breadcrumb","itemListElement":[{"@type":"ListItem","position":1,"name":"In\u00edcio","item":"https:\/\/www.tuasaude.com\/news\/"},{"@type":"ListItem","position":2,"name":"Existe uma vers\u00e3o de ver\u00e3o da depress\u00e3o sazonal, e ela costuma se manifestar de forma diferente da tradicional"}]},{"@type":"WebSite","@id":"https:\/\/www.tuasaude.com\/news\/#website","url":"https:\/\/www.tuasaude.com\/news\/","name":"Tua Sa\u00fade","description":"Seu site de sa\u00fade","potentialAction":[{"@type":"SearchAction","target":{"@type":"EntryPoint","urlTemplate":"https:\/\/www.tuasaude.com\/news\/?s={search_term_string}"},"query-input":{"@type":"PropertyValueSpecification","valueRequired":true,"valueName":"search_term_string"}}],"inLanguage":"pt-BR"},{"@type":"Person","@id":"https:\/\/www.tuasaude.com\/news\/#\/schema\/person\/da63bccfbda5c95cfbf2d37c4276fca0","name":"Maycon Geovane","image":{"@type":"ImageObject","inLanguage":"pt-BR","@id":"https:\/\/www.tuasaude.com\/news\/#\/schema\/person\/image\/","url":"https:\/\/secure.gravatar.com\/avatar\/4f4908cf0a2f249a9f1137f9d5769cacc373d9aee67910cc212a09a346873b7d?s=96&d=mm&r=g","contentUrl":"https:\/\/secure.gravatar.com\/avatar\/4f4908cf0a2f249a9f1137f9d5769cacc373d9aee67910cc212a09a346873b7d?s=96&d=mm&r=g","caption":"Maycon Geovane"},"sameAs":["https:\/\/www.tuasaude.com\/news\/"],"url":"https:\/\/www.tuasaude.com\/news\/author\/maycongeovane\/"}]}},"_links":{"self":[{"href":"https:\/\/www.tuasaude.com\/news\/wp-json\/wp\/v2\/posts\/104209","targetHints":{"allow":["GET"]}}],"collection":[{"href":"https:\/\/www.tuasaude.com\/news\/wp-json\/wp\/v2\/posts"}],"about":[{"href":"https:\/\/www.tuasaude.com\/news\/wp-json\/wp\/v2\/types\/post"}],"author":[{"embeddable":true,"href":"https:\/\/www.tuasaude.com\/news\/wp-json\/wp\/v2\/users\/16"}],"replies":[{"embeddable":true,"href":"https:\/\/www.tuasaude.com\/news\/wp-json\/wp\/v2\/comments?post=104209"}],"version-history":[{"count":1,"href":"https:\/\/www.tuasaude.com\/news\/wp-json\/wp\/v2\/posts\/104209\/revisions"}],"predecessor-version":[{"id":104213,"href":"https:\/\/www.tuasaude.com\/news\/wp-json\/wp\/v2\/posts\/104209\/revisions\/104213"}],"wp:featuredmedia":[{"embeddable":true,"href":"https:\/\/www.tuasaude.com\/news\/wp-json\/wp\/v2\/media\/104210"}],"wp:attachment":[{"href":"https:\/\/www.tuasaude.com\/news\/wp-json\/wp\/v2\/media?parent=104209"}],"wp:term":[{"taxonomy":"category","embeddable":true,"href":"https:\/\/www.tuasaude.com\/news\/wp-json\/wp\/v2\/categories?post=104209"},{"taxonomy":"post_tag","embeddable":true,"href":"https:\/\/www.tuasaude.com\/news\/wp-json\/wp\/v2\/tags?post=104209"}],"curies":[{"name":"wp","href":"https:\/\/api.w.org\/{rel}","templated":true}]}}