{"id":104204,"date":"2026-08-31T15:50:00","date_gmt":"2026-08-31T18:50:00","guid":{"rendered":"https:\/\/www.tuasaude.com\/news\/?p=104204"},"modified":"2026-08-28T02:22:57","modified_gmt":"2026-08-28T05:22:57","slug":"o-sono-profundo-concentra-a-maior-liberacao-de-hormonio-do-crescimento-e-e-nele-que-boa-parte-da-reparacao-do-corpo-acontece","status":"publish","type":"post","link":"https:\/\/www.tuasaude.com\/news\/2026\/08\/31\/o-sono-profundo-concentra-a-maior-liberacao-de-hormonio-do-crescimento-e-e-nele-que-boa-parte-da-reparacao-do-corpo-acontece\/","title":{"rendered":"O sono profundo concentra a maior libera\u00e7\u00e3o de horm\u00f4nio do crescimento e \u00e9 nele que boa parte da repara\u00e7\u00e3o do corpo acontece"},"content":{"rendered":"\n<p class=\"wp-block-paragraph\">O sono profundo \u00e9 a fase em que o corpo concentra a maior libera\u00e7\u00e3o de horm\u00f4nio do crescimento (GH) e realiza boa parte do reparo dos tecidos. Esse pico acontece nas ondas lentas do in\u00edcio da noite, logo depois que a pessoa adormece, e \u00e9 fundamental para regenera\u00e7\u00e3o muscular, restaura\u00e7\u00e3o celular e consolida\u00e7\u00e3o da mem\u00f3ria. Quando se dorme tarde e acorda cedo, o corte n\u00e3o \u00e9 uniforme: o sono REM do fim da noite \u00e9 o mais prejudicado, o que compromete fun\u00e7\u00f5es cognitivas essenciais e afeta diretamente a sensa\u00e7\u00e3o de descanso ao acordar.<\/p>\n\n\n\n<h2 class=\"wp-block-heading\">Como funcionam as fases do sono ao longo da noite?<\/h2>\n\n\n\n<p class=\"wp-block-paragraph\">O sono n\u00e3o \u00e9 um estado cont\u00ednuo. Durante a noite, o corpo atravessa ciclos de aproximadamente 90 minutos, que se repetem de quatro a cinco vezes e alternam entre sono n\u00e3o REM (leve e profundo) e sono REM.<\/p>\n\n\n\n<p class=\"wp-block-paragraph\">Cada fase tem fun\u00e7\u00e3o espec\u00edfica no descanso, no metabolismo e na atividade cerebral. Compreender essa arquitetura ajuda a entender por que dormir apenas algumas horas, mesmo que seguidas, n\u00e3o oferece o mesmo benef\u00edcio de uma noite completa de sono bem organizada.<\/p>\n\n\n\n<h2 class=\"wp-block-heading\">Por que o pico de horm\u00f4nio do crescimento ocorre no in\u00edcio da noite?<\/h2>\n\n\n\n<p class=\"wp-block-paragraph\">Logo ap\u00f3s adormecer, o corpo entra nas primeiras ondas lentas, quando a atividade cerebral desacelera e os m\u00fasculos relaxam profundamente. \u00c9 nesse momento que a hip\u00f3fise libera a maior parte do GH produzido nas 24 horas.<\/p>\n\n\n\n<p class=\"wp-block-paragraph\">Esse pulso hormonal \u00e9 intenso e concentrado nas primeiras horas de sono, especialmente entre o adormecer e as 2h da manh\u00e3. Adiar o hor\u00e1rio de dormir tende a atrasar e reduzir esse pulso, mesmo que o tempo total na cama pare\u00e7a suficiente para uma boa noite de <a href=\"https:\/\/www.tuasaude.com\/higiene-do-sono\/\" target=\"_blank\" rel=\"noreferrer noopener\">higiene do sono<\/a>.<\/p>\n\n\n<div class=\"wp-block-image\">\n<figure class=\"aligncenter size-large\"><img decoding=\"async\" width=\"1024\" height=\"571\" src=\"https:\/\/www.tuasaude.com\/news\/wp-content\/uploads\/2026\/08\/Infographic_about_deep_sleep_cycles_202608280221-1024x571.jpg\" alt=\"Quatro pilares mostram como sono profundo, ciclos, reparo e REM sustentam a recupera\u00e7\u00e3o.\" class=\"wp-image-104206\" srcset=\"https:\/\/www.tuasaude.com\/news\/wp-content\/uploads\/2026\/08\/Infographic_about_deep_sleep_cycles_202608280221-1024x571.jpg 1024w, https:\/\/www.tuasaude.com\/news\/wp-content\/uploads\/2026\/08\/Infographic_about_deep_sleep_cycles_202608280221-300x167.jpg 300w, https:\/\/www.tuasaude.com\/news\/wp-content\/uploads\/2026\/08\/Infographic_about_deep_sleep_cycles_202608280221-768x428.jpg 768w, https:\/\/www.tuasaude.com\/news\/wp-content\/uploads\/2026\/08\/Infographic_about_deep_sleep_cycles_202608280221-750x418.jpg 750w, https:\/\/www.tuasaude.com\/news\/wp-content\/uploads\/2026\/08\/Infographic_about_deep_sleep_cycles_202608280221-1140x636.jpg 1140w, https:\/\/www.tuasaude.com\/news\/wp-content\/uploads\/2026\/08\/Infographic_about_deep_sleep_cycles_202608280221.jpg 1280w\" sizes=\"(max-width: 1024px) 100vw, 1024px\" \/><figcaption class=\"wp-element-caption\">Quatro pilares mostram como sono profundo, ciclos, reparo e REM sustentam a recupera\u00e7\u00e3o.<\/figcaption><\/figure>\n<\/div>\n\n\n<h2 class=\"wp-block-heading\">Qual o papel do sono profundo no reparo do corpo e na mem\u00f3ria?<\/h2>\n\n\n\n<p class=\"wp-block-paragraph\">\u00c9 durante o sono profundo que grande parte da recupera\u00e7\u00e3o f\u00edsica acontece, mediada principalmente pelo horm\u00f4nio do crescimento. As principais fun\u00e7\u00f5es dessa fase incluem:<\/p>\n\n\n\n<ul class=\"wp-block-list\">\n<li><strong>Reparo tecidual<\/strong>, com s\u00edntese de prote\u00ednas e regenera\u00e7\u00e3o muscular<\/li>\n\n\n\n<li><strong>Fortalecimento \u00f3sseo<\/strong>, especialmente em crian\u00e7as e adolescentes<\/li>\n\n\n\n<li><strong>Restaura\u00e7\u00e3o do sistema imunol\u00f3gico<\/strong> e resposta antiinflamat\u00f3ria<\/li>\n\n\n\n<li><strong>Consolida\u00e7\u00e3o da mem\u00f3ria declarativa<\/strong>, ligada a fatos e informa\u00e7\u00f5es aprendidas<\/li>\n\n\n\n<li><strong>Limpeza de res\u00edduos metab\u00f3licos<\/strong> do c\u00e9rebro, incluindo prote\u00ednas associadas ao envelhecimento neural<\/li>\n\n\n\n<li>Regula\u00e7\u00e3o do metabolismo da glicose e do apetite<\/li>\n\n\n\n<li>Redu\u00e7\u00e3o do cortisol, com estabiliza\u00e7\u00e3o do estresse fisiol\u00f3gico<\/li>\n<\/ul>\n\n\n\n<h2 class=\"wp-block-heading\">Como um estudo cient\u00edfico comprova a liga\u00e7\u00e3o entre sono profundo e GH?<\/h2>\n\n\n\n<p class=\"wp-block-paragraph\">A rela\u00e7\u00e3o entre sono profundo e libera\u00e7\u00e3o de horm\u00f4nio do crescimento \u00e9 uma das mais bem documentadas na medicina do sono. Segundo a revis\u00e3o cient\u00edfica <a href=\"https:\/\/pubmed.ncbi.nlm.nih.gov\/15135771\/\" target=\"_blank\" rel=\"noreferrer noopener\">Reciprocal interactions between the GH axis and sleep<\/a>, publicada na revista <em>Growth Hormone &amp; IGF Research<\/em> e indexada na base PubMed, o GH \u00e9 secretado preferencialmente durante o sono profundo de ondas lentas h\u00e1 mais de tr\u00eas d\u00e9cadas de evid\u00eancias consistentes.<\/p>\n\n\n\n<p class=\"wp-block-paragraph\">Os autores destacam que, em homens adultos, cerca de 70% dos pulsos de GH durante o sono coincidem com a fase de ondas lentas, e a quantidade de horm\u00f4nio liberado se correlaciona diretamente com o tempo passado nessa etapa mais profunda do descanso.<\/p>\n\n\n<div class=\"wp-block-image\">\n<figure class=\"aligncenter size-large\"><img decoding=\"async\" width=\"1024\" height=\"571\" src=\"https:\/\/www.tuasaude.com\/news\/wp-content\/uploads\/2026\/08\/Man_sleeping_during_nighttime_re\u2026_202608280221-1024x571.jpg\" alt=\"Uma noite completa preserva os ciclos do sono e sustenta repara\u00e7\u00e3o f\u00edsica e mental.\" class=\"wp-image-104207\" srcset=\"https:\/\/www.tuasaude.com\/news\/wp-content\/uploads\/2026\/08\/Man_sleeping_during_nighttime_re\u2026_202608280221-1024x571.jpg 1024w, https:\/\/www.tuasaude.com\/news\/wp-content\/uploads\/2026\/08\/Man_sleeping_during_nighttime_re\u2026_202608280221-300x167.jpg 300w, https:\/\/www.tuasaude.com\/news\/wp-content\/uploads\/2026\/08\/Man_sleeping_during_nighttime_re\u2026_202608280221-768x428.jpg 768w, https:\/\/www.tuasaude.com\/news\/wp-content\/uploads\/2026\/08\/Man_sleeping_during_nighttime_re\u2026_202608280221-750x418.jpg 750w, https:\/\/www.tuasaude.com\/news\/wp-content\/uploads\/2026\/08\/Man_sleeping_during_nighttime_re\u2026_202608280221-1140x636.jpg 1140w, https:\/\/www.tuasaude.com\/news\/wp-content\/uploads\/2026\/08\/Man_sleeping_during_nighttime_re\u2026_202608280221.jpg 1280w\" sizes=\"(max-width: 1024px) 100vw, 1024px\" \/><figcaption class=\"wp-element-caption\">Uma noite completa preserva os ciclos do sono e sustenta repara\u00e7\u00e3o f\u00edsica e mental.<\/figcaption><\/figure>\n<\/div>\n\n\n<h2 class=\"wp-block-heading\">Por que dormir tarde e acordar cedo compromete o sono REM?<\/h2>\n\n\n\n<p class=\"wp-block-paragraph\">A arquitetura do sono n\u00e3o \u00e9 linear ao longo da noite: cada tipo de sono predomina em momentos diferentes. Cortar horas por dormir tarde ou acordar cedo demais afeta as fases de forma desigual. Veja como cada h\u00e1bito impacta o descanso:<\/p>\n\n\n\n<ol class=\"wp-block-list\">\n<li><strong>Sono profundo concentrado no in\u00edcio<\/strong>, o que preserva parte da libera\u00e7\u00e3o de GH mesmo em noites curtas<\/li>\n\n\n\n<li><strong>Sono REM predominante na segunda metade<\/strong> da noite, com epis\u00f3dios cada vez mais longos at\u00e9 o amanhecer<\/li>\n\n\n\n<li><strong>Acordar cedo demais<\/strong> corta desproporcionalmente os ciclos finais de REM, ligados \u00e0 criatividade e ao processamento emocional<\/li>\n\n\n\n<li><strong>Dormir tarde<\/strong> reduz a dura\u00e7\u00e3o total do sono profundo e atrasa os pulsos hormonais noturnos<\/li>\n\n\n\n<li><strong>Fragmenta\u00e7\u00e3o noturna<\/strong>, causada por despertares frequentes, prejudica a continuidade de todas as fases<\/li>\n\n\n\n<li>Perda de <a href=\"https:\/\/www.tuasaude.com\/sono-rem\/\" target=\"_blank\" rel=\"noreferrer noopener\">sono REM<\/a> compromete a consolida\u00e7\u00e3o da mem\u00f3ria emocional e o aprendizado<\/li>\n<\/ol>\n\n\n\n<p class=\"wp-block-paragraph\">Compreender como as <a href=\"https:\/\/www.tuasaude.com\/fases-do-sono\/\" target=\"_blank\" rel=\"noreferrer noopener\">fases do sono<\/a> se organizam ajuda a valorizar n\u00e3o s\u00f3 a quantidade de horas dormidas, mas tamb\u00e9m a regularidade dos hor\u00e1rios. Se voc\u00ea percebe cansa\u00e7o persistente ao acordar, dificuldade para manter o sono ou suspeita de dist\u00farbios como apneia ou ins\u00f4nia cr\u00f4nica, procure orienta\u00e7\u00e3o m\u00e9dica para uma avalia\u00e7\u00e3o individualizada com um especialista em medicina do sono.<\/p>\n\n\n\n<p class=\"wp-block-paragraph\"><em>Este conte\u00fado tem car\u00e1ter apenas informativo e n\u00e3o substitui a avalia\u00e7\u00e3o, o diagn\u00f3stico ou o tratamento realizados por um profissional de sa\u00fade qualificado.<\/em><\/p>\n\n\n\n<p class=\"wp-block-paragraph\"><\/p>\n","protected":false},"excerpt":{"rendered":"<p>O sono profundo \u00e9 a fase em que o corpo concentra a maior libera\u00e7\u00e3o de horm\u00f4nio do crescimento (GH) e realiza boa parte do reparo dos tecidos. Esse pico acontece nas ondas lentas do in\u00edcio da noite, logo depois que a pessoa adormece, e \u00e9 fundamental para regenera\u00e7\u00e3o muscular, restaura\u00e7\u00e3o celular e consolida\u00e7\u00e3o da mem\u00f3ria. [&hellip;]<\/p>\n","protected":false},"author":16,"featured_media":104205,"comment_status":"open","ping_status":"open","sticky":false,"template":"","format":"standard","meta":{"_yoast_wpseo_focuskw":"sono profundo","_yoast_wpseo_title":"","_yoast_wpseo_metadesc":"O sono profundo concentra a maior libera\u00e7\u00e3o de horm\u00f4nio do crescimento e boa parte do reparo dos tecidos. Entenda o que ocorre nessa fase.","jnews-multi-image_gallery":[],"jnews_single_post":{"format":"standard"},"jnews_primary_category":[],"jnews_social_meta":[],"jnews_override_counter":[],"footnotes":""},"categories":[111],"tags":[12515,12517,12516,12518,136,1208],"class_list":["post-104204","post","type-post","status-publish","format-standard","has-post-thumbnail","hentry","category-saude","tag-concentra-a-maior","tag-do-crescimento","tag-liberacao-de-hormonio","tag-reparacao-do-corpo","tag-saude","tag-sono-profundo"],"yoast_head":"<!-- This site is optimized with the Yoast SEO plugin v26.7 - https:\/\/yoast.com\/wordpress\/plugins\/seo\/ -->\n<title>O sono profundo concentra a maior libera\u00e7\u00e3o de horm\u00f4nio do crescimento e \u00e9 nele que boa parte da repara\u00e7\u00e3o do corpo acontece - Tua Sa\u00fade<\/title>\n<meta name=\"description\" content=\"O sono profundo concentra a maior libera\u00e7\u00e3o de horm\u00f4nio do crescimento e boa parte do reparo dos tecidos. Entenda o que ocorre nessa fase.\" \/>\n<meta name=\"robots\" content=\"index, follow, max-snippet:-1, max-image-preview:large, max-video-preview:-1\" \/>\n<link rel=\"canonical\" href=\"https:\/\/www.tuasaude.com\/news\/2026\/08\/31\/o-sono-profundo-concentra-a-maior-liberacao-de-hormonio-do-crescimento-e-e-nele-que-boa-parte-da-reparacao-do-corpo-acontece\/\" \/>\n<meta property=\"og:locale\" content=\"pt_BR\" \/>\n<meta property=\"og:type\" content=\"article\" \/>\n<meta property=\"og:title\" content=\"O sono profundo concentra a maior libera\u00e7\u00e3o de horm\u00f4nio do crescimento e \u00e9 nele que boa parte da repara\u00e7\u00e3o do corpo acontece - Tua Sa\u00fade\" \/>\n<meta property=\"og:description\" content=\"O sono profundo concentra a maior libera\u00e7\u00e3o de horm\u00f4nio do crescimento e boa parte do reparo dos tecidos. Entenda o que ocorre nessa fase.\" \/>\n<meta property=\"og:url\" content=\"https:\/\/www.tuasaude.com\/news\/2026\/08\/31\/o-sono-profundo-concentra-a-maior-liberacao-de-hormonio-do-crescimento-e-e-nele-que-boa-parte-da-reparacao-do-corpo-acontece\/\" \/>\n<meta property=\"og:site_name\" content=\"Tua Sa\u00fade\" \/>\n<meta property=\"article:published_time\" content=\"2026-08-31T18:50:00+00:00\" \/>\n<meta property=\"og:image\" content=\"https:\/\/www.tuasaude.com\/news\/wp-content\/uploads\/2026\/08\/Couple_sleeping_with_medical_vis\u2026_202608280221.jpg\" \/>\n\t<meta property=\"og:image:width\" content=\"1280\" \/>\n\t<meta property=\"og:image:height\" content=\"714\" \/>\n\t<meta property=\"og:image:type\" content=\"image\/jpeg\" \/>\n<meta name=\"author\" content=\"Maycon Geovane\" \/>\n<meta name=\"twitter:card\" content=\"summary_large_image\" \/>\n<meta name=\"twitter:label1\" content=\"Escrito por\" \/>\n\t<meta name=\"twitter:data1\" content=\"Maycon Geovane\" \/>\n\t<meta name=\"twitter:label2\" content=\"Est. tempo de leitura\" \/>\n\t<meta name=\"twitter:data2\" content=\"5 minutos\" \/>\n<!-- \/ Yoast SEO plugin. -->","yoast_head_json":{"title":"O sono profundo concentra a maior libera\u00e7\u00e3o de horm\u00f4nio do crescimento e \u00e9 nele que boa parte da repara\u00e7\u00e3o do corpo acontece - Tua Sa\u00fade","description":"O sono profundo concentra a maior libera\u00e7\u00e3o de horm\u00f4nio do crescimento e boa parte do reparo dos tecidos. Entenda o que ocorre nessa fase.","robots":{"index":"index","follow":"follow","max-snippet":"max-snippet:-1","max-image-preview":"max-image-preview:large","max-video-preview":"max-video-preview:-1"},"canonical":"https:\/\/www.tuasaude.com\/news\/2026\/08\/31\/o-sono-profundo-concentra-a-maior-liberacao-de-hormonio-do-crescimento-e-e-nele-que-boa-parte-da-reparacao-do-corpo-acontece\/","og_locale":"pt_BR","og_type":"article","og_title":"O sono profundo concentra a maior libera\u00e7\u00e3o de horm\u00f4nio do crescimento e \u00e9 nele que boa parte da repara\u00e7\u00e3o do corpo acontece - Tua Sa\u00fade","og_description":"O sono profundo concentra a maior libera\u00e7\u00e3o de horm\u00f4nio do crescimento e boa parte do reparo dos tecidos. Entenda o que ocorre nessa fase.","og_url":"https:\/\/www.tuasaude.com\/news\/2026\/08\/31\/o-sono-profundo-concentra-a-maior-liberacao-de-hormonio-do-crescimento-e-e-nele-que-boa-parte-da-reparacao-do-corpo-acontece\/","og_site_name":"Tua Sa\u00fade","article_published_time":"2026-08-31T18:50:00+00:00","og_image":[{"width":1280,"height":714,"url":"https:\/\/www.tuasaude.com\/news\/wp-content\/uploads\/2026\/08\/Couple_sleeping_with_medical_vis\u2026_202608280221.jpg","type":"image\/jpeg"}],"author":"Maycon Geovane","twitter_card":"summary_large_image","twitter_misc":{"Escrito por":"Maycon Geovane","Est. tempo de leitura":"5 minutos"},"schema":{"@context":"https:\/\/schema.org","@graph":[{"@type":"Article","@id":"https:\/\/www.tuasaude.com\/news\/2026\/08\/31\/o-sono-profundo-concentra-a-maior-liberacao-de-hormonio-do-crescimento-e-e-nele-que-boa-parte-da-reparacao-do-corpo-acontece\/#article","isPartOf":{"@id":"https:\/\/www.tuasaude.com\/news\/2026\/08\/31\/o-sono-profundo-concentra-a-maior-liberacao-de-hormonio-do-crescimento-e-e-nele-que-boa-parte-da-reparacao-do-corpo-acontece\/"},"author":{"name":"Maycon Geovane","@id":"https:\/\/www.tuasaude.com\/news\/#\/schema\/person\/da63bccfbda5c95cfbf2d37c4276fca0"},"headline":"O sono profundo concentra a maior libera\u00e7\u00e3o de horm\u00f4nio do crescimento e \u00e9 nele que boa parte da repara\u00e7\u00e3o do corpo acontece","datePublished":"2026-08-31T18:50:00+00:00","mainEntityOfPage":{"@id":"https:\/\/www.tuasaude.com\/news\/2026\/08\/31\/o-sono-profundo-concentra-a-maior-liberacao-de-hormonio-do-crescimento-e-e-nele-que-boa-parte-da-reparacao-do-corpo-acontece\/"},"wordCount":848,"commentCount":0,"image":{"@id":"https:\/\/www.tuasaude.com\/news\/2026\/08\/31\/o-sono-profundo-concentra-a-maior-liberacao-de-hormonio-do-crescimento-e-e-nele-que-boa-parte-da-reparacao-do-corpo-acontece\/#primaryimage"},"thumbnailUrl":"https:\/\/www.tuasaude.com\/news\/wp-content\/uploads\/2026\/08\/Couple_sleeping_with_medical_vis\u2026_202608280221.jpg","keywords":["concentra a maior","do crescimento","libera\u00e7\u00e3o de horm\u00f4nio","repara\u00e7\u00e3o do corpo","sa\u00fade","sono profundo"],"articleSection":["Sa\u00fade"],"inLanguage":"pt-BR","potentialAction":[{"@type":"CommentAction","name":"Comment","target":["https:\/\/www.tuasaude.com\/news\/2026\/08\/31\/o-sono-profundo-concentra-a-maior-liberacao-de-hormonio-do-crescimento-e-e-nele-que-boa-parte-da-reparacao-do-corpo-acontece\/#respond"]}]},{"@type":"WebPage","@id":"https:\/\/www.tuasaude.com\/news\/2026\/08\/31\/o-sono-profundo-concentra-a-maior-liberacao-de-hormonio-do-crescimento-e-e-nele-que-boa-parte-da-reparacao-do-corpo-acontece\/","url":"https:\/\/www.tuasaude.com\/news\/2026\/08\/31\/o-sono-profundo-concentra-a-maior-liberacao-de-hormonio-do-crescimento-e-e-nele-que-boa-parte-da-reparacao-do-corpo-acontece\/","name":"O sono profundo concentra a maior libera\u00e7\u00e3o de horm\u00f4nio do crescimento e \u00e9 nele que boa parte da repara\u00e7\u00e3o do corpo acontece - Tua Sa\u00fade","isPartOf":{"@id":"https:\/\/www.tuasaude.com\/news\/#website"},"primaryImageOfPage":{"@id":"https:\/\/www.tuasaude.com\/news\/2026\/08\/31\/o-sono-profundo-concentra-a-maior-liberacao-de-hormonio-do-crescimento-e-e-nele-que-boa-parte-da-reparacao-do-corpo-acontece\/#primaryimage"},"image":{"@id":"https:\/\/www.tuasaude.com\/news\/2026\/08\/31\/o-sono-profundo-concentra-a-maior-liberacao-de-hormonio-do-crescimento-e-e-nele-que-boa-parte-da-reparacao-do-corpo-acontece\/#primaryimage"},"thumbnailUrl":"https:\/\/www.tuasaude.com\/news\/wp-content\/uploads\/2026\/08\/Couple_sleeping_with_medical_vis\u2026_202608280221.jpg","datePublished":"2026-08-31T18:50:00+00:00","author":{"@id":"https:\/\/www.tuasaude.com\/news\/#\/schema\/person\/da63bccfbda5c95cfbf2d37c4276fca0"},"description":"O sono profundo concentra a maior libera\u00e7\u00e3o de horm\u00f4nio do crescimento e boa parte do reparo dos tecidos. Entenda o que ocorre nessa fase.","breadcrumb":{"@id":"https:\/\/www.tuasaude.com\/news\/2026\/08\/31\/o-sono-profundo-concentra-a-maior-liberacao-de-hormonio-do-crescimento-e-e-nele-que-boa-parte-da-reparacao-do-corpo-acontece\/#breadcrumb"},"inLanguage":"pt-BR","potentialAction":[{"@type":"ReadAction","target":["https:\/\/www.tuasaude.com\/news\/2026\/08\/31\/o-sono-profundo-concentra-a-maior-liberacao-de-hormonio-do-crescimento-e-e-nele-que-boa-parte-da-reparacao-do-corpo-acontece\/"]}]},{"@type":"ImageObject","inLanguage":"pt-BR","@id":"https:\/\/www.tuasaude.com\/news\/2026\/08\/31\/o-sono-profundo-concentra-a-maior-liberacao-de-hormonio-do-crescimento-e-e-nele-que-boa-parte-da-reparacao-do-corpo-acontece\/#primaryimage","url":"https:\/\/www.tuasaude.com\/news\/wp-content\/uploads\/2026\/08\/Couple_sleeping_with_medical_vis\u2026_202608280221.jpg","contentUrl":"https:\/\/www.tuasaude.com\/news\/wp-content\/uploads\/2026\/08\/Couple_sleeping_with_medical_vis\u2026_202608280221.jpg","width":1280,"height":714,"caption":"O sono profundo concentra a maior libera\u00e7\u00e3o de horm\u00f4nio do crescimento e \u00e9 nele que boa parte da repara\u00e7\u00e3o do corpo acontece"},{"@type":"BreadcrumbList","@id":"https:\/\/www.tuasaude.com\/news\/2026\/08\/31\/o-sono-profundo-concentra-a-maior-liberacao-de-hormonio-do-crescimento-e-e-nele-que-boa-parte-da-reparacao-do-corpo-acontece\/#breadcrumb","itemListElement":[{"@type":"ListItem","position":1,"name":"In\u00edcio","item":"https:\/\/www.tuasaude.com\/news\/"},{"@type":"ListItem","position":2,"name":"O sono profundo concentra a maior libera\u00e7\u00e3o de horm\u00f4nio do crescimento e \u00e9 nele que boa parte da repara\u00e7\u00e3o do corpo acontece"}]},{"@type":"WebSite","@id":"https:\/\/www.tuasaude.com\/news\/#website","url":"https:\/\/www.tuasaude.com\/news\/","name":"Tua Sa\u00fade","description":"Seu site de sa\u00fade","potentialAction":[{"@type":"SearchAction","target":{"@type":"EntryPoint","urlTemplate":"https:\/\/www.tuasaude.com\/news\/?s={search_term_string}"},"query-input":{"@type":"PropertyValueSpecification","valueRequired":true,"valueName":"search_term_string"}}],"inLanguage":"pt-BR"},{"@type":"Person","@id":"https:\/\/www.tuasaude.com\/news\/#\/schema\/person\/da63bccfbda5c95cfbf2d37c4276fca0","name":"Maycon Geovane","image":{"@type":"ImageObject","inLanguage":"pt-BR","@id":"https:\/\/www.tuasaude.com\/news\/#\/schema\/person\/image\/","url":"https:\/\/secure.gravatar.com\/avatar\/4f4908cf0a2f249a9f1137f9d5769cacc373d9aee67910cc212a09a346873b7d?s=96&d=mm&r=g","contentUrl":"https:\/\/secure.gravatar.com\/avatar\/4f4908cf0a2f249a9f1137f9d5769cacc373d9aee67910cc212a09a346873b7d?s=96&d=mm&r=g","caption":"Maycon Geovane"},"sameAs":["https:\/\/www.tuasaude.com\/news\/"],"url":"https:\/\/www.tuasaude.com\/news\/author\/maycongeovane\/"}]}},"_links":{"self":[{"href":"https:\/\/www.tuasaude.com\/news\/wp-json\/wp\/v2\/posts\/104204","targetHints":{"allow":["GET"]}}],"collection":[{"href":"https:\/\/www.tuasaude.com\/news\/wp-json\/wp\/v2\/posts"}],"about":[{"href":"https:\/\/www.tuasaude.com\/news\/wp-json\/wp\/v2\/types\/post"}],"author":[{"embeddable":true,"href":"https:\/\/www.tuasaude.com\/news\/wp-json\/wp\/v2\/users\/16"}],"replies":[{"embeddable":true,"href":"https:\/\/www.tuasaude.com\/news\/wp-json\/wp\/v2\/comments?post=104204"}],"version-history":[{"count":1,"href":"https:\/\/www.tuasaude.com\/news\/wp-json\/wp\/v2\/posts\/104204\/revisions"}],"predecessor-version":[{"id":104208,"href":"https:\/\/www.tuasaude.com\/news\/wp-json\/wp\/v2\/posts\/104204\/revisions\/104208"}],"wp:featuredmedia":[{"embeddable":true,"href":"https:\/\/www.tuasaude.com\/news\/wp-json\/wp\/v2\/media\/104205"}],"wp:attachment":[{"href":"https:\/\/www.tuasaude.com\/news\/wp-json\/wp\/v2\/media?parent=104204"}],"wp:term":[{"taxonomy":"category","embeddable":true,"href":"https:\/\/www.tuasaude.com\/news\/wp-json\/wp\/v2\/categories?post=104204"},{"taxonomy":"post_tag","embeddable":true,"href":"https:\/\/www.tuasaude.com\/news\/wp-json\/wp\/v2\/tags?post=104204"}],"curies":[{"name":"wp","href":"https:\/\/api.w.org\/{rel}","templated":true}]}}