{"id":104189,"date":"2026-08-31T14:35:00","date_gmt":"2026-08-31T17:35:00","guid":{"rendered":"https:\/\/www.tuasaude.com\/news\/?p=104189"},"modified":"2026-08-28T02:02:17","modified_gmt":"2026-08-28T05:02:17","slug":"por-que-a-menor-exposicao-a-luz-solar-pode-desregular-o-ritmo-biologico-e-favorecer-episodios-de-depressao-sazonal","status":"publish","type":"post","link":"https:\/\/www.tuasaude.com\/news\/2026\/08\/31\/por-que-a-menor-exposicao-a-luz-solar-pode-desregular-o-ritmo-biologico-e-favorecer-episodios-de-depressao-sazonal\/","title":{"rendered":"Por que a menor exposi\u00e7\u00e3o \u00e0 luz solar pode desregular o ritmo biol\u00f3gico e favorecer epis\u00f3dios de depress\u00e3o sazonal"},"content":{"rendered":"\n<p class=\"wp-block-paragraph\">A menor exposi\u00e7\u00e3o \u00e0 luz solar durante o outono e o inverno pode desregular o ritmo biol\u00f3gico e favorecer o surgimento de epis\u00f3dios de depress\u00e3o sazonal. Essa rela\u00e7\u00e3o envolve mudan\u00e7as na produ\u00e7\u00e3o de melatonina, queda na atividade da serotonina e desalinhamento do rel\u00f3gio interno do organismo. Compreender esse mecanismo ajuda a explicar por que algumas pessoas se sentem mais tristes, cansadas e desmotivadas nos meses frios, e tamb\u00e9m por que a fototerapia com luz branca surgiu como estrat\u00e9gia eficaz de tratamento reconhecida pela literatura m\u00e9dica.<\/p>\n\n\n\n<h2 class=\"wp-block-heading\">O que \u00e9 o ritmo biol\u00f3gico e como a luz o regula?<\/h2>\n\n\n\n<p class=\"wp-block-paragraph\">O ritmo biol\u00f3gico, tamb\u00e9m chamado de ritmo circadiano, \u00e9 um ciclo interno de aproximadamente 24 horas que orquestra fun\u00e7\u00f5es como sono, humor, apetite e produ\u00e7\u00e3o hormonal. A luz solar \u00e9 o principal sincronizador desse rel\u00f3gio interno.<\/p>\n\n\n\n<p class=\"wp-block-paragraph\">Quando os dias ficam mais curtos, o c\u00e9rebro recebe menos est\u00edmulos luminosos pela manh\u00e3, o que atrasa a ativa\u00e7\u00e3o do ciclo diurno. Esse descompasso afeta diretamente a disposi\u00e7\u00e3o, a qualidade do sono e o equil\u00edbrio emocional ao longo da esta\u00e7\u00e3o.<\/p>\n\n\n\n<h2 class=\"wp-block-heading\">Por que a menor luz solar desregula a melatonina e a serotonina?<\/h2>\n\n\n\n<p class=\"wp-block-paragraph\">A melatonina, horm\u00f4nio do sono, \u00e9 produzida na aus\u00eancia de luz. Nos dias mais curtos, o c\u00e9rebro secreta melatonina por mais tempo, o que aumenta a sonol\u00eancia diurna e cria a sensa\u00e7\u00e3o de cansa\u00e7o persistente.<\/p>\n\n\n\n<p class=\"wp-block-paragraph\">Ao mesmo tempo, a serotonina, neurotransmissor ligado ao bem-estar, tem sua atividade reduzida com menos exposi\u00e7\u00e3o luminosa. Esse desequil\u00edbrio qu\u00edmico ajuda a explicar os sintomas t\u00edpicos da <a href=\"https:\/\/www.tuasaude.com\/transtorno-afetivo-sazonal\/\" target=\"_blank\" rel=\"noreferrer noopener\">depress\u00e3o sazonal<\/a>, como apatia, altera\u00e7\u00f5es no apetite e humor deprimido.<\/p>\n\n\n<div class=\"wp-block-image\">\n<figure class=\"aligncenter size-large\"><img decoding=\"async\" width=\"1024\" height=\"571\" src=\"https:\/\/www.tuasaude.com\/news\/wp-content\/uploads\/2026\/08\/Infographic_on_biological_rhythm\u2026_202608280201-1024x571.jpg\" alt=\"Luz matinal, rotina regular e fototerapia podem ajudar a preservar o ritmo circadiano.\" class=\"wp-image-104191\" srcset=\"https:\/\/www.tuasaude.com\/news\/wp-content\/uploads\/2026\/08\/Infographic_on_biological_rhythm\u2026_202608280201-1024x571.jpg 1024w, https:\/\/www.tuasaude.com\/news\/wp-content\/uploads\/2026\/08\/Infographic_on_biological_rhythm\u2026_202608280201-300x167.jpg 300w, https:\/\/www.tuasaude.com\/news\/wp-content\/uploads\/2026\/08\/Infographic_on_biological_rhythm\u2026_202608280201-768x428.jpg 768w, https:\/\/www.tuasaude.com\/news\/wp-content\/uploads\/2026\/08\/Infographic_on_biological_rhythm\u2026_202608280201-750x418.jpg 750w, https:\/\/www.tuasaude.com\/news\/wp-content\/uploads\/2026\/08\/Infographic_on_biological_rhythm\u2026_202608280201-1140x636.jpg 1140w, https:\/\/www.tuasaude.com\/news\/wp-content\/uploads\/2026\/08\/Infographic_on_biological_rhythm\u2026_202608280201.jpg 1280w\" sizes=\"(max-width: 1024px) 100vw, 1024px\" \/><figcaption class=\"wp-element-caption\">Luz matinal, rotina regular e fototerapia podem ajudar a preservar o ritmo circadiano.<\/figcaption><\/figure>\n<\/div>\n\n\n<h2 class=\"wp-block-heading\">Como um estudo cient\u00edfico avaliou a efic\u00e1cia da fototerapia?<\/h2>\n\n\n\n<p class=\"wp-block-paragraph\">A evid\u00eancia sobre o tratamento com luz artificial \u00e9 s\u00f3lida e vem sendo refinada h\u00e1 d\u00e9cadas. Segundo a meta-an\u00e1lise <a href=\"https:\/\/pubmed.ncbi.nlm.nih.gov\/31574513\/\" target=\"_blank\" rel=\"noreferrer noopener\">The Efficacy of Light Therapy in the Treatment of Seasonal Affective Disorder<\/a>, publicada no peri\u00f3dico Psychotherapy and Psychosomatics em 2019, a fototerapia com luz brilhante mostrou-se superior ao placebo tanto na redu\u00e7\u00e3o dos escores de depress\u00e3o quanto na taxa de resposta ao tratamento.<\/p>\n\n\n\n<p class=\"wp-block-paragraph\">A revis\u00e3o reuniu 19 ensaios cl\u00ednicos randomizados e concluiu que a t\u00e9cnica \u00e9 uma interven\u00e7\u00e3o eficaz para adultos com o transtorno. Os autores destacam que a exposi\u00e7\u00e3o controlada \u00e0 luz branca de alta intensidade tende a produzir al\u00edvio dos sintomas em poucas semanas.<\/p>\n\n\n\n<h2 class=\"wp-block-heading\">Como funciona a fototerapia com luz branca?<\/h2>\n\n\n\n<p class=\"wp-block-paragraph\">A fototerapia utiliza dispositivos espec\u00edficos que emitem luz de alta intensidade, geralmente entre 2.500 e 10.000 lux, para simular a exposi\u00e7\u00e3o solar. Conhe\u00e7a os principais aspectos pr\u00e1ticos dessa abordagem.<\/p>\n\n\n\n<ul class=\"wp-block-list\">\n<li><strong>Uso matinal<\/strong>, preferencialmente logo ap\u00f3s acordar, para sincronizar o ritmo circadiano com o in\u00edcio do dia<\/li>\n\n\n\n<li><strong>Dura\u00e7\u00e3o m\u00e9dia<\/strong> de 20 a 30 minutos di\u00e1rios, ajustada conforme a intensidade do equipamento e a orienta\u00e7\u00e3o profissional<\/li>\n\n\n\n<li><strong>Dist\u00e2ncia recomendada<\/strong> de 30 a 60 cent\u00edmetros dos olhos, sem olhar diretamente para a fonte de luz<\/li>\n\n\n\n<li><strong>Filtro para radia\u00e7\u00e3o ultravioleta<\/strong>, presente nos aparelhos aprovados para uso terap\u00eautico<\/li>\n\n\n\n<li><strong>Resposta cl\u00ednica<\/strong> observada geralmente entre a primeira e a quarta semana de uso cont\u00ednuo<\/li>\n\n\n\n<li><strong>Uso complementar<\/strong> \u00e0 psicoterapia e, em alguns casos, a antidepressivos prescritos por profissional de sa\u00fade<\/li>\n<\/ul>\n\n\n<div class=\"wp-block-image\">\n<figure class=\"aligncenter size-large\"><img decoding=\"async\" width=\"1024\" height=\"571\" src=\"https:\/\/www.tuasaude.com\/news\/wp-content\/uploads\/2026\/08\/Man_reading_near_therapy_lamp_202608280201-1024x571.jpg\" alt=\"A luz natural ajuda a sincronizar o rel\u00f3gio biol\u00f3gico e pode influenciar o humor no inverno.\" class=\"wp-image-104192\" srcset=\"https:\/\/www.tuasaude.com\/news\/wp-content\/uploads\/2026\/08\/Man_reading_near_therapy_lamp_202608280201-1024x571.jpg 1024w, https:\/\/www.tuasaude.com\/news\/wp-content\/uploads\/2026\/08\/Man_reading_near_therapy_lamp_202608280201-300x167.jpg 300w, https:\/\/www.tuasaude.com\/news\/wp-content\/uploads\/2026\/08\/Man_reading_near_therapy_lamp_202608280201-768x428.jpg 768w, https:\/\/www.tuasaude.com\/news\/wp-content\/uploads\/2026\/08\/Man_reading_near_therapy_lamp_202608280201-750x418.jpg 750w, https:\/\/www.tuasaude.com\/news\/wp-content\/uploads\/2026\/08\/Man_reading_near_therapy_lamp_202608280201-1140x636.jpg 1140w, https:\/\/www.tuasaude.com\/news\/wp-content\/uploads\/2026\/08\/Man_reading_near_therapy_lamp_202608280201.jpg 1280w\" sizes=\"(max-width: 1024px) 100vw, 1024px\" \/><figcaption class=\"wp-element-caption\">A luz natural ajuda a sincronizar o rel\u00f3gio biol\u00f3gico e pode influenciar o humor no inverno.<\/figcaption><\/figure>\n<\/div>\n\n\n<h2 class=\"wp-block-heading\">Que outras estrat\u00e9gias ajudam a preservar o ritmo circadiano no inverno?<\/h2>\n\n\n\n<p class=\"wp-block-paragraph\">Al\u00e9m da fototerapia, algumas medidas simples do dia a dia podem reduzir o impacto da menor luminosidade sobre o humor e o sono. Confira as mais respaldadas pela literatura.<\/p>\n\n\n\n<ol class=\"wp-block-list\">\n<li>Buscar <strong>exposi\u00e7\u00e3o \u00e0 luz natural pela manh\u00e3<\/strong>, mesmo em dias nublados, com caminhadas curtas ao ar livre<\/li>\n\n\n\n<li>Manter <strong>hor\u00e1rios regulares<\/strong> de sono e alimenta\u00e7\u00e3o para refor\u00e7ar o ritmo interno<\/li>\n\n\n\n<li>Abrir <strong>cortinas e persianas<\/strong> logo ao acordar para permitir a entrada de luz nos ambientes<\/li>\n\n\n\n<li>Praticar <strong>atividade f\u00edsica regular<\/strong>, que estimula a produ\u00e7\u00e3o de neurotransmissores ligados ao bem-estar<\/li>\n\n\n\n<li>Reduzir a <strong>exposi\u00e7\u00e3o a telas \u00e0 noite<\/strong>, pois a luz azul artificial pode confundir ainda mais o rel\u00f3gio biol\u00f3gico<\/li>\n\n\n\n<li>Buscar acompanhamento profissional quando os sintomas de <a href=\"https:\/\/www.tuasaude.com\/depressao\/\" target=\"_blank\" rel=\"noreferrer noopener\">depress\u00e3o<\/a> se tornarem persistentes ou incapacitantes<\/li>\n<\/ol>\n\n\n\n<p class=\"wp-block-paragraph\"><em>Este conte\u00fado tem car\u00e1ter meramente informativo e n\u00e3o substitui a avalia\u00e7\u00e3o, o diagn\u00f3stico ou o tratamento realizado por um profissional de sa\u00fade qualificado. Consulte sempre um m\u00e9dico ou psic\u00f3logo diante de sintomas emocionais persistentes.<\/em><\/p>\n","protected":false},"excerpt":{"rendered":"<p>A menor exposi\u00e7\u00e3o \u00e0 luz solar durante o outono e o inverno pode desregular o ritmo biol\u00f3gico e favorecer o surgimento de epis\u00f3dios de depress\u00e3o sazonal. Essa rela\u00e7\u00e3o envolve mudan\u00e7as na produ\u00e7\u00e3o de melatonina, queda na atividade da serotonina e desalinhamento do rel\u00f3gio interno do organismo. Compreender esse mecanismo ajuda a explicar por que algumas [&hellip;]<\/p>\n","protected":false},"author":16,"featured_media":104190,"comment_status":"open","ping_status":"open","sticky":false,"template":"","format":"standard","meta":{"_yoast_wpseo_focuskw":"luz solar e ritmo biol\u00f3gico","_yoast_wpseo_title":"","_yoast_wpseo_metadesc":"Menos luz solar no inverno pode alterar o ritmo biol\u00f3gico, o sono e o humor. Entenda o papel da fototerapia e como ela ajuda na depress\u00e3o sazonal.","jnews-multi-image_gallery":[],"jnews_single_post":{"format":"standard"},"jnews_primary_category":[],"jnews_social_meta":[],"jnews_override_counter":[],"footnotes":""},"categories":[111],"tags":[5100,12503,12501,12502,6986,1517,136],"class_list":["post-104189","post","type-post","status-publish","format-standard","has-post-thumbnail","hentry","category-saude","tag-depressao-sazonal","tag-favorecer-episodios","tag-menor-exposicao-a-luz-solar","tag-pode-desregular","tag-por-que","tag-ritmo-biologico","tag-saude"],"yoast_head":"<!-- This site is optimized with the Yoast SEO plugin v26.7 - https:\/\/yoast.com\/wordpress\/plugins\/seo\/ -->\n<title>Por que a menor exposi\u00e7\u00e3o \u00e0 luz solar pode desregular o ritmo biol\u00f3gico e favorecer epis\u00f3dios de depress\u00e3o sazonal - Tua Sa\u00fade<\/title>\n<meta name=\"description\" content=\"Menos luz solar no inverno pode alterar o ritmo biol\u00f3gico, o sono e o humor. Entenda o papel da fototerapia e como ela ajuda na depress\u00e3o sazonal.\" \/>\n<meta name=\"robots\" content=\"index, follow, max-snippet:-1, max-image-preview:large, max-video-preview:-1\" \/>\n<link rel=\"canonical\" href=\"https:\/\/www.tuasaude.com\/news\/2026\/08\/31\/por-que-a-menor-exposicao-a-luz-solar-pode-desregular-o-ritmo-biologico-e-favorecer-episodios-de-depressao-sazonal\/\" \/>\n<meta property=\"og:locale\" content=\"pt_BR\" \/>\n<meta property=\"og:type\" content=\"article\" \/>\n<meta property=\"og:title\" content=\"Por que a menor exposi\u00e7\u00e3o \u00e0 luz solar pode desregular o ritmo biol\u00f3gico e favorecer epis\u00f3dios de depress\u00e3o sazonal - Tua Sa\u00fade\" \/>\n<meta property=\"og:description\" content=\"Menos luz solar no inverno pode alterar o ritmo biol\u00f3gico, o sono e o humor. Entenda o papel da fototerapia e como ela ajuda na depress\u00e3o sazonal.\" \/>\n<meta property=\"og:url\" content=\"https:\/\/www.tuasaude.com\/news\/2026\/08\/31\/por-que-a-menor-exposicao-a-luz-solar-pode-desregular-o-ritmo-biologico-e-favorecer-episodios-de-depressao-sazonal\/\" \/>\n<meta property=\"og:site_name\" content=\"Tua Sa\u00fade\" \/>\n<meta property=\"article:published_time\" content=\"2026-08-31T17:35:00+00:00\" \/>\n<meta property=\"og:image\" content=\"https:\/\/www.tuasaude.com\/news\/wp-content\/uploads\/2026\/08\/Woman_opening_curtains_at_window_202608280201.jpg\" \/>\n\t<meta property=\"og:image:width\" content=\"1280\" \/>\n\t<meta property=\"og:image:height\" content=\"714\" \/>\n\t<meta property=\"og:image:type\" content=\"image\/jpeg\" \/>\n<meta name=\"author\" content=\"Maycon Geovane\" \/>\n<meta name=\"twitter:card\" content=\"summary_large_image\" \/>\n<meta name=\"twitter:label1\" content=\"Escrito por\" \/>\n\t<meta name=\"twitter:data1\" content=\"Maycon Geovane\" \/>\n\t<meta name=\"twitter:label2\" content=\"Est. tempo de leitura\" \/>\n\t<meta name=\"twitter:data2\" content=\"5 minutos\" \/>\n<!-- \/ Yoast SEO plugin. -->","yoast_head_json":{"title":"Por que a menor exposi\u00e7\u00e3o \u00e0 luz solar pode desregular o ritmo biol\u00f3gico e favorecer epis\u00f3dios de depress\u00e3o sazonal - Tua Sa\u00fade","description":"Menos luz solar no inverno pode alterar o ritmo biol\u00f3gico, o sono e o humor. Entenda o papel da fototerapia e como ela ajuda na depress\u00e3o sazonal.","robots":{"index":"index","follow":"follow","max-snippet":"max-snippet:-1","max-image-preview":"max-image-preview:large","max-video-preview":"max-video-preview:-1"},"canonical":"https:\/\/www.tuasaude.com\/news\/2026\/08\/31\/por-que-a-menor-exposicao-a-luz-solar-pode-desregular-o-ritmo-biologico-e-favorecer-episodios-de-depressao-sazonal\/","og_locale":"pt_BR","og_type":"article","og_title":"Por que a menor exposi\u00e7\u00e3o \u00e0 luz solar pode desregular o ritmo biol\u00f3gico e favorecer epis\u00f3dios de depress\u00e3o sazonal - Tua Sa\u00fade","og_description":"Menos luz solar no inverno pode alterar o ritmo biol\u00f3gico, o sono e o humor. Entenda o papel da fototerapia e como ela ajuda na depress\u00e3o sazonal.","og_url":"https:\/\/www.tuasaude.com\/news\/2026\/08\/31\/por-que-a-menor-exposicao-a-luz-solar-pode-desregular-o-ritmo-biologico-e-favorecer-episodios-de-depressao-sazonal\/","og_site_name":"Tua Sa\u00fade","article_published_time":"2026-08-31T17:35:00+00:00","og_image":[{"width":1280,"height":714,"url":"https:\/\/www.tuasaude.com\/news\/wp-content\/uploads\/2026\/08\/Woman_opening_curtains_at_window_202608280201.jpg","type":"image\/jpeg"}],"author":"Maycon Geovane","twitter_card":"summary_large_image","twitter_misc":{"Escrito por":"Maycon Geovane","Est. tempo de leitura":"5 minutos"},"schema":{"@context":"https:\/\/schema.org","@graph":[{"@type":"Article","@id":"https:\/\/www.tuasaude.com\/news\/2026\/08\/31\/por-que-a-menor-exposicao-a-luz-solar-pode-desregular-o-ritmo-biologico-e-favorecer-episodios-de-depressao-sazonal\/#article","isPartOf":{"@id":"https:\/\/www.tuasaude.com\/news\/2026\/08\/31\/por-que-a-menor-exposicao-a-luz-solar-pode-desregular-o-ritmo-biologico-e-favorecer-episodios-de-depressao-sazonal\/"},"author":{"name":"Maycon Geovane","@id":"https:\/\/www.tuasaude.com\/news\/#\/schema\/person\/da63bccfbda5c95cfbf2d37c4276fca0"},"headline":"Por que a menor exposi\u00e7\u00e3o \u00e0 luz solar pode desregular o ritmo biol\u00f3gico e favorecer epis\u00f3dios de depress\u00e3o sazonal","datePublished":"2026-08-31T17:35:00+00:00","mainEntityOfPage":{"@id":"https:\/\/www.tuasaude.com\/news\/2026\/08\/31\/por-que-a-menor-exposicao-a-luz-solar-pode-desregular-o-ritmo-biologico-e-favorecer-episodios-de-depressao-sazonal\/"},"wordCount":781,"commentCount":0,"image":{"@id":"https:\/\/www.tuasaude.com\/news\/2026\/08\/31\/por-que-a-menor-exposicao-a-luz-solar-pode-desregular-o-ritmo-biologico-e-favorecer-episodios-de-depressao-sazonal\/#primaryimage"},"thumbnailUrl":"https:\/\/www.tuasaude.com\/news\/wp-content\/uploads\/2026\/08\/Woman_opening_curtains_at_window_202608280201.jpg","keywords":["depress\u00e3o sazonal","favorecer epis\u00f3dios","menor exposi\u00e7\u00e3o \u00e0 luz solar","pode desregular","Por que","ritmo biol\u00f3gico","sa\u00fade"],"articleSection":["Sa\u00fade"],"inLanguage":"pt-BR","potentialAction":[{"@type":"CommentAction","name":"Comment","target":["https:\/\/www.tuasaude.com\/news\/2026\/08\/31\/por-que-a-menor-exposicao-a-luz-solar-pode-desregular-o-ritmo-biologico-e-favorecer-episodios-de-depressao-sazonal\/#respond"]}]},{"@type":"WebPage","@id":"https:\/\/www.tuasaude.com\/news\/2026\/08\/31\/por-que-a-menor-exposicao-a-luz-solar-pode-desregular-o-ritmo-biologico-e-favorecer-episodios-de-depressao-sazonal\/","url":"https:\/\/www.tuasaude.com\/news\/2026\/08\/31\/por-que-a-menor-exposicao-a-luz-solar-pode-desregular-o-ritmo-biologico-e-favorecer-episodios-de-depressao-sazonal\/","name":"Por que a menor exposi\u00e7\u00e3o \u00e0 luz solar pode desregular o ritmo biol\u00f3gico e favorecer epis\u00f3dios de depress\u00e3o sazonal - Tua Sa\u00fade","isPartOf":{"@id":"https:\/\/www.tuasaude.com\/news\/#website"},"primaryImageOfPage":{"@id":"https:\/\/www.tuasaude.com\/news\/2026\/08\/31\/por-que-a-menor-exposicao-a-luz-solar-pode-desregular-o-ritmo-biologico-e-favorecer-episodios-de-depressao-sazonal\/#primaryimage"},"image":{"@id":"https:\/\/www.tuasaude.com\/news\/2026\/08\/31\/por-que-a-menor-exposicao-a-luz-solar-pode-desregular-o-ritmo-biologico-e-favorecer-episodios-de-depressao-sazonal\/#primaryimage"},"thumbnailUrl":"https:\/\/www.tuasaude.com\/news\/wp-content\/uploads\/2026\/08\/Woman_opening_curtains_at_window_202608280201.jpg","datePublished":"2026-08-31T17:35:00+00:00","author":{"@id":"https:\/\/www.tuasaude.com\/news\/#\/schema\/person\/da63bccfbda5c95cfbf2d37c4276fca0"},"description":"Menos luz solar no inverno pode alterar o ritmo biol\u00f3gico, o sono e o humor. Entenda o papel da fototerapia e como ela ajuda na depress\u00e3o sazonal.","breadcrumb":{"@id":"https:\/\/www.tuasaude.com\/news\/2026\/08\/31\/por-que-a-menor-exposicao-a-luz-solar-pode-desregular-o-ritmo-biologico-e-favorecer-episodios-de-depressao-sazonal\/#breadcrumb"},"inLanguage":"pt-BR","potentialAction":[{"@type":"ReadAction","target":["https:\/\/www.tuasaude.com\/news\/2026\/08\/31\/por-que-a-menor-exposicao-a-luz-solar-pode-desregular-o-ritmo-biologico-e-favorecer-episodios-de-depressao-sazonal\/"]}]},{"@type":"ImageObject","inLanguage":"pt-BR","@id":"https:\/\/www.tuasaude.com\/news\/2026\/08\/31\/por-que-a-menor-exposicao-a-luz-solar-pode-desregular-o-ritmo-biologico-e-favorecer-episodios-de-depressao-sazonal\/#primaryimage","url":"https:\/\/www.tuasaude.com\/news\/wp-content\/uploads\/2026\/08\/Woman_opening_curtains_at_window_202608280201.jpg","contentUrl":"https:\/\/www.tuasaude.com\/news\/wp-content\/uploads\/2026\/08\/Woman_opening_curtains_at_window_202608280201.jpg","width":1280,"height":714,"caption":"Por que a menor exposi\u00e7\u00e3o \u00e0 luz solar pode desregular o ritmo biol\u00f3gico e favorecer epis\u00f3dios de depress\u00e3o sazonal"},{"@type":"BreadcrumbList","@id":"https:\/\/www.tuasaude.com\/news\/2026\/08\/31\/por-que-a-menor-exposicao-a-luz-solar-pode-desregular-o-ritmo-biologico-e-favorecer-episodios-de-depressao-sazonal\/#breadcrumb","itemListElement":[{"@type":"ListItem","position":1,"name":"In\u00edcio","item":"https:\/\/www.tuasaude.com\/news\/"},{"@type":"ListItem","position":2,"name":"Por que a menor exposi\u00e7\u00e3o \u00e0 luz solar pode desregular o ritmo biol\u00f3gico e favorecer epis\u00f3dios de depress\u00e3o sazonal"}]},{"@type":"WebSite","@id":"https:\/\/www.tuasaude.com\/news\/#website","url":"https:\/\/www.tuasaude.com\/news\/","name":"Tua Sa\u00fade","description":"Seu site de sa\u00fade","potentialAction":[{"@type":"SearchAction","target":{"@type":"EntryPoint","urlTemplate":"https:\/\/www.tuasaude.com\/news\/?s={search_term_string}"},"query-input":{"@type":"PropertyValueSpecification","valueRequired":true,"valueName":"search_term_string"}}],"inLanguage":"pt-BR"},{"@type":"Person","@id":"https:\/\/www.tuasaude.com\/news\/#\/schema\/person\/da63bccfbda5c95cfbf2d37c4276fca0","name":"Maycon Geovane","image":{"@type":"ImageObject","inLanguage":"pt-BR","@id":"https:\/\/www.tuasaude.com\/news\/#\/schema\/person\/image\/","url":"https:\/\/secure.gravatar.com\/avatar\/4f4908cf0a2f249a9f1137f9d5769cacc373d9aee67910cc212a09a346873b7d?s=96&d=mm&r=g","contentUrl":"https:\/\/secure.gravatar.com\/avatar\/4f4908cf0a2f249a9f1137f9d5769cacc373d9aee67910cc212a09a346873b7d?s=96&d=mm&r=g","caption":"Maycon Geovane"},"sameAs":["https:\/\/www.tuasaude.com\/news\/"],"url":"https:\/\/www.tuasaude.com\/news\/author\/maycongeovane\/"}]}},"_links":{"self":[{"href":"https:\/\/www.tuasaude.com\/news\/wp-json\/wp\/v2\/posts\/104189","targetHints":{"allow":["GET"]}}],"collection":[{"href":"https:\/\/www.tuasaude.com\/news\/wp-json\/wp\/v2\/posts"}],"about":[{"href":"https:\/\/www.tuasaude.com\/news\/wp-json\/wp\/v2\/types\/post"}],"author":[{"embeddable":true,"href":"https:\/\/www.tuasaude.com\/news\/wp-json\/wp\/v2\/users\/16"}],"replies":[{"embeddable":true,"href":"https:\/\/www.tuasaude.com\/news\/wp-json\/wp\/v2\/comments?post=104189"}],"version-history":[{"count":1,"href":"https:\/\/www.tuasaude.com\/news\/wp-json\/wp\/v2\/posts\/104189\/revisions"}],"predecessor-version":[{"id":104193,"href":"https:\/\/www.tuasaude.com\/news\/wp-json\/wp\/v2\/posts\/104189\/revisions\/104193"}],"wp:featuredmedia":[{"embeddable":true,"href":"https:\/\/www.tuasaude.com\/news\/wp-json\/wp\/v2\/media\/104190"}],"wp:attachment":[{"href":"https:\/\/www.tuasaude.com\/news\/wp-json\/wp\/v2\/media?parent=104189"}],"wp:term":[{"taxonomy":"category","embeddable":true,"href":"https:\/\/www.tuasaude.com\/news\/wp-json\/wp\/v2\/categories?post=104189"},{"taxonomy":"post_tag","embeddable":true,"href":"https:\/\/www.tuasaude.com\/news\/wp-json\/wp\/v2\/tags?post=104189"}],"curies":[{"name":"wp","href":"https:\/\/api.w.org\/{rel}","templated":true}]}}