{"id":104184,"date":"2026-08-31T14:10:00","date_gmt":"2026-08-31T17:10:00","guid":{"rendered":"https:\/\/www.tuasaude.com\/news\/?p=104184"},"modified":"2026-08-28T01:58:03","modified_gmt":"2026-08-28T04:58:03","slug":"andar-mais-devagar-do-que-costumava-pode-refletir-mudancas-que-vao-alem-do-envelhecimento-natural-das-pernas","status":"publish","type":"post","link":"https:\/\/www.tuasaude.com\/news\/2026\/08\/31\/andar-mais-devagar-do-que-costumava-pode-refletir-mudancas-que-vao-alem-do-envelhecimento-natural-das-pernas\/","title":{"rendered":"Andar mais devagar do que costumava pode refletir mudan\u00e7as que v\u00e3o al\u00e9m do envelhecimento natural das pernas"},"content":{"rendered":"\n<p class=\"wp-block-paragraph\">Andar mais devagar do que costumava pode refletir mudan\u00e7as que v\u00e3o muito al\u00e9m do envelhecimento natural das pernas. A velocidade da marcha \u00e9 considerada por especialistas um verdadeiro sinal vital funcional, capaz de espelhar a integra\u00e7\u00e3o entre m\u00fasculos, cora\u00e7\u00e3o, pulm\u00f5es, vis\u00e3o e cogni\u00e7\u00e3o. Notar uma queda persistente no pr\u00f3prio ritmo ao caminhar merece aten\u00e7\u00e3o, pois pode ser o primeiro ind\u00edcio de altera\u00e7\u00f5es silenciosas que ainda n\u00e3o se manifestaram como sintomas claros em outros sistemas do corpo.<\/p>\n\n\n\n<h2 class=\"wp-block-heading\">O que \u00e9 velocidade da marcha e por que ela importa?<\/h2>\n\n\n\n<p class=\"wp-block-paragraph\">A velocidade da marcha \u00e9 o tempo que uma pessoa leva para percorrer uma dist\u00e2ncia curta em ritmo habitual. Embora pare\u00e7a simples, essa medida traduz o funcionamento coordenado de v\u00e1rios sistemas corporais que precisam operar em harmonia.<\/p>\n\n\n\n<p class=\"wp-block-paragraph\">Por refletir a integra\u00e7\u00e3o entre for\u00e7a, equil\u00edbrio, coordena\u00e7\u00e3o e resist\u00eancia cardiorrespirat\u00f3ria, \u00e9 considerada um marcador precoce de sa\u00fade geral. Uma redu\u00e7\u00e3o consistente costuma aparecer antes de outros sinais cl\u00ednicos vis\u00edveis.<\/p>\n\n\n\n<h2 class=\"wp-block-heading\">Por que andar devagar vai al\u00e9m do envelhecimento das pernas?<\/h2>\n\n\n\n<p class=\"wp-block-paragraph\">A marcha depende de muito mais do que a musculatura dos membros inferiores. Cora\u00e7\u00e3o, pulm\u00f5es, sistema nervoso, vis\u00e3o e capacidade cognitiva participam ativamente do ato de caminhar com seguran\u00e7a e ritmo adequado.<\/p>\n\n\n\n<p class=\"wp-block-paragraph\">Por isso, uma lentid\u00e3o persistente pode sinalizar problemas em qualquer um desses sistemas, como redu\u00e7\u00e3o da capacidade cardiovascular, perda de massa muscular pela <a href=\"https:\/\/www.tuasaude.com\/perda-de-massa-muscular\/\" target=\"_blank\" rel=\"noreferrer noopener\">perda de massa muscular<\/a>, altera\u00e7\u00f5es no equil\u00edbrio ou decl\u00ednio cognitivo em est\u00e1gio inicial.<\/p>\n\n\n<div class=\"wp-block-image\">\n<figure class=\"aligncenter size-large\"><img decoding=\"async\" width=\"1024\" height=\"571\" src=\"https:\/\/www.tuasaude.com\/news\/wp-content\/uploads\/2026\/08\/Velocidade_da_marcha_infografico_202608280157-1024x571.jpg\" alt=\"A marcha integra m\u00fasculos, cora\u00e7\u00e3o, pulm\u00f5es, vis\u00e3o e c\u00e9rebro em um \u00fanico marcador funcional.\" class=\"wp-image-104186\" srcset=\"https:\/\/www.tuasaude.com\/news\/wp-content\/uploads\/2026\/08\/Velocidade_da_marcha_infografico_202608280157-1024x571.jpg 1024w, https:\/\/www.tuasaude.com\/news\/wp-content\/uploads\/2026\/08\/Velocidade_da_marcha_infografico_202608280157-300x167.jpg 300w, https:\/\/www.tuasaude.com\/news\/wp-content\/uploads\/2026\/08\/Velocidade_da_marcha_infografico_202608280157-768x428.jpg 768w, https:\/\/www.tuasaude.com\/news\/wp-content\/uploads\/2026\/08\/Velocidade_da_marcha_infografico_202608280157-750x418.jpg 750w, https:\/\/www.tuasaude.com\/news\/wp-content\/uploads\/2026\/08\/Velocidade_da_marcha_infografico_202608280157-1140x636.jpg 1140w, https:\/\/www.tuasaude.com\/news\/wp-content\/uploads\/2026\/08\/Velocidade_da_marcha_infografico_202608280157.jpg 1280w\" sizes=\"(max-width: 1024px) 100vw, 1024px\" \/><figcaption class=\"wp-element-caption\">A marcha integra m\u00fasculos, cora\u00e7\u00e3o, pulm\u00f5es, vis\u00e3o e c\u00e9rebro em um \u00fanico marcador funcional.<\/figcaption><\/figure>\n<\/div>\n\n\n<h2 class=\"wp-block-heading\">Como um estudo cient\u00edfico associou marcha e sobrevida?<\/h2>\n\n\n\n<p class=\"wp-block-paragraph\">A robustez dessa medida est\u00e1 ancorada em pesquisas de grande porte. Segundo o estudo <a href=\"https:\/\/pubmed.ncbi.nlm.nih.gov\/21205966\/\" target=\"_blank\" rel=\"noreferrer noopener\">Gait speed and survival in older adults<\/a>, publicado no peri\u00f3dico JAMA em 2011, a velocidade da marcha mostrou associa\u00e7\u00e3o consistente com a sobrevida em uma an\u00e1lise que reuniu quase 34 mil idosos acompanhados por at\u00e9 21 anos.<\/p>\n\n\n\n<p class=\"wp-block-paragraph\">Os autores conclu\u00edram que essa medida simples ajuda a estimar a expectativa de vida com maior precis\u00e3o do que apenas a idade cronol\u00f3gica. Ritmos mais lentos se correlacionaram a menor sobrevida, enquanto passos mais \u00e1geis indicaram melhor progn\u00f3stico funcional.<\/p>\n\n\n\n<h2 class=\"wp-block-heading\">Que sistemas do corpo influenciam a velocidade da marcha?<\/h2>\n\n\n\n<p class=\"wp-block-paragraph\">Diversos \u00f3rg\u00e3os e fun\u00e7\u00f5es contribuem para o ritmo com que caminhamos, e altera\u00e7\u00f5es em qualquer um deles podem se manifestar como lentid\u00e3o. Confira os principais envolvidos.<\/p>\n\n\n\n<ul class=\"wp-block-list\">\n<li><strong>Sistema musculoesquel\u00e9tico<\/strong>, pela for\u00e7a das pernas, mobilidade articular e postura<\/li>\n\n\n\n<li><strong>Sistema cardiovascular<\/strong>, que garante oxig\u00eanio e nutrientes aos tecidos em movimento<\/li>\n\n\n\n<li><strong>Sistema respirat\u00f3rio<\/strong>, respons\u00e1vel pela troca gasosa durante o esfor\u00e7o f\u00edsico<\/li>\n\n\n\n<li><strong>Sistema nervoso central<\/strong>, que coordena equil\u00edbrio, aten\u00e7\u00e3o e planejamento motor<\/li>\n\n\n\n<li><strong>Vis\u00e3o e sistema vestibular<\/strong>, essenciais para orienta\u00e7\u00e3o espacial e estabilidade<\/li>\n\n\n\n<li><strong>Fun\u00e7\u00e3o cognitiva<\/strong>, envolvida na decis\u00e3o de onde e como pisar<\/li>\n\n\n\n<li><strong>Estado nutricional<\/strong>, que sustenta a energia e a integridade muscular<\/li>\n<\/ul>\n\n\n<div class=\"wp-block-image\">\n<figure class=\"aligncenter size-large\"><img decoding=\"async\" width=\"1024\" height=\"571\" src=\"https:\/\/www.tuasaude.com\/news\/wp-content\/uploads\/2026\/08\/Older_man_walking_in_park_202608280157-1024x571.jpg\" alt=\"Andar mais devagar pode revelar altera\u00e7\u00f5es musculares, cardiovasculares, neurol\u00f3gicas ou cognitivas.\" class=\"wp-image-104187\" srcset=\"https:\/\/www.tuasaude.com\/news\/wp-content\/uploads\/2026\/08\/Older_man_walking_in_park_202608280157-1024x571.jpg 1024w, https:\/\/www.tuasaude.com\/news\/wp-content\/uploads\/2026\/08\/Older_man_walking_in_park_202608280157-300x167.jpg 300w, https:\/\/www.tuasaude.com\/news\/wp-content\/uploads\/2026\/08\/Older_man_walking_in_park_202608280157-768x428.jpg 768w, https:\/\/www.tuasaude.com\/news\/wp-content\/uploads\/2026\/08\/Older_man_walking_in_park_202608280157-750x418.jpg 750w, https:\/\/www.tuasaude.com\/news\/wp-content\/uploads\/2026\/08\/Older_man_walking_in_park_202608280157-1140x636.jpg 1140w, https:\/\/www.tuasaude.com\/news\/wp-content\/uploads\/2026\/08\/Older_man_walking_in_park_202608280157.jpg 1280w\" sizes=\"(max-width: 1024px) 100vw, 1024px\" \/><figcaption class=\"wp-element-caption\">Andar mais devagar pode revelar altera\u00e7\u00f5es musculares, cardiovasculares, neurol\u00f3gicas ou cognitivas.<\/figcaption><\/figure>\n<\/div>\n\n\n<h2 class=\"wp-block-heading\">Como medir a velocidade da marcha em casa e quando procurar ajuda?<\/h2>\n\n\n\n<p class=\"wp-block-paragraph\">Medir a velocidade da marcha em casa \u00e9 uma tarefa simples e \u00fatil para acompanhar mudan\u00e7as ao longo do tempo. Basta seguir alguns passos pr\u00e1ticos.<\/p>\n\n\n\n<ol class=\"wp-block-list\">\n<li>Marque um <strong>trecho reto de 4 metros<\/strong> em um corredor ou \u00e1rea plana da casa, livre de obst\u00e1culos<\/li>\n\n\n\n<li>Comece a caminhar <strong>1 a 2 metros antes<\/strong> da linha inicial para atingir seu ritmo habitual<\/li>\n\n\n\n<li>Cronometre o tempo entre a passagem pela linha inicial e a linha final, andando em <strong>ritmo confort\u00e1vel<\/strong><\/li>\n\n\n\n<li>Divida <strong>4 pela quantidade de segundos<\/strong> obtidos para calcular a velocidade em metros por segundo<\/li>\n\n\n\n<li>Repita o teste <strong>duas ou tr\u00eas vezes<\/strong> e considere a m\u00e9dia para maior confiabilidade<\/li>\n\n\n\n<li>Valores abaixo de <strong>0,8 metros por segundo<\/strong> em idosos costumam merecer avalia\u00e7\u00e3o profissional<\/li>\n<\/ol>\n\n\n\n<p class=\"wp-block-paragraph\">Vale lembrar que uma medi\u00e7\u00e3o isolada n\u00e3o define diagn\u00f3stico. Se houver queda progressiva no ritmo, quedas recentes, cansa\u00e7o desproporcional ou sinais de <a href=\"https:\/\/www.tuasaude.com\/fadiga\/\" target=\"_blank\" rel=\"noreferrer noopener\">fadiga<\/a> associados, procurar um m\u00e9dico \u00e9 a conduta mais segura para investigar as causas subjacentes.<\/p>\n\n\n\n<p class=\"wp-block-paragraph\"><em>Este conte\u00fado tem car\u00e1ter meramente informativo e n\u00e3o substitui a avalia\u00e7\u00e3o, o diagn\u00f3stico ou o tratamento realizado por um profissional de sa\u00fade qualificado. Consulte sempre um m\u00e9dico diante de mudan\u00e7as persistentes no seu padr\u00e3o de caminhada ou disposi\u00e7\u00e3o f\u00edsica.<\/em><\/p>\n","protected":false},"excerpt":{"rendered":"<p>Andar mais devagar do que costumava pode refletir mudan\u00e7as que v\u00e3o muito al\u00e9m do envelhecimento natural das pernas. A velocidade da marcha \u00e9 considerada por especialistas um verdadeiro sinal vital funcional, capaz de espelhar a integra\u00e7\u00e3o entre m\u00fasculos, cora\u00e7\u00e3o, pulm\u00f5es, vis\u00e3o e cogni\u00e7\u00e3o. Notar uma queda persistente no pr\u00f3prio ritmo ao caminhar merece aten\u00e7\u00e3o, pois [&hellip;]<\/p>\n","protected":false},"author":16,"featured_media":104185,"comment_status":"open","ping_status":"open","sticky":false,"template":"","format":"standard","meta":{"_yoast_wpseo_focuskw":"velocidade da marcha","_yoast_wpseo_title":"","_yoast_wpseo_metadesc":"Andar mais devagar pode refletir mudan\u00e7as em v\u00e1rios sistemas do corpo. Entenda por que a velocidade da marcha \u00e9 um importante sinal funcional.","jnews-multi-image_gallery":[],"jnews_single_post":{"format":"standard"},"jnews_primary_category":[],"jnews_social_meta":[],"jnews_override_counter":[],"footnotes":""},"categories":[111],"tags":[12498,12493,12495,12500,12494,12497,12499,12496,136],"class_list":["post-104184","post","type-post","status-publish","format-standard","has-post-thumbnail","hentry","category-saude","tag-alem-do-envelhecimento","tag-andar-mais-devagar","tag-costumava","tag-das-pernas","tag-do-que","tag-mudancas-que-vao","tag-natural","tag-pode-refletir","tag-saude"],"yoast_head":"<!-- This site is optimized with the Yoast SEO plugin v26.7 - https:\/\/yoast.com\/wordpress\/plugins\/seo\/ -->\n<title>Andar mais devagar do que costumava pode refletir mudan\u00e7as que v\u00e3o al\u00e9m do envelhecimento natural das pernas - Tua Sa\u00fade<\/title>\n<meta name=\"description\" content=\"Andar mais devagar pode refletir mudan\u00e7as em v\u00e1rios sistemas do corpo. Entenda por que a velocidade da marcha \u00e9 um importante sinal funcional.\" \/>\n<meta name=\"robots\" content=\"index, follow, max-snippet:-1, max-image-preview:large, max-video-preview:-1\" \/>\n<link rel=\"canonical\" href=\"https:\/\/www.tuasaude.com\/news\/2026\/08\/31\/andar-mais-devagar-do-que-costumava-pode-refletir-mudancas-que-vao-alem-do-envelhecimento-natural-das-pernas\/\" \/>\n<meta property=\"og:locale\" content=\"pt_BR\" \/>\n<meta property=\"og:type\" content=\"article\" \/>\n<meta property=\"og:title\" content=\"Andar mais devagar do que costumava pode refletir mudan\u00e7as que v\u00e3o al\u00e9m do envelhecimento natural das pernas - Tua Sa\u00fade\" \/>\n<meta property=\"og:description\" content=\"Andar mais devagar pode refletir mudan\u00e7as em v\u00e1rios sistemas do corpo. Entenda por que a velocidade da marcha \u00e9 um importante sinal funcional.\" \/>\n<meta property=\"og:url\" content=\"https:\/\/www.tuasaude.com\/news\/2026\/08\/31\/andar-mais-devagar-do-que-costumava-pode-refletir-mudancas-que-vao-alem-do-envelhecimento-natural-das-pernas\/\" \/>\n<meta property=\"og:site_name\" content=\"Tua Sa\u00fade\" \/>\n<meta property=\"article:published_time\" content=\"2026-08-31T17:10:00+00:00\" \/>\n<meta property=\"og:image\" content=\"https:\/\/www.tuasaude.com\/news\/wp-content\/uploads\/2026\/08\/Woman_walking_along_residential_\u2026_202608280156.jpg\" \/>\n\t<meta property=\"og:image:width\" content=\"1280\" \/>\n\t<meta property=\"og:image:height\" content=\"714\" \/>\n\t<meta property=\"og:image:type\" content=\"image\/jpeg\" \/>\n<meta name=\"author\" content=\"Maycon Geovane\" \/>\n<meta name=\"twitter:card\" content=\"summary_large_image\" \/>\n<meta name=\"twitter:label1\" content=\"Escrito por\" \/>\n\t<meta name=\"twitter:data1\" content=\"Maycon Geovane\" \/>\n\t<meta name=\"twitter:label2\" content=\"Est. tempo de leitura\" \/>\n\t<meta name=\"twitter:data2\" content=\"5 minutos\" \/>\n<!-- \/ Yoast SEO plugin. -->","yoast_head_json":{"title":"Andar mais devagar do que costumava pode refletir mudan\u00e7as que v\u00e3o al\u00e9m do envelhecimento natural das pernas - Tua Sa\u00fade","description":"Andar mais devagar pode refletir mudan\u00e7as em v\u00e1rios sistemas do corpo. Entenda por que a velocidade da marcha \u00e9 um importante sinal funcional.","robots":{"index":"index","follow":"follow","max-snippet":"max-snippet:-1","max-image-preview":"max-image-preview:large","max-video-preview":"max-video-preview:-1"},"canonical":"https:\/\/www.tuasaude.com\/news\/2026\/08\/31\/andar-mais-devagar-do-que-costumava-pode-refletir-mudancas-que-vao-alem-do-envelhecimento-natural-das-pernas\/","og_locale":"pt_BR","og_type":"article","og_title":"Andar mais devagar do que costumava pode refletir mudan\u00e7as que v\u00e3o al\u00e9m do envelhecimento natural das pernas - Tua Sa\u00fade","og_description":"Andar mais devagar pode refletir mudan\u00e7as em v\u00e1rios sistemas do corpo. Entenda por que a velocidade da marcha \u00e9 um importante sinal funcional.","og_url":"https:\/\/www.tuasaude.com\/news\/2026\/08\/31\/andar-mais-devagar-do-que-costumava-pode-refletir-mudancas-que-vao-alem-do-envelhecimento-natural-das-pernas\/","og_site_name":"Tua Sa\u00fade","article_published_time":"2026-08-31T17:10:00+00:00","og_image":[{"width":1280,"height":714,"url":"https:\/\/www.tuasaude.com\/news\/wp-content\/uploads\/2026\/08\/Woman_walking_along_residential_\u2026_202608280156.jpg","type":"image\/jpeg"}],"author":"Maycon Geovane","twitter_card":"summary_large_image","twitter_misc":{"Escrito por":"Maycon Geovane","Est. tempo de leitura":"5 minutos"},"schema":{"@context":"https:\/\/schema.org","@graph":[{"@type":"Article","@id":"https:\/\/www.tuasaude.com\/news\/2026\/08\/31\/andar-mais-devagar-do-que-costumava-pode-refletir-mudancas-que-vao-alem-do-envelhecimento-natural-das-pernas\/#article","isPartOf":{"@id":"https:\/\/www.tuasaude.com\/news\/2026\/08\/31\/andar-mais-devagar-do-que-costumava-pode-refletir-mudancas-que-vao-alem-do-envelhecimento-natural-das-pernas\/"},"author":{"name":"Maycon Geovane","@id":"https:\/\/www.tuasaude.com\/news\/#\/schema\/person\/da63bccfbda5c95cfbf2d37c4276fca0"},"headline":"Andar mais devagar do que costumava pode refletir mudan\u00e7as que v\u00e3o al\u00e9m do envelhecimento natural das pernas","datePublished":"2026-08-31T17:10:00+00:00","mainEntityOfPage":{"@id":"https:\/\/www.tuasaude.com\/news\/2026\/08\/31\/andar-mais-devagar-do-que-costumava-pode-refletir-mudancas-que-vao-alem-do-envelhecimento-natural-das-pernas\/"},"wordCount":766,"commentCount":0,"image":{"@id":"https:\/\/www.tuasaude.com\/news\/2026\/08\/31\/andar-mais-devagar-do-que-costumava-pode-refletir-mudancas-que-vao-alem-do-envelhecimento-natural-das-pernas\/#primaryimage"},"thumbnailUrl":"https:\/\/www.tuasaude.com\/news\/wp-content\/uploads\/2026\/08\/Woman_walking_along_residential_\u2026_202608280156.jpg","keywords":["al\u00e9m do envelhecimento","andar mais devagar","costumava","das pernas","do que","mudan\u00e7as que v\u00e3o","natural","pode refletir","sa\u00fade"],"articleSection":["Sa\u00fade"],"inLanguage":"pt-BR","potentialAction":[{"@type":"CommentAction","name":"Comment","target":["https:\/\/www.tuasaude.com\/news\/2026\/08\/31\/andar-mais-devagar-do-que-costumava-pode-refletir-mudancas-que-vao-alem-do-envelhecimento-natural-das-pernas\/#respond"]}]},{"@type":"WebPage","@id":"https:\/\/www.tuasaude.com\/news\/2026\/08\/31\/andar-mais-devagar-do-que-costumava-pode-refletir-mudancas-que-vao-alem-do-envelhecimento-natural-das-pernas\/","url":"https:\/\/www.tuasaude.com\/news\/2026\/08\/31\/andar-mais-devagar-do-que-costumava-pode-refletir-mudancas-que-vao-alem-do-envelhecimento-natural-das-pernas\/","name":"Andar mais devagar do que costumava pode refletir mudan\u00e7as que v\u00e3o al\u00e9m do envelhecimento natural das pernas - Tua Sa\u00fade","isPartOf":{"@id":"https:\/\/www.tuasaude.com\/news\/#website"},"primaryImageOfPage":{"@id":"https:\/\/www.tuasaude.com\/news\/2026\/08\/31\/andar-mais-devagar-do-que-costumava-pode-refletir-mudancas-que-vao-alem-do-envelhecimento-natural-das-pernas\/#primaryimage"},"image":{"@id":"https:\/\/www.tuasaude.com\/news\/2026\/08\/31\/andar-mais-devagar-do-que-costumava-pode-refletir-mudancas-que-vao-alem-do-envelhecimento-natural-das-pernas\/#primaryimage"},"thumbnailUrl":"https:\/\/www.tuasaude.com\/news\/wp-content\/uploads\/2026\/08\/Woman_walking_along_residential_\u2026_202608280156.jpg","datePublished":"2026-08-31T17:10:00+00:00","author":{"@id":"https:\/\/www.tuasaude.com\/news\/#\/schema\/person\/da63bccfbda5c95cfbf2d37c4276fca0"},"description":"Andar mais devagar pode refletir mudan\u00e7as em v\u00e1rios sistemas do corpo. Entenda por que a velocidade da marcha \u00e9 um importante sinal funcional.","breadcrumb":{"@id":"https:\/\/www.tuasaude.com\/news\/2026\/08\/31\/andar-mais-devagar-do-que-costumava-pode-refletir-mudancas-que-vao-alem-do-envelhecimento-natural-das-pernas\/#breadcrumb"},"inLanguage":"pt-BR","potentialAction":[{"@type":"ReadAction","target":["https:\/\/www.tuasaude.com\/news\/2026\/08\/31\/andar-mais-devagar-do-que-costumava-pode-refletir-mudancas-que-vao-alem-do-envelhecimento-natural-das-pernas\/"]}]},{"@type":"ImageObject","inLanguage":"pt-BR","@id":"https:\/\/www.tuasaude.com\/news\/2026\/08\/31\/andar-mais-devagar-do-que-costumava-pode-refletir-mudancas-que-vao-alem-do-envelhecimento-natural-das-pernas\/#primaryimage","url":"https:\/\/www.tuasaude.com\/news\/wp-content\/uploads\/2026\/08\/Woman_walking_along_residential_\u2026_202608280156.jpg","contentUrl":"https:\/\/www.tuasaude.com\/news\/wp-content\/uploads\/2026\/08\/Woman_walking_along_residential_\u2026_202608280156.jpg","width":1280,"height":714,"caption":"Andar mais devagar do que costumava pode refletir mudan\u00e7as que v\u00e3o al\u00e9m do envelhecimento natural das pernas"},{"@type":"BreadcrumbList","@id":"https:\/\/www.tuasaude.com\/news\/2026\/08\/31\/andar-mais-devagar-do-que-costumava-pode-refletir-mudancas-que-vao-alem-do-envelhecimento-natural-das-pernas\/#breadcrumb","itemListElement":[{"@type":"ListItem","position":1,"name":"In\u00edcio","item":"https:\/\/www.tuasaude.com\/news\/"},{"@type":"ListItem","position":2,"name":"Andar mais devagar do que costumava pode refletir mudan\u00e7as que v\u00e3o al\u00e9m do envelhecimento natural das pernas"}]},{"@type":"WebSite","@id":"https:\/\/www.tuasaude.com\/news\/#website","url":"https:\/\/www.tuasaude.com\/news\/","name":"Tua Sa\u00fade","description":"Seu site de sa\u00fade","potentialAction":[{"@type":"SearchAction","target":{"@type":"EntryPoint","urlTemplate":"https:\/\/www.tuasaude.com\/news\/?s={search_term_string}"},"query-input":{"@type":"PropertyValueSpecification","valueRequired":true,"valueName":"search_term_string"}}],"inLanguage":"pt-BR"},{"@type":"Person","@id":"https:\/\/www.tuasaude.com\/news\/#\/schema\/person\/da63bccfbda5c95cfbf2d37c4276fca0","name":"Maycon Geovane","image":{"@type":"ImageObject","inLanguage":"pt-BR","@id":"https:\/\/www.tuasaude.com\/news\/#\/schema\/person\/image\/","url":"https:\/\/secure.gravatar.com\/avatar\/4f4908cf0a2f249a9f1137f9d5769cacc373d9aee67910cc212a09a346873b7d?s=96&d=mm&r=g","contentUrl":"https:\/\/secure.gravatar.com\/avatar\/4f4908cf0a2f249a9f1137f9d5769cacc373d9aee67910cc212a09a346873b7d?s=96&d=mm&r=g","caption":"Maycon Geovane"},"sameAs":["https:\/\/www.tuasaude.com\/news\/"],"url":"https:\/\/www.tuasaude.com\/news\/author\/maycongeovane\/"}]}},"_links":{"self":[{"href":"https:\/\/www.tuasaude.com\/news\/wp-json\/wp\/v2\/posts\/104184","targetHints":{"allow":["GET"]}}],"collection":[{"href":"https:\/\/www.tuasaude.com\/news\/wp-json\/wp\/v2\/posts"}],"about":[{"href":"https:\/\/www.tuasaude.com\/news\/wp-json\/wp\/v2\/types\/post"}],"author":[{"embeddable":true,"href":"https:\/\/www.tuasaude.com\/news\/wp-json\/wp\/v2\/users\/16"}],"replies":[{"embeddable":true,"href":"https:\/\/www.tuasaude.com\/news\/wp-json\/wp\/v2\/comments?post=104184"}],"version-history":[{"count":1,"href":"https:\/\/www.tuasaude.com\/news\/wp-json\/wp\/v2\/posts\/104184\/revisions"}],"predecessor-version":[{"id":104188,"href":"https:\/\/www.tuasaude.com\/news\/wp-json\/wp\/v2\/posts\/104184\/revisions\/104188"}],"wp:featuredmedia":[{"embeddable":true,"href":"https:\/\/www.tuasaude.com\/news\/wp-json\/wp\/v2\/media\/104185"}],"wp:attachment":[{"href":"https:\/\/www.tuasaude.com\/news\/wp-json\/wp\/v2\/media?parent=104184"}],"wp:term":[{"taxonomy":"category","embeddable":true,"href":"https:\/\/www.tuasaude.com\/news\/wp-json\/wp\/v2\/categories?post=104184"},{"taxonomy":"post_tag","embeddable":true,"href":"https:\/\/www.tuasaude.com\/news\/wp-json\/wp\/v2\/tags?post=104184"}],"curies":[{"name":"wp","href":"https:\/\/api.w.org\/{rel}","templated":true}]}}