{"id":104179,"date":"2026-08-31T13:58:00","date_gmt":"2026-08-31T16:58:00","guid":{"rendered":"https:\/\/www.tuasaude.com\/news\/?p=104179"},"modified":"2026-08-28T01:54:05","modified_gmt":"2026-08-28T04:54:05","slug":"dormir-menos-e-dormir-demais-aparecem-associados-a-piores-desfechos-de-saude-e-e-por-isso-que-a-recomendacao-vem-em-faixa-e-nao-em-numero-exato","status":"publish","type":"post","link":"https:\/\/www.tuasaude.com\/news\/2026\/08\/31\/dormir-menos-e-dormir-demais-aparecem-associados-a-piores-desfechos-de-saude-e-e-por-isso-que-a-recomendacao-vem-em-faixa-e-nao-em-numero-exato\/","title":{"rendered":"Dormir menos e dormir demais aparecem associados a piores desfechos de sa\u00fade, e \u00e9 por isso que a recomenda\u00e7\u00e3o vem em faixa e n\u00e3o em n\u00famero exato"},"content":{"rendered":"\n<p class=\"wp-block-paragraph\">Dormir menos que o recomendado ou dormir em excesso est\u00e1 associado a piores desfechos de sa\u00fade, o que explica por que as diretrizes m\u00e9dicas apresentam uma faixa de horas em vez de um n\u00famero exato. Pesquisas populacionais mostram uma curva em formato de U, na qual tanto o sono insuficiente quanto o prolongado se relacionam a maior risco de mortalidade, doen\u00e7as cardiovasculares e dist\u00farbios metab\u00f3licos. Entender essa l\u00f3gica ajuda a evitar tanto a priva\u00e7\u00e3o como a autocobran\u00e7a por n\u00e3o atingir um n\u00famero ideal fixo.<\/p>\n\n\n\n<h2 class=\"wp-block-heading\">O que significa a curva em U do sono?<\/h2>\n\n\n\n<p class=\"wp-block-paragraph\">A curva em U \u00e9 uma representa\u00e7\u00e3o estat\u00edstica que mostra como o risco de doen\u00e7as aumenta nos dois extremos da dura\u00e7\u00e3o do sono. No ponto mais baixo da curva, entre 7 e 8 horas, est\u00e1 o menor risco observado nos grandes estudos populacionais.<\/p>\n\n\n\n<p class=\"wp-block-paragraph\">\u00c0 medida que a dura\u00e7\u00e3o se afasta desse intervalo, tanto para menos quanto para mais, os riscos crescem. Esse padr\u00e3o foi consistente em diferentes popula\u00e7\u00f5es, idades e culturas, o que refor\u00e7a a validade estat\u00edstica da observa\u00e7\u00e3o.<\/p>\n\n\n\n<h2 class=\"wp-block-heading\">Por que a recomenda\u00e7\u00e3o vem em faixa e n\u00e3o em n\u00famero exato?<\/h2>\n\n\n\n<p class=\"wp-block-paragraph\">A necessidade de sono varia conforme gen\u00e9tica, idade, rotina e estado de sa\u00fade. Alguns adultos se sentem bem com 7 horas, enquanto outros precisam de 9 para acordar plenamente descansados.<\/p>\n\n\n\n<p class=\"wp-block-paragraph\">Por isso, as principais organiza\u00e7\u00f5es de sa\u00fade adotam a faixa de 7 a 9 horas como refer\u00eancia para adultos, respeitando essa varia\u00e7\u00e3o individual. A recomenda\u00e7\u00e3o serve como par\u00e2metro populacional e n\u00e3o substitui a percep\u00e7\u00e3o pessoal sobre a qualidade do pr\u00f3prio <a href=\"https:\/\/www.tuasaude.com\/quantas-horas-se-deve-dormir\/\" target=\"_blank\" rel=\"noreferrer noopener\">sono<\/a>.<\/p>\n\n\n<div class=\"wp-block-image\">\n<figure class=\"aligncenter size-large\"><img decoding=\"async\" width=\"1024\" height=\"571\" src=\"https:\/\/www.tuasaude.com\/news\/wp-content\/uploads\/2026\/08\/Educational_infographic_about_he\u2026_202608280152-1024x571.jpg\" alt=\"A faixa de 7 a 9 horas orienta adultos, mas qualidade e contexto tamb\u00e9m importam.\" class=\"wp-image-104181\" srcset=\"https:\/\/www.tuasaude.com\/news\/wp-content\/uploads\/2026\/08\/Educational_infographic_about_he\u2026_202608280152-1024x571.jpg 1024w, https:\/\/www.tuasaude.com\/news\/wp-content\/uploads\/2026\/08\/Educational_infographic_about_he\u2026_202608280152-300x167.jpg 300w, https:\/\/www.tuasaude.com\/news\/wp-content\/uploads\/2026\/08\/Educational_infographic_about_he\u2026_202608280152-768x428.jpg 768w, https:\/\/www.tuasaude.com\/news\/wp-content\/uploads\/2026\/08\/Educational_infographic_about_he\u2026_202608280152-750x418.jpg 750w, https:\/\/www.tuasaude.com\/news\/wp-content\/uploads\/2026\/08\/Educational_infographic_about_he\u2026_202608280152-1140x636.jpg 1140w, https:\/\/www.tuasaude.com\/news\/wp-content\/uploads\/2026\/08\/Educational_infographic_about_he\u2026_202608280152.jpg 1280w\" sizes=\"(max-width: 1024px) 100vw, 1024px\" \/><figcaption class=\"wp-element-caption\">A faixa de 7 a 9 horas orienta adultos, mas qualidade e contexto tamb\u00e9m importam.<\/figcaption><\/figure>\n<\/div>\n\n\n<h2 class=\"wp-block-heading\">Como um estudo cient\u00edfico documentou essa rela\u00e7\u00e3o?<\/h2>\n\n\n\n<p class=\"wp-block-paragraph\">A ci\u00eancia j\u00e1 mapeou com precis\u00e3o essa associa\u00e7\u00e3o em larga escala. Segundo a revis\u00e3o sistem\u00e1tica e meta-an\u00e1lise <a href=\"https:\/\/pubmed.ncbi.nlm.nih.gov\/28889101\/\" target=\"_blank\" rel=\"noreferrer noopener\">Relationship of Sleep Duration With All-Cause Mortality and Cardiovascular Events<\/a>, publicada no Journal of the American Heart Association em 2017, foi identificada uma associa\u00e7\u00e3o em formato de U entre a dura\u00e7\u00e3o do sono e o risco de morte por todas as causas, doen\u00e7as cardiovasculares, coronariopatias e acidente vascular cerebral.<\/p>\n\n\n\n<p class=\"wp-block-paragraph\">O menor risco foi observado em torno de 7 horas de sono por dia. Cada hora a menos aumentou o risco de mortalidade em 6%, enquanto cada hora al\u00e9m desse ponto elevou o risco em 13%, mostrando que o excesso pode ser t\u00e3o preocupante quanto a priva\u00e7\u00e3o.<\/p>\n\n\n\n<h2 class=\"wp-block-heading\">Quais desfechos aparecem nos extremos da dura\u00e7\u00e3o do sono?<\/h2>\n\n\n\n<p class=\"wp-block-paragraph\">As consequ\u00eancias identificadas nos estudos populacionais atingem diversos sistemas do corpo. Conhe\u00e7a os principais desfechos ligados tanto ao sono curto quanto ao prolongado.<\/p>\n\n\n\n<ul class=\"wp-block-list\">\n<li><strong>Doen\u00e7as cardiovasculares<\/strong>, incluindo infarto, hipertens\u00e3o e insufici\u00eancia card\u00edaca<\/li>\n\n\n\n<li><strong>Acidente vascular cerebral<\/strong>, com risco elevado em ambos os extremos<\/li>\n\n\n\n<li><strong>Diabetes tipo 2<\/strong> e altera\u00e7\u00f5es no metabolismo da glicose<\/li>\n\n\n\n<li><strong>Ganho de peso e obesidade<\/strong>, por desregula\u00e7\u00e3o hormonal do apetite<\/li>\n\n\n\n<li><strong>Transtornos de humor<\/strong>, como <a href=\"https:\/\/www.tuasaude.com\/depressao\/\" target=\"_blank\" rel=\"noreferrer noopener\">depress\u00e3o<\/a> e ansiedade<\/li>\n\n\n\n<li><strong>Queda na fun\u00e7\u00e3o imunol\u00f3gica<\/strong>, com maior vulnerabilidade a infec\u00e7\u00f5es<\/li>\n\n\n\n<li><strong>Decl\u00ednio cognitivo<\/strong> e preju\u00edzo na consolida\u00e7\u00e3o da mem\u00f3ria<\/li>\n<\/ul>\n\n\n<div class=\"wp-block-image\">\n<figure class=\"aligncenter size-large\"><img decoding=\"async\" width=\"1024\" height=\"571\" src=\"https:\/\/www.tuasaude.com\/news\/wp-content\/uploads\/2026\/08\/Man_waking_up_in_bed_202608280152-1024x571.jpg\" alt=\"Dormir pouco ou demais pode sinalizar desequil\u00edbrios que merecem aten\u00e7\u00e3o \u00e0 sa\u00fade.\" class=\"wp-image-104182\" srcset=\"https:\/\/www.tuasaude.com\/news\/wp-content\/uploads\/2026\/08\/Man_waking_up_in_bed_202608280152-1024x571.jpg 1024w, https:\/\/www.tuasaude.com\/news\/wp-content\/uploads\/2026\/08\/Man_waking_up_in_bed_202608280152-300x167.jpg 300w, https:\/\/www.tuasaude.com\/news\/wp-content\/uploads\/2026\/08\/Man_waking_up_in_bed_202608280152-768x428.jpg 768w, https:\/\/www.tuasaude.com\/news\/wp-content\/uploads\/2026\/08\/Man_waking_up_in_bed_202608280152-750x418.jpg 750w, https:\/\/www.tuasaude.com\/news\/wp-content\/uploads\/2026\/08\/Man_waking_up_in_bed_202608280152-1140x636.jpg 1140w, https:\/\/www.tuasaude.com\/news\/wp-content\/uploads\/2026\/08\/Man_waking_up_in_bed_202608280152.jpg 1280w\" sizes=\"(max-width: 1024px) 100vw, 1024px\" \/><figcaption class=\"wp-element-caption\">Dormir pouco ou demais pode sinalizar desequil\u00edbrios que merecem aten\u00e7\u00e3o \u00e0 sa\u00fade.<\/figcaption><\/figure>\n<\/div>\n\n\n<h2 class=\"wp-block-heading\">Por que o sono longo pode ser marcador de doen\u00e7a j\u00e1 existente?<\/h2>\n\n\n\n<p class=\"wp-block-paragraph\">Essa \u00e9 uma limita\u00e7\u00e3o central dos estudos observacionais e merece aten\u00e7\u00e3o especial ao interpretar os resultados. Veja os principais motivos que ajudam a entender essa rela\u00e7\u00e3o.<\/p>\n\n\n\n<ol class=\"wp-block-list\">\n<li>Pessoas com <strong>doen\u00e7as cr\u00f4nicas<\/strong> como c\u00e2ncer, insufici\u00eancia card\u00edaca ou depress\u00e3o frequentemente dormem mais devido \u00e0 fadiga da pr\u00f3pria condi\u00e7\u00e3o<\/li>\n\n\n\n<li>Dist\u00farbios como <strong>apneia obstrutiva do sono<\/strong> podem levar a longas horas na cama sem descanso reparador, criando apar\u00eancia de sono prolongado<\/li>\n\n\n\n<li>O uso de <strong>medicamentos sedativos<\/strong> em pacientes com m\u00faltiplas comorbidades aumenta a dura\u00e7\u00e3o do sono independentemente da necessidade real<\/li>\n\n\n\n<li>Idosos com <strong>fragilidade e sarcopenia<\/strong> costumam apresentar sono mais longo como consequ\u00eancia do decl\u00ednio funcional<\/li>\n\n\n\n<li>Estados <strong>inflamat\u00f3rios cr\u00f4nicos subcl\u00ednicos<\/strong> podem elevar a demanda de sono meses ou anos antes do diagn\u00f3stico de uma doen\u00e7a<\/li>\n<\/ol>\n\n\n\n<p class=\"wp-block-paragraph\">Assim, o sono prolongado nem sempre causa problemas de sa\u00fade. Muitas vezes ele \u00e9 o sintoma de uma condi\u00e7\u00e3o pr\u00e9-existente, e reduzir artificialmente as horas dormidas n\u00e3o elimina o risco. Investigar a origem da sonol\u00eancia excessiva costuma ser mais importante do que ajustar o rel\u00f3gio.<\/p>\n\n\n\n<p class=\"wp-block-paragraph\"><em>Este conte\u00fado tem car\u00e1ter meramente informativo e n\u00e3o substitui a avalia\u00e7\u00e3o, o diagn\u00f3stico ou o tratamento realizado por um profissional de sa\u00fade qualificado. Consulte sempre um m\u00e9dico diante de altera\u00e7\u00f5es persistentes no padr\u00e3o de sono.<\/em><\/p>\n","protected":false},"excerpt":{"rendered":"<p>Dormir menos que o recomendado ou dormir em excesso est\u00e1 associado a piores desfechos de sa\u00fade, o que explica por que as diretrizes m\u00e9dicas apresentam uma faixa de horas em vez de um n\u00famero exato. Pesquisas populacionais mostram uma curva em formato de U, na qual tanto o sono insuficiente quanto o prolongado se relacionam [&hellip;]<\/p>\n","protected":false},"author":16,"featured_media":104180,"comment_status":"open","ping_status":"open","sticky":false,"template":"","format":"standard","meta":{"_yoast_wpseo_focuskw":"curva em U do sono","_yoast_wpseo_title":"","_yoast_wpseo_metadesc":"Dormir pouco ou demais est\u00e1 associado a piores desfechos de sa\u00fade. Entenda a curva em U do sono e por que a recomenda\u00e7\u00e3o varia entre 7 e 9 horas.","jnews-multi-image_gallery":[],"jnews_single_post":{"format":"standard"},"jnews_primary_category":[],"jnews_social_meta":[],"jnews_override_counter":[],"footnotes":""},"categories":[111],"tags":[12489,12491,229,12392,12490,12492,136],"class_list":["post-104179","post","type-post","status-publish","format-standard","has-post-thumbnail","hentry","category-saude","tag-associados","tag-desfechos-de-saude","tag-dormir-demais","tag-dormir-menos","tag-piores","tag-recomendacao-vem-em-faixa","tag-saude"],"yoast_head":"<!-- This site is optimized with the Yoast SEO plugin v26.7 - https:\/\/yoast.com\/wordpress\/plugins\/seo\/ -->\n<title>Dormir menos e dormir demais aparecem associados a piores desfechos de sa\u00fade, e \u00e9 por isso que a recomenda\u00e7\u00e3o vem em faixa e n\u00e3o em n\u00famero exato - Tua Sa\u00fade<\/title>\n<meta name=\"description\" content=\"Dormir pouco ou demais est\u00e1 associado a piores desfechos de sa\u00fade. Entenda a curva em U do sono e por que a recomenda\u00e7\u00e3o varia entre 7 e 9 horas.\" \/>\n<meta name=\"robots\" content=\"index, follow, max-snippet:-1, max-image-preview:large, max-video-preview:-1\" \/>\n<link rel=\"canonical\" href=\"https:\/\/www.tuasaude.com\/news\/2026\/08\/31\/dormir-menos-e-dormir-demais-aparecem-associados-a-piores-desfechos-de-saude-e-e-por-isso-que-a-recomendacao-vem-em-faixa-e-nao-em-numero-exato\/\" \/>\n<meta property=\"og:locale\" content=\"pt_BR\" \/>\n<meta property=\"og:type\" content=\"article\" \/>\n<meta property=\"og:title\" content=\"Dormir menos e dormir demais aparecem associados a piores desfechos de sa\u00fade, e \u00e9 por isso que a recomenda\u00e7\u00e3o vem em faixa e n\u00e3o em n\u00famero exato - Tua Sa\u00fade\" \/>\n<meta property=\"og:description\" content=\"Dormir pouco ou demais est\u00e1 associado a piores desfechos de sa\u00fade. Entenda a curva em U do sono e por que a recomenda\u00e7\u00e3o varia entre 7 e 9 horas.\" \/>\n<meta property=\"og:url\" content=\"https:\/\/www.tuasaude.com\/news\/2026\/08\/31\/dormir-menos-e-dormir-demais-aparecem-associados-a-piores-desfechos-de-saude-e-e-por-isso-que-a-recomendacao-vem-em-faixa-e-nao-em-numero-exato\/\" \/>\n<meta property=\"og:site_name\" content=\"Tua Sa\u00fade\" \/>\n<meta property=\"article:published_time\" content=\"2026-08-31T16:58:00+00:00\" \/>\n<meta property=\"og:image\" content=\"https:\/\/www.tuasaude.com\/news\/wp-content\/uploads\/2026\/08\/Woman_resting_in_bed_202608280152.jpg\" \/>\n\t<meta property=\"og:image:width\" content=\"1280\" \/>\n\t<meta property=\"og:image:height\" content=\"714\" \/>\n\t<meta property=\"og:image:type\" content=\"image\/jpeg\" \/>\n<meta name=\"author\" content=\"Maycon Geovane\" \/>\n<meta name=\"twitter:card\" content=\"summary_large_image\" \/>\n<meta name=\"twitter:label1\" content=\"Escrito por\" \/>\n\t<meta name=\"twitter:data1\" content=\"Maycon Geovane\" \/>\n\t<meta name=\"twitter:label2\" content=\"Est. tempo de leitura\" \/>\n\t<meta name=\"twitter:data2\" content=\"5 minutos\" \/>\n<!-- \/ Yoast SEO plugin. -->","yoast_head_json":{"title":"Dormir menos e dormir demais aparecem associados a piores desfechos de sa\u00fade, e \u00e9 por isso que a recomenda\u00e7\u00e3o vem em faixa e n\u00e3o em n\u00famero exato - Tua Sa\u00fade","description":"Dormir pouco ou demais est\u00e1 associado a piores desfechos de sa\u00fade. Entenda a curva em U do sono e por que a recomenda\u00e7\u00e3o varia entre 7 e 9 horas.","robots":{"index":"index","follow":"follow","max-snippet":"max-snippet:-1","max-image-preview":"max-image-preview:large","max-video-preview":"max-video-preview:-1"},"canonical":"https:\/\/www.tuasaude.com\/news\/2026\/08\/31\/dormir-menos-e-dormir-demais-aparecem-associados-a-piores-desfechos-de-saude-e-e-por-isso-que-a-recomendacao-vem-em-faixa-e-nao-em-numero-exato\/","og_locale":"pt_BR","og_type":"article","og_title":"Dormir menos e dormir demais aparecem associados a piores desfechos de sa\u00fade, e \u00e9 por isso que a recomenda\u00e7\u00e3o vem em faixa e n\u00e3o em n\u00famero exato - Tua Sa\u00fade","og_description":"Dormir pouco ou demais est\u00e1 associado a piores desfechos de sa\u00fade. Entenda a curva em U do sono e por que a recomenda\u00e7\u00e3o varia entre 7 e 9 horas.","og_url":"https:\/\/www.tuasaude.com\/news\/2026\/08\/31\/dormir-menos-e-dormir-demais-aparecem-associados-a-piores-desfechos-de-saude-e-e-por-isso-que-a-recomendacao-vem-em-faixa-e-nao-em-numero-exato\/","og_site_name":"Tua Sa\u00fade","article_published_time":"2026-08-31T16:58:00+00:00","og_image":[{"width":1280,"height":714,"url":"https:\/\/www.tuasaude.com\/news\/wp-content\/uploads\/2026\/08\/Woman_resting_in_bed_202608280152.jpg","type":"image\/jpeg"}],"author":"Maycon Geovane","twitter_card":"summary_large_image","twitter_misc":{"Escrito por":"Maycon Geovane","Est. tempo de leitura":"5 minutos"},"schema":{"@context":"https:\/\/schema.org","@graph":[{"@type":"Article","@id":"https:\/\/www.tuasaude.com\/news\/2026\/08\/31\/dormir-menos-e-dormir-demais-aparecem-associados-a-piores-desfechos-de-saude-e-e-por-isso-que-a-recomendacao-vem-em-faixa-e-nao-em-numero-exato\/#article","isPartOf":{"@id":"https:\/\/www.tuasaude.com\/news\/2026\/08\/31\/dormir-menos-e-dormir-demais-aparecem-associados-a-piores-desfechos-de-saude-e-e-por-isso-que-a-recomendacao-vem-em-faixa-e-nao-em-numero-exato\/"},"author":{"name":"Maycon Geovane","@id":"https:\/\/www.tuasaude.com\/news\/#\/schema\/person\/da63bccfbda5c95cfbf2d37c4276fca0"},"headline":"Dormir menos e dormir demais aparecem associados a piores desfechos de sa\u00fade, e \u00e9 por isso que a recomenda\u00e7\u00e3o vem em faixa e n\u00e3o em n\u00famero exato","datePublished":"2026-08-31T16:58:00+00:00","mainEntityOfPage":{"@id":"https:\/\/www.tuasaude.com\/news\/2026\/08\/31\/dormir-menos-e-dormir-demais-aparecem-associados-a-piores-desfechos-de-saude-e-e-por-isso-que-a-recomendacao-vem-em-faixa-e-nao-em-numero-exato\/"},"wordCount":825,"commentCount":0,"image":{"@id":"https:\/\/www.tuasaude.com\/news\/2026\/08\/31\/dormir-menos-e-dormir-demais-aparecem-associados-a-piores-desfechos-de-saude-e-e-por-isso-que-a-recomendacao-vem-em-faixa-e-nao-em-numero-exato\/#primaryimage"},"thumbnailUrl":"https:\/\/www.tuasaude.com\/news\/wp-content\/uploads\/2026\/08\/Woman_resting_in_bed_202608280152.jpg","keywords":["associados","desfechos de sa\u00fade","Dormir demais","dormir menos","piores","recomenda\u00e7\u00e3o vem em faixa","sa\u00fade"],"articleSection":["Sa\u00fade"],"inLanguage":"pt-BR","potentialAction":[{"@type":"CommentAction","name":"Comment","target":["https:\/\/www.tuasaude.com\/news\/2026\/08\/31\/dormir-menos-e-dormir-demais-aparecem-associados-a-piores-desfechos-de-saude-e-e-por-isso-que-a-recomendacao-vem-em-faixa-e-nao-em-numero-exato\/#respond"]}]},{"@type":"WebPage","@id":"https:\/\/www.tuasaude.com\/news\/2026\/08\/31\/dormir-menos-e-dormir-demais-aparecem-associados-a-piores-desfechos-de-saude-e-e-por-isso-que-a-recomendacao-vem-em-faixa-e-nao-em-numero-exato\/","url":"https:\/\/www.tuasaude.com\/news\/2026\/08\/31\/dormir-menos-e-dormir-demais-aparecem-associados-a-piores-desfechos-de-saude-e-e-por-isso-que-a-recomendacao-vem-em-faixa-e-nao-em-numero-exato\/","name":"Dormir menos e dormir demais aparecem associados a piores desfechos de sa\u00fade, e \u00e9 por isso que a recomenda\u00e7\u00e3o vem em faixa e n\u00e3o em n\u00famero exato - Tua Sa\u00fade","isPartOf":{"@id":"https:\/\/www.tuasaude.com\/news\/#website"},"primaryImageOfPage":{"@id":"https:\/\/www.tuasaude.com\/news\/2026\/08\/31\/dormir-menos-e-dormir-demais-aparecem-associados-a-piores-desfechos-de-saude-e-e-por-isso-que-a-recomendacao-vem-em-faixa-e-nao-em-numero-exato\/#primaryimage"},"image":{"@id":"https:\/\/www.tuasaude.com\/news\/2026\/08\/31\/dormir-menos-e-dormir-demais-aparecem-associados-a-piores-desfechos-de-saude-e-e-por-isso-que-a-recomendacao-vem-em-faixa-e-nao-em-numero-exato\/#primaryimage"},"thumbnailUrl":"https:\/\/www.tuasaude.com\/news\/wp-content\/uploads\/2026\/08\/Woman_resting_in_bed_202608280152.jpg","datePublished":"2026-08-31T16:58:00+00:00","author":{"@id":"https:\/\/www.tuasaude.com\/news\/#\/schema\/person\/da63bccfbda5c95cfbf2d37c4276fca0"},"description":"Dormir pouco ou demais est\u00e1 associado a piores desfechos de sa\u00fade. Entenda a curva em U do sono e por que a recomenda\u00e7\u00e3o varia entre 7 e 9 horas.","breadcrumb":{"@id":"https:\/\/www.tuasaude.com\/news\/2026\/08\/31\/dormir-menos-e-dormir-demais-aparecem-associados-a-piores-desfechos-de-saude-e-e-por-isso-que-a-recomendacao-vem-em-faixa-e-nao-em-numero-exato\/#breadcrumb"},"inLanguage":"pt-BR","potentialAction":[{"@type":"ReadAction","target":["https:\/\/www.tuasaude.com\/news\/2026\/08\/31\/dormir-menos-e-dormir-demais-aparecem-associados-a-piores-desfechos-de-saude-e-e-por-isso-que-a-recomendacao-vem-em-faixa-e-nao-em-numero-exato\/"]}]},{"@type":"ImageObject","inLanguage":"pt-BR","@id":"https:\/\/www.tuasaude.com\/news\/2026\/08\/31\/dormir-menos-e-dormir-demais-aparecem-associados-a-piores-desfechos-de-saude-e-e-por-isso-que-a-recomendacao-vem-em-faixa-e-nao-em-numero-exato\/#primaryimage","url":"https:\/\/www.tuasaude.com\/news\/wp-content\/uploads\/2026\/08\/Woman_resting_in_bed_202608280152.jpg","contentUrl":"https:\/\/www.tuasaude.com\/news\/wp-content\/uploads\/2026\/08\/Woman_resting_in_bed_202608280152.jpg","width":1280,"height":714,"caption":"Dormir menos e dormir demais aparecem associados a piores desfechos de sa\u00fade, e \u00e9 por isso que a recomenda\u00e7\u00e3o vem em faixa e n\u00e3o em n\u00famero exato"},{"@type":"BreadcrumbList","@id":"https:\/\/www.tuasaude.com\/news\/2026\/08\/31\/dormir-menos-e-dormir-demais-aparecem-associados-a-piores-desfechos-de-saude-e-e-por-isso-que-a-recomendacao-vem-em-faixa-e-nao-em-numero-exato\/#breadcrumb","itemListElement":[{"@type":"ListItem","position":1,"name":"In\u00edcio","item":"https:\/\/www.tuasaude.com\/news\/"},{"@type":"ListItem","position":2,"name":"Dormir menos e dormir demais aparecem associados a piores desfechos de sa\u00fade, e \u00e9 por isso que a recomenda\u00e7\u00e3o vem em faixa e n\u00e3o em n\u00famero exato"}]},{"@type":"WebSite","@id":"https:\/\/www.tuasaude.com\/news\/#website","url":"https:\/\/www.tuasaude.com\/news\/","name":"Tua Sa\u00fade","description":"Seu site de sa\u00fade","potentialAction":[{"@type":"SearchAction","target":{"@type":"EntryPoint","urlTemplate":"https:\/\/www.tuasaude.com\/news\/?s={search_term_string}"},"query-input":{"@type":"PropertyValueSpecification","valueRequired":true,"valueName":"search_term_string"}}],"inLanguage":"pt-BR"},{"@type":"Person","@id":"https:\/\/www.tuasaude.com\/news\/#\/schema\/person\/da63bccfbda5c95cfbf2d37c4276fca0","name":"Maycon Geovane","image":{"@type":"ImageObject","inLanguage":"pt-BR","@id":"https:\/\/www.tuasaude.com\/news\/#\/schema\/person\/image\/","url":"https:\/\/secure.gravatar.com\/avatar\/4f4908cf0a2f249a9f1137f9d5769cacc373d9aee67910cc212a09a346873b7d?s=96&d=mm&r=g","contentUrl":"https:\/\/secure.gravatar.com\/avatar\/4f4908cf0a2f249a9f1137f9d5769cacc373d9aee67910cc212a09a346873b7d?s=96&d=mm&r=g","caption":"Maycon Geovane"},"sameAs":["https:\/\/www.tuasaude.com\/news\/"],"url":"https:\/\/www.tuasaude.com\/news\/author\/maycongeovane\/"}]}},"_links":{"self":[{"href":"https:\/\/www.tuasaude.com\/news\/wp-json\/wp\/v2\/posts\/104179","targetHints":{"allow":["GET"]}}],"collection":[{"href":"https:\/\/www.tuasaude.com\/news\/wp-json\/wp\/v2\/posts"}],"about":[{"href":"https:\/\/www.tuasaude.com\/news\/wp-json\/wp\/v2\/types\/post"}],"author":[{"embeddable":true,"href":"https:\/\/www.tuasaude.com\/news\/wp-json\/wp\/v2\/users\/16"}],"replies":[{"embeddable":true,"href":"https:\/\/www.tuasaude.com\/news\/wp-json\/wp\/v2\/comments?post=104179"}],"version-history":[{"count":1,"href":"https:\/\/www.tuasaude.com\/news\/wp-json\/wp\/v2\/posts\/104179\/revisions"}],"predecessor-version":[{"id":104183,"href":"https:\/\/www.tuasaude.com\/news\/wp-json\/wp\/v2\/posts\/104179\/revisions\/104183"}],"wp:featuredmedia":[{"embeddable":true,"href":"https:\/\/www.tuasaude.com\/news\/wp-json\/wp\/v2\/media\/104180"}],"wp:attachment":[{"href":"https:\/\/www.tuasaude.com\/news\/wp-json\/wp\/v2\/media?parent=104179"}],"wp:term":[{"taxonomy":"category","embeddable":true,"href":"https:\/\/www.tuasaude.com\/news\/wp-json\/wp\/v2\/categories?post=104179"},{"taxonomy":"post_tag","embeddable":true,"href":"https:\/\/www.tuasaude.com\/news\/wp-json\/wp\/v2\/tags?post=104179"}],"curies":[{"name":"wp","href":"https:\/\/api.w.org\/{rel}","templated":true}]}}