{"id":104174,"date":"2026-08-31T13:45:00","date_gmt":"2026-08-31T16:45:00","guid":{"rendered":"https:\/\/www.tuasaude.com\/news\/?p=104174"},"modified":"2026-08-28T01:48:03","modified_gmt":"2026-08-28T04:48:03","slug":"creatina-e-memoria-suplementacao-ajuda-no-tratamento-do-declinio-cognitivo","status":"publish","type":"post","link":"https:\/\/www.tuasaude.com\/news\/2026\/08\/31\/creatina-e-memoria-suplementacao-ajuda-no-tratamento-do-declinio-cognitivo\/","title":{"rendered":"Creatina e mem\u00f3ria: suplementa\u00e7\u00e3o ajuda no tratamento do decl\u00ednio cognitivo?"},"content":{"rendered":"\n<p class=\"wp-block-paragraph\">A suplementa\u00e7\u00e3o de creatina pode oferecer benef\u00edcios modestos para a mem\u00f3ria, especialmente em idosos, vegetarianos e pessoas privadas de sono. J\u00e1 em c\u00e9rebros jovens e saud\u00e1veis, com estoques adequados desse composto, os ganhos cognitivos tendem a ser pequenos ou pouco percept\u00edveis. A ci\u00eancia tem avan\u00e7ado no entendimento de como a creatina atua no sistema nervoso, mas ainda existem lacunas importantes sobre dose ideal, tempo de uso e popula\u00e7\u00f5es que realmente se beneficiam da estrat\u00e9gia.<\/p>\n\n\n\n<h2 class=\"wp-block-heading\">O que a creatina faz no c\u00e9rebro?<\/h2>\n\n\n\n<p class=\"wp-block-paragraph\">A creatina atua na produ\u00e7\u00e3o de energia celular ao repor o ATP, mol\u00e9cula essencial para o funcionamento dos neur\u00f4nios. Como o c\u00e9rebro \u00e9 um dos \u00f3rg\u00e3os que mais consome energia, manter estoques adequados desse composto favorece processos como mem\u00f3ria, aten\u00e7\u00e3o e velocidade de racioc\u00ednio.<\/p>\n\n\n\n<p class=\"wp-block-paragraph\">Parte da creatina vem da alimenta\u00e7\u00e3o, principalmente de carnes e peixes, e parte \u00e9 produzida pelo pr\u00f3prio corpo. Quando esses estoques ficam baixos, seja por dieta restritiva, envelhecimento ou priva\u00e7\u00e3o de sono, a suplementa\u00e7\u00e3o tende a ter maior impacto sobre a <a href=\"https:\/\/www.tuasaude.com\/creatina\/\" target=\"_blank\" rel=\"noreferrer noopener\">creatina<\/a> dispon\u00edvel para o c\u00e9rebro.<\/p>\n\n\n\n<h2 class=\"wp-block-heading\">A creatina ajuda no tratamento do decl\u00ednio cognitivo?<\/h2>\n\n\n\n<p class=\"wp-block-paragraph\">Os estudos mostram que a creatina n\u00e3o trata o decl\u00ednio cognitivo estabelecido, como dem\u00eancias, mas pode auxiliar em contextos espec\u00edficos. O ganho de mem\u00f3ria \u00e9 mais claro em idosos e em situa\u00e7\u00f5es de estresse metab\u00f3lico cerebral.<\/p>\n\n\n\n<p class=\"wp-block-paragraph\">Em pessoas saud\u00e1veis com boa alimenta\u00e7\u00e3o, os efeitos costumam ser discretos. A suplementa\u00e7\u00e3o, portanto, deve ser vista como estrat\u00e9gia complementar e n\u00e3o como interven\u00e7\u00e3o terap\u00eautica isolada contra perdas cognitivas.<\/p>\n\n\n<div class=\"wp-block-image\">\n<figure class=\"aligncenter size-large\"><img decoding=\"async\" width=\"1024\" height=\"571\" src=\"https:\/\/www.tuasaude.com\/news\/wp-content\/uploads\/2026\/08\/Creatina_e_memoria_infografico_e\u2026_202608280146-1024x571.jpg\" alt=\"Idade, alimenta\u00e7\u00e3o e priva\u00e7\u00e3o de sono influenciam quem pode obter benef\u00edcios cognitivos da creatina.\" class=\"wp-image-104176\" srcset=\"https:\/\/www.tuasaude.com\/news\/wp-content\/uploads\/2026\/08\/Creatina_e_memoria_infografico_e\u2026_202608280146-1024x571.jpg 1024w, https:\/\/www.tuasaude.com\/news\/wp-content\/uploads\/2026\/08\/Creatina_e_memoria_infografico_e\u2026_202608280146-300x167.jpg 300w, https:\/\/www.tuasaude.com\/news\/wp-content\/uploads\/2026\/08\/Creatina_e_memoria_infografico_e\u2026_202608280146-768x428.jpg 768w, https:\/\/www.tuasaude.com\/news\/wp-content\/uploads\/2026\/08\/Creatina_e_memoria_infografico_e\u2026_202608280146-750x418.jpg 750w, https:\/\/www.tuasaude.com\/news\/wp-content\/uploads\/2026\/08\/Creatina_e_memoria_infografico_e\u2026_202608280146-1140x636.jpg 1140w, https:\/\/www.tuasaude.com\/news\/wp-content\/uploads\/2026\/08\/Creatina_e_memoria_infografico_e\u2026_202608280146.jpg 1280w\" sizes=\"(max-width: 1024px) 100vw, 1024px\" \/><figcaption class=\"wp-element-caption\">Idade, alimenta\u00e7\u00e3o e priva\u00e7\u00e3o de sono influenciam quem pode obter benef\u00edcios cognitivos da creatina.<\/figcaption><\/figure>\n<\/div>\n\n\n<h2 class=\"wp-block-heading\">Como um estudo cient\u00edfico avaliou o efeito da creatina na mem\u00f3ria?<\/h2>\n\n\n\n<p class=\"wp-block-paragraph\">A evid\u00eancia dispon\u00edvel ajuda a entender o real alcance dessa suplementa\u00e7\u00e3o. Segundo o estudo <a href=\"https:\/\/pubmed.ncbi.nlm.nih.gov\/35984306\/\" target=\"_blank\" rel=\"noreferrer noopener\">Effects of creatine supplementation on memory in healthy individuals a systematic review and meta-analysis of randomized controlled trials<\/a>, uma revis\u00e3o sistem\u00e1tica e meta-an\u00e1lise publicada na revista Nutrition Reviews em 2023, a creatina melhorou de forma significativa medidas de mem\u00f3ria em compara\u00e7\u00e3o ao placebo.<\/p>\n\n\n\n<p class=\"wp-block-paragraph\">Os autores destacaram que o efeito foi mais expressivo em adultos entre 66 e 76 anos, sugerindo que os idosos representam o grupo com maior potencial de benef\u00edcio. Em jovens saud\u00e1veis, os resultados foram inconsistentes entre os ensaios avaliados.<\/p>\n\n\n\n<h2 class=\"wp-block-heading\">Quem se beneficia mais da suplementa\u00e7\u00e3o para o c\u00e9rebro?<\/h2>\n\n\n\n<p class=\"wp-block-paragraph\">Nem todas as pessoas respondem igualmente \u00e0 creatina no aspecto cognitivo. Existem grupos com maior probabilidade de perceber melhoras porque partem de reservas cerebrais reduzidas.<\/p>\n\n\n\n<ul class=\"wp-block-list\">\n<li><strong>Idosos<\/strong>, que apresentam decl\u00ednio natural nos estoques de creatina cerebral e maior vulnerabilidade a lapsos de mem\u00f3ria<\/li>\n\n\n\n<li><strong>Vegetarianos e veganos<\/strong>, j\u00e1 que a creatina alimentar vem quase exclusivamente de produtos de origem animal<\/li>\n\n\n\n<li><strong>Pessoas privadas de sono<\/strong>, cujo c\u00e9rebro est\u00e1 sob maior estresse metab\u00f3lico e demanda energ\u00e9tica<\/li>\n\n\n\n<li><strong>Praticantes de dietas restritivas<\/strong> com baixa ingest\u00e3o proteica, que dificultam a s\u00edntese end\u00f3gena<\/li>\n\n\n\n<li><strong>Adultos em fases de alta exig\u00eancia mental<\/strong>, como estudantes em provas ou profissionais em jornadas intensas<\/li>\n\n\n\n<li><strong>Mulheres em determinadas fases hormonais<\/strong>, que podem apresentar varia\u00e7\u00f5es nos estoques cerebrais desse composto<\/li>\n<\/ul>\n\n\n<div class=\"wp-block-image\">\n<figure class=\"aligncenter size-large\"><img decoding=\"async\" width=\"1024\" height=\"571\" src=\"https:\/\/www.tuasaude.com\/news\/wp-content\/uploads\/2026\/08\/Man_studying_at_desk_202608280146-1024x571.jpg\" alt=\"Creatina pode favorecer modestamente a mem\u00f3ria, sobretudo quando os estoques cerebrais est\u00e3o reduzidos.\" class=\"wp-image-104177\" srcset=\"https:\/\/www.tuasaude.com\/news\/wp-content\/uploads\/2026\/08\/Man_studying_at_desk_202608280146-1024x571.jpg 1024w, https:\/\/www.tuasaude.com\/news\/wp-content\/uploads\/2026\/08\/Man_studying_at_desk_202608280146-300x167.jpg 300w, https:\/\/www.tuasaude.com\/news\/wp-content\/uploads\/2026\/08\/Man_studying_at_desk_202608280146-768x428.jpg 768w, https:\/\/www.tuasaude.com\/news\/wp-content\/uploads\/2026\/08\/Man_studying_at_desk_202608280146-750x418.jpg 750w, https:\/\/www.tuasaude.com\/news\/wp-content\/uploads\/2026\/08\/Man_studying_at_desk_202608280146-1140x636.jpg 1140w, https:\/\/www.tuasaude.com\/news\/wp-content\/uploads\/2026\/08\/Man_studying_at_desk_202608280146.jpg 1280w\" sizes=\"(max-width: 1024px) 100vw, 1024px\" \/><figcaption class=\"wp-element-caption\">Creatina pode favorecer modestamente a mem\u00f3ria, sobretudo quando os estoques cerebrais est\u00e3o reduzidos.<\/figcaption><\/figure>\n<\/div>\n\n\n<h2 class=\"wp-block-heading\">Qual a diferen\u00e7a entre a dose esportiva e a cognitiva?<\/h2>\n\n\n\n<p class=\"wp-block-paragraph\">As pesquisas sobre desempenho f\u00edsico e cogni\u00e7\u00e3o usaram protocolos bem distintos, o que explica a confus\u00e3o entre quantidades. Confira as principais diferen\u00e7as observadas nos ensaios cl\u00ednicos.<\/p>\n\n\n\n<ol class=\"wp-block-list\">\n<li>No <strong>uso esportivo<\/strong>, a dose de manuten\u00e7\u00e3o mais comum \u00e9 de 3 a 5 gramas por dia, muitas vezes precedida de uma fase de satura\u00e7\u00e3o com 20 gramas di\u00e1rias por 5 a 7 dias<\/li>\n\n\n\n<li>Nos <strong>estudos cognitivos com idosos<\/strong>, doses de at\u00e9 20 gramas por dia foram utilizadas por curtos per\u00edodos para atravessar mais facilmente a barreira hematoencef\u00e1lica<\/li>\n\n\n\n<li>Em <strong>pesquisas com vegetarianos<\/strong>, doses de 5 gramas di\u00e1rias por semanas mostraram melhora da mem\u00f3ria de trabalho<\/li>\n\n\n\n<li>A <strong>dura\u00e7\u00e3o<\/strong> ideal ainda n\u00e3o est\u00e1 definida, com resultados positivos tanto em uso curto quanto prolongado<\/li>\n\n\n\n<li>Ainda faltam evid\u00eancias robustas sobre <strong>protocolos espec\u00edficos<\/strong> para preven\u00e7\u00e3o de dem\u00eancias, doen\u00e7as neurodegenerativas e efeitos a longo prazo em popula\u00e7\u00f5es saud\u00e1veis<\/li>\n<\/ol>\n\n\n\n<p class=\"wp-block-paragraph\">Vale lembrar que a suplementa\u00e7\u00e3o deve considerar o perfil individual e poss\u00edveis intera\u00e7\u00f5es com condi\u00e7\u00f5es cl\u00ednicas. Antes de iniciar o uso de <a href=\"https:\/\/www.tuasaude.com\/creatina-monohidratada\/\" target=\"_blank\" rel=\"noreferrer noopener\">creatina monohidratada<\/a>, especialmente com foco em benef\u00edcios cerebrais, \u00e9 importante contar com orienta\u00e7\u00e3o profissional para ajustar a dose e monitorar a resposta.<\/p>\n\n\n\n<p class=\"wp-block-paragraph\"><em>Este conte\u00fado tem car\u00e1ter meramente informativo e n\u00e3o substitui a avalia\u00e7\u00e3o, o diagn\u00f3stico ou o tratamento realizado por um profissional de sa\u00fade qualificado. Consulte sempre um m\u00e9dico ou nutricionista antes de iniciar qualquer suplementa\u00e7\u00e3o.<\/em><\/p>\n","protected":false},"excerpt":{"rendered":"<p>A suplementa\u00e7\u00e3o de creatina pode oferecer benef\u00edcios modestos para a mem\u00f3ria, especialmente em idosos, vegetarianos e pessoas privadas de sono. J\u00e1 em c\u00e9rebros jovens e saud\u00e1veis, com estoques adequados desse composto, os ganhos cognitivos tendem a ser pequenos ou pouco percept\u00edveis. A ci\u00eancia tem avan\u00e7ado no entendimento de como a creatina atua no sistema nervoso, [&hellip;]<\/p>\n","protected":false},"author":16,"featured_media":104175,"comment_status":"open","ping_status":"open","sticky":false,"template":"","format":"standard","meta":{"_yoast_wpseo_focuskw":"creatina e mem\u00f3ria","_yoast_wpseo_title":"","_yoast_wpseo_metadesc":"Creatina e mem\u00f3ria: suplementa\u00e7\u00e3o ajuda no tratamento do decl\u00ednio cognitivo?","jnews-multi-image_gallery":[],"jnews_single_post":{"format":"standard"},"jnews_primary_category":[],"jnews_social_meta":[],"jnews_override_counter":[],"footnotes":""},"categories":[111],"tags":[277,1294,1026,12488,136,12487],"class_list":["post-104174","post","type-post","status-publish","format-standard","has-post-thumbnail","hentry","category-saude","tag-creatina","tag-declinio-cognitivo","tag-memoria","tag-no-tratamento","tag-saude","tag-suplementacao-ajuda"],"yoast_head":"<!-- This site is optimized with the Yoast SEO plugin v26.7 - https:\/\/yoast.com\/wordpress\/plugins\/seo\/ -->\n<title>Creatina e mem\u00f3ria: suplementa\u00e7\u00e3o ajuda no tratamento do decl\u00ednio cognitivo? - Tua Sa\u00fade<\/title>\n<meta name=\"description\" content=\"Creatina e mem\u00f3ria: suplementa\u00e7\u00e3o ajuda no tratamento do decl\u00ednio cognitivo?\" \/>\n<meta name=\"robots\" content=\"index, follow, max-snippet:-1, max-image-preview:large, max-video-preview:-1\" \/>\n<link rel=\"canonical\" href=\"https:\/\/www.tuasaude.com\/news\/2026\/08\/31\/creatina-e-memoria-suplementacao-ajuda-no-tratamento-do-declinio-cognitivo\/\" \/>\n<meta property=\"og:locale\" content=\"pt_BR\" \/>\n<meta property=\"og:type\" content=\"article\" \/>\n<meta property=\"og:title\" content=\"Creatina e mem\u00f3ria: suplementa\u00e7\u00e3o ajuda no tratamento do decl\u00ednio cognitivo? - Tua Sa\u00fade\" \/>\n<meta property=\"og:description\" content=\"Creatina e mem\u00f3ria: suplementa\u00e7\u00e3o ajuda no tratamento do decl\u00ednio cognitivo?\" \/>\n<meta property=\"og:url\" content=\"https:\/\/www.tuasaude.com\/news\/2026\/08\/31\/creatina-e-memoria-suplementacao-ajuda-no-tratamento-do-declinio-cognitivo\/\" \/>\n<meta property=\"og:site_name\" content=\"Tua Sa\u00fade\" \/>\n<meta property=\"article:published_time\" content=\"2026-08-31T16:45:00+00:00\" \/>\n<meta property=\"og:image\" content=\"https:\/\/www.tuasaude.com\/news\/wp-content\/uploads\/2026\/08\/Woman_doing_memory_exercise_202608280146.jpg\" \/>\n\t<meta property=\"og:image:width\" content=\"1280\" \/>\n\t<meta property=\"og:image:height\" content=\"714\" \/>\n\t<meta property=\"og:image:type\" content=\"image\/jpeg\" \/>\n<meta name=\"author\" content=\"Maycon Geovane\" \/>\n<meta name=\"twitter:card\" content=\"summary_large_image\" \/>\n<meta name=\"twitter:label1\" content=\"Escrito por\" \/>\n\t<meta name=\"twitter:data1\" content=\"Maycon Geovane\" \/>\n\t<meta name=\"twitter:label2\" content=\"Est. tempo de leitura\" \/>\n\t<meta name=\"twitter:data2\" content=\"5 minutos\" \/>\n<!-- \/ Yoast SEO plugin. -->","yoast_head_json":{"title":"Creatina e mem\u00f3ria: suplementa\u00e7\u00e3o ajuda no tratamento do decl\u00ednio cognitivo? - Tua Sa\u00fade","description":"Creatina e mem\u00f3ria: suplementa\u00e7\u00e3o ajuda no tratamento do decl\u00ednio cognitivo?","robots":{"index":"index","follow":"follow","max-snippet":"max-snippet:-1","max-image-preview":"max-image-preview:large","max-video-preview":"max-video-preview:-1"},"canonical":"https:\/\/www.tuasaude.com\/news\/2026\/08\/31\/creatina-e-memoria-suplementacao-ajuda-no-tratamento-do-declinio-cognitivo\/","og_locale":"pt_BR","og_type":"article","og_title":"Creatina e mem\u00f3ria: suplementa\u00e7\u00e3o ajuda no tratamento do decl\u00ednio cognitivo? - Tua Sa\u00fade","og_description":"Creatina e mem\u00f3ria: suplementa\u00e7\u00e3o ajuda no tratamento do decl\u00ednio cognitivo?","og_url":"https:\/\/www.tuasaude.com\/news\/2026\/08\/31\/creatina-e-memoria-suplementacao-ajuda-no-tratamento-do-declinio-cognitivo\/","og_site_name":"Tua Sa\u00fade","article_published_time":"2026-08-31T16:45:00+00:00","og_image":[{"width":1280,"height":714,"url":"https:\/\/www.tuasaude.com\/news\/wp-content\/uploads\/2026\/08\/Woman_doing_memory_exercise_202608280146.jpg","type":"image\/jpeg"}],"author":"Maycon Geovane","twitter_card":"summary_large_image","twitter_misc":{"Escrito por":"Maycon Geovane","Est. tempo de leitura":"5 minutos"},"schema":{"@context":"https:\/\/schema.org","@graph":[{"@type":"Article","@id":"https:\/\/www.tuasaude.com\/news\/2026\/08\/31\/creatina-e-memoria-suplementacao-ajuda-no-tratamento-do-declinio-cognitivo\/#article","isPartOf":{"@id":"https:\/\/www.tuasaude.com\/news\/2026\/08\/31\/creatina-e-memoria-suplementacao-ajuda-no-tratamento-do-declinio-cognitivo\/"},"author":{"name":"Maycon Geovane","@id":"https:\/\/www.tuasaude.com\/news\/#\/schema\/person\/da63bccfbda5c95cfbf2d37c4276fca0"},"headline":"Creatina e mem\u00f3ria: suplementa\u00e7\u00e3o ajuda no tratamento do decl\u00ednio cognitivo?","datePublished":"2026-08-31T16:45:00+00:00","mainEntityOfPage":{"@id":"https:\/\/www.tuasaude.com\/news\/2026\/08\/31\/creatina-e-memoria-suplementacao-ajuda-no-tratamento-do-declinio-cognitivo\/"},"wordCount":831,"commentCount":0,"image":{"@id":"https:\/\/www.tuasaude.com\/news\/2026\/08\/31\/creatina-e-memoria-suplementacao-ajuda-no-tratamento-do-declinio-cognitivo\/#primaryimage"},"thumbnailUrl":"https:\/\/www.tuasaude.com\/news\/wp-content\/uploads\/2026\/08\/Woman_doing_memory_exercise_202608280146.jpg","keywords":["Creatina","decl\u00ednio cognitivo","mem\u00f3ria","no tratamento","sa\u00fade","suplementa\u00e7\u00e3o ajuda"],"articleSection":["Sa\u00fade"],"inLanguage":"pt-BR","potentialAction":[{"@type":"CommentAction","name":"Comment","target":["https:\/\/www.tuasaude.com\/news\/2026\/08\/31\/creatina-e-memoria-suplementacao-ajuda-no-tratamento-do-declinio-cognitivo\/#respond"]}]},{"@type":"WebPage","@id":"https:\/\/www.tuasaude.com\/news\/2026\/08\/31\/creatina-e-memoria-suplementacao-ajuda-no-tratamento-do-declinio-cognitivo\/","url":"https:\/\/www.tuasaude.com\/news\/2026\/08\/31\/creatina-e-memoria-suplementacao-ajuda-no-tratamento-do-declinio-cognitivo\/","name":"Creatina e mem\u00f3ria: suplementa\u00e7\u00e3o ajuda no tratamento do decl\u00ednio cognitivo? - Tua Sa\u00fade","isPartOf":{"@id":"https:\/\/www.tuasaude.com\/news\/#website"},"primaryImageOfPage":{"@id":"https:\/\/www.tuasaude.com\/news\/2026\/08\/31\/creatina-e-memoria-suplementacao-ajuda-no-tratamento-do-declinio-cognitivo\/#primaryimage"},"image":{"@id":"https:\/\/www.tuasaude.com\/news\/2026\/08\/31\/creatina-e-memoria-suplementacao-ajuda-no-tratamento-do-declinio-cognitivo\/#primaryimage"},"thumbnailUrl":"https:\/\/www.tuasaude.com\/news\/wp-content\/uploads\/2026\/08\/Woman_doing_memory_exercise_202608280146.jpg","datePublished":"2026-08-31T16:45:00+00:00","author":{"@id":"https:\/\/www.tuasaude.com\/news\/#\/schema\/person\/da63bccfbda5c95cfbf2d37c4276fca0"},"description":"Creatina e mem\u00f3ria: suplementa\u00e7\u00e3o ajuda no tratamento do decl\u00ednio cognitivo?","breadcrumb":{"@id":"https:\/\/www.tuasaude.com\/news\/2026\/08\/31\/creatina-e-memoria-suplementacao-ajuda-no-tratamento-do-declinio-cognitivo\/#breadcrumb"},"inLanguage":"pt-BR","potentialAction":[{"@type":"ReadAction","target":["https:\/\/www.tuasaude.com\/news\/2026\/08\/31\/creatina-e-memoria-suplementacao-ajuda-no-tratamento-do-declinio-cognitivo\/"]}]},{"@type":"ImageObject","inLanguage":"pt-BR","@id":"https:\/\/www.tuasaude.com\/news\/2026\/08\/31\/creatina-e-memoria-suplementacao-ajuda-no-tratamento-do-declinio-cognitivo\/#primaryimage","url":"https:\/\/www.tuasaude.com\/news\/wp-content\/uploads\/2026\/08\/Woman_doing_memory_exercise_202608280146.jpg","contentUrl":"https:\/\/www.tuasaude.com\/news\/wp-content\/uploads\/2026\/08\/Woman_doing_memory_exercise_202608280146.jpg","width":1280,"height":714,"caption":"Creatina e mem\u00f3ria: suplementa\u00e7\u00e3o ajuda no tratamento do decl\u00ednio cognitivo?"},{"@type":"BreadcrumbList","@id":"https:\/\/www.tuasaude.com\/news\/2026\/08\/31\/creatina-e-memoria-suplementacao-ajuda-no-tratamento-do-declinio-cognitivo\/#breadcrumb","itemListElement":[{"@type":"ListItem","position":1,"name":"In\u00edcio","item":"https:\/\/www.tuasaude.com\/news\/"},{"@type":"ListItem","position":2,"name":"Creatina e mem\u00f3ria: suplementa\u00e7\u00e3o ajuda no tratamento do decl\u00ednio cognitivo?"}]},{"@type":"WebSite","@id":"https:\/\/www.tuasaude.com\/news\/#website","url":"https:\/\/www.tuasaude.com\/news\/","name":"Tua Sa\u00fade","description":"Seu site de sa\u00fade","potentialAction":[{"@type":"SearchAction","target":{"@type":"EntryPoint","urlTemplate":"https:\/\/www.tuasaude.com\/news\/?s={search_term_string}"},"query-input":{"@type":"PropertyValueSpecification","valueRequired":true,"valueName":"search_term_string"}}],"inLanguage":"pt-BR"},{"@type":"Person","@id":"https:\/\/www.tuasaude.com\/news\/#\/schema\/person\/da63bccfbda5c95cfbf2d37c4276fca0","name":"Maycon Geovane","image":{"@type":"ImageObject","inLanguage":"pt-BR","@id":"https:\/\/www.tuasaude.com\/news\/#\/schema\/person\/image\/","url":"https:\/\/secure.gravatar.com\/avatar\/4f4908cf0a2f249a9f1137f9d5769cacc373d9aee67910cc212a09a346873b7d?s=96&d=mm&r=g","contentUrl":"https:\/\/secure.gravatar.com\/avatar\/4f4908cf0a2f249a9f1137f9d5769cacc373d9aee67910cc212a09a346873b7d?s=96&d=mm&r=g","caption":"Maycon Geovane"},"sameAs":["https:\/\/www.tuasaude.com\/news\/"],"url":"https:\/\/www.tuasaude.com\/news\/author\/maycongeovane\/"}]}},"_links":{"self":[{"href":"https:\/\/www.tuasaude.com\/news\/wp-json\/wp\/v2\/posts\/104174","targetHints":{"allow":["GET"]}}],"collection":[{"href":"https:\/\/www.tuasaude.com\/news\/wp-json\/wp\/v2\/posts"}],"about":[{"href":"https:\/\/www.tuasaude.com\/news\/wp-json\/wp\/v2\/types\/post"}],"author":[{"embeddable":true,"href":"https:\/\/www.tuasaude.com\/news\/wp-json\/wp\/v2\/users\/16"}],"replies":[{"embeddable":true,"href":"https:\/\/www.tuasaude.com\/news\/wp-json\/wp\/v2\/comments?post=104174"}],"version-history":[{"count":1,"href":"https:\/\/www.tuasaude.com\/news\/wp-json\/wp\/v2\/posts\/104174\/revisions"}],"predecessor-version":[{"id":104178,"href":"https:\/\/www.tuasaude.com\/news\/wp-json\/wp\/v2\/posts\/104174\/revisions\/104178"}],"wp:featuredmedia":[{"embeddable":true,"href":"https:\/\/www.tuasaude.com\/news\/wp-json\/wp\/v2\/media\/104175"}],"wp:attachment":[{"href":"https:\/\/www.tuasaude.com\/news\/wp-json\/wp\/v2\/media?parent=104174"}],"wp:term":[{"taxonomy":"category","embeddable":true,"href":"https:\/\/www.tuasaude.com\/news\/wp-json\/wp\/v2\/categories?post=104174"},{"taxonomy":"post_tag","embeddable":true,"href":"https:\/\/www.tuasaude.com\/news\/wp-json\/wp\/v2\/tags?post=104174"}],"curies":[{"name":"wp","href":"https:\/\/api.w.org\/{rel}","templated":true}]}}