{"id":104169,"date":"2026-08-31T13:33:00","date_gmt":"2026-08-31T16:33:00","guid":{"rendered":"https:\/\/www.tuasaude.com\/news\/?p=104169"},"modified":"2026-08-28T01:42:38","modified_gmt":"2026-08-28T04:42:38","slug":"cansaco-extremo-vontade-de-dormir-mais-e-desejo-por-carboidratos-podem-fazer-parte-do-quadro-de-depressao-sazonal","status":"publish","type":"post","link":"https:\/\/www.tuasaude.com\/news\/2026\/08\/31\/cansaco-extremo-vontade-de-dormir-mais-e-desejo-por-carboidratos-podem-fazer-parte-do-quadro-de-depressao-sazonal\/","title":{"rendered":"Cansa\u00e7o extremo, vontade de dormir mais e desejo por carboidratos podem fazer parte do quadro de depress\u00e3o sazonal"},"content":{"rendered":"\n<p class=\"wp-block-paragraph\">Cansa\u00e7o extremo, vontade de dormir mais e desejo intenso por carboidratos podem, sim, fazer parte do quadro de depress\u00e3o sazonal, tamb\u00e9m chamada de transtorno afetivo sazonal. Esse conjunto de sintomas costuma surgir nos meses mais frios, quando a redu\u00e7\u00e3o da luz solar altera o funcionamento cerebral e afeta neurotransmissores ligados ao humor, ao sono e ao apetite. Reconhecer esse padr\u00e3o \u00e9 o primeiro passo para diferenciar uma simples rea\u00e7\u00e3o ao inverno de uma condi\u00e7\u00e3o que merece avalia\u00e7\u00e3o profissional.<\/p>\n\n\n\n<h2 class=\"wp-block-heading\">O que \u00e9 depress\u00e3o sazonal e como ela se manifesta?<\/h2>\n\n\n\n<p class=\"wp-block-paragraph\">A depress\u00e3o sazonal \u00e9 um subtipo de transtorno depressivo que aparece de forma recorrente em determinadas \u00e9pocas do ano, tipicamente no outono e inverno. Os sintomas melhoram espontaneamente na primavera e no ver\u00e3o, formando um ciclo previs\u00edvel.<\/p>\n\n\n\n<p class=\"wp-block-paragraph\">O quadro est\u00e1 relacionado \u00e0 menor exposi\u00e7\u00e3o \u00e0 luz natural, que interfere na produ\u00e7\u00e3o de serotonina e melatonina. Isso ajuda a explicar por que muitas pessoas notam mudan\u00e7as significativas de humor, energia e apetite conforme as esta\u00e7\u00f5es mudam, mesmo sem outros fatores estressantes evidentes.<\/p>\n\n\n\n<h2 class=\"wp-block-heading\">Por que o inverno provoca hipersonia e desejo por doces?<\/h2>\n\n\n\n<p class=\"wp-block-paragraph\">Nos meses frios, o c\u00e9rebro tende a produzir mais melatonina e menos serotonina, o que aumenta a sonol\u00eancia diurna e a busca por alimentos que elevem rapidamente o humor. Os carboidratos simples estimulam a libera\u00e7\u00e3o de serotonina, funcionando como um mecanismo compensat\u00f3rio.<\/p>\n\n\n\n<p class=\"wp-block-paragraph\">Esse padr\u00e3o explica o ganho de peso comum nessa \u00e9poca e a dificuldade para manter a rotina de exerc\u00edcios. A <a href=\"https:\/\/www.tuasaude.com\/fadiga\/\" target=\"_blank\" rel=\"noreferrer noopener\">fadiga<\/a> persistente e a lentid\u00e3o mental completam o quadro cl\u00e1ssico da depress\u00e3o sazonal do inverno.<\/p>\n\n\n<div class=\"wp-block-image\">\n<figure class=\"aligncenter size-large\"><img decoding=\"async\" width=\"1024\" height=\"571\" src=\"https:\/\/www.tuasaude.com\/news\/wp-content\/uploads\/2026\/08\/Infographic_showing_seasonal_dep\u2026_202608280141-1024x571.jpg\" alt=\"Sono, energia, apetite e humor mudam no inverno e podem sinalizar depress\u00e3o sazonal.\" class=\"wp-image-104171\" srcset=\"https:\/\/www.tuasaude.com\/news\/wp-content\/uploads\/2026\/08\/Infographic_showing_seasonal_dep\u2026_202608280141-1024x571.jpg 1024w, https:\/\/www.tuasaude.com\/news\/wp-content\/uploads\/2026\/08\/Infographic_showing_seasonal_dep\u2026_202608280141-300x167.jpg 300w, https:\/\/www.tuasaude.com\/news\/wp-content\/uploads\/2026\/08\/Infographic_showing_seasonal_dep\u2026_202608280141-768x428.jpg 768w, https:\/\/www.tuasaude.com\/news\/wp-content\/uploads\/2026\/08\/Infographic_showing_seasonal_dep\u2026_202608280141-750x418.jpg 750w, https:\/\/www.tuasaude.com\/news\/wp-content\/uploads\/2026\/08\/Infographic_showing_seasonal_dep\u2026_202608280141-1140x636.jpg 1140w, https:\/\/www.tuasaude.com\/news\/wp-content\/uploads\/2026\/08\/Infographic_showing_seasonal_dep\u2026_202608280141.jpg 1280w\" sizes=\"(max-width: 1024px) 100vw, 1024px\" \/><figcaption class=\"wp-element-caption\">Sono, energia, apetite e humor mudam no inverno e podem sinalizar depress\u00e3o sazonal.<\/figcaption><\/figure>\n<\/div>\n\n\n<h2 class=\"wp-block-heading\">Como um estudo cient\u00edfico descreve o padr\u00e3o dessa condi\u00e7\u00e3o?<\/h2>\n\n\n\n<p class=\"wp-block-paragraph\">A caracteriza\u00e7\u00e3o cl\u00ednica dessa condi\u00e7\u00e3o j\u00e1 est\u00e1 bem estabelecida na literatura psiqui\u00e1trica. Segundo o estudo <a href=\"https:\/\/pubmed.ncbi.nlm.nih.gov\/15771558\/\" target=\"_blank\" rel=\"noreferrer noopener\">Epidemiology, etiology, and natural treatment of seasonal affective disorder<\/a>, publicado no peri\u00f3dico Alternative Medicine Review, os dias mais curtos do outono e inverno podem desencadear uma s\u00edndrome que re\u00fane depress\u00e3o, fadiga, hipersonol\u00eancia, hiperfagia, desejo por carboidratos, ganho de peso e perda de libido.<\/p>\n\n\n\n<p class=\"wp-block-paragraph\">Os autores destacam que o diagn\u00f3stico se confirma quando esses sintomas surgem no inverno, aliviam com o alongamento dos dias e desaparecem no ver\u00e3o. A explica\u00e7\u00e3o envolve altera\u00e7\u00f5es no ritmo circadiano, na secre\u00e7\u00e3o de melatonina e na s\u00edntese de serotonina.<\/p>\n\n\n\n<h2 class=\"wp-block-heading\">Qual a diferen\u00e7a entre depress\u00e3o sazonal e depress\u00e3o cl\u00e1ssica?<\/h2>\n\n\n\n<p class=\"wp-block-paragraph\">Embora ambas perten\u00e7am ao espectro dos transtornos depressivos, os sintomas se manifestam de formas distintas. Vale a pena conhecer essas diferen\u00e7as para reconhecer melhor cada quadro.<\/p>\n\n\n\n<ul class=\"wp-block-list\">\n<li><strong>Sono<\/strong>: a depress\u00e3o sazonal costuma cursar com hipersonia e sensa\u00e7\u00e3o de nunca descansar o suficiente, enquanto a <a href=\"https:\/\/www.tuasaude.com\/depressao\/\" target=\"_blank\" rel=\"noreferrer noopener\">depress\u00e3o<\/a> cl\u00e1ssica frequentemente causa ins\u00f4nia e despertares noturnos<\/li>\n\n\n\n<li><strong>Apetite<\/strong>: no padr\u00e3o sazonal, h\u00e1 aumento da fome com desejo espec\u00edfico por carboidratos e doces; na depress\u00e3o cl\u00e1ssica, \u00e9 comum a perda de apetite<\/li>\n\n\n\n<li><strong>Peso<\/strong>: ganho de peso \u00e9 t\u00edpico da forma sazonal, enquanto emagrecimento involunt\u00e1rio aparece com mais frequ\u00eancia na depress\u00e3o maior<\/li>\n\n\n\n<li><strong>Energia<\/strong>: o cansa\u00e7o da forma sazonal se assemelha a uma sensa\u00e7\u00e3o de hiberna\u00e7\u00e3o, com lentid\u00e3o f\u00edsica marcante<\/li>\n\n\n\n<li><strong>Ciclo<\/strong>: os sintomas sazonais aparecem e desaparecem em \u00e9pocas espec\u00edficas do ano, o que n\u00e3o acontece na depress\u00e3o cl\u00e1ssica<\/li>\n\n\n\n<li><strong>Resposta \u00e0 luz<\/strong>: quadros sazonais tendem a responder bem \u00e0 fototerapia, tratamento pouco eficaz na depress\u00e3o comum<\/li>\n<\/ul>\n\n\n<div class=\"wp-block-image\">\n<figure class=\"aligncenter size-large\"><img decoding=\"async\" width=\"1024\" height=\"571\" src=\"https:\/\/www.tuasaude.com\/news\/wp-content\/uploads\/2026\/08\/Tired_woman_sitting_on_sofa_202608280141-1024x571.jpg\" alt=\"Cansa\u00e7o extremo, sono excessivo e desejo por carboidratos podem acompanhar a depress\u00e3o sazonal.\" class=\"wp-image-104172\" srcset=\"https:\/\/www.tuasaude.com\/news\/wp-content\/uploads\/2026\/08\/Tired_woman_sitting_on_sofa_202608280141-1024x571.jpg 1024w, https:\/\/www.tuasaude.com\/news\/wp-content\/uploads\/2026\/08\/Tired_woman_sitting_on_sofa_202608280141-300x167.jpg 300w, https:\/\/www.tuasaude.com\/news\/wp-content\/uploads\/2026\/08\/Tired_woman_sitting_on_sofa_202608280141-768x428.jpg 768w, https:\/\/www.tuasaude.com\/news\/wp-content\/uploads\/2026\/08\/Tired_woman_sitting_on_sofa_202608280141-750x418.jpg 750w, https:\/\/www.tuasaude.com\/news\/wp-content\/uploads\/2026\/08\/Tired_woman_sitting_on_sofa_202608280141-1140x636.jpg 1140w, https:\/\/www.tuasaude.com\/news\/wp-content\/uploads\/2026\/08\/Tired_woman_sitting_on_sofa_202608280141.jpg 1280w\" sizes=\"(max-width: 1024px) 100vw, 1024px\" \/><figcaption class=\"wp-element-caption\">Cansa\u00e7o extremo, sono excessivo e desejo por carboidratos podem acompanhar a depress\u00e3o sazonal.<\/figcaption><\/figure>\n<\/div>\n\n\n<h2 class=\"wp-block-heading\">Sintomas leves isolados j\u00e1 indicam depress\u00e3o sazonal?<\/h2>\n\n\n\n<p class=\"wp-block-paragraph\">N\u00e3o. Sentir mais sono em dias nublados ou querer um alimento reconfortante em uma tarde fria n\u00e3o caracteriza um transtorno. Para o diagn\u00f3stico, \u00e9 preciso um conjunto persistente de sintomas que interfira nas atividades cotidianas por semanas seguidas.<\/p>\n\n\n\n<p class=\"wp-block-paragraph\">A avalia\u00e7\u00e3o deve ser feita por psiquiatra ou psic\u00f3logo, que investigar\u00e1 frequ\u00eancia, intensidade e impacto funcional dos sintomas. Se voc\u00ea percebe uma <a href=\"https:\/\/www.tuasaude.com\/como-saber-se-e-tristeza-ou-depressao\/\" target=\"_blank\" rel=\"noreferrer noopener\">tristeza<\/a> recorrente todo inverno associada a mudan\u00e7as marcantes no sono e apetite, buscar orienta\u00e7\u00e3o profissional \u00e9 fundamental.<\/p>\n\n\n\n<p class=\"wp-block-paragraph\"><em>Este conte\u00fado tem car\u00e1ter meramente informativo e n\u00e3o substitui a avalia\u00e7\u00e3o, o diagn\u00f3stico ou o tratamento realizado por um profissional de sa\u00fade qualificado. Consulte sempre um m\u00e9dico ou psic\u00f3logo diante de sintomas persistentes.<\/em><\/p>\n","protected":false},"excerpt":{"rendered":"<p>Cansa\u00e7o extremo, vontade de dormir mais e desejo intenso por carboidratos podem, sim, fazer parte do quadro de depress\u00e3o sazonal, tamb\u00e9m chamada de transtorno afetivo sazonal. Esse conjunto de sintomas costuma surgir nos meses mais frios, quando a redu\u00e7\u00e3o da luz solar altera o funcionamento cerebral e afeta neurotransmissores ligados ao humor, ao sono e [&hellip;]<\/p>\n","protected":false},"author":16,"featured_media":104170,"comment_status":"open","ping_status":"open","sticky":false,"template":"","format":"standard","meta":{"_yoast_wpseo_focuskw":"depress\u00e3o sazonal","_yoast_wpseo_title":"","_yoast_wpseo_metadesc":"Depress\u00e3o sazonal pode causar cansa\u00e7o extremo, sono excessivo e desejo por carboidratos. Entenda o padr\u00e3o dos sintomas e quando buscar avalia\u00e7\u00e3o.","jnews-multi-image_gallery":[],"jnews_single_post":{"format":"standard"},"jnews_primary_category":[],"jnews_social_meta":[],"jnews_override_counter":[],"footnotes":""},"categories":[111],"tags":[2968,5100,12485,12486,136,12484],"class_list":["post-104169","post","type-post","status-publish","format-standard","has-post-thumbnail","hentry","category-saude","tag-cansaco-extremo","tag-depressao-sazonal","tag-desejo-por-carboidratos","tag-quadro","tag-saude","tag-vontade-de-dormir-mais"],"yoast_head":"<!-- This site is optimized with the Yoast SEO plugin v26.7 - https:\/\/yoast.com\/wordpress\/plugins\/seo\/ -->\n<title>Cansa\u00e7o extremo, vontade de dormir mais e desejo por carboidratos podem fazer parte do quadro de depress\u00e3o sazonal - Tua Sa\u00fade<\/title>\n<meta name=\"description\" content=\"Depress\u00e3o sazonal pode causar cansa\u00e7o extremo, sono excessivo e desejo por carboidratos. Entenda o padr\u00e3o dos sintomas e quando buscar avalia\u00e7\u00e3o.\" \/>\n<meta name=\"robots\" content=\"index, follow, max-snippet:-1, max-image-preview:large, max-video-preview:-1\" \/>\n<link rel=\"canonical\" href=\"https:\/\/www.tuasaude.com\/news\/2026\/08\/31\/cansaco-extremo-vontade-de-dormir-mais-e-desejo-por-carboidratos-podem-fazer-parte-do-quadro-de-depressao-sazonal\/\" \/>\n<meta property=\"og:locale\" content=\"pt_BR\" \/>\n<meta property=\"og:type\" content=\"article\" \/>\n<meta property=\"og:title\" content=\"Cansa\u00e7o extremo, vontade de dormir mais e desejo por carboidratos podem fazer parte do quadro de depress\u00e3o sazonal - Tua Sa\u00fade\" \/>\n<meta property=\"og:description\" content=\"Depress\u00e3o sazonal pode causar cansa\u00e7o extremo, sono excessivo e desejo por carboidratos. Entenda o padr\u00e3o dos sintomas e quando buscar avalia\u00e7\u00e3o.\" \/>\n<meta property=\"og:url\" content=\"https:\/\/www.tuasaude.com\/news\/2026\/08\/31\/cansaco-extremo-vontade-de-dormir-mais-e-desejo-por-carboidratos-podem-fazer-parte-do-quadro-de-depressao-sazonal\/\" \/>\n<meta property=\"og:site_name\" content=\"Tua Sa\u00fade\" \/>\n<meta property=\"article:published_time\" content=\"2026-08-31T16:33:00+00:00\" \/>\n<meta property=\"og:image\" content=\"https:\/\/www.tuasaude.com\/news\/wp-content\/uploads\/2026\/08\/Man_reaching_for_breakfast_202608280141.jpg\" \/>\n\t<meta property=\"og:image:width\" content=\"1280\" \/>\n\t<meta property=\"og:image:height\" content=\"714\" \/>\n\t<meta property=\"og:image:type\" content=\"image\/jpeg\" \/>\n<meta name=\"author\" content=\"Maycon Geovane\" \/>\n<meta name=\"twitter:card\" content=\"summary_large_image\" \/>\n<meta name=\"twitter:label1\" content=\"Escrito por\" \/>\n\t<meta name=\"twitter:data1\" content=\"Maycon Geovane\" \/>\n\t<meta name=\"twitter:label2\" content=\"Est. tempo de leitura\" \/>\n\t<meta name=\"twitter:data2\" content=\"5 minutos\" \/>\n<!-- \/ Yoast SEO plugin. -->","yoast_head_json":{"title":"Cansa\u00e7o extremo, vontade de dormir mais e desejo por carboidratos podem fazer parte do quadro de depress\u00e3o sazonal - Tua Sa\u00fade","description":"Depress\u00e3o sazonal pode causar cansa\u00e7o extremo, sono excessivo e desejo por carboidratos. Entenda o padr\u00e3o dos sintomas e quando buscar avalia\u00e7\u00e3o.","robots":{"index":"index","follow":"follow","max-snippet":"max-snippet:-1","max-image-preview":"max-image-preview:large","max-video-preview":"max-video-preview:-1"},"canonical":"https:\/\/www.tuasaude.com\/news\/2026\/08\/31\/cansaco-extremo-vontade-de-dormir-mais-e-desejo-por-carboidratos-podem-fazer-parte-do-quadro-de-depressao-sazonal\/","og_locale":"pt_BR","og_type":"article","og_title":"Cansa\u00e7o extremo, vontade de dormir mais e desejo por carboidratos podem fazer parte do quadro de depress\u00e3o sazonal - Tua Sa\u00fade","og_description":"Depress\u00e3o sazonal pode causar cansa\u00e7o extremo, sono excessivo e desejo por carboidratos. Entenda o padr\u00e3o dos sintomas e quando buscar avalia\u00e7\u00e3o.","og_url":"https:\/\/www.tuasaude.com\/news\/2026\/08\/31\/cansaco-extremo-vontade-de-dormir-mais-e-desejo-por-carboidratos-podem-fazer-parte-do-quadro-de-depressao-sazonal\/","og_site_name":"Tua Sa\u00fade","article_published_time":"2026-08-31T16:33:00+00:00","og_image":[{"width":1280,"height":714,"url":"https:\/\/www.tuasaude.com\/news\/wp-content\/uploads\/2026\/08\/Man_reaching_for_breakfast_202608280141.jpg","type":"image\/jpeg"}],"author":"Maycon Geovane","twitter_card":"summary_large_image","twitter_misc":{"Escrito por":"Maycon Geovane","Est. tempo de leitura":"5 minutos"},"schema":{"@context":"https:\/\/schema.org","@graph":[{"@type":"Article","@id":"https:\/\/www.tuasaude.com\/news\/2026\/08\/31\/cansaco-extremo-vontade-de-dormir-mais-e-desejo-por-carboidratos-podem-fazer-parte-do-quadro-de-depressao-sazonal\/#article","isPartOf":{"@id":"https:\/\/www.tuasaude.com\/news\/2026\/08\/31\/cansaco-extremo-vontade-de-dormir-mais-e-desejo-por-carboidratos-podem-fazer-parte-do-quadro-de-depressao-sazonal\/"},"author":{"name":"Maycon Geovane","@id":"https:\/\/www.tuasaude.com\/news\/#\/schema\/person\/da63bccfbda5c95cfbf2d37c4276fca0"},"headline":"Cansa\u00e7o extremo, vontade de dormir mais e desejo por carboidratos podem fazer parte do quadro de depress\u00e3o sazonal","datePublished":"2026-08-31T16:33:00+00:00","mainEntityOfPage":{"@id":"https:\/\/www.tuasaude.com\/news\/2026\/08\/31\/cansaco-extremo-vontade-de-dormir-mais-e-desejo-por-carboidratos-podem-fazer-parte-do-quadro-de-depressao-sazonal\/"},"wordCount":763,"commentCount":0,"image":{"@id":"https:\/\/www.tuasaude.com\/news\/2026\/08\/31\/cansaco-extremo-vontade-de-dormir-mais-e-desejo-por-carboidratos-podem-fazer-parte-do-quadro-de-depressao-sazonal\/#primaryimage"},"thumbnailUrl":"https:\/\/www.tuasaude.com\/news\/wp-content\/uploads\/2026\/08\/Man_reaching_for_breakfast_202608280141.jpg","keywords":["cansa\u00e7o extremo","depress\u00e3o sazonal","desejo por carboidratos","quadro","sa\u00fade","vontade de dormir mais"],"articleSection":["Sa\u00fade"],"inLanguage":"pt-BR","potentialAction":[{"@type":"CommentAction","name":"Comment","target":["https:\/\/www.tuasaude.com\/news\/2026\/08\/31\/cansaco-extremo-vontade-de-dormir-mais-e-desejo-por-carboidratos-podem-fazer-parte-do-quadro-de-depressao-sazonal\/#respond"]}]},{"@type":"WebPage","@id":"https:\/\/www.tuasaude.com\/news\/2026\/08\/31\/cansaco-extremo-vontade-de-dormir-mais-e-desejo-por-carboidratos-podem-fazer-parte-do-quadro-de-depressao-sazonal\/","url":"https:\/\/www.tuasaude.com\/news\/2026\/08\/31\/cansaco-extremo-vontade-de-dormir-mais-e-desejo-por-carboidratos-podem-fazer-parte-do-quadro-de-depressao-sazonal\/","name":"Cansa\u00e7o extremo, vontade de dormir mais e desejo por carboidratos podem fazer parte do quadro de depress\u00e3o sazonal - Tua Sa\u00fade","isPartOf":{"@id":"https:\/\/www.tuasaude.com\/news\/#website"},"primaryImageOfPage":{"@id":"https:\/\/www.tuasaude.com\/news\/2026\/08\/31\/cansaco-extremo-vontade-de-dormir-mais-e-desejo-por-carboidratos-podem-fazer-parte-do-quadro-de-depressao-sazonal\/#primaryimage"},"image":{"@id":"https:\/\/www.tuasaude.com\/news\/2026\/08\/31\/cansaco-extremo-vontade-de-dormir-mais-e-desejo-por-carboidratos-podem-fazer-parte-do-quadro-de-depressao-sazonal\/#primaryimage"},"thumbnailUrl":"https:\/\/www.tuasaude.com\/news\/wp-content\/uploads\/2026\/08\/Man_reaching_for_breakfast_202608280141.jpg","datePublished":"2026-08-31T16:33:00+00:00","author":{"@id":"https:\/\/www.tuasaude.com\/news\/#\/schema\/person\/da63bccfbda5c95cfbf2d37c4276fca0"},"description":"Depress\u00e3o sazonal pode causar cansa\u00e7o extremo, sono excessivo e desejo por carboidratos. Entenda o padr\u00e3o dos sintomas e quando buscar avalia\u00e7\u00e3o.","breadcrumb":{"@id":"https:\/\/www.tuasaude.com\/news\/2026\/08\/31\/cansaco-extremo-vontade-de-dormir-mais-e-desejo-por-carboidratos-podem-fazer-parte-do-quadro-de-depressao-sazonal\/#breadcrumb"},"inLanguage":"pt-BR","potentialAction":[{"@type":"ReadAction","target":["https:\/\/www.tuasaude.com\/news\/2026\/08\/31\/cansaco-extremo-vontade-de-dormir-mais-e-desejo-por-carboidratos-podem-fazer-parte-do-quadro-de-depressao-sazonal\/"]}]},{"@type":"ImageObject","inLanguage":"pt-BR","@id":"https:\/\/www.tuasaude.com\/news\/2026\/08\/31\/cansaco-extremo-vontade-de-dormir-mais-e-desejo-por-carboidratos-podem-fazer-parte-do-quadro-de-depressao-sazonal\/#primaryimage","url":"https:\/\/www.tuasaude.com\/news\/wp-content\/uploads\/2026\/08\/Man_reaching_for_breakfast_202608280141.jpg","contentUrl":"https:\/\/www.tuasaude.com\/news\/wp-content\/uploads\/2026\/08\/Man_reaching_for_breakfast_202608280141.jpg","width":1280,"height":714,"caption":"Cansa\u00e7o extremo, vontade de dormir mais e desejo por carboidratos podem fazer parte do quadro de depress\u00e3o sazonal"},{"@type":"BreadcrumbList","@id":"https:\/\/www.tuasaude.com\/news\/2026\/08\/31\/cansaco-extremo-vontade-de-dormir-mais-e-desejo-por-carboidratos-podem-fazer-parte-do-quadro-de-depressao-sazonal\/#breadcrumb","itemListElement":[{"@type":"ListItem","position":1,"name":"In\u00edcio","item":"https:\/\/www.tuasaude.com\/news\/"},{"@type":"ListItem","position":2,"name":"Cansa\u00e7o extremo, vontade de dormir mais e desejo por carboidratos podem fazer parte do quadro de depress\u00e3o sazonal"}]},{"@type":"WebSite","@id":"https:\/\/www.tuasaude.com\/news\/#website","url":"https:\/\/www.tuasaude.com\/news\/","name":"Tua Sa\u00fade","description":"Seu site de sa\u00fade","potentialAction":[{"@type":"SearchAction","target":{"@type":"EntryPoint","urlTemplate":"https:\/\/www.tuasaude.com\/news\/?s={search_term_string}"},"query-input":{"@type":"PropertyValueSpecification","valueRequired":true,"valueName":"search_term_string"}}],"inLanguage":"pt-BR"},{"@type":"Person","@id":"https:\/\/www.tuasaude.com\/news\/#\/schema\/person\/da63bccfbda5c95cfbf2d37c4276fca0","name":"Maycon Geovane","image":{"@type":"ImageObject","inLanguage":"pt-BR","@id":"https:\/\/www.tuasaude.com\/news\/#\/schema\/person\/image\/","url":"https:\/\/secure.gravatar.com\/avatar\/4f4908cf0a2f249a9f1137f9d5769cacc373d9aee67910cc212a09a346873b7d?s=96&d=mm&r=g","contentUrl":"https:\/\/secure.gravatar.com\/avatar\/4f4908cf0a2f249a9f1137f9d5769cacc373d9aee67910cc212a09a346873b7d?s=96&d=mm&r=g","caption":"Maycon Geovane"},"sameAs":["https:\/\/www.tuasaude.com\/news\/"],"url":"https:\/\/www.tuasaude.com\/news\/author\/maycongeovane\/"}]}},"_links":{"self":[{"href":"https:\/\/www.tuasaude.com\/news\/wp-json\/wp\/v2\/posts\/104169","targetHints":{"allow":["GET"]}}],"collection":[{"href":"https:\/\/www.tuasaude.com\/news\/wp-json\/wp\/v2\/posts"}],"about":[{"href":"https:\/\/www.tuasaude.com\/news\/wp-json\/wp\/v2\/types\/post"}],"author":[{"embeddable":true,"href":"https:\/\/www.tuasaude.com\/news\/wp-json\/wp\/v2\/users\/16"}],"replies":[{"embeddable":true,"href":"https:\/\/www.tuasaude.com\/news\/wp-json\/wp\/v2\/comments?post=104169"}],"version-history":[{"count":1,"href":"https:\/\/www.tuasaude.com\/news\/wp-json\/wp\/v2\/posts\/104169\/revisions"}],"predecessor-version":[{"id":104173,"href":"https:\/\/www.tuasaude.com\/news\/wp-json\/wp\/v2\/posts\/104169\/revisions\/104173"}],"wp:featuredmedia":[{"embeddable":true,"href":"https:\/\/www.tuasaude.com\/news\/wp-json\/wp\/v2\/media\/104170"}],"wp:attachment":[{"href":"https:\/\/www.tuasaude.com\/news\/wp-json\/wp\/v2\/media?parent=104169"}],"wp:term":[{"taxonomy":"category","embeddable":true,"href":"https:\/\/www.tuasaude.com\/news\/wp-json\/wp\/v2\/categories?post=104169"},{"taxonomy":"post_tag","embeddable":true,"href":"https:\/\/www.tuasaude.com\/news\/wp-json\/wp\/v2\/tags?post=104169"}],"curies":[{"name":"wp","href":"https:\/\/api.w.org\/{rel}","templated":true}]}}