{"id":104159,"date":"2026-08-31T12:55:00","date_gmt":"2026-08-31T15:55:00","guid":{"rendered":"https:\/\/www.tuasaude.com\/news\/?p=104159"},"modified":"2026-08-28T00:42:26","modified_gmt":"2026-08-28T03:42:26","slug":"vitamina-b12-e-fadiga-cronica-suplementacao-ajuda-no-tratamento-do-cansaco","status":"publish","type":"post","link":"https:\/\/www.tuasaude.com\/news\/2026\/08\/31\/vitamina-b12-e-fadiga-cronica-suplementacao-ajuda-no-tratamento-do-cansaco\/","title":{"rendered":"Vitamina B12 e fadiga cr\u00f4nica ajuda no tratamento do cansa\u00e7o?"},"content":{"rendered":"\n<p class=\"wp-block-paragraph\">A suplementa\u00e7\u00e3o de vitamina B12 s\u00f3 melhora a fadiga cr\u00f4nica quando existe defici\u00eancia real do nutriente confirmada por exames. Em pessoas com n\u00edveis sangu\u00edneos normais, tomar B12 n\u00e3o devolve energia nem reduz o cansa\u00e7o, apesar da popularidade do mito. Entender essa diferen\u00e7a evita gastos desnecess\u00e1rios e, principalmente, atrasos no diagn\u00f3stico da verdadeira causa da fadiga, que pode ser hormonal, nutricional ou neurol\u00f3gica.<\/p>\n\n\n\n<h2 class=\"wp-block-heading\">O que \u00e9 a defici\u00eancia real de vitamina B12?<\/h2>\n\n\n\n<p class=\"wp-block-paragraph\">A defici\u00eancia real acontece quando os estoques corporais de cobalamina caem a ponto de comprometer a produ\u00e7\u00e3o de c\u00e9lulas sangu\u00edneas e a integridade do sistema nervoso. Os sintomas incluem anemia megalobl\u00e1stica, formigamento nas m\u00e3os e p\u00e9s, perda de equil\u00edbrio, altera\u00e7\u00f5es de mem\u00f3ria e glossite.<\/p>\n\n\n\n<p class=\"wp-block-paragraph\">Esse quadro \u00e9 clinicamente distinto do cansa\u00e7o comum. A fadiga isolada, sem sinais neurol\u00f3gicos ou hematol\u00f3gicos, raramente indica falta de B12 e costuma ter outras origens, como dist\u00farbios da tireoide, defici\u00eancia de ferro ou m\u00e1 qualidade do sono. Nesses casos, investigar corretamente \u00e9 mais eficaz do que suplementar por conta pr\u00f3pria a <a href=\"https:\/\/www.tuasaude.com\/fadiga\/\" target=\"_blank\" rel=\"noreferrer noopener\">fadiga<\/a>.<\/p>\n\n\n\n<h2 class=\"wp-block-heading\">Suplementar B12 d\u00e1 energia em quem tem n\u00edveis normais?<\/h2>\n\n\n\n<p class=\"wp-block-paragraph\">N\u00e3o. A vitamina B12 atua como cofator no metabolismo energ\u00e9tico, mas n\u00e3o fornece energia diretamente. Quando os n\u00edveis j\u00e1 est\u00e3o adequados, doses extras s\u00e3o eliminadas pela urina sem efeito percept\u00edvel na disposi\u00e7\u00e3o.<\/p>\n\n\n\n<p class=\"wp-block-paragraph\">A cren\u00e7a de que ampolas ou comprimidos de B12 combatem o <a href=\"https:\/\/www.tuasaude.com\/cansaco-excessivo\/\" target=\"_blank\" rel=\"noreferrer noopener\">cansa\u00e7o excessivo<\/a> em pessoas saud\u00e1veis vem mais do marketing do que da ci\u00eancia. Sem defici\u00eancia comprovada, a suplementa\u00e7\u00e3o funciona como placebo caro.<\/p>\n\n\n<div class=\"wp-block-image\">\n<figure class=\"aligncenter size-large\"><img decoding=\"async\" width=\"1024\" height=\"571\" src=\"https:\/\/www.tuasaude.com\/news\/wp-content\/uploads\/2026\/08\/Vitamina_B12_e_fadiga_cronica_202608280041-1024x571.jpg\" alt=\"Defici\u00eancia, grupos de risco, exames funcionais e tratamento orientam o uso correto da vitamina B12.\" class=\"wp-image-104161\" srcset=\"https:\/\/www.tuasaude.com\/news\/wp-content\/uploads\/2026\/08\/Vitamina_B12_e_fadiga_cronica_202608280041-1024x571.jpg 1024w, https:\/\/www.tuasaude.com\/news\/wp-content\/uploads\/2026\/08\/Vitamina_B12_e_fadiga_cronica_202608280041-300x167.jpg 300w, https:\/\/www.tuasaude.com\/news\/wp-content\/uploads\/2026\/08\/Vitamina_B12_e_fadiga_cronica_202608280041-768x428.jpg 768w, https:\/\/www.tuasaude.com\/news\/wp-content\/uploads\/2026\/08\/Vitamina_B12_e_fadiga_cronica_202608280041-750x418.jpg 750w, https:\/\/www.tuasaude.com\/news\/wp-content\/uploads\/2026\/08\/Vitamina_B12_e_fadiga_cronica_202608280041-1140x636.jpg 1140w, https:\/\/www.tuasaude.com\/news\/wp-content\/uploads\/2026\/08\/Vitamina_B12_e_fadiga_cronica_202608280041.jpg 1280w\" sizes=\"(max-width: 1024px) 100vw, 1024px\" \/><figcaption class=\"wp-element-caption\">Defici\u00eancia, grupos de risco, exames funcionais e tratamento orientam o uso correto da vitamina B12.<\/figcaption><\/figure>\n<\/div>\n\n\n<h2 class=\"wp-block-heading\">Como um estudo cient\u00edfico corrobora essa evid\u00eancia?<\/h2>\n\n\n\n<p class=\"wp-block-paragraph\">A ci\u00eancia \u00e9 clara ao separar mito de realidade nesse tema. De acordo com a revis\u00e3o sistem\u00e1tica e meta-an\u00e1lise <a href=\"https:\/\/pubmed.ncbi.nlm.nih.gov\/33809274\/\" target=\"_blank\" rel=\"noreferrer noopener\">Effects of Vitamin B12 Supplementation on Cognitive Function, Depressive Symptoms, and Fatigue<\/a>, publicada na revista Nutrients em 2021, a suplementa\u00e7\u00e3o de B12 n\u00e3o trouxe benef\u00edcio significativo para fadiga, cogni\u00e7\u00e3o ou sintomas depressivos em pessoas sem defici\u00eancia comprovada.<\/p>\n\n\n\n<p class=\"wp-block-paragraph\">O trabalho reuniu 16 ensaios cl\u00ednicos randomizados e mais de 6 mil participantes. A conclus\u00e3o dos autores refor\u00e7a que prescrever B12 para cansa\u00e7o inespec\u00edfico, sem exames alterados, carece de respaldo cient\u00edfico.<\/p>\n\n\n\n<h2 class=\"wp-block-heading\">Quais s\u00e3o os grupos de risco para defici\u00eancia de B12?<\/h2>\n\n\n\n<p class=\"wp-block-paragraph\">Algumas condi\u00e7\u00f5es e h\u00e1bitos aumentam significativamente a chance de faltar cobalamina no organismo, mesmo com dieta aparentemente equilibrada. Nesses casos, a avalia\u00e7\u00e3o laboratorial peri\u00f3dica \u00e9 fundamental.<\/p>\n\n\n\n<ul class=\"wp-block-list\">\n<li><strong>Veganos e vegetarianos estritos<\/strong>, j\u00e1 que a B12 est\u00e1 presente principalmente em alimentos de origem animal<\/li>\n\n\n\n<li><strong>Idosos acima de 60 anos<\/strong>, pela redu\u00e7\u00e3o natural da produ\u00e7\u00e3o de \u00e1cido g\u00e1strico e do fator intr\u00ednseco<\/li>\n\n\n\n<li><strong>Usu\u00e1rios cr\u00f4nicos de metformina<\/strong> no tratamento do diabetes tipo 2<\/li>\n\n\n\n<li><strong>Pacientes em uso prolongado de omeprazol<\/strong> ou outros inibidores de bomba de pr\u00f3tons<\/li>\n\n\n\n<li><strong>Pessoas com doen\u00e7as autoimunes<\/strong> como anemia perniciosa, doen\u00e7a cel\u00edaca ou de Crohn<\/li>\n\n\n\n<li><strong>Pacientes submetidos \u00e0 cirurgia bari\u00e1trica<\/strong> ou ressec\u00e7\u00f5es g\u00e1stricas e intestinais<\/li>\n<\/ul>\n\n\n<div class=\"wp-block-image\">\n<figure class=\"aligncenter size-large\"><img decoding=\"async\" width=\"1024\" height=\"571\" src=\"https:\/\/www.tuasaude.com\/news\/wp-content\/uploads\/2026\/08\/Man_consulting_doctor_about_fatigue_202608280041-1024x571.jpg\" alt=\"Fadiga persistente nem sempre significa defici\u00eancia de B12: investigar a causa evita suplementa\u00e7\u00e3o desnecess\u00e1ria.\" class=\"wp-image-104162\" srcset=\"https:\/\/www.tuasaude.com\/news\/wp-content\/uploads\/2026\/08\/Man_consulting_doctor_about_fatigue_202608280041-1024x571.jpg 1024w, https:\/\/www.tuasaude.com\/news\/wp-content\/uploads\/2026\/08\/Man_consulting_doctor_about_fatigue_202608280041-300x167.jpg 300w, https:\/\/www.tuasaude.com\/news\/wp-content\/uploads\/2026\/08\/Man_consulting_doctor_about_fatigue_202608280041-768x428.jpg 768w, https:\/\/www.tuasaude.com\/news\/wp-content\/uploads\/2026\/08\/Man_consulting_doctor_about_fatigue_202608280041-750x418.jpg 750w, https:\/\/www.tuasaude.com\/news\/wp-content\/uploads\/2026\/08\/Man_consulting_doctor_about_fatigue_202608280041-1140x636.jpg 1140w, https:\/\/www.tuasaude.com\/news\/wp-content\/uploads\/2026\/08\/Man_consulting_doctor_about_fatigue_202608280041.jpg 1280w\" sizes=\"(max-width: 1024px) 100vw, 1024px\" \/><figcaption class=\"wp-element-caption\">Fadiga persistente nem sempre significa defici\u00eancia de B12: investigar a causa evita suplementa\u00e7\u00e3o desnecess\u00e1ria.<\/figcaption><\/figure>\n<\/div>\n\n\n<h2 class=\"wp-block-heading\">Por que a dosagem s\u00e9rica de B12 pode enganar?<\/h2>\n\n\n\n<p class=\"wp-block-paragraph\">Muita gente recebe um exame com valor &#8220;normal&#8221; e sai do consult\u00f3rio tranquila, mesmo com sintomas persistentes. Confira os principais motivos pelos quais a dosagem tradicional pode mascarar uma defici\u00eancia funcional que impacta diretamente quem sofre com <a href=\"https:\/\/www.tuasaude.com\/melhor-vitamina-b12\/\" target=\"_blank\" rel=\"noreferrer noopener\">vitamina B12<\/a> baixa.<\/p>\n\n\n\n<ol class=\"wp-block-list\">\n<li>A dosagem mede toda a B12 circulante, incluindo formas inativas que o corpo n\u00e3o consegue utilizar<\/li>\n\n\n\n<li>Apenas cerca de 20% da vitamina no sangue est\u00e1 ligada \u00e0 transcobalamina, a prote\u00edna que a entrega \u00e0s c\u00e9lulas<\/li>\n\n\n\n<li>Marcadores como <strong>\u00e1cido metilmal\u00f4nico<\/strong> e <strong>homociste\u00edna<\/strong> refletem melhor a defici\u00eancia real em n\u00edvel celular<\/li>\n\n\n\n<li>Idosos e diab\u00e9ticos podem ter valores s\u00e9ricos normais e ainda apresentar sintomas neurol\u00f3gicos por defici\u00eancia funcional<\/li>\n\n\n\n<li>Suplementa\u00e7\u00e3o recente pode elevar artificialmente o resultado e mascarar o problema por meses<\/li>\n<\/ol>\n\n\n\n<p class=\"wp-block-paragraph\"><em>Este conte\u00fado tem car\u00e1ter meramente informativo e n\u00e3o substitui a avalia\u00e7\u00e3o, o diagn\u00f3stico ou o tratamento realizado por um profissional de sa\u00fade qualificado. Consulte sempre um m\u00e9dico antes de iniciar qualquer suplementa\u00e7\u00e3o.<\/em><\/p>\n\n\n\n<p class=\"wp-block-paragraph\"><\/p>\n","protected":false},"excerpt":{"rendered":"<p>A suplementa\u00e7\u00e3o de vitamina B12 s\u00f3 melhora a fadiga cr\u00f4nica quando existe defici\u00eancia real do nutriente confirmada por exames. Em pessoas com n\u00edveis sangu\u00edneos normais, tomar B12 n\u00e3o devolve energia nem reduz o cansa\u00e7o, apesar da popularidade do mito. Entender essa diferen\u00e7a evita gastos desnecess\u00e1rios e, principalmente, atrasos no diagn\u00f3stico da verdadeira causa da fadiga, [&hellip;]<\/p>\n","protected":false},"author":16,"featured_media":104160,"comment_status":"open","ping_status":"open","sticky":false,"template":"","format":"standard","meta":{"_yoast_wpseo_focuskw":"vitamina B12 e fadiga cr\u00f4nica","_yoast_wpseo_title":"","_yoast_wpseo_metadesc":"A vitamina B12 ajuda na fadiga cr\u00f4nica apenas quando existe defici\u00eancia. Entenda os exames, os grupos de risco e por que suplementar sem necessidade n\u00e3o funciona.","jnews-multi-image_gallery":[],"jnews_single_post":{"format":"standard"},"jnews_primary_category":[],"jnews_social_meta":[],"jnews_override_counter":[],"footnotes":""},"categories":[111],"tags":[11716,1561,136,12479,1039],"class_list":["post-104159","post","type-post","status-publish","format-standard","has-post-thumbnail","hentry","category-saude","tag-ajuda","tag-fadiga-cronica","tag-saude","tag-tratamento-do-cansaco","tag-vitamina-b12"],"yoast_head":"<!-- This site is optimized with the Yoast SEO plugin v26.7 - https:\/\/yoast.com\/wordpress\/plugins\/seo\/ -->\n<title>Vitamina B12 e fadiga cr\u00f4nica ajuda no tratamento do cansa\u00e7o? - Tua Sa\u00fade<\/title>\n<meta name=\"description\" content=\"A vitamina B12 ajuda na fadiga cr\u00f4nica apenas quando existe defici\u00eancia. Entenda os exames, os grupos de risco e por que suplementar sem necessidade n\u00e3o funciona.\" \/>\n<meta name=\"robots\" content=\"index, follow, max-snippet:-1, max-image-preview:large, max-video-preview:-1\" \/>\n<link rel=\"canonical\" href=\"https:\/\/www.tuasaude.com\/news\/2026\/08\/31\/vitamina-b12-e-fadiga-cronica-suplementacao-ajuda-no-tratamento-do-cansaco\/\" \/>\n<meta property=\"og:locale\" content=\"pt_BR\" \/>\n<meta property=\"og:type\" content=\"article\" \/>\n<meta property=\"og:title\" content=\"Vitamina B12 e fadiga cr\u00f4nica ajuda no tratamento do cansa\u00e7o? - Tua Sa\u00fade\" \/>\n<meta property=\"og:description\" content=\"A vitamina B12 ajuda na fadiga cr\u00f4nica apenas quando existe defici\u00eancia. Entenda os exames, os grupos de risco e por que suplementar sem necessidade n\u00e3o funciona.\" \/>\n<meta property=\"og:url\" content=\"https:\/\/www.tuasaude.com\/news\/2026\/08\/31\/vitamina-b12-e-fadiga-cronica-suplementacao-ajuda-no-tratamento-do-cansaco\/\" \/>\n<meta property=\"og:site_name\" content=\"Tua Sa\u00fade\" \/>\n<meta property=\"article:published_time\" content=\"2026-08-31T15:55:00+00:00\" \/>\n<meta property=\"og:image\" content=\"https:\/\/www.tuasaude.com\/news\/wp-content\/uploads\/2026\/08\/Woman_examining_vitamin_suppleme\u2026_202608280041.jpg\" \/>\n\t<meta property=\"og:image:width\" content=\"1280\" \/>\n\t<meta property=\"og:image:height\" content=\"714\" \/>\n\t<meta property=\"og:image:type\" content=\"image\/jpeg\" \/>\n<meta name=\"author\" content=\"Maycon Geovane\" \/>\n<meta name=\"twitter:card\" content=\"summary_large_image\" \/>\n<meta name=\"twitter:label1\" content=\"Escrito por\" \/>\n\t<meta name=\"twitter:data1\" content=\"Maycon Geovane\" \/>\n\t<meta name=\"twitter:label2\" content=\"Est. tempo de leitura\" \/>\n\t<meta name=\"twitter:data2\" content=\"5 minutos\" \/>\n<!-- \/ Yoast SEO plugin. -->","yoast_head_json":{"title":"Vitamina B12 e fadiga cr\u00f4nica ajuda no tratamento do cansa\u00e7o? - Tua Sa\u00fade","description":"A vitamina B12 ajuda na fadiga cr\u00f4nica apenas quando existe defici\u00eancia. Entenda os exames, os grupos de risco e por que suplementar sem necessidade n\u00e3o funciona.","robots":{"index":"index","follow":"follow","max-snippet":"max-snippet:-1","max-image-preview":"max-image-preview:large","max-video-preview":"max-video-preview:-1"},"canonical":"https:\/\/www.tuasaude.com\/news\/2026\/08\/31\/vitamina-b12-e-fadiga-cronica-suplementacao-ajuda-no-tratamento-do-cansaco\/","og_locale":"pt_BR","og_type":"article","og_title":"Vitamina B12 e fadiga cr\u00f4nica ajuda no tratamento do cansa\u00e7o? - Tua Sa\u00fade","og_description":"A vitamina B12 ajuda na fadiga cr\u00f4nica apenas quando existe defici\u00eancia. Entenda os exames, os grupos de risco e por que suplementar sem necessidade n\u00e3o funciona.","og_url":"https:\/\/www.tuasaude.com\/news\/2026\/08\/31\/vitamina-b12-e-fadiga-cronica-suplementacao-ajuda-no-tratamento-do-cansaco\/","og_site_name":"Tua Sa\u00fade","article_published_time":"2026-08-31T15:55:00+00:00","og_image":[{"width":1280,"height":714,"url":"https:\/\/www.tuasaude.com\/news\/wp-content\/uploads\/2026\/08\/Woman_examining_vitamin_suppleme\u2026_202608280041.jpg","type":"image\/jpeg"}],"author":"Maycon Geovane","twitter_card":"summary_large_image","twitter_misc":{"Escrito por":"Maycon Geovane","Est. tempo de leitura":"5 minutos"},"schema":{"@context":"https:\/\/schema.org","@graph":[{"@type":"Article","@id":"https:\/\/www.tuasaude.com\/news\/2026\/08\/31\/vitamina-b12-e-fadiga-cronica-suplementacao-ajuda-no-tratamento-do-cansaco\/#article","isPartOf":{"@id":"https:\/\/www.tuasaude.com\/news\/2026\/08\/31\/vitamina-b12-e-fadiga-cronica-suplementacao-ajuda-no-tratamento-do-cansaco\/"},"author":{"name":"Maycon Geovane","@id":"https:\/\/www.tuasaude.com\/news\/#\/schema\/person\/da63bccfbda5c95cfbf2d37c4276fca0"},"headline":"Vitamina B12 e fadiga cr\u00f4nica ajuda no tratamento do cansa\u00e7o?","datePublished":"2026-08-31T15:55:00+00:00","mainEntityOfPage":{"@id":"https:\/\/www.tuasaude.com\/news\/2026\/08\/31\/vitamina-b12-e-fadiga-cronica-suplementacao-ajuda-no-tratamento-do-cansaco\/"},"wordCount":743,"commentCount":0,"image":{"@id":"https:\/\/www.tuasaude.com\/news\/2026\/08\/31\/vitamina-b12-e-fadiga-cronica-suplementacao-ajuda-no-tratamento-do-cansaco\/#primaryimage"},"thumbnailUrl":"https:\/\/www.tuasaude.com\/news\/wp-content\/uploads\/2026\/08\/Woman_examining_vitamin_suppleme\u2026_202608280041.jpg","keywords":["ajuda","fadiga cr\u00f4nica","sa\u00fade","tratamento do cansa\u00e7o","vitamina B12"],"articleSection":["Sa\u00fade"],"inLanguage":"pt-BR","potentialAction":[{"@type":"CommentAction","name":"Comment","target":["https:\/\/www.tuasaude.com\/news\/2026\/08\/31\/vitamina-b12-e-fadiga-cronica-suplementacao-ajuda-no-tratamento-do-cansaco\/#respond"]}]},{"@type":"WebPage","@id":"https:\/\/www.tuasaude.com\/news\/2026\/08\/31\/vitamina-b12-e-fadiga-cronica-suplementacao-ajuda-no-tratamento-do-cansaco\/","url":"https:\/\/www.tuasaude.com\/news\/2026\/08\/31\/vitamina-b12-e-fadiga-cronica-suplementacao-ajuda-no-tratamento-do-cansaco\/","name":"Vitamina B12 e fadiga cr\u00f4nica ajuda no tratamento do cansa\u00e7o? - Tua Sa\u00fade","isPartOf":{"@id":"https:\/\/www.tuasaude.com\/news\/#website"},"primaryImageOfPage":{"@id":"https:\/\/www.tuasaude.com\/news\/2026\/08\/31\/vitamina-b12-e-fadiga-cronica-suplementacao-ajuda-no-tratamento-do-cansaco\/#primaryimage"},"image":{"@id":"https:\/\/www.tuasaude.com\/news\/2026\/08\/31\/vitamina-b12-e-fadiga-cronica-suplementacao-ajuda-no-tratamento-do-cansaco\/#primaryimage"},"thumbnailUrl":"https:\/\/www.tuasaude.com\/news\/wp-content\/uploads\/2026\/08\/Woman_examining_vitamin_suppleme\u2026_202608280041.jpg","datePublished":"2026-08-31T15:55:00+00:00","author":{"@id":"https:\/\/www.tuasaude.com\/news\/#\/schema\/person\/da63bccfbda5c95cfbf2d37c4276fca0"},"description":"A vitamina B12 ajuda na fadiga cr\u00f4nica apenas quando existe defici\u00eancia. Entenda os exames, os grupos de risco e por que suplementar sem necessidade n\u00e3o funciona.","breadcrumb":{"@id":"https:\/\/www.tuasaude.com\/news\/2026\/08\/31\/vitamina-b12-e-fadiga-cronica-suplementacao-ajuda-no-tratamento-do-cansaco\/#breadcrumb"},"inLanguage":"pt-BR","potentialAction":[{"@type":"ReadAction","target":["https:\/\/www.tuasaude.com\/news\/2026\/08\/31\/vitamina-b12-e-fadiga-cronica-suplementacao-ajuda-no-tratamento-do-cansaco\/"]}]},{"@type":"ImageObject","inLanguage":"pt-BR","@id":"https:\/\/www.tuasaude.com\/news\/2026\/08\/31\/vitamina-b12-e-fadiga-cronica-suplementacao-ajuda-no-tratamento-do-cansaco\/#primaryimage","url":"https:\/\/www.tuasaude.com\/news\/wp-content\/uploads\/2026\/08\/Woman_examining_vitamin_suppleme\u2026_202608280041.jpg","contentUrl":"https:\/\/www.tuasaude.com\/news\/wp-content\/uploads\/2026\/08\/Woman_examining_vitamin_suppleme\u2026_202608280041.jpg","width":1280,"height":714,"caption":"Vitamina B12 e fadiga cr\u00f4nica: suplementa\u00e7\u00e3o ajuda no tratamento do cansa\u00e7o?"},{"@type":"BreadcrumbList","@id":"https:\/\/www.tuasaude.com\/news\/2026\/08\/31\/vitamina-b12-e-fadiga-cronica-suplementacao-ajuda-no-tratamento-do-cansaco\/#breadcrumb","itemListElement":[{"@type":"ListItem","position":1,"name":"In\u00edcio","item":"https:\/\/www.tuasaude.com\/news\/"},{"@type":"ListItem","position":2,"name":"Vitamina B12 e fadiga cr\u00f4nica ajuda no tratamento do cansa\u00e7o?"}]},{"@type":"WebSite","@id":"https:\/\/www.tuasaude.com\/news\/#website","url":"https:\/\/www.tuasaude.com\/news\/","name":"Tua Sa\u00fade","description":"Seu site de sa\u00fade","potentialAction":[{"@type":"SearchAction","target":{"@type":"EntryPoint","urlTemplate":"https:\/\/www.tuasaude.com\/news\/?s={search_term_string}"},"query-input":{"@type":"PropertyValueSpecification","valueRequired":true,"valueName":"search_term_string"}}],"inLanguage":"pt-BR"},{"@type":"Person","@id":"https:\/\/www.tuasaude.com\/news\/#\/schema\/person\/da63bccfbda5c95cfbf2d37c4276fca0","name":"Maycon Geovane","image":{"@type":"ImageObject","inLanguage":"pt-BR","@id":"https:\/\/www.tuasaude.com\/news\/#\/schema\/person\/image\/","url":"https:\/\/secure.gravatar.com\/avatar\/4f4908cf0a2f249a9f1137f9d5769cacc373d9aee67910cc212a09a346873b7d?s=96&d=mm&r=g","contentUrl":"https:\/\/secure.gravatar.com\/avatar\/4f4908cf0a2f249a9f1137f9d5769cacc373d9aee67910cc212a09a346873b7d?s=96&d=mm&r=g","caption":"Maycon Geovane"},"sameAs":["https:\/\/www.tuasaude.com\/news\/"],"url":"https:\/\/www.tuasaude.com\/news\/author\/maycongeovane\/"}]}},"_links":{"self":[{"href":"https:\/\/www.tuasaude.com\/news\/wp-json\/wp\/v2\/posts\/104159","targetHints":{"allow":["GET"]}}],"collection":[{"href":"https:\/\/www.tuasaude.com\/news\/wp-json\/wp\/v2\/posts"}],"about":[{"href":"https:\/\/www.tuasaude.com\/news\/wp-json\/wp\/v2\/types\/post"}],"author":[{"embeddable":true,"href":"https:\/\/www.tuasaude.com\/news\/wp-json\/wp\/v2\/users\/16"}],"replies":[{"embeddable":true,"href":"https:\/\/www.tuasaude.com\/news\/wp-json\/wp\/v2\/comments?post=104159"}],"version-history":[{"count":1,"href":"https:\/\/www.tuasaude.com\/news\/wp-json\/wp\/v2\/posts\/104159\/revisions"}],"predecessor-version":[{"id":104163,"href":"https:\/\/www.tuasaude.com\/news\/wp-json\/wp\/v2\/posts\/104159\/revisions\/104163"}],"wp:featuredmedia":[{"embeddable":true,"href":"https:\/\/www.tuasaude.com\/news\/wp-json\/wp\/v2\/media\/104160"}],"wp:attachment":[{"href":"https:\/\/www.tuasaude.com\/news\/wp-json\/wp\/v2\/media?parent=104159"}],"wp:term":[{"taxonomy":"category","embeddable":true,"href":"https:\/\/www.tuasaude.com\/news\/wp-json\/wp\/v2\/categories?post=104159"},{"taxonomy":"post_tag","embeddable":true,"href":"https:\/\/www.tuasaude.com\/news\/wp-json\/wp\/v2\/tags?post=104159"}],"curies":[{"name":"wp","href":"https:\/\/api.w.org\/{rel}","templated":true}]}}