{"id":103941,"date":"2026-08-31T12:35:00","date_gmt":"2026-08-31T15:35:00","guid":{"rendered":"https:\/\/www.tuasaude.com\/news\/?p=103941"},"modified":"2026-08-27T20:34:48","modified_gmt":"2026-08-27T23:34:48","slug":"transtorno-de-ansiedade-generalizada-o-que-e-quais-os-sintomas-e-quem-tem-maior-risco-de-desenvolver-o-quadro","status":"publish","type":"post","link":"https:\/\/www.tuasaude.com\/news\/2026\/08\/31\/transtorno-de-ansiedade-generalizada-o-que-e-quais-os-sintomas-e-quem-tem-maior-risco-de-desenvolver-o-quadro\/","title":{"rendered":"Transtorno de ansiedade generalizada: o que \u00e9, quais os sintomas e quem tem maior risco de desenvolver o quadro"},"content":{"rendered":"\n<p class=\"wp-block-paragraph\">O transtorno de ansiedade generalizada (TAG) \u00e9 uma condi\u00e7\u00e3o psiqui\u00e1trica caracterizada por preocupa\u00e7\u00e3o excessiva, persistente e dif\u00edcil de controlar sobre diversos aspectos da vida, acompanhada de sintomas f\u00edsicos como tens\u00e3o muscular, ins\u00f4nia e cansa\u00e7o constante. Diferente da ansiedade natural que qualquer pessoa sente diante de desafios, o TAG persiste por pelo menos seis meses, prejudica o funcionamento di\u00e1rio e exige acompanhamento profissional. O Brasil est\u00e1 entre os pa\u00edses com maior preval\u00eancia de transtornos de ansiedade no mundo, o que torna o reconhecimento precoce dos sinais ainda mais importante.<\/p>\n\n\n\n<h2 class=\"wp-block-heading\">O que \u00e9 o transtorno de ansiedade generalizada?<\/h2>\n\n\n\n<p class=\"wp-block-paragraph\">O TAG \u00e9 um dos transtornos psiqui\u00e1tricos mais comuns e faz parte do grupo dos transtornos de ansiedade. A pessoa sente preocupa\u00e7\u00e3o intensa e desproporcional sobre trabalho, sa\u00fade, fam\u00edlia, finan\u00e7as ou situa\u00e7\u00f5es cotidianas, mesmo quando n\u00e3o existe motivo aparente.<\/p>\n\n\n\n<p class=\"wp-block-paragraph\">Essa preocupa\u00e7\u00e3o constante \u00e9 acompanhada de sintomas f\u00edsicos e emocionais que afetam o sono, a concentra\u00e7\u00e3o e o conv\u00edvio social. Compreender o que \u00e9 a <a href=\"https:\/\/www.tuasaude.com\/ansiedade\/\" target=\"_blank\" rel=\"noreferrer noopener\">ansiedade<\/a> em suas diferentes formas \u00e9 o primeiro passo para diferenci\u00e1-la de rea\u00e7\u00f5es normais do dia a dia.<\/p>\n\n\n\n<h2 class=\"wp-block-heading\">Qual a diferen\u00e7a entre ansiedade normal e patol\u00f3gica?<\/h2>\n\n\n\n<p class=\"wp-block-paragraph\">A ansiedade normal \u00e9 uma resposta natural do organismo diante de situa\u00e7\u00f5es desafiadoras, como uma entrevista de emprego ou uma prova. Ela \u00e9 passageira, tem causa identific\u00e1vel e desaparece assim que o evento se resolve, sem prejudicar o funcionamento da pessoa.<\/p>\n\n\n\n<p class=\"wp-block-paragraph\">J\u00e1 a ansiedade patol\u00f3gica \u00e9 desproporcional, persiste por pelo menos seis meses, aparece sem motivo claro e vem acompanhada de sintomas f\u00edsicos, como tens\u00e3o muscular, ins\u00f4nia, taquicardia e cansa\u00e7o. Quando esse padr\u00e3o se mant\u00e9m, \u00e9 fundamental buscar avalia\u00e7\u00e3o profissional.<\/p>\n\n\n<div class=\"wp-block-image\">\n<figure class=\"aligncenter size-large\"><img decoding=\"async\" width=\"1024\" height=\"571\" src=\"https:\/\/www.tuasaude.com\/news\/wp-content\/uploads\/2026\/08\/Transtorno_de_ansiedade_generali\u2026_202608272033-1024x571.jpg\" alt=\"TAG combina preocupa\u00e7\u00e3o excessiva, tens\u00e3o, altera\u00e7\u00f5es do sono, cansa\u00e7o e sintomas f\u00edsicos.\" class=\"wp-image-103943\" srcset=\"https:\/\/www.tuasaude.com\/news\/wp-content\/uploads\/2026\/08\/Transtorno_de_ansiedade_generali\u2026_202608272033-1024x571.jpg 1024w, https:\/\/www.tuasaude.com\/news\/wp-content\/uploads\/2026\/08\/Transtorno_de_ansiedade_generali\u2026_202608272033-300x167.jpg 300w, https:\/\/www.tuasaude.com\/news\/wp-content\/uploads\/2026\/08\/Transtorno_de_ansiedade_generali\u2026_202608272033-768x428.jpg 768w, https:\/\/www.tuasaude.com\/news\/wp-content\/uploads\/2026\/08\/Transtorno_de_ansiedade_generali\u2026_202608272033-750x418.jpg 750w, https:\/\/www.tuasaude.com\/news\/wp-content\/uploads\/2026\/08\/Transtorno_de_ansiedade_generali\u2026_202608272033-1140x636.jpg 1140w, https:\/\/www.tuasaude.com\/news\/wp-content\/uploads\/2026\/08\/Transtorno_de_ansiedade_generali\u2026_202608272033.jpg 1280w\" sizes=\"(max-width: 1024px) 100vw, 1024px\" \/><figcaption class=\"wp-element-caption\">TAG combina preocupa\u00e7\u00e3o excessiva, tens\u00e3o, altera\u00e7\u00f5es do sono, cansa\u00e7o e sintomas f\u00edsicos.TAG combina preocupa\u00e7\u00e3o excessiva, tens\u00e3o, altera\u00e7\u00f5es do sono, cansa\u00e7o e sintomas f\u00edsicos.<\/figcaption><\/figure>\n<\/div>\n\n\n<h2 class=\"wp-block-heading\">Quais os principais sintomas do TAG?<\/h2>\n\n\n\n<p class=\"wp-block-paragraph\">Os sintomas do transtorno de ansiedade generalizada afetam mente e corpo ao mesmo tempo e tendem a se intensificar em per\u00edodos de maior estresse. Reconhec\u00ea-los \u00e9 essencial para procurar ajuda antes que interfiram na qualidade de vida. Os principais sinais incluem:<\/p>\n\n\n\n<ul class=\"wp-block-list\">\n<li><strong>Preocupa\u00e7\u00e3o excessiva<\/strong> e dif\u00edcil de controlar sobre m\u00faltiplos aspectos da vida;<\/li>\n\n\n\n<li><strong>Tens\u00e3o muscular constante<\/strong>, especialmente em pesco\u00e7o, ombros e mand\u00edbula;<\/li>\n\n\n\n<li><strong>Ins\u00f4nia ou sono n\u00e3o reparador<\/strong>, com dificuldade para adormecer ou despertar frequente;<\/li>\n\n\n\n<li><strong>Cansa\u00e7o persistente<\/strong>, mesmo ap\u00f3s per\u00edodos de descanso;<\/li>\n\n\n\n<li><strong>Dificuldade de concentra\u00e7\u00e3o<\/strong>, lapsos de mem\u00f3ria e sensa\u00e7\u00e3o de mente em branco;<\/li>\n\n\n\n<li><strong>Irritabilidade<\/strong>, inquieta\u00e7\u00e3o e sensa\u00e7\u00e3o de estar sempre no limite;<\/li>\n\n\n\n<li><strong>Sintomas f\u00edsicos variados<\/strong>, como taquicardia, sudorese, boca seca, tremores e problemas gastrointestinais.<\/li>\n<\/ul>\n\n\n\n<h2 class=\"wp-block-heading\">Como um estudo cient\u00edfico revela a preval\u00eancia no Brasil?<\/h2>\n\n\n\n<p class=\"wp-block-paragraph\">Os transtornos de ansiedade est\u00e3o entre as principais causas de sofrimento mental no mundo, e dados epidemiol\u00f3gicos recentes refor\u00e7am a magnitude do problema, com destaque para o Brasil como um dos pa\u00edses mais afetados globalmente.<\/p>\n\n\n\n<p class=\"wp-block-paragraph\">Segundo o estudo <a href=\"https:\/\/pubmed.ncbi.nlm.nih.gov\/39732404\/\" target=\"_blank\" rel=\"noreferrer noopener\">Trends in the epidemiology of anxiety disorders from 1990 to 2021 a global regional and national analysis with a focus on the sociodemographic index<\/a> publicado na revista cient\u00edfica Journal of Affective Disorders e indexado no PubMed, o Brasil apresentou uma das mais altas taxas padronizadas de preval\u00eancia de transtornos de ansiedade em 2021, com aumento de 53,2% entre 1990 e 2021, o maior crescimento entre os pa\u00edses analisados. O estudo utilizou dados do Global Burden of Disease e refor\u00e7a a necessidade de pol\u00edticas p\u00fablicas voltadas \u00e0 sa\u00fade mental.<\/p>\n\n\n<div class=\"wp-block-image\">\n<figure class=\"aligncenter size-large\"><img decoding=\"async\" width=\"1024\" height=\"571\" src=\"https:\/\/www.tuasaude.com\/news\/wp-content\/uploads\/2026\/08\/Man_sitting_on_bed_holding_202608272033-1024x571.jpg\" alt=\"Preocupa\u00e7\u00e3o persistente, tens\u00e3o e ins\u00f4nia podem indicar transtorno de ansiedade generalizada.\" class=\"wp-image-103944\" srcset=\"https:\/\/www.tuasaude.com\/news\/wp-content\/uploads\/2026\/08\/Man_sitting_on_bed_holding_202608272033-1024x571.jpg 1024w, https:\/\/www.tuasaude.com\/news\/wp-content\/uploads\/2026\/08\/Man_sitting_on_bed_holding_202608272033-300x167.jpg 300w, https:\/\/www.tuasaude.com\/news\/wp-content\/uploads\/2026\/08\/Man_sitting_on_bed_holding_202608272033-768x428.jpg 768w, https:\/\/www.tuasaude.com\/news\/wp-content\/uploads\/2026\/08\/Man_sitting_on_bed_holding_202608272033-750x418.jpg 750w, https:\/\/www.tuasaude.com\/news\/wp-content\/uploads\/2026\/08\/Man_sitting_on_bed_holding_202608272033-1140x636.jpg 1140w, https:\/\/www.tuasaude.com\/news\/wp-content\/uploads\/2026\/08\/Man_sitting_on_bed_holding_202608272033.jpg 1280w\" sizes=\"(max-width: 1024px) 100vw, 1024px\" \/><figcaption class=\"wp-element-caption\">Preocupa\u00e7\u00e3o persistente, tens\u00e3o e ins\u00f4nia podem indicar transtorno de ansiedade generalizada.<\/figcaption><\/figure>\n<\/div>\n\n\n<h2 class=\"wp-block-heading\">Quem tem maior risco de desenvolver o TAG?<\/h2>\n\n\n\n<p class=\"wp-block-paragraph\">Embora qualquer pessoa possa desenvolver o transtorno em algum momento da vida, alguns grupos apresentam maior vulnerabilidade em raz\u00e3o de fatores biol\u00f3gicos, psicol\u00f3gicos e sociais. Os principais grupos de risco incluem:<\/p>\n\n\n\n<ol class=\"wp-block-list\">\n<li><strong>Mulheres<\/strong>, que apresentam preval\u00eancia quase duas vezes maior que a dos homens, por fatores hormonais e sociais;<\/li>\n\n\n\n<li><strong>Pessoas com hist\u00f3rico familiar<\/strong> de transtornos de ansiedade ou depress\u00e3o, pela influ\u00eancia gen\u00e9tica na regula\u00e7\u00e3o emocional;<\/li>\n\n\n\n<li><strong>V\u00edtimas de trauma na inf\u00e2ncia<\/strong>, incluindo abuso, neglig\u00eancia, viol\u00eancia dom\u00e9stica ou perdas precoces;<\/li>\n\n\n\n<li><strong>Portadores de doen\u00e7as cr\u00f4nicas<\/strong>, como hipertireoidismo, doen\u00e7as card\u00edacas ou dor cr\u00f4nica;<\/li>\n\n\n\n<li><strong>Pessoas em situa\u00e7\u00e3o de estresse cont\u00ednuo<\/strong>, sobrecarga profissional ou instabilidade financeira;<\/li>\n\n\n\n<li><strong>Usu\u00e1rios de \u00e1lcool, cafe\u00edna em excesso ou determinadas subst\u00e2ncias<\/strong>, que podem desencadear ou agravar o quadro;<\/li>\n\n\n\n<li><strong>Indiv\u00edduos com tra\u00e7os de perfeccionismo<\/strong> ou tend\u00eancia a antecipar cen\u00e1rios negativos.<\/li>\n<\/ol>\n\n\n\n<p class=\"wp-block-paragraph\">O acompanhamento com psiquiatra e psic\u00f3logo \u00e9 essencial para o diagn\u00f3stico e tratamento adequado da <a href=\"https:\/\/www.tuasaude.com\/ansiedade-generalizada\/\" target=\"_blank\" rel=\"noreferrer noopener\">ansiedade generalizada<\/a>, que pode envolver psicoterapia, medicamentos, t\u00e9cnicas de relaxamento e mudan\u00e7as no estilo de vida.<\/p>\n\n\n\n<p class=\"wp-block-paragraph\"><em>Este conte\u00fado tem car\u00e1ter apenas informativo e n\u00e3o substitui a avalia\u00e7\u00e3o, o diagn\u00f3stico ou o tratamento realizado por um profissional de sa\u00fade qualificado. Diante de sintomas persistentes de ansiedade, procure orienta\u00e7\u00e3o de um psiquiatra ou psic\u00f3logo de confian\u00e7a.<\/em><\/p>\n","protected":false},"excerpt":{"rendered":"<p>O transtorno de ansiedade generalizada (TAG) \u00e9 uma condi\u00e7\u00e3o psiqui\u00e1trica caracterizada por preocupa\u00e7\u00e3o excessiva, persistente e dif\u00edcil de controlar sobre diversos aspectos da vida, acompanhada de sintomas f\u00edsicos como tens\u00e3o muscular, ins\u00f4nia e cansa\u00e7o constante. Diferente da ansiedade natural que qualquer pessoa sente diante de desafios, o TAG persiste por pelo menos seis meses, prejudica [&hellip;]<\/p>\n","protected":false},"author":16,"featured_media":103942,"comment_status":"open","ping_status":"open","sticky":false,"template":"","format":"standard","meta":{"_yoast_wpseo_focuskw":"transtorno de ansiedade generalizada","_yoast_wpseo_title":"","_yoast_wpseo_metadesc":"Transtorno de ansiedade generalizada causa preocupa\u00e7\u00e3o excessiva e persistente. Entenda os sintomas, a diferen\u00e7a para a ansiedade normal e os fatores de risco.","jnews-multi-image_gallery":[],"jnews_single_post":{"format":"standard"},"jnews_primary_category":[],"jnews_social_meta":[],"jnews_override_counter":[],"footnotes":""},"categories":[111],"tags":[12428,11822,12427,12416,136,5307],"class_list":["post-103941","post","type-post","status-publish","format-standard","has-post-thumbnail","hentry","category-saude","tag-desenvolver-o-quadro","tag-o-que-e-2","tag-quais-os-sintomas","tag-quem-tem-maior-risco","tag-saude","tag-transtorno-de-ansiedade-generalizada"],"yoast_head":"<!-- This site is optimized with the Yoast SEO plugin v26.7 - https:\/\/yoast.com\/wordpress\/plugins\/seo\/ -->\n<title>Transtorno de ansiedade generalizada: o que \u00e9, quais os sintomas e quem tem maior risco de desenvolver o quadro - Tua Sa\u00fade<\/title>\n<meta name=\"description\" content=\"Transtorno de ansiedade generalizada causa preocupa\u00e7\u00e3o excessiva e persistente. Entenda os sintomas, a diferen\u00e7a para a ansiedade normal e os fatores de risco.\" \/>\n<meta name=\"robots\" content=\"index, follow, max-snippet:-1, max-image-preview:large, max-video-preview:-1\" \/>\n<link rel=\"canonical\" href=\"https:\/\/www.tuasaude.com\/news\/2026\/08\/31\/transtorno-de-ansiedade-generalizada-o-que-e-quais-os-sintomas-e-quem-tem-maior-risco-de-desenvolver-o-quadro\/\" \/>\n<meta property=\"og:locale\" content=\"pt_BR\" \/>\n<meta property=\"og:type\" content=\"article\" \/>\n<meta property=\"og:title\" content=\"Transtorno de ansiedade generalizada: o que \u00e9, quais os sintomas e quem tem maior risco de desenvolver o quadro - Tua Sa\u00fade\" \/>\n<meta property=\"og:description\" content=\"Transtorno de ansiedade generalizada causa preocupa\u00e7\u00e3o excessiva e persistente. Entenda os sintomas, a diferen\u00e7a para a ansiedade normal e os fatores de risco.\" \/>\n<meta property=\"og:url\" content=\"https:\/\/www.tuasaude.com\/news\/2026\/08\/31\/transtorno-de-ansiedade-generalizada-o-que-e-quais-os-sintomas-e-quem-tem-maior-risco-de-desenvolver-o-quadro\/\" \/>\n<meta property=\"og:site_name\" content=\"Tua Sa\u00fade\" \/>\n<meta property=\"article:published_time\" content=\"2026-08-31T15:35:00+00:00\" \/>\n<meta property=\"og:image\" content=\"https:\/\/www.tuasaude.com\/news\/wp-content\/uploads\/2026\/08\/Woman_sitting_at_kitchen_table_202608272033.jpg\" \/>\n\t<meta property=\"og:image:width\" content=\"1280\" \/>\n\t<meta property=\"og:image:height\" content=\"714\" \/>\n\t<meta property=\"og:image:type\" content=\"image\/jpeg\" \/>\n<meta name=\"author\" content=\"Maycon Geovane\" \/>\n<meta name=\"twitter:card\" content=\"summary_large_image\" \/>\n<meta name=\"twitter:label1\" content=\"Escrito por\" \/>\n\t<meta name=\"twitter:data1\" content=\"Maycon Geovane\" \/>\n\t<meta name=\"twitter:label2\" content=\"Est. tempo de leitura\" \/>\n\t<meta name=\"twitter:data2\" content=\"5 minutos\" \/>\n<!-- \/ Yoast SEO plugin. -->","yoast_head_json":{"title":"Transtorno de ansiedade generalizada: o que \u00e9, quais os sintomas e quem tem maior risco de desenvolver o quadro - Tua Sa\u00fade","description":"Transtorno de ansiedade generalizada causa preocupa\u00e7\u00e3o excessiva e persistente. Entenda os sintomas, a diferen\u00e7a para a ansiedade normal e os fatores de risco.","robots":{"index":"index","follow":"follow","max-snippet":"max-snippet:-1","max-image-preview":"max-image-preview:large","max-video-preview":"max-video-preview:-1"},"canonical":"https:\/\/www.tuasaude.com\/news\/2026\/08\/31\/transtorno-de-ansiedade-generalizada-o-que-e-quais-os-sintomas-e-quem-tem-maior-risco-de-desenvolver-o-quadro\/","og_locale":"pt_BR","og_type":"article","og_title":"Transtorno de ansiedade generalizada: o que \u00e9, quais os sintomas e quem tem maior risco de desenvolver o quadro - Tua Sa\u00fade","og_description":"Transtorno de ansiedade generalizada causa preocupa\u00e7\u00e3o excessiva e persistente. Entenda os sintomas, a diferen\u00e7a para a ansiedade normal e os fatores de risco.","og_url":"https:\/\/www.tuasaude.com\/news\/2026\/08\/31\/transtorno-de-ansiedade-generalizada-o-que-e-quais-os-sintomas-e-quem-tem-maior-risco-de-desenvolver-o-quadro\/","og_site_name":"Tua Sa\u00fade","article_published_time":"2026-08-31T15:35:00+00:00","og_image":[{"width":1280,"height":714,"url":"https:\/\/www.tuasaude.com\/news\/wp-content\/uploads\/2026\/08\/Woman_sitting_at_kitchen_table_202608272033.jpg","type":"image\/jpeg"}],"author":"Maycon Geovane","twitter_card":"summary_large_image","twitter_misc":{"Escrito por":"Maycon Geovane","Est. tempo de leitura":"5 minutos"},"schema":{"@context":"https:\/\/schema.org","@graph":[{"@type":"Article","@id":"https:\/\/www.tuasaude.com\/news\/2026\/08\/31\/transtorno-de-ansiedade-generalizada-o-que-e-quais-os-sintomas-e-quem-tem-maior-risco-de-desenvolver-o-quadro\/#article","isPartOf":{"@id":"https:\/\/www.tuasaude.com\/news\/2026\/08\/31\/transtorno-de-ansiedade-generalizada-o-que-e-quais-os-sintomas-e-quem-tem-maior-risco-de-desenvolver-o-quadro\/"},"author":{"name":"Maycon Geovane","@id":"https:\/\/www.tuasaude.com\/news\/#\/schema\/person\/da63bccfbda5c95cfbf2d37c4276fca0"},"headline":"Transtorno de ansiedade generalizada: o que \u00e9, quais os sintomas e quem tem maior risco de desenvolver o quadro","datePublished":"2026-08-31T15:35:00+00:00","mainEntityOfPage":{"@id":"https:\/\/www.tuasaude.com\/news\/2026\/08\/31\/transtorno-de-ansiedade-generalizada-o-que-e-quais-os-sintomas-e-quem-tem-maior-risco-de-desenvolver-o-quadro\/"},"wordCount":879,"commentCount":0,"image":{"@id":"https:\/\/www.tuasaude.com\/news\/2026\/08\/31\/transtorno-de-ansiedade-generalizada-o-que-e-quais-os-sintomas-e-quem-tem-maior-risco-de-desenvolver-o-quadro\/#primaryimage"},"thumbnailUrl":"https:\/\/www.tuasaude.com\/news\/wp-content\/uploads\/2026\/08\/Woman_sitting_at_kitchen_table_202608272033.jpg","keywords":["desenvolver o quadro","o que \u00e9","quais os sintomas","quem tem maior risco","sa\u00fade","transtorno de ansiedade generalizada"],"articleSection":["Sa\u00fade"],"inLanguage":"pt-BR","potentialAction":[{"@type":"CommentAction","name":"Comment","target":["https:\/\/www.tuasaude.com\/news\/2026\/08\/31\/transtorno-de-ansiedade-generalizada-o-que-e-quais-os-sintomas-e-quem-tem-maior-risco-de-desenvolver-o-quadro\/#respond"]}]},{"@type":"WebPage","@id":"https:\/\/www.tuasaude.com\/news\/2026\/08\/31\/transtorno-de-ansiedade-generalizada-o-que-e-quais-os-sintomas-e-quem-tem-maior-risco-de-desenvolver-o-quadro\/","url":"https:\/\/www.tuasaude.com\/news\/2026\/08\/31\/transtorno-de-ansiedade-generalizada-o-que-e-quais-os-sintomas-e-quem-tem-maior-risco-de-desenvolver-o-quadro\/","name":"Transtorno de ansiedade generalizada: o que \u00e9, quais os sintomas e quem tem maior risco de desenvolver o quadro - Tua Sa\u00fade","isPartOf":{"@id":"https:\/\/www.tuasaude.com\/news\/#website"},"primaryImageOfPage":{"@id":"https:\/\/www.tuasaude.com\/news\/2026\/08\/31\/transtorno-de-ansiedade-generalizada-o-que-e-quais-os-sintomas-e-quem-tem-maior-risco-de-desenvolver-o-quadro\/#primaryimage"},"image":{"@id":"https:\/\/www.tuasaude.com\/news\/2026\/08\/31\/transtorno-de-ansiedade-generalizada-o-que-e-quais-os-sintomas-e-quem-tem-maior-risco-de-desenvolver-o-quadro\/#primaryimage"},"thumbnailUrl":"https:\/\/www.tuasaude.com\/news\/wp-content\/uploads\/2026\/08\/Woman_sitting_at_kitchen_table_202608272033.jpg","datePublished":"2026-08-31T15:35:00+00:00","author":{"@id":"https:\/\/www.tuasaude.com\/news\/#\/schema\/person\/da63bccfbda5c95cfbf2d37c4276fca0"},"description":"Transtorno de ansiedade generalizada causa preocupa\u00e7\u00e3o excessiva e persistente. Entenda os sintomas, a diferen\u00e7a para a ansiedade normal e os fatores de risco.","breadcrumb":{"@id":"https:\/\/www.tuasaude.com\/news\/2026\/08\/31\/transtorno-de-ansiedade-generalizada-o-que-e-quais-os-sintomas-e-quem-tem-maior-risco-de-desenvolver-o-quadro\/#breadcrumb"},"inLanguage":"pt-BR","potentialAction":[{"@type":"ReadAction","target":["https:\/\/www.tuasaude.com\/news\/2026\/08\/31\/transtorno-de-ansiedade-generalizada-o-que-e-quais-os-sintomas-e-quem-tem-maior-risco-de-desenvolver-o-quadro\/"]}]},{"@type":"ImageObject","inLanguage":"pt-BR","@id":"https:\/\/www.tuasaude.com\/news\/2026\/08\/31\/transtorno-de-ansiedade-generalizada-o-que-e-quais-os-sintomas-e-quem-tem-maior-risco-de-desenvolver-o-quadro\/#primaryimage","url":"https:\/\/www.tuasaude.com\/news\/wp-content\/uploads\/2026\/08\/Woman_sitting_at_kitchen_table_202608272033.jpg","contentUrl":"https:\/\/www.tuasaude.com\/news\/wp-content\/uploads\/2026\/08\/Woman_sitting_at_kitchen_table_202608272033.jpg","width":1280,"height":714,"caption":"Transtorno de ansiedade generalizada: o que \u00e9, quais os sintomas e quem tem maior risco de desenvolver o quadro"},{"@type":"BreadcrumbList","@id":"https:\/\/www.tuasaude.com\/news\/2026\/08\/31\/transtorno-de-ansiedade-generalizada-o-que-e-quais-os-sintomas-e-quem-tem-maior-risco-de-desenvolver-o-quadro\/#breadcrumb","itemListElement":[{"@type":"ListItem","position":1,"name":"In\u00edcio","item":"https:\/\/www.tuasaude.com\/news\/"},{"@type":"ListItem","position":2,"name":"Transtorno de ansiedade generalizada: o que \u00e9, quais os sintomas e quem tem maior risco de desenvolver o quadro"}]},{"@type":"WebSite","@id":"https:\/\/www.tuasaude.com\/news\/#website","url":"https:\/\/www.tuasaude.com\/news\/","name":"Tua Sa\u00fade","description":"Seu site de sa\u00fade","potentialAction":[{"@type":"SearchAction","target":{"@type":"EntryPoint","urlTemplate":"https:\/\/www.tuasaude.com\/news\/?s={search_term_string}"},"query-input":{"@type":"PropertyValueSpecification","valueRequired":true,"valueName":"search_term_string"}}],"inLanguage":"pt-BR"},{"@type":"Person","@id":"https:\/\/www.tuasaude.com\/news\/#\/schema\/person\/da63bccfbda5c95cfbf2d37c4276fca0","name":"Maycon Geovane","image":{"@type":"ImageObject","inLanguage":"pt-BR","@id":"https:\/\/www.tuasaude.com\/news\/#\/schema\/person\/image\/","url":"https:\/\/secure.gravatar.com\/avatar\/4f4908cf0a2f249a9f1137f9d5769cacc373d9aee67910cc212a09a346873b7d?s=96&d=mm&r=g","contentUrl":"https:\/\/secure.gravatar.com\/avatar\/4f4908cf0a2f249a9f1137f9d5769cacc373d9aee67910cc212a09a346873b7d?s=96&d=mm&r=g","caption":"Maycon Geovane"},"sameAs":["https:\/\/www.tuasaude.com\/news\/"],"url":"https:\/\/www.tuasaude.com\/news\/author\/maycongeovane\/"}]}},"_links":{"self":[{"href":"https:\/\/www.tuasaude.com\/news\/wp-json\/wp\/v2\/posts\/103941","targetHints":{"allow":["GET"]}}],"collection":[{"href":"https:\/\/www.tuasaude.com\/news\/wp-json\/wp\/v2\/posts"}],"about":[{"href":"https:\/\/www.tuasaude.com\/news\/wp-json\/wp\/v2\/types\/post"}],"author":[{"embeddable":true,"href":"https:\/\/www.tuasaude.com\/news\/wp-json\/wp\/v2\/users\/16"}],"replies":[{"embeddable":true,"href":"https:\/\/www.tuasaude.com\/news\/wp-json\/wp\/v2\/comments?post=103941"}],"version-history":[{"count":1,"href":"https:\/\/www.tuasaude.com\/news\/wp-json\/wp\/v2\/posts\/103941\/revisions"}],"predecessor-version":[{"id":103945,"href":"https:\/\/www.tuasaude.com\/news\/wp-json\/wp\/v2\/posts\/103941\/revisions\/103945"}],"wp:featuredmedia":[{"embeddable":true,"href":"https:\/\/www.tuasaude.com\/news\/wp-json\/wp\/v2\/media\/103942"}],"wp:attachment":[{"href":"https:\/\/www.tuasaude.com\/news\/wp-json\/wp\/v2\/media?parent=103941"}],"wp:term":[{"taxonomy":"category","embeddable":true,"href":"https:\/\/www.tuasaude.com\/news\/wp-json\/wp\/v2\/categories?post=103941"},{"taxonomy":"post_tag","embeddable":true,"href":"https:\/\/www.tuasaude.com\/news\/wp-json\/wp\/v2\/tags?post=103941"}],"curies":[{"name":"wp","href":"https:\/\/api.w.org\/{rel}","templated":true}]}}