{"id":103931,"date":"2026-08-31T12:10:00","date_gmt":"2026-08-31T15:10:00","guid":{"rendered":"https:\/\/www.tuasaude.com\/news\/?p=103931"},"modified":"2026-08-27T20:25:01","modified_gmt":"2026-08-27T23:25:01","slug":"o-que-muda-quando-alguem-com-depressao-e-deficiencia-de-vitamina-d-comeca-a-corrigir-esse-deficit","status":"publish","type":"post","link":"https:\/\/www.tuasaude.com\/news\/2026\/08\/31\/o-que-muda-quando-alguem-com-depressao-e-deficiencia-de-vitamina-d-comeca-a-corrigir-esse-deficit\/","title":{"rendered":"O que muda quando algu\u00e9m com depress\u00e3o e defici\u00eancia de vitamina D come\u00e7a a corrigir esse d\u00e9ficit"},"content":{"rendered":"\n<p class=\"wp-block-paragraph\">Quando uma pessoa convive com sintomas depressivos e exames revelam n\u00edveis baixos de vitamina D, a reposi\u00e7\u00e3o orientada por um m\u00e9dico pode trazer benef\u00edcios modestos, mas relevantes. Ensaios cl\u00ednicos mostram melhora discreta em escalas de humor ap\u00f3s algumas semanas de suplementa\u00e7\u00e3o, especialmente quando o tratamento convencional da depress\u00e3o \u00e9 mantido. Os resultados variam bastante de pessoa para pessoa e a reposi\u00e7\u00e3o n\u00e3o substitui antidepressivos, psicoterapia ou acompanhamento psiqui\u00e1trico, mas pode ser um recurso complementar valioso quando h\u00e1 defici\u00eancia comprovada.<\/p>\n\n\n\n<h2 class=\"wp-block-heading\">Por que a vitamina D influencia o humor?<\/h2>\n\n\n\n<p class=\"wp-block-paragraph\">A vitamina D atua como um horm\u00f4nio no organismo e possui receptores em \u00e1reas do c\u00e9rebro ligadas \u00e0 regula\u00e7\u00e3o emocional, como o hipot\u00e1lamo e o c\u00f3rtex pr\u00e9-frontal. Ela participa da s\u00edntese de serotonina, neurotransmissor associado ao bem-estar e \u00e0 estabilidade do humor.<\/p>\n\n\n\n<p class=\"wp-block-paragraph\">N\u00edveis baixos desse nutriente comprometem essa sinaliza\u00e7\u00e3o e est\u00e3o associados a maior risco de sintomas depressivos, cansa\u00e7o e irritabilidade. Conhecer <a href=\"https:\/\/www.tuasaude.com\/para-que-serve-a-vitamina-d\/\" target=\"_blank\" rel=\"noreferrer noopener\">para que serve a vitamina D<\/a> ajuda a entender por que sua defici\u00eancia costuma repercutir tanto na sa\u00fade f\u00edsica quanto na mental.<\/p>\n\n\n\n<h2 class=\"wp-block-heading\">O que ensaios cl\u00ednicos observam ap\u00f3s a reposi\u00e7\u00e3o?<\/h2>\n\n\n\n<p class=\"wp-block-paragraph\">Estudos com pacientes deprimidos e deficientes em vitamina D mostram que a suplementa\u00e7\u00e3o, ap\u00f3s algumas semanas, produz melhora estatisticamente significativa nas escalas de humor, embora o efeito seja considerado modesto pela literatura cient\u00edfica.<\/p>\n\n\n\n<p class=\"wp-block-paragraph\">A resposta individual varia conforme idade, grau de defici\u00eancia, causa da depress\u00e3o e ades\u00e3o ao tratamento. Por isso, a suplementa\u00e7\u00e3o deve sempre ser prescrita por um m\u00e9dico e nunca substitui antidepressivos ou psicoterapia quando esses tratamentos foram indicados.<\/p>\n\n\n<div class=\"wp-block-image\">\n<figure class=\"aligncenter size-large\"><img decoding=\"async\" width=\"1024\" height=\"571\" src=\"https:\/\/www.tuasaude.com\/news\/wp-content\/uploads\/2026\/08\/Vitamin_D_deficiency_depression_\u2026_202608272024-1024x571.jpg\" alt=\"Defici\u00eancia corrigida pode apoiar humor, energia e sono, sempre junto ao tratamento principal.\" class=\"wp-image-103933\" srcset=\"https:\/\/www.tuasaude.com\/news\/wp-content\/uploads\/2026\/08\/Vitamin_D_deficiency_depression_\u2026_202608272024-1024x571.jpg 1024w, https:\/\/www.tuasaude.com\/news\/wp-content\/uploads\/2026\/08\/Vitamin_D_deficiency_depression_\u2026_202608272024-300x167.jpg 300w, https:\/\/www.tuasaude.com\/news\/wp-content\/uploads\/2026\/08\/Vitamin_D_deficiency_depression_\u2026_202608272024-768x428.jpg 768w, https:\/\/www.tuasaude.com\/news\/wp-content\/uploads\/2026\/08\/Vitamin_D_deficiency_depression_\u2026_202608272024-750x418.jpg 750w, https:\/\/www.tuasaude.com\/news\/wp-content\/uploads\/2026\/08\/Vitamin_D_deficiency_depression_\u2026_202608272024-1140x636.jpg 1140w, https:\/\/www.tuasaude.com\/news\/wp-content\/uploads\/2026\/08\/Vitamin_D_deficiency_depression_\u2026_202608272024.jpg 1280w\" sizes=\"(max-width: 1024px) 100vw, 1024px\" \/><figcaption class=\"wp-element-caption\">Defici\u00eancia corrigida pode apoiar humor, energia e sono, sempre junto ao tratamento principal.<\/figcaption><\/figure>\n<\/div>\n\n\n<h2 class=\"wp-block-heading\">Quais mudan\u00e7as podem ser percebidas na pr\u00e1tica?<\/h2>\n\n\n\n<p class=\"wp-block-paragraph\">Pessoas que corrigem o d\u00e9ficit de vitamina D em conjunto com o tratamento convencional da depress\u00e3o costumam relatar melhoras graduais, geralmente ap\u00f3s seis a doze semanas de reposi\u00e7\u00e3o adequada. Entre as principais mudan\u00e7as observadas em estudos e na pr\u00e1tica cl\u00ednica est\u00e3o:<\/p>\n\n\n\n<ul class=\"wp-block-list\">\n<li><strong>Melhora modesta no humor<\/strong>, com redu\u00e7\u00e3o discreta nos escores de escalas de depress\u00e3o;<\/li>\n\n\n\n<li><strong>Diminui\u00e7\u00e3o do cansa\u00e7o persistente<\/strong> e da sensa\u00e7\u00e3o de fraqueza corporal;<\/li>\n\n\n\n<li><strong>Aumento da disposi\u00e7\u00e3o<\/strong> para atividades cotidianas e sociais;<\/li>\n\n\n\n<li><strong>Melhora na qualidade do sono<\/strong> e maior sensa\u00e7\u00e3o de descanso ao acordar;<\/li>\n\n\n\n<li><strong>Redu\u00e7\u00e3o da irritabilidade<\/strong> e da sensibilidade a pequenos estressores;<\/li>\n\n\n\n<li><strong>Fortalecimento da sa\u00fade \u00f3ssea e imunol\u00f3gica<\/strong>, com menos infec\u00e7\u00f5es recorrentes;<\/li>\n\n\n\n<li><strong>Maior ades\u00e3o ao tratamento principal<\/strong> da depress\u00e3o, pela sensa\u00e7\u00e3o geral de bem-estar.<\/li>\n<\/ul>\n\n\n\n<h2 class=\"wp-block-heading\">Como um estudo cient\u00edfico avalia a efic\u00e1cia da suplementa\u00e7\u00e3o?<\/h2>\n\n\n\n<p class=\"wp-block-paragraph\">O interesse pela rela\u00e7\u00e3o entre vitamina D e depress\u00e3o gerou dezenas de ensaios cl\u00ednicos, e revis\u00f5es sistem\u00e1ticas ajudam a organizar as evid\u00eancias dispon\u00edveis, sempre refor\u00e7ando a import\u00e2ncia de manter o tratamento convencional da depress\u00e3o em paralelo.<\/p>\n\n\n\n<p class=\"wp-block-paragraph\">Segundo a meta-an\u00e1lise <a href=\"https:\/\/pubmed.ncbi.nlm.nih.gov\/29943744\/\" target=\"_blank\" rel=\"noreferrer noopener\">Efficacy of vitamin D supplementation in major depression a meta analysis of randomized controlled trials<\/a> publicada no Journal of Postgraduate Medicine e indexada no PubMed, a suplementa\u00e7\u00e3o de vitamina D apresentou efeito moderado sobre os sintomas depressivos em pacientes com diagn\u00f3stico cl\u00ednico de depress\u00e3o maior. Os autores destacam que os resultados devem ser interpretados com cautela, devido ao n\u00famero limitado de estudos e a poss\u00edveis vieses metodol\u00f3gicos, o que refor\u00e7a a necessidade de mais pesquisas antes de generalizar a conduta.<\/p>\n\n\n<div class=\"wp-block-image\">\n<figure class=\"aligncenter size-large\"><img decoding=\"async\" width=\"1024\" height=\"571\" src=\"https:\/\/www.tuasaude.com\/news\/wp-content\/uploads\/2026\/08\/Woman_reviewing_vitamin_test_result_202608272023-1024x571.jpg\" alt=\"A reposi\u00e7\u00e3o adequada pode trazer mudan\u00e7as graduais, sem substituir o tratamento da depress\u00e3o.\" class=\"wp-image-103934\" srcset=\"https:\/\/www.tuasaude.com\/news\/wp-content\/uploads\/2026\/08\/Woman_reviewing_vitamin_test_result_202608272023-1024x571.jpg 1024w, https:\/\/www.tuasaude.com\/news\/wp-content\/uploads\/2026\/08\/Woman_reviewing_vitamin_test_result_202608272023-300x167.jpg 300w, https:\/\/www.tuasaude.com\/news\/wp-content\/uploads\/2026\/08\/Woman_reviewing_vitamin_test_result_202608272023-768x428.jpg 768w, https:\/\/www.tuasaude.com\/news\/wp-content\/uploads\/2026\/08\/Woman_reviewing_vitamin_test_result_202608272023-750x418.jpg 750w, https:\/\/www.tuasaude.com\/news\/wp-content\/uploads\/2026\/08\/Woman_reviewing_vitamin_test_result_202608272023-1140x636.jpg 1140w, https:\/\/www.tuasaude.com\/news\/wp-content\/uploads\/2026\/08\/Woman_reviewing_vitamin_test_result_202608272023.jpg 1280w\" sizes=\"(max-width: 1024px) 100vw, 1024px\" \/><figcaption class=\"wp-element-caption\">A reposi\u00e7\u00e3o adequada pode trazer mudan\u00e7as graduais, sem substituir o tratamento da depress\u00e3o.<\/figcaption><\/figure>\n<\/div>\n\n\n<h2 class=\"wp-block-heading\">Quais os cuidados durante a reposi\u00e7\u00e3o?<\/h2>\n\n\n\n<p class=\"wp-block-paragraph\">A reposi\u00e7\u00e3o de vitamina D deve ser feita apenas ap\u00f3s a dosagem sangu\u00ednea de 25-hidroxivitamina D e sob orienta\u00e7\u00e3o m\u00e9dica, j\u00e1 que doses excessivas podem causar hipercalcemia, n\u00e1useas, problemas renais e outros efeitos adversos. A automedica\u00e7\u00e3o \u00e9 desaconselhada mesmo diante de sintomas depressivos.<\/p>\n\n\n\n<p class=\"wp-block-paragraph\">\u00c9 fundamental manter o acompanhamento psiqui\u00e1trico e psicol\u00f3gico, dar continuidade aos antidepressivos prescritos e ajustar a dose de suplemento conforme exames peri\u00f3dicos. A <a href=\"https:\/\/www.tuasaude.com\/reposicao-de-vitamina-d\/\" target=\"_blank\" rel=\"noreferrer noopener\">reposi\u00e7\u00e3o de vitamina D<\/a> costuma envolver ainda exposi\u00e7\u00e3o solar adequada e ajustes na alimenta\u00e7\u00e3o, sempre em complemento ao tratamento da <a href=\"https:\/\/www.tuasaude.com\/depressao\/\" target=\"_blank\" rel=\"noreferrer noopener\">depress\u00e3o<\/a> conduzido pelo profissional de sa\u00fade mental.<\/p>\n\n\n\n<p class=\"wp-block-paragraph\"><em>Este conte\u00fado tem car\u00e1ter apenas informativo e n\u00e3o substitui a avalia\u00e7\u00e3o, o diagn\u00f3stico ou o tratamento realizado por um profissional de sa\u00fade qualificado. Diante de sintomas depressivos ou suspeita de defici\u00eancia de vitamina D, procure orienta\u00e7\u00e3o de um m\u00e9dico, psiquiatra ou psic\u00f3logo de confian\u00e7a.<\/em><\/p>\n","protected":false},"excerpt":{"rendered":"<p>Quando uma pessoa convive com sintomas depressivos e exames revelam n\u00edveis baixos de vitamina D, a reposi\u00e7\u00e3o orientada por um m\u00e9dico pode trazer benef\u00edcios modestos, mas relevantes. Ensaios cl\u00ednicos mostram melhora discreta em escalas de humor ap\u00f3s algumas semanas de suplementa\u00e7\u00e3o, especialmente quando o tratamento convencional da depress\u00e3o \u00e9 mantido. Os resultados variam bastante de [&hellip;]<\/p>\n","protected":false},"author":16,"featured_media":103932,"comment_status":"open","ping_status":"open","sticky":false,"template":"","format":"standard","meta":{"_yoast_wpseo_focuskw":"vitamina D e depress\u00e3o","_yoast_wpseo_title":"","_yoast_wpseo_metadesc":"Vitamina D e depress\u00e3o podem estar relacionadas quando existe defici\u00eancia. Entenda o que pode mudar ap\u00f3s a reposi\u00e7\u00e3o e por que o tratamento continua essencial.","jnews-multi-image_gallery":[],"jnews_single_post":{"format":"standard"},"jnews_primary_category":[],"jnews_social_meta":[],"jnews_override_counter":[],"footnotes":""},"categories":[111],"tags":[12424,1271,302,12116,12111,12423,136],"class_list":["post-103931","post","type-post","status-publish","format-standard","has-post-thumbnail","hentry","category-saude","tag-comeca-a-corrigir","tag-deficiencia-de-vitamina-d","tag-depressao","tag-muda","tag-o-que","tag-quando-alguem","tag-saude"],"yoast_head":"<!-- This site is optimized with the Yoast SEO plugin v26.7 - https:\/\/yoast.com\/wordpress\/plugins\/seo\/ -->\n<title>O que muda quando algu\u00e9m com depress\u00e3o e defici\u00eancia de vitamina D come\u00e7a a corrigir esse d\u00e9ficit - Tua Sa\u00fade<\/title>\n<meta name=\"description\" content=\"Vitamina D e depress\u00e3o podem estar relacionadas quando existe defici\u00eancia. Entenda o que pode mudar ap\u00f3s a reposi\u00e7\u00e3o e por que o tratamento continua essencial.\" \/>\n<meta name=\"robots\" content=\"index, follow, max-snippet:-1, max-image-preview:large, max-video-preview:-1\" \/>\n<link rel=\"canonical\" href=\"https:\/\/www.tuasaude.com\/news\/2026\/08\/31\/o-que-muda-quando-alguem-com-depressao-e-deficiencia-de-vitamina-d-comeca-a-corrigir-esse-deficit\/\" \/>\n<meta property=\"og:locale\" content=\"pt_BR\" \/>\n<meta property=\"og:type\" content=\"article\" \/>\n<meta property=\"og:title\" content=\"O que muda quando algu\u00e9m com depress\u00e3o e defici\u00eancia de vitamina D come\u00e7a a corrigir esse d\u00e9ficit - Tua Sa\u00fade\" \/>\n<meta property=\"og:description\" content=\"Vitamina D e depress\u00e3o podem estar relacionadas quando existe defici\u00eancia. Entenda o que pode mudar ap\u00f3s a reposi\u00e7\u00e3o e por que o tratamento continua essencial.\" \/>\n<meta property=\"og:url\" content=\"https:\/\/www.tuasaude.com\/news\/2026\/08\/31\/o-que-muda-quando-alguem-com-depressao-e-deficiencia-de-vitamina-d-comeca-a-corrigir-esse-deficit\/\" \/>\n<meta property=\"og:site_name\" content=\"Tua Sa\u00fade\" \/>\n<meta property=\"article:published_time\" content=\"2026-08-31T15:10:00+00:00\" \/>\n<meta property=\"og:image\" content=\"https:\/\/www.tuasaude.com\/news\/wp-content\/uploads\/2026\/08\/Man_drinking_coffee_with_supplem\u2026_202608272023.jpg\" \/>\n\t<meta property=\"og:image:width\" content=\"1280\" \/>\n\t<meta property=\"og:image:height\" content=\"714\" \/>\n\t<meta property=\"og:image:type\" content=\"image\/jpeg\" \/>\n<meta name=\"author\" content=\"Maycon Geovane\" \/>\n<meta name=\"twitter:card\" content=\"summary_large_image\" \/>\n<meta name=\"twitter:label1\" content=\"Escrito por\" \/>\n\t<meta name=\"twitter:data1\" content=\"Maycon Geovane\" \/>\n\t<meta name=\"twitter:label2\" content=\"Est. tempo de leitura\" \/>\n\t<meta name=\"twitter:data2\" content=\"5 minutos\" \/>\n<!-- \/ Yoast SEO plugin. -->","yoast_head_json":{"title":"O que muda quando algu\u00e9m com depress\u00e3o e defici\u00eancia de vitamina D come\u00e7a a corrigir esse d\u00e9ficit - Tua Sa\u00fade","description":"Vitamina D e depress\u00e3o podem estar relacionadas quando existe defici\u00eancia. Entenda o que pode mudar ap\u00f3s a reposi\u00e7\u00e3o e por que o tratamento continua essencial.","robots":{"index":"index","follow":"follow","max-snippet":"max-snippet:-1","max-image-preview":"max-image-preview:large","max-video-preview":"max-video-preview:-1"},"canonical":"https:\/\/www.tuasaude.com\/news\/2026\/08\/31\/o-que-muda-quando-alguem-com-depressao-e-deficiencia-de-vitamina-d-comeca-a-corrigir-esse-deficit\/","og_locale":"pt_BR","og_type":"article","og_title":"O que muda quando algu\u00e9m com depress\u00e3o e defici\u00eancia de vitamina D come\u00e7a a corrigir esse d\u00e9ficit - Tua Sa\u00fade","og_description":"Vitamina D e depress\u00e3o podem estar relacionadas quando existe defici\u00eancia. Entenda o que pode mudar ap\u00f3s a reposi\u00e7\u00e3o e por que o tratamento continua essencial.","og_url":"https:\/\/www.tuasaude.com\/news\/2026\/08\/31\/o-que-muda-quando-alguem-com-depressao-e-deficiencia-de-vitamina-d-comeca-a-corrigir-esse-deficit\/","og_site_name":"Tua Sa\u00fade","article_published_time":"2026-08-31T15:10:00+00:00","og_image":[{"width":1280,"height":714,"url":"https:\/\/www.tuasaude.com\/news\/wp-content\/uploads\/2026\/08\/Man_drinking_coffee_with_supplem\u2026_202608272023.jpg","type":"image\/jpeg"}],"author":"Maycon Geovane","twitter_card":"summary_large_image","twitter_misc":{"Escrito por":"Maycon Geovane","Est. tempo de leitura":"5 minutos"},"schema":{"@context":"https:\/\/schema.org","@graph":[{"@type":"Article","@id":"https:\/\/www.tuasaude.com\/news\/2026\/08\/31\/o-que-muda-quando-alguem-com-depressao-e-deficiencia-de-vitamina-d-comeca-a-corrigir-esse-deficit\/#article","isPartOf":{"@id":"https:\/\/www.tuasaude.com\/news\/2026\/08\/31\/o-que-muda-quando-alguem-com-depressao-e-deficiencia-de-vitamina-d-comeca-a-corrigir-esse-deficit\/"},"author":{"name":"Maycon Geovane","@id":"https:\/\/www.tuasaude.com\/news\/#\/schema\/person\/da63bccfbda5c95cfbf2d37c4276fca0"},"headline":"O que muda quando algu\u00e9m com depress\u00e3o e defici\u00eancia de vitamina D come\u00e7a a corrigir esse d\u00e9ficit","datePublished":"2026-08-31T15:10:00+00:00","mainEntityOfPage":{"@id":"https:\/\/www.tuasaude.com\/news\/2026\/08\/31\/o-que-muda-quando-alguem-com-depressao-e-deficiencia-de-vitamina-d-comeca-a-corrigir-esse-deficit\/"},"wordCount":800,"commentCount":0,"image":{"@id":"https:\/\/www.tuasaude.com\/news\/2026\/08\/31\/o-que-muda-quando-alguem-com-depressao-e-deficiencia-de-vitamina-d-comeca-a-corrigir-esse-deficit\/#primaryimage"},"thumbnailUrl":"https:\/\/www.tuasaude.com\/news\/wp-content\/uploads\/2026\/08\/Man_drinking_coffee_with_supplem\u2026_202608272023.jpg","keywords":["come\u00e7a a corrigir","defici\u00eancia de vitamina D","depress\u00e3o","muda","o que","quando algu\u00e9m","sa\u00fade"],"articleSection":["Sa\u00fade"],"inLanguage":"pt-BR","potentialAction":[{"@type":"CommentAction","name":"Comment","target":["https:\/\/www.tuasaude.com\/news\/2026\/08\/31\/o-que-muda-quando-alguem-com-depressao-e-deficiencia-de-vitamina-d-comeca-a-corrigir-esse-deficit\/#respond"]}]},{"@type":"WebPage","@id":"https:\/\/www.tuasaude.com\/news\/2026\/08\/31\/o-que-muda-quando-alguem-com-depressao-e-deficiencia-de-vitamina-d-comeca-a-corrigir-esse-deficit\/","url":"https:\/\/www.tuasaude.com\/news\/2026\/08\/31\/o-que-muda-quando-alguem-com-depressao-e-deficiencia-de-vitamina-d-comeca-a-corrigir-esse-deficit\/","name":"O que muda quando algu\u00e9m com depress\u00e3o e defici\u00eancia de vitamina D come\u00e7a a corrigir esse d\u00e9ficit - Tua Sa\u00fade","isPartOf":{"@id":"https:\/\/www.tuasaude.com\/news\/#website"},"primaryImageOfPage":{"@id":"https:\/\/www.tuasaude.com\/news\/2026\/08\/31\/o-que-muda-quando-alguem-com-depressao-e-deficiencia-de-vitamina-d-comeca-a-corrigir-esse-deficit\/#primaryimage"},"image":{"@id":"https:\/\/www.tuasaude.com\/news\/2026\/08\/31\/o-que-muda-quando-alguem-com-depressao-e-deficiencia-de-vitamina-d-comeca-a-corrigir-esse-deficit\/#primaryimage"},"thumbnailUrl":"https:\/\/www.tuasaude.com\/news\/wp-content\/uploads\/2026\/08\/Man_drinking_coffee_with_supplem\u2026_202608272023.jpg","datePublished":"2026-08-31T15:10:00+00:00","author":{"@id":"https:\/\/www.tuasaude.com\/news\/#\/schema\/person\/da63bccfbda5c95cfbf2d37c4276fca0"},"description":"Vitamina D e depress\u00e3o podem estar relacionadas quando existe defici\u00eancia. Entenda o que pode mudar ap\u00f3s a reposi\u00e7\u00e3o e por que o tratamento continua essencial.","breadcrumb":{"@id":"https:\/\/www.tuasaude.com\/news\/2026\/08\/31\/o-que-muda-quando-alguem-com-depressao-e-deficiencia-de-vitamina-d-comeca-a-corrigir-esse-deficit\/#breadcrumb"},"inLanguage":"pt-BR","potentialAction":[{"@type":"ReadAction","target":["https:\/\/www.tuasaude.com\/news\/2026\/08\/31\/o-que-muda-quando-alguem-com-depressao-e-deficiencia-de-vitamina-d-comeca-a-corrigir-esse-deficit\/"]}]},{"@type":"ImageObject","inLanguage":"pt-BR","@id":"https:\/\/www.tuasaude.com\/news\/2026\/08\/31\/o-que-muda-quando-alguem-com-depressao-e-deficiencia-de-vitamina-d-comeca-a-corrigir-esse-deficit\/#primaryimage","url":"https:\/\/www.tuasaude.com\/news\/wp-content\/uploads\/2026\/08\/Man_drinking_coffee_with_supplem\u2026_202608272023.jpg","contentUrl":"https:\/\/www.tuasaude.com\/news\/wp-content\/uploads\/2026\/08\/Man_drinking_coffee_with_supplem\u2026_202608272023.jpg","width":1280,"height":714,"caption":"O que muda quando algu\u00e9m com depress\u00e3o e defici\u00eancia de vitamina D come\u00e7a a corrigir esse d\u00e9ficit"},{"@type":"BreadcrumbList","@id":"https:\/\/www.tuasaude.com\/news\/2026\/08\/31\/o-que-muda-quando-alguem-com-depressao-e-deficiencia-de-vitamina-d-comeca-a-corrigir-esse-deficit\/#breadcrumb","itemListElement":[{"@type":"ListItem","position":1,"name":"In\u00edcio","item":"https:\/\/www.tuasaude.com\/news\/"},{"@type":"ListItem","position":2,"name":"O que muda quando algu\u00e9m com depress\u00e3o e defici\u00eancia de vitamina D come\u00e7a a corrigir esse d\u00e9ficit"}]},{"@type":"WebSite","@id":"https:\/\/www.tuasaude.com\/news\/#website","url":"https:\/\/www.tuasaude.com\/news\/","name":"Tua Sa\u00fade","description":"Seu site de sa\u00fade","potentialAction":[{"@type":"SearchAction","target":{"@type":"EntryPoint","urlTemplate":"https:\/\/www.tuasaude.com\/news\/?s={search_term_string}"},"query-input":{"@type":"PropertyValueSpecification","valueRequired":true,"valueName":"search_term_string"}}],"inLanguage":"pt-BR"},{"@type":"Person","@id":"https:\/\/www.tuasaude.com\/news\/#\/schema\/person\/da63bccfbda5c95cfbf2d37c4276fca0","name":"Maycon Geovane","image":{"@type":"ImageObject","inLanguage":"pt-BR","@id":"https:\/\/www.tuasaude.com\/news\/#\/schema\/person\/image\/","url":"https:\/\/secure.gravatar.com\/avatar\/4f4908cf0a2f249a9f1137f9d5769cacc373d9aee67910cc212a09a346873b7d?s=96&d=mm&r=g","contentUrl":"https:\/\/secure.gravatar.com\/avatar\/4f4908cf0a2f249a9f1137f9d5769cacc373d9aee67910cc212a09a346873b7d?s=96&d=mm&r=g","caption":"Maycon Geovane"},"sameAs":["https:\/\/www.tuasaude.com\/news\/"],"url":"https:\/\/www.tuasaude.com\/news\/author\/maycongeovane\/"}]}},"_links":{"self":[{"href":"https:\/\/www.tuasaude.com\/news\/wp-json\/wp\/v2\/posts\/103931","targetHints":{"allow":["GET"]}}],"collection":[{"href":"https:\/\/www.tuasaude.com\/news\/wp-json\/wp\/v2\/posts"}],"about":[{"href":"https:\/\/www.tuasaude.com\/news\/wp-json\/wp\/v2\/types\/post"}],"author":[{"embeddable":true,"href":"https:\/\/www.tuasaude.com\/news\/wp-json\/wp\/v2\/users\/16"}],"replies":[{"embeddable":true,"href":"https:\/\/www.tuasaude.com\/news\/wp-json\/wp\/v2\/comments?post=103931"}],"version-history":[{"count":1,"href":"https:\/\/www.tuasaude.com\/news\/wp-json\/wp\/v2\/posts\/103931\/revisions"}],"predecessor-version":[{"id":103935,"href":"https:\/\/www.tuasaude.com\/news\/wp-json\/wp\/v2\/posts\/103931\/revisions\/103935"}],"wp:featuredmedia":[{"embeddable":true,"href":"https:\/\/www.tuasaude.com\/news\/wp-json\/wp\/v2\/media\/103932"}],"wp:attachment":[{"href":"https:\/\/www.tuasaude.com\/news\/wp-json\/wp\/v2\/media?parent=103931"}],"wp:term":[{"taxonomy":"category","embeddable":true,"href":"https:\/\/www.tuasaude.com\/news\/wp-json\/wp\/v2\/categories?post=103931"},{"taxonomy":"post_tag","embeddable":true,"href":"https:\/\/www.tuasaude.com\/news\/wp-json\/wp\/v2\/tags?post=103931"}],"curies":[{"name":"wp","href":"https:\/\/api.w.org\/{rel}","templated":true}]}}