{"id":103921,"date":"2026-08-31T12:00:00","date_gmt":"2026-08-31T15:00:00","guid":{"rendered":"https:\/\/www.tuasaude.com\/news\/?p=103921"},"modified":"2026-08-27T20:20:51","modified_gmt":"2026-08-27T23:20:51","slug":"depressao-sazonal-existe-mesmo-no-brasil-como-o-transtorno-se-manifesta-em-paises-com-pouca-variacao-de-estacoes","status":"publish","type":"post","link":"https:\/\/www.tuasaude.com\/news\/2026\/08\/31\/depressao-sazonal-existe-mesmo-no-brasil-como-o-transtorno-se-manifesta-em-paises-com-pouca-variacao-de-estacoes\/","title":{"rendered":"Depress\u00e3o sazonal existe mesmo no Brasil? Como o transtorno se manifesta em pa\u00edses com pouca varia\u00e7\u00e3o de esta\u00e7\u00f5es"},"content":{"rendered":"\n<p class=\"wp-block-paragraph\">A depress\u00e3o sazonal, tamb\u00e9m chamada de transtorno afetivo sazonal (TAS), \u00e9 um subtipo de depress\u00e3o descrito originalmente em regi\u00f5es de latitudes elevadas, onde o inverno \u00e9 longo e a exposi\u00e7\u00e3o solar diminui drasticamente. No Brasil, pa\u00eds predominantemente tropical, ela pode parecer improv\u00e1vel \u00e0 primeira vista, mas se manifesta sim, geralmente de forma mais branda e concentrada em cidades do Sul ou em pessoas particularmente sens\u00edveis \u00e0s varia\u00e7\u00f5es de luz. Reconhecer os sinais e diferenci\u00e1-los de uma tristeza passageira \u00e9 essencial para buscar avalia\u00e7\u00e3o profissional adequada.<\/p>\n\n\n\n<h2 class=\"wp-block-heading\">O que \u00e9 o transtorno afetivo sazonal?<\/h2>\n\n\n\n<p class=\"wp-block-paragraph\">O transtorno afetivo sazonal \u00e9 definido pelo Manual Diagn\u00f3stico e Estat\u00edstico de Transtornos Mentais (DSM-5) como um padr\u00e3o sazonal do transtorno depressivo maior, no qual os epis\u00f3dios depressivos surgem e desaparecem em determinadas \u00e9pocas do ano de forma recorrente, por pelo menos dois anos consecutivos.<\/p>\n\n\n\n<p class=\"wp-block-paragraph\">A forma mais estudada ocorre no outono e inverno, quando a redu\u00e7\u00e3o da luz solar altera o ritmo circadiano e interfere na produ\u00e7\u00e3o de neurotransmissores como serotonina e melatonina. Vale destacar que a exposi\u00e7\u00e3o adequada ao sol tamb\u00e9m \u00e9 essencial para a manuten\u00e7\u00e3o dos n\u00edveis de <a href=\"https:\/\/www.tuasaude.com\/reposicao-de-vitamina-d\/\" target=\"_blank\" rel=\"noreferrer noopener\">vitamina D<\/a>, nutriente ligado \u00e0 regula\u00e7\u00e3o do humor.<\/p>\n\n\n\n<h2 class=\"wp-block-heading\">A depress\u00e3o sazonal existe mesmo no Brasil?<\/h2>\n\n\n\n<p class=\"wp-block-paragraph\">Embora o TAS tenha sido descrito originalmente em pa\u00edses de latitudes elevadas, ele tamb\u00e9m pode ocorrer em regi\u00f5es tropicais, ainda que com menor preval\u00eancia e intensidade. No Brasil, os casos tendem a se concentrar em estados do Sul, como Rio Grande do Sul, Santa Catarina e Paran\u00e1, onde o inverno \u00e9 mais rigoroso e os dias mais curtos.<\/p>\n\n\n\n<p class=\"wp-block-paragraph\">Pessoas com maior sensibilidade \u00e0s varia\u00e7\u00f5es de luz, hist\u00f3rico familiar de depress\u00e3o ou que trabalham em ambientes fechados tamb\u00e9m podem apresentar sintomas em outras regi\u00f5es do pa\u00eds, mesmo em cidades com pouca varia\u00e7\u00e3o clim\u00e1tica ao longo do ano.<\/p>\n\n\n<div class=\"wp-block-image\">\n<figure class=\"aligncenter size-large\"><img decoding=\"async\" width=\"1024\" height=\"571\" src=\"https:\/\/www.tuasaude.com\/news\/wp-content\/uploads\/2026\/08\/Depressao_sazonal_no_Brasil_202608272019-1024x571.jpg\" alt=\"Luz, sono, humor e apetite ajudam a reconhecer padr\u00f5es do transtorno afetivo sazonal.\" class=\"wp-image-103928\" srcset=\"https:\/\/www.tuasaude.com\/news\/wp-content\/uploads\/2026\/08\/Depressao_sazonal_no_Brasil_202608272019-1024x571.jpg 1024w, https:\/\/www.tuasaude.com\/news\/wp-content\/uploads\/2026\/08\/Depressao_sazonal_no_Brasil_202608272019-300x167.jpg 300w, https:\/\/www.tuasaude.com\/news\/wp-content\/uploads\/2026\/08\/Depressao_sazonal_no_Brasil_202608272019-768x428.jpg 768w, https:\/\/www.tuasaude.com\/news\/wp-content\/uploads\/2026\/08\/Depressao_sazonal_no_Brasil_202608272019-750x418.jpg 750w, https:\/\/www.tuasaude.com\/news\/wp-content\/uploads\/2026\/08\/Depressao_sazonal_no_Brasil_202608272019-1140x636.jpg 1140w, https:\/\/www.tuasaude.com\/news\/wp-content\/uploads\/2026\/08\/Depressao_sazonal_no_Brasil_202608272019.jpg 1280w\" sizes=\"(max-width: 1024px) 100vw, 1024px\" \/><figcaption class=\"wp-element-caption\">Luz, sono, humor e apetite ajudam a reconhecer padr\u00f5es do transtorno afetivo sazonal.<\/figcaption><\/figure>\n<\/div>\n\n\n<h2 class=\"wp-block-heading\">Quais os principais sintomas da depress\u00e3o sazonal?<\/h2>\n\n\n\n<p class=\"wp-block-paragraph\">Os sintomas costumam surgir gradualmente no in\u00edcio do outono, atingem o pico no inverno e diminuem com a chegada da primavera. Reconhec\u00ea-los cedo facilita o diagn\u00f3stico correto e o in\u00edcio do tratamento. Os principais sinais s\u00e3o:<\/p>\n\n\n\n<ul class=\"wp-block-list\">\n<li><strong>Tristeza persistente<\/strong>, des\u00e2nimo e perda de interesse por atividades antes prazerosas;<\/li>\n\n\n\n<li><strong>Sonol\u00eancia excessiva<\/strong> durante o dia e dificuldade para acordar pela manh\u00e3;<\/li>\n\n\n\n<li><strong>Aumento do apetite<\/strong>, especialmente por carboidratos e doces, com ganho de peso;<\/li>\n\n\n\n<li><strong>Cansa\u00e7o constante<\/strong>, sensa\u00e7\u00e3o de peso no corpo e queda na disposi\u00e7\u00e3o f\u00edsica;<\/li>\n\n\n\n<li><strong>Dificuldade de concentra\u00e7\u00e3o<\/strong>, lentid\u00e3o de racioc\u00ednio e queda de produtividade;<\/li>\n\n\n\n<li><strong>Isolamento social<\/strong>, irritabilidade e sensa\u00e7\u00e3o de inutilidade;<\/li>\n\n\n\n<li><strong>Altera\u00e7\u00f5es da libido<\/strong> e sentimentos de culpa recorrentes.<\/li>\n<\/ul>\n\n\n\n<h2 class=\"wp-block-heading\">Como um estudo cient\u00edfico comprova o transtorno em regi\u00f5es tropicais?<\/h2>\n\n\n\n<p class=\"wp-block-paragraph\">Apesar de ser mais comum em latitudes altas, o transtorno afetivo sazonal j\u00e1 foi documentado em regi\u00f5es pr\u00f3ximas ao Equador, refor\u00e7ando que a sensibilidade individual \u00e0 luz e a fatores clim\u00e1ticos pode desencadear o quadro mesmo em climas tropicais.<\/p>\n\n\n\n<p class=\"wp-block-paragraph\">Segundo o estudo <a href=\"https:\/\/pubmed.ncbi.nlm.nih.gov\/7792337\/\" target=\"_blank\" rel=\"noreferrer noopener\">Seasonal affective disorder in a tropical country a case report<\/a> publicado na revista cient\u00edfica Journal of Affective Disorders e indexado no PubMed, pesquisadores do Instituto de Psiquiatria do Hospital das Cl\u00ednicas da Faculdade de Medicina da Universidade de S\u00e3o Paulo descreveram um paciente residente em S\u00e3o Paulo que apresentou epis\u00f3dios recorrentes de depress\u00e3o com padr\u00e3o sazonal, com melhora significativa ap\u00f3s quatro semanas de fototerapia. O caso demonstra que a sazonalidade pode influenciar transtornos de humor mesmo em regi\u00f5es de baixa latitude.<\/p>\n\n\n<div class=\"wp-block-image\">\n<figure class=\"aligncenter size-large\"><img decoding=\"async\" width=\"1024\" height=\"571\" src=\"https:\/\/www.tuasaude.com\/news\/wp-content\/uploads\/2026\/08\/Woman_holding_mug_by_window_202608272019-1024x571.jpg\" alt=\"Dias mais curtos podem influenciar o humor de pessoas sens\u00edveis \u00e0s varia\u00e7\u00f5es de luz.\" class=\"wp-image-103929\" srcset=\"https:\/\/www.tuasaude.com\/news\/wp-content\/uploads\/2026\/08\/Woman_holding_mug_by_window_202608272019-1024x571.jpg 1024w, https:\/\/www.tuasaude.com\/news\/wp-content\/uploads\/2026\/08\/Woman_holding_mug_by_window_202608272019-300x167.jpg 300w, https:\/\/www.tuasaude.com\/news\/wp-content\/uploads\/2026\/08\/Woman_holding_mug_by_window_202608272019-768x428.jpg 768w, https:\/\/www.tuasaude.com\/news\/wp-content\/uploads\/2026\/08\/Woman_holding_mug_by_window_202608272019-750x418.jpg 750w, https:\/\/www.tuasaude.com\/news\/wp-content\/uploads\/2026\/08\/Woman_holding_mug_by_window_202608272019-1140x636.jpg 1140w, https:\/\/www.tuasaude.com\/news\/wp-content\/uploads\/2026\/08\/Woman_holding_mug_by_window_202608272019.jpg 1280w\" sizes=\"(max-width: 1024px) 100vw, 1024px\" \/><figcaption class=\"wp-element-caption\">Dias mais curtos podem influenciar o humor de pessoas sens\u00edveis \u00e0s varia\u00e7\u00f5es de luz.<\/figcaption><\/figure>\n<\/div>\n\n\n<h2 class=\"wp-block-heading\">Como diferenciar depress\u00e3o sazonal de tristeza comum?<\/h2>\n\n\n\n<p class=\"wp-block-paragraph\">A tristeza \u00e9 uma emo\u00e7\u00e3o natural e transit\u00f3ria, geralmente ligada a um evento identific\u00e1vel, enquanto a depress\u00e3o sazonal envolve sintomas mais intensos, persistentes e recorrentes ano ap\u00f3s ano, comprometendo o funcionamento social, profissional e afetivo da pessoa.<\/p>\n\n\n\n<p class=\"wp-block-paragraph\">Apenas um psiquiatra ou psic\u00f3logo pode confirmar o diagn\u00f3stico, avaliando dura\u00e7\u00e3o, frequ\u00eancia e impacto dos sintomas. O tratamento pode incluir fototerapia, psicoterapia, medicamentos antidepressivos e, em alguns casos, suplementa\u00e7\u00e3o orientada. Manter bons h\u00e1bitos de sono, alimenta\u00e7\u00e3o equilibrada e n\u00edveis adequados de <a href=\"https:\/\/www.tuasaude.com\/serotonina\/\" target=\"_blank\" rel=\"noreferrer noopener\">serotonina<\/a> tamb\u00e9m \u00e9 fundamental para o equil\u00edbrio emocional, assim como reconhecer precocemente os <a href=\"https:\/\/www.tuasaude.com\/transtorno-afetivo-sazonal\/\" target=\"_blank\" rel=\"noreferrer noopener\">sinais da depress\u00e3o sazonal<\/a>.<\/p>\n\n\n\n<p class=\"wp-block-paragraph\"><em>Este conte\u00fado tem car\u00e1ter apenas informativo e n\u00e3o substitui a avalia\u00e7\u00e3o, o diagn\u00f3stico ou o tratamento realizado por um profissional de sa\u00fade qualificado. Ao identificar sintomas persistentes de tristeza, des\u00e2nimo ou altera\u00e7\u00f5es significativas de humor, procure orienta\u00e7\u00e3o de um psiquiatra ou psic\u00f3logo de confian\u00e7a.<\/em><\/p>\n","protected":false},"excerpt":{"rendered":"<p>A depress\u00e3o sazonal, tamb\u00e9m chamada de transtorno afetivo sazonal (TAS), \u00e9 um subtipo de depress\u00e3o descrito originalmente em regi\u00f5es de latitudes elevadas, onde o inverno \u00e9 longo e a exposi\u00e7\u00e3o solar diminui drasticamente. No Brasil, pa\u00eds predominantemente tropical, ela pode parecer improv\u00e1vel \u00e0 primeira vista, mas se manifesta sim, geralmente de forma mais branda e [&hellip;]<\/p>\n","protected":false},"author":16,"featured_media":103927,"comment_status":"open","ping_status":"open","sticky":false,"template":"","format":"standard","meta":{"_yoast_wpseo_focuskw":"depress\u00e3o sazonal","_yoast_wpseo_title":"","_yoast_wpseo_metadesc":"Depress\u00e3o sazonal tamb\u00e9m pode ocorrer no Brasil, mesmo em regi\u00f5es tropicais. Entenda os sintomas, quem pode apresentar o quadro e como ele se manifesta.","jnews-multi-image_gallery":[],"jnews_single_post":{"format":"standard"},"jnews_primary_category":[],"jnews_social_meta":[],"jnews_override_counter":[],"footnotes":""},"categories":[111],"tags":[5100,12422,12420,136,5305,12421],"class_list":["post-103921","post","type-post","status-publish","format-standard","has-post-thumbnail","hentry","category-saude","tag-depressao-sazonal","tag-estacoes","tag-manifesta","tag-saude","tag-transtorno","tag-variacao"],"yoast_head":"<!-- This site is optimized with the Yoast SEO plugin v26.7 - https:\/\/yoast.com\/wordpress\/plugins\/seo\/ -->\n<title>Depress\u00e3o sazonal existe mesmo no Brasil? Como o transtorno se manifesta em pa\u00edses com pouca varia\u00e7\u00e3o de esta\u00e7\u00f5es - Tua Sa\u00fade<\/title>\n<meta name=\"description\" content=\"Depress\u00e3o sazonal tamb\u00e9m pode ocorrer no Brasil, mesmo em regi\u00f5es tropicais. Entenda os sintomas, quem pode apresentar o quadro e como ele se manifesta.\" \/>\n<meta name=\"robots\" content=\"index, follow, max-snippet:-1, max-image-preview:large, max-video-preview:-1\" \/>\n<link rel=\"canonical\" href=\"https:\/\/www.tuasaude.com\/news\/2026\/08\/31\/depressao-sazonal-existe-mesmo-no-brasil-como-o-transtorno-se-manifesta-em-paises-com-pouca-variacao-de-estacoes\/\" \/>\n<meta property=\"og:locale\" content=\"pt_BR\" \/>\n<meta property=\"og:type\" content=\"article\" \/>\n<meta property=\"og:title\" content=\"Depress\u00e3o sazonal existe mesmo no Brasil? Como o transtorno se manifesta em pa\u00edses com pouca varia\u00e7\u00e3o de esta\u00e7\u00f5es - Tua Sa\u00fade\" \/>\n<meta property=\"og:description\" content=\"Depress\u00e3o sazonal tamb\u00e9m pode ocorrer no Brasil, mesmo em regi\u00f5es tropicais. Entenda os sintomas, quem pode apresentar o quadro e como ele se manifesta.\" \/>\n<meta property=\"og:url\" content=\"https:\/\/www.tuasaude.com\/news\/2026\/08\/31\/depressao-sazonal-existe-mesmo-no-brasil-como-o-transtorno-se-manifesta-em-paises-com-pouca-variacao-de-estacoes\/\" \/>\n<meta property=\"og:site_name\" content=\"Tua Sa\u00fade\" \/>\n<meta property=\"article:published_time\" content=\"2026-08-31T15:00:00+00:00\" \/>\n<meta property=\"og:image\" content=\"https:\/\/www.tuasaude.com\/news\/wp-content\/uploads\/2026\/08\/Man_holding_curtain_near_window_202608272019.jpg\" \/>\n\t<meta property=\"og:image:width\" content=\"1280\" \/>\n\t<meta property=\"og:image:height\" content=\"714\" \/>\n\t<meta property=\"og:image:type\" content=\"image\/jpeg\" \/>\n<meta name=\"author\" content=\"Maycon Geovane\" \/>\n<meta name=\"twitter:card\" content=\"summary_large_image\" \/>\n<meta name=\"twitter:label1\" content=\"Escrito por\" \/>\n\t<meta name=\"twitter:data1\" content=\"Maycon Geovane\" \/>\n\t<meta name=\"twitter:label2\" content=\"Est. tempo de leitura\" \/>\n\t<meta name=\"twitter:data2\" content=\"5 minutos\" \/>\n<!-- \/ Yoast SEO plugin. -->","yoast_head_json":{"title":"Depress\u00e3o sazonal existe mesmo no Brasil? Como o transtorno se manifesta em pa\u00edses com pouca varia\u00e7\u00e3o de esta\u00e7\u00f5es - Tua Sa\u00fade","description":"Depress\u00e3o sazonal tamb\u00e9m pode ocorrer no Brasil, mesmo em regi\u00f5es tropicais. Entenda os sintomas, quem pode apresentar o quadro e como ele se manifesta.","robots":{"index":"index","follow":"follow","max-snippet":"max-snippet:-1","max-image-preview":"max-image-preview:large","max-video-preview":"max-video-preview:-1"},"canonical":"https:\/\/www.tuasaude.com\/news\/2026\/08\/31\/depressao-sazonal-existe-mesmo-no-brasil-como-o-transtorno-se-manifesta-em-paises-com-pouca-variacao-de-estacoes\/","og_locale":"pt_BR","og_type":"article","og_title":"Depress\u00e3o sazonal existe mesmo no Brasil? Como o transtorno se manifesta em pa\u00edses com pouca varia\u00e7\u00e3o de esta\u00e7\u00f5es - Tua Sa\u00fade","og_description":"Depress\u00e3o sazonal tamb\u00e9m pode ocorrer no Brasil, mesmo em regi\u00f5es tropicais. Entenda os sintomas, quem pode apresentar o quadro e como ele se manifesta.","og_url":"https:\/\/www.tuasaude.com\/news\/2026\/08\/31\/depressao-sazonal-existe-mesmo-no-brasil-como-o-transtorno-se-manifesta-em-paises-com-pouca-variacao-de-estacoes\/","og_site_name":"Tua Sa\u00fade","article_published_time":"2026-08-31T15:00:00+00:00","og_image":[{"width":1280,"height":714,"url":"https:\/\/www.tuasaude.com\/news\/wp-content\/uploads\/2026\/08\/Man_holding_curtain_near_window_202608272019.jpg","type":"image\/jpeg"}],"author":"Maycon Geovane","twitter_card":"summary_large_image","twitter_misc":{"Escrito por":"Maycon Geovane","Est. tempo de leitura":"5 minutos"},"schema":{"@context":"https:\/\/schema.org","@graph":[{"@type":"Article","@id":"https:\/\/www.tuasaude.com\/news\/2026\/08\/31\/depressao-sazonal-existe-mesmo-no-brasil-como-o-transtorno-se-manifesta-em-paises-com-pouca-variacao-de-estacoes\/#article","isPartOf":{"@id":"https:\/\/www.tuasaude.com\/news\/2026\/08\/31\/depressao-sazonal-existe-mesmo-no-brasil-como-o-transtorno-se-manifesta-em-paises-com-pouca-variacao-de-estacoes\/"},"author":{"name":"Maycon Geovane","@id":"https:\/\/www.tuasaude.com\/news\/#\/schema\/person\/da63bccfbda5c95cfbf2d37c4276fca0"},"headline":"Depress\u00e3o sazonal existe mesmo no Brasil? Como o transtorno se manifesta em pa\u00edses com pouca varia\u00e7\u00e3o de esta\u00e7\u00f5es","datePublished":"2026-08-31T15:00:00+00:00","mainEntityOfPage":{"@id":"https:\/\/www.tuasaude.com\/news\/2026\/08\/31\/depressao-sazonal-existe-mesmo-no-brasil-como-o-transtorno-se-manifesta-em-paises-com-pouca-variacao-de-estacoes\/"},"wordCount":822,"commentCount":0,"image":{"@id":"https:\/\/www.tuasaude.com\/news\/2026\/08\/31\/depressao-sazonal-existe-mesmo-no-brasil-como-o-transtorno-se-manifesta-em-paises-com-pouca-variacao-de-estacoes\/#primaryimage"},"thumbnailUrl":"https:\/\/www.tuasaude.com\/news\/wp-content\/uploads\/2026\/08\/Man_holding_curtain_near_window_202608272019.jpg","keywords":["depress\u00e3o sazonal","esta\u00e7\u00f5es","manifesta","sa\u00fade","transtorno","varia\u00e7\u00e3o"],"articleSection":["Sa\u00fade"],"inLanguage":"pt-BR","potentialAction":[{"@type":"CommentAction","name":"Comment","target":["https:\/\/www.tuasaude.com\/news\/2026\/08\/31\/depressao-sazonal-existe-mesmo-no-brasil-como-o-transtorno-se-manifesta-em-paises-com-pouca-variacao-de-estacoes\/#respond"]}]},{"@type":"WebPage","@id":"https:\/\/www.tuasaude.com\/news\/2026\/08\/31\/depressao-sazonal-existe-mesmo-no-brasil-como-o-transtorno-se-manifesta-em-paises-com-pouca-variacao-de-estacoes\/","url":"https:\/\/www.tuasaude.com\/news\/2026\/08\/31\/depressao-sazonal-existe-mesmo-no-brasil-como-o-transtorno-se-manifesta-em-paises-com-pouca-variacao-de-estacoes\/","name":"Depress\u00e3o sazonal existe mesmo no Brasil? Como o transtorno se manifesta em pa\u00edses com pouca varia\u00e7\u00e3o de esta\u00e7\u00f5es - Tua Sa\u00fade","isPartOf":{"@id":"https:\/\/www.tuasaude.com\/news\/#website"},"primaryImageOfPage":{"@id":"https:\/\/www.tuasaude.com\/news\/2026\/08\/31\/depressao-sazonal-existe-mesmo-no-brasil-como-o-transtorno-se-manifesta-em-paises-com-pouca-variacao-de-estacoes\/#primaryimage"},"image":{"@id":"https:\/\/www.tuasaude.com\/news\/2026\/08\/31\/depressao-sazonal-existe-mesmo-no-brasil-como-o-transtorno-se-manifesta-em-paises-com-pouca-variacao-de-estacoes\/#primaryimage"},"thumbnailUrl":"https:\/\/www.tuasaude.com\/news\/wp-content\/uploads\/2026\/08\/Man_holding_curtain_near_window_202608272019.jpg","datePublished":"2026-08-31T15:00:00+00:00","author":{"@id":"https:\/\/www.tuasaude.com\/news\/#\/schema\/person\/da63bccfbda5c95cfbf2d37c4276fca0"},"description":"Depress\u00e3o sazonal tamb\u00e9m pode ocorrer no Brasil, mesmo em regi\u00f5es tropicais. Entenda os sintomas, quem pode apresentar o quadro e como ele se manifesta.","breadcrumb":{"@id":"https:\/\/www.tuasaude.com\/news\/2026\/08\/31\/depressao-sazonal-existe-mesmo-no-brasil-como-o-transtorno-se-manifesta-em-paises-com-pouca-variacao-de-estacoes\/#breadcrumb"},"inLanguage":"pt-BR","potentialAction":[{"@type":"ReadAction","target":["https:\/\/www.tuasaude.com\/news\/2026\/08\/31\/depressao-sazonal-existe-mesmo-no-brasil-como-o-transtorno-se-manifesta-em-paises-com-pouca-variacao-de-estacoes\/"]}]},{"@type":"ImageObject","inLanguage":"pt-BR","@id":"https:\/\/www.tuasaude.com\/news\/2026\/08\/31\/depressao-sazonal-existe-mesmo-no-brasil-como-o-transtorno-se-manifesta-em-paises-com-pouca-variacao-de-estacoes\/#primaryimage","url":"https:\/\/www.tuasaude.com\/news\/wp-content\/uploads\/2026\/08\/Man_holding_curtain_near_window_202608272019.jpg","contentUrl":"https:\/\/www.tuasaude.com\/news\/wp-content\/uploads\/2026\/08\/Man_holding_curtain_near_window_202608272019.jpg","width":1280,"height":714,"caption":"Depress\u00e3o sazonal existe mesmo no Brasil? Como o transtorno se manifesta em pa\u00edses com pouca varia\u00e7\u00e3o de esta\u00e7\u00f5es"},{"@type":"BreadcrumbList","@id":"https:\/\/www.tuasaude.com\/news\/2026\/08\/31\/depressao-sazonal-existe-mesmo-no-brasil-como-o-transtorno-se-manifesta-em-paises-com-pouca-variacao-de-estacoes\/#breadcrumb","itemListElement":[{"@type":"ListItem","position":1,"name":"In\u00edcio","item":"https:\/\/www.tuasaude.com\/news\/"},{"@type":"ListItem","position":2,"name":"Depress\u00e3o sazonal existe mesmo no Brasil? Como o transtorno se manifesta em pa\u00edses com pouca varia\u00e7\u00e3o de esta\u00e7\u00f5es"}]},{"@type":"WebSite","@id":"https:\/\/www.tuasaude.com\/news\/#website","url":"https:\/\/www.tuasaude.com\/news\/","name":"Tua Sa\u00fade","description":"Seu site de sa\u00fade","potentialAction":[{"@type":"SearchAction","target":{"@type":"EntryPoint","urlTemplate":"https:\/\/www.tuasaude.com\/news\/?s={search_term_string}"},"query-input":{"@type":"PropertyValueSpecification","valueRequired":true,"valueName":"search_term_string"}}],"inLanguage":"pt-BR"},{"@type":"Person","@id":"https:\/\/www.tuasaude.com\/news\/#\/schema\/person\/da63bccfbda5c95cfbf2d37c4276fca0","name":"Maycon Geovane","image":{"@type":"ImageObject","inLanguage":"pt-BR","@id":"https:\/\/www.tuasaude.com\/news\/#\/schema\/person\/image\/","url":"https:\/\/secure.gravatar.com\/avatar\/4f4908cf0a2f249a9f1137f9d5769cacc373d9aee67910cc212a09a346873b7d?s=96&d=mm&r=g","contentUrl":"https:\/\/secure.gravatar.com\/avatar\/4f4908cf0a2f249a9f1137f9d5769cacc373d9aee67910cc212a09a346873b7d?s=96&d=mm&r=g","caption":"Maycon Geovane"},"sameAs":["https:\/\/www.tuasaude.com\/news\/"],"url":"https:\/\/www.tuasaude.com\/news\/author\/maycongeovane\/"}]}},"_links":{"self":[{"href":"https:\/\/www.tuasaude.com\/news\/wp-json\/wp\/v2\/posts\/103921","targetHints":{"allow":["GET"]}}],"collection":[{"href":"https:\/\/www.tuasaude.com\/news\/wp-json\/wp\/v2\/posts"}],"about":[{"href":"https:\/\/www.tuasaude.com\/news\/wp-json\/wp\/v2\/types\/post"}],"author":[{"embeddable":true,"href":"https:\/\/www.tuasaude.com\/news\/wp-json\/wp\/v2\/users\/16"}],"replies":[{"embeddable":true,"href":"https:\/\/www.tuasaude.com\/news\/wp-json\/wp\/v2\/comments?post=103921"}],"version-history":[{"count":1,"href":"https:\/\/www.tuasaude.com\/news\/wp-json\/wp\/v2\/posts\/103921\/revisions"}],"predecessor-version":[{"id":103930,"href":"https:\/\/www.tuasaude.com\/news\/wp-json\/wp\/v2\/posts\/103921\/revisions\/103930"}],"wp:featuredmedia":[{"embeddable":true,"href":"https:\/\/www.tuasaude.com\/news\/wp-json\/wp\/v2\/media\/103927"}],"wp:attachment":[{"href":"https:\/\/www.tuasaude.com\/news\/wp-json\/wp\/v2\/media?parent=103921"}],"wp:term":[{"taxonomy":"category","embeddable":true,"href":"https:\/\/www.tuasaude.com\/news\/wp-json\/wp\/v2\/categories?post=103921"},{"taxonomy":"post_tag","embeddable":true,"href":"https:\/\/www.tuasaude.com\/news\/wp-json\/wp\/v2\/tags?post=103921"}],"curies":[{"name":"wp","href":"https:\/\/api.w.org\/{rel}","templated":true}]}}